{"id":4172,"date":"2010-04-21T15:33:58","date_gmt":"2010-04-21T17:33:58","guid":{"rendered":"http:\/\/www.ecclesia.com.br\/news\/?p=4172"},"modified":"2016-03-16T14:02:23","modified_gmt":"2016-03-16T14:02:23","slug":"21-de-abril","status":"publish","type":"post","link":"https:\/\/news.ecclesia.org.br\/?p=4172","title":{"rendered":"21 de Abril: BRAS\u00cdLIA 50 ANOS"},"content":{"rendered":"<p class=\"MsoNormal\" style=\"text-align: center;\"><div id=\"galleria-4172\"><a href=\"https:\/\/news.ecclesia.org.br\/wp-content\/uploads\/2010\/04\/42-001.jpg\"><img decoding=\"async\" title=\"42-001\" alt=\"\" src=\"https:\/\/news.ecclesia.org.br\/wp-content\/uploads\/2010\/04\/42-001-96x55.jpg\" data-big=\"https:\/\/news.ecclesia.org.br\/wp-content\/uploads\/2010\/04\/42-001.jpg\"><\/a><a href=\"https:\/\/news.ecclesia.org.br\/wp-content\/uploads\/2010\/04\/42-002.jpg\"><img decoding=\"async\" title=\"42-002\" alt=\"\" src=\"https:\/\/news.ecclesia.org.br\/wp-content\/uploads\/2010\/04\/42-002-73x55.jpg\" data-big=\"https:\/\/news.ecclesia.org.br\/wp-content\/uploads\/2010\/04\/42-002.jpg\"><\/a><a href=\"https:\/\/news.ecclesia.org.br\/wp-content\/uploads\/2010\/04\/42-003.jpg\"><img decoding=\"async\" title=\"42-003\" alt=\"\" src=\"https:\/\/news.ecclesia.org.br\/wp-content\/uploads\/2010\/04\/42-003-75x55.jpg\" data-big=\"https:\/\/news.ecclesia.org.br\/wp-content\/uploads\/2010\/04\/42-003.jpg\"><\/a><a href=\"https:\/\/news.ecclesia.org.br\/wp-content\/uploads\/2010\/04\/42-004.jpg\"><img decoding=\"async\" title=\"42-004\" alt=\"\" src=\"https:\/\/news.ecclesia.org.br\/wp-content\/uploads\/2010\/04\/42-004-95x55.jpg\" data-big=\"https:\/\/news.ecclesia.org.br\/wp-content\/uploads\/2010\/04\/42-004.jpg\"><\/a><a href=\"https:\/\/news.ecclesia.org.br\/wp-content\/uploads\/2010\/04\/42-005.jpg\"><img decoding=\"async\" title=\"42-005\" alt=\"\" src=\"https:\/\/news.ecclesia.org.br\/wp-content\/uploads\/2010\/04\/42-005-114x55.jpg\" data-big=\"https:\/\/news.ecclesia.org.br\/wp-content\/uploads\/2010\/04\/42-005.jpg\"><\/a><a href=\"https:\/\/news.ecclesia.org.br\/wp-content\/uploads\/2010\/04\/42-006.jpg\"><img decoding=\"async\" title=\"42-006\" alt=\"\" src=\"https:\/\/news.ecclesia.org.br\/wp-content\/uploads\/2010\/04\/42-006-111x55.jpg\" data-big=\"https:\/\/news.ecclesia.org.br\/wp-content\/uploads\/2010\/04\/42-006.jpg\"><\/a><a href=\"https:\/\/news.ecclesia.org.br\/wp-content\/uploads\/2010\/04\/42-007.jpg\"><img decoding=\"async\" title=\"42-007\" alt=\"\" src=\"https:\/\/news.ecclesia.org.br\/wp-content\/uploads\/2010\/04\/42-007-79x55.jpg\" data-big=\"https:\/\/news.ecclesia.org.br\/wp-content\/uploads\/2010\/04\/42-007.jpg\"><\/a><a href=\"https:\/\/news.ecclesia.org.br\/wp-content\/uploads\/2010\/04\/42-008.jpg\"><img decoding=\"async\" title=\"42-008\" alt=\"\" src=\"https:\/\/news.ecclesia.org.br\/wp-content\/uploads\/2010\/04\/42-008-73x55.jpg\" data-big=\"https:\/\/news.ecclesia.org.br\/wp-content\/uploads\/2010\/04\/42-008.jpg\"><\/a><a href=\"https:\/\/news.ecclesia.org.br\/wp-content\/uploads\/2010\/04\/42-009.jpg\"><img decoding=\"async\" title=\"42-009\" alt=\"\" src=\"https:\/\/news.ecclesia.org.br\/wp-content\/uploads\/2010\/04\/42-009-83x55.jpg\" data-big=\"https:\/\/news.ecclesia.org.br\/wp-content\/uploads\/2010\/04\/42-009.jpg\"><\/a><a href=\"https:\/\/news.ecclesia.org.br\/wp-content\/uploads\/2010\/04\/42-010.jpg\"><img decoding=\"async\" title=\"42-010\" alt=\"\" src=\"https:\/\/news.ecclesia.org.br\/wp-content\/uploads\/2010\/04\/42-010-70x55.jpg\" data-big=\"https:\/\/news.ecclesia.org.br\/wp-content\/uploads\/2010\/04\/42-010.jpg\"><\/a><a href=\"https:\/\/news.ecclesia.org.br\/wp-content\/uploads\/2010\/04\/42-011.jpg\"><img decoding=\"async\" title=\"42-011\" alt=\"\" src=\"https:\/\/news.ecclesia.org.br\/wp-content\/uploads\/2010\/04\/42-011-73x55.jpg\" data-big=\"https:\/\/news.ecclesia.org.br\/wp-content\/uploads\/2010\/04\/42-011.jpg\"><\/a><a href=\"https:\/\/news.ecclesia.org.br\/wp-content\/uploads\/2010\/04\/42-012.jpg\"><img decoding=\"async\" title=\"42-012\" alt=\"\" src=\"https:\/\/news.ecclesia.org.br\/wp-content\/uploads\/2010\/04\/42-012-83x55.jpg\" data-big=\"https:\/\/news.ecclesia.org.br\/wp-content\/uploads\/2010\/04\/42-012.jpg\"><\/a><a href=\"https:\/\/news.ecclesia.org.br\/wp-content\/uploads\/2010\/04\/42-013.jpg\"><img decoding=\"async\" title=\"42-013\" alt=\"\" src=\"https:\/\/news.ecclesia.org.br\/wp-content\/uploads\/2010\/04\/42-013-83x55.jpg\" data-big=\"https:\/\/news.ecclesia.org.br\/wp-content\/uploads\/2010\/04\/42-013.jpg\"><\/a><a href=\"https:\/\/news.ecclesia.org.br\/wp-content\/uploads\/2010\/04\/42-014.jpg\"><img decoding=\"async\" title=\"&#8211; 00612.jpg\" alt=\"\" src=\"https:\/\/news.ecclesia.org.br\/wp-content\/uploads\/2010\/04\/42-014-69x55.jpg\" data-big=\"https:\/\/news.ecclesia.org.br\/wp-content\/uploads\/2010\/04\/42-014.jpg\"><\/a><a href=\"https:\/\/news.ecclesia.org.br\/wp-content\/uploads\/2010\/04\/42-015.jpg\"><img decoding=\"async\" title=\"42-015\" alt=\"\" src=\"https:\/\/news.ecclesia.org.br\/wp-content\/uploads\/2010\/04\/42-015-91x55.jpg\" data-big=\"https:\/\/news.ecclesia.org.br\/wp-content\/uploads\/2010\/04\/42-015.jpg\"><\/a><a href=\"https:\/\/news.ecclesia.org.br\/wp-content\/uploads\/2010\/04\/42-016.jpg\"><img decoding=\"async\" title=\"42-016\" alt=\"\" src=\"https:\/\/news.ecclesia.org.br\/wp-content\/uploads\/2010\/04\/42-016-89x55.jpg\" data-big=\"https:\/\/news.ecclesia.org.br\/wp-content\/uploads\/2010\/04\/42-016.jpg\"><\/a><a href=\"https:\/\/news.ecclesia.org.br\/wp-content\/uploads\/2010\/04\/42-017.jpg\"><img decoding=\"async\" title=\"42-017\" alt=\"\" src=\"https:\/\/news.ecclesia.org.br\/wp-content\/uploads\/2010\/04\/42-017-84x55.jpg\" data-big=\"https:\/\/news.ecclesia.org.br\/wp-content\/uploads\/2010\/04\/42-017.jpg\"><\/a><a href=\"https:\/\/news.ecclesia.org.br\/wp-content\/uploads\/2010\/04\/42-018.jpg\"><img decoding=\"async\" title=\"42-018\" alt=\"\" src=\"https:\/\/news.ecclesia.org.br\/wp-content\/uploads\/2010\/04\/42-018-69x55.jpg\" data-big=\"https:\/\/news.ecclesia.org.br\/wp-content\/uploads\/2010\/04\/42-018.jpg\"><\/a><a href=\"https:\/\/news.ecclesia.org.br\/wp-content\/uploads\/2010\/04\/42-019.jpg\"><img decoding=\"async\" title=\"42-019\" alt=\"\" src=\"https:\/\/news.ecclesia.org.br\/wp-content\/uploads\/2010\/04\/42-019-73x55.jpg\" data-big=\"https:\/\/news.ecclesia.org.br\/wp-content\/uploads\/2010\/04\/42-019.jpg\"><\/a><a href=\"https:\/\/news.ecclesia.org.br\/wp-content\/uploads\/2010\/04\/42-020.jpg\"><img decoding=\"async\" title=\"42-020\" alt=\"\" src=\"https:\/\/news.ecclesia.org.br\/wp-content\/uploads\/2010\/04\/42-020-55x55.jpg\" data-big=\"https:\/\/news.ecclesia.org.br\/wp-content\/uploads\/2010\/04\/42-020.jpg\"><\/a><\/div><\/p>\n<p class=\"MsoNormal\">Declara\u00e7\u00e3o do meu amor por Bras\u00edlia<\/p>\n<p>SALVE, SALVE\u00a0 BRAS\u00cdLIA!<\/p>\n<p style=\"text-align: justify;\">Bras\u00edlia foi concebida como um sonho, sonho de Dom Bosco planejado por Lucio Costa e Oscar Niemayer e concretizada por Juscelino Kubitschek. Para mim Bras\u00edlia tamb\u00e9m foi um sonho. O sonho de um curioso jovem em conquistar novos horizontes. Na bagagem: a for\u00e7a, a coragem, a f\u00e9 e o otimismo de dias melhores e no cora\u00e7\u00e3o a imensa saudade da terra natal\u00a0 &#8211; \u00a0a milenar Gr\u00e9cia.<\/p>\n<p style=\"text-align: justify;\">Minha amada Bras\u00edlia: tu \u00e9s para mim o princ\u00edpio de uma vida marcada por belas lembran\u00e7as, por brilhantes conquistas e por in\u00fameros desafios. Eu te vi nascer e se desenvolver como um pai v\u00ea seus lindos filhos: com os olhos do cora\u00e7\u00e3o!<\/p>\n<p style=\"text-align: justify;\">Obrigado por fazer parte da minha vida, da minha hist\u00f3ria&#8230;<\/p>\n<p style=\"text-align: justify;\">Gra\u00e7as a ti me tornei um verdadeiro cidad\u00e3o brasileiro sem, por\u00e9m, negar meu cora\u00e7\u00e3o hel\u00eanico.<\/p>\n<p style=\"text-align: justify;\">Eu te amo minha Bras\u00edlia!<\/p>\n<address style=\"text-align: right;\">ELIAS GRINTZOS<br \/>\nPresidente da S.B.C.O.G.B.<\/address>\n<address style=\"text-align: left;\">Veja <a href=\"http:\/\/veja.abril.com.br\/especiais\/brasilia\/index.html\" target=\"_blank\">AQUI <\/a>a edi\u00e7\u00e3o especial de Veja \u00abBRAS\u00cdLIA 50 ANOS\u00bb<\/address>\n<address style=\"text-align: center;\">\u00a0<\/address>\n","protected":false},"excerpt":{"rendered":"<p>Declara\u00e7\u00e3o do meu amor por Bras\u00edlia SALVE, SALVE\u00a0 BRAS\u00cdLIA! Bras\u00edlia foi concebida como um sonho, sonho de Dom Bosco planejado por Lucio Costa e Oscar Niemayer e concretizada por Juscelino Kubitschek. Para mim Bras\u00edlia tamb\u00e9m foi um sonho. O sonho&#8230;<\/p>\n","protected":false},"author":1,"featured_media":15512,"comment_status":"open","ping_status":"open","sticky":false,"template":"","format":"standard","meta":{"_acf_changed":false,"footnotes":""},"categories":[1],"tags":[],"class_list":["post-4172","post","type-post","status-publish","format-standard","has-post-thumbnail","hentry","category-news","entry","rows-excerpt"],"acf":[],"yoast_head":"<!-- This site is optimized with the Yoast SEO plugin v27.5 - https:\/\/yoast.com\/product\/yoast-seo-wordpress\/ -->\n<title>21 de Abril: BRAS\u00cdLIA 50 ANOS | ECCLESIA NEWS<\/title>\n<meta name=\"robots\" content=\"index, follow, max-snippet:-1, max-image-preview:large, max-video-preview:-1\" \/>\n<link rel=\"canonical\" href=\"https:\/\/news.ecclesia.org.br\/?p=4172\" \/>\n<meta property=\"og:locale\" content=\"pt_BR\" \/>\n<meta property=\"og:type\" content=\"article\" \/>\n<meta property=\"og:title\" content=\"21 de Abril: BRAS\u00cdLIA 50 ANOS | ECCLESIA NEWS\" \/>\n<meta property=\"og:description\" content=\"Declara\u00e7\u00e3o do meu amor por Bras\u00edlia SALVE, SALVE\u00a0 BRAS\u00cdLIA! Bras\u00edlia foi concebida como um sonho, sonho de Dom Bosco planejado por Lucio Costa e Oscar Niemayer e concretizada por Juscelino Kubitschek. Para mim Bras\u00edlia tamb\u00e9m foi um sonho. O sonho&#8230;\" \/>\n<meta property=\"og:url\" content=\"https:\/\/news.ecclesia.org.br\/?p=4172\" \/>\n<meta property=\"og:site_name\" content=\"ECCLESIA NEWS\" \/>\n<meta property=\"article:publisher\" content=\"https:\/\/www.facebook.com\/Ecclesia2025\" \/>\n<meta property=\"article:published_time\" content=\"2010-04-21T17:33:58+00:00\" \/>\n<meta property=\"article:modified_time\" content=\"2016-03-16T14:02:23+00:00\" \/>\n<meta property=\"og:image\" content=\"https:\/\/news.ecclesia.org.br\/wp-content\/uploads\/2010\/04\/42-020.jpg\" \/>\n\t<meta property=\"og:image:width\" content=\"662\" \/>\n\t<meta property=\"og:image:height\" content=\"662\" \/>\n\t<meta property=\"og:image:type\" content=\"image\/jpeg\" \/>\n<meta name=\"author\" content=\"Pe. Andr\u00e9\" \/>\n<meta name=\"twitter:card\" content=\"summary_large_image\" \/>\n<meta name=\"twitter:creator\" content=\"@EcclesiaNews\" \/>\n<meta name=\"twitter:site\" content=\"@EcclesiaNews\" \/>\n<meta name=\"twitter:label1\" content=\"Escrito por\" \/>\n\t<meta name=\"twitter:data1\" content=\"Pe. Andr\u00e9\" \/>\n\t<meta name=\"twitter:label2\" content=\"Est. tempo de leitura\" \/>\n\t<meta name=\"twitter:data2\" content=\"1 minuto\" \/>\n<script type=\"application\/ld+json\" class=\"yoast-schema-graph\">{\"@context\":\"https:\\\/\\\/schema.org\",\"@graph\":[{\"@type\":\"Article\",\"@id\":\"https:\\\/\\\/news.ecclesia.org.br\\\/?p=4172#article\",\"isPartOf\":{\"@id\":\"https:\\\/\\\/news.ecclesia.org.br\\\/?p=4172\"},\"author\":{\"name\":\"Pe. Andr\u00e9\",\"@id\":\"https:\\\/\\\/news.ecclesia.org.br\\\/#\\\/schema\\\/person\\\/6f09597f025829745ba414a569f63758\"},\"headline\":\"21 de Abril: BRAS\u00cdLIA 50 ANOS\",\"datePublished\":\"2010-04-21T17:33:58+00:00\",\"dateModified\":\"2016-03-16T14:02:23+00:00\",\"mainEntityOfPage\":{\"@id\":\"https:\\\/\\\/news.ecclesia.org.br\\\/?p=4172\"},\"wordCount\":197,\"commentCount\":0,\"publisher\":{\"@id\":\"https:\\\/\\\/news.ecclesia.org.br\\\/#organization\"},\"image\":{\"@id\":\"https:\\\/\\\/news.ecclesia.org.br\\\/?p=4172#primaryimage\"},\"thumbnailUrl\":\"https:\\\/\\\/news.ecclesia.org.br\\\/wp-content\\\/uploads\\\/2010\\\/04\\\/42-020.jpg\",\"articleSection\":[\"NEWS\"],\"inLanguage\":\"pt-BR\",\"potentialAction\":[{\"@type\":\"CommentAction\",\"name\":\"Comment\",\"target\":[\"https:\\\/\\\/news.ecclesia.org.br\\\/?p=4172#respond\"]}]},{\"@type\":\"WebPage\",\"@id\":\"https:\\\/\\\/news.ecclesia.org.br\\\/?p=4172\",\"url\":\"https:\\\/\\\/news.ecclesia.org.br\\\/?p=4172\",\"name\":\"21 de Abril: BRAS\u00cdLIA 50 ANOS | ECCLESIA NEWS\",\"isPartOf\":{\"@id\":\"https:\\\/\\\/news.ecclesia.org.br\\\/#website\"},\"primaryImageOfPage\":{\"@id\":\"https:\\\/\\\/news.ecclesia.org.br\\\/?p=4172#primaryimage\"},\"image\":{\"@id\":\"https:\\\/\\\/news.ecclesia.org.br\\\/?p=4172#primaryimage\"},\"thumbnailUrl\":\"https:\\\/\\\/news.ecclesia.org.br\\\/wp-content\\\/uploads\\\/2010\\\/04\\\/42-020.jpg\",\"datePublished\":\"2010-04-21T17:33:58+00:00\",\"dateModified\":\"2016-03-16T14:02:23+00:00\",\"breadcrumb\":{\"@id\":\"https:\\\/\\\/news.ecclesia.org.br\\\/?p=4172#breadcrumb\"},\"inLanguage\":\"pt-BR\",\"potentialAction\":[{\"@type\":\"ReadAction\",\"target\":[\"https:\\\/\\\/news.ecclesia.org.br\\\/?p=4172\"]}]},{\"@type\":\"ImageObject\",\"inLanguage\":\"pt-BR\",\"@id\":\"https:\\\/\\\/news.ecclesia.org.br\\\/?p=4172#primaryimage\",\"url\":\"https:\\\/\\\/news.ecclesia.org.br\\\/wp-content\\\/uploads\\\/2010\\\/04\\\/42-020.jpg\",\"contentUrl\":\"https:\\\/\\\/news.ecclesia.org.br\\\/wp-content\\\/uploads\\\/2010\\\/04\\\/42-020.jpg\",\"width\":662,\"height\":662},{\"@type\":\"BreadcrumbList\",\"@id\":\"https:\\\/\\\/news.ecclesia.org.br\\\/?p=4172#breadcrumb\",\"itemListElement\":[{\"@type\":\"ListItem\",\"position\":1,\"name\":\"In\u00edcio\",\"item\":\"https:\\\/\\\/news.ecclesia.org.br\\\/\"},{\"@type\":\"ListItem\",\"position\":2,\"name\":\"21 de Abril: BRAS\u00cdLIA 50 ANOS\"}]},{\"@type\":\"WebSite\",\"@id\":\"https:\\\/\\\/news.ecclesia.org.br\\\/#website\",\"url\":\"https:\\\/\\\/news.ecclesia.org.br\\\/\",\"name\":\"Ecclesia Brasil\",\"description\":\"Desde 2003 onectando o Brasil ao mundo ortodoxo!\",\"publisher\":{\"@id\":\"https:\\\/\\\/news.ecclesia.org.br\\\/#organization\"},\"alternateName\":\"Ecclesia\",\"potentialAction\":[{\"@type\":\"SearchAction\",\"target\":{\"@type\":\"EntryPoint\",\"urlTemplate\":\"https:\\\/\\\/news.ecclesia.org.br\\\/?s={search_term_string}\"},\"query-input\":{\"@type\":\"PropertyValueSpecification\",\"valueRequired\":true,\"valueName\":\"search_term_string\"}}],\"inLanguage\":\"pt-BR\"},{\"@type\":\"Organization\",\"@id\":\"https:\\\/\\\/news.ecclesia.org.br\\\/#organization\",\"name\":\"Sacra Arquidiocese de Buenos Aires e Am\u00e9rica do Sul | Patriarcado Ecum\u00eanico\",\"alternateName\":\"News Ecclesia Brasil\",\"url\":\"https:\\\/\\\/news.ecclesia.org.br\\\/\",\"logo\":{\"@type\":\"ImageObject\",\"inLanguage\":\"pt-BR\",\"@id\":\"https:\\\/\\\/news.ecclesia.org.br\\\/#\\\/schema\\\/logo\\\/image\\\/\",\"url\":\"https:\\\/\\\/news.ecclesia.org.br\\\/wp-content\\\/uploads\\\/2025\\\/05\\\/ecclesia2.png\",\"contentUrl\":\"https:\\\/\\\/news.ecclesia.org.br\\\/wp-content\\\/uploads\\\/2025\\\/05\\\/ecclesia2.png\",\"width\":480,\"height\":120,\"caption\":\"Sacra Arquidiocese de Buenos Aires e Am\u00e9rica do Sul | Patriarcado Ecum\u00eanico\"},\"image\":{\"@id\":\"https:\\\/\\\/news.ecclesia.org.br\\\/#\\\/schema\\\/logo\\\/image\\\/\"},\"sameAs\":[\"https:\\\/\\\/www.facebook.com\\\/Ecclesia2025\",\"https:\\\/\\\/x.com\\\/EcclesiaNews\",\"https:\\\/\\\/br.pinterest.com\\\/ekklisia\\\/\",\"https:\\\/\\\/www.youtube.com\\\/@EcclesiaBrasil\"]},{\"@type\":\"Person\",\"@id\":\"https:\\\/\\\/news.ecclesia.org.br\\\/#\\\/schema\\\/person\\\/6f09597f025829745ba414a569f63758\",\"name\":\"Pe. Andr\u00e9\",\"image\":{\"@type\":\"ImageObject\",\"inLanguage\":\"pt-BR\",\"@id\":\"https:\\\/\\\/secure.gravatar.com\\\/avatar\\\/b4327cfa27e9799da239a26adcd534fc29cdc0c4a4a148eecbcfeb9b42c617ac?s=96&d=mm&r=g\",\"url\":\"https:\\\/\\\/secure.gravatar.com\\\/avatar\\\/b4327cfa27e9799da239a26adcd534fc29cdc0c4a4a148eecbcfeb9b42c617ac?s=96&d=mm&r=g\",\"contentUrl\":\"https:\\\/\\\/secure.gravatar.com\\\/avatar\\\/b4327cfa27e9799da239a26adcd534fc29cdc0c4a4a148eecbcfeb9b42c617ac?s=96&d=mm&r=g\",\"caption\":\"Pe. Andr\u00e9\"},\"sameAs\":[\"https:\\\/\\\/www.ecclesia.org.br\"]}]}<\/script>\n<!-- \/ Yoast SEO plugin. -->","yoast_head_json":{"title":"21 de Abril: BRAS\u00cdLIA 50 ANOS | ECCLESIA NEWS","robots":{"index":"index","follow":"follow","max-snippet":"max-snippet:-1","max-image-preview":"max-image-preview:large","max-video-preview":"max-video-preview:-1"},"canonical":"https:\/\/news.ecclesia.org.br\/?p=4172","og_locale":"pt_BR","og_type":"article","og_title":"21 de Abril: BRAS\u00cdLIA 50 ANOS | ECCLESIA NEWS","og_description":"Declara\u00e7\u00e3o do meu amor por Bras\u00edlia SALVE, SALVE\u00a0 BRAS\u00cdLIA! Bras\u00edlia foi concebida como um sonho, sonho de Dom Bosco planejado por Lucio Costa e Oscar Niemayer e concretizada por Juscelino Kubitschek. Para mim Bras\u00edlia tamb\u00e9m foi um sonho. O sonho&#8230;","og_url":"https:\/\/news.ecclesia.org.br\/?p=4172","og_site_name":"ECCLESIA NEWS","article_publisher":"https:\/\/www.facebook.com\/Ecclesia2025","article_published_time":"2010-04-21T17:33:58+00:00","article_modified_time":"2016-03-16T14:02:23+00:00","og_image":[{"width":662,"height":662,"url":"https:\/\/news.ecclesia.org.br\/wp-content\/uploads\/2010\/04\/42-020.jpg","type":"image\/jpeg"}],"author":"Pe. Andr\u00e9","twitter_card":"summary_large_image","twitter_creator":"@EcclesiaNews","twitter_site":"@EcclesiaNews","twitter_misc":{"Escrito por":"Pe. Andr\u00e9","Est. tempo de leitura":"1 minuto"},"schema":{"@context":"https:\/\/schema.org","@graph":[{"@type":"Article","@id":"https:\/\/news.ecclesia.org.br\/?p=4172#article","isPartOf":{"@id":"https:\/\/news.ecclesia.org.br\/?p=4172"},"author":{"name":"Pe. Andr\u00e9","@id":"https:\/\/news.ecclesia.org.br\/#\/schema\/person\/6f09597f025829745ba414a569f63758"},"headline":"21 de Abril: BRAS\u00cdLIA 50 ANOS","datePublished":"2010-04-21T17:33:58+00:00","dateModified":"2016-03-16T14:02:23+00:00","mainEntityOfPage":{"@id":"https:\/\/news.ecclesia.org.br\/?p=4172"},"wordCount":197,"commentCount":0,"publisher":{"@id":"https:\/\/news.ecclesia.org.br\/#organization"},"image":{"@id":"https:\/\/news.ecclesia.org.br\/?p=4172#primaryimage"},"thumbnailUrl":"https:\/\/news.ecclesia.org.br\/wp-content\/uploads\/2010\/04\/42-020.jpg","articleSection":["NEWS"],"inLanguage":"pt-BR","potentialAction":[{"@type":"CommentAction","name":"Comment","target":["https:\/\/news.ecclesia.org.br\/?p=4172#respond"]}]},{"@type":"WebPage","@id":"https:\/\/news.ecclesia.org.br\/?p=4172","url":"https:\/\/news.ecclesia.org.br\/?p=4172","name":"21 de Abril: BRAS\u00cdLIA 50 ANOS | ECCLESIA NEWS","isPartOf":{"@id":"https:\/\/news.ecclesia.org.br\/#website"},"primaryImageOfPage":{"@id":"https:\/\/news.ecclesia.org.br\/?p=4172#primaryimage"},"image":{"@id":"https:\/\/news.ecclesia.org.br\/?p=4172#primaryimage"},"thumbnailUrl":"https:\/\/news.ecclesia.org.br\/wp-content\/uploads\/2010\/04\/42-020.jpg","datePublished":"2010-04-21T17:33:58+00:00","dateModified":"2016-03-16T14:02:23+00:00","breadcrumb":{"@id":"https:\/\/news.ecclesia.org.br\/?p=4172#breadcrumb"},"inLanguage":"pt-BR","potentialAction":[{"@type":"ReadAction","target":["https:\/\/news.ecclesia.org.br\/?p=4172"]}]},{"@type":"ImageObject","inLanguage":"pt-BR","@id":"https:\/\/news.ecclesia.org.br\/?p=4172#primaryimage","url":"https:\/\/news.ecclesia.org.br\/wp-content\/uploads\/2010\/04\/42-020.jpg","contentUrl":"https:\/\/news.ecclesia.org.br\/wp-content\/uploads\/2010\/04\/42-020.jpg","width":662,"height":662},{"@type":"BreadcrumbList","@id":"https:\/\/news.ecclesia.org.br\/?p=4172#breadcrumb","itemListElement":[{"@type":"ListItem","position":1,"name":"In\u00edcio","item":"https:\/\/news.ecclesia.org.br\/"},{"@type":"ListItem","position":2,"name":"21 de Abril: BRAS\u00cdLIA 50 ANOS"}]},{"@type":"WebSite","@id":"https:\/\/news.ecclesia.org.br\/#website","url":"https:\/\/news.ecclesia.org.br\/","name":"Ecclesia Brasil","description":"Desde 2003 onectando o Brasil ao mundo ortodoxo!","publisher":{"@id":"https:\/\/news.ecclesia.org.br\/#organization"},"alternateName":"Ecclesia","potentialAction":[{"@type":"SearchAction","target":{"@type":"EntryPoint","urlTemplate":"https:\/\/news.ecclesia.org.br\/?s={search_term_string}"},"query-input":{"@type":"PropertyValueSpecification","valueRequired":true,"valueName":"search_term_string"}}],"inLanguage":"pt-BR"},{"@type":"Organization","@id":"https:\/\/news.ecclesia.org.br\/#organization","name":"Sacra Arquidiocese de Buenos Aires e Am\u00e9rica do Sul | Patriarcado Ecum\u00eanico","alternateName":"News Ecclesia Brasil","url":"https:\/\/news.ecclesia.org.br\/","logo":{"@type":"ImageObject","inLanguage":"pt-BR","@id":"https:\/\/news.ecclesia.org.br\/#\/schema\/logo\/image\/","url":"https:\/\/news.ecclesia.org.br\/wp-content\/uploads\/2025\/05\/ecclesia2.png","contentUrl":"https:\/\/news.ecclesia.org.br\/wp-content\/uploads\/2025\/05\/ecclesia2.png","width":480,"height":120,"caption":"Sacra Arquidiocese de Buenos Aires e Am\u00e9rica do Sul | Patriarcado Ecum\u00eanico"},"image":{"@id":"https:\/\/news.ecclesia.org.br\/#\/schema\/logo\/image\/"},"sameAs":["https:\/\/www.facebook.com\/Ecclesia2025","https:\/\/x.com\/EcclesiaNews","https:\/\/br.pinterest.com\/ekklisia\/","https:\/\/www.youtube.com\/@EcclesiaBrasil"]},{"@type":"Person","@id":"https:\/\/news.ecclesia.org.br\/#\/schema\/person\/6f09597f025829745ba414a569f63758","name":"Pe. Andr\u00e9","image":{"@type":"ImageObject","inLanguage":"pt-BR","@id":"https:\/\/secure.gravatar.com\/avatar\/b4327cfa27e9799da239a26adcd534fc29cdc0c4a4a148eecbcfeb9b42c617ac?s=96&d=mm&r=g","url":"https:\/\/secure.gravatar.com\/avatar\/b4327cfa27e9799da239a26adcd534fc29cdc0c4a4a148eecbcfeb9b42c617ac?s=96&d=mm&r=g","contentUrl":"https:\/\/secure.gravatar.com\/avatar\/b4327cfa27e9799da239a26adcd534fc29cdc0c4a4a148eecbcfeb9b42c617ac?s=96&d=mm&r=g","caption":"Pe. Andr\u00e9"},"sameAs":["https:\/\/www.ecclesia.org.br"]}]}},"_links":{"self":[{"href":"https:\/\/news.ecclesia.org.br\/index.php?rest_route=\/wp\/v2\/posts\/4172","targetHints":{"allow":["GET"]}}],"collection":[{"href":"https:\/\/news.ecclesia.org.br\/index.php?rest_route=\/wp\/v2\/posts"}],"about":[{"href":"https:\/\/news.ecclesia.org.br\/index.php?rest_route=\/wp\/v2\/types\/post"}],"author":[{"embeddable":true,"href":"https:\/\/news.ecclesia.org.br\/index.php?rest_route=\/wp\/v2\/users\/1"}],"replies":[{"embeddable":true,"href":"https:\/\/news.ecclesia.org.br\/index.php?rest_route=%2Fwp%2Fv2%2Fcomments&post=4172"}],"version-history":[{"count":0,"href":"https:\/\/news.ecclesia.org.br\/index.php?rest_route=\/wp\/v2\/posts\/4172\/revisions"}],"wp:featuredmedia":[{"embeddable":true,"href":"https:\/\/news.ecclesia.org.br\/index.php?rest_route=\/wp\/v2\/media\/15512"}],"wp:attachment":[{"href":"https:\/\/news.ecclesia.org.br\/index.php?rest_route=%2Fwp%2Fv2%2Fmedia&parent=4172"}],"wp:term":[{"taxonomy":"category","embeddable":true,"href":"https:\/\/news.ecclesia.org.br\/index.php?rest_route=%2Fwp%2Fv2%2Fcategories&post=4172"},{"taxonomy":"post_tag","embeddable":true,"href":"https:\/\/news.ecclesia.org.br\/index.php?rest_route=%2Fwp%2Fv2%2Ftags&post=4172"}],"curies":[{"name":"wp","href":"https:\/\/api.w.org\/{rel}","templated":true}]}}