{"id":4101,"date":"2010-04-05T23:57:32","date_gmt":"2010-04-06T01:57:32","guid":{"rendered":"http:\/\/www.ecclesia.com.br\/news\/?p=4101"},"modified":"2020-09-18T10:21:04","modified_gmt":"2020-09-18T13:21:04","slug":"mensagem-de-pascoa-dos-patriarcas-bispos-e-responsaveis-das-comunidades-cristas-de-jerusalem","status":"publish","type":"post","link":"https:\/\/news.ecclesia.org.br\/?p=4101","title":{"rendered":"Mensagem de P\u00e1scoa dos Patriarcas, Bispos e respons\u00e1veis das comunidades crist\u00e3s de Jerusal\u00e9m"},"content":{"rendered":"<p>Aleluia! Cristo ressuscitou. Verdadeiramente ressuscitou. Aleluia!<\/p>\n<p style=\"text-align: justify;\">N\u00f3s, Chefes das Igrejas da Terra Santa, compartilhamos com voc\u00eas a Boa Nova da vida de nossa Igreja local crist\u00e3, como um s\u00f3 corpo em Cristo que vive a f\u00e9 na ressurrei\u00e7\u00e3o todos os dias. Nossa mensagem para voc\u00eas, de perto ou de longe, \u00e9 de esperan\u00e7a, \u00e2nimo e perseveran\u00e7a. Sabemos das lutas que muitos crist\u00e3os enfrentam, tanto aqui na Terra Santa como em outras partes do mundo.<\/p>\n<p style=\"text-align: justify;\">Conhecemos o poder do desespero. Conhecemos o poder do mal. Conhecemos o poder dos &#8220;principados e&nbsp;potestades&#8221;&nbsp;deste mundo, que promovem agendas de divis\u00e3o e de opress\u00e3o que causam graves preju\u00edzos ao povo de Deus e a toda a Cria\u00e7\u00e3o de Deus. N\u00f3s, assim como voc\u00eas, conhecemos o poder do pecado e da morte.<\/p>\n<p style=\"text-align: justify;\">Tamb\u00e9m conhecemos o poder da Ressurrei\u00e7\u00e3o. Sabemos o poder de Deus para extrair esperan\u00e7a do desespero. Conhecemos o poder de Deus em Cristo Jesus, nosso Senhor e Salvador, para utilizar o perd\u00e3o e o amor para vencer o mal.<\/p>\n<p style=\"text-align: justify;\">Conhecemos o poder de Deus em Cristo para lidar com esses mesmos &#8220;principados e&nbsp;potestades&#8221;, para promover a f\u00e9, o respeito m\u00fatuo, a compaix\u00e3o e a coragem para dizer a verdade em benef\u00edcio de todo o povo de Deus. Conhecemos o poder do perd\u00e3o dos pecados para redimir as rela\u00e7\u00f5es entre as fam\u00edlias e entre a fam\u00edlia que s\u00e3o as na\u00e7\u00f5es. Conhecemos o poder do dom da vida eterna para todos os que creem.<\/p>\n<p style=\"text-align: justify;\">Os crist\u00e3os, em todas as gera\u00e7\u00f5es, enfrentam muitos desafios. Nossa gera\u00e7\u00e3o atual n\u00e3o \u00e9 diferente das que passaram. N\u00f3s, assim como voc\u00eas, temos grandes responsabilidades e muitos obst\u00e1culos. A Igreja crist\u00e3 est\u00e1 enfrentando as lutas aqui neste terra e ainda assim seguimos cheios de esperan\u00e7a do que somos, ao mesmo tempo a Igreja do Calv\u00e1rio e a Igreja da Ressurrei\u00e7\u00e3o. Nossa f\u00e9 n\u00e3o est\u00e1 no poder da morte, sim no poder da vida sacrificial de Cristo.<\/p>\n<p style=\"text-align: justify;\">N\u00f3s encorajamos voc\u00ea a orar por todos n\u00f3s e por nossos irm\u00e3os e irm\u00e3s crist\u00e3os, as &#8220;pedras vivas&#8221; de todas as tradi\u00e7\u00f5es crist\u00e3s, aqui na Terra Santa. N\u00f3s pedimos que orem por todos n\u00f3s em nossas lutas pela justi\u00e7a, paz e reconcilia\u00e7\u00e3o, de forma que quando Jesus retornar, n\u00e3o volte a chorar por Jerusal\u00e9m, e sim participe de nossa alegria pela unidade, respeito e o amor por todas as pessoas da Terra Santa. Voc\u00ea pode estar certo de nossas ora\u00e7\u00f5es.<\/p>\n<p style=\"text-align: justify;\">Que o Deus \u00fanico e vivente: Pai, Filho e Esp\u00edrito Santo, os preserve e guarde, agora e sempre. Am\u00e9m.<\/p>\n<p style=\"text-align: right;\">JERUSAL\u00c9M, quinta-feira, 1\u00ba de abril de 2010&nbsp;(<a href=\"http:\/\/www.zenit.org\/\" target=\"_blank\" rel=\"noopener noreferrer\">ZENIT.org<\/a>).<\/p>\n<p style=\"text-align: justify; padding-left: 30px;\">Aleluia! Cristo ressuscitou. Verdadeiramente ressuscitou. Aleluia!<\/p>\n<p style=\"padding-left: 30px;\">\u2020Patriarca Te\u00f3filo III, Patriarca Ortodoxo Grego<br \/>\n\u2020 Patriarca Fouad Twal, Patriarca Latino<br \/>\n\u2020 Patriarca Torkom I Manoogian, Patriarca Apost\u00f3lico Ortodoxo Arm\u00eanio<br \/>\nFr. Pierbattista Pizzaballa, OFM,&nbsp;Cust\u00f3dio&nbsp;da Terra Santa<br \/>\n\u2020 Arcebispo Anba Abraham, Patriarca Ortodoxo Copta<br \/>\n\u2020 Arcebispo Swerios Malki Murad, Patriarca S\u00edrio-Ortodoxo<br \/>\n\u2020 Arcebispo obispo Jules Zerey, Patriarca Greco-Melquita Cat\u00f3lico<br \/>\n\u2020 Arcebispo Abouna Matthias, Patriarca Ortodoxo Et\u00edope<br \/>\n\u2020 Arcebispo Paul Sayyah, Exarca Patriarcal Maronita<br \/>\n\u2020 Bispo Suheil Dawani, Bispo Anglicano em Jerusal\u00e9m<br \/>\n\u2020 Bispo Munib Younan, Bispo da Igreja Evang\u00e9lica Luterana na Jord\u00e2nia na Terra Santa<br \/>\n\u2020 Bispo Pierre Malki,&nbsp;Exarca&nbsp;Patriarcal S\u00edrio-Cat\u00f3lico<br \/>\nFr. Rafael Minassian,&nbsp;Exarca&nbsp;Patriarcal Cat\u00f3lico Arm\u00eanio<\/p>\n","protected":false},"excerpt":{"rendered":"<p>Aleluia! Cristo ressuscitou. Verdadeiramente ressuscitou. Aleluia! N\u00f3s, Chefes das Igrejas da Terra Santa, compartilhamos com voc\u00eas a Boa Nova da vida de nossa Igreja local crist\u00e3, como um s\u00f3 corpo em Cristo que vive a f\u00e9 na ressurrei\u00e7\u00e3o todos os&#8230;<\/p>\n","protected":false},"author":1,"featured_media":9597,"comment_status":"open","ping_status":"open","sticky":false,"template":"","format":"standard","meta":{"_acf_changed":false,"footnotes":""},"categories":[1],"tags":[],"class_list":["post-4101","post","type-post","status-publish","format-standard","has-post-thumbnail","hentry","category-news","entry","rows-excerpt"],"acf":[],"yoast_head":"<!-- This site is optimized with the Yoast SEO plugin v27.5 - https:\/\/yoast.com\/product\/yoast-seo-wordpress\/ -->\n<title>Mensagem de P\u00e1scoa dos Patriarcas, Bispos e respons\u00e1veis das comunidades crist\u00e3s de Jerusal\u00e9m | ECCLESIA NEWS<\/title>\n<meta name=\"robots\" content=\"index, follow, max-snippet:-1, max-image-preview:large, max-video-preview:-1\" \/>\n<link rel=\"canonical\" href=\"https:\/\/news.ecclesia.org.br\/?p=4101\" \/>\n<meta property=\"og:locale\" content=\"pt_BR\" \/>\n<meta property=\"og:type\" content=\"article\" \/>\n<meta property=\"og:title\" content=\"Mensagem de P\u00e1scoa dos Patriarcas, Bispos e respons\u00e1veis das comunidades crist\u00e3s de Jerusal\u00e9m | ECCLESIA NEWS\" \/>\n<meta property=\"og:description\" content=\"Aleluia! Cristo ressuscitou. Verdadeiramente ressuscitou. Aleluia! N\u00f3s, Chefes das Igrejas da Terra Santa, compartilhamos com voc\u00eas a Boa Nova da vida de nossa Igreja local crist\u00e3, como um s\u00f3 corpo em Cristo que vive a f\u00e9 na ressurrei\u00e7\u00e3o todos os&#8230;\" \/>\n<meta property=\"og:url\" content=\"https:\/\/news.ecclesia.org.br\/?p=4101\" \/>\n<meta property=\"og:site_name\" content=\"ECCLESIA NEWS\" \/>\n<meta property=\"article:publisher\" content=\"https:\/\/www.facebook.com\/Ecclesia2025\" \/>\n<meta property=\"article:published_time\" content=\"2010-04-06T01:57:32+00:00\" \/>\n<meta property=\"article:modified_time\" content=\"2020-09-18T13:21:04+00:00\" \/>\n<meta property=\"og:image\" content=\"https:\/\/news.ecclesia.org.br\/wp-content\/uploads\/2012\/10\/pascoa-terra-santa.jpg\" \/>\n\t<meta property=\"og:image:width\" content=\"440\" \/>\n\t<meta property=\"og:image:height\" content=\"330\" \/>\n\t<meta property=\"og:image:type\" content=\"image\/jpeg\" \/>\n<meta name=\"author\" content=\"Pe. Andr\u00e9\" \/>\n<meta name=\"twitter:card\" content=\"summary_large_image\" \/>\n<meta name=\"twitter:creator\" content=\"@EcclesiaNews\" \/>\n<meta name=\"twitter:site\" content=\"@EcclesiaNews\" \/>\n<meta name=\"twitter:label1\" content=\"Escrito por\" \/>\n\t<meta name=\"twitter:data1\" content=\"Pe. Andr\u00e9\" \/>\n\t<meta name=\"twitter:label2\" content=\"Est. tempo de leitura\" \/>\n\t<meta name=\"twitter:data2\" content=\"3 minutos\" \/>\n<script type=\"application\/ld+json\" class=\"yoast-schema-graph\">{\"@context\":\"https:\\\/\\\/schema.org\",\"@graph\":[{\"@type\":\"Article\",\"@id\":\"https:\\\/\\\/news.ecclesia.org.br\\\/?p=4101#article\",\"isPartOf\":{\"@id\":\"https:\\\/\\\/news.ecclesia.org.br\\\/?p=4101\"},\"author\":{\"name\":\"Pe. Andr\u00e9\",\"@id\":\"https:\\\/\\\/news.ecclesia.org.br\\\/#\\\/schema\\\/person\\\/6f09597f025829745ba414a569f63758\"},\"headline\":\"Mensagem de P\u00e1scoa dos Patriarcas, Bispos e respons\u00e1veis das comunidades crist\u00e3s de Jerusal\u00e9m\",\"datePublished\":\"2010-04-06T01:57:32+00:00\",\"dateModified\":\"2020-09-18T13:21:04+00:00\",\"mainEntityOfPage\":{\"@id\":\"https:\\\/\\\/news.ecclesia.org.br\\\/?p=4101\"},\"wordCount\":613,\"commentCount\":0,\"publisher\":{\"@id\":\"https:\\\/\\\/news.ecclesia.org.br\\\/#organization\"},\"image\":{\"@id\":\"https:\\\/\\\/news.ecclesia.org.br\\\/?p=4101#primaryimage\"},\"thumbnailUrl\":\"https:\\\/\\\/news.ecclesia.org.br\\\/wp-content\\\/uploads\\\/2012\\\/10\\\/pascoa-terra-santa.jpg\",\"articleSection\":[\"NEWS\"],\"inLanguage\":\"pt-BR\",\"potentialAction\":[{\"@type\":\"CommentAction\",\"name\":\"Comment\",\"target\":[\"https:\\\/\\\/news.ecclesia.org.br\\\/?p=4101#respond\"]}]},{\"@type\":\"WebPage\",\"@id\":\"https:\\\/\\\/news.ecclesia.org.br\\\/?p=4101\",\"url\":\"https:\\\/\\\/news.ecclesia.org.br\\\/?p=4101\",\"name\":\"Mensagem de P\u00e1scoa dos Patriarcas, Bispos e respons\u00e1veis das comunidades crist\u00e3s de Jerusal\u00e9m | ECCLESIA NEWS\",\"isPartOf\":{\"@id\":\"https:\\\/\\\/news.ecclesia.org.br\\\/#website\"},\"primaryImageOfPage\":{\"@id\":\"https:\\\/\\\/news.ecclesia.org.br\\\/?p=4101#primaryimage\"},\"image\":{\"@id\":\"https:\\\/\\\/news.ecclesia.org.br\\\/?p=4101#primaryimage\"},\"thumbnailUrl\":\"https:\\\/\\\/news.ecclesia.org.br\\\/wp-content\\\/uploads\\\/2012\\\/10\\\/pascoa-terra-santa.jpg\",\"datePublished\":\"2010-04-06T01:57:32+00:00\",\"dateModified\":\"2020-09-18T13:21:04+00:00\",\"breadcrumb\":{\"@id\":\"https:\\\/\\\/news.ecclesia.org.br\\\/?p=4101#breadcrumb\"},\"inLanguage\":\"pt-BR\",\"potentialAction\":[{\"@type\":\"ReadAction\",\"target\":[\"https:\\\/\\\/news.ecclesia.org.br\\\/?p=4101\"]}]},{\"@type\":\"ImageObject\",\"inLanguage\":\"pt-BR\",\"@id\":\"https:\\\/\\\/news.ecclesia.org.br\\\/?p=4101#primaryimage\",\"url\":\"https:\\\/\\\/news.ecclesia.org.br\\\/wp-content\\\/uploads\\\/2012\\\/10\\\/pascoa-terra-santa.jpg\",\"contentUrl\":\"https:\\\/\\\/news.ecclesia.org.br\\\/wp-content\\\/uploads\\\/2012\\\/10\\\/pascoa-terra-santa.jpg\",\"width\":440,\"height\":330},{\"@type\":\"BreadcrumbList\",\"@id\":\"https:\\\/\\\/news.ecclesia.org.br\\\/?p=4101#breadcrumb\",\"itemListElement\":[{\"@type\":\"ListItem\",\"position\":1,\"name\":\"In\u00edcio\",\"item\":\"https:\\\/\\\/news.ecclesia.org.br\\\/\"},{\"@type\":\"ListItem\",\"position\":2,\"name\":\"Mensagem de P\u00e1scoa dos Patriarcas, Bispos e respons\u00e1veis das comunidades crist\u00e3s de Jerusal\u00e9m\"}]},{\"@type\":\"WebSite\",\"@id\":\"https:\\\/\\\/news.ecclesia.org.br\\\/#website\",\"url\":\"https:\\\/\\\/news.ecclesia.org.br\\\/\",\"name\":\"Ecclesia Brasil\",\"description\":\"Desde 2003 onectando o Brasil ao mundo ortodoxo!\",\"publisher\":{\"@id\":\"https:\\\/\\\/news.ecclesia.org.br\\\/#organization\"},\"alternateName\":\"Ecclesia\",\"potentialAction\":[{\"@type\":\"SearchAction\",\"target\":{\"@type\":\"EntryPoint\",\"urlTemplate\":\"https:\\\/\\\/news.ecclesia.org.br\\\/?s={search_term_string}\"},\"query-input\":{\"@type\":\"PropertyValueSpecification\",\"valueRequired\":true,\"valueName\":\"search_term_string\"}}],\"inLanguage\":\"pt-BR\"},{\"@type\":\"Organization\",\"@id\":\"https:\\\/\\\/news.ecclesia.org.br\\\/#organization\",\"name\":\"Sacra Arquidiocese de Buenos Aires e Am\u00e9rica do Sul | Patriarcado Ecum\u00eanico\",\"alternateName\":\"News Ecclesia Brasil\",\"url\":\"https:\\\/\\\/news.ecclesia.org.br\\\/\",\"logo\":{\"@type\":\"ImageObject\",\"inLanguage\":\"pt-BR\",\"@id\":\"https:\\\/\\\/news.ecclesia.org.br\\\/#\\\/schema\\\/logo\\\/image\\\/\",\"url\":\"https:\\\/\\\/news.ecclesia.org.br\\\/wp-content\\\/uploads\\\/2025\\\/05\\\/ecclesia2.png\",\"contentUrl\":\"https:\\\/\\\/news.ecclesia.org.br\\\/wp-content\\\/uploads\\\/2025\\\/05\\\/ecclesia2.png\",\"width\":480,\"height\":120,\"caption\":\"Sacra Arquidiocese de Buenos Aires e Am\u00e9rica do Sul | Patriarcado Ecum\u00eanico\"},\"image\":{\"@id\":\"https:\\\/\\\/news.ecclesia.org.br\\\/#\\\/schema\\\/logo\\\/image\\\/\"},\"sameAs\":[\"https:\\\/\\\/www.facebook.com\\\/Ecclesia2025\",\"https:\\\/\\\/x.com\\\/EcclesiaNews\",\"https:\\\/\\\/br.pinterest.com\\\/ekklisia\\\/\",\"https:\\\/\\\/www.youtube.com\\\/@EcclesiaBrasil\"]},{\"@type\":\"Person\",\"@id\":\"https:\\\/\\\/news.ecclesia.org.br\\\/#\\\/schema\\\/person\\\/6f09597f025829745ba414a569f63758\",\"name\":\"Pe. Andr\u00e9\",\"image\":{\"@type\":\"ImageObject\",\"inLanguage\":\"pt-BR\",\"@id\":\"https:\\\/\\\/secure.gravatar.com\\\/avatar\\\/b4327cfa27e9799da239a26adcd534fc29cdc0c4a4a148eecbcfeb9b42c617ac?s=96&d=mm&r=g\",\"url\":\"https:\\\/\\\/secure.gravatar.com\\\/avatar\\\/b4327cfa27e9799da239a26adcd534fc29cdc0c4a4a148eecbcfeb9b42c617ac?s=96&d=mm&r=g\",\"contentUrl\":\"https:\\\/\\\/secure.gravatar.com\\\/avatar\\\/b4327cfa27e9799da239a26adcd534fc29cdc0c4a4a148eecbcfeb9b42c617ac?s=96&d=mm&r=g\",\"caption\":\"Pe. Andr\u00e9\"},\"sameAs\":[\"https:\\\/\\\/www.ecclesia.org.br\"]}]}<\/script>\n<!-- \/ Yoast SEO plugin. -->","yoast_head_json":{"title":"Mensagem de P\u00e1scoa dos Patriarcas, Bispos e respons\u00e1veis das comunidades crist\u00e3s de Jerusal\u00e9m | ECCLESIA NEWS","robots":{"index":"index","follow":"follow","max-snippet":"max-snippet:-1","max-image-preview":"max-image-preview:large","max-video-preview":"max-video-preview:-1"},"canonical":"https:\/\/news.ecclesia.org.br\/?p=4101","og_locale":"pt_BR","og_type":"article","og_title":"Mensagem de P\u00e1scoa dos Patriarcas, Bispos e respons\u00e1veis das comunidades crist\u00e3s de Jerusal\u00e9m | ECCLESIA NEWS","og_description":"Aleluia! Cristo ressuscitou. Verdadeiramente ressuscitou. Aleluia! N\u00f3s, Chefes das Igrejas da Terra Santa, compartilhamos com voc\u00eas a Boa Nova da vida de nossa Igreja local crist\u00e3, como um s\u00f3 corpo em Cristo que vive a f\u00e9 na ressurrei\u00e7\u00e3o todos os&#8230;","og_url":"https:\/\/news.ecclesia.org.br\/?p=4101","og_site_name":"ECCLESIA NEWS","article_publisher":"https:\/\/www.facebook.com\/Ecclesia2025","article_published_time":"2010-04-06T01:57:32+00:00","article_modified_time":"2020-09-18T13:21:04+00:00","og_image":[{"width":440,"height":330,"url":"https:\/\/news.ecclesia.org.br\/wp-content\/uploads\/2012\/10\/pascoa-terra-santa.jpg","type":"image\/jpeg"}],"author":"Pe. Andr\u00e9","twitter_card":"summary_large_image","twitter_creator":"@EcclesiaNews","twitter_site":"@EcclesiaNews","twitter_misc":{"Escrito por":"Pe. Andr\u00e9","Est. tempo de leitura":"3 minutos"},"schema":{"@context":"https:\/\/schema.org","@graph":[{"@type":"Article","@id":"https:\/\/news.ecclesia.org.br\/?p=4101#article","isPartOf":{"@id":"https:\/\/news.ecclesia.org.br\/?p=4101"},"author":{"name":"Pe. Andr\u00e9","@id":"https:\/\/news.ecclesia.org.br\/#\/schema\/person\/6f09597f025829745ba414a569f63758"},"headline":"Mensagem de P\u00e1scoa dos Patriarcas, Bispos e respons\u00e1veis das comunidades crist\u00e3s de Jerusal\u00e9m","datePublished":"2010-04-06T01:57:32+00:00","dateModified":"2020-09-18T13:21:04+00:00","mainEntityOfPage":{"@id":"https:\/\/news.ecclesia.org.br\/?p=4101"},"wordCount":613,"commentCount":0,"publisher":{"@id":"https:\/\/news.ecclesia.org.br\/#organization"},"image":{"@id":"https:\/\/news.ecclesia.org.br\/?p=4101#primaryimage"},"thumbnailUrl":"https:\/\/news.ecclesia.org.br\/wp-content\/uploads\/2012\/10\/pascoa-terra-santa.jpg","articleSection":["NEWS"],"inLanguage":"pt-BR","potentialAction":[{"@type":"CommentAction","name":"Comment","target":["https:\/\/news.ecclesia.org.br\/?p=4101#respond"]}]},{"@type":"WebPage","@id":"https:\/\/news.ecclesia.org.br\/?p=4101","url":"https:\/\/news.ecclesia.org.br\/?p=4101","name":"Mensagem de P\u00e1scoa dos Patriarcas, Bispos e respons\u00e1veis das comunidades crist\u00e3s de Jerusal\u00e9m | ECCLESIA NEWS","isPartOf":{"@id":"https:\/\/news.ecclesia.org.br\/#website"},"primaryImageOfPage":{"@id":"https:\/\/news.ecclesia.org.br\/?p=4101#primaryimage"},"image":{"@id":"https:\/\/news.ecclesia.org.br\/?p=4101#primaryimage"},"thumbnailUrl":"https:\/\/news.ecclesia.org.br\/wp-content\/uploads\/2012\/10\/pascoa-terra-santa.jpg","datePublished":"2010-04-06T01:57:32+00:00","dateModified":"2020-09-18T13:21:04+00:00","breadcrumb":{"@id":"https:\/\/news.ecclesia.org.br\/?p=4101#breadcrumb"},"inLanguage":"pt-BR","potentialAction":[{"@type":"ReadAction","target":["https:\/\/news.ecclesia.org.br\/?p=4101"]}]},{"@type":"ImageObject","inLanguage":"pt-BR","@id":"https:\/\/news.ecclesia.org.br\/?p=4101#primaryimage","url":"https:\/\/news.ecclesia.org.br\/wp-content\/uploads\/2012\/10\/pascoa-terra-santa.jpg","contentUrl":"https:\/\/news.ecclesia.org.br\/wp-content\/uploads\/2012\/10\/pascoa-terra-santa.jpg","width":440,"height":330},{"@type":"BreadcrumbList","@id":"https:\/\/news.ecclesia.org.br\/?p=4101#breadcrumb","itemListElement":[{"@type":"ListItem","position":1,"name":"In\u00edcio","item":"https:\/\/news.ecclesia.org.br\/"},{"@type":"ListItem","position":2,"name":"Mensagem de P\u00e1scoa dos Patriarcas, Bispos e respons\u00e1veis das comunidades crist\u00e3s de Jerusal\u00e9m"}]},{"@type":"WebSite","@id":"https:\/\/news.ecclesia.org.br\/#website","url":"https:\/\/news.ecclesia.org.br\/","name":"Ecclesia Brasil","description":"Desde 2003 onectando o Brasil ao mundo ortodoxo!","publisher":{"@id":"https:\/\/news.ecclesia.org.br\/#organization"},"alternateName":"Ecclesia","potentialAction":[{"@type":"SearchAction","target":{"@type":"EntryPoint","urlTemplate":"https:\/\/news.ecclesia.org.br\/?s={search_term_string}"},"query-input":{"@type":"PropertyValueSpecification","valueRequired":true,"valueName":"search_term_string"}}],"inLanguage":"pt-BR"},{"@type":"Organization","@id":"https:\/\/news.ecclesia.org.br\/#organization","name":"Sacra Arquidiocese de Buenos Aires e Am\u00e9rica do Sul | Patriarcado Ecum\u00eanico","alternateName":"News Ecclesia Brasil","url":"https:\/\/news.ecclesia.org.br\/","logo":{"@type":"ImageObject","inLanguage":"pt-BR","@id":"https:\/\/news.ecclesia.org.br\/#\/schema\/logo\/image\/","url":"https:\/\/news.ecclesia.org.br\/wp-content\/uploads\/2025\/05\/ecclesia2.png","contentUrl":"https:\/\/news.ecclesia.org.br\/wp-content\/uploads\/2025\/05\/ecclesia2.png","width":480,"height":120,"caption":"Sacra Arquidiocese de Buenos Aires e Am\u00e9rica do Sul | Patriarcado Ecum\u00eanico"},"image":{"@id":"https:\/\/news.ecclesia.org.br\/#\/schema\/logo\/image\/"},"sameAs":["https:\/\/www.facebook.com\/Ecclesia2025","https:\/\/x.com\/EcclesiaNews","https:\/\/br.pinterest.com\/ekklisia\/","https:\/\/www.youtube.com\/@EcclesiaBrasil"]},{"@type":"Person","@id":"https:\/\/news.ecclesia.org.br\/#\/schema\/person\/6f09597f025829745ba414a569f63758","name":"Pe. Andr\u00e9","image":{"@type":"ImageObject","inLanguage":"pt-BR","@id":"https:\/\/secure.gravatar.com\/avatar\/b4327cfa27e9799da239a26adcd534fc29cdc0c4a4a148eecbcfeb9b42c617ac?s=96&d=mm&r=g","url":"https:\/\/secure.gravatar.com\/avatar\/b4327cfa27e9799da239a26adcd534fc29cdc0c4a4a148eecbcfeb9b42c617ac?s=96&d=mm&r=g","contentUrl":"https:\/\/secure.gravatar.com\/avatar\/b4327cfa27e9799da239a26adcd534fc29cdc0c4a4a148eecbcfeb9b42c617ac?s=96&d=mm&r=g","caption":"Pe. Andr\u00e9"},"sameAs":["https:\/\/www.ecclesia.org.br"]}]}},"_links":{"self":[{"href":"https:\/\/news.ecclesia.org.br\/index.php?rest_route=\/wp\/v2\/posts\/4101","targetHints":{"allow":["GET"]}}],"collection":[{"href":"https:\/\/news.ecclesia.org.br\/index.php?rest_route=\/wp\/v2\/posts"}],"about":[{"href":"https:\/\/news.ecclesia.org.br\/index.php?rest_route=\/wp\/v2\/types\/post"}],"author":[{"embeddable":true,"href":"https:\/\/news.ecclesia.org.br\/index.php?rest_route=\/wp\/v2\/users\/1"}],"replies":[{"embeddable":true,"href":"https:\/\/news.ecclesia.org.br\/index.php?rest_route=%2Fwp%2Fv2%2Fcomments&post=4101"}],"version-history":[{"count":1,"href":"https:\/\/news.ecclesia.org.br\/index.php?rest_route=\/wp\/v2\/posts\/4101\/revisions"}],"predecessor-version":[{"id":33921,"href":"https:\/\/news.ecclesia.org.br\/index.php?rest_route=\/wp\/v2\/posts\/4101\/revisions\/33921"}],"wp:featuredmedia":[{"embeddable":true,"href":"https:\/\/news.ecclesia.org.br\/index.php?rest_route=\/wp\/v2\/media\/9597"}],"wp:attachment":[{"href":"https:\/\/news.ecclesia.org.br\/index.php?rest_route=%2Fwp%2Fv2%2Fmedia&parent=4101"}],"wp:term":[{"taxonomy":"category","embeddable":true,"href":"https:\/\/news.ecclesia.org.br\/index.php?rest_route=%2Fwp%2Fv2%2Fcategories&post=4101"},{"taxonomy":"post_tag","embeddable":true,"href":"https:\/\/news.ecclesia.org.br\/index.php?rest_route=%2Fwp%2Fv2%2Ftags&post=4101"}],"curies":[{"name":"wp","href":"https:\/\/api.w.org\/{rel}","templated":true}]}}