{"id":4053,"date":"2010-04-02T02:48:34","date_gmt":"2010-04-02T04:48:34","guid":{"rendered":"http:\/\/www.ecclesia.com.br\/news\/?p=4053"},"modified":"2020-09-23T12:01:41","modified_gmt":"2020-09-23T15:01:41","slug":"enciclica-por-ocasiao-da-santa-pascoa-2010","status":"publish","type":"post","link":"https:\/\/news.ecclesia.org.br\/?p=4053","title":{"rendered":"ENCICLICA POR OCASI\u00c3O DA SANTA P\u00c1SCOA 2010"},"content":{"rendered":"<address style=\"text-align: right;\">Protocolo n\u00ba. 1506<\/address>\n<p align=\"center\"><strong>\u2020 T A R A S I O S<br \/>\nPELA GRA\u00c7A DE DEUS, ARCEBISPO METROPOLITANO<br \/>\nDA SACRA ARQUIDIOCESE DE BUENOS AIRES<br \/>\nPRIMAZ E EXARCA DA AM\u00c9RICA DO SUL<\/strong><\/p>\n<p align=\"center\"><strong>A TODOS OS FI\u00c9IS DE NOSSA EPARQUIA:<br \/>\nA GRA\u00c7A, A MISERIC\u00d3RDIA E A PAZ DE CRISTO RESSUSCITADO. <\/strong><\/p>\n<blockquote>\n<p style=\"text-align: justify;\"><em>\u00abMuito oportunamente podemos hoje exclamar com o profeta Daniel: quem poder\u00e1 contar as obras do poder do Senhor? Quem poder\u00e1 lhe render todos os louvores que Ele merece? Eis que chegou para n\u00f3s a t\u00e3o aguardada e salutar festividade, qual seja, a Ressurrei\u00e7\u00e3o do Senhor Jesus, motivo de paz e causa de reconcilia\u00e7\u00e3o; que extinguiu as guerras, acabou com a morte e derrubou o dem\u00f4nio! Hoje os anjos se juntam aos homens e os que est\u00e3o revestidos do corpo cantam hinos unidos \u00e0s potestades incorp\u00f3reas! Hoje foi lan\u00e7ada por terra a tirania do dem\u00f4nio! Hoje foram quebradas as correntes da morte! Hoje concluiu-se a vit\u00f3ria sobre o inferno!&#8221; [1]<\/em><\/p>\n<\/blockquote>\n<p style=\"text-align: justify;\">Comecemos nossa proclama\u00e7\u00e3o pascal com as palavras da <em>boca de ouro<\/em>, Jo\u00e3o de Constantinopla, que resumiu no pr\u00f3logo de sua homilia sobre a Santa P\u00e1scoa a profunda e grandiosa realidade que inaugurou este fato hist\u00f3rico e Teantr\u00f3pico, \u00fanico e sem precedentes: Jesus, o Cristo, Ressuscita e a realidade antigamente conhecida adquire outras dimens\u00f5es. A cria\u00e7\u00e3o agora \u00e9 efetivamente unida \u00e0 reden\u00e7\u00e3o e, misteriosamente, aos \u00faltimos tempos, \u00e0 Parusia e ao termo total do plano da criador, redentor, perfeito e pleno do Deus Uno e Trino.<\/p>\n<p style=\"text-align: justify;\">Hoje \u00e9 o dia da vit\u00f3ria: sobre o pecado original; sobre o fracasso do homem &#8211; nosso fracasso; sobre a morte com todas as suas conseq\u00fc\u00eancias; a vit\u00f3ria sobre o dem\u00f4nio e sobre o Hades, a vit\u00f3ria sobre a antiga lei e as suas arcaicas estruturas; hoje Cristo, o Ungido, o Filho do Homem, o Anjo do Bom Conselho, a Sabedoria de Deus, o Unig\u00eanito do Pai por natureza e nosso irm\u00e3o por condescend\u00eancia, \u00e9 glorificado, e com Ele todo o g\u00eanero humano, em pot\u00eancia, enquanto a morte e o dem\u00f4nio s\u00e3o anulados. E por isso, &nbsp;cito Cris\u00f3stomo uma vez mais:<\/p>\n<blockquote>\n<p style=\"text-align: justify;\"><em>\u00abV\u00eas como a morte \u00e9 freq\u00fcentemente chamada de sono e descanso? E como a que antes era tem\u00edvel, agora se fez desprez\u00edvel? V\u00eas a espl\u00eandida vit\u00f3ria da Ressurrei\u00e7\u00e3o? Porque, atrav\u00e9s dela nos vieram infinitos bens! Por ela se desfez a fal\u00e1cia do dem\u00f4nio. Por ela rimos da morte. Por ela depreciamos a vida presente. Por ela nos inflamamos de desejo pelos bens futuros. Por ela, ainda que estejamos revestidos do corpo, em nada somos inferiores &#8211; se quisermos &#8211; aos seres incorp\u00f3reos\u00bb.[2]<\/em><\/p>\n<\/blockquote>\n<p style=\"text-align: justify;\">E, repito com Jo\u00e3o de Constantinopla <em>\u00abpor causa da Ressurrei\u00e7\u00e3o do Senhor, rimos da morte e at\u00e9 mesmo desprezamos a vida presente\u00bb<\/em>, pois nos foi dado contemplar as prim\u00edcias da vida futura.<\/p>\n<p style=\"text-align: justify;\">Hoje \u00e9 o z\u00eanite da paz, da alegria, do perd\u00e3o, da compreens\u00e3o, da ajuda, do consolo, da condescend\u00eancia, da miseric\u00f3rdia, da liberdade e, sobretudo, \u00e9 o z\u00eanite do amor! A Ressurrei\u00e7\u00e3o de Jesus Cristo \u00e9 a prova mais concreta do amor de Deus Pai por seu Filho, igualmente sem princ\u00edpio, e por sua humanidade -por n\u00f3s &#8211; pois, por n\u00f3s O entregou ao vexame e \u00e0 morte. Hoje somos chamados a ser co-herdeiros daquela gl\u00f3ria que por natureza tem o Unig\u00eanito, e que n\u00f3s a possu\u00edmos pela gra\u00e7a. E, se somos seus co-herdeiros, somos j\u00e1 seus filhos leg\u00edtimos, restando-nos apenas cumprir seu mandamento:&nbsp;<em>\u00abAmai-vos uns aos outros como eu vos amei\u00bb [3]<\/em><\/p>\n<p style=\"text-align: justify;\"><em>&nbsp;<\/em><\/p>\n<p style=\"text-align: justify;\"><strong>Amados filhos e filhas espirituais no Senhor:<\/strong><\/p>\n<p style=\"text-align: justify;\">Este \u00e9 o mandamento principal do Senhor do qual pendem a lei e os profetas [4]&nbsp;e somos chamados a cumpri-lo se \u00e9 que queremos ser verdadeiramente co-herdeiros da gloriosa vit\u00f3ria de Nosso Salvador <em>Te\u00e2ntropo<\/em>. Pois n\u00e3o existe outra maneira de viver a vida crist\u00e3, sen\u00e3o atrav\u00e9s do amor radical e desinteressado. Tudo mais \u00e9 acess\u00f3rio e, muitas vezes, torna-se at\u00e9 obst\u00e1culo para nosso caminho de vit\u00f3ria:<\/p>\n<blockquote>\n<p style=\"text-align: justify;\"><em>\u00abQue ningu\u00e9m, no dia de hoje, esteja triste por sua pobreza! Trata-se de uma festa espiritual! Que nenhum rico se ensoberbe\u00e7a por suas abundantes riquezas; porque nada pode acrescentar com suas riquezas a esta festividade! Nas festas profanas, onde h\u00e1 grande pompa e circunst\u00e2ncia, e grande abund\u00e2ncia de manjares \u00e0 mesa, com raz\u00e3o o pobre fica entristecido e baixa seus olhos humilhado, por\u00e9m o rico encontra-se entre delicias e regozijos! E isto por qu\u00ea? Porque o rico est\u00e1 vestido com vestes espl\u00eandidas e prepara uma mesa muito farta; enquanto ao pobre, sua car\u00eancia o impede ostentar semelhante luxo! Por\u00e9m, nada que a isso se pare\u00e7a h\u00e1 aqui! Longe est\u00e1 toda desigualdade! Uma mesma \u00e9 a mesa para o rico e para o pobre, para o servo e para o livre!\u00bb<\/em><\/p>\n<\/blockquote>\n<p style=\"text-align: justify;\">Este \u00e9 o legado do triunfo sobre o pecado: justi\u00e7a, igualdade, equidade, imparcialidade e, por conseq\u00fc\u00eancia, a liberdade; e tudo isso em virtude <strong>do amor; <\/strong>vencemos o mundo de Satan\u00e1s <strong>com amor<\/strong>; vencemos nossos fracassos <strong>com amor; <\/strong>perdoamos ao pr\u00f3ximo <strong>por amor<\/strong>; compreendamos as nossas debilidade e as dos outros <strong>por amor<\/strong>; muitas vezes, transigimos e somos condescendentes <strong>por amor;<\/strong> fazemo-nos homens enquanto amamos, pois esta \u00e9 a origem, a meta e o crit\u00e9rio de evolu\u00e7\u00e3o do homem e de sua ra\u00e7a, e o seu paradigma e arqu\u00e9tipo absoluto \u00e9 Cristo Jesus. E por isso surge a nova ordem na qual se imp\u00f5e a divina economia de nossa dimens\u00e3o: \u00abpelos frutos sereis conhecidos\u00bb [5]&nbsp;; e este fruto \u00e9 o amor; por isso o discurso escatol\u00f3gico do Mestre antes de sua paix\u00e3o:<\/p>\n<blockquote>\n<p style=\"text-align: justify;\"><em>\u00abEnt\u00e3o o Rei dir\u00e1 aos que est\u00e3o \u00e0 direita: &#8211; Vinde, benditos de meu Pai, tomai posse do Reino que vos est\u00e1 preparado desde a cria\u00e7\u00e3o do mundo, porque tive fome e me destes de comer; tive sede e me destes de beber; era peregrino e me acolhestes; nu e me vestistes; enfermo e me visitastes; estava na pris\u00e3o e viestes a mim. Perguntar-lhe-\u00e3o os justos: &#8211; Senhor, quando foi que te vimos com fome e te demos de comer, com sede e te demos de beber? Quando foi que te vimos peregrino e te acolhemos, nu e te vestimos? Quando foi que te vimos enfermo ou na pris\u00e3o e te fomos visitar? Responder\u00e1 o Rei: &#8211; Em verdade eu vos declaro: todas as vezes que fizestes isto a um destes meus irm\u00e3os mais pequeninos, foi a mim mesmo que o fizestes\u00bb. [6]<\/em><\/p>\n<\/blockquote>\n<p style=\"text-align: justify;\">A Ressurrei\u00e7\u00e3o \u00e9 o triunfo de Deus sobre o \u00f3dio do dem\u00f4nio: festejemos hoje esta alegria e somente amemos, amemo-nos uns aos outros para que se cumpra assim o seu mandamento e sejamos dignos merecedores da coroa imperec\u00edvel, e para que possamos dizer, no tempo oportuno, o que disse o ap\u00f3stolo:&nbsp;<em>\u00abCombati o bom combate, terminei a minha carreira, guardei a f\u00e9\u00bb. [7]<\/em><\/p>\n<p style=\"text-align: justify;\">Com estas reflex\u00f5es, invoco sobre todos v\u00f3s, amados filhos espirituais, as ricas miseric\u00f3rdias do Salvador Ressuscitado dos mortos ao terceiro dia, intercedendo para que o Ele vos conceda todos os bens necess\u00e1rios para a salva\u00e7\u00e3o e a vida eterna, paz, sa\u00fade e felicidade, j\u00fabilo espiritual, conc\u00f3rdia e bem estar.<\/p>\n<p style=\"padding-left: 30px;\">Da Sede da Arquidiocese, em Buenos Aires, Santa P\u00e1scoa de 2010.<\/p>\n<p align=\"center\"><strong>O ARQUIPASTOR<\/strong><\/p>\n<p align=\"center\"><strong>\u2020 TARASIOS DE BUENOS AIRES<br \/>\n<\/strong><strong>Primaz e Exarca da Am\u00e9rica do Sul<\/strong><\/p>\n<hr size=\"1\">\n<address>&nbsp;<\/address>\n<address>\n<address>[1] S\u00e3o Jo\u00e3o Cris\u00f3stomo, Sobre a Santa Pascoa, I.<\/address>\n<address>[2] S\u00e3o Jo\u00e3o Cris\u00f3stomo, Sobre a Santa P\u00e1scoa, IIa.<\/address>\n<address>[3] Jn 15, 9-17.<\/address>\n<address>[4] Mt 22:40.<\/address>\n<address>[5] Mt 7, 15-20.<\/address>\n<address>[6] Mt 25, 34-40.<\/address>\n<address>[7] II Tim. 4:7.<\/address>\n<\/address>\n","protected":false},"excerpt":{"rendered":"<p>Protocolo n\u00ba. 1506 \u2020 T A R A S I O S PELA GRA\u00c7A DE DEUS, ARCEBISPO METROPOLITANO DA SACRA ARQUIDIOCESE DE BUENOS AIRES PRIMAZ E EXARCA DA AM\u00c9RICA DO SUL A TODOS OS FI\u00c9IS DE NOSSA EPARQUIA: A GRA\u00c7A,&#8230;<\/p>\n","protected":false},"author":1,"featured_media":0,"comment_status":"open","ping_status":"open","sticky":false,"template":"","format":"standard","meta":{"_acf_changed":false,"footnotes":""},"categories":[1],"tags":[],"class_list":["post-4053","post","type-post","status-publish","format-standard","hentry","category-news","entry","rows-excerpt"],"acf":[],"yoast_head":"<!-- This site is optimized with the Yoast SEO plugin v27.5 - https:\/\/yoast.com\/product\/yoast-seo-wordpress\/ -->\n<title>ENCICLICA POR OCASI\u00c3O DA SANTA P\u00c1SCOA 2010 | ECCLESIA NEWS<\/title>\n<meta name=\"robots\" content=\"index, follow, max-snippet:-1, max-image-preview:large, max-video-preview:-1\" \/>\n<link rel=\"canonical\" href=\"https:\/\/news.ecclesia.org.br\/?p=4053\" \/>\n<meta property=\"og:locale\" content=\"pt_BR\" \/>\n<meta property=\"og:type\" content=\"article\" \/>\n<meta property=\"og:title\" content=\"ENCICLICA POR OCASI\u00c3O DA SANTA P\u00c1SCOA 2010 | ECCLESIA NEWS\" \/>\n<meta property=\"og:description\" content=\"Protocolo n\u00ba. 1506 \u2020 T A R A S I O S PELA GRA\u00c7A DE DEUS, ARCEBISPO METROPOLITANO DA SACRA ARQUIDIOCESE DE BUENOS AIRES PRIMAZ E EXARCA DA AM\u00c9RICA DO SUL A TODOS OS FI\u00c9IS DE NOSSA EPARQUIA: A GRA\u00c7A,&#8230;\" \/>\n<meta property=\"og:url\" content=\"https:\/\/news.ecclesia.org.br\/?p=4053\" \/>\n<meta property=\"og:site_name\" content=\"ECCLESIA NEWS\" \/>\n<meta property=\"article:publisher\" content=\"https:\/\/www.facebook.com\/Ecclesia2025\" \/>\n<meta property=\"article:published_time\" content=\"2010-04-02T04:48:34+00:00\" \/>\n<meta property=\"article:modified_time\" content=\"2020-09-23T15:01:41+00:00\" \/>\n<meta property=\"og:image\" content=\"https:\/\/news.ecclesia.org.br\/wp-content\/uploads\/2025\/05\/ecclesia2.png\" \/>\n\t<meta property=\"og:image:width\" content=\"480\" \/>\n\t<meta property=\"og:image:height\" content=\"120\" \/>\n\t<meta property=\"og:image:type\" content=\"image\/png\" \/>\n<meta name=\"author\" content=\"Pe. Andr\u00e9\" \/>\n<meta name=\"twitter:card\" content=\"summary_large_image\" \/>\n<meta name=\"twitter:creator\" content=\"@EcclesiaNews\" \/>\n<meta name=\"twitter:site\" content=\"@EcclesiaNews\" \/>\n<meta name=\"twitter:label1\" content=\"Escrito por\" \/>\n\t<meta name=\"twitter:data1\" content=\"Pe. Andr\u00e9\" \/>\n\t<meta name=\"twitter:label2\" content=\"Est. tempo de leitura\" \/>\n\t<meta name=\"twitter:data2\" content=\"7 minutos\" \/>\n<script type=\"application\/ld+json\" class=\"yoast-schema-graph\">{\"@context\":\"https:\\\/\\\/schema.org\",\"@graph\":[{\"@type\":\"Article\",\"@id\":\"https:\\\/\\\/news.ecclesia.org.br\\\/?p=4053#article\",\"isPartOf\":{\"@id\":\"https:\\\/\\\/news.ecclesia.org.br\\\/?p=4053\"},\"author\":{\"name\":\"Pe. Andr\u00e9\",\"@id\":\"https:\\\/\\\/news.ecclesia.org.br\\\/#\\\/schema\\\/person\\\/6f09597f025829745ba414a569f63758\"},\"headline\":\"ENCICLICA POR OCASI\u00c3O DA SANTA P\u00c1SCOA 2010\",\"datePublished\":\"2010-04-02T04:48:34+00:00\",\"dateModified\":\"2020-09-23T15:01:41+00:00\",\"mainEntityOfPage\":{\"@id\":\"https:\\\/\\\/news.ecclesia.org.br\\\/?p=4053\"},\"wordCount\":1319,\"commentCount\":0,\"publisher\":{\"@id\":\"https:\\\/\\\/news.ecclesia.org.br\\\/#organization\"},\"articleSection\":[\"NEWS\"],\"inLanguage\":\"pt-BR\",\"potentialAction\":[{\"@type\":\"CommentAction\",\"name\":\"Comment\",\"target\":[\"https:\\\/\\\/news.ecclesia.org.br\\\/?p=4053#respond\"]}]},{\"@type\":\"WebPage\",\"@id\":\"https:\\\/\\\/news.ecclesia.org.br\\\/?p=4053\",\"url\":\"https:\\\/\\\/news.ecclesia.org.br\\\/?p=4053\",\"name\":\"ENCICLICA POR OCASI\u00c3O DA SANTA P\u00c1SCOA 2010 | ECCLESIA NEWS\",\"isPartOf\":{\"@id\":\"https:\\\/\\\/news.ecclesia.org.br\\\/#website\"},\"datePublished\":\"2010-04-02T04:48:34+00:00\",\"dateModified\":\"2020-09-23T15:01:41+00:00\",\"breadcrumb\":{\"@id\":\"https:\\\/\\\/news.ecclesia.org.br\\\/?p=4053#breadcrumb\"},\"inLanguage\":\"pt-BR\",\"potentialAction\":[{\"@type\":\"ReadAction\",\"target\":[\"https:\\\/\\\/news.ecclesia.org.br\\\/?p=4053\"]}]},{\"@type\":\"BreadcrumbList\",\"@id\":\"https:\\\/\\\/news.ecclesia.org.br\\\/?p=4053#breadcrumb\",\"itemListElement\":[{\"@type\":\"ListItem\",\"position\":1,\"name\":\"In\u00edcio\",\"item\":\"https:\\\/\\\/news.ecclesia.org.br\\\/\"},{\"@type\":\"ListItem\",\"position\":2,\"name\":\"ENCICLICA POR OCASI\u00c3O DA SANTA P\u00c1SCOA 2010\"}]},{\"@type\":\"WebSite\",\"@id\":\"https:\\\/\\\/news.ecclesia.org.br\\\/#website\",\"url\":\"https:\\\/\\\/news.ecclesia.org.br\\\/\",\"name\":\"Ecclesia Brasil\",\"description\":\"Desde 2003 onectando o Brasil ao mundo ortodoxo!\",\"publisher\":{\"@id\":\"https:\\\/\\\/news.ecclesia.org.br\\\/#organization\"},\"alternateName\":\"Ecclesia\",\"potentialAction\":[{\"@type\":\"SearchAction\",\"target\":{\"@type\":\"EntryPoint\",\"urlTemplate\":\"https:\\\/\\\/news.ecclesia.org.br\\\/?s={search_term_string}\"},\"query-input\":{\"@type\":\"PropertyValueSpecification\",\"valueRequired\":true,\"valueName\":\"search_term_string\"}}],\"inLanguage\":\"pt-BR\"},{\"@type\":\"Organization\",\"@id\":\"https:\\\/\\\/news.ecclesia.org.br\\\/#organization\",\"name\":\"Sacra Arquidiocese de Buenos Aires e Am\u00e9rica do Sul | Patriarcado Ecum\u00eanico\",\"alternateName\":\"News Ecclesia Brasil\",\"url\":\"https:\\\/\\\/news.ecclesia.org.br\\\/\",\"logo\":{\"@type\":\"ImageObject\",\"inLanguage\":\"pt-BR\",\"@id\":\"https:\\\/\\\/news.ecclesia.org.br\\\/#\\\/schema\\\/logo\\\/image\\\/\",\"url\":\"https:\\\/\\\/news.ecclesia.org.br\\\/wp-content\\\/uploads\\\/2025\\\/05\\\/ecclesia2.png\",\"contentUrl\":\"https:\\\/\\\/news.ecclesia.org.br\\\/wp-content\\\/uploads\\\/2025\\\/05\\\/ecclesia2.png\",\"width\":480,\"height\":120,\"caption\":\"Sacra Arquidiocese de Buenos Aires e Am\u00e9rica do Sul | Patriarcado Ecum\u00eanico\"},\"image\":{\"@id\":\"https:\\\/\\\/news.ecclesia.org.br\\\/#\\\/schema\\\/logo\\\/image\\\/\"},\"sameAs\":[\"https:\\\/\\\/www.facebook.com\\\/Ecclesia2025\",\"https:\\\/\\\/x.com\\\/EcclesiaNews\",\"https:\\\/\\\/br.pinterest.com\\\/ekklisia\\\/\",\"https:\\\/\\\/www.youtube.com\\\/@EcclesiaBrasil\"]},{\"@type\":\"Person\",\"@id\":\"https:\\\/\\\/news.ecclesia.org.br\\\/#\\\/schema\\\/person\\\/6f09597f025829745ba414a569f63758\",\"name\":\"Pe. Andr\u00e9\",\"image\":{\"@type\":\"ImageObject\",\"inLanguage\":\"pt-BR\",\"@id\":\"https:\\\/\\\/secure.gravatar.com\\\/avatar\\\/b4327cfa27e9799da239a26adcd534fc29cdc0c4a4a148eecbcfeb9b42c617ac?s=96&d=mm&r=g\",\"url\":\"https:\\\/\\\/secure.gravatar.com\\\/avatar\\\/b4327cfa27e9799da239a26adcd534fc29cdc0c4a4a148eecbcfeb9b42c617ac?s=96&d=mm&r=g\",\"contentUrl\":\"https:\\\/\\\/secure.gravatar.com\\\/avatar\\\/b4327cfa27e9799da239a26adcd534fc29cdc0c4a4a148eecbcfeb9b42c617ac?s=96&d=mm&r=g\",\"caption\":\"Pe. Andr\u00e9\"},\"sameAs\":[\"https:\\\/\\\/www.ecclesia.org.br\"]}]}<\/script>\n<!-- \/ Yoast SEO plugin. -->","yoast_head_json":{"title":"ENCICLICA POR OCASI\u00c3O DA SANTA P\u00c1SCOA 2010 | ECCLESIA NEWS","robots":{"index":"index","follow":"follow","max-snippet":"max-snippet:-1","max-image-preview":"max-image-preview:large","max-video-preview":"max-video-preview:-1"},"canonical":"https:\/\/news.ecclesia.org.br\/?p=4053","og_locale":"pt_BR","og_type":"article","og_title":"ENCICLICA POR OCASI\u00c3O DA SANTA P\u00c1SCOA 2010 | ECCLESIA NEWS","og_description":"Protocolo n\u00ba. 1506 \u2020 T A R A S I O S PELA GRA\u00c7A DE DEUS, ARCEBISPO METROPOLITANO DA SACRA ARQUIDIOCESE DE BUENOS AIRES PRIMAZ E EXARCA DA AM\u00c9RICA DO SUL A TODOS OS FI\u00c9IS DE NOSSA EPARQUIA: A GRA\u00c7A,&#8230;","og_url":"https:\/\/news.ecclesia.org.br\/?p=4053","og_site_name":"ECCLESIA NEWS","article_publisher":"https:\/\/www.facebook.com\/Ecclesia2025","article_published_time":"2010-04-02T04:48:34+00:00","article_modified_time":"2020-09-23T15:01:41+00:00","og_image":[{"width":480,"height":120,"url":"https:\/\/news.ecclesia.org.br\/wp-content\/uploads\/2025\/05\/ecclesia2.png","type":"image\/png"}],"author":"Pe. Andr\u00e9","twitter_card":"summary_large_image","twitter_creator":"@EcclesiaNews","twitter_site":"@EcclesiaNews","twitter_misc":{"Escrito por":"Pe. Andr\u00e9","Est. tempo de leitura":"7 minutos"},"schema":{"@context":"https:\/\/schema.org","@graph":[{"@type":"Article","@id":"https:\/\/news.ecclesia.org.br\/?p=4053#article","isPartOf":{"@id":"https:\/\/news.ecclesia.org.br\/?p=4053"},"author":{"name":"Pe. Andr\u00e9","@id":"https:\/\/news.ecclesia.org.br\/#\/schema\/person\/6f09597f025829745ba414a569f63758"},"headline":"ENCICLICA POR OCASI\u00c3O DA SANTA P\u00c1SCOA 2010","datePublished":"2010-04-02T04:48:34+00:00","dateModified":"2020-09-23T15:01:41+00:00","mainEntityOfPage":{"@id":"https:\/\/news.ecclesia.org.br\/?p=4053"},"wordCount":1319,"commentCount":0,"publisher":{"@id":"https:\/\/news.ecclesia.org.br\/#organization"},"articleSection":["NEWS"],"inLanguage":"pt-BR","potentialAction":[{"@type":"CommentAction","name":"Comment","target":["https:\/\/news.ecclesia.org.br\/?p=4053#respond"]}]},{"@type":"WebPage","@id":"https:\/\/news.ecclesia.org.br\/?p=4053","url":"https:\/\/news.ecclesia.org.br\/?p=4053","name":"ENCICLICA POR OCASI\u00c3O DA SANTA P\u00c1SCOA 2010 | ECCLESIA NEWS","isPartOf":{"@id":"https:\/\/news.ecclesia.org.br\/#website"},"datePublished":"2010-04-02T04:48:34+00:00","dateModified":"2020-09-23T15:01:41+00:00","breadcrumb":{"@id":"https:\/\/news.ecclesia.org.br\/?p=4053#breadcrumb"},"inLanguage":"pt-BR","potentialAction":[{"@type":"ReadAction","target":["https:\/\/news.ecclesia.org.br\/?p=4053"]}]},{"@type":"BreadcrumbList","@id":"https:\/\/news.ecclesia.org.br\/?p=4053#breadcrumb","itemListElement":[{"@type":"ListItem","position":1,"name":"In\u00edcio","item":"https:\/\/news.ecclesia.org.br\/"},{"@type":"ListItem","position":2,"name":"ENCICLICA POR OCASI\u00c3O DA SANTA P\u00c1SCOA 2010"}]},{"@type":"WebSite","@id":"https:\/\/news.ecclesia.org.br\/#website","url":"https:\/\/news.ecclesia.org.br\/","name":"Ecclesia Brasil","description":"Desde 2003 onectando o Brasil ao mundo ortodoxo!","publisher":{"@id":"https:\/\/news.ecclesia.org.br\/#organization"},"alternateName":"Ecclesia","potentialAction":[{"@type":"SearchAction","target":{"@type":"EntryPoint","urlTemplate":"https:\/\/news.ecclesia.org.br\/?s={search_term_string}"},"query-input":{"@type":"PropertyValueSpecification","valueRequired":true,"valueName":"search_term_string"}}],"inLanguage":"pt-BR"},{"@type":"Organization","@id":"https:\/\/news.ecclesia.org.br\/#organization","name":"Sacra Arquidiocese de Buenos Aires e Am\u00e9rica do Sul | Patriarcado Ecum\u00eanico","alternateName":"News Ecclesia Brasil","url":"https:\/\/news.ecclesia.org.br\/","logo":{"@type":"ImageObject","inLanguage":"pt-BR","@id":"https:\/\/news.ecclesia.org.br\/#\/schema\/logo\/image\/","url":"https:\/\/news.ecclesia.org.br\/wp-content\/uploads\/2025\/05\/ecclesia2.png","contentUrl":"https:\/\/news.ecclesia.org.br\/wp-content\/uploads\/2025\/05\/ecclesia2.png","width":480,"height":120,"caption":"Sacra Arquidiocese de Buenos Aires e Am\u00e9rica do Sul | Patriarcado Ecum\u00eanico"},"image":{"@id":"https:\/\/news.ecclesia.org.br\/#\/schema\/logo\/image\/"},"sameAs":["https:\/\/www.facebook.com\/Ecclesia2025","https:\/\/x.com\/EcclesiaNews","https:\/\/br.pinterest.com\/ekklisia\/","https:\/\/www.youtube.com\/@EcclesiaBrasil"]},{"@type":"Person","@id":"https:\/\/news.ecclesia.org.br\/#\/schema\/person\/6f09597f025829745ba414a569f63758","name":"Pe. Andr\u00e9","image":{"@type":"ImageObject","inLanguage":"pt-BR","@id":"https:\/\/secure.gravatar.com\/avatar\/b4327cfa27e9799da239a26adcd534fc29cdc0c4a4a148eecbcfeb9b42c617ac?s=96&d=mm&r=g","url":"https:\/\/secure.gravatar.com\/avatar\/b4327cfa27e9799da239a26adcd534fc29cdc0c4a4a148eecbcfeb9b42c617ac?s=96&d=mm&r=g","contentUrl":"https:\/\/secure.gravatar.com\/avatar\/b4327cfa27e9799da239a26adcd534fc29cdc0c4a4a148eecbcfeb9b42c617ac?s=96&d=mm&r=g","caption":"Pe. Andr\u00e9"},"sameAs":["https:\/\/www.ecclesia.org.br"]}]}},"_links":{"self":[{"href":"https:\/\/news.ecclesia.org.br\/index.php?rest_route=\/wp\/v2\/posts\/4053","targetHints":{"allow":["GET"]}}],"collection":[{"href":"https:\/\/news.ecclesia.org.br\/index.php?rest_route=\/wp\/v2\/posts"}],"about":[{"href":"https:\/\/news.ecclesia.org.br\/index.php?rest_route=\/wp\/v2\/types\/post"}],"author":[{"embeddable":true,"href":"https:\/\/news.ecclesia.org.br\/index.php?rest_route=\/wp\/v2\/users\/1"}],"replies":[{"embeddable":true,"href":"https:\/\/news.ecclesia.org.br\/index.php?rest_route=%2Fwp%2Fv2%2Fcomments&post=4053"}],"version-history":[{"count":3,"href":"https:\/\/news.ecclesia.org.br\/index.php?rest_route=\/wp\/v2\/posts\/4053\/revisions"}],"predecessor-version":[{"id":34023,"href":"https:\/\/news.ecclesia.org.br\/index.php?rest_route=\/wp\/v2\/posts\/4053\/revisions\/34023"}],"wp:attachment":[{"href":"https:\/\/news.ecclesia.org.br\/index.php?rest_route=%2Fwp%2Fv2%2Fmedia&parent=4053"}],"wp:term":[{"taxonomy":"category","embeddable":true,"href":"https:\/\/news.ecclesia.org.br\/index.php?rest_route=%2Fwp%2Fv2%2Fcategories&post=4053"},{"taxonomy":"post_tag","embeddable":true,"href":"https:\/\/news.ecclesia.org.br\/index.php?rest_route=%2Fwp%2Fv2%2Ftags&post=4053"}],"curies":[{"name":"wp","href":"https:\/\/api.w.org\/{rel}","templated":true}]}}