{"id":4048,"date":"2010-04-02T01:06:50","date_gmt":"2010-04-02T03:06:50","guid":{"rendered":"http:\/\/www.ecclesia.com.br\/news\/?p=4048"},"modified":"2016-03-16T04:26:19","modified_gmt":"2016-03-16T04:26:19","slug":"189%c2%ba-aniversario-patrio-da-grecia-em-buenos-aires","status":"publish","type":"post","link":"https:\/\/news.ecclesia.org.br\/?p=4048","title":{"rendered":"189\u00ba anivers\u00e1rio p\u00e1trio da Gr\u00e9cia em Buenos Aires"},"content":{"rendered":"<p style=\"text-align: justify;\">BUENOS AIRES, Argentina,\u00a0 1\u00ba de abril de 2010 [<a href=\"http:\/\/www.ortodoxia.org\" target=\"_blank\">www.ortodoxia.org<\/a>] &#8212;\u00a0A passagem do 189\u00ba anivers\u00e1rio da Independ\u00eancia da Gr\u00e9cia foi comemorada pela Federa\u00e7\u00e3o Pan-hel\u00eanica da Argentina (FEPHA) com um programa de atividades que se desenvolveu durante tr\u00eas dias consecutivos, incluindo atra\u00e7\u00f5es para todos os p\u00fablicos. Na quinta-feira, 25 e na sexta-feira, 26 de mar\u00e7o, houve uma mostra cultural e art\u00edstica na Casa da Cultura do Governo da Cidade de Buenos Aires. Durante estes dois dias aconteceram no\u00a0\u00abP\u00e1tio da Cultura\u00bb da Casa da Cultura apresenta\u00e7\u00f5es de artistas gregos com mostras de fotografias, pinturas, esculturas, \u00abvitrofusion\u00bb e trajes t\u00edpicos de diferentes regi\u00f5es da Gr\u00e9cia. No \u00abSal\u00e3o Dourado\u00bb da Casa da Cultura foram realizadas diferentes atividades culturais, tais como: palestras, canto, coral, dan\u00e7a-teatro e recita\u00e7\u00f5es por helenos e filohelenos. Para fechar o evento, no s\u00e1bado, 27, houve um desfile das comunidades gregas do qual participaram as Coletividades, Escolas de Dan\u00e7a, Entidades Educativas e o p\u00fablico heleno em geral, escoltando a Banda da Armada Nacional Argentina que executou marchas militares. Neste ano, o encerramento contou ainda com demonstra\u00e7\u00e3o art\u00edstica de grupos de dan\u00e7a das coletividades de todo o pa\u00eds. Vale destacar que o evento, promovido pela FEPHA, contou este ano com a participa\u00e7\u00e3o de jovens do Chile, do Brasil e do Uruguai, e com a ilustre presen\u00e7a do arcebispo metropolitano de Buenos Aires, Primaz e Exarca da Am\u00e9rica do Sul, Dom Tarasios, que estava acompanhado, durante os tr\u00eas dias do evento, \u00a0pelo clero local, membros do Conselho Arquidiocesano, o Embaixador da Gr\u00e9cia na Argentina, Sr. Michael B. Christides, o corpo diplom\u00e1tico, o Clube Europeu, as Diretorias das Coletividades e autoridades educacionais.<\/p>\n","protected":false},"excerpt":{"rendered":"<p>BUENOS AIRES, Argentina,\u00a0 1\u00ba de abril de 2010 [www.ortodoxia.org] &#8212;\u00a0A passagem do 189\u00ba anivers\u00e1rio da Independ\u00eancia da Gr\u00e9cia foi comemorada pela Federa\u00e7\u00e3o Pan-hel\u00eanica da Argentina (FEPHA) com um programa de atividades que se desenvolveu durante tr\u00eas dias consecutivos, incluindo atra\u00e7\u00f5es&#8230;<\/p>\n","protected":false},"author":1,"featured_media":15467,"comment_status":"open","ping_status":"open","sticky":false,"template":"","format":"standard","meta":{"_acf_changed":false,"footnotes":""},"categories":[1],"tags":[],"class_list":["post-4048","post","type-post","status-publish","format-standard","has-post-thumbnail","hentry","category-news","entry","rows-excerpt"],"acf":[],"yoast_head":"<!-- This site is optimized with the Yoast SEO plugin v27.5 - https:\/\/yoast.com\/product\/yoast-seo-wordpress\/ -->\n<title>189\u00ba anivers\u00e1rio p\u00e1trio da Gr\u00e9cia em Buenos Aires | ECCLESIA NEWS<\/title>\n<meta name=\"robots\" content=\"index, follow, max-snippet:-1, max-image-preview:large, max-video-preview:-1\" \/>\n<link rel=\"canonical\" href=\"https:\/\/news.ecclesia.org.br\/?p=4048\" \/>\n<meta property=\"og:locale\" content=\"pt_BR\" \/>\n<meta property=\"og:type\" content=\"article\" \/>\n<meta property=\"og:title\" content=\"189\u00ba anivers\u00e1rio p\u00e1trio da Gr\u00e9cia em Buenos Aires | ECCLESIA NEWS\" \/>\n<meta property=\"og:description\" content=\"BUENOS AIRES, Argentina,\u00a0 1\u00ba de abril de 2010 [www.ortodoxia.org] &#8212;\u00a0A passagem do 189\u00ba anivers\u00e1rio da Independ\u00eancia da Gr\u00e9cia foi comemorada pela Federa\u00e7\u00e3o Pan-hel\u00eanica da Argentina (FEPHA) com um programa de atividades que se desenvolveu durante tr\u00eas dias consecutivos, incluindo atra\u00e7\u00f5es&#8230;\" \/>\n<meta property=\"og:url\" content=\"https:\/\/news.ecclesia.org.br\/?p=4048\" \/>\n<meta property=\"og:site_name\" content=\"ECCLESIA NEWS\" \/>\n<meta property=\"article:publisher\" content=\"https:\/\/www.facebook.com\/Ecclesia2025\" \/>\n<meta property=\"article:published_time\" content=\"2010-04-02T03:06:50+00:00\" \/>\n<meta property=\"article:modified_time\" content=\"2016-03-16T04:26:19+00:00\" \/>\n<meta property=\"og:image\" content=\"https:\/\/news.ecclesia.org.br\/wp-content\/uploads\/2010\/04\/007.jpg\" \/>\n\t<meta property=\"og:image:width\" content=\"1185\" \/>\n\t<meta property=\"og:image:height\" content=\"480\" \/>\n\t<meta property=\"og:image:type\" content=\"image\/jpeg\" \/>\n<meta name=\"author\" content=\"Pe. Andr\u00e9\" \/>\n<meta name=\"twitter:card\" content=\"summary_large_image\" \/>\n<meta name=\"twitter:creator\" content=\"@EcclesiaNews\" \/>\n<meta name=\"twitter:site\" content=\"@EcclesiaNews\" \/>\n<meta name=\"twitter:label1\" content=\"Escrito por\" \/>\n\t<meta name=\"twitter:data1\" content=\"Pe. Andr\u00e9\" \/>\n\t<meta name=\"twitter:label2\" content=\"Est. tempo de leitura\" \/>\n\t<meta name=\"twitter:data2\" content=\"1 minuto\" \/>\n<script type=\"application\/ld+json\" class=\"yoast-schema-graph\">{\"@context\":\"https:\\\/\\\/schema.org\",\"@graph\":[{\"@type\":\"Article\",\"@id\":\"https:\\\/\\\/news.ecclesia.org.br\\\/?p=4048#article\",\"isPartOf\":{\"@id\":\"https:\\\/\\\/news.ecclesia.org.br\\\/?p=4048\"},\"author\":{\"name\":\"Pe. Andr\u00e9\",\"@id\":\"https:\\\/\\\/news.ecclesia.org.br\\\/#\\\/schema\\\/person\\\/6f09597f025829745ba414a569f63758\"},\"headline\":\"189\u00ba anivers\u00e1rio p\u00e1trio da Gr\u00e9cia em Buenos Aires\",\"datePublished\":\"2010-04-02T03:06:50+00:00\",\"dateModified\":\"2016-03-16T04:26:19+00:00\",\"mainEntityOfPage\":{\"@id\":\"https:\\\/\\\/news.ecclesia.org.br\\\/?p=4048\"},\"wordCount\":305,\"commentCount\":0,\"publisher\":{\"@id\":\"https:\\\/\\\/news.ecclesia.org.br\\\/#organization\"},\"image\":{\"@id\":\"https:\\\/\\\/news.ecclesia.org.br\\\/?p=4048#primaryimage\"},\"thumbnailUrl\":\"https:\\\/\\\/news.ecclesia.org.br\\\/wp-content\\\/uploads\\\/2010\\\/04\\\/007.jpg\",\"articleSection\":[\"NEWS\"],\"inLanguage\":\"pt-BR\",\"potentialAction\":[{\"@type\":\"CommentAction\",\"name\":\"Comment\",\"target\":[\"https:\\\/\\\/news.ecclesia.org.br\\\/?p=4048#respond\"]}]},{\"@type\":\"WebPage\",\"@id\":\"https:\\\/\\\/news.ecclesia.org.br\\\/?p=4048\",\"url\":\"https:\\\/\\\/news.ecclesia.org.br\\\/?p=4048\",\"name\":\"189\u00ba anivers\u00e1rio p\u00e1trio da Gr\u00e9cia em Buenos Aires | ECCLESIA NEWS\",\"isPartOf\":{\"@id\":\"https:\\\/\\\/news.ecclesia.org.br\\\/#website\"},\"primaryImageOfPage\":{\"@id\":\"https:\\\/\\\/news.ecclesia.org.br\\\/?p=4048#primaryimage\"},\"image\":{\"@id\":\"https:\\\/\\\/news.ecclesia.org.br\\\/?p=4048#primaryimage\"},\"thumbnailUrl\":\"https:\\\/\\\/news.ecclesia.org.br\\\/wp-content\\\/uploads\\\/2010\\\/04\\\/007.jpg\",\"datePublished\":\"2010-04-02T03:06:50+00:00\",\"dateModified\":\"2016-03-16T04:26:19+00:00\",\"breadcrumb\":{\"@id\":\"https:\\\/\\\/news.ecclesia.org.br\\\/?p=4048#breadcrumb\"},\"inLanguage\":\"pt-BR\",\"potentialAction\":[{\"@type\":\"ReadAction\",\"target\":[\"https:\\\/\\\/news.ecclesia.org.br\\\/?p=4048\"]}]},{\"@type\":\"ImageObject\",\"inLanguage\":\"pt-BR\",\"@id\":\"https:\\\/\\\/news.ecclesia.org.br\\\/?p=4048#primaryimage\",\"url\":\"https:\\\/\\\/news.ecclesia.org.br\\\/wp-content\\\/uploads\\\/2010\\\/04\\\/007.jpg\",\"contentUrl\":\"https:\\\/\\\/news.ecclesia.org.br\\\/wp-content\\\/uploads\\\/2010\\\/04\\\/007.jpg\",\"width\":1185,\"height\":480},{\"@type\":\"BreadcrumbList\",\"@id\":\"https:\\\/\\\/news.ecclesia.org.br\\\/?p=4048#breadcrumb\",\"itemListElement\":[{\"@type\":\"ListItem\",\"position\":1,\"name\":\"In\u00edcio\",\"item\":\"https:\\\/\\\/news.ecclesia.org.br\\\/\"},{\"@type\":\"ListItem\",\"position\":2,\"name\":\"189\u00ba anivers\u00e1rio p\u00e1trio da Gr\u00e9cia em Buenos Aires\"}]},{\"@type\":\"WebSite\",\"@id\":\"https:\\\/\\\/news.ecclesia.org.br\\\/#website\",\"url\":\"https:\\\/\\\/news.ecclesia.org.br\\\/\",\"name\":\"Ecclesia Brasil\",\"description\":\"Desde 2003 onectando o Brasil ao mundo ortodoxo!\",\"publisher\":{\"@id\":\"https:\\\/\\\/news.ecclesia.org.br\\\/#organization\"},\"alternateName\":\"Ecclesia\",\"potentialAction\":[{\"@type\":\"SearchAction\",\"target\":{\"@type\":\"EntryPoint\",\"urlTemplate\":\"https:\\\/\\\/news.ecclesia.org.br\\\/?s={search_term_string}\"},\"query-input\":{\"@type\":\"PropertyValueSpecification\",\"valueRequired\":true,\"valueName\":\"search_term_string\"}}],\"inLanguage\":\"pt-BR\"},{\"@type\":\"Organization\",\"@id\":\"https:\\\/\\\/news.ecclesia.org.br\\\/#organization\",\"name\":\"Sacra Arquidiocese de Buenos Aires e Am\u00e9rica do Sul | Patriarcado Ecum\u00eanico\",\"alternateName\":\"News Ecclesia Brasil\",\"url\":\"https:\\\/\\\/news.ecclesia.org.br\\\/\",\"logo\":{\"@type\":\"ImageObject\",\"inLanguage\":\"pt-BR\",\"@id\":\"https:\\\/\\\/news.ecclesia.org.br\\\/#\\\/schema\\\/logo\\\/image\\\/\",\"url\":\"https:\\\/\\\/news.ecclesia.org.br\\\/wp-content\\\/uploads\\\/2025\\\/05\\\/ecclesia2.png\",\"contentUrl\":\"https:\\\/\\\/news.ecclesia.org.br\\\/wp-content\\\/uploads\\\/2025\\\/05\\\/ecclesia2.png\",\"width\":480,\"height\":120,\"caption\":\"Sacra Arquidiocese de Buenos Aires e Am\u00e9rica do Sul | Patriarcado Ecum\u00eanico\"},\"image\":{\"@id\":\"https:\\\/\\\/news.ecclesia.org.br\\\/#\\\/schema\\\/logo\\\/image\\\/\"},\"sameAs\":[\"https:\\\/\\\/www.facebook.com\\\/Ecclesia2025\",\"https:\\\/\\\/x.com\\\/EcclesiaNews\",\"https:\\\/\\\/br.pinterest.com\\\/ekklisia\\\/\",\"https:\\\/\\\/www.youtube.com\\\/@EcclesiaBrasil\"]},{\"@type\":\"Person\",\"@id\":\"https:\\\/\\\/news.ecclesia.org.br\\\/#\\\/schema\\\/person\\\/6f09597f025829745ba414a569f63758\",\"name\":\"Pe. Andr\u00e9\",\"image\":{\"@type\":\"ImageObject\",\"inLanguage\":\"pt-BR\",\"@id\":\"https:\\\/\\\/secure.gravatar.com\\\/avatar\\\/b4327cfa27e9799da239a26adcd534fc29cdc0c4a4a148eecbcfeb9b42c617ac?s=96&d=mm&r=g\",\"url\":\"https:\\\/\\\/secure.gravatar.com\\\/avatar\\\/b4327cfa27e9799da239a26adcd534fc29cdc0c4a4a148eecbcfeb9b42c617ac?s=96&d=mm&r=g\",\"contentUrl\":\"https:\\\/\\\/secure.gravatar.com\\\/avatar\\\/b4327cfa27e9799da239a26adcd534fc29cdc0c4a4a148eecbcfeb9b42c617ac?s=96&d=mm&r=g\",\"caption\":\"Pe. Andr\u00e9\"},\"sameAs\":[\"https:\\\/\\\/www.ecclesia.org.br\"]}]}<\/script>\n<!-- \/ Yoast SEO plugin. -->","yoast_head_json":{"title":"189\u00ba anivers\u00e1rio p\u00e1trio da Gr\u00e9cia em Buenos Aires | ECCLESIA NEWS","robots":{"index":"index","follow":"follow","max-snippet":"max-snippet:-1","max-image-preview":"max-image-preview:large","max-video-preview":"max-video-preview:-1"},"canonical":"https:\/\/news.ecclesia.org.br\/?p=4048","og_locale":"pt_BR","og_type":"article","og_title":"189\u00ba anivers\u00e1rio p\u00e1trio da Gr\u00e9cia em Buenos Aires | ECCLESIA NEWS","og_description":"BUENOS AIRES, Argentina,\u00a0 1\u00ba de abril de 2010 [www.ortodoxia.org] &#8212;\u00a0A passagem do 189\u00ba anivers\u00e1rio da Independ\u00eancia da Gr\u00e9cia foi comemorada pela Federa\u00e7\u00e3o Pan-hel\u00eanica da Argentina (FEPHA) com um programa de atividades que se desenvolveu durante tr\u00eas dias consecutivos, incluindo atra\u00e7\u00f5es&#8230;","og_url":"https:\/\/news.ecclesia.org.br\/?p=4048","og_site_name":"ECCLESIA NEWS","article_publisher":"https:\/\/www.facebook.com\/Ecclesia2025","article_published_time":"2010-04-02T03:06:50+00:00","article_modified_time":"2016-03-16T04:26:19+00:00","og_image":[{"width":1185,"height":480,"url":"https:\/\/news.ecclesia.org.br\/wp-content\/uploads\/2010\/04\/007.jpg","type":"image\/jpeg"}],"author":"Pe. Andr\u00e9","twitter_card":"summary_large_image","twitter_creator":"@EcclesiaNews","twitter_site":"@EcclesiaNews","twitter_misc":{"Escrito por":"Pe. Andr\u00e9","Est. tempo de leitura":"1 minuto"},"schema":{"@context":"https:\/\/schema.org","@graph":[{"@type":"Article","@id":"https:\/\/news.ecclesia.org.br\/?p=4048#article","isPartOf":{"@id":"https:\/\/news.ecclesia.org.br\/?p=4048"},"author":{"name":"Pe. Andr\u00e9","@id":"https:\/\/news.ecclesia.org.br\/#\/schema\/person\/6f09597f025829745ba414a569f63758"},"headline":"189\u00ba anivers\u00e1rio p\u00e1trio da Gr\u00e9cia em Buenos Aires","datePublished":"2010-04-02T03:06:50+00:00","dateModified":"2016-03-16T04:26:19+00:00","mainEntityOfPage":{"@id":"https:\/\/news.ecclesia.org.br\/?p=4048"},"wordCount":305,"commentCount":0,"publisher":{"@id":"https:\/\/news.ecclesia.org.br\/#organization"},"image":{"@id":"https:\/\/news.ecclesia.org.br\/?p=4048#primaryimage"},"thumbnailUrl":"https:\/\/news.ecclesia.org.br\/wp-content\/uploads\/2010\/04\/007.jpg","articleSection":["NEWS"],"inLanguage":"pt-BR","potentialAction":[{"@type":"CommentAction","name":"Comment","target":["https:\/\/news.ecclesia.org.br\/?p=4048#respond"]}]},{"@type":"WebPage","@id":"https:\/\/news.ecclesia.org.br\/?p=4048","url":"https:\/\/news.ecclesia.org.br\/?p=4048","name":"189\u00ba anivers\u00e1rio p\u00e1trio da Gr\u00e9cia em Buenos Aires | ECCLESIA NEWS","isPartOf":{"@id":"https:\/\/news.ecclesia.org.br\/#website"},"primaryImageOfPage":{"@id":"https:\/\/news.ecclesia.org.br\/?p=4048#primaryimage"},"image":{"@id":"https:\/\/news.ecclesia.org.br\/?p=4048#primaryimage"},"thumbnailUrl":"https:\/\/news.ecclesia.org.br\/wp-content\/uploads\/2010\/04\/007.jpg","datePublished":"2010-04-02T03:06:50+00:00","dateModified":"2016-03-16T04:26:19+00:00","breadcrumb":{"@id":"https:\/\/news.ecclesia.org.br\/?p=4048#breadcrumb"},"inLanguage":"pt-BR","potentialAction":[{"@type":"ReadAction","target":["https:\/\/news.ecclesia.org.br\/?p=4048"]}]},{"@type":"ImageObject","inLanguage":"pt-BR","@id":"https:\/\/news.ecclesia.org.br\/?p=4048#primaryimage","url":"https:\/\/news.ecclesia.org.br\/wp-content\/uploads\/2010\/04\/007.jpg","contentUrl":"https:\/\/news.ecclesia.org.br\/wp-content\/uploads\/2010\/04\/007.jpg","width":1185,"height":480},{"@type":"BreadcrumbList","@id":"https:\/\/news.ecclesia.org.br\/?p=4048#breadcrumb","itemListElement":[{"@type":"ListItem","position":1,"name":"In\u00edcio","item":"https:\/\/news.ecclesia.org.br\/"},{"@type":"ListItem","position":2,"name":"189\u00ba anivers\u00e1rio p\u00e1trio da Gr\u00e9cia em Buenos Aires"}]},{"@type":"WebSite","@id":"https:\/\/news.ecclesia.org.br\/#website","url":"https:\/\/news.ecclesia.org.br\/","name":"Ecclesia Brasil","description":"Desde 2003 onectando o Brasil ao mundo ortodoxo!","publisher":{"@id":"https:\/\/news.ecclesia.org.br\/#organization"},"alternateName":"Ecclesia","potentialAction":[{"@type":"SearchAction","target":{"@type":"EntryPoint","urlTemplate":"https:\/\/news.ecclesia.org.br\/?s={search_term_string}"},"query-input":{"@type":"PropertyValueSpecification","valueRequired":true,"valueName":"search_term_string"}}],"inLanguage":"pt-BR"},{"@type":"Organization","@id":"https:\/\/news.ecclesia.org.br\/#organization","name":"Sacra Arquidiocese de Buenos Aires e Am\u00e9rica do Sul | Patriarcado Ecum\u00eanico","alternateName":"News Ecclesia Brasil","url":"https:\/\/news.ecclesia.org.br\/","logo":{"@type":"ImageObject","inLanguage":"pt-BR","@id":"https:\/\/news.ecclesia.org.br\/#\/schema\/logo\/image\/","url":"https:\/\/news.ecclesia.org.br\/wp-content\/uploads\/2025\/05\/ecclesia2.png","contentUrl":"https:\/\/news.ecclesia.org.br\/wp-content\/uploads\/2025\/05\/ecclesia2.png","width":480,"height":120,"caption":"Sacra Arquidiocese de Buenos Aires e Am\u00e9rica do Sul | Patriarcado Ecum\u00eanico"},"image":{"@id":"https:\/\/news.ecclesia.org.br\/#\/schema\/logo\/image\/"},"sameAs":["https:\/\/www.facebook.com\/Ecclesia2025","https:\/\/x.com\/EcclesiaNews","https:\/\/br.pinterest.com\/ekklisia\/","https:\/\/www.youtube.com\/@EcclesiaBrasil"]},{"@type":"Person","@id":"https:\/\/news.ecclesia.org.br\/#\/schema\/person\/6f09597f025829745ba414a569f63758","name":"Pe. Andr\u00e9","image":{"@type":"ImageObject","inLanguage":"pt-BR","@id":"https:\/\/secure.gravatar.com\/avatar\/b4327cfa27e9799da239a26adcd534fc29cdc0c4a4a148eecbcfeb9b42c617ac?s=96&d=mm&r=g","url":"https:\/\/secure.gravatar.com\/avatar\/b4327cfa27e9799da239a26adcd534fc29cdc0c4a4a148eecbcfeb9b42c617ac?s=96&d=mm&r=g","contentUrl":"https:\/\/secure.gravatar.com\/avatar\/b4327cfa27e9799da239a26adcd534fc29cdc0c4a4a148eecbcfeb9b42c617ac?s=96&d=mm&r=g","caption":"Pe. Andr\u00e9"},"sameAs":["https:\/\/www.ecclesia.org.br"]}]}},"_links":{"self":[{"href":"https:\/\/news.ecclesia.org.br\/index.php?rest_route=\/wp\/v2\/posts\/4048","targetHints":{"allow":["GET"]}}],"collection":[{"href":"https:\/\/news.ecclesia.org.br\/index.php?rest_route=\/wp\/v2\/posts"}],"about":[{"href":"https:\/\/news.ecclesia.org.br\/index.php?rest_route=\/wp\/v2\/types\/post"}],"author":[{"embeddable":true,"href":"https:\/\/news.ecclesia.org.br\/index.php?rest_route=\/wp\/v2\/users\/1"}],"replies":[{"embeddable":true,"href":"https:\/\/news.ecclesia.org.br\/index.php?rest_route=%2Fwp%2Fv2%2Fcomments&post=4048"}],"version-history":[{"count":0,"href":"https:\/\/news.ecclesia.org.br\/index.php?rest_route=\/wp\/v2\/posts\/4048\/revisions"}],"wp:featuredmedia":[{"embeddable":true,"href":"https:\/\/news.ecclesia.org.br\/index.php?rest_route=\/wp\/v2\/media\/15467"}],"wp:attachment":[{"href":"https:\/\/news.ecclesia.org.br\/index.php?rest_route=%2Fwp%2Fv2%2Fmedia&parent=4048"}],"wp:term":[{"taxonomy":"category","embeddable":true,"href":"https:\/\/news.ecclesia.org.br\/index.php?rest_route=%2Fwp%2Fv2%2Fcategories&post=4048"},{"taxonomy":"post_tag","embeddable":true,"href":"https:\/\/news.ecclesia.org.br\/index.php?rest_route=%2Fwp%2Fv2%2Ftags&post=4048"}],"curies":[{"name":"wp","href":"https:\/\/api.w.org\/{rel}","templated":true}]}}