{"id":4000,"date":"2010-03-30T18:19:31","date_gmt":"2010-03-30T20:19:31","guid":{"rendered":"http:\/\/www.ecclesia.com.br\/news\/?p=4000"},"modified":"2016-03-15T23:12:47","modified_gmt":"2016-03-15T23:12:47","slug":"depois-do-oficio-liturgico-pelas-vitimas-do-terremoto-o-arcebispo-tarasios-visita-o-chile","status":"publish","type":"post","link":"https:\/\/news.ecclesia.org.br\/?p=4000","title":{"rendered":"Depois do Of\u00edcio Lit\u00fargico pelas v\u00edtimas do terremoto, o Arcebispo Tarasios visita o Chile"},"content":{"rendered":"<p style=\"text-align: justify;\">SANTIAGO, Chile,\u00a030 de mar\u00e7o de 2010 &#8211; [<a href=\"http:\/\/www.ortodoxia.org\" target=\"_blank\">www.ortodoxia.org<\/a>]\u00a0O arcebispo metropolitano de Buenos Aires, Dom Tarasios, acompanhado pelo arcebispo metropolitano de Dardanelos, Dom Nikitas, visitou o no \u00faltimo domingo, 21 de mar\u00e7o o Chile, um pa\u00eds atingido pelo grande terremoto de 8,8 na escala Richter em 27 de fevereiro passado. Em uma comovedora celebra\u00e7\u00e3o da Divina Liturgia, na qual tamb\u00e9m se realizou uma doxologia, os fi\u00e9is lotaram a igreja, ocupando inclusive o \u00e1trio da mesma. Entre os presentes estavam: a \u00a0Exma. embaixadora da Gr\u00e9cia no Chile, Sra. Chryssoula Karykopoulou-Vlavianou, o coordenador do SAE (Conselho dos gregos do exterior) para a Regi\u00e3o das Am\u00e9ricas Central e do Sul, o Arconte Deputado Nikiforos Nicolaides, o presidente da Coletividade Hel\u00eanica de \u00a0Santiago do Chile, Sr. Mario Mancuso, o C\u00f4nsul Honor\u00e1rio da Gr\u00e9cia em Valparaiso, Sr. Alex Eduardo Guerra Sclavos, o presidente da Comiss\u00e3o Eclesi\u00e1stica da par\u00f3quia local e membro do Conselho Arquidiocesano Sr. Sr. Demetrio Sclavos, entre outros.<\/p>\n<p style=\"text-align: justify;\">Durante a solene celebra\u00e7\u00e3o, o Arcebispo Tarasios leu a <a href=\"http:\/\/www.ecclesia.com.br\/news\/?p=3824\">mensagem do Patriarca Ecum\u00eanico<\/a> Bartolomeu I, na qual o patriarca se dirige, tanto aos fi\u00e9is ortodoxos como tamb\u00e9m ao t\u00e3o sofrido povo chileno. Por sua parte, o arcebispo refletiu, em sua homilia, sobre como fortalecer a f\u00e9 dos cidad\u00e3os aterrorizados por tamanha cat\u00e1strofe. [&#8230;] Como \u00e9 dif\u00edcil interpretar os divinos sinais! Como \u00e9 dif\u00edcil compreender os des\u00edgnios de Deus! \u00c9 necess\u00e1ria a grande virtude do discernimento. Como podemos hoje compreender e interpretar a cat\u00e1strofe que recentemente abalou o Chile? Recorro ao pensamento do hin\u00f3grafo que nos recorda que Deus faz tremer a terra para \u00abaperfei\u00e7oar a nossa bondade\u00bb: Este \u00e9 o desejo de Deus, e sua vontade, manifestada, muitas vezes, atrav\u00e9s da natureza e com viol\u00eancia, est\u00e1 orientada para o bem do homem, para a sua edifica\u00e7\u00e3o, de sua alma e de seu corpo, para a sua perfei\u00e7\u00e3o, para a sua supera\u00e7\u00e3o, enfim, para a sua salva\u00e7\u00e3o. E, eis aqui a resposta, ainda que limitada, \u00e0 nossa pergunta\u00bb [<a href=\"http:\/\/www.ecclesia.com.br\/news\/?p=3812\">Ler toda a mensagem<\/a>]<\/p>\n<p style=\"text-align: justify;\">Em seguida, tomou a palavra o arcebispo Dom Nikitas para levar sua palavra de conforto ao fi\u00e9is e a todo o povo chileno, falando, na seq\u00fc\u00eancia, a Embaixadora Karykopoulou \u00a0e o Sr. Mancuso. Ao final, o arcebispo Tarasios fez a entrega de um presente enviado especialmente pelo Patriarca Ecum\u00eanico Bartolomeu I. Vale salientar que a visita de Dom Tarasios a Santiago se dava ap\u00f3s sua viagem ao Fanar, Constantinopla, onde participou da primeira reuni\u00e3o do Sacro S\u00ednodo do Patriarcado Ecum\u00eanico de Constantinopla, na qualidade de um de seus membros e que, alguns dias antes, a arquidiocese havia realizado um of\u00edcio na Catedral da Dormi\u00e7\u00e3o da Theotokos de Buenos Aires, presidido por seu Primaz, em mem\u00f3ria das v\u00edtimas e pelos atingidos por esta grande cat\u00e1strofe natural no Chile. Nessa ocasi\u00e3o, foi enviado a carta acima referida \u00e0 Embaixada do Chile na Argentina, tendo sido recebida com profunda gratid\u00e3o pelo Embaixador, Sr. Luis Osvaldo Maira Aguirre. Durante a sua visita, o Arcebispo Tarasios teve a oportunidade de percorrer as ruas da capital chilena, e ver de muito perto a destrui\u00e7\u00e3o causada pelo devastador terremoto. Visitou tamb\u00e9m a Funda\u00e7\u00e3o S\u00e3o Nect\u00e1rios, tendo sido recebido por sua seu presidente e representante legal, Sra. Terpsithea Chilovitis. A Arquidiocese mant\u00e9m uma rela\u00e7\u00e3o estreita com esta Funda\u00e7\u00e3o que oferece assist\u00eancia gratuita a crian\u00e7as e jovens com dificuldades especiais. Seu fundador foi o cl\u00e9rigo ortodoxo Pe. Jorge Luis Galindo (QEDP). O Arcebispo Tarasios mostrou-se preocupado ap\u00f3s a visita que fez ao pr\u00e9dio da Comunidade Hel\u00eanica local, onde a maior parte de sua superf\u00edcie foi danificada pelo terremoto. Com efeito, a institui\u00e7\u00e3o viu-se obrigada a suspender algumas das suas atividades essenciais. O Primaz de Buenos Aires participou de um almo\u00e7o em sua homenagem oferecido pela embaixadora e, mais tarde, de um jantar oferecido pelo Senhor coordenador do SAE. Em ambas as ocasi\u00f5es o Exarca da Am\u00e9rica do Sul manteve contatos com o empres\u00e1rio grego e titular da Funda\u00e7\u00e3o Mustakis, Sr. Gabriel Mustakis Dragonas e com o Sr. Demetrio Sclavos, sobre as atividades pastorais da Arquidiocese e sobre a preocupa\u00e7\u00e3o atual quanto a coopera\u00e7\u00e3o e assist\u00eancia \u00e0s v\u00edtimas do terremoto.<\/p>\n<p style=\"text-align: justify;\">\n","protected":false},"excerpt":{"rendered":"<p>SANTIAGO, Chile,\u00a030 de mar\u00e7o de 2010 &#8211; [www.ortodoxia.org]\u00a0O arcebispo metropolitano de Buenos Aires, Dom Tarasios, acompanhado pelo arcebispo metropolitano de Dardanelos, Dom Nikitas, visitou o no \u00faltimo domingo, 21 de mar\u00e7o o Chile, um pa\u00eds atingido pelo grande terremoto de&#8230;<\/p>\n","protected":false},"author":1,"featured_media":15341,"comment_status":"open","ping_status":"open","sticky":false,"template":"","format":"standard","meta":{"_acf_changed":false,"footnotes":""},"categories":[1],"tags":[],"class_list":["post-4000","post","type-post","status-publish","format-standard","has-post-thumbnail","hentry","category-news","entry","rows-excerpt"],"acf":[],"yoast_head":"<!-- This site is optimized with the Yoast SEO plugin v27.5 - https:\/\/yoast.com\/product\/yoast-seo-wordpress\/ -->\n<title>Depois do Of\u00edcio Lit\u00fargico pelas v\u00edtimas do terremoto, o Arcebispo Tarasios visita o Chile | ECCLESIA NEWS<\/title>\n<meta name=\"robots\" content=\"index, follow, max-snippet:-1, max-image-preview:large, max-video-preview:-1\" \/>\n<link rel=\"canonical\" href=\"https:\/\/news.ecclesia.org.br\/?p=4000\" \/>\n<meta property=\"og:locale\" content=\"pt_BR\" \/>\n<meta property=\"og:type\" content=\"article\" \/>\n<meta property=\"og:title\" content=\"Depois do Of\u00edcio Lit\u00fargico pelas v\u00edtimas do terremoto, o Arcebispo Tarasios visita o Chile | ECCLESIA NEWS\" \/>\n<meta property=\"og:description\" content=\"SANTIAGO, Chile,\u00a030 de mar\u00e7o de 2010 &#8211; [www.ortodoxia.org]\u00a0O arcebispo metropolitano de Buenos Aires, Dom Tarasios, acompanhado pelo arcebispo metropolitano de Dardanelos, Dom Nikitas, visitou o no \u00faltimo domingo, 21 de mar\u00e7o o Chile, um pa\u00eds atingido pelo grande terremoto de&#8230;\" \/>\n<meta property=\"og:url\" content=\"https:\/\/news.ecclesia.org.br\/?p=4000\" \/>\n<meta property=\"og:site_name\" content=\"ECCLESIA NEWS\" \/>\n<meta property=\"article:publisher\" content=\"https:\/\/www.facebook.com\/Ecclesia2025\" \/>\n<meta property=\"article:published_time\" content=\"2010-03-30T20:19:31+00:00\" \/>\n<meta property=\"article:modified_time\" content=\"2016-03-15T23:12:47+00:00\" \/>\n<meta property=\"og:image\" content=\"https:\/\/news.ecclesia.org.br\/wp-content\/uploads\/2010\/03\/igreja-chile.jpg\" \/>\n\t<meta property=\"og:image:width\" content=\"384\" \/>\n\t<meta property=\"og:image:height\" content=\"512\" \/>\n\t<meta property=\"og:image:type\" content=\"image\/jpeg\" \/>\n<meta name=\"author\" content=\"Pe. Andr\u00e9\" \/>\n<meta name=\"twitter:card\" content=\"summary_large_image\" \/>\n<meta name=\"twitter:creator\" content=\"@EcclesiaNews\" \/>\n<meta name=\"twitter:site\" content=\"@EcclesiaNews\" \/>\n<meta name=\"twitter:label1\" content=\"Escrito por\" \/>\n\t<meta name=\"twitter:data1\" content=\"Pe. Andr\u00e9\" \/>\n\t<meta name=\"twitter:label2\" content=\"Est. tempo de leitura\" \/>\n\t<meta name=\"twitter:data2\" content=\"4 minutos\" \/>\n<script type=\"application\/ld+json\" class=\"yoast-schema-graph\">{\"@context\":\"https:\\\/\\\/schema.org\",\"@graph\":[{\"@type\":\"Article\",\"@id\":\"https:\\\/\\\/news.ecclesia.org.br\\\/?p=4000#article\",\"isPartOf\":{\"@id\":\"https:\\\/\\\/news.ecclesia.org.br\\\/?p=4000\"},\"author\":{\"name\":\"Pe. Andr\u00e9\",\"@id\":\"https:\\\/\\\/news.ecclesia.org.br\\\/#\\\/schema\\\/person\\\/6f09597f025829745ba414a569f63758\"},\"headline\":\"Depois do Of\u00edcio Lit\u00fargico pelas v\u00edtimas do terremoto, o Arcebispo Tarasios visita o Chile\",\"datePublished\":\"2010-03-30T20:19:31+00:00\",\"dateModified\":\"2016-03-15T23:12:47+00:00\",\"mainEntityOfPage\":{\"@id\":\"https:\\\/\\\/news.ecclesia.org.br\\\/?p=4000\"},\"wordCount\":759,\"commentCount\":0,\"publisher\":{\"@id\":\"https:\\\/\\\/news.ecclesia.org.br\\\/#organization\"},\"image\":{\"@id\":\"https:\\\/\\\/news.ecclesia.org.br\\\/?p=4000#primaryimage\"},\"thumbnailUrl\":\"https:\\\/\\\/news.ecclesia.org.br\\\/wp-content\\\/uploads\\\/2010\\\/03\\\/igreja-chile.jpg\",\"articleSection\":[\"NEWS\"],\"inLanguage\":\"pt-BR\",\"potentialAction\":[{\"@type\":\"CommentAction\",\"name\":\"Comment\",\"target\":[\"https:\\\/\\\/news.ecclesia.org.br\\\/?p=4000#respond\"]}]},{\"@type\":\"WebPage\",\"@id\":\"https:\\\/\\\/news.ecclesia.org.br\\\/?p=4000\",\"url\":\"https:\\\/\\\/news.ecclesia.org.br\\\/?p=4000\",\"name\":\"Depois do Of\u00edcio Lit\u00fargico pelas v\u00edtimas do terremoto, o Arcebispo Tarasios visita o Chile | ECCLESIA NEWS\",\"isPartOf\":{\"@id\":\"https:\\\/\\\/news.ecclesia.org.br\\\/#website\"},\"primaryImageOfPage\":{\"@id\":\"https:\\\/\\\/news.ecclesia.org.br\\\/?p=4000#primaryimage\"},\"image\":{\"@id\":\"https:\\\/\\\/news.ecclesia.org.br\\\/?p=4000#primaryimage\"},\"thumbnailUrl\":\"https:\\\/\\\/news.ecclesia.org.br\\\/wp-content\\\/uploads\\\/2010\\\/03\\\/igreja-chile.jpg\",\"datePublished\":\"2010-03-30T20:19:31+00:00\",\"dateModified\":\"2016-03-15T23:12:47+00:00\",\"breadcrumb\":{\"@id\":\"https:\\\/\\\/news.ecclesia.org.br\\\/?p=4000#breadcrumb\"},\"inLanguage\":\"pt-BR\",\"potentialAction\":[{\"@type\":\"ReadAction\",\"target\":[\"https:\\\/\\\/news.ecclesia.org.br\\\/?p=4000\"]}]},{\"@type\":\"ImageObject\",\"inLanguage\":\"pt-BR\",\"@id\":\"https:\\\/\\\/news.ecclesia.org.br\\\/?p=4000#primaryimage\",\"url\":\"https:\\\/\\\/news.ecclesia.org.br\\\/wp-content\\\/uploads\\\/2010\\\/03\\\/igreja-chile.jpg\",\"contentUrl\":\"https:\\\/\\\/news.ecclesia.org.br\\\/wp-content\\\/uploads\\\/2010\\\/03\\\/igreja-chile.jpg\",\"width\":384,\"height\":512},{\"@type\":\"BreadcrumbList\",\"@id\":\"https:\\\/\\\/news.ecclesia.org.br\\\/?p=4000#breadcrumb\",\"itemListElement\":[{\"@type\":\"ListItem\",\"position\":1,\"name\":\"In\u00edcio\",\"item\":\"https:\\\/\\\/news.ecclesia.org.br\\\/\"},{\"@type\":\"ListItem\",\"position\":2,\"name\":\"Depois do Of\u00edcio Lit\u00fargico pelas v\u00edtimas do terremoto, o Arcebispo Tarasios visita o Chile\"}]},{\"@type\":\"WebSite\",\"@id\":\"https:\\\/\\\/news.ecclesia.org.br\\\/#website\",\"url\":\"https:\\\/\\\/news.ecclesia.org.br\\\/\",\"name\":\"Ecclesia Brasil\",\"description\":\"Desde 2003 onectando o Brasil ao mundo ortodoxo!\",\"publisher\":{\"@id\":\"https:\\\/\\\/news.ecclesia.org.br\\\/#organization\"},\"alternateName\":\"Ecclesia\",\"potentialAction\":[{\"@type\":\"SearchAction\",\"target\":{\"@type\":\"EntryPoint\",\"urlTemplate\":\"https:\\\/\\\/news.ecclesia.org.br\\\/?s={search_term_string}\"},\"query-input\":{\"@type\":\"PropertyValueSpecification\",\"valueRequired\":true,\"valueName\":\"search_term_string\"}}],\"inLanguage\":\"pt-BR\"},{\"@type\":\"Organization\",\"@id\":\"https:\\\/\\\/news.ecclesia.org.br\\\/#organization\",\"name\":\"Sacra Arquidiocese de Buenos Aires e Am\u00e9rica do Sul | Patriarcado Ecum\u00eanico\",\"alternateName\":\"News Ecclesia Brasil\",\"url\":\"https:\\\/\\\/news.ecclesia.org.br\\\/\",\"logo\":{\"@type\":\"ImageObject\",\"inLanguage\":\"pt-BR\",\"@id\":\"https:\\\/\\\/news.ecclesia.org.br\\\/#\\\/schema\\\/logo\\\/image\\\/\",\"url\":\"https:\\\/\\\/news.ecclesia.org.br\\\/wp-content\\\/uploads\\\/2025\\\/05\\\/ecclesia2.png\",\"contentUrl\":\"https:\\\/\\\/news.ecclesia.org.br\\\/wp-content\\\/uploads\\\/2025\\\/05\\\/ecclesia2.png\",\"width\":480,\"height\":120,\"caption\":\"Sacra Arquidiocese de Buenos Aires e Am\u00e9rica do Sul | Patriarcado Ecum\u00eanico\"},\"image\":{\"@id\":\"https:\\\/\\\/news.ecclesia.org.br\\\/#\\\/schema\\\/logo\\\/image\\\/\"},\"sameAs\":[\"https:\\\/\\\/www.facebook.com\\\/Ecclesia2025\",\"https:\\\/\\\/x.com\\\/EcclesiaNews\",\"https:\\\/\\\/br.pinterest.com\\\/ekklisia\\\/\",\"https:\\\/\\\/www.youtube.com\\\/@EcclesiaBrasil\"]},{\"@type\":\"Person\",\"@id\":\"https:\\\/\\\/news.ecclesia.org.br\\\/#\\\/schema\\\/person\\\/6f09597f025829745ba414a569f63758\",\"name\":\"Pe. Andr\u00e9\",\"image\":{\"@type\":\"ImageObject\",\"inLanguage\":\"pt-BR\",\"@id\":\"https:\\\/\\\/secure.gravatar.com\\\/avatar\\\/b4327cfa27e9799da239a26adcd534fc29cdc0c4a4a148eecbcfeb9b42c617ac?s=96&d=mm&r=g\",\"url\":\"https:\\\/\\\/secure.gravatar.com\\\/avatar\\\/b4327cfa27e9799da239a26adcd534fc29cdc0c4a4a148eecbcfeb9b42c617ac?s=96&d=mm&r=g\",\"contentUrl\":\"https:\\\/\\\/secure.gravatar.com\\\/avatar\\\/b4327cfa27e9799da239a26adcd534fc29cdc0c4a4a148eecbcfeb9b42c617ac?s=96&d=mm&r=g\",\"caption\":\"Pe. Andr\u00e9\"},\"sameAs\":[\"https:\\\/\\\/www.ecclesia.org.br\"]}]}<\/script>\n<!-- \/ Yoast SEO plugin. -->","yoast_head_json":{"title":"Depois do Of\u00edcio Lit\u00fargico pelas v\u00edtimas do terremoto, o Arcebispo Tarasios visita o Chile | ECCLESIA NEWS","robots":{"index":"index","follow":"follow","max-snippet":"max-snippet:-1","max-image-preview":"max-image-preview:large","max-video-preview":"max-video-preview:-1"},"canonical":"https:\/\/news.ecclesia.org.br\/?p=4000","og_locale":"pt_BR","og_type":"article","og_title":"Depois do Of\u00edcio Lit\u00fargico pelas v\u00edtimas do terremoto, o Arcebispo Tarasios visita o Chile | ECCLESIA NEWS","og_description":"SANTIAGO, Chile,\u00a030 de mar\u00e7o de 2010 &#8211; [www.ortodoxia.org]\u00a0O arcebispo metropolitano de Buenos Aires, Dom Tarasios, acompanhado pelo arcebispo metropolitano de Dardanelos, Dom Nikitas, visitou o no \u00faltimo domingo, 21 de mar\u00e7o o Chile, um pa\u00eds atingido pelo grande terremoto de&#8230;","og_url":"https:\/\/news.ecclesia.org.br\/?p=4000","og_site_name":"ECCLESIA NEWS","article_publisher":"https:\/\/www.facebook.com\/Ecclesia2025","article_published_time":"2010-03-30T20:19:31+00:00","article_modified_time":"2016-03-15T23:12:47+00:00","og_image":[{"width":384,"height":512,"url":"https:\/\/news.ecclesia.org.br\/wp-content\/uploads\/2010\/03\/igreja-chile.jpg","type":"image\/jpeg"}],"author":"Pe. Andr\u00e9","twitter_card":"summary_large_image","twitter_creator":"@EcclesiaNews","twitter_site":"@EcclesiaNews","twitter_misc":{"Escrito por":"Pe. Andr\u00e9","Est. tempo de leitura":"4 minutos"},"schema":{"@context":"https:\/\/schema.org","@graph":[{"@type":"Article","@id":"https:\/\/news.ecclesia.org.br\/?p=4000#article","isPartOf":{"@id":"https:\/\/news.ecclesia.org.br\/?p=4000"},"author":{"name":"Pe. Andr\u00e9","@id":"https:\/\/news.ecclesia.org.br\/#\/schema\/person\/6f09597f025829745ba414a569f63758"},"headline":"Depois do Of\u00edcio Lit\u00fargico pelas v\u00edtimas do terremoto, o Arcebispo Tarasios visita o Chile","datePublished":"2010-03-30T20:19:31+00:00","dateModified":"2016-03-15T23:12:47+00:00","mainEntityOfPage":{"@id":"https:\/\/news.ecclesia.org.br\/?p=4000"},"wordCount":759,"commentCount":0,"publisher":{"@id":"https:\/\/news.ecclesia.org.br\/#organization"},"image":{"@id":"https:\/\/news.ecclesia.org.br\/?p=4000#primaryimage"},"thumbnailUrl":"https:\/\/news.ecclesia.org.br\/wp-content\/uploads\/2010\/03\/igreja-chile.jpg","articleSection":["NEWS"],"inLanguage":"pt-BR","potentialAction":[{"@type":"CommentAction","name":"Comment","target":["https:\/\/news.ecclesia.org.br\/?p=4000#respond"]}]},{"@type":"WebPage","@id":"https:\/\/news.ecclesia.org.br\/?p=4000","url":"https:\/\/news.ecclesia.org.br\/?p=4000","name":"Depois do Of\u00edcio Lit\u00fargico pelas v\u00edtimas do terremoto, o Arcebispo Tarasios visita o Chile | ECCLESIA NEWS","isPartOf":{"@id":"https:\/\/news.ecclesia.org.br\/#website"},"primaryImageOfPage":{"@id":"https:\/\/news.ecclesia.org.br\/?p=4000#primaryimage"},"image":{"@id":"https:\/\/news.ecclesia.org.br\/?p=4000#primaryimage"},"thumbnailUrl":"https:\/\/news.ecclesia.org.br\/wp-content\/uploads\/2010\/03\/igreja-chile.jpg","datePublished":"2010-03-30T20:19:31+00:00","dateModified":"2016-03-15T23:12:47+00:00","breadcrumb":{"@id":"https:\/\/news.ecclesia.org.br\/?p=4000#breadcrumb"},"inLanguage":"pt-BR","potentialAction":[{"@type":"ReadAction","target":["https:\/\/news.ecclesia.org.br\/?p=4000"]}]},{"@type":"ImageObject","inLanguage":"pt-BR","@id":"https:\/\/news.ecclesia.org.br\/?p=4000#primaryimage","url":"https:\/\/news.ecclesia.org.br\/wp-content\/uploads\/2010\/03\/igreja-chile.jpg","contentUrl":"https:\/\/news.ecclesia.org.br\/wp-content\/uploads\/2010\/03\/igreja-chile.jpg","width":384,"height":512},{"@type":"BreadcrumbList","@id":"https:\/\/news.ecclesia.org.br\/?p=4000#breadcrumb","itemListElement":[{"@type":"ListItem","position":1,"name":"In\u00edcio","item":"https:\/\/news.ecclesia.org.br\/"},{"@type":"ListItem","position":2,"name":"Depois do Of\u00edcio Lit\u00fargico pelas v\u00edtimas do terremoto, o Arcebispo Tarasios visita o Chile"}]},{"@type":"WebSite","@id":"https:\/\/news.ecclesia.org.br\/#website","url":"https:\/\/news.ecclesia.org.br\/","name":"Ecclesia Brasil","description":"Desde 2003 onectando o Brasil ao mundo ortodoxo!","publisher":{"@id":"https:\/\/news.ecclesia.org.br\/#organization"},"alternateName":"Ecclesia","potentialAction":[{"@type":"SearchAction","target":{"@type":"EntryPoint","urlTemplate":"https:\/\/news.ecclesia.org.br\/?s={search_term_string}"},"query-input":{"@type":"PropertyValueSpecification","valueRequired":true,"valueName":"search_term_string"}}],"inLanguage":"pt-BR"},{"@type":"Organization","@id":"https:\/\/news.ecclesia.org.br\/#organization","name":"Sacra Arquidiocese de Buenos Aires e Am\u00e9rica do Sul | Patriarcado Ecum\u00eanico","alternateName":"News Ecclesia Brasil","url":"https:\/\/news.ecclesia.org.br\/","logo":{"@type":"ImageObject","inLanguage":"pt-BR","@id":"https:\/\/news.ecclesia.org.br\/#\/schema\/logo\/image\/","url":"https:\/\/news.ecclesia.org.br\/wp-content\/uploads\/2025\/05\/ecclesia2.png","contentUrl":"https:\/\/news.ecclesia.org.br\/wp-content\/uploads\/2025\/05\/ecclesia2.png","width":480,"height":120,"caption":"Sacra Arquidiocese de Buenos Aires e Am\u00e9rica do Sul | Patriarcado Ecum\u00eanico"},"image":{"@id":"https:\/\/news.ecclesia.org.br\/#\/schema\/logo\/image\/"},"sameAs":["https:\/\/www.facebook.com\/Ecclesia2025","https:\/\/x.com\/EcclesiaNews","https:\/\/br.pinterest.com\/ekklisia\/","https:\/\/www.youtube.com\/@EcclesiaBrasil"]},{"@type":"Person","@id":"https:\/\/news.ecclesia.org.br\/#\/schema\/person\/6f09597f025829745ba414a569f63758","name":"Pe. Andr\u00e9","image":{"@type":"ImageObject","inLanguage":"pt-BR","@id":"https:\/\/secure.gravatar.com\/avatar\/b4327cfa27e9799da239a26adcd534fc29cdc0c4a4a148eecbcfeb9b42c617ac?s=96&d=mm&r=g","url":"https:\/\/secure.gravatar.com\/avatar\/b4327cfa27e9799da239a26adcd534fc29cdc0c4a4a148eecbcfeb9b42c617ac?s=96&d=mm&r=g","contentUrl":"https:\/\/secure.gravatar.com\/avatar\/b4327cfa27e9799da239a26adcd534fc29cdc0c4a4a148eecbcfeb9b42c617ac?s=96&d=mm&r=g","caption":"Pe. Andr\u00e9"},"sameAs":["https:\/\/www.ecclesia.org.br"]}]}},"_links":{"self":[{"href":"https:\/\/news.ecclesia.org.br\/index.php?rest_route=\/wp\/v2\/posts\/4000","targetHints":{"allow":["GET"]}}],"collection":[{"href":"https:\/\/news.ecclesia.org.br\/index.php?rest_route=\/wp\/v2\/posts"}],"about":[{"href":"https:\/\/news.ecclesia.org.br\/index.php?rest_route=\/wp\/v2\/types\/post"}],"author":[{"embeddable":true,"href":"https:\/\/news.ecclesia.org.br\/index.php?rest_route=\/wp\/v2\/users\/1"}],"replies":[{"embeddable":true,"href":"https:\/\/news.ecclesia.org.br\/index.php?rest_route=%2Fwp%2Fv2%2Fcomments&post=4000"}],"version-history":[{"count":0,"href":"https:\/\/news.ecclesia.org.br\/index.php?rest_route=\/wp\/v2\/posts\/4000\/revisions"}],"wp:featuredmedia":[{"embeddable":true,"href":"https:\/\/news.ecclesia.org.br\/index.php?rest_route=\/wp\/v2\/media\/15341"}],"wp:attachment":[{"href":"https:\/\/news.ecclesia.org.br\/index.php?rest_route=%2Fwp%2Fv2%2Fmedia&parent=4000"}],"wp:term":[{"taxonomy":"category","embeddable":true,"href":"https:\/\/news.ecclesia.org.br\/index.php?rest_route=%2Fwp%2Fv2%2Fcategories&post=4000"},{"taxonomy":"post_tag","embeddable":true,"href":"https:\/\/news.ecclesia.org.br\/index.php?rest_route=%2Fwp%2Fv2%2Ftags&post=4000"}],"curies":[{"name":"wp","href":"https:\/\/api.w.org\/{rel}","templated":true}]}}