{"id":3898,"date":"2010-03-27T12:55:32","date_gmt":"2010-03-27T14:55:32","guid":{"rendered":"http:\/\/www.ecclesia.com.br\/news\/?p=3898"},"modified":"2016-03-15T23:25:36","modified_gmt":"2016-03-15T23:25:36","slug":"a-igreja-ortodoxa-e-segunda-comunidade-religiosa-na-italia-e-supera-o-islam","status":"publish","type":"post","link":"https:\/\/news.ecclesia.org.br\/?p=3898","title":{"rendered":"A Igreja Ortodoxa \u00e9 segunda comunidade religiosa na It\u00e1lia e supera o Islam"},"content":{"rendered":"<p style=\"text-align: justify;\">Em entrevista \u00e0 televis\u00e3o italiana, o Arcebispo Silouan, da Diocese Ortodoxa Romena na It\u00e1lia, afirmou que a comunidade ortodoxa se tornou a segunda comunidade religiosa na It\u00e1lia. As igrejas ortodoxas presentes na It\u00e1lia ultrapassaram a comunidade mu\u00e7ulmana e tem cerca de 1,3 milh\u00f5es de fi\u00e9is. Segundo os \u00faltimos dados fornecidos pela Embaixada da Rom\u00eania na It\u00e1lia, existem 900 mil romenos na pen\u00ednsula italiana e outros 400 mil ortodoxos que pertencem a outras etnias: gregos, antioquenos e eslavos. Segundo o Arcebispo Silouan, a cada ano, nas par\u00f3quias romenas da It\u00e1lia, s\u00e3o realizados cerca 8 mil batismos e 1200 casamentos. Existem 117 par\u00f3quias ortodoxas romenas, muitas delas cedidas pela Igreja Cat\u00f3lica Romana (a t\u00edtulo de empr\u00e9stimo ou por um pequeno aluguel mensal). Os sacerdotes ortodoxos romenos que trabalham na It\u00e1lia somam145. Ainda, de acordo com\u00a0o arcebispo Silouan, a Igreja Ortodoxa da Rom\u00eania vai pedir ao Estado a oportunidade de ensinar o catecismo ortodoxo nas escolas: \u2028 \u00abSim, temos a inten\u00e7\u00e3o de introduzir o catecismo ortodoxo nas escolas. Nas escolas italianas existem, atualmente, cerca de 200 mil crian\u00e7as romenas, e seu n\u00famero aumenta a cada ano. At\u00e9 agora temos recomendado ao nosso povo que envie seus filhos \u00e0 catequese cat\u00f3lica, porque temos muitas coisas em comum. Mas acreditamos que nossas crian\u00e7as t\u00eam o direito a receber, em escolas p\u00fablicas, tamb\u00e9m o ensino da f\u00e9 ortodoxa\u00bb. O Arcebispo Silouan informou ainda que, \u00abem outubro passado, todos os documentos necess\u00e1rios para obter o reconhecimento legal da Igreja Ortodoxa Romena na It\u00e1lia foram entregues \u00e0s autoridades daquele pa\u00eds. Este foi o primeiro passo no sentido de um acordo com o Estado italiano que nos assegure os benef\u00edcios fiscais\u00bb. [Fonte: <a href=\"http:\/\/www.lastampa.it\/_web\/CMSTP\/tmplrubriche\/giornalisti\/grubrica.asp?ID_blog=196&amp;ID_articolo=712&amp;ID_sezione=396&amp;sezione=\" target=\"_blank\">La Stampa<\/a> | Trad. Pe. Pavlos]<\/p>\n","protected":false},"excerpt":{"rendered":"<p>Em entrevista \u00e0 televis\u00e3o italiana, o Arcebispo Silouan, da Diocese Ortodoxa Romena na It\u00e1lia, afirmou que a comunidade ortodoxa se tornou a segunda comunidade religiosa na It\u00e1lia. As igrejas ortodoxas presentes na It\u00e1lia ultrapassaram a comunidade mu\u00e7ulmana e tem cerca&#8230;<\/p>\n","protected":false},"author":1,"featured_media":15360,"comment_status":"open","ping_status":"open","sticky":false,"template":"","format":"standard","meta":{"_acf_changed":false,"footnotes":""},"categories":[1],"tags":[],"class_list":["post-3898","post","type-post","status-publish","format-standard","has-post-thumbnail","hentry","category-news","entry","rows-excerpt"],"acf":[],"yoast_head":"<!-- This site is optimized with the Yoast SEO plugin v27.5 - https:\/\/yoast.com\/product\/yoast-seo-wordpress\/ -->\n<title>A Igreja Ortodoxa \u00e9 segunda comunidade religiosa na It\u00e1lia e supera o Islam | ECCLESIA NEWS<\/title>\n<meta name=\"robots\" content=\"index, follow, max-snippet:-1, max-image-preview:large, max-video-preview:-1\" \/>\n<link rel=\"canonical\" href=\"https:\/\/news.ecclesia.org.br\/?p=3898\" \/>\n<meta property=\"og:locale\" content=\"pt_BR\" \/>\n<meta property=\"og:type\" content=\"article\" \/>\n<meta property=\"og:title\" content=\"A Igreja Ortodoxa \u00e9 segunda comunidade religiosa na It\u00e1lia e supera o Islam | ECCLESIA NEWS\" \/>\n<meta property=\"og:description\" content=\"Em entrevista \u00e0 televis\u00e3o italiana, o Arcebispo Silouan, da Diocese Ortodoxa Romena na It\u00e1lia, afirmou que a comunidade ortodoxa se tornou a segunda comunidade religiosa na It\u00e1lia. As igrejas ortodoxas presentes na It\u00e1lia ultrapassaram a comunidade mu\u00e7ulmana e tem cerca&#8230;\" \/>\n<meta property=\"og:url\" content=\"https:\/\/news.ecclesia.org.br\/?p=3898\" \/>\n<meta property=\"og:site_name\" content=\"ECCLESIA NEWS\" \/>\n<meta property=\"article:publisher\" content=\"https:\/\/www.facebook.com\/Ecclesia2025\" \/>\n<meta property=\"article:published_time\" content=\"2010-03-27T14:55:32+00:00\" \/>\n<meta property=\"article:modified_time\" content=\"2016-03-15T23:25:36+00:00\" \/>\n<meta property=\"og:image\" content=\"https:\/\/news.ecclesia.org.br\/wp-content\/uploads\/2010\/03\/arcebispo-romeno-siluan-italia.jpg\" \/>\n\t<meta property=\"og:image:width\" content=\"373\" \/>\n\t<meta property=\"og:image:height\" content=\"276\" \/>\n\t<meta property=\"og:image:type\" content=\"image\/jpeg\" \/>\n<meta name=\"author\" content=\"Pe. Andr\u00e9\" \/>\n<meta name=\"twitter:card\" content=\"summary_large_image\" \/>\n<meta name=\"twitter:creator\" content=\"@EcclesiaNews\" \/>\n<meta name=\"twitter:site\" content=\"@EcclesiaNews\" \/>\n<meta name=\"twitter:label1\" content=\"Escrito por\" \/>\n\t<meta name=\"twitter:data1\" content=\"Pe. Andr\u00e9\" \/>\n\t<meta name=\"twitter:label2\" content=\"Est. tempo de leitura\" \/>\n\t<meta name=\"twitter:data2\" content=\"2 minutos\" \/>\n<script type=\"application\/ld+json\" class=\"yoast-schema-graph\">{\"@context\":\"https:\\\/\\\/schema.org\",\"@graph\":[{\"@type\":\"Article\",\"@id\":\"https:\\\/\\\/news.ecclesia.org.br\\\/?p=3898#article\",\"isPartOf\":{\"@id\":\"https:\\\/\\\/news.ecclesia.org.br\\\/?p=3898\"},\"author\":{\"name\":\"Pe. Andr\u00e9\",\"@id\":\"https:\\\/\\\/news.ecclesia.org.br\\\/#\\\/schema\\\/person\\\/6f09597f025829745ba414a569f63758\"},\"headline\":\"A Igreja Ortodoxa \u00e9 segunda comunidade religiosa na It\u00e1lia e supera o Islam\",\"datePublished\":\"2010-03-27T14:55:32+00:00\",\"dateModified\":\"2016-03-15T23:25:36+00:00\",\"mainEntityOfPage\":{\"@id\":\"https:\\\/\\\/news.ecclesia.org.br\\\/?p=3898\"},\"wordCount\":313,\"commentCount\":0,\"publisher\":{\"@id\":\"https:\\\/\\\/news.ecclesia.org.br\\\/#organization\"},\"image\":{\"@id\":\"https:\\\/\\\/news.ecclesia.org.br\\\/?p=3898#primaryimage\"},\"thumbnailUrl\":\"https:\\\/\\\/news.ecclesia.org.br\\\/wp-content\\\/uploads\\\/2010\\\/03\\\/arcebispo-romeno-siluan-italia.jpg\",\"articleSection\":[\"NEWS\"],\"inLanguage\":\"pt-BR\",\"potentialAction\":[{\"@type\":\"CommentAction\",\"name\":\"Comment\",\"target\":[\"https:\\\/\\\/news.ecclesia.org.br\\\/?p=3898#respond\"]}]},{\"@type\":\"WebPage\",\"@id\":\"https:\\\/\\\/news.ecclesia.org.br\\\/?p=3898\",\"url\":\"https:\\\/\\\/news.ecclesia.org.br\\\/?p=3898\",\"name\":\"A Igreja Ortodoxa \u00e9 segunda comunidade religiosa na It\u00e1lia e supera o Islam | ECCLESIA NEWS\",\"isPartOf\":{\"@id\":\"https:\\\/\\\/news.ecclesia.org.br\\\/#website\"},\"primaryImageOfPage\":{\"@id\":\"https:\\\/\\\/news.ecclesia.org.br\\\/?p=3898#primaryimage\"},\"image\":{\"@id\":\"https:\\\/\\\/news.ecclesia.org.br\\\/?p=3898#primaryimage\"},\"thumbnailUrl\":\"https:\\\/\\\/news.ecclesia.org.br\\\/wp-content\\\/uploads\\\/2010\\\/03\\\/arcebispo-romeno-siluan-italia.jpg\",\"datePublished\":\"2010-03-27T14:55:32+00:00\",\"dateModified\":\"2016-03-15T23:25:36+00:00\",\"breadcrumb\":{\"@id\":\"https:\\\/\\\/news.ecclesia.org.br\\\/?p=3898#breadcrumb\"},\"inLanguage\":\"pt-BR\",\"potentialAction\":[{\"@type\":\"ReadAction\",\"target\":[\"https:\\\/\\\/news.ecclesia.org.br\\\/?p=3898\"]}]},{\"@type\":\"ImageObject\",\"inLanguage\":\"pt-BR\",\"@id\":\"https:\\\/\\\/news.ecclesia.org.br\\\/?p=3898#primaryimage\",\"url\":\"https:\\\/\\\/news.ecclesia.org.br\\\/wp-content\\\/uploads\\\/2010\\\/03\\\/arcebispo-romeno-siluan-italia.jpg\",\"contentUrl\":\"https:\\\/\\\/news.ecclesia.org.br\\\/wp-content\\\/uploads\\\/2010\\\/03\\\/arcebispo-romeno-siluan-italia.jpg\",\"width\":373,\"height\":276},{\"@type\":\"BreadcrumbList\",\"@id\":\"https:\\\/\\\/news.ecclesia.org.br\\\/?p=3898#breadcrumb\",\"itemListElement\":[{\"@type\":\"ListItem\",\"position\":1,\"name\":\"In\u00edcio\",\"item\":\"https:\\\/\\\/news.ecclesia.org.br\\\/\"},{\"@type\":\"ListItem\",\"position\":2,\"name\":\"A Igreja Ortodoxa \u00e9 segunda comunidade religiosa na It\u00e1lia e supera o Islam\"}]},{\"@type\":\"WebSite\",\"@id\":\"https:\\\/\\\/news.ecclesia.org.br\\\/#website\",\"url\":\"https:\\\/\\\/news.ecclesia.org.br\\\/\",\"name\":\"Ecclesia Brasil\",\"description\":\"Desde 2003 onectando o Brasil ao mundo ortodoxo!\",\"publisher\":{\"@id\":\"https:\\\/\\\/news.ecclesia.org.br\\\/#organization\"},\"alternateName\":\"Ecclesia\",\"potentialAction\":[{\"@type\":\"SearchAction\",\"target\":{\"@type\":\"EntryPoint\",\"urlTemplate\":\"https:\\\/\\\/news.ecclesia.org.br\\\/?s={search_term_string}\"},\"query-input\":{\"@type\":\"PropertyValueSpecification\",\"valueRequired\":true,\"valueName\":\"search_term_string\"}}],\"inLanguage\":\"pt-BR\"},{\"@type\":\"Organization\",\"@id\":\"https:\\\/\\\/news.ecclesia.org.br\\\/#organization\",\"name\":\"Sacra Arquidiocese de Buenos Aires e Am\u00e9rica do Sul | Patriarcado Ecum\u00eanico\",\"alternateName\":\"News Ecclesia Brasil\",\"url\":\"https:\\\/\\\/news.ecclesia.org.br\\\/\",\"logo\":{\"@type\":\"ImageObject\",\"inLanguage\":\"pt-BR\",\"@id\":\"https:\\\/\\\/news.ecclesia.org.br\\\/#\\\/schema\\\/logo\\\/image\\\/\",\"url\":\"https:\\\/\\\/news.ecclesia.org.br\\\/wp-content\\\/uploads\\\/2025\\\/05\\\/ecclesia2.png\",\"contentUrl\":\"https:\\\/\\\/news.ecclesia.org.br\\\/wp-content\\\/uploads\\\/2025\\\/05\\\/ecclesia2.png\",\"width\":480,\"height\":120,\"caption\":\"Sacra Arquidiocese de Buenos Aires e Am\u00e9rica do Sul | Patriarcado Ecum\u00eanico\"},\"image\":{\"@id\":\"https:\\\/\\\/news.ecclesia.org.br\\\/#\\\/schema\\\/logo\\\/image\\\/\"},\"sameAs\":[\"https:\\\/\\\/www.facebook.com\\\/Ecclesia2025\",\"https:\\\/\\\/x.com\\\/EcclesiaNews\",\"https:\\\/\\\/br.pinterest.com\\\/ekklisia\\\/\",\"https:\\\/\\\/www.youtube.com\\\/@EcclesiaBrasil\"]},{\"@type\":\"Person\",\"@id\":\"https:\\\/\\\/news.ecclesia.org.br\\\/#\\\/schema\\\/person\\\/6f09597f025829745ba414a569f63758\",\"name\":\"Pe. Andr\u00e9\",\"image\":{\"@type\":\"ImageObject\",\"inLanguage\":\"pt-BR\",\"@id\":\"https:\\\/\\\/secure.gravatar.com\\\/avatar\\\/b4327cfa27e9799da239a26adcd534fc29cdc0c4a4a148eecbcfeb9b42c617ac?s=96&d=mm&r=g\",\"url\":\"https:\\\/\\\/secure.gravatar.com\\\/avatar\\\/b4327cfa27e9799da239a26adcd534fc29cdc0c4a4a148eecbcfeb9b42c617ac?s=96&d=mm&r=g\",\"contentUrl\":\"https:\\\/\\\/secure.gravatar.com\\\/avatar\\\/b4327cfa27e9799da239a26adcd534fc29cdc0c4a4a148eecbcfeb9b42c617ac?s=96&d=mm&r=g\",\"caption\":\"Pe. Andr\u00e9\"},\"sameAs\":[\"https:\\\/\\\/www.ecclesia.org.br\"]}]}<\/script>\n<!-- \/ Yoast SEO plugin. -->","yoast_head_json":{"title":"A Igreja Ortodoxa \u00e9 segunda comunidade religiosa na It\u00e1lia e supera o Islam | ECCLESIA NEWS","robots":{"index":"index","follow":"follow","max-snippet":"max-snippet:-1","max-image-preview":"max-image-preview:large","max-video-preview":"max-video-preview:-1"},"canonical":"https:\/\/news.ecclesia.org.br\/?p=3898","og_locale":"pt_BR","og_type":"article","og_title":"A Igreja Ortodoxa \u00e9 segunda comunidade religiosa na It\u00e1lia e supera o Islam | ECCLESIA NEWS","og_description":"Em entrevista \u00e0 televis\u00e3o italiana, o Arcebispo Silouan, da Diocese Ortodoxa Romena na It\u00e1lia, afirmou que a comunidade ortodoxa se tornou a segunda comunidade religiosa na It\u00e1lia. As igrejas ortodoxas presentes na It\u00e1lia ultrapassaram a comunidade mu\u00e7ulmana e tem cerca&#8230;","og_url":"https:\/\/news.ecclesia.org.br\/?p=3898","og_site_name":"ECCLESIA NEWS","article_publisher":"https:\/\/www.facebook.com\/Ecclesia2025","article_published_time":"2010-03-27T14:55:32+00:00","article_modified_time":"2016-03-15T23:25:36+00:00","og_image":[{"width":373,"height":276,"url":"https:\/\/news.ecclesia.org.br\/wp-content\/uploads\/2010\/03\/arcebispo-romeno-siluan-italia.jpg","type":"image\/jpeg"}],"author":"Pe. Andr\u00e9","twitter_card":"summary_large_image","twitter_creator":"@EcclesiaNews","twitter_site":"@EcclesiaNews","twitter_misc":{"Escrito por":"Pe. Andr\u00e9","Est. tempo de leitura":"2 minutos"},"schema":{"@context":"https:\/\/schema.org","@graph":[{"@type":"Article","@id":"https:\/\/news.ecclesia.org.br\/?p=3898#article","isPartOf":{"@id":"https:\/\/news.ecclesia.org.br\/?p=3898"},"author":{"name":"Pe. Andr\u00e9","@id":"https:\/\/news.ecclesia.org.br\/#\/schema\/person\/6f09597f025829745ba414a569f63758"},"headline":"A Igreja Ortodoxa \u00e9 segunda comunidade religiosa na It\u00e1lia e supera o Islam","datePublished":"2010-03-27T14:55:32+00:00","dateModified":"2016-03-15T23:25:36+00:00","mainEntityOfPage":{"@id":"https:\/\/news.ecclesia.org.br\/?p=3898"},"wordCount":313,"commentCount":0,"publisher":{"@id":"https:\/\/news.ecclesia.org.br\/#organization"},"image":{"@id":"https:\/\/news.ecclesia.org.br\/?p=3898#primaryimage"},"thumbnailUrl":"https:\/\/news.ecclesia.org.br\/wp-content\/uploads\/2010\/03\/arcebispo-romeno-siluan-italia.jpg","articleSection":["NEWS"],"inLanguage":"pt-BR","potentialAction":[{"@type":"CommentAction","name":"Comment","target":["https:\/\/news.ecclesia.org.br\/?p=3898#respond"]}]},{"@type":"WebPage","@id":"https:\/\/news.ecclesia.org.br\/?p=3898","url":"https:\/\/news.ecclesia.org.br\/?p=3898","name":"A Igreja Ortodoxa \u00e9 segunda comunidade religiosa na It\u00e1lia e supera o Islam | ECCLESIA NEWS","isPartOf":{"@id":"https:\/\/news.ecclesia.org.br\/#website"},"primaryImageOfPage":{"@id":"https:\/\/news.ecclesia.org.br\/?p=3898#primaryimage"},"image":{"@id":"https:\/\/news.ecclesia.org.br\/?p=3898#primaryimage"},"thumbnailUrl":"https:\/\/news.ecclesia.org.br\/wp-content\/uploads\/2010\/03\/arcebispo-romeno-siluan-italia.jpg","datePublished":"2010-03-27T14:55:32+00:00","dateModified":"2016-03-15T23:25:36+00:00","breadcrumb":{"@id":"https:\/\/news.ecclesia.org.br\/?p=3898#breadcrumb"},"inLanguage":"pt-BR","potentialAction":[{"@type":"ReadAction","target":["https:\/\/news.ecclesia.org.br\/?p=3898"]}]},{"@type":"ImageObject","inLanguage":"pt-BR","@id":"https:\/\/news.ecclesia.org.br\/?p=3898#primaryimage","url":"https:\/\/news.ecclesia.org.br\/wp-content\/uploads\/2010\/03\/arcebispo-romeno-siluan-italia.jpg","contentUrl":"https:\/\/news.ecclesia.org.br\/wp-content\/uploads\/2010\/03\/arcebispo-romeno-siluan-italia.jpg","width":373,"height":276},{"@type":"BreadcrumbList","@id":"https:\/\/news.ecclesia.org.br\/?p=3898#breadcrumb","itemListElement":[{"@type":"ListItem","position":1,"name":"In\u00edcio","item":"https:\/\/news.ecclesia.org.br\/"},{"@type":"ListItem","position":2,"name":"A Igreja Ortodoxa \u00e9 segunda comunidade religiosa na It\u00e1lia e supera o Islam"}]},{"@type":"WebSite","@id":"https:\/\/news.ecclesia.org.br\/#website","url":"https:\/\/news.ecclesia.org.br\/","name":"Ecclesia Brasil","description":"Desde 2003 onectando o Brasil ao mundo ortodoxo!","publisher":{"@id":"https:\/\/news.ecclesia.org.br\/#organization"},"alternateName":"Ecclesia","potentialAction":[{"@type":"SearchAction","target":{"@type":"EntryPoint","urlTemplate":"https:\/\/news.ecclesia.org.br\/?s={search_term_string}"},"query-input":{"@type":"PropertyValueSpecification","valueRequired":true,"valueName":"search_term_string"}}],"inLanguage":"pt-BR"},{"@type":"Organization","@id":"https:\/\/news.ecclesia.org.br\/#organization","name":"Sacra Arquidiocese de Buenos Aires e Am\u00e9rica do Sul | Patriarcado Ecum\u00eanico","alternateName":"News Ecclesia Brasil","url":"https:\/\/news.ecclesia.org.br\/","logo":{"@type":"ImageObject","inLanguage":"pt-BR","@id":"https:\/\/news.ecclesia.org.br\/#\/schema\/logo\/image\/","url":"https:\/\/news.ecclesia.org.br\/wp-content\/uploads\/2025\/05\/ecclesia2.png","contentUrl":"https:\/\/news.ecclesia.org.br\/wp-content\/uploads\/2025\/05\/ecclesia2.png","width":480,"height":120,"caption":"Sacra Arquidiocese de Buenos Aires e Am\u00e9rica do Sul | Patriarcado Ecum\u00eanico"},"image":{"@id":"https:\/\/news.ecclesia.org.br\/#\/schema\/logo\/image\/"},"sameAs":["https:\/\/www.facebook.com\/Ecclesia2025","https:\/\/x.com\/EcclesiaNews","https:\/\/br.pinterest.com\/ekklisia\/","https:\/\/www.youtube.com\/@EcclesiaBrasil"]},{"@type":"Person","@id":"https:\/\/news.ecclesia.org.br\/#\/schema\/person\/6f09597f025829745ba414a569f63758","name":"Pe. Andr\u00e9","image":{"@type":"ImageObject","inLanguage":"pt-BR","@id":"https:\/\/secure.gravatar.com\/avatar\/b4327cfa27e9799da239a26adcd534fc29cdc0c4a4a148eecbcfeb9b42c617ac?s=96&d=mm&r=g","url":"https:\/\/secure.gravatar.com\/avatar\/b4327cfa27e9799da239a26adcd534fc29cdc0c4a4a148eecbcfeb9b42c617ac?s=96&d=mm&r=g","contentUrl":"https:\/\/secure.gravatar.com\/avatar\/b4327cfa27e9799da239a26adcd534fc29cdc0c4a4a148eecbcfeb9b42c617ac?s=96&d=mm&r=g","caption":"Pe. Andr\u00e9"},"sameAs":["https:\/\/www.ecclesia.org.br"]}]}},"_links":{"self":[{"href":"https:\/\/news.ecclesia.org.br\/index.php?rest_route=\/wp\/v2\/posts\/3898","targetHints":{"allow":["GET"]}}],"collection":[{"href":"https:\/\/news.ecclesia.org.br\/index.php?rest_route=\/wp\/v2\/posts"}],"about":[{"href":"https:\/\/news.ecclesia.org.br\/index.php?rest_route=\/wp\/v2\/types\/post"}],"author":[{"embeddable":true,"href":"https:\/\/news.ecclesia.org.br\/index.php?rest_route=\/wp\/v2\/users\/1"}],"replies":[{"embeddable":true,"href":"https:\/\/news.ecclesia.org.br\/index.php?rest_route=%2Fwp%2Fv2%2Fcomments&post=3898"}],"version-history":[{"count":0,"href":"https:\/\/news.ecclesia.org.br\/index.php?rest_route=\/wp\/v2\/posts\/3898\/revisions"}],"wp:featuredmedia":[{"embeddable":true,"href":"https:\/\/news.ecclesia.org.br\/index.php?rest_route=\/wp\/v2\/media\/15360"}],"wp:attachment":[{"href":"https:\/\/news.ecclesia.org.br\/index.php?rest_route=%2Fwp%2Fv2%2Fmedia&parent=3898"}],"wp:term":[{"taxonomy":"category","embeddable":true,"href":"https:\/\/news.ecclesia.org.br\/index.php?rest_route=%2Fwp%2Fv2%2Fcategories&post=3898"},{"taxonomy":"post_tag","embeddable":true,"href":"https:\/\/news.ecclesia.org.br\/index.php?rest_route=%2Fwp%2Fv2%2Ftags&post=3898"}],"curies":[{"name":"wp","href":"https:\/\/api.w.org\/{rel}","templated":true}]}}