{"id":3887,"date":"2010-03-26T21:33:00","date_gmt":"2010-03-26T23:33:00","guid":{"rendered":"http:\/\/www.ecclesia.com.br\/news\/?p=3887"},"modified":"2021-07-21T16:45:00","modified_gmt":"2021-07-21T19:45:00","slug":"homilia-de-dom-tarasios-na-divina-liturgia-da-anunciacao-da-mae-de-deus","status":"publish","type":"post","link":"https:\/\/news.ecclesia.org.br\/?p=3887","title":{"rendered":"Homilia de S.E.R. Dom TARASIOS, Arcebispo Metropolitano de Buenos Aires, Primaz e Exarca da Am\u00e9rica do Sul, na Divina Liturgia da Anuncia\u00e7\u00e3o da M\u00e3e de Deus"},"content":{"rendered":"<h3 style=\"text-align: right;\"><span style=\"font-weight: normal; font-size: 13px;\">Buenos Aires, 25 de Mar\u00e7o de 2010<\/span><\/h3>\n<p style=\"padding-left: 30px;\"><em>\u00abDisse Maria: \u2018Eis aqui a serva do Senhor;<br \/>\nfa\u00e7a-se em mim segundo a tua palavra&#8217;.<br \/>\nE o Anjo retirou-se\u00bb[1]<\/em><\/p>\n<p style=\"text-align: justify;\"><a href=\"https:\/\/news.ecclesia.org.br\/wp-content\/uploads\/2011\/04\/arcebispo-tarasios.jpg\"><img fetchpriority=\"high\" decoding=\"async\" class=\"alignleft size-medium wp-image-5894\" src=\"https:\/\/news.ecclesia.org.br\/wp-content\/uploads\/2011\/04\/arcebispo-tarasios-300x225.jpg\" alt=\"\" width=\"300\" height=\"225\" srcset=\"https:\/\/news.ecclesia.org.br\/wp-content\/uploads\/2011\/04\/arcebispo-tarasios-300x225.jpg 300w, https:\/\/news.ecclesia.org.br\/wp-content\/uploads\/2011\/04\/arcebispo-tarasios-73x55.jpg 73w, https:\/\/news.ecclesia.org.br\/wp-content\/uploads\/2011\/04\/arcebispo-tarasios.jpg 320w\" sizes=\"(max-width: 300px) 100vw, 300px\" \/><\/a>Esta foi a resposta de Maria ao Arcanjo Gabriel, e essa resposta mostra o envolvimento total entre a vontade de Deus e a dos homens, \u00e9 o que os Santos Padres da nossa Igreja chamam \u00ab<em>sinergia<\/em>\u00bb &#8211; coopera\u00e7\u00e3o. Esta \u00e9 a resposta de Maria, uma jovem donzela consagrada a Deus desde a inf\u00e2ncia, <em>anunciada <\/em>para esta grande miss\u00e3o; e eis aqui onde se fundem novamente duas realidades antit\u00e9ticas sob a l\u00f3gica humana: como Deus escolhe homens para determinadas miss\u00f5es e como homens buscam e aceitam livremente realizar tais miss\u00f5es; uma vez mais a coincid\u00eancia que se converte em milagre, quando existe a mansid\u00e3o e a docilidade no cora\u00e7\u00e3o dos homens.<\/p>\n<p style=\"padding-left: 30px;\"><strong>S.E.R. Dom Nikita, Metropolita de Dardanelos,<br \/>\nS.E. Sr. Michael Chrystidis, Embaixador da Rep\u00fablica Hel\u00eanica em Buenos Aires,<br \/>\nHonor\u00e1veis Arcontes da Ordem de S\u00e3o Bartolomeu,<br \/>\n<strong>Autoridades das Associa\u00e7\u00f5es Hel\u00eanicas comunit\u00e1rias, educativas e filantr\u00f3picas,<br \/>\n<strong>Revmo. De\u00e3o desta Catedral e clero presente,<br \/>\n<strong>Filhas e filhos amados no Senhor,<\/strong><\/strong><\/strong><\/strong><\/p>\n<p style=\"text-align: justify;\">Hoje n\u00f3s celebramos uma grande festa, <em>\u00abo cap\u00edtulo da nossa salva\u00e7\u00e3o\u00bb<\/em>, pois hoje, Maria, e doravante, a Theotokos, diz <em>SIM <\/em>ao plano divino. Maria aceita ser parte do plano salv\u00edfico que ir\u00e1 libertar a humanidade da maldi\u00e7\u00e3o de Ad\u00e3o. Maria torna-se, de acordo com as imagens dos Padres Gregos, na nova Eva, a que abre a porta para que o <em>Logos <\/em>Eterno do Pai entre nela, nossa humilde realidade, atrav\u00e9s da <em>kenosis<\/em>, isto \u00e9, atrav\u00e9s da assun\u00e7\u00e3o da carne e da natureza humana, a partir da pessoa de Maria. <em>O Verbo eterno de Deus, o Anjo do Bom Conselho, a Sabedoria e Poder de Deus<\/em>, uma das <em>Hip\u00f3stases <\/em>do Deus Uno e Trino vem assumir a natureza humana a fim de uni-la \u00e0 sua natureza divina e, assim, cur\u00e1-la de todas as seq\u00fcelas do pecado original, de reconform\u00e1-la, de recri\u00e1-la, de purific\u00e1-la, de recuper\u00e1-la, de fortalec\u00ea-la e, por fim, aperfei\u00e7o\u00e1-la em Si Mesmo.<\/p>\n<p style=\"text-align: justify;\">A <em>Theotokos <\/em>aceita ser parte do plano, e \u00e9 ela mesma a primeira a sofrer as conseq\u00fc\u00eancias da natureza humana restitu\u00edda, purificada, normalizada e aperfei\u00e7oada. Maria \u00e9 o elemento-chave em todo o processo de reden\u00e7\u00e3o, pois o Logos assume a natureza humana deca\u00edda e pecaminosa, em sua ess\u00eancia, da pessoa de Maria. A concep\u00e7\u00e3o milagrosa de Jesus \u00e9 mais uma prova de como o natural se une ao sobrenatural em um contexto \u00fanico de simplicidade e humildade. A for\u00e7a do Alt\u00edssimo cobre a Pur\u00edssima e se d\u00e1 a concep\u00e7\u00e3o sem a semente de homem, a fim de que a cadeia reprodutiva, heran\u00e7a de Ad\u00e3o, fene\u00e7a e se corte de uma vez para sempre: \u00e9 por isso que h\u00e1 regenera\u00e7\u00e3o; \u00e9 por isso que, segundo os Padres da Igreja, h\u00e1 \u00ab<em>uma nova cria\u00e7\u00e3o<\/em>\u00bb.<\/p>\n<p style=\"text-align: justify;\">Hoje comemoramos a chegada da \u00ab<em>plenitude do tempo oportuno<\/em>\u00bb[2] \u00a0do <em>\u03ba\u03b1\u03b9\u03c1\u03cc\u03c2 <\/em>de Deus. \u00c9 o \u00abtempo novo\u00bb no qual tudo o que era sombra, trevas e escravid\u00e3o, foi transformado em luz e liberdade.<\/p>\n<p style=\"text-align: justify;\">Parafraseando o Grande Atan\u00e1sio de Alexandria, <em>\u00abHoje Deus se faz homem para que o homem se fa\u00e7a Deus\u00bb [3]<\/em>. Hoje a Gra\u00e7a e a Liberdade se unem e se realiza o grande milagre: o c\u00e9u n aterra e a terra no c\u00e9u: as leis da natureza n\u00e3o se anulam, melhor, s\u00e3o transcendidas e aperfei\u00e7oadas. Hoje se cumprem todos os des\u00edgnios dos profetas e por isso seu sangue \u00e9 justificado por todos os s\u00e9culos; hoje Jos\u00e9, o prometido, duvida, mas supera a desconfian\u00e7a e adere ao plano divino, tornando-se, tamb\u00e9m ele, co-participante da gesta\u00e7\u00e3o, em tudo revolucion\u00e1ria e libertadora<\/p>\n<p style=\"text-align: justify;\">Celebramos tamb\u00e9m hoje a liberdade de nossa M\u00e3e P\u00e1tria do jugo turco. E n\u00e3o \u00e9 por acaso que ambas as festas s\u00e3o comemoradas no mesmo dia. Depois de grandes lutas e s\u00e9culos de escravid\u00e3o, novamente chegou o \u00abtempo oportuno\u00bb, em que aprouve a Deus acabar com a escravid\u00e3o. E assim foi. E Deus quis que assim fosse. Deus<\/p>\n<p style=\"text-align: justify; padding-left: 30px;\"><strong>Autoridades Presentes<br \/>\nFilhas e filhos diletos no Senhor,<\/strong><\/p>\n<p style=\"text-align: justify;\">Elevemos a Deus o nosso esp\u00edrito em a\u00e7\u00e3o de gra\u00e7as por todos os benef\u00edcios que Ele nos tem concedido, como humanidade e como pessoas, em nosso contexto mais imediato: Liberdade, enquanto cria\u00e7\u00e3o; liberta\u00e7\u00e3o, enquanto reden\u00e7\u00e3o.<\/p>\n<p>O Senhor Deus feito carne para nossa salva\u00e7\u00e3o, por intercess\u00e3o da sua Imaculada e irrepreens\u00edvel M\u00e3e, a <em>Theotokos <\/em>e Sempre Virgem Maria, a honra, a gl\u00f3ria e o poder pelos s\u00e9culos dos s\u00e9culos. Am\u00e9m.<\/p>\n<h3>Notas:<\/h3>\n<p style=\"padding-left: 30px;\">[1] Lc. 1:38<br \/>\n[2] Gal. 4:4<br \/>\n[3] San Atanasio, Sobre la Encarnaci\u00f3n del Verbo, 54, 3.<\/p>\n<p style=\"text-align: right;\">[Tradu\u00e7\u00e3o: Pe. Andr\u00e9]<\/p>\n","protected":false},"excerpt":{"rendered":"<p>Buenos Aires, 25 de Mar\u00e7o de 2010 \u00abDisse Maria: \u2018Eis aqui a serva do Senhor; fa\u00e7a-se em mim segundo a tua palavra&#8217;. E o Anjo retirou-se\u00bb[1] Esta foi a resposta de Maria ao Arcanjo Gabriel, e essa resposta mostra o&#8230;<\/p>\n","protected":false},"author":1,"featured_media":0,"comment_status":"open","ping_status":"open","sticky":false,"template":"","format":"standard","meta":{"_acf_changed":false,"footnotes":""},"categories":[1],"tags":[],"class_list":["post-3887","post","type-post","status-publish","format-standard","hentry","category-news","entry","rows-excerpt"],"acf":[],"yoast_head":"<!-- This site is optimized with the Yoast SEO plugin v27.5 - https:\/\/yoast.com\/product\/yoast-seo-wordpress\/ -->\n<title>Homilia de S.E.R. Dom TARASIOS, Arcebispo Metropolitano de Buenos Aires, Primaz e Exarca da Am\u00e9rica do Sul, na Divina Liturgia da Anuncia\u00e7\u00e3o da M\u00e3e de Deus | ECCLESIA NEWS<\/title>\n<meta name=\"robots\" content=\"index, follow, max-snippet:-1, max-image-preview:large, max-video-preview:-1\" \/>\n<link rel=\"canonical\" href=\"https:\/\/news.ecclesia.org.br\/?p=3887\" \/>\n<meta property=\"og:locale\" content=\"pt_BR\" \/>\n<meta property=\"og:type\" content=\"article\" \/>\n<meta property=\"og:title\" content=\"Homilia de S.E.R. Dom TARASIOS, Arcebispo Metropolitano de Buenos Aires, Primaz e Exarca da Am\u00e9rica do Sul, na Divina Liturgia da Anuncia\u00e7\u00e3o da M\u00e3e de Deus | ECCLESIA NEWS\" \/>\n<meta property=\"og:description\" content=\"Buenos Aires, 25 de Mar\u00e7o de 2010 \u00abDisse Maria: \u2018Eis aqui a serva do Senhor; fa\u00e7a-se em mim segundo a tua palavra&#8217;. E o Anjo retirou-se\u00bb[1] Esta foi a resposta de Maria ao Arcanjo Gabriel, e essa resposta mostra o&#8230;\" \/>\n<meta property=\"og:url\" content=\"https:\/\/news.ecclesia.org.br\/?p=3887\" \/>\n<meta property=\"og:site_name\" content=\"ECCLESIA NEWS\" \/>\n<meta property=\"article:publisher\" content=\"https:\/\/www.facebook.com\/Ecclesia2025\" \/>\n<meta property=\"article:published_time\" content=\"2010-03-26T23:33:00+00:00\" \/>\n<meta property=\"article:modified_time\" content=\"2021-07-21T19:45:00+00:00\" \/>\n<meta property=\"og:image\" content=\"https:\/\/news.ecclesia.org.br\/wp-content\/uploads\/2011\/04\/arcebispo-tarasios-300x225.jpg\" \/>\n<meta name=\"author\" content=\"Pe. Andr\u00e9\" \/>\n<meta name=\"twitter:card\" content=\"summary_large_image\" \/>\n<meta name=\"twitter:creator\" content=\"@EcclesiaNews\" \/>\n<meta name=\"twitter:site\" content=\"@EcclesiaNews\" \/>\n<meta name=\"twitter:label1\" content=\"Escrito por\" \/>\n\t<meta name=\"twitter:data1\" content=\"Pe. Andr\u00e9\" \/>\n\t<meta name=\"twitter:label2\" content=\"Est. tempo de leitura\" \/>\n\t<meta name=\"twitter:data2\" content=\"4 minutos\" \/>\n<script type=\"application\/ld+json\" class=\"yoast-schema-graph\">{\"@context\":\"https:\\\/\\\/schema.org\",\"@graph\":[{\"@type\":\"Article\",\"@id\":\"https:\\\/\\\/news.ecclesia.org.br\\\/?p=3887#article\",\"isPartOf\":{\"@id\":\"https:\\\/\\\/news.ecclesia.org.br\\\/?p=3887\"},\"author\":{\"name\":\"Pe. Andr\u00e9\",\"@id\":\"https:\\\/\\\/news.ecclesia.org.br\\\/#\\\/schema\\\/person\\\/6f09597f025829745ba414a569f63758\"},\"headline\":\"Homilia de S.E.R. Dom TARASIOS, Arcebispo Metropolitano de Buenos Aires, Primaz e Exarca da Am\u00e9rica do Sul, na Divina Liturgia da Anuncia\u00e7\u00e3o da M\u00e3e de Deus\",\"datePublished\":\"2010-03-26T23:33:00+00:00\",\"dateModified\":\"2021-07-21T19:45:00+00:00\",\"mainEntityOfPage\":{\"@id\":\"https:\\\/\\\/news.ecclesia.org.br\\\/?p=3887\"},\"wordCount\":859,\"commentCount\":0,\"publisher\":{\"@id\":\"https:\\\/\\\/news.ecclesia.org.br\\\/#organization\"},\"image\":{\"@id\":\"https:\\\/\\\/news.ecclesia.org.br\\\/?p=3887#primaryimage\"},\"thumbnailUrl\":\"https:\\\/\\\/news.ecclesia.org.br\\\/wp-content\\\/uploads\\\/2011\\\/04\\\/arcebispo-tarasios-300x225.jpg\",\"articleSection\":[\"NEWS\"],\"inLanguage\":\"pt-BR\",\"potentialAction\":[{\"@type\":\"CommentAction\",\"name\":\"Comment\",\"target\":[\"https:\\\/\\\/news.ecclesia.org.br\\\/?p=3887#respond\"]}]},{\"@type\":\"WebPage\",\"@id\":\"https:\\\/\\\/news.ecclesia.org.br\\\/?p=3887\",\"url\":\"https:\\\/\\\/news.ecclesia.org.br\\\/?p=3887\",\"name\":\"Homilia de S.E.R. Dom TARASIOS, Arcebispo Metropolitano de Buenos Aires, Primaz e Exarca da Am\u00e9rica do Sul, na Divina Liturgia da Anuncia\u00e7\u00e3o da M\u00e3e de Deus | ECCLESIA NEWS\",\"isPartOf\":{\"@id\":\"https:\\\/\\\/news.ecclesia.org.br\\\/#website\"},\"primaryImageOfPage\":{\"@id\":\"https:\\\/\\\/news.ecclesia.org.br\\\/?p=3887#primaryimage\"},\"image\":{\"@id\":\"https:\\\/\\\/news.ecclesia.org.br\\\/?p=3887#primaryimage\"},\"thumbnailUrl\":\"https:\\\/\\\/news.ecclesia.org.br\\\/wp-content\\\/uploads\\\/2011\\\/04\\\/arcebispo-tarasios-300x225.jpg\",\"datePublished\":\"2010-03-26T23:33:00+00:00\",\"dateModified\":\"2021-07-21T19:45:00+00:00\",\"breadcrumb\":{\"@id\":\"https:\\\/\\\/news.ecclesia.org.br\\\/?p=3887#breadcrumb\"},\"inLanguage\":\"pt-BR\",\"potentialAction\":[{\"@type\":\"ReadAction\",\"target\":[\"https:\\\/\\\/news.ecclesia.org.br\\\/?p=3887\"]}]},{\"@type\":\"ImageObject\",\"inLanguage\":\"pt-BR\",\"@id\":\"https:\\\/\\\/news.ecclesia.org.br\\\/?p=3887#primaryimage\",\"url\":\"https:\\\/\\\/news.ecclesia.org.br\\\/wp-content\\\/uploads\\\/2011\\\/04\\\/arcebispo-tarasios-300x225.jpg\",\"contentUrl\":\"https:\\\/\\\/news.ecclesia.org.br\\\/wp-content\\\/uploads\\\/2011\\\/04\\\/arcebispo-tarasios-300x225.jpg\"},{\"@type\":\"BreadcrumbList\",\"@id\":\"https:\\\/\\\/news.ecclesia.org.br\\\/?p=3887#breadcrumb\",\"itemListElement\":[{\"@type\":\"ListItem\",\"position\":1,\"name\":\"In\u00edcio\",\"item\":\"https:\\\/\\\/news.ecclesia.org.br\\\/\"},{\"@type\":\"ListItem\",\"position\":2,\"name\":\"Homilia de S.E.R. Dom TARASIOS, Arcebispo Metropolitano de Buenos Aires, Primaz e Exarca da Am\u00e9rica do Sul, na Divina Liturgia da Anuncia\u00e7\u00e3o da M\u00e3e de Deus\"}]},{\"@type\":\"WebSite\",\"@id\":\"https:\\\/\\\/news.ecclesia.org.br\\\/#website\",\"url\":\"https:\\\/\\\/news.ecclesia.org.br\\\/\",\"name\":\"Ecclesia Brasil\",\"description\":\"Desde 2003 onectando o Brasil ao mundo ortodoxo!\",\"publisher\":{\"@id\":\"https:\\\/\\\/news.ecclesia.org.br\\\/#organization\"},\"alternateName\":\"Ecclesia\",\"potentialAction\":[{\"@type\":\"SearchAction\",\"target\":{\"@type\":\"EntryPoint\",\"urlTemplate\":\"https:\\\/\\\/news.ecclesia.org.br\\\/?s={search_term_string}\"},\"query-input\":{\"@type\":\"PropertyValueSpecification\",\"valueRequired\":true,\"valueName\":\"search_term_string\"}}],\"inLanguage\":\"pt-BR\"},{\"@type\":\"Organization\",\"@id\":\"https:\\\/\\\/news.ecclesia.org.br\\\/#organization\",\"name\":\"Sacra Arquidiocese de Buenos Aires e Am\u00e9rica do Sul | Patriarcado Ecum\u00eanico\",\"alternateName\":\"News Ecclesia Brasil\",\"url\":\"https:\\\/\\\/news.ecclesia.org.br\\\/\",\"logo\":{\"@type\":\"ImageObject\",\"inLanguage\":\"pt-BR\",\"@id\":\"https:\\\/\\\/news.ecclesia.org.br\\\/#\\\/schema\\\/logo\\\/image\\\/\",\"url\":\"https:\\\/\\\/news.ecclesia.org.br\\\/wp-content\\\/uploads\\\/2025\\\/05\\\/ecclesia2.png\",\"contentUrl\":\"https:\\\/\\\/news.ecclesia.org.br\\\/wp-content\\\/uploads\\\/2025\\\/05\\\/ecclesia2.png\",\"width\":480,\"height\":120,\"caption\":\"Sacra Arquidiocese de Buenos Aires e Am\u00e9rica do Sul | Patriarcado Ecum\u00eanico\"},\"image\":{\"@id\":\"https:\\\/\\\/news.ecclesia.org.br\\\/#\\\/schema\\\/logo\\\/image\\\/\"},\"sameAs\":[\"https:\\\/\\\/www.facebook.com\\\/Ecclesia2025\",\"https:\\\/\\\/x.com\\\/EcclesiaNews\",\"https:\\\/\\\/br.pinterest.com\\\/ekklisia\\\/\",\"https:\\\/\\\/www.youtube.com\\\/@EcclesiaBrasil\"]},{\"@type\":\"Person\",\"@id\":\"https:\\\/\\\/news.ecclesia.org.br\\\/#\\\/schema\\\/person\\\/6f09597f025829745ba414a569f63758\",\"name\":\"Pe. Andr\u00e9\",\"image\":{\"@type\":\"ImageObject\",\"inLanguage\":\"pt-BR\",\"@id\":\"https:\\\/\\\/secure.gravatar.com\\\/avatar\\\/b4327cfa27e9799da239a26adcd534fc29cdc0c4a4a148eecbcfeb9b42c617ac?s=96&d=mm&r=g\",\"url\":\"https:\\\/\\\/secure.gravatar.com\\\/avatar\\\/b4327cfa27e9799da239a26adcd534fc29cdc0c4a4a148eecbcfeb9b42c617ac?s=96&d=mm&r=g\",\"contentUrl\":\"https:\\\/\\\/secure.gravatar.com\\\/avatar\\\/b4327cfa27e9799da239a26adcd534fc29cdc0c4a4a148eecbcfeb9b42c617ac?s=96&d=mm&r=g\",\"caption\":\"Pe. Andr\u00e9\"},\"sameAs\":[\"https:\\\/\\\/www.ecclesia.org.br\"]}]}<\/script>\n<!-- \/ Yoast SEO plugin. -->","yoast_head_json":{"title":"Homilia de S.E.R. Dom TARASIOS, Arcebispo Metropolitano de Buenos Aires, Primaz e Exarca da Am\u00e9rica do Sul, na Divina Liturgia da Anuncia\u00e7\u00e3o da M\u00e3e de Deus | ECCLESIA NEWS","robots":{"index":"index","follow":"follow","max-snippet":"max-snippet:-1","max-image-preview":"max-image-preview:large","max-video-preview":"max-video-preview:-1"},"canonical":"https:\/\/news.ecclesia.org.br\/?p=3887","og_locale":"pt_BR","og_type":"article","og_title":"Homilia de S.E.R. Dom TARASIOS, Arcebispo Metropolitano de Buenos Aires, Primaz e Exarca da Am\u00e9rica do Sul, na Divina Liturgia da Anuncia\u00e7\u00e3o da M\u00e3e de Deus | ECCLESIA NEWS","og_description":"Buenos Aires, 25 de Mar\u00e7o de 2010 \u00abDisse Maria: \u2018Eis aqui a serva do Senhor; fa\u00e7a-se em mim segundo a tua palavra&#8217;. E o Anjo retirou-se\u00bb[1] Esta foi a resposta de Maria ao Arcanjo Gabriel, e essa resposta mostra o&#8230;","og_url":"https:\/\/news.ecclesia.org.br\/?p=3887","og_site_name":"ECCLESIA NEWS","article_publisher":"https:\/\/www.facebook.com\/Ecclesia2025","article_published_time":"2010-03-26T23:33:00+00:00","article_modified_time":"2021-07-21T19:45:00+00:00","og_image":[{"url":"https:\/\/news.ecclesia.org.br\/wp-content\/uploads\/2011\/04\/arcebispo-tarasios-300x225.jpg","type":"","width":"","height":""}],"author":"Pe. Andr\u00e9","twitter_card":"summary_large_image","twitter_creator":"@EcclesiaNews","twitter_site":"@EcclesiaNews","twitter_misc":{"Escrito por":"Pe. Andr\u00e9","Est. tempo de leitura":"4 minutos"},"schema":{"@context":"https:\/\/schema.org","@graph":[{"@type":"Article","@id":"https:\/\/news.ecclesia.org.br\/?p=3887#article","isPartOf":{"@id":"https:\/\/news.ecclesia.org.br\/?p=3887"},"author":{"name":"Pe. Andr\u00e9","@id":"https:\/\/news.ecclesia.org.br\/#\/schema\/person\/6f09597f025829745ba414a569f63758"},"headline":"Homilia de S.E.R. Dom TARASIOS, Arcebispo Metropolitano de Buenos Aires, Primaz e Exarca da Am\u00e9rica do Sul, na Divina Liturgia da Anuncia\u00e7\u00e3o da M\u00e3e de Deus","datePublished":"2010-03-26T23:33:00+00:00","dateModified":"2021-07-21T19:45:00+00:00","mainEntityOfPage":{"@id":"https:\/\/news.ecclesia.org.br\/?p=3887"},"wordCount":859,"commentCount":0,"publisher":{"@id":"https:\/\/news.ecclesia.org.br\/#organization"},"image":{"@id":"https:\/\/news.ecclesia.org.br\/?p=3887#primaryimage"},"thumbnailUrl":"https:\/\/news.ecclesia.org.br\/wp-content\/uploads\/2011\/04\/arcebispo-tarasios-300x225.jpg","articleSection":["NEWS"],"inLanguage":"pt-BR","potentialAction":[{"@type":"CommentAction","name":"Comment","target":["https:\/\/news.ecclesia.org.br\/?p=3887#respond"]}]},{"@type":"WebPage","@id":"https:\/\/news.ecclesia.org.br\/?p=3887","url":"https:\/\/news.ecclesia.org.br\/?p=3887","name":"Homilia de S.E.R. Dom TARASIOS, Arcebispo Metropolitano de Buenos Aires, Primaz e Exarca da Am\u00e9rica do Sul, na Divina Liturgia da Anuncia\u00e7\u00e3o da M\u00e3e de Deus | ECCLESIA NEWS","isPartOf":{"@id":"https:\/\/news.ecclesia.org.br\/#website"},"primaryImageOfPage":{"@id":"https:\/\/news.ecclesia.org.br\/?p=3887#primaryimage"},"image":{"@id":"https:\/\/news.ecclesia.org.br\/?p=3887#primaryimage"},"thumbnailUrl":"https:\/\/news.ecclesia.org.br\/wp-content\/uploads\/2011\/04\/arcebispo-tarasios-300x225.jpg","datePublished":"2010-03-26T23:33:00+00:00","dateModified":"2021-07-21T19:45:00+00:00","breadcrumb":{"@id":"https:\/\/news.ecclesia.org.br\/?p=3887#breadcrumb"},"inLanguage":"pt-BR","potentialAction":[{"@type":"ReadAction","target":["https:\/\/news.ecclesia.org.br\/?p=3887"]}]},{"@type":"ImageObject","inLanguage":"pt-BR","@id":"https:\/\/news.ecclesia.org.br\/?p=3887#primaryimage","url":"https:\/\/news.ecclesia.org.br\/wp-content\/uploads\/2011\/04\/arcebispo-tarasios-300x225.jpg","contentUrl":"https:\/\/news.ecclesia.org.br\/wp-content\/uploads\/2011\/04\/arcebispo-tarasios-300x225.jpg"},{"@type":"BreadcrumbList","@id":"https:\/\/news.ecclesia.org.br\/?p=3887#breadcrumb","itemListElement":[{"@type":"ListItem","position":1,"name":"In\u00edcio","item":"https:\/\/news.ecclesia.org.br\/"},{"@type":"ListItem","position":2,"name":"Homilia de S.E.R. Dom TARASIOS, Arcebispo Metropolitano de Buenos Aires, Primaz e Exarca da Am\u00e9rica do Sul, na Divina Liturgia da Anuncia\u00e7\u00e3o da M\u00e3e de Deus"}]},{"@type":"WebSite","@id":"https:\/\/news.ecclesia.org.br\/#website","url":"https:\/\/news.ecclesia.org.br\/","name":"Ecclesia Brasil","description":"Desde 2003 onectando o Brasil ao mundo ortodoxo!","publisher":{"@id":"https:\/\/news.ecclesia.org.br\/#organization"},"alternateName":"Ecclesia","potentialAction":[{"@type":"SearchAction","target":{"@type":"EntryPoint","urlTemplate":"https:\/\/news.ecclesia.org.br\/?s={search_term_string}"},"query-input":{"@type":"PropertyValueSpecification","valueRequired":true,"valueName":"search_term_string"}}],"inLanguage":"pt-BR"},{"@type":"Organization","@id":"https:\/\/news.ecclesia.org.br\/#organization","name":"Sacra Arquidiocese de Buenos Aires e Am\u00e9rica do Sul | Patriarcado Ecum\u00eanico","alternateName":"News Ecclesia Brasil","url":"https:\/\/news.ecclesia.org.br\/","logo":{"@type":"ImageObject","inLanguage":"pt-BR","@id":"https:\/\/news.ecclesia.org.br\/#\/schema\/logo\/image\/","url":"https:\/\/news.ecclesia.org.br\/wp-content\/uploads\/2025\/05\/ecclesia2.png","contentUrl":"https:\/\/news.ecclesia.org.br\/wp-content\/uploads\/2025\/05\/ecclesia2.png","width":480,"height":120,"caption":"Sacra Arquidiocese de Buenos Aires e Am\u00e9rica do Sul | Patriarcado Ecum\u00eanico"},"image":{"@id":"https:\/\/news.ecclesia.org.br\/#\/schema\/logo\/image\/"},"sameAs":["https:\/\/www.facebook.com\/Ecclesia2025","https:\/\/x.com\/EcclesiaNews","https:\/\/br.pinterest.com\/ekklisia\/","https:\/\/www.youtube.com\/@EcclesiaBrasil"]},{"@type":"Person","@id":"https:\/\/news.ecclesia.org.br\/#\/schema\/person\/6f09597f025829745ba414a569f63758","name":"Pe. Andr\u00e9","image":{"@type":"ImageObject","inLanguage":"pt-BR","@id":"https:\/\/secure.gravatar.com\/avatar\/b4327cfa27e9799da239a26adcd534fc29cdc0c4a4a148eecbcfeb9b42c617ac?s=96&d=mm&r=g","url":"https:\/\/secure.gravatar.com\/avatar\/b4327cfa27e9799da239a26adcd534fc29cdc0c4a4a148eecbcfeb9b42c617ac?s=96&d=mm&r=g","contentUrl":"https:\/\/secure.gravatar.com\/avatar\/b4327cfa27e9799da239a26adcd534fc29cdc0c4a4a148eecbcfeb9b42c617ac?s=96&d=mm&r=g","caption":"Pe. Andr\u00e9"},"sameAs":["https:\/\/www.ecclesia.org.br"]}]}},"_links":{"self":[{"href":"https:\/\/news.ecclesia.org.br\/index.php?rest_route=\/wp\/v2\/posts\/3887","targetHints":{"allow":["GET"]}}],"collection":[{"href":"https:\/\/news.ecclesia.org.br\/index.php?rest_route=\/wp\/v2\/posts"}],"about":[{"href":"https:\/\/news.ecclesia.org.br\/index.php?rest_route=\/wp\/v2\/types\/post"}],"author":[{"embeddable":true,"href":"https:\/\/news.ecclesia.org.br\/index.php?rest_route=\/wp\/v2\/users\/1"}],"replies":[{"embeddable":true,"href":"https:\/\/news.ecclesia.org.br\/index.php?rest_route=%2Fwp%2Fv2%2Fcomments&post=3887"}],"version-history":[{"count":2,"href":"https:\/\/news.ecclesia.org.br\/index.php?rest_route=\/wp\/v2\/posts\/3887\/revisions"}],"predecessor-version":[{"id":37959,"href":"https:\/\/news.ecclesia.org.br\/index.php?rest_route=\/wp\/v2\/posts\/3887\/revisions\/37959"}],"wp:attachment":[{"href":"https:\/\/news.ecclesia.org.br\/index.php?rest_route=%2Fwp%2Fv2%2Fmedia&parent=3887"}],"wp:term":[{"taxonomy":"category","embeddable":true,"href":"https:\/\/news.ecclesia.org.br\/index.php?rest_route=%2Fwp%2Fv2%2Fcategories&post=3887"},{"taxonomy":"post_tag","embeddable":true,"href":"https:\/\/news.ecclesia.org.br\/index.php?rest_route=%2Fwp%2Fv2%2Ftags&post=3887"}],"curies":[{"name":"wp","href":"https:\/\/api.w.org\/{rel}","templated":true}]}}