{"id":3874,"date":"2010-03-26T16:02:43","date_gmt":"2010-03-26T18:02:43","guid":{"rendered":"http:\/\/www.ecclesia.com.br\/news\/?p=3874"},"modified":"2016-03-15T23:32:09","modified_gmt":"2016-03-15T23:32:09","slug":"perito-armenio-em-calendario-e-contra-a-ideia-da-associacao-mundial-de-calendarios-de-deixar-de-usar-o-calendario-gregoriano-em-2012","status":"publish","type":"post","link":"https:\/\/news.ecclesia.org.br\/?p=3874","title":{"rendered":"Arm\u00eanio, especialista em calend\u00e1rios, \u00e9 contra a id\u00e9ia da Associa\u00e7\u00e3o Mundial de Calend\u00e1rios de deixar de usar o calend\u00e1rio gregoriano em 2012"},"content":{"rendered":"<p style=\"text-align: justify;\">24 de Mar\u00e7o de 2010 &#8212;\u00a0A id\u00e9ia apresentada \u00e0 ONU pela Associa\u00e7\u00e3o Mundial de Calend\u00e1rios, sobre a altera\u00e7\u00e3o do calend\u00e1rio gregoriano em 2012, foi concebido para destruir o n\u00facleo espiritual da humanidade.\u00a0Este \u00e9 ponto de vista expresso pelo astr\u00f4nomo, especialista em calend\u00e1rios, doutorando em ci\u00eancias f\u00edsicas e matem\u00e1ticas, Grigor Brutyan, na entrevista que concedeu ao jornal \u00abA Voz da Arm\u00eania\u00bb.<\/p>\n<p style=\"text-align: justify;\">O especialista arm\u00eanio \u00e9 categoricamente contra as id\u00e9ias do seu colega americano, Wayne Richardson, diretor da Associa\u00e7\u00e3o Mundial de Calend\u00e1rios.\u00a0Na entrevista, ele enfatizou que a ren\u00fancia ao calend\u00e1rio gregoriano constitui o pr\u00f3ximo ataque dos \u00abte\u00f3ricos da globaliza\u00e7\u00e3o\u00bb objetivando a destrui\u00e7\u00e3o dos valores tradicionais.<\/p>\n<p style=\"text-align: justify;\">\u00abCada pessoa tem sua nacionalidade, sua religi\u00e3o e sua tradi\u00e7\u00e3o.\u00a0Mas dizem eles: isto n\u00e3o \u00e9 problema; ent\u00e3o, esque\u00e7amos! Que diferen\u00e7a h\u00e1 entre um arm\u00eanio, um curdo ou um japon\u00eas?\u00a0Tu \u00e9s, simplesmente, um homem.\u00a0A religi\u00e3o \u00e9 um vest\u00edgio do passado, esque\u00e7a isso, est\u00e1s livre.\u00a0As conseq\u00fc\u00eancias de tal reforma de calend\u00e1rio podem ser terr\u00edveis!\u00a0A pessoa consiste de uma infinidade de componentes, o cultural, o \u00e9tnico, o religioso&#8230; \u00c9 seu n\u00facleo espiritual.\u00a0Agora se faz uma tentativa de priv\u00e1-lo, ainda que em parte, deste n\u00facleo? Como celebraremos nossas festas crist\u00e3s?\u00a0Se a reforma radical do calend\u00e1rio passar\u00e1, para o mundo crist\u00e3o, resta a quest\u00e3o: quando celebraremos a P\u00e1scoa.\u00a0Como determinar a data da P\u00e1scoa?\u00a0Hoje celebramos a P\u00e1scoa com base nas normas estabelecidas em 325 pelo Conc\u00edlio de Nic\u00e9ia.\u00a0Agora, inevitavelmente, se mudarmos o calend\u00e1rio, precisaremos mudar tamb\u00e9m os c\u00e2nones do Conc\u00edlio de Nic\u00e9ia? Iremos de encontro \u00e0s decis\u00f5es dos Padres da Igreja, contrariando-os?\u00a0Por\u00e9m, n\u00e3o haver\u00e1 outra op\u00e7\u00e3o. Esta reforma objetiva, n\u00e3o apenas a destrui\u00e7\u00e3o dos valores tradicionais &#8211; preferencialmente os religiosos &#8211; mas tamb\u00e9m a destitui\u00e7\u00e3o das autoridades espirituais do mundo crist\u00e3o\u00bb, diz Brutyan. [Fonte: <a href=\"http:\/\/www.blagovest-info.ru\/\" target=\"_blank\">Blagovest-Info.Ru<\/a> |\u00a0<a href=\"http:\/\/www.bogoslov.ru\/es\/\" target=\"_blank\">Bogoslov.Ru<\/a> |\u00a0Trad.: Pe. Andr\u00e9]<\/p>\n<p style=\"text-align: justify;\">\n","protected":false},"excerpt":{"rendered":"<p>24 de Mar\u00e7o de 2010 &#8212;\u00a0A id\u00e9ia apresentada \u00e0 ONU pela Associa\u00e7\u00e3o Mundial de Calend\u00e1rios, sobre a altera\u00e7\u00e3o do calend\u00e1rio gregoriano em 2012, foi concebido para destruir o n\u00facleo espiritual da humanidade.\u00a0Este \u00e9 ponto de vista expresso pelo astr\u00f4nomo, especialista&#8230;<\/p>\n","protected":false},"author":1,"featured_media":15364,"comment_status":"open","ping_status":"open","sticky":false,"template":"","format":"standard","meta":{"_acf_changed":false,"footnotes":""},"categories":[1],"tags":[],"class_list":["post-3874","post","type-post","status-publish","format-standard","has-post-thumbnail","hentry","category-news","entry","rows-excerpt"],"acf":[],"yoast_head":"<!-- This site is optimized with the Yoast SEO plugin v27.5 - https:\/\/yoast.com\/product\/yoast-seo-wordpress\/ -->\n<title>Arm\u00eanio, especialista em calend\u00e1rios, \u00e9 contra a id\u00e9ia da Associa\u00e7\u00e3o Mundial de Calend\u00e1rios de deixar de usar o calend\u00e1rio gregoriano em 2012 | ECCLESIA NEWS<\/title>\n<meta name=\"robots\" content=\"index, follow, max-snippet:-1, max-image-preview:large, max-video-preview:-1\" \/>\n<link rel=\"canonical\" href=\"https:\/\/news.ecclesia.org.br\/?p=3874\" \/>\n<meta property=\"og:locale\" content=\"pt_BR\" \/>\n<meta property=\"og:type\" content=\"article\" \/>\n<meta property=\"og:title\" content=\"Arm\u00eanio, especialista em calend\u00e1rios, \u00e9 contra a id\u00e9ia da Associa\u00e7\u00e3o Mundial de Calend\u00e1rios de deixar de usar o calend\u00e1rio gregoriano em 2012 | ECCLESIA NEWS\" \/>\n<meta property=\"og:description\" content=\"24 de Mar\u00e7o de 2010 &#8212;\u00a0A id\u00e9ia apresentada \u00e0 ONU pela Associa\u00e7\u00e3o Mundial de Calend\u00e1rios, sobre a altera\u00e7\u00e3o do calend\u00e1rio gregoriano em 2012, foi concebido para destruir o n\u00facleo espiritual da humanidade.\u00a0Este \u00e9 ponto de vista expresso pelo astr\u00f4nomo, especialista&#8230;\" \/>\n<meta property=\"og:url\" content=\"https:\/\/news.ecclesia.org.br\/?p=3874\" \/>\n<meta property=\"og:site_name\" content=\"ECCLESIA NEWS\" \/>\n<meta property=\"article:publisher\" content=\"https:\/\/www.facebook.com\/Ecclesia2025\" \/>\n<meta property=\"article:published_time\" content=\"2010-03-26T18:02:43+00:00\" \/>\n<meta property=\"article:modified_time\" content=\"2016-03-15T23:32:09+00:00\" \/>\n<meta property=\"og:image\" content=\"https:\/\/news.ecclesia.org.br\/wp-content\/uploads\/2010\/03\/WayneRichardson.jpg\" \/>\n\t<meta property=\"og:image:width\" content=\"326\" \/>\n\t<meta property=\"og:image:height\" content=\"500\" \/>\n\t<meta property=\"og:image:type\" content=\"image\/jpeg\" \/>\n<meta name=\"author\" content=\"Pe. Andr\u00e9\" \/>\n<meta name=\"twitter:card\" content=\"summary_large_image\" \/>\n<meta name=\"twitter:creator\" content=\"@EcclesiaNews\" \/>\n<meta name=\"twitter:site\" content=\"@EcclesiaNews\" \/>\n<meta name=\"twitter:label1\" content=\"Escrito por\" \/>\n\t<meta name=\"twitter:data1\" content=\"Pe. Andr\u00e9\" \/>\n\t<meta name=\"twitter:label2\" content=\"Est. tempo de leitura\" \/>\n\t<meta name=\"twitter:data2\" content=\"2 minutos\" \/>\n<script type=\"application\/ld+json\" class=\"yoast-schema-graph\">{\"@context\":\"https:\\\/\\\/schema.org\",\"@graph\":[{\"@type\":\"Article\",\"@id\":\"https:\\\/\\\/news.ecclesia.org.br\\\/?p=3874#article\",\"isPartOf\":{\"@id\":\"https:\\\/\\\/news.ecclesia.org.br\\\/?p=3874\"},\"author\":{\"name\":\"Pe. Andr\u00e9\",\"@id\":\"https:\\\/\\\/news.ecclesia.org.br\\\/#\\\/schema\\\/person\\\/6f09597f025829745ba414a569f63758\"},\"headline\":\"Arm\u00eanio, especialista em calend\u00e1rios, \u00e9 contra a id\u00e9ia da Associa\u00e7\u00e3o Mundial de Calend\u00e1rios de deixar de usar o calend\u00e1rio gregoriano em 2012\",\"datePublished\":\"2010-03-26T18:02:43+00:00\",\"dateModified\":\"2016-03-15T23:32:09+00:00\",\"mainEntityOfPage\":{\"@id\":\"https:\\\/\\\/news.ecclesia.org.br\\\/?p=3874\"},\"wordCount\":382,\"commentCount\":1,\"publisher\":{\"@id\":\"https:\\\/\\\/news.ecclesia.org.br\\\/#organization\"},\"image\":{\"@id\":\"https:\\\/\\\/news.ecclesia.org.br\\\/?p=3874#primaryimage\"},\"thumbnailUrl\":\"https:\\\/\\\/news.ecclesia.org.br\\\/wp-content\\\/uploads\\\/2010\\\/03\\\/WayneRichardson.jpg\",\"articleSection\":[\"NEWS\"],\"inLanguage\":\"pt-BR\",\"potentialAction\":[{\"@type\":\"CommentAction\",\"name\":\"Comment\",\"target\":[\"https:\\\/\\\/news.ecclesia.org.br\\\/?p=3874#respond\"]}]},{\"@type\":\"WebPage\",\"@id\":\"https:\\\/\\\/news.ecclesia.org.br\\\/?p=3874\",\"url\":\"https:\\\/\\\/news.ecclesia.org.br\\\/?p=3874\",\"name\":\"Arm\u00eanio, especialista em calend\u00e1rios, \u00e9 contra a id\u00e9ia da Associa\u00e7\u00e3o Mundial de Calend\u00e1rios de deixar de usar o calend\u00e1rio gregoriano em 2012 | ECCLESIA NEWS\",\"isPartOf\":{\"@id\":\"https:\\\/\\\/news.ecclesia.org.br\\\/#website\"},\"primaryImageOfPage\":{\"@id\":\"https:\\\/\\\/news.ecclesia.org.br\\\/?p=3874#primaryimage\"},\"image\":{\"@id\":\"https:\\\/\\\/news.ecclesia.org.br\\\/?p=3874#primaryimage\"},\"thumbnailUrl\":\"https:\\\/\\\/news.ecclesia.org.br\\\/wp-content\\\/uploads\\\/2010\\\/03\\\/WayneRichardson.jpg\",\"datePublished\":\"2010-03-26T18:02:43+00:00\",\"dateModified\":\"2016-03-15T23:32:09+00:00\",\"breadcrumb\":{\"@id\":\"https:\\\/\\\/news.ecclesia.org.br\\\/?p=3874#breadcrumb\"},\"inLanguage\":\"pt-BR\",\"potentialAction\":[{\"@type\":\"ReadAction\",\"target\":[\"https:\\\/\\\/news.ecclesia.org.br\\\/?p=3874\"]}]},{\"@type\":\"ImageObject\",\"inLanguage\":\"pt-BR\",\"@id\":\"https:\\\/\\\/news.ecclesia.org.br\\\/?p=3874#primaryimage\",\"url\":\"https:\\\/\\\/news.ecclesia.org.br\\\/wp-content\\\/uploads\\\/2010\\\/03\\\/WayneRichardson.jpg\",\"contentUrl\":\"https:\\\/\\\/news.ecclesia.org.br\\\/wp-content\\\/uploads\\\/2010\\\/03\\\/WayneRichardson.jpg\",\"width\":326,\"height\":500},{\"@type\":\"BreadcrumbList\",\"@id\":\"https:\\\/\\\/news.ecclesia.org.br\\\/?p=3874#breadcrumb\",\"itemListElement\":[{\"@type\":\"ListItem\",\"position\":1,\"name\":\"In\u00edcio\",\"item\":\"https:\\\/\\\/news.ecclesia.org.br\\\/\"},{\"@type\":\"ListItem\",\"position\":2,\"name\":\"Arm\u00eanio, especialista em calend\u00e1rios, \u00e9 contra a id\u00e9ia da Associa\u00e7\u00e3o Mundial de Calend\u00e1rios de deixar de usar o calend\u00e1rio gregoriano em 2012\"}]},{\"@type\":\"WebSite\",\"@id\":\"https:\\\/\\\/news.ecclesia.org.br\\\/#website\",\"url\":\"https:\\\/\\\/news.ecclesia.org.br\\\/\",\"name\":\"Ecclesia Brasil\",\"description\":\"Desde 2003 onectando o Brasil ao mundo ortodoxo!\",\"publisher\":{\"@id\":\"https:\\\/\\\/news.ecclesia.org.br\\\/#organization\"},\"alternateName\":\"Ecclesia\",\"potentialAction\":[{\"@type\":\"SearchAction\",\"target\":{\"@type\":\"EntryPoint\",\"urlTemplate\":\"https:\\\/\\\/news.ecclesia.org.br\\\/?s={search_term_string}\"},\"query-input\":{\"@type\":\"PropertyValueSpecification\",\"valueRequired\":true,\"valueName\":\"search_term_string\"}}],\"inLanguage\":\"pt-BR\"},{\"@type\":\"Organization\",\"@id\":\"https:\\\/\\\/news.ecclesia.org.br\\\/#organization\",\"name\":\"Sacra Arquidiocese de Buenos Aires e Am\u00e9rica do Sul | Patriarcado Ecum\u00eanico\",\"alternateName\":\"News Ecclesia Brasil\",\"url\":\"https:\\\/\\\/news.ecclesia.org.br\\\/\",\"logo\":{\"@type\":\"ImageObject\",\"inLanguage\":\"pt-BR\",\"@id\":\"https:\\\/\\\/news.ecclesia.org.br\\\/#\\\/schema\\\/logo\\\/image\\\/\",\"url\":\"https:\\\/\\\/news.ecclesia.org.br\\\/wp-content\\\/uploads\\\/2025\\\/05\\\/ecclesia2.png\",\"contentUrl\":\"https:\\\/\\\/news.ecclesia.org.br\\\/wp-content\\\/uploads\\\/2025\\\/05\\\/ecclesia2.png\",\"width\":480,\"height\":120,\"caption\":\"Sacra Arquidiocese de Buenos Aires e Am\u00e9rica do Sul | Patriarcado Ecum\u00eanico\"},\"image\":{\"@id\":\"https:\\\/\\\/news.ecclesia.org.br\\\/#\\\/schema\\\/logo\\\/image\\\/\"},\"sameAs\":[\"https:\\\/\\\/www.facebook.com\\\/Ecclesia2025\",\"https:\\\/\\\/x.com\\\/EcclesiaNews\",\"https:\\\/\\\/br.pinterest.com\\\/ekklisia\\\/\",\"https:\\\/\\\/www.youtube.com\\\/@EcclesiaBrasil\"]},{\"@type\":\"Person\",\"@id\":\"https:\\\/\\\/news.ecclesia.org.br\\\/#\\\/schema\\\/person\\\/6f09597f025829745ba414a569f63758\",\"name\":\"Pe. Andr\u00e9\",\"image\":{\"@type\":\"ImageObject\",\"inLanguage\":\"pt-BR\",\"@id\":\"https:\\\/\\\/secure.gravatar.com\\\/avatar\\\/b4327cfa27e9799da239a26adcd534fc29cdc0c4a4a148eecbcfeb9b42c617ac?s=96&d=mm&r=g\",\"url\":\"https:\\\/\\\/secure.gravatar.com\\\/avatar\\\/b4327cfa27e9799da239a26adcd534fc29cdc0c4a4a148eecbcfeb9b42c617ac?s=96&d=mm&r=g\",\"contentUrl\":\"https:\\\/\\\/secure.gravatar.com\\\/avatar\\\/b4327cfa27e9799da239a26adcd534fc29cdc0c4a4a148eecbcfeb9b42c617ac?s=96&d=mm&r=g\",\"caption\":\"Pe. Andr\u00e9\"},\"sameAs\":[\"https:\\\/\\\/www.ecclesia.org.br\"]}]}<\/script>\n<!-- \/ Yoast SEO plugin. -->","yoast_head_json":{"title":"Arm\u00eanio, especialista em calend\u00e1rios, \u00e9 contra a id\u00e9ia da Associa\u00e7\u00e3o Mundial de Calend\u00e1rios de deixar de usar o calend\u00e1rio gregoriano em 2012 | ECCLESIA NEWS","robots":{"index":"index","follow":"follow","max-snippet":"max-snippet:-1","max-image-preview":"max-image-preview:large","max-video-preview":"max-video-preview:-1"},"canonical":"https:\/\/news.ecclesia.org.br\/?p=3874","og_locale":"pt_BR","og_type":"article","og_title":"Arm\u00eanio, especialista em calend\u00e1rios, \u00e9 contra a id\u00e9ia da Associa\u00e7\u00e3o Mundial de Calend\u00e1rios de deixar de usar o calend\u00e1rio gregoriano em 2012 | ECCLESIA NEWS","og_description":"24 de Mar\u00e7o de 2010 &#8212;\u00a0A id\u00e9ia apresentada \u00e0 ONU pela Associa\u00e7\u00e3o Mundial de Calend\u00e1rios, sobre a altera\u00e7\u00e3o do calend\u00e1rio gregoriano em 2012, foi concebido para destruir o n\u00facleo espiritual da humanidade.\u00a0Este \u00e9 ponto de vista expresso pelo astr\u00f4nomo, especialista&#8230;","og_url":"https:\/\/news.ecclesia.org.br\/?p=3874","og_site_name":"ECCLESIA NEWS","article_publisher":"https:\/\/www.facebook.com\/Ecclesia2025","article_published_time":"2010-03-26T18:02:43+00:00","article_modified_time":"2016-03-15T23:32:09+00:00","og_image":[{"width":326,"height":500,"url":"https:\/\/news.ecclesia.org.br\/wp-content\/uploads\/2010\/03\/WayneRichardson.jpg","type":"image\/jpeg"}],"author":"Pe. Andr\u00e9","twitter_card":"summary_large_image","twitter_creator":"@EcclesiaNews","twitter_site":"@EcclesiaNews","twitter_misc":{"Escrito por":"Pe. Andr\u00e9","Est. tempo de leitura":"2 minutos"},"schema":{"@context":"https:\/\/schema.org","@graph":[{"@type":"Article","@id":"https:\/\/news.ecclesia.org.br\/?p=3874#article","isPartOf":{"@id":"https:\/\/news.ecclesia.org.br\/?p=3874"},"author":{"name":"Pe. Andr\u00e9","@id":"https:\/\/news.ecclesia.org.br\/#\/schema\/person\/6f09597f025829745ba414a569f63758"},"headline":"Arm\u00eanio, especialista em calend\u00e1rios, \u00e9 contra a id\u00e9ia da Associa\u00e7\u00e3o Mundial de Calend\u00e1rios de deixar de usar o calend\u00e1rio gregoriano em 2012","datePublished":"2010-03-26T18:02:43+00:00","dateModified":"2016-03-15T23:32:09+00:00","mainEntityOfPage":{"@id":"https:\/\/news.ecclesia.org.br\/?p=3874"},"wordCount":382,"commentCount":1,"publisher":{"@id":"https:\/\/news.ecclesia.org.br\/#organization"},"image":{"@id":"https:\/\/news.ecclesia.org.br\/?p=3874#primaryimage"},"thumbnailUrl":"https:\/\/news.ecclesia.org.br\/wp-content\/uploads\/2010\/03\/WayneRichardson.jpg","articleSection":["NEWS"],"inLanguage":"pt-BR","potentialAction":[{"@type":"CommentAction","name":"Comment","target":["https:\/\/news.ecclesia.org.br\/?p=3874#respond"]}]},{"@type":"WebPage","@id":"https:\/\/news.ecclesia.org.br\/?p=3874","url":"https:\/\/news.ecclesia.org.br\/?p=3874","name":"Arm\u00eanio, especialista em calend\u00e1rios, \u00e9 contra a id\u00e9ia da Associa\u00e7\u00e3o Mundial de Calend\u00e1rios de deixar de usar o calend\u00e1rio gregoriano em 2012 | ECCLESIA NEWS","isPartOf":{"@id":"https:\/\/news.ecclesia.org.br\/#website"},"primaryImageOfPage":{"@id":"https:\/\/news.ecclesia.org.br\/?p=3874#primaryimage"},"image":{"@id":"https:\/\/news.ecclesia.org.br\/?p=3874#primaryimage"},"thumbnailUrl":"https:\/\/news.ecclesia.org.br\/wp-content\/uploads\/2010\/03\/WayneRichardson.jpg","datePublished":"2010-03-26T18:02:43+00:00","dateModified":"2016-03-15T23:32:09+00:00","breadcrumb":{"@id":"https:\/\/news.ecclesia.org.br\/?p=3874#breadcrumb"},"inLanguage":"pt-BR","potentialAction":[{"@type":"ReadAction","target":["https:\/\/news.ecclesia.org.br\/?p=3874"]}]},{"@type":"ImageObject","inLanguage":"pt-BR","@id":"https:\/\/news.ecclesia.org.br\/?p=3874#primaryimage","url":"https:\/\/news.ecclesia.org.br\/wp-content\/uploads\/2010\/03\/WayneRichardson.jpg","contentUrl":"https:\/\/news.ecclesia.org.br\/wp-content\/uploads\/2010\/03\/WayneRichardson.jpg","width":326,"height":500},{"@type":"BreadcrumbList","@id":"https:\/\/news.ecclesia.org.br\/?p=3874#breadcrumb","itemListElement":[{"@type":"ListItem","position":1,"name":"In\u00edcio","item":"https:\/\/news.ecclesia.org.br\/"},{"@type":"ListItem","position":2,"name":"Arm\u00eanio, especialista em calend\u00e1rios, \u00e9 contra a id\u00e9ia da Associa\u00e7\u00e3o Mundial de Calend\u00e1rios de deixar de usar o calend\u00e1rio gregoriano em 2012"}]},{"@type":"WebSite","@id":"https:\/\/news.ecclesia.org.br\/#website","url":"https:\/\/news.ecclesia.org.br\/","name":"Ecclesia Brasil","description":"Desde 2003 onectando o Brasil ao mundo ortodoxo!","publisher":{"@id":"https:\/\/news.ecclesia.org.br\/#organization"},"alternateName":"Ecclesia","potentialAction":[{"@type":"SearchAction","target":{"@type":"EntryPoint","urlTemplate":"https:\/\/news.ecclesia.org.br\/?s={search_term_string}"},"query-input":{"@type":"PropertyValueSpecification","valueRequired":true,"valueName":"search_term_string"}}],"inLanguage":"pt-BR"},{"@type":"Organization","@id":"https:\/\/news.ecclesia.org.br\/#organization","name":"Sacra Arquidiocese de Buenos Aires e Am\u00e9rica do Sul | Patriarcado Ecum\u00eanico","alternateName":"News Ecclesia Brasil","url":"https:\/\/news.ecclesia.org.br\/","logo":{"@type":"ImageObject","inLanguage":"pt-BR","@id":"https:\/\/news.ecclesia.org.br\/#\/schema\/logo\/image\/","url":"https:\/\/news.ecclesia.org.br\/wp-content\/uploads\/2025\/05\/ecclesia2.png","contentUrl":"https:\/\/news.ecclesia.org.br\/wp-content\/uploads\/2025\/05\/ecclesia2.png","width":480,"height":120,"caption":"Sacra Arquidiocese de Buenos Aires e Am\u00e9rica do Sul | Patriarcado Ecum\u00eanico"},"image":{"@id":"https:\/\/news.ecclesia.org.br\/#\/schema\/logo\/image\/"},"sameAs":["https:\/\/www.facebook.com\/Ecclesia2025","https:\/\/x.com\/EcclesiaNews","https:\/\/br.pinterest.com\/ekklisia\/","https:\/\/www.youtube.com\/@EcclesiaBrasil"]},{"@type":"Person","@id":"https:\/\/news.ecclesia.org.br\/#\/schema\/person\/6f09597f025829745ba414a569f63758","name":"Pe. Andr\u00e9","image":{"@type":"ImageObject","inLanguage":"pt-BR","@id":"https:\/\/secure.gravatar.com\/avatar\/b4327cfa27e9799da239a26adcd534fc29cdc0c4a4a148eecbcfeb9b42c617ac?s=96&d=mm&r=g","url":"https:\/\/secure.gravatar.com\/avatar\/b4327cfa27e9799da239a26adcd534fc29cdc0c4a4a148eecbcfeb9b42c617ac?s=96&d=mm&r=g","contentUrl":"https:\/\/secure.gravatar.com\/avatar\/b4327cfa27e9799da239a26adcd534fc29cdc0c4a4a148eecbcfeb9b42c617ac?s=96&d=mm&r=g","caption":"Pe. Andr\u00e9"},"sameAs":["https:\/\/www.ecclesia.org.br"]}]}},"_links":{"self":[{"href":"https:\/\/news.ecclesia.org.br\/index.php?rest_route=\/wp\/v2\/posts\/3874","targetHints":{"allow":["GET"]}}],"collection":[{"href":"https:\/\/news.ecclesia.org.br\/index.php?rest_route=\/wp\/v2\/posts"}],"about":[{"href":"https:\/\/news.ecclesia.org.br\/index.php?rest_route=\/wp\/v2\/types\/post"}],"author":[{"embeddable":true,"href":"https:\/\/news.ecclesia.org.br\/index.php?rest_route=\/wp\/v2\/users\/1"}],"replies":[{"embeddable":true,"href":"https:\/\/news.ecclesia.org.br\/index.php?rest_route=%2Fwp%2Fv2%2Fcomments&post=3874"}],"version-history":[{"count":0,"href":"https:\/\/news.ecclesia.org.br\/index.php?rest_route=\/wp\/v2\/posts\/3874\/revisions"}],"wp:featuredmedia":[{"embeddable":true,"href":"https:\/\/news.ecclesia.org.br\/index.php?rest_route=\/wp\/v2\/media\/15364"}],"wp:attachment":[{"href":"https:\/\/news.ecclesia.org.br\/index.php?rest_route=%2Fwp%2Fv2%2Fmedia&parent=3874"}],"wp:term":[{"taxonomy":"category","embeddable":true,"href":"https:\/\/news.ecclesia.org.br\/index.php?rest_route=%2Fwp%2Fv2%2Fcategories&post=3874"},{"taxonomy":"post_tag","embeddable":true,"href":"https:\/\/news.ecclesia.org.br\/index.php?rest_route=%2Fwp%2Fv2%2Ftags&post=3874"}],"curies":[{"name":"wp","href":"https:\/\/api.w.org\/{rel}","templated":true}]}}