{"id":3870,"date":"2010-03-26T15:57:22","date_gmt":"2010-03-26T17:57:22","guid":{"rendered":"http:\/\/www.ecclesia.com.br\/news\/?p=3870"},"modified":"2016-03-16T00:04:17","modified_gmt":"2016-03-16T00:04:17","slug":"um-novo-calendario-pode-ser-estabelecido-no-mundo-ate-2012","status":"publish","type":"post","link":"https:\/\/news.ecclesia.org.br\/?p=3870","title":{"rendered":"Um novo calend\u00e1rio pode ser estabelecido no mundo at\u00e9 2012"},"content":{"rendered":"<p style=\"text-align: justify;\">25 de mar\u00e7o de 2010 &#8211; A\u00a0Associa\u00e7\u00e3o Mundial de Calend\u00e1rios prop\u00f4s, recentemente, um novo tipo de c\u00e1lculo para o calend\u00e1rio que se baseia na vers\u00e3o do Calend\u00e1rio do Mundo, que quase foi adotada pela ONU em 1950.\u00a0O presidente da Associa\u00e7\u00e3o, Wayne Richardson, disse que o novo c\u00e1lculo pode come\u00e7ar a partir de 2012.\u00a0Ele acredita que o atual calend\u00e1rio gregoriano, adotado em 1582 &#8211; \u00e9 in\u00fatil; \u00e9 mais longo que o astron\u00f4mico 26 segundos (durante 3323 anos esta diferen\u00e7a ir\u00e1 atingir vinte e quatro horas), e a diferen\u00e7a no n\u00famero de dias, semanas, meses, trimestres e semestres cria dificuldades para os c\u00e1lculos econ\u00f4micos e estat\u00edsticos.\u00a0Richardson est\u00e1 convicto de que a resist\u00eancia em reformar o calend\u00e1rio \u00e9 resultado de preconceito.<\/p>\n<p style=\"text-align: justify;\">Os idealizadores da introdu\u00e7\u00e3o do novo calend\u00e1rio acreditam que o ano deve conter de 365 dias.\u00a0Ao mesmo tempo, cada ano, que come\u00e7a num domingo, deve ter um dia extra, o segundo s\u00e1bado. Al\u00e9m disso, cada novo m\u00eas deve come\u00e7ar somente na segunda-feira e para compensar o aumento do n\u00famero de dias, ser\u00e1 preciso distribuir este excedente de modo que os meses de fevereiro, maio, agosto e novembro contar\u00e3o 35 dias. Para todos os meses restantes, por\u00e9m, prop\u00f4s-se uma redu\u00e7\u00e3o para 28 dias.\u00a0Tal situa\u00e7\u00e3o pode dar-se-\u00e1 justamente no ano 2012.\u00a0Agora o \u00abCalend\u00e1rio Sim\u00e9trico\u00bb ser\u00e1 submetido \u00e0 comprova\u00e7\u00e3o.\u00a0Sua vers\u00e3o final ser\u00e1 proposta para a discuss\u00e3o na ONU.<\/p>\n<p style=\"text-align: justify;\">Vale lembrar, a este prop\u00f3sito, que algumas das Igrejas Ortodoxas (Jerusal\u00e9m, R\u00fassia, Ge\u00f3rgia, S\u00e9rvia, e os mosteiros do Monte Athos) se recusaram a usar o calend\u00e1rio gregoriano introduzido pelo Papa Greg\u00f3rio XIII, em 4 de Outubro de 1582, permanecendo com o calend\u00e1rio juliano (chamado de \u00abvelhos calendaristas\u00bb). Todas as outras Igrejas Ortodoxas Autoc\u00e9falas (exce\u00e7\u00e3o \u00e0 da Finl\u00e2ndia) valem-se do calend\u00e1rio Juliano revisado, ou seja, celebram-se todas as festas fixas no calend\u00e1rio gregoriano, e a P\u00e1scoa, de acordo com o juliano. [Fonte: <a href=\"http:\/\/www.regions.ru\/\">Regions.Ru<\/a>]<\/p>\n","protected":false},"excerpt":{"rendered":"<p>25 de mar\u00e7o de 2010 &#8211; A\u00a0Associa\u00e7\u00e3o Mundial de Calend\u00e1rios prop\u00f4s, recentemente, um novo tipo de c\u00e1lculo para o calend\u00e1rio que se baseia na vers\u00e3o do Calend\u00e1rio do Mundo, que quase foi adotada pela ONU em 1950.\u00a0O presidente da Associa\u00e7\u00e3o,&#8230;<\/p>\n","protected":false},"author":1,"featured_media":15367,"comment_status":"open","ping_status":"open","sticky":false,"template":"","format":"standard","meta":{"_acf_changed":false,"footnotes":""},"categories":[1],"tags":[],"class_list":["post-3870","post","type-post","status-publish","format-standard","has-post-thumbnail","hentry","category-news","entry","rows-excerpt"],"acf":[],"yoast_head":"<!-- This site is optimized with the Yoast SEO plugin v27.5 - https:\/\/yoast.com\/product\/yoast-seo-wordpress\/ -->\n<title>Um novo calend\u00e1rio pode ser estabelecido no mundo at\u00e9 2012 | ECCLESIA NEWS<\/title>\n<meta name=\"robots\" content=\"index, follow, max-snippet:-1, max-image-preview:large, max-video-preview:-1\" \/>\n<link rel=\"canonical\" href=\"https:\/\/news.ecclesia.org.br\/?p=3870\" \/>\n<meta property=\"og:locale\" content=\"pt_BR\" \/>\n<meta property=\"og:type\" content=\"article\" \/>\n<meta property=\"og:title\" content=\"Um novo calend\u00e1rio pode ser estabelecido no mundo at\u00e9 2012 | ECCLESIA NEWS\" \/>\n<meta property=\"og:description\" content=\"25 de mar\u00e7o de 2010 &#8211; A\u00a0Associa\u00e7\u00e3o Mundial de Calend\u00e1rios prop\u00f4s, recentemente, um novo tipo de c\u00e1lculo para o calend\u00e1rio que se baseia na vers\u00e3o do Calend\u00e1rio do Mundo, que quase foi adotada pela ONU em 1950.\u00a0O presidente da Associa\u00e7\u00e3o,&#8230;\" \/>\n<meta property=\"og:url\" content=\"https:\/\/news.ecclesia.org.br\/?p=3870\" \/>\n<meta property=\"og:site_name\" content=\"ECCLESIA NEWS\" \/>\n<meta property=\"article:publisher\" content=\"https:\/\/www.facebook.com\/Ecclesia2025\" \/>\n<meta property=\"article:published_time\" content=\"2010-03-26T17:57:22+00:00\" \/>\n<meta property=\"article:modified_time\" content=\"2016-03-16T00:04:17+00:00\" \/>\n<meta property=\"og:image\" content=\"https:\/\/news.ecclesia.org.br\/wp-content\/uploads\/2010\/03\/relogio-praga.jpg\" \/>\n\t<meta property=\"og:image:width\" content=\"450\" \/>\n\t<meta property=\"og:image:height\" content=\"299\" \/>\n\t<meta property=\"og:image:type\" content=\"image\/jpeg\" \/>\n<meta name=\"author\" content=\"Pe. Andr\u00e9\" \/>\n<meta name=\"twitter:card\" content=\"summary_large_image\" \/>\n<meta name=\"twitter:creator\" content=\"@EcclesiaNews\" \/>\n<meta name=\"twitter:site\" content=\"@EcclesiaNews\" \/>\n<meta name=\"twitter:label1\" content=\"Escrito por\" \/>\n\t<meta name=\"twitter:data1\" content=\"Pe. Andr\u00e9\" \/>\n\t<meta name=\"twitter:label2\" content=\"Est. tempo de leitura\" \/>\n\t<meta name=\"twitter:data2\" content=\"2 minutos\" \/>\n<script type=\"application\/ld+json\" class=\"yoast-schema-graph\">{\"@context\":\"https:\\\/\\\/schema.org\",\"@graph\":[{\"@type\":\"Article\",\"@id\":\"https:\\\/\\\/news.ecclesia.org.br\\\/?p=3870#article\",\"isPartOf\":{\"@id\":\"https:\\\/\\\/news.ecclesia.org.br\\\/?p=3870\"},\"author\":{\"name\":\"Pe. Andr\u00e9\",\"@id\":\"https:\\\/\\\/news.ecclesia.org.br\\\/#\\\/schema\\\/person\\\/6f09597f025829745ba414a569f63758\"},\"headline\":\"Um novo calend\u00e1rio pode ser estabelecido no mundo at\u00e9 2012\",\"datePublished\":\"2010-03-26T17:57:22+00:00\",\"dateModified\":\"2016-03-16T00:04:17+00:00\",\"mainEntityOfPage\":{\"@id\":\"https:\\\/\\\/news.ecclesia.org.br\\\/?p=3870\"},\"wordCount\":360,\"commentCount\":1,\"publisher\":{\"@id\":\"https:\\\/\\\/news.ecclesia.org.br\\\/#organization\"},\"image\":{\"@id\":\"https:\\\/\\\/news.ecclesia.org.br\\\/?p=3870#primaryimage\"},\"thumbnailUrl\":\"https:\\\/\\\/news.ecclesia.org.br\\\/wp-content\\\/uploads\\\/2010\\\/03\\\/relogio-praga.jpg\",\"articleSection\":[\"NEWS\"],\"inLanguage\":\"pt-BR\",\"potentialAction\":[{\"@type\":\"CommentAction\",\"name\":\"Comment\",\"target\":[\"https:\\\/\\\/news.ecclesia.org.br\\\/?p=3870#respond\"]}]},{\"@type\":\"WebPage\",\"@id\":\"https:\\\/\\\/news.ecclesia.org.br\\\/?p=3870\",\"url\":\"https:\\\/\\\/news.ecclesia.org.br\\\/?p=3870\",\"name\":\"Um novo calend\u00e1rio pode ser estabelecido no mundo at\u00e9 2012 | ECCLESIA NEWS\",\"isPartOf\":{\"@id\":\"https:\\\/\\\/news.ecclesia.org.br\\\/#website\"},\"primaryImageOfPage\":{\"@id\":\"https:\\\/\\\/news.ecclesia.org.br\\\/?p=3870#primaryimage\"},\"image\":{\"@id\":\"https:\\\/\\\/news.ecclesia.org.br\\\/?p=3870#primaryimage\"},\"thumbnailUrl\":\"https:\\\/\\\/news.ecclesia.org.br\\\/wp-content\\\/uploads\\\/2010\\\/03\\\/relogio-praga.jpg\",\"datePublished\":\"2010-03-26T17:57:22+00:00\",\"dateModified\":\"2016-03-16T00:04:17+00:00\",\"breadcrumb\":{\"@id\":\"https:\\\/\\\/news.ecclesia.org.br\\\/?p=3870#breadcrumb\"},\"inLanguage\":\"pt-BR\",\"potentialAction\":[{\"@type\":\"ReadAction\",\"target\":[\"https:\\\/\\\/news.ecclesia.org.br\\\/?p=3870\"]}]},{\"@type\":\"ImageObject\",\"inLanguage\":\"pt-BR\",\"@id\":\"https:\\\/\\\/news.ecclesia.org.br\\\/?p=3870#primaryimage\",\"url\":\"https:\\\/\\\/news.ecclesia.org.br\\\/wp-content\\\/uploads\\\/2010\\\/03\\\/relogio-praga.jpg\",\"contentUrl\":\"https:\\\/\\\/news.ecclesia.org.br\\\/wp-content\\\/uploads\\\/2010\\\/03\\\/relogio-praga.jpg\",\"width\":450,\"height\":299},{\"@type\":\"BreadcrumbList\",\"@id\":\"https:\\\/\\\/news.ecclesia.org.br\\\/?p=3870#breadcrumb\",\"itemListElement\":[{\"@type\":\"ListItem\",\"position\":1,\"name\":\"In\u00edcio\",\"item\":\"https:\\\/\\\/news.ecclesia.org.br\\\/\"},{\"@type\":\"ListItem\",\"position\":2,\"name\":\"Um novo calend\u00e1rio pode ser estabelecido no mundo at\u00e9 2012\"}]},{\"@type\":\"WebSite\",\"@id\":\"https:\\\/\\\/news.ecclesia.org.br\\\/#website\",\"url\":\"https:\\\/\\\/news.ecclesia.org.br\\\/\",\"name\":\"Ecclesia Brasil\",\"description\":\"Desde 2003 onectando o Brasil ao mundo ortodoxo!\",\"publisher\":{\"@id\":\"https:\\\/\\\/news.ecclesia.org.br\\\/#organization\"},\"alternateName\":\"Ecclesia\",\"potentialAction\":[{\"@type\":\"SearchAction\",\"target\":{\"@type\":\"EntryPoint\",\"urlTemplate\":\"https:\\\/\\\/news.ecclesia.org.br\\\/?s={search_term_string}\"},\"query-input\":{\"@type\":\"PropertyValueSpecification\",\"valueRequired\":true,\"valueName\":\"search_term_string\"}}],\"inLanguage\":\"pt-BR\"},{\"@type\":\"Organization\",\"@id\":\"https:\\\/\\\/news.ecclesia.org.br\\\/#organization\",\"name\":\"Sacra Arquidiocese de Buenos Aires e Am\u00e9rica do Sul | Patriarcado Ecum\u00eanico\",\"alternateName\":\"News Ecclesia Brasil\",\"url\":\"https:\\\/\\\/news.ecclesia.org.br\\\/\",\"logo\":{\"@type\":\"ImageObject\",\"inLanguage\":\"pt-BR\",\"@id\":\"https:\\\/\\\/news.ecclesia.org.br\\\/#\\\/schema\\\/logo\\\/image\\\/\",\"url\":\"https:\\\/\\\/news.ecclesia.org.br\\\/wp-content\\\/uploads\\\/2025\\\/05\\\/ecclesia2.png\",\"contentUrl\":\"https:\\\/\\\/news.ecclesia.org.br\\\/wp-content\\\/uploads\\\/2025\\\/05\\\/ecclesia2.png\",\"width\":480,\"height\":120,\"caption\":\"Sacra Arquidiocese de Buenos Aires e Am\u00e9rica do Sul | Patriarcado Ecum\u00eanico\"},\"image\":{\"@id\":\"https:\\\/\\\/news.ecclesia.org.br\\\/#\\\/schema\\\/logo\\\/image\\\/\"},\"sameAs\":[\"https:\\\/\\\/www.facebook.com\\\/Ecclesia2025\",\"https:\\\/\\\/x.com\\\/EcclesiaNews\",\"https:\\\/\\\/br.pinterest.com\\\/ekklisia\\\/\",\"https:\\\/\\\/www.youtube.com\\\/@EcclesiaBrasil\"]},{\"@type\":\"Person\",\"@id\":\"https:\\\/\\\/news.ecclesia.org.br\\\/#\\\/schema\\\/person\\\/6f09597f025829745ba414a569f63758\",\"name\":\"Pe. Andr\u00e9\",\"image\":{\"@type\":\"ImageObject\",\"inLanguage\":\"pt-BR\",\"@id\":\"https:\\\/\\\/secure.gravatar.com\\\/avatar\\\/b4327cfa27e9799da239a26adcd534fc29cdc0c4a4a148eecbcfeb9b42c617ac?s=96&d=mm&r=g\",\"url\":\"https:\\\/\\\/secure.gravatar.com\\\/avatar\\\/b4327cfa27e9799da239a26adcd534fc29cdc0c4a4a148eecbcfeb9b42c617ac?s=96&d=mm&r=g\",\"contentUrl\":\"https:\\\/\\\/secure.gravatar.com\\\/avatar\\\/b4327cfa27e9799da239a26adcd534fc29cdc0c4a4a148eecbcfeb9b42c617ac?s=96&d=mm&r=g\",\"caption\":\"Pe. Andr\u00e9\"},\"sameAs\":[\"https:\\\/\\\/www.ecclesia.org.br\"]}]}<\/script>\n<!-- \/ Yoast SEO plugin. -->","yoast_head_json":{"title":"Um novo calend\u00e1rio pode ser estabelecido no mundo at\u00e9 2012 | ECCLESIA NEWS","robots":{"index":"index","follow":"follow","max-snippet":"max-snippet:-1","max-image-preview":"max-image-preview:large","max-video-preview":"max-video-preview:-1"},"canonical":"https:\/\/news.ecclesia.org.br\/?p=3870","og_locale":"pt_BR","og_type":"article","og_title":"Um novo calend\u00e1rio pode ser estabelecido no mundo at\u00e9 2012 | ECCLESIA NEWS","og_description":"25 de mar\u00e7o de 2010 &#8211; A\u00a0Associa\u00e7\u00e3o Mundial de Calend\u00e1rios prop\u00f4s, recentemente, um novo tipo de c\u00e1lculo para o calend\u00e1rio que se baseia na vers\u00e3o do Calend\u00e1rio do Mundo, que quase foi adotada pela ONU em 1950.\u00a0O presidente da Associa\u00e7\u00e3o,&#8230;","og_url":"https:\/\/news.ecclesia.org.br\/?p=3870","og_site_name":"ECCLESIA NEWS","article_publisher":"https:\/\/www.facebook.com\/Ecclesia2025","article_published_time":"2010-03-26T17:57:22+00:00","article_modified_time":"2016-03-16T00:04:17+00:00","og_image":[{"width":450,"height":299,"url":"https:\/\/news.ecclesia.org.br\/wp-content\/uploads\/2010\/03\/relogio-praga.jpg","type":"image\/jpeg"}],"author":"Pe. Andr\u00e9","twitter_card":"summary_large_image","twitter_creator":"@EcclesiaNews","twitter_site":"@EcclesiaNews","twitter_misc":{"Escrito por":"Pe. Andr\u00e9","Est. tempo de leitura":"2 minutos"},"schema":{"@context":"https:\/\/schema.org","@graph":[{"@type":"Article","@id":"https:\/\/news.ecclesia.org.br\/?p=3870#article","isPartOf":{"@id":"https:\/\/news.ecclesia.org.br\/?p=3870"},"author":{"name":"Pe. Andr\u00e9","@id":"https:\/\/news.ecclesia.org.br\/#\/schema\/person\/6f09597f025829745ba414a569f63758"},"headline":"Um novo calend\u00e1rio pode ser estabelecido no mundo at\u00e9 2012","datePublished":"2010-03-26T17:57:22+00:00","dateModified":"2016-03-16T00:04:17+00:00","mainEntityOfPage":{"@id":"https:\/\/news.ecclesia.org.br\/?p=3870"},"wordCount":360,"commentCount":1,"publisher":{"@id":"https:\/\/news.ecclesia.org.br\/#organization"},"image":{"@id":"https:\/\/news.ecclesia.org.br\/?p=3870#primaryimage"},"thumbnailUrl":"https:\/\/news.ecclesia.org.br\/wp-content\/uploads\/2010\/03\/relogio-praga.jpg","articleSection":["NEWS"],"inLanguage":"pt-BR","potentialAction":[{"@type":"CommentAction","name":"Comment","target":["https:\/\/news.ecclesia.org.br\/?p=3870#respond"]}]},{"@type":"WebPage","@id":"https:\/\/news.ecclesia.org.br\/?p=3870","url":"https:\/\/news.ecclesia.org.br\/?p=3870","name":"Um novo calend\u00e1rio pode ser estabelecido no mundo at\u00e9 2012 | ECCLESIA NEWS","isPartOf":{"@id":"https:\/\/news.ecclesia.org.br\/#website"},"primaryImageOfPage":{"@id":"https:\/\/news.ecclesia.org.br\/?p=3870#primaryimage"},"image":{"@id":"https:\/\/news.ecclesia.org.br\/?p=3870#primaryimage"},"thumbnailUrl":"https:\/\/news.ecclesia.org.br\/wp-content\/uploads\/2010\/03\/relogio-praga.jpg","datePublished":"2010-03-26T17:57:22+00:00","dateModified":"2016-03-16T00:04:17+00:00","breadcrumb":{"@id":"https:\/\/news.ecclesia.org.br\/?p=3870#breadcrumb"},"inLanguage":"pt-BR","potentialAction":[{"@type":"ReadAction","target":["https:\/\/news.ecclesia.org.br\/?p=3870"]}]},{"@type":"ImageObject","inLanguage":"pt-BR","@id":"https:\/\/news.ecclesia.org.br\/?p=3870#primaryimage","url":"https:\/\/news.ecclesia.org.br\/wp-content\/uploads\/2010\/03\/relogio-praga.jpg","contentUrl":"https:\/\/news.ecclesia.org.br\/wp-content\/uploads\/2010\/03\/relogio-praga.jpg","width":450,"height":299},{"@type":"BreadcrumbList","@id":"https:\/\/news.ecclesia.org.br\/?p=3870#breadcrumb","itemListElement":[{"@type":"ListItem","position":1,"name":"In\u00edcio","item":"https:\/\/news.ecclesia.org.br\/"},{"@type":"ListItem","position":2,"name":"Um novo calend\u00e1rio pode ser estabelecido no mundo at\u00e9 2012"}]},{"@type":"WebSite","@id":"https:\/\/news.ecclesia.org.br\/#website","url":"https:\/\/news.ecclesia.org.br\/","name":"Ecclesia Brasil","description":"Desde 2003 onectando o Brasil ao mundo ortodoxo!","publisher":{"@id":"https:\/\/news.ecclesia.org.br\/#organization"},"alternateName":"Ecclesia","potentialAction":[{"@type":"SearchAction","target":{"@type":"EntryPoint","urlTemplate":"https:\/\/news.ecclesia.org.br\/?s={search_term_string}"},"query-input":{"@type":"PropertyValueSpecification","valueRequired":true,"valueName":"search_term_string"}}],"inLanguage":"pt-BR"},{"@type":"Organization","@id":"https:\/\/news.ecclesia.org.br\/#organization","name":"Sacra Arquidiocese de Buenos Aires e Am\u00e9rica do Sul | Patriarcado Ecum\u00eanico","alternateName":"News Ecclesia Brasil","url":"https:\/\/news.ecclesia.org.br\/","logo":{"@type":"ImageObject","inLanguage":"pt-BR","@id":"https:\/\/news.ecclesia.org.br\/#\/schema\/logo\/image\/","url":"https:\/\/news.ecclesia.org.br\/wp-content\/uploads\/2025\/05\/ecclesia2.png","contentUrl":"https:\/\/news.ecclesia.org.br\/wp-content\/uploads\/2025\/05\/ecclesia2.png","width":480,"height":120,"caption":"Sacra Arquidiocese de Buenos Aires e Am\u00e9rica do Sul | Patriarcado Ecum\u00eanico"},"image":{"@id":"https:\/\/news.ecclesia.org.br\/#\/schema\/logo\/image\/"},"sameAs":["https:\/\/www.facebook.com\/Ecclesia2025","https:\/\/x.com\/EcclesiaNews","https:\/\/br.pinterest.com\/ekklisia\/","https:\/\/www.youtube.com\/@EcclesiaBrasil"]},{"@type":"Person","@id":"https:\/\/news.ecclesia.org.br\/#\/schema\/person\/6f09597f025829745ba414a569f63758","name":"Pe. Andr\u00e9","image":{"@type":"ImageObject","inLanguage":"pt-BR","@id":"https:\/\/secure.gravatar.com\/avatar\/b4327cfa27e9799da239a26adcd534fc29cdc0c4a4a148eecbcfeb9b42c617ac?s=96&d=mm&r=g","url":"https:\/\/secure.gravatar.com\/avatar\/b4327cfa27e9799da239a26adcd534fc29cdc0c4a4a148eecbcfeb9b42c617ac?s=96&d=mm&r=g","contentUrl":"https:\/\/secure.gravatar.com\/avatar\/b4327cfa27e9799da239a26adcd534fc29cdc0c4a4a148eecbcfeb9b42c617ac?s=96&d=mm&r=g","caption":"Pe. Andr\u00e9"},"sameAs":["https:\/\/www.ecclesia.org.br"]}]}},"_links":{"self":[{"href":"https:\/\/news.ecclesia.org.br\/index.php?rest_route=\/wp\/v2\/posts\/3870","targetHints":{"allow":["GET"]}}],"collection":[{"href":"https:\/\/news.ecclesia.org.br\/index.php?rest_route=\/wp\/v2\/posts"}],"about":[{"href":"https:\/\/news.ecclesia.org.br\/index.php?rest_route=\/wp\/v2\/types\/post"}],"author":[{"embeddable":true,"href":"https:\/\/news.ecclesia.org.br\/index.php?rest_route=\/wp\/v2\/users\/1"}],"replies":[{"embeddable":true,"href":"https:\/\/news.ecclesia.org.br\/index.php?rest_route=%2Fwp%2Fv2%2Fcomments&post=3870"}],"version-history":[{"count":0,"href":"https:\/\/news.ecclesia.org.br\/index.php?rest_route=\/wp\/v2\/posts\/3870\/revisions"}],"wp:featuredmedia":[{"embeddable":true,"href":"https:\/\/news.ecclesia.org.br\/index.php?rest_route=\/wp\/v2\/media\/15367"}],"wp:attachment":[{"href":"https:\/\/news.ecclesia.org.br\/index.php?rest_route=%2Fwp%2Fv2%2Fmedia&parent=3870"}],"wp:term":[{"taxonomy":"category","embeddable":true,"href":"https:\/\/news.ecclesia.org.br\/index.php?rest_route=%2Fwp%2Fv2%2Fcategories&post=3870"},{"taxonomy":"post_tag","embeddable":true,"href":"https:\/\/news.ecclesia.org.br\/index.php?rest_route=%2Fwp%2Fv2%2Ftags&post=3870"}],"curies":[{"name":"wp","href":"https:\/\/api.w.org\/{rel}","templated":true}]}}