{"id":3857,"date":"2010-03-26T11:40:14","date_gmt":"2010-03-26T13:40:14","guid":{"rendered":"http:\/\/www.ecclesia.com.br\/news\/?p=3857"},"modified":"2016-03-16T00:05:51","modified_gmt":"2016-03-16T00:05:51","slug":"uniao-europeia-prestara-assistencia-a-grecia","status":"publish","type":"post","link":"https:\/\/news.ecclesia.org.br\/?p=3857","title":{"rendered":"Uni\u00e3o Europ\u00e9ia prestar\u00e1 assist\u00eancia \u00e0 Gr\u00e9cia"},"content":{"rendered":"<p style=\"text-align: justify;\">16 pa\u00edses da zona do euro aprovaram o plano elaborado pela Fran\u00e7a e pela Alemanha para salvar a Gr\u00e9cia. A decis\u00e3o de prestar ajuda financeira para Atenas, que experimenta dificuldades com o refinanciamento da d\u00edvida de 300 milh\u00f5es de euros e com o d\u00e9ficit or\u00e7ament\u00e1rio, foi tomada na c\u00fapula da UE em Bruxelas.\u00a0Para respaldar os pa\u00edses da zona do euro, que se encontra em crise, decidiu-se implementar um instrumento de concess\u00e3o de cr\u00e9dito de emerg\u00eancia que pode ser usado, n\u00e3o apenas no caso envolvendo a Gr\u00e9cia, mas tamb\u00e9m para prestar ajuda a qualquer outro pa\u00eds da UE, no caso de n\u00e3o terem a possibilidade de captar cr\u00e9dito nos mercados financeiros a taxas razo\u00e1veis.<\/p>\n<p style=\"text-align: justify;\">Os autores do plano imaginam o procedimento como segue: Gr\u00e9cia enviar\u00e1 um pedido oficial ao Eurogrupo. Uma vez aprovado, Atenas receber\u00e1 os cr\u00e9ditos. Neste caso, grande parte dos encargos financeiros recair\u00e3o sobre os governos de 16 pa\u00edses e o restante sobre o Fundo Monet\u00e1rio Internacional. Embora os detalhes do plano ainda n\u00e3o tenham sido acordados completamente, assinala o especialista do Instituto Europeu da Academia de Ci\u00eancias da R\u00fassia, Vladislav Belov. \u00abExiste apenas a vis\u00e3o de que a UE, em conjunto com o FMI, est\u00e1 disposta a prestar ajuda \u00e0 Gr\u00e9cia. O montante e o mecanismo espec\u00edfico ainda n\u00e3o foram definidos. Portanto, cabe considerar que esta \u00e9 uma etapa intermedi\u00e1ria no caminho para a supera\u00e7\u00e3o da crise. Por\u00e9m, o pr\u00f3prio processo avan\u00e7a, h\u00e1 espa\u00e7o para discuss\u00f5es e se busca os mecanismos concretos e, pelo menos, sup\u00f5e-se que funcionar\u00e3o.\u00a0N\u00e3o se pode, por\u00e9m, subestimar o significado da decis\u00e3o. O respaldo por parte dos principais pa\u00edses da Comunidade Europ\u00e9ia pode aumentar a confian\u00e7a dos mercados financeiros na Gr\u00e9cia e, paralelamente, reduzir as possibilidades de um jogo especulativo em torno do pa\u00eds. Em \u00faltima an\u00e1lise, isso vai evitar a possibilidade de ocorrer um colapso financeiro. Al\u00e9m disso, segundo o ministro das Finan\u00e7as da Gr\u00e9cia, Giogios Papaconstantinou, pode acontecer que Atenas n\u00e3o tenha necessidade de executar o plano de anticrise. Daqui para frente, o curso dos fatos depender\u00e1, em boa medida, dos mercados: se acreditar\u00e3o na seriedade das inten\u00e7\u00f5es dos l\u00edderes europeus em restabelecer a ordem na \u00e1rea do euro.<\/p>\n<p style=\"text-align: justify;\">Os participantes da c\u00fapula da UE na capital belga, n\u00e3o apenas se limitaram \u00e0s quest\u00f5es de sobreviv\u00eancia da Gr\u00e9cia, mas tamb\u00e9m tomaram a decis\u00e3o global de desenvolver medidas que visem garantir a ordem financeira. Trata-se de limitar ao m\u00e1ximo admiss\u00edvel de 3% do PIB a previs\u00e3o de d\u00e9ficit or\u00e7ament\u00e1rio nos pa\u00edses da UE. Para tanto, a c\u00fapula encomendou ao presidente da UE, Herman Van Rompuy, que seja preparado, para o final deste ano, o plano de cria\u00e7\u00e3o do governo econ\u00f4mico da Uni\u00e3o sobre a base do Conselho da Europa. Deste modo, o recrudescimento da pol\u00edtica financeira e econ\u00f4mica da Uni\u00e3o Europ\u00e9ia, torna-se uma realidade. [Fonte: <a href=\"http:\/\/spanish.ruvr.ru\/\" target=\"_blank\">RUVR<\/a> | Trad.: Pe. Andr\u00e9]<\/p>\n<p style=\"text-align: justify;\">\n","protected":false},"excerpt":{"rendered":"<p>16 pa\u00edses da zona do euro aprovaram o plano elaborado pela Fran\u00e7a e pela Alemanha para salvar a Gr\u00e9cia. A decis\u00e3o de prestar ajuda financeira para Atenas, que experimenta dificuldades com o refinanciamento da d\u00edvida de 300 milh\u00f5es de euros&#8230;<\/p>\n","protected":false},"author":1,"featured_media":15369,"comment_status":"open","ping_status":"open","sticky":false,"template":"","format":"standard","meta":{"_acf_changed":false,"footnotes":""},"categories":[1],"tags":[],"class_list":["post-3857","post","type-post","status-publish","format-standard","has-post-thumbnail","hentry","category-news","entry","rows-excerpt"],"acf":[],"yoast_head":"<!-- This site is optimized with the Yoast SEO plugin v27.5 - https:\/\/yoast.com\/product\/yoast-seo-wordpress\/ -->\n<title>Uni\u00e3o Europ\u00e9ia prestar\u00e1 assist\u00eancia \u00e0 Gr\u00e9cia | ECCLESIA NEWS<\/title>\n<meta name=\"robots\" content=\"index, follow, max-snippet:-1, max-image-preview:large, max-video-preview:-1\" \/>\n<link rel=\"canonical\" href=\"https:\/\/news.ecclesia.org.br\/?p=3857\" \/>\n<meta property=\"og:locale\" content=\"pt_BR\" \/>\n<meta property=\"og:type\" content=\"article\" \/>\n<meta property=\"og:title\" content=\"Uni\u00e3o Europ\u00e9ia prestar\u00e1 assist\u00eancia \u00e0 Gr\u00e9cia | ECCLESIA NEWS\" \/>\n<meta property=\"og:description\" content=\"16 pa\u00edses da zona do euro aprovaram o plano elaborado pela Fran\u00e7a e pela Alemanha para salvar a Gr\u00e9cia. A decis\u00e3o de prestar ajuda financeira para Atenas, que experimenta dificuldades com o refinanciamento da d\u00edvida de 300 milh\u00f5es de euros&#8230;\" \/>\n<meta property=\"og:url\" content=\"https:\/\/news.ecclesia.org.br\/?p=3857\" \/>\n<meta property=\"og:site_name\" content=\"ECCLESIA NEWS\" \/>\n<meta property=\"article:publisher\" content=\"https:\/\/www.facebook.com\/Ecclesia2025\" \/>\n<meta property=\"article:published_time\" content=\"2010-03-26T13:40:14+00:00\" \/>\n<meta property=\"article:modified_time\" content=\"2016-03-16T00:05:51+00:00\" \/>\n<meta property=\"og:image\" content=\"https:\/\/news.ecclesia.org.br\/wp-content\/uploads\/2010\/03\/ue-grecia.jpg\" \/>\n\t<meta property=\"og:image:width\" content=\"460\" \/>\n\t<meta property=\"og:image:height\" content=\"268\" \/>\n\t<meta property=\"og:image:type\" content=\"image\/jpeg\" \/>\n<meta name=\"author\" content=\"Pe. Andr\u00e9\" \/>\n<meta name=\"twitter:card\" content=\"summary_large_image\" \/>\n<meta name=\"twitter:creator\" content=\"@EcclesiaNews\" \/>\n<meta name=\"twitter:site\" content=\"@EcclesiaNews\" \/>\n<meta name=\"twitter:label1\" content=\"Escrito por\" \/>\n\t<meta name=\"twitter:data1\" content=\"Pe. Andr\u00e9\" \/>\n\t<meta name=\"twitter:label2\" content=\"Est. tempo de leitura\" \/>\n\t<meta name=\"twitter:data2\" content=\"3 minutos\" \/>\n<script type=\"application\/ld+json\" class=\"yoast-schema-graph\">{\"@context\":\"https:\\\/\\\/schema.org\",\"@graph\":[{\"@type\":\"Article\",\"@id\":\"https:\\\/\\\/news.ecclesia.org.br\\\/?p=3857#article\",\"isPartOf\":{\"@id\":\"https:\\\/\\\/news.ecclesia.org.br\\\/?p=3857\"},\"author\":{\"name\":\"Pe. Andr\u00e9\",\"@id\":\"https:\\\/\\\/news.ecclesia.org.br\\\/#\\\/schema\\\/person\\\/6f09597f025829745ba414a569f63758\"},\"headline\":\"Uni\u00e3o Europ\u00e9ia prestar\u00e1 assist\u00eancia \u00e0 Gr\u00e9cia\",\"datePublished\":\"2010-03-26T13:40:14+00:00\",\"dateModified\":\"2016-03-16T00:05:51+00:00\",\"mainEntityOfPage\":{\"@id\":\"https:\\\/\\\/news.ecclesia.org.br\\\/?p=3857\"},\"wordCount\":551,\"commentCount\":0,\"publisher\":{\"@id\":\"https:\\\/\\\/news.ecclesia.org.br\\\/#organization\"},\"image\":{\"@id\":\"https:\\\/\\\/news.ecclesia.org.br\\\/?p=3857#primaryimage\"},\"thumbnailUrl\":\"https:\\\/\\\/news.ecclesia.org.br\\\/wp-content\\\/uploads\\\/2010\\\/03\\\/ue-grecia.jpg\",\"articleSection\":[\"NEWS\"],\"inLanguage\":\"pt-BR\",\"potentialAction\":[{\"@type\":\"CommentAction\",\"name\":\"Comment\",\"target\":[\"https:\\\/\\\/news.ecclesia.org.br\\\/?p=3857#respond\"]}]},{\"@type\":\"WebPage\",\"@id\":\"https:\\\/\\\/news.ecclesia.org.br\\\/?p=3857\",\"url\":\"https:\\\/\\\/news.ecclesia.org.br\\\/?p=3857\",\"name\":\"Uni\u00e3o Europ\u00e9ia prestar\u00e1 assist\u00eancia \u00e0 Gr\u00e9cia | ECCLESIA NEWS\",\"isPartOf\":{\"@id\":\"https:\\\/\\\/news.ecclesia.org.br\\\/#website\"},\"primaryImageOfPage\":{\"@id\":\"https:\\\/\\\/news.ecclesia.org.br\\\/?p=3857#primaryimage\"},\"image\":{\"@id\":\"https:\\\/\\\/news.ecclesia.org.br\\\/?p=3857#primaryimage\"},\"thumbnailUrl\":\"https:\\\/\\\/news.ecclesia.org.br\\\/wp-content\\\/uploads\\\/2010\\\/03\\\/ue-grecia.jpg\",\"datePublished\":\"2010-03-26T13:40:14+00:00\",\"dateModified\":\"2016-03-16T00:05:51+00:00\",\"breadcrumb\":{\"@id\":\"https:\\\/\\\/news.ecclesia.org.br\\\/?p=3857#breadcrumb\"},\"inLanguage\":\"pt-BR\",\"potentialAction\":[{\"@type\":\"ReadAction\",\"target\":[\"https:\\\/\\\/news.ecclesia.org.br\\\/?p=3857\"]}]},{\"@type\":\"ImageObject\",\"inLanguage\":\"pt-BR\",\"@id\":\"https:\\\/\\\/news.ecclesia.org.br\\\/?p=3857#primaryimage\",\"url\":\"https:\\\/\\\/news.ecclesia.org.br\\\/wp-content\\\/uploads\\\/2010\\\/03\\\/ue-grecia.jpg\",\"contentUrl\":\"https:\\\/\\\/news.ecclesia.org.br\\\/wp-content\\\/uploads\\\/2010\\\/03\\\/ue-grecia.jpg\",\"width\":460,\"height\":268},{\"@type\":\"BreadcrumbList\",\"@id\":\"https:\\\/\\\/news.ecclesia.org.br\\\/?p=3857#breadcrumb\",\"itemListElement\":[{\"@type\":\"ListItem\",\"position\":1,\"name\":\"In\u00edcio\",\"item\":\"https:\\\/\\\/news.ecclesia.org.br\\\/\"},{\"@type\":\"ListItem\",\"position\":2,\"name\":\"Uni\u00e3o Europ\u00e9ia prestar\u00e1 assist\u00eancia \u00e0 Gr\u00e9cia\"}]},{\"@type\":\"WebSite\",\"@id\":\"https:\\\/\\\/news.ecclesia.org.br\\\/#website\",\"url\":\"https:\\\/\\\/news.ecclesia.org.br\\\/\",\"name\":\"Ecclesia Brasil\",\"description\":\"Desde 2003 onectando o Brasil ao mundo ortodoxo!\",\"publisher\":{\"@id\":\"https:\\\/\\\/news.ecclesia.org.br\\\/#organization\"},\"alternateName\":\"Ecclesia\",\"potentialAction\":[{\"@type\":\"SearchAction\",\"target\":{\"@type\":\"EntryPoint\",\"urlTemplate\":\"https:\\\/\\\/news.ecclesia.org.br\\\/?s={search_term_string}\"},\"query-input\":{\"@type\":\"PropertyValueSpecification\",\"valueRequired\":true,\"valueName\":\"search_term_string\"}}],\"inLanguage\":\"pt-BR\"},{\"@type\":\"Organization\",\"@id\":\"https:\\\/\\\/news.ecclesia.org.br\\\/#organization\",\"name\":\"Sacra Arquidiocese de Buenos Aires e Am\u00e9rica do Sul | Patriarcado Ecum\u00eanico\",\"alternateName\":\"News Ecclesia Brasil\",\"url\":\"https:\\\/\\\/news.ecclesia.org.br\\\/\",\"logo\":{\"@type\":\"ImageObject\",\"inLanguage\":\"pt-BR\",\"@id\":\"https:\\\/\\\/news.ecclesia.org.br\\\/#\\\/schema\\\/logo\\\/image\\\/\",\"url\":\"https:\\\/\\\/news.ecclesia.org.br\\\/wp-content\\\/uploads\\\/2025\\\/05\\\/ecclesia2.png\",\"contentUrl\":\"https:\\\/\\\/news.ecclesia.org.br\\\/wp-content\\\/uploads\\\/2025\\\/05\\\/ecclesia2.png\",\"width\":480,\"height\":120,\"caption\":\"Sacra Arquidiocese de Buenos Aires e Am\u00e9rica do Sul | Patriarcado Ecum\u00eanico\"},\"image\":{\"@id\":\"https:\\\/\\\/news.ecclesia.org.br\\\/#\\\/schema\\\/logo\\\/image\\\/\"},\"sameAs\":[\"https:\\\/\\\/www.facebook.com\\\/Ecclesia2025\",\"https:\\\/\\\/x.com\\\/EcclesiaNews\",\"https:\\\/\\\/br.pinterest.com\\\/ekklisia\\\/\",\"https:\\\/\\\/www.youtube.com\\\/@EcclesiaBrasil\"]},{\"@type\":\"Person\",\"@id\":\"https:\\\/\\\/news.ecclesia.org.br\\\/#\\\/schema\\\/person\\\/6f09597f025829745ba414a569f63758\",\"name\":\"Pe. Andr\u00e9\",\"image\":{\"@type\":\"ImageObject\",\"inLanguage\":\"pt-BR\",\"@id\":\"https:\\\/\\\/secure.gravatar.com\\\/avatar\\\/b4327cfa27e9799da239a26adcd534fc29cdc0c4a4a148eecbcfeb9b42c617ac?s=96&d=mm&r=g\",\"url\":\"https:\\\/\\\/secure.gravatar.com\\\/avatar\\\/b4327cfa27e9799da239a26adcd534fc29cdc0c4a4a148eecbcfeb9b42c617ac?s=96&d=mm&r=g\",\"contentUrl\":\"https:\\\/\\\/secure.gravatar.com\\\/avatar\\\/b4327cfa27e9799da239a26adcd534fc29cdc0c4a4a148eecbcfeb9b42c617ac?s=96&d=mm&r=g\",\"caption\":\"Pe. Andr\u00e9\"},\"sameAs\":[\"https:\\\/\\\/www.ecclesia.org.br\"]}]}<\/script>\n<!-- \/ Yoast SEO plugin. -->","yoast_head_json":{"title":"Uni\u00e3o Europ\u00e9ia prestar\u00e1 assist\u00eancia \u00e0 Gr\u00e9cia | ECCLESIA NEWS","robots":{"index":"index","follow":"follow","max-snippet":"max-snippet:-1","max-image-preview":"max-image-preview:large","max-video-preview":"max-video-preview:-1"},"canonical":"https:\/\/news.ecclesia.org.br\/?p=3857","og_locale":"pt_BR","og_type":"article","og_title":"Uni\u00e3o Europ\u00e9ia prestar\u00e1 assist\u00eancia \u00e0 Gr\u00e9cia | ECCLESIA NEWS","og_description":"16 pa\u00edses da zona do euro aprovaram o plano elaborado pela Fran\u00e7a e pela Alemanha para salvar a Gr\u00e9cia. A decis\u00e3o de prestar ajuda financeira para Atenas, que experimenta dificuldades com o refinanciamento da d\u00edvida de 300 milh\u00f5es de euros&#8230;","og_url":"https:\/\/news.ecclesia.org.br\/?p=3857","og_site_name":"ECCLESIA NEWS","article_publisher":"https:\/\/www.facebook.com\/Ecclesia2025","article_published_time":"2010-03-26T13:40:14+00:00","article_modified_time":"2016-03-16T00:05:51+00:00","og_image":[{"width":460,"height":268,"url":"https:\/\/news.ecclesia.org.br\/wp-content\/uploads\/2010\/03\/ue-grecia.jpg","type":"image\/jpeg"}],"author":"Pe. Andr\u00e9","twitter_card":"summary_large_image","twitter_creator":"@EcclesiaNews","twitter_site":"@EcclesiaNews","twitter_misc":{"Escrito por":"Pe. Andr\u00e9","Est. tempo de leitura":"3 minutos"},"schema":{"@context":"https:\/\/schema.org","@graph":[{"@type":"Article","@id":"https:\/\/news.ecclesia.org.br\/?p=3857#article","isPartOf":{"@id":"https:\/\/news.ecclesia.org.br\/?p=3857"},"author":{"name":"Pe. Andr\u00e9","@id":"https:\/\/news.ecclesia.org.br\/#\/schema\/person\/6f09597f025829745ba414a569f63758"},"headline":"Uni\u00e3o Europ\u00e9ia prestar\u00e1 assist\u00eancia \u00e0 Gr\u00e9cia","datePublished":"2010-03-26T13:40:14+00:00","dateModified":"2016-03-16T00:05:51+00:00","mainEntityOfPage":{"@id":"https:\/\/news.ecclesia.org.br\/?p=3857"},"wordCount":551,"commentCount":0,"publisher":{"@id":"https:\/\/news.ecclesia.org.br\/#organization"},"image":{"@id":"https:\/\/news.ecclesia.org.br\/?p=3857#primaryimage"},"thumbnailUrl":"https:\/\/news.ecclesia.org.br\/wp-content\/uploads\/2010\/03\/ue-grecia.jpg","articleSection":["NEWS"],"inLanguage":"pt-BR","potentialAction":[{"@type":"CommentAction","name":"Comment","target":["https:\/\/news.ecclesia.org.br\/?p=3857#respond"]}]},{"@type":"WebPage","@id":"https:\/\/news.ecclesia.org.br\/?p=3857","url":"https:\/\/news.ecclesia.org.br\/?p=3857","name":"Uni\u00e3o Europ\u00e9ia prestar\u00e1 assist\u00eancia \u00e0 Gr\u00e9cia | ECCLESIA NEWS","isPartOf":{"@id":"https:\/\/news.ecclesia.org.br\/#website"},"primaryImageOfPage":{"@id":"https:\/\/news.ecclesia.org.br\/?p=3857#primaryimage"},"image":{"@id":"https:\/\/news.ecclesia.org.br\/?p=3857#primaryimage"},"thumbnailUrl":"https:\/\/news.ecclesia.org.br\/wp-content\/uploads\/2010\/03\/ue-grecia.jpg","datePublished":"2010-03-26T13:40:14+00:00","dateModified":"2016-03-16T00:05:51+00:00","breadcrumb":{"@id":"https:\/\/news.ecclesia.org.br\/?p=3857#breadcrumb"},"inLanguage":"pt-BR","potentialAction":[{"@type":"ReadAction","target":["https:\/\/news.ecclesia.org.br\/?p=3857"]}]},{"@type":"ImageObject","inLanguage":"pt-BR","@id":"https:\/\/news.ecclesia.org.br\/?p=3857#primaryimage","url":"https:\/\/news.ecclesia.org.br\/wp-content\/uploads\/2010\/03\/ue-grecia.jpg","contentUrl":"https:\/\/news.ecclesia.org.br\/wp-content\/uploads\/2010\/03\/ue-grecia.jpg","width":460,"height":268},{"@type":"BreadcrumbList","@id":"https:\/\/news.ecclesia.org.br\/?p=3857#breadcrumb","itemListElement":[{"@type":"ListItem","position":1,"name":"In\u00edcio","item":"https:\/\/news.ecclesia.org.br\/"},{"@type":"ListItem","position":2,"name":"Uni\u00e3o Europ\u00e9ia prestar\u00e1 assist\u00eancia \u00e0 Gr\u00e9cia"}]},{"@type":"WebSite","@id":"https:\/\/news.ecclesia.org.br\/#website","url":"https:\/\/news.ecclesia.org.br\/","name":"Ecclesia Brasil","description":"Desde 2003 onectando o Brasil ao mundo ortodoxo!","publisher":{"@id":"https:\/\/news.ecclesia.org.br\/#organization"},"alternateName":"Ecclesia","potentialAction":[{"@type":"SearchAction","target":{"@type":"EntryPoint","urlTemplate":"https:\/\/news.ecclesia.org.br\/?s={search_term_string}"},"query-input":{"@type":"PropertyValueSpecification","valueRequired":true,"valueName":"search_term_string"}}],"inLanguage":"pt-BR"},{"@type":"Organization","@id":"https:\/\/news.ecclesia.org.br\/#organization","name":"Sacra Arquidiocese de Buenos Aires e Am\u00e9rica do Sul | Patriarcado Ecum\u00eanico","alternateName":"News Ecclesia Brasil","url":"https:\/\/news.ecclesia.org.br\/","logo":{"@type":"ImageObject","inLanguage":"pt-BR","@id":"https:\/\/news.ecclesia.org.br\/#\/schema\/logo\/image\/","url":"https:\/\/news.ecclesia.org.br\/wp-content\/uploads\/2025\/05\/ecclesia2.png","contentUrl":"https:\/\/news.ecclesia.org.br\/wp-content\/uploads\/2025\/05\/ecclesia2.png","width":480,"height":120,"caption":"Sacra Arquidiocese de Buenos Aires e Am\u00e9rica do Sul | Patriarcado Ecum\u00eanico"},"image":{"@id":"https:\/\/news.ecclesia.org.br\/#\/schema\/logo\/image\/"},"sameAs":["https:\/\/www.facebook.com\/Ecclesia2025","https:\/\/x.com\/EcclesiaNews","https:\/\/br.pinterest.com\/ekklisia\/","https:\/\/www.youtube.com\/@EcclesiaBrasil"]},{"@type":"Person","@id":"https:\/\/news.ecclesia.org.br\/#\/schema\/person\/6f09597f025829745ba414a569f63758","name":"Pe. Andr\u00e9","image":{"@type":"ImageObject","inLanguage":"pt-BR","@id":"https:\/\/secure.gravatar.com\/avatar\/b4327cfa27e9799da239a26adcd534fc29cdc0c4a4a148eecbcfeb9b42c617ac?s=96&d=mm&r=g","url":"https:\/\/secure.gravatar.com\/avatar\/b4327cfa27e9799da239a26adcd534fc29cdc0c4a4a148eecbcfeb9b42c617ac?s=96&d=mm&r=g","contentUrl":"https:\/\/secure.gravatar.com\/avatar\/b4327cfa27e9799da239a26adcd534fc29cdc0c4a4a148eecbcfeb9b42c617ac?s=96&d=mm&r=g","caption":"Pe. Andr\u00e9"},"sameAs":["https:\/\/www.ecclesia.org.br"]}]}},"_links":{"self":[{"href":"https:\/\/news.ecclesia.org.br\/index.php?rest_route=\/wp\/v2\/posts\/3857","targetHints":{"allow":["GET"]}}],"collection":[{"href":"https:\/\/news.ecclesia.org.br\/index.php?rest_route=\/wp\/v2\/posts"}],"about":[{"href":"https:\/\/news.ecclesia.org.br\/index.php?rest_route=\/wp\/v2\/types\/post"}],"author":[{"embeddable":true,"href":"https:\/\/news.ecclesia.org.br\/index.php?rest_route=\/wp\/v2\/users\/1"}],"replies":[{"embeddable":true,"href":"https:\/\/news.ecclesia.org.br\/index.php?rest_route=%2Fwp%2Fv2%2Fcomments&post=3857"}],"version-history":[{"count":0,"href":"https:\/\/news.ecclesia.org.br\/index.php?rest_route=\/wp\/v2\/posts\/3857\/revisions"}],"wp:featuredmedia":[{"embeddable":true,"href":"https:\/\/news.ecclesia.org.br\/index.php?rest_route=\/wp\/v2\/media\/15369"}],"wp:attachment":[{"href":"https:\/\/news.ecclesia.org.br\/index.php?rest_route=%2Fwp%2Fv2%2Fmedia&parent=3857"}],"wp:term":[{"taxonomy":"category","embeddable":true,"href":"https:\/\/news.ecclesia.org.br\/index.php?rest_route=%2Fwp%2Fv2%2Fcategories&post=3857"},{"taxonomy":"post_tag","embeddable":true,"href":"https:\/\/news.ecclesia.org.br\/index.php?rest_route=%2Fwp%2Fv2%2Ftags&post=3857"}],"curies":[{"name":"wp","href":"https:\/\/api.w.org\/{rel}","templated":true}]}}