{"id":3845,"date":"2010-03-26T00:16:19","date_gmt":"2010-03-26T02:16:19","guid":{"rendered":"http:\/\/www.ecclesia.com.br\/news\/?p=3845"},"modified":"2016-03-16T00:49:41","modified_gmt":"2016-03-16T00:49:41","slug":"as-tres-romas-e-a-unificacao-do-cristianismo","status":"publish","type":"post","link":"https:\/\/news.ecclesia.org.br\/?p=3845","title":{"rendered":"As tr\u00eas \u00abRomas\u00bb e a unifica\u00e7\u00e3o do cristianismo"},"content":{"rendered":"<p style=\"text-align: center;\"><div id=\"galleria-3845\"><a href=\"https:\/\/news.ecclesia.org.br\/wp-content\/uploads\/2010\/03\/39-001.jpg\"><img decoding=\"async\" title=\"39-001\" alt=\"\" src=\"https:\/\/news.ecclesia.org.br\/wp-content\/uploads\/2010\/03\/39-001-82x55.jpg\" data-big=\"https:\/\/news.ecclesia.org.br\/wp-content\/uploads\/2010\/03\/39-001.jpg\"><\/a><a href=\"https:\/\/news.ecclesia.org.br\/wp-content\/uploads\/2010\/03\/39-002.jpg\"><img decoding=\"async\" title=\"39-002\" alt=\"\" src=\"https:\/\/news.ecclesia.org.br\/wp-content\/uploads\/2010\/03\/39-002-82x55.jpg\" data-big=\"https:\/\/news.ecclesia.org.br\/wp-content\/uploads\/2010\/03\/39-002.jpg\"><\/a><a href=\"https:\/\/news.ecclesia.org.br\/wp-content\/uploads\/2010\/03\/39-003.jpg\"><img decoding=\"async\" title=\"39-003\" alt=\"\" src=\"https:\/\/news.ecclesia.org.br\/wp-content\/uploads\/2010\/03\/39-003-82x55.jpg\" data-big=\"https:\/\/news.ecclesia.org.br\/wp-content\/uploads\/2010\/03\/39-003.jpg\"><\/a><a href=\"https:\/\/news.ecclesia.org.br\/wp-content\/uploads\/2010\/03\/39-004.jpg\"><img decoding=\"async\" title=\"39-004\" alt=\"\" src=\"https:\/\/news.ecclesia.org.br\/wp-content\/uploads\/2010\/03\/39-004-37x55.jpg\" data-big=\"https:\/\/news.ecclesia.org.br\/wp-content\/uploads\/2010\/03\/39-004.jpg\"><\/a><a href=\"https:\/\/news.ecclesia.org.br\/wp-content\/uploads\/2010\/03\/39-005.jpg\"><img decoding=\"async\" title=\"39-005\" alt=\"\" src=\"https:\/\/news.ecclesia.org.br\/wp-content\/uploads\/2010\/03\/39-005-82x55.jpg\" data-big=\"https:\/\/news.ecclesia.org.br\/wp-content\/uploads\/2010\/03\/39-005.jpg\"><\/a><a href=\"https:\/\/news.ecclesia.org.br\/wp-content\/uploads\/2010\/03\/39-006.jpg\"><img decoding=\"async\" title=\"39-006\" alt=\"\" src=\"https:\/\/news.ecclesia.org.br\/wp-content\/uploads\/2010\/03\/39-006-82x55.jpg\" data-big=\"https:\/\/news.ecclesia.org.br\/wp-content\/uploads\/2010\/03\/39-006.jpg\"><\/a><a href=\"https:\/\/news.ecclesia.org.br\/wp-content\/uploads\/2010\/03\/39-007.jpg\"><img decoding=\"async\" title=\"39-007\" alt=\"\" src=\"https:\/\/news.ecclesia.org.br\/wp-content\/uploads\/2010\/03\/39-007-82x55.jpg\" data-big=\"https:\/\/news.ecclesia.org.br\/wp-content\/uploads\/2010\/03\/39-007.jpg\"><\/a><a href=\"https:\/\/news.ecclesia.org.br\/wp-content\/uploads\/2010\/03\/39-008.jpg\"><img decoding=\"async\" title=\"39-008\" alt=\"\" src=\"https:\/\/news.ecclesia.org.br\/wp-content\/uploads\/2010\/03\/39-008-82x55.jpg\" data-big=\"https:\/\/news.ecclesia.org.br\/wp-content\/uploads\/2010\/03\/39-008.jpg\"><\/a><a href=\"https:\/\/news.ecclesia.org.br\/wp-content\/uploads\/2010\/03\/39-009.jpg\"><img decoding=\"async\" title=\"39-009\" alt=\"\" src=\"https:\/\/news.ecclesia.org.br\/wp-content\/uploads\/2010\/03\/39-009-82x55.jpg\" data-big=\"https:\/\/news.ecclesia.org.br\/wp-content\/uploads\/2010\/03\/39-009.jpg\"><\/a><a href=\"https:\/\/news.ecclesia.org.br\/wp-content\/uploads\/2010\/03\/39-010.jpg\"><img decoding=\"async\" title=\"39-010\" alt=\"\" src=\"https:\/\/news.ecclesia.org.br\/wp-content\/uploads\/2010\/03\/39-010-82x55.jpg\" data-big=\"https:\/\/news.ecclesia.org.br\/wp-content\/uploads\/2010\/03\/39-010.jpg\"><\/a><\/div><\/p>\n<p style=\"text-align: justify;\">\u00abServir \u00e0 unifica\u00e7\u00e3o do mundo crist\u00e3o\u00bb \u00e9 objetivo de um projeto comum das Igrejas Cat\u00f3lica Romana e Ortodoxa Russa.\u00a0Seus protagonistas s\u00e3o o Coro Sinodal de Moscou e a Orquestra Nacional da R\u00fassia, conduzida por Mijail Pletniov.\u00a0Neste dia 25 de mar\u00e7o foi dado o in\u00edcio a este projeto, em Moscou, e seguir\u00e1 pelos centros geogr\u00e1ficos mais importantes para a hist\u00f3ria do cristianismo.<\/p>\n<p style=\"text-align: justify;\">O diretor do Coro Sinodal de Moscou, Alexei Puzakov, entrevistado pela esta\u00e7\u00e3o de r\u00e1dio da <a href=\"http:\/\/www.bogoslov.ru\/es\/\" target=\"_blank\">Bogoslov.Ru<\/a>, assim explicou a ess\u00eancia desta nova iniciativa cultural:<\/p>\n<blockquote>\n<p style=\"text-align: justify;\"><em>\u00abPara a Primavera deste ano est\u00e1 planejada uma s\u00e9rie de concertos, nos marcos dos contatos internacionais da Igreja Ortodoxa Russa.\u00a0O projeto recebeu o nome convencional de \u00abTr\u00eas Romas\u00bb.\u00a0Isto \u00e9, Moscou, Istambul &#8211; antiga Constantinopla, e Roma, propriamente dita.\u00a0O concerto foi apresentado hoje, 25 de mar\u00e7o, no Sal\u00e3o dos Conc\u00edlios da Catedral de Cristo Salvador, Moscou. Amanh\u00e3, 26 de Mar\u00e7o, ser\u00e1 apresentado em Istambul-Constantinopla, na Igreja de Santa Irene, onde, como aconteceu em Moscou, ser\u00e1 interpretado o Orat\u00f3rio \u00abA Paix\u00e3o segundo S\u00e3o Mateus\u00bb, de autoria do Metropolita Hilarion, de Volokolamsk.\u00a0E nosso concerto ser\u00e1 coroado por uma apresenta\u00e7\u00e3o no Vaticano, na presen\u00e7a de Sua Santidade Bento XVI, na Sala de Audi\u00eancias \u00abPaulo VI\u00bb.\u00a0Em 20 de maio pr\u00f3ximo, ser\u00e3o ali apresentadas composi\u00e7\u00f5es russas.<\/em><\/p>\n<\/blockquote>\n<p style=\"text-align: justify;\"><em>A\u00a0ideia\u00a0do projeto \u00abTr\u00eas Romas\u00bb nasceu h\u00e1 um ano, durante um encontro de Bento XVI com o Metropolita Hilarion, Vig\u00e1rio do Patriarca de Moscou. O\u00a0Arcebispo Hilarion \u00e9, como se sabe, uma personalidade destacada da Igreja, e tamb\u00e9m um compositor talentoso, que recebeu educa\u00e7\u00e3o musical superior.\u00a0Sabe-se, igualmente, que o Papa Bento XVI \u00e9 um amante da m\u00fasica.\u00a0Em um CD lan\u00e7ado recentemente, com o nome de \u00abM\u00fasica do Vaticano\u00bb, o Papa entoa c\u00e2nticos religiosos e, com m\u00fasica cl\u00e1ssica ao fundo, recita ora\u00e7\u00f5es.\u00a0Assim, podemos dizer que a decis\u00e3o de cooperar foi tomada, n\u00e3o apenas po<\/em>r personalidades de prest\u00edgio do mundo crist\u00e3o, mas tamb\u00e9m por grandes apreciadores de m\u00fasica\u00bb.<\/p>\n<p style=\"text-align: justify;\">O projeto musical \u00abTr\u00eas Romas\u00bb deve, segundo seus organizadores, enraizar a id\u00e9ia de continuidade da cultura crist\u00e3, de tradi\u00e7\u00e3o ocidental e oriental.\u00a0E a quest\u00e3o n\u00e3o \u00e9 saber qual \u00e9 a principal \u00abRoma\u00bb, ou seja, o basti\u00e3o do catolicismo: Istambul-Constantinopla, em cujo lugar se encontrava, em seus dias, a capital do Imp\u00e9rio Bizantino, com sua fidelidade ao ramo oriental do cristianismo, ou Moscou, o centro da ortodoxia mundial.\u00a0O mais importante \u00e9 como toda tradi\u00e7\u00e3o cultural elevada, a cultura crist\u00e3 une naturalmente os povos. [Fonte: <a href=\"http:\/\/spanish.ruvr.ru\/index.php?lng=spa\" target=\"_blank\">La Voz de Rusia<\/a> &#8211; Trad.: Pe. Andr\u00e9]<\/p>\n<p style=\"text-align: justify;\">\n<p style=\"text-align: justify;\">\n","protected":false},"excerpt":{"rendered":"<p>\u00abServir \u00e0 unifica\u00e7\u00e3o do mundo crist\u00e3o\u00bb \u00e9 objetivo de um projeto comum das Igrejas Cat\u00f3lica Romana e Ortodoxa Russa.\u00a0Seus protagonistas s\u00e3o o Coro Sinodal de Moscou e a Orquestra Nacional da R\u00fassia, conduzida por Mijail Pletniov.\u00a0Neste dia 25 de mar\u00e7o&#8230;<\/p>\n","protected":false},"author":1,"featured_media":15376,"comment_status":"open","ping_status":"open","sticky":false,"template":"","format":"standard","meta":{"_acf_changed":false,"footnotes":""},"categories":[1],"tags":[],"class_list":["post-3845","post","type-post","status-publish","format-standard","has-post-thumbnail","hentry","category-news","entry","rows-excerpt"],"acf":[],"yoast_head":"<!-- This site is optimized with the Yoast SEO plugin v27.5 - https:\/\/yoast.com\/product\/yoast-seo-wordpress\/ -->\n<title>As tr\u00eas \u00abRomas\u00bb e a unifica\u00e7\u00e3o do cristianismo | ECCLESIA NEWS<\/title>\n<meta name=\"robots\" content=\"index, follow, max-snippet:-1, max-image-preview:large, max-video-preview:-1\" \/>\n<link rel=\"canonical\" href=\"https:\/\/news.ecclesia.org.br\/?p=3845\" \/>\n<meta property=\"og:locale\" content=\"pt_BR\" \/>\n<meta property=\"og:type\" content=\"article\" \/>\n<meta property=\"og:title\" content=\"As tr\u00eas \u00abRomas\u00bb e a unifica\u00e7\u00e3o do cristianismo | ECCLESIA NEWS\" \/>\n<meta property=\"og:description\" content=\"\u00abServir \u00e0 unifica\u00e7\u00e3o do mundo crist\u00e3o\u00bb \u00e9 objetivo de um projeto comum das Igrejas Cat\u00f3lica Romana e Ortodoxa Russa.\u00a0Seus protagonistas s\u00e3o o Coro Sinodal de Moscou e a Orquestra Nacional da R\u00fassia, conduzida por Mijail Pletniov.\u00a0Neste dia 25 de mar\u00e7o&#8230;\" \/>\n<meta property=\"og:url\" content=\"https:\/\/news.ecclesia.org.br\/?p=3845\" \/>\n<meta property=\"og:site_name\" content=\"ECCLESIA NEWS\" \/>\n<meta property=\"article:publisher\" content=\"https:\/\/www.facebook.com\/Ecclesia2025\" \/>\n<meta property=\"article:published_time\" content=\"2010-03-26T02:16:19+00:00\" \/>\n<meta property=\"article:modified_time\" content=\"2016-03-16T00:49:41+00:00\" \/>\n<meta property=\"og:image\" content=\"https:\/\/news.ecclesia.org.br\/wp-content\/uploads\/2010\/03\/39-005.jpg\" \/>\n\t<meta property=\"og:image:width\" content=\"800\" \/>\n\t<meta property=\"og:image:height\" content=\"534\" \/>\n\t<meta property=\"og:image:type\" content=\"image\/jpeg\" \/>\n<meta name=\"author\" content=\"Pe. Andr\u00e9\" \/>\n<meta name=\"twitter:card\" content=\"summary_large_image\" \/>\n<meta name=\"twitter:creator\" content=\"@EcclesiaNews\" \/>\n<meta name=\"twitter:site\" content=\"@EcclesiaNews\" \/>\n<meta name=\"twitter:label1\" content=\"Escrito por\" \/>\n\t<meta name=\"twitter:data1\" content=\"Pe. Andr\u00e9\" \/>\n\t<meta name=\"twitter:label2\" content=\"Est. tempo de leitura\" \/>\n\t<meta name=\"twitter:data2\" content=\"2 minutos\" \/>\n<script type=\"application\/ld+json\" class=\"yoast-schema-graph\">{\"@context\":\"https:\\\/\\\/schema.org\",\"@graph\":[{\"@type\":\"Article\",\"@id\":\"https:\\\/\\\/news.ecclesia.org.br\\\/?p=3845#article\",\"isPartOf\":{\"@id\":\"https:\\\/\\\/news.ecclesia.org.br\\\/?p=3845\"},\"author\":{\"name\":\"Pe. Andr\u00e9\",\"@id\":\"https:\\\/\\\/news.ecclesia.org.br\\\/#\\\/schema\\\/person\\\/6f09597f025829745ba414a569f63758\"},\"headline\":\"As tr\u00eas \u00abRomas\u00bb e a unifica\u00e7\u00e3o do cristianismo\",\"datePublished\":\"2010-03-26T02:16:19+00:00\",\"dateModified\":\"2016-03-16T00:49:41+00:00\",\"mainEntityOfPage\":{\"@id\":\"https:\\\/\\\/news.ecclesia.org.br\\\/?p=3845\"},\"wordCount\":469,\"commentCount\":1,\"publisher\":{\"@id\":\"https:\\\/\\\/news.ecclesia.org.br\\\/#organization\"},\"image\":{\"@id\":\"https:\\\/\\\/news.ecclesia.org.br\\\/?p=3845#primaryimage\"},\"thumbnailUrl\":\"https:\\\/\\\/news.ecclesia.org.br\\\/wp-content\\\/uploads\\\/2010\\\/03\\\/39-005.jpg\",\"articleSection\":[\"NEWS\"],\"inLanguage\":\"pt-BR\",\"potentialAction\":[{\"@type\":\"CommentAction\",\"name\":\"Comment\",\"target\":[\"https:\\\/\\\/news.ecclesia.org.br\\\/?p=3845#respond\"]}]},{\"@type\":\"WebPage\",\"@id\":\"https:\\\/\\\/news.ecclesia.org.br\\\/?p=3845\",\"url\":\"https:\\\/\\\/news.ecclesia.org.br\\\/?p=3845\",\"name\":\"As tr\u00eas \u00abRomas\u00bb e a unifica\u00e7\u00e3o do cristianismo | ECCLESIA NEWS\",\"isPartOf\":{\"@id\":\"https:\\\/\\\/news.ecclesia.org.br\\\/#website\"},\"primaryImageOfPage\":{\"@id\":\"https:\\\/\\\/news.ecclesia.org.br\\\/?p=3845#primaryimage\"},\"image\":{\"@id\":\"https:\\\/\\\/news.ecclesia.org.br\\\/?p=3845#primaryimage\"},\"thumbnailUrl\":\"https:\\\/\\\/news.ecclesia.org.br\\\/wp-content\\\/uploads\\\/2010\\\/03\\\/39-005.jpg\",\"datePublished\":\"2010-03-26T02:16:19+00:00\",\"dateModified\":\"2016-03-16T00:49:41+00:00\",\"breadcrumb\":{\"@id\":\"https:\\\/\\\/news.ecclesia.org.br\\\/?p=3845#breadcrumb\"},\"inLanguage\":\"pt-BR\",\"potentialAction\":[{\"@type\":\"ReadAction\",\"target\":[\"https:\\\/\\\/news.ecclesia.org.br\\\/?p=3845\"]}]},{\"@type\":\"ImageObject\",\"inLanguage\":\"pt-BR\",\"@id\":\"https:\\\/\\\/news.ecclesia.org.br\\\/?p=3845#primaryimage\",\"url\":\"https:\\\/\\\/news.ecclesia.org.br\\\/wp-content\\\/uploads\\\/2010\\\/03\\\/39-005.jpg\",\"contentUrl\":\"https:\\\/\\\/news.ecclesia.org.br\\\/wp-content\\\/uploads\\\/2010\\\/03\\\/39-005.jpg\",\"width\":800,\"height\":534},{\"@type\":\"BreadcrumbList\",\"@id\":\"https:\\\/\\\/news.ecclesia.org.br\\\/?p=3845#breadcrumb\",\"itemListElement\":[{\"@type\":\"ListItem\",\"position\":1,\"name\":\"In\u00edcio\",\"item\":\"https:\\\/\\\/news.ecclesia.org.br\\\/\"},{\"@type\":\"ListItem\",\"position\":2,\"name\":\"As tr\u00eas \u00abRomas\u00bb e a unifica\u00e7\u00e3o do cristianismo\"}]},{\"@type\":\"WebSite\",\"@id\":\"https:\\\/\\\/news.ecclesia.org.br\\\/#website\",\"url\":\"https:\\\/\\\/news.ecclesia.org.br\\\/\",\"name\":\"Ecclesia Brasil\",\"description\":\"Desde 2003 onectando o Brasil ao mundo ortodoxo!\",\"publisher\":{\"@id\":\"https:\\\/\\\/news.ecclesia.org.br\\\/#organization\"},\"alternateName\":\"Ecclesia\",\"potentialAction\":[{\"@type\":\"SearchAction\",\"target\":{\"@type\":\"EntryPoint\",\"urlTemplate\":\"https:\\\/\\\/news.ecclesia.org.br\\\/?s={search_term_string}\"},\"query-input\":{\"@type\":\"PropertyValueSpecification\",\"valueRequired\":true,\"valueName\":\"search_term_string\"}}],\"inLanguage\":\"pt-BR\"},{\"@type\":\"Organization\",\"@id\":\"https:\\\/\\\/news.ecclesia.org.br\\\/#organization\",\"name\":\"Sacra Arquidiocese de Buenos Aires e Am\u00e9rica do Sul | Patriarcado Ecum\u00eanico\",\"alternateName\":\"News Ecclesia Brasil\",\"url\":\"https:\\\/\\\/news.ecclesia.org.br\\\/\",\"logo\":{\"@type\":\"ImageObject\",\"inLanguage\":\"pt-BR\",\"@id\":\"https:\\\/\\\/news.ecclesia.org.br\\\/#\\\/schema\\\/logo\\\/image\\\/\",\"url\":\"https:\\\/\\\/news.ecclesia.org.br\\\/wp-content\\\/uploads\\\/2025\\\/05\\\/ecclesia2.png\",\"contentUrl\":\"https:\\\/\\\/news.ecclesia.org.br\\\/wp-content\\\/uploads\\\/2025\\\/05\\\/ecclesia2.png\",\"width\":480,\"height\":120,\"caption\":\"Sacra Arquidiocese de Buenos Aires e Am\u00e9rica do Sul | Patriarcado Ecum\u00eanico\"},\"image\":{\"@id\":\"https:\\\/\\\/news.ecclesia.org.br\\\/#\\\/schema\\\/logo\\\/image\\\/\"},\"sameAs\":[\"https:\\\/\\\/www.facebook.com\\\/Ecclesia2025\",\"https:\\\/\\\/x.com\\\/EcclesiaNews\",\"https:\\\/\\\/br.pinterest.com\\\/ekklisia\\\/\",\"https:\\\/\\\/www.youtube.com\\\/@EcclesiaBrasil\"]},{\"@type\":\"Person\",\"@id\":\"https:\\\/\\\/news.ecclesia.org.br\\\/#\\\/schema\\\/person\\\/6f09597f025829745ba414a569f63758\",\"name\":\"Pe. Andr\u00e9\",\"image\":{\"@type\":\"ImageObject\",\"inLanguage\":\"pt-BR\",\"@id\":\"https:\\\/\\\/secure.gravatar.com\\\/avatar\\\/b4327cfa27e9799da239a26adcd534fc29cdc0c4a4a148eecbcfeb9b42c617ac?s=96&d=mm&r=g\",\"url\":\"https:\\\/\\\/secure.gravatar.com\\\/avatar\\\/b4327cfa27e9799da239a26adcd534fc29cdc0c4a4a148eecbcfeb9b42c617ac?s=96&d=mm&r=g\",\"contentUrl\":\"https:\\\/\\\/secure.gravatar.com\\\/avatar\\\/b4327cfa27e9799da239a26adcd534fc29cdc0c4a4a148eecbcfeb9b42c617ac?s=96&d=mm&r=g\",\"caption\":\"Pe. Andr\u00e9\"},\"sameAs\":[\"https:\\\/\\\/www.ecclesia.org.br\"]}]}<\/script>\n<!-- \/ Yoast SEO plugin. -->","yoast_head_json":{"title":"As tr\u00eas \u00abRomas\u00bb e a unifica\u00e7\u00e3o do cristianismo | ECCLESIA NEWS","robots":{"index":"index","follow":"follow","max-snippet":"max-snippet:-1","max-image-preview":"max-image-preview:large","max-video-preview":"max-video-preview:-1"},"canonical":"https:\/\/news.ecclesia.org.br\/?p=3845","og_locale":"pt_BR","og_type":"article","og_title":"As tr\u00eas \u00abRomas\u00bb e a unifica\u00e7\u00e3o do cristianismo | ECCLESIA NEWS","og_description":"\u00abServir \u00e0 unifica\u00e7\u00e3o do mundo crist\u00e3o\u00bb \u00e9 objetivo de um projeto comum das Igrejas Cat\u00f3lica Romana e Ortodoxa Russa.\u00a0Seus protagonistas s\u00e3o o Coro Sinodal de Moscou e a Orquestra Nacional da R\u00fassia, conduzida por Mijail Pletniov.\u00a0Neste dia 25 de mar\u00e7o&#8230;","og_url":"https:\/\/news.ecclesia.org.br\/?p=3845","og_site_name":"ECCLESIA NEWS","article_publisher":"https:\/\/www.facebook.com\/Ecclesia2025","article_published_time":"2010-03-26T02:16:19+00:00","article_modified_time":"2016-03-16T00:49:41+00:00","og_image":[{"width":800,"height":534,"url":"https:\/\/news.ecclesia.org.br\/wp-content\/uploads\/2010\/03\/39-005.jpg","type":"image\/jpeg"}],"author":"Pe. Andr\u00e9","twitter_card":"summary_large_image","twitter_creator":"@EcclesiaNews","twitter_site":"@EcclesiaNews","twitter_misc":{"Escrito por":"Pe. Andr\u00e9","Est. tempo de leitura":"2 minutos"},"schema":{"@context":"https:\/\/schema.org","@graph":[{"@type":"Article","@id":"https:\/\/news.ecclesia.org.br\/?p=3845#article","isPartOf":{"@id":"https:\/\/news.ecclesia.org.br\/?p=3845"},"author":{"name":"Pe. Andr\u00e9","@id":"https:\/\/news.ecclesia.org.br\/#\/schema\/person\/6f09597f025829745ba414a569f63758"},"headline":"As tr\u00eas \u00abRomas\u00bb e a unifica\u00e7\u00e3o do cristianismo","datePublished":"2010-03-26T02:16:19+00:00","dateModified":"2016-03-16T00:49:41+00:00","mainEntityOfPage":{"@id":"https:\/\/news.ecclesia.org.br\/?p=3845"},"wordCount":469,"commentCount":1,"publisher":{"@id":"https:\/\/news.ecclesia.org.br\/#organization"},"image":{"@id":"https:\/\/news.ecclesia.org.br\/?p=3845#primaryimage"},"thumbnailUrl":"https:\/\/news.ecclesia.org.br\/wp-content\/uploads\/2010\/03\/39-005.jpg","articleSection":["NEWS"],"inLanguage":"pt-BR","potentialAction":[{"@type":"CommentAction","name":"Comment","target":["https:\/\/news.ecclesia.org.br\/?p=3845#respond"]}]},{"@type":"WebPage","@id":"https:\/\/news.ecclesia.org.br\/?p=3845","url":"https:\/\/news.ecclesia.org.br\/?p=3845","name":"As tr\u00eas \u00abRomas\u00bb e a unifica\u00e7\u00e3o do cristianismo | ECCLESIA NEWS","isPartOf":{"@id":"https:\/\/news.ecclesia.org.br\/#website"},"primaryImageOfPage":{"@id":"https:\/\/news.ecclesia.org.br\/?p=3845#primaryimage"},"image":{"@id":"https:\/\/news.ecclesia.org.br\/?p=3845#primaryimage"},"thumbnailUrl":"https:\/\/news.ecclesia.org.br\/wp-content\/uploads\/2010\/03\/39-005.jpg","datePublished":"2010-03-26T02:16:19+00:00","dateModified":"2016-03-16T00:49:41+00:00","breadcrumb":{"@id":"https:\/\/news.ecclesia.org.br\/?p=3845#breadcrumb"},"inLanguage":"pt-BR","potentialAction":[{"@type":"ReadAction","target":["https:\/\/news.ecclesia.org.br\/?p=3845"]}]},{"@type":"ImageObject","inLanguage":"pt-BR","@id":"https:\/\/news.ecclesia.org.br\/?p=3845#primaryimage","url":"https:\/\/news.ecclesia.org.br\/wp-content\/uploads\/2010\/03\/39-005.jpg","contentUrl":"https:\/\/news.ecclesia.org.br\/wp-content\/uploads\/2010\/03\/39-005.jpg","width":800,"height":534},{"@type":"BreadcrumbList","@id":"https:\/\/news.ecclesia.org.br\/?p=3845#breadcrumb","itemListElement":[{"@type":"ListItem","position":1,"name":"In\u00edcio","item":"https:\/\/news.ecclesia.org.br\/"},{"@type":"ListItem","position":2,"name":"As tr\u00eas \u00abRomas\u00bb e a unifica\u00e7\u00e3o do cristianismo"}]},{"@type":"WebSite","@id":"https:\/\/news.ecclesia.org.br\/#website","url":"https:\/\/news.ecclesia.org.br\/","name":"Ecclesia Brasil","description":"Desde 2003 onectando o Brasil ao mundo ortodoxo!","publisher":{"@id":"https:\/\/news.ecclesia.org.br\/#organization"},"alternateName":"Ecclesia","potentialAction":[{"@type":"SearchAction","target":{"@type":"EntryPoint","urlTemplate":"https:\/\/news.ecclesia.org.br\/?s={search_term_string}"},"query-input":{"@type":"PropertyValueSpecification","valueRequired":true,"valueName":"search_term_string"}}],"inLanguage":"pt-BR"},{"@type":"Organization","@id":"https:\/\/news.ecclesia.org.br\/#organization","name":"Sacra Arquidiocese de Buenos Aires e Am\u00e9rica do Sul | Patriarcado Ecum\u00eanico","alternateName":"News Ecclesia Brasil","url":"https:\/\/news.ecclesia.org.br\/","logo":{"@type":"ImageObject","inLanguage":"pt-BR","@id":"https:\/\/news.ecclesia.org.br\/#\/schema\/logo\/image\/","url":"https:\/\/news.ecclesia.org.br\/wp-content\/uploads\/2025\/05\/ecclesia2.png","contentUrl":"https:\/\/news.ecclesia.org.br\/wp-content\/uploads\/2025\/05\/ecclesia2.png","width":480,"height":120,"caption":"Sacra Arquidiocese de Buenos Aires e Am\u00e9rica do Sul | Patriarcado Ecum\u00eanico"},"image":{"@id":"https:\/\/news.ecclesia.org.br\/#\/schema\/logo\/image\/"},"sameAs":["https:\/\/www.facebook.com\/Ecclesia2025","https:\/\/x.com\/EcclesiaNews","https:\/\/br.pinterest.com\/ekklisia\/","https:\/\/www.youtube.com\/@EcclesiaBrasil"]},{"@type":"Person","@id":"https:\/\/news.ecclesia.org.br\/#\/schema\/person\/6f09597f025829745ba414a569f63758","name":"Pe. Andr\u00e9","image":{"@type":"ImageObject","inLanguage":"pt-BR","@id":"https:\/\/secure.gravatar.com\/avatar\/b4327cfa27e9799da239a26adcd534fc29cdc0c4a4a148eecbcfeb9b42c617ac?s=96&d=mm&r=g","url":"https:\/\/secure.gravatar.com\/avatar\/b4327cfa27e9799da239a26adcd534fc29cdc0c4a4a148eecbcfeb9b42c617ac?s=96&d=mm&r=g","contentUrl":"https:\/\/secure.gravatar.com\/avatar\/b4327cfa27e9799da239a26adcd534fc29cdc0c4a4a148eecbcfeb9b42c617ac?s=96&d=mm&r=g","caption":"Pe. Andr\u00e9"},"sameAs":["https:\/\/www.ecclesia.org.br"]}]}},"_links":{"self":[{"href":"https:\/\/news.ecclesia.org.br\/index.php?rest_route=\/wp\/v2\/posts\/3845","targetHints":{"allow":["GET"]}}],"collection":[{"href":"https:\/\/news.ecclesia.org.br\/index.php?rest_route=\/wp\/v2\/posts"}],"about":[{"href":"https:\/\/news.ecclesia.org.br\/index.php?rest_route=\/wp\/v2\/types\/post"}],"author":[{"embeddable":true,"href":"https:\/\/news.ecclesia.org.br\/index.php?rest_route=\/wp\/v2\/users\/1"}],"replies":[{"embeddable":true,"href":"https:\/\/news.ecclesia.org.br\/index.php?rest_route=%2Fwp%2Fv2%2Fcomments&post=3845"}],"version-history":[{"count":0,"href":"https:\/\/news.ecclesia.org.br\/index.php?rest_route=\/wp\/v2\/posts\/3845\/revisions"}],"wp:featuredmedia":[{"embeddable":true,"href":"https:\/\/news.ecclesia.org.br\/index.php?rest_route=\/wp\/v2\/media\/15376"}],"wp:attachment":[{"href":"https:\/\/news.ecclesia.org.br\/index.php?rest_route=%2Fwp%2Fv2%2Fmedia&parent=3845"}],"wp:term":[{"taxonomy":"category","embeddable":true,"href":"https:\/\/news.ecclesia.org.br\/index.php?rest_route=%2Fwp%2Fv2%2Fcategories&post=3845"},{"taxonomy":"post_tag","embeddable":true,"href":"https:\/\/news.ecclesia.org.br\/index.php?rest_route=%2Fwp%2Fv2%2Ftags&post=3845"}],"curies":[{"name":"wp","href":"https:\/\/api.w.org\/{rel}","templated":true}]}}