{"id":3812,"date":"2010-03-25T20:54:38","date_gmt":"2010-03-25T22:54:38","guid":{"rendered":"http:\/\/www.ecclesia.com.br\/news\/?p=3812"},"modified":"2021-07-21T16:45:45","modified_gmt":"2021-07-21T19:45:45","slug":"homilia-de-do-arcebispo-tarasios-em-sua-visita-ao-chile-apos-o-terremoto-que-abalou-o-pais","status":"publish","type":"post","link":"https:\/\/news.ecclesia.org.br\/?p=3812","title":{"rendered":"Homilia do Arcebispo Tar\u00e1sios em sua visita ao Chile, ap\u00f3s o terremoto que assolou o pa\u00eds"},"content":{"rendered":"<p style=\"text-align: center;\"><strong>HOMILIA DE S. E. R. DOM TARASIOS<br \/>\nDURANTE A SUA VISITA AO CHILE, DE 21 A 22 DE MAR\u00c7O,<br \/>\nAP\u00d3S O TERREMOTO OCORRIDO EM FEVEREIRO DE 2010<br \/>\nQUE ASSOLOU AQUELE PA\u00cdS<\/strong><\/p>\n<p style=\"text-align: justify;\"><em>\u00abDesejando aperfei\u00e7oar nossa bondade, segundo Tua complac\u00eancia, \u00f3 Soberano,\u00a0fizeste tremer toda a terra como se fosse uma fr\u00e1gil rocha,\u00a0confirmando em Teu Temor aos que cr\u00eaem, \u00f3 Senhor\u00bb [1].<\/em><\/p>\n<p style=\"text-align: justify;\"><a href=\"https:\/\/news.ecclesia.org.br\/wp-content\/uploads\/2012\/12\/arcebispo-tarasios1.jpg\"><img fetchpriority=\"high\" decoding=\"async\" class=\"alignleft size-medium wp-image-9846\" src=\"https:\/\/news.ecclesia.org.br\/wp-content\/uploads\/2012\/12\/arcebispo-tarasios1-300x225.jpg\" alt=\"\" width=\"300\" height=\"225\" srcset=\"https:\/\/news.ecclesia.org.br\/wp-content\/uploads\/2012\/12\/arcebispo-tarasios1-300x225.jpg 300w, https:\/\/news.ecclesia.org.br\/wp-content\/uploads\/2012\/12\/arcebispo-tarasios1-73x55.jpg 73w, https:\/\/news.ecclesia.org.br\/wp-content\/uploads\/2012\/12\/arcebispo-tarasios1.jpg 440w\" sizes=\"(max-width: 300px) 100vw, 300px\" \/><\/a>Como \u00e9 dif\u00edcil interpretar os divinos sinais! Como \u00e9 dif\u00edcil compreender os des\u00edgnios de Deus! \u00c9 necess\u00e1ria a grande virtude do discernimento. Como podemos hoje compreender e interpretar a cat\u00e1strofe que recentemente abalou o Chile? Recorro ao pensamento do hin\u00f3grafo que nos recorda que Deus faz tremer a terra para \u00abaperfei\u00e7oar a nossa bondade\u00bb: Este \u00e9 o desejo de Deus, e sua vontade, manifestada, muitas vezes, atrav\u00e9s da natureza e com viol\u00eancia, est\u00e1 orientada para o bem do homem, para a sua edifica\u00e7\u00e3o, de sua alma e de seu corpo, para a sua perfei\u00e7\u00e3o, para a sua supera\u00e7\u00e3o, enfim, para a sua salva\u00e7\u00e3o. E, eis aqui a resposta, ainda que limitada, \u00e0 nossa pergunta.<\/p>\n<p style=\"padding-left: 30px; text-align: justify;\">Excelent\u00edssima Senhora Embaixadora,<br \/>\nDistintos Arcontes da Sacra Ordem do Ap\u00f3stolo Bartolomeu,<br \/>\nHonor\u00e1veis autoridades das coletividades hel\u00eanicas de Santiago e do Chile, e de todas as associa\u00e7\u00f5es culturais e beneficentes do Chile,<br \/>\nPovo de Deus, filhas e filhos no Senhor:<\/p>\n<p style=\"text-align: justify;\">Neste clima de estupor generalizado, ap\u00f3s a cat\u00e1strofe causada pelos terremotos ocorridos, viemos trazer-vos uma boa nova, viemos \u00abevangelizar\u00bb como antigamente Gabriel \u00e0 Theotokos, e nosso an\u00fancio \u00e9: \u00abn\u00e3o tenham medo, Deus est\u00e1 no meio de todos v\u00f3s\u00bb. \u00c9 a boa nova de que Deus quer nossa perfei\u00e7\u00e3o e salva\u00e7\u00e3o, ainda que, valendo-se como meio, da natureza que se lan\u00e7a com for\u00e7a em nossa dire\u00e7\u00e3o. Deus nos ama e permite, por isso, que estas coisas aconte\u00e7am: sei que esta mensagem pode ser interpretada como contradit\u00f3ria, por\u00e9m, elevemos nossas mentes e nossos esp\u00edritos, transmutemos o contradit\u00f3rio em paradoxal. Sim, porque Deus atua paradoxalmente, sendo o Ser Absoluto. Deus mesmo nos ensina, nos purifica e nos aperfei\u00e7oa atrav\u00e9s destas situa\u00e7\u00f5es que, aos nossos olhos parecem n\u00e3o estar de acordo com a vontade divina. Mas, bem nos diz o sacro escritor que \u00abO que olha para a terra e ele treme\u00bb, pois \u00e9 Ele que tem a soberania sobre todas as coisas como o Onipotente, Onipresente e Onisciente. Mas sua divina provid\u00eancia, que \u00e9 a divina condescend\u00eancia para com as coisas de baixo, est\u00e1 ordenada para o bem do homem, e n\u00e3o para a sua destrui\u00e7\u00e3o, pois Deus \u00e9 Pai com entranhas maternas.<br \/>\nHoje n\u00f3s tamb\u00e9m comemoramos a independ\u00eancia da M\u00e3e P\u00e1tria e a Anuncia\u00e7\u00e3o da Theotokos. S\u00e3o todas boas not\u00edcias: a liberta\u00e7\u00e3o da escravid\u00e3o e do pecado e, uma vez mais, Deus est\u00e1 conosco!<\/p>\n<p style=\"padding-left: 30px;\">Excel\u00eancia,<br \/>\nHonor\u00e1veis Arcontes,<br \/>\nAutoridades, Povo do Chile,<\/p>\n<p style=\"text-align: justify;\">Estamos aqui para vos dar esperan\u00e7a e para oferecer toda a nossa ajuda espiritual ao nosso povo chileno. Estamos aqui para celebrar a independ\u00eancia da P\u00e1tria M\u00e3e e, finalmente, para comemorar a Anuncia\u00e7\u00e3o da Theotokos. Se tiv\u00e9ssemos que inter-relacionar esses tr\u00eas fatos, dever\u00edamos faz\u00ea-lo atrav\u00e9s de uma frase: \u00abDeus liberta o seu povo e o aperfei\u00e7oa atrav\u00e9s das vicissitudes e conting\u00eancias\u00bb. E ainda: Deus est\u00e1 no meio de todos n\u00f3s, aqui e agora, e Ele mesmo \u00e9 que ir\u00e1 erguer o Chile de suas ru\u00ednas!<\/p>\n<p style=\"text-align: justify;\">Com estas breves reflex\u00f5es invocamos sobre todos v\u00f3s as ricas miseric\u00f3rdias de nosso Salvador Jesus Cristo, concedendo-vos a nossa b\u00ean\u00e7\u00e3o apost\u00f3lica.<\/p>\n<p>Santiago do Chile, aos 21 dias do m\u00eas de Mar\u00e7o de 2010<\/p>\n<p style=\"padding-left: 30px;\">O METROPOLITA<\/p>\n<p style=\"padding-left: 30px;\">\u2020 T A R A S I O S<br \/>\nArcebispo de Buenos Aires<br \/>\nPrimaz e Exarca da Am\u00e9rica do Sul<\/p>\n<address style=\"text-align: right; padding-left: 30px;\">[1] Oda Primeira do C\u00e2non Lit\u00e2nico para prote\u00e7\u00e3o contra sismos<br \/>\nTradu\u00e7\u00e3o: Pe. Andr\u00e9<\/address>\n","protected":false},"excerpt":{"rendered":"<p>HOMILIA DE S. E. R. DOM TARASIOS DURANTE A SUA VISITA AO CHILE, DE 21 A 22 DE MAR\u00c7O, AP\u00d3S O TERREMOTO OCORRIDO EM FEVEREIRO DE 2010 QUE ASSOLOU AQUELE PA\u00cdS \u00abDesejando aperfei\u00e7oar nossa bondade, segundo Tua complac\u00eancia, \u00f3 Soberano,\u00a0fizeste&#8230;<\/p>\n","protected":false},"author":1,"featured_media":0,"comment_status":"open","ping_status":"open","sticky":false,"template":"","format":"standard","meta":{"_acf_changed":false,"footnotes":""},"categories":[1],"tags":[],"class_list":["post-3812","post","type-post","status-publish","format-standard","hentry","category-news","entry","rows-excerpt"],"acf":[],"yoast_head":"<!-- This site is optimized with the Yoast SEO plugin v27.5 - https:\/\/yoast.com\/product\/yoast-seo-wordpress\/ -->\n<title>Homilia do Arcebispo Tar\u00e1sios em sua visita ao Chile, ap\u00f3s o terremoto que assolou o pa\u00eds | ECCLESIA NEWS<\/title>\n<meta name=\"robots\" content=\"index, follow, max-snippet:-1, max-image-preview:large, max-video-preview:-1\" \/>\n<link rel=\"canonical\" href=\"https:\/\/news.ecclesia.org.br\/?p=3812\" \/>\n<meta property=\"og:locale\" content=\"pt_BR\" \/>\n<meta property=\"og:type\" content=\"article\" \/>\n<meta property=\"og:title\" content=\"Homilia do Arcebispo Tar\u00e1sios em sua visita ao Chile, ap\u00f3s o terremoto que assolou o pa\u00eds | ECCLESIA NEWS\" \/>\n<meta property=\"og:description\" content=\"HOMILIA DE S. E. R. DOM TARASIOS DURANTE A SUA VISITA AO CHILE, DE 21 A 22 DE MAR\u00c7O, AP\u00d3S O TERREMOTO OCORRIDO EM FEVEREIRO DE 2010 QUE ASSOLOU AQUELE PA\u00cdS \u00abDesejando aperfei\u00e7oar nossa bondade, segundo Tua complac\u00eancia, \u00f3 Soberano,\u00a0fizeste&#8230;\" \/>\n<meta property=\"og:url\" content=\"https:\/\/news.ecclesia.org.br\/?p=3812\" \/>\n<meta property=\"og:site_name\" content=\"ECCLESIA NEWS\" \/>\n<meta property=\"article:publisher\" content=\"https:\/\/www.facebook.com\/Ecclesia2025\" \/>\n<meta property=\"article:published_time\" content=\"2010-03-25T22:54:38+00:00\" \/>\n<meta property=\"article:modified_time\" content=\"2021-07-21T19:45:45+00:00\" \/>\n<meta property=\"og:image\" content=\"https:\/\/news.ecclesia.org.br\/wp-content\/uploads\/2012\/12\/arcebispo-tarasios1-300x225.jpg\" \/>\n<meta name=\"author\" content=\"Pe. Andr\u00e9\" \/>\n<meta name=\"twitter:card\" content=\"summary_large_image\" \/>\n<meta name=\"twitter:creator\" content=\"@EcclesiaNews\" \/>\n<meta name=\"twitter:site\" content=\"@EcclesiaNews\" \/>\n<meta name=\"twitter:label1\" content=\"Escrito por\" \/>\n\t<meta name=\"twitter:data1\" content=\"Pe. Andr\u00e9\" \/>\n\t<meta name=\"twitter:label2\" content=\"Est. tempo de leitura\" \/>\n\t<meta name=\"twitter:data2\" content=\"3 minutos\" \/>\n<script type=\"application\/ld+json\" class=\"yoast-schema-graph\">{\"@context\":\"https:\\\/\\\/schema.org\",\"@graph\":[{\"@type\":\"Article\",\"@id\":\"https:\\\/\\\/news.ecclesia.org.br\\\/?p=3812#article\",\"isPartOf\":{\"@id\":\"https:\\\/\\\/news.ecclesia.org.br\\\/?p=3812\"},\"author\":{\"name\":\"Pe. Andr\u00e9\",\"@id\":\"https:\\\/\\\/news.ecclesia.org.br\\\/#\\\/schema\\\/person\\\/6f09597f025829745ba414a569f63758\"},\"headline\":\"Homilia do Arcebispo Tar\u00e1sios em sua visita ao Chile, ap\u00f3s o terremoto que assolou o pa\u00eds\",\"datePublished\":\"2010-03-25T22:54:38+00:00\",\"dateModified\":\"2021-07-21T19:45:45+00:00\",\"mainEntityOfPage\":{\"@id\":\"https:\\\/\\\/news.ecclesia.org.br\\\/?p=3812\"},\"wordCount\":691,\"commentCount\":0,\"publisher\":{\"@id\":\"https:\\\/\\\/news.ecclesia.org.br\\\/#organization\"},\"image\":{\"@id\":\"https:\\\/\\\/news.ecclesia.org.br\\\/?p=3812#primaryimage\"},\"thumbnailUrl\":\"https:\\\/\\\/news.ecclesia.org.br\\\/wp-content\\\/uploads\\\/2012\\\/12\\\/arcebispo-tarasios1-300x225.jpg\",\"articleSection\":[\"NEWS\"],\"inLanguage\":\"pt-BR\",\"potentialAction\":[{\"@type\":\"CommentAction\",\"name\":\"Comment\",\"target\":[\"https:\\\/\\\/news.ecclesia.org.br\\\/?p=3812#respond\"]}]},{\"@type\":\"WebPage\",\"@id\":\"https:\\\/\\\/news.ecclesia.org.br\\\/?p=3812\",\"url\":\"https:\\\/\\\/news.ecclesia.org.br\\\/?p=3812\",\"name\":\"Homilia do Arcebispo Tar\u00e1sios em sua visita ao Chile, ap\u00f3s o terremoto que assolou o pa\u00eds | ECCLESIA NEWS\",\"isPartOf\":{\"@id\":\"https:\\\/\\\/news.ecclesia.org.br\\\/#website\"},\"primaryImageOfPage\":{\"@id\":\"https:\\\/\\\/news.ecclesia.org.br\\\/?p=3812#primaryimage\"},\"image\":{\"@id\":\"https:\\\/\\\/news.ecclesia.org.br\\\/?p=3812#primaryimage\"},\"thumbnailUrl\":\"https:\\\/\\\/news.ecclesia.org.br\\\/wp-content\\\/uploads\\\/2012\\\/12\\\/arcebispo-tarasios1-300x225.jpg\",\"datePublished\":\"2010-03-25T22:54:38+00:00\",\"dateModified\":\"2021-07-21T19:45:45+00:00\",\"breadcrumb\":{\"@id\":\"https:\\\/\\\/news.ecclesia.org.br\\\/?p=3812#breadcrumb\"},\"inLanguage\":\"pt-BR\",\"potentialAction\":[{\"@type\":\"ReadAction\",\"target\":[\"https:\\\/\\\/news.ecclesia.org.br\\\/?p=3812\"]}]},{\"@type\":\"ImageObject\",\"inLanguage\":\"pt-BR\",\"@id\":\"https:\\\/\\\/news.ecclesia.org.br\\\/?p=3812#primaryimage\",\"url\":\"https:\\\/\\\/news.ecclesia.org.br\\\/wp-content\\\/uploads\\\/2012\\\/12\\\/arcebispo-tarasios1.jpg\",\"contentUrl\":\"https:\\\/\\\/news.ecclesia.org.br\\\/wp-content\\\/uploads\\\/2012\\\/12\\\/arcebispo-tarasios1.jpg\",\"width\":440,\"height\":330},{\"@type\":\"BreadcrumbList\",\"@id\":\"https:\\\/\\\/news.ecclesia.org.br\\\/?p=3812#breadcrumb\",\"itemListElement\":[{\"@type\":\"ListItem\",\"position\":1,\"name\":\"In\u00edcio\",\"item\":\"https:\\\/\\\/news.ecclesia.org.br\\\/\"},{\"@type\":\"ListItem\",\"position\":2,\"name\":\"Homilia do Arcebispo Tar\u00e1sios em sua visita ao Chile, ap\u00f3s o terremoto que assolou o pa\u00eds\"}]},{\"@type\":\"WebSite\",\"@id\":\"https:\\\/\\\/news.ecclesia.org.br\\\/#website\",\"url\":\"https:\\\/\\\/news.ecclesia.org.br\\\/\",\"name\":\"Ecclesia Brasil\",\"description\":\"Desde 2003 onectando o Brasil ao mundo ortodoxo!\",\"publisher\":{\"@id\":\"https:\\\/\\\/news.ecclesia.org.br\\\/#organization\"},\"alternateName\":\"Ecclesia\",\"potentialAction\":[{\"@type\":\"SearchAction\",\"target\":{\"@type\":\"EntryPoint\",\"urlTemplate\":\"https:\\\/\\\/news.ecclesia.org.br\\\/?s={search_term_string}\"},\"query-input\":{\"@type\":\"PropertyValueSpecification\",\"valueRequired\":true,\"valueName\":\"search_term_string\"}}],\"inLanguage\":\"pt-BR\"},{\"@type\":\"Organization\",\"@id\":\"https:\\\/\\\/news.ecclesia.org.br\\\/#organization\",\"name\":\"Sacra Arquidiocese de Buenos Aires e Am\u00e9rica do Sul | Patriarcado Ecum\u00eanico\",\"alternateName\":\"News Ecclesia Brasil\",\"url\":\"https:\\\/\\\/news.ecclesia.org.br\\\/\",\"logo\":{\"@type\":\"ImageObject\",\"inLanguage\":\"pt-BR\",\"@id\":\"https:\\\/\\\/news.ecclesia.org.br\\\/#\\\/schema\\\/logo\\\/image\\\/\",\"url\":\"https:\\\/\\\/news.ecclesia.org.br\\\/wp-content\\\/uploads\\\/2025\\\/05\\\/ecclesia2.png\",\"contentUrl\":\"https:\\\/\\\/news.ecclesia.org.br\\\/wp-content\\\/uploads\\\/2025\\\/05\\\/ecclesia2.png\",\"width\":480,\"height\":120,\"caption\":\"Sacra Arquidiocese de Buenos Aires e Am\u00e9rica do Sul | Patriarcado Ecum\u00eanico\"},\"image\":{\"@id\":\"https:\\\/\\\/news.ecclesia.org.br\\\/#\\\/schema\\\/logo\\\/image\\\/\"},\"sameAs\":[\"https:\\\/\\\/www.facebook.com\\\/Ecclesia2025\",\"https:\\\/\\\/x.com\\\/EcclesiaNews\",\"https:\\\/\\\/br.pinterest.com\\\/ekklisia\\\/\",\"https:\\\/\\\/www.youtube.com\\\/@EcclesiaBrasil\"]},{\"@type\":\"Person\",\"@id\":\"https:\\\/\\\/news.ecclesia.org.br\\\/#\\\/schema\\\/person\\\/6f09597f025829745ba414a569f63758\",\"name\":\"Pe. Andr\u00e9\",\"image\":{\"@type\":\"ImageObject\",\"inLanguage\":\"pt-BR\",\"@id\":\"https:\\\/\\\/secure.gravatar.com\\\/avatar\\\/b4327cfa27e9799da239a26adcd534fc29cdc0c4a4a148eecbcfeb9b42c617ac?s=96&d=mm&r=g\",\"url\":\"https:\\\/\\\/secure.gravatar.com\\\/avatar\\\/b4327cfa27e9799da239a26adcd534fc29cdc0c4a4a148eecbcfeb9b42c617ac?s=96&d=mm&r=g\",\"contentUrl\":\"https:\\\/\\\/secure.gravatar.com\\\/avatar\\\/b4327cfa27e9799da239a26adcd534fc29cdc0c4a4a148eecbcfeb9b42c617ac?s=96&d=mm&r=g\",\"caption\":\"Pe. Andr\u00e9\"},\"sameAs\":[\"https:\\\/\\\/www.ecclesia.org.br\"]}]}<\/script>\n<!-- \/ Yoast SEO plugin. -->","yoast_head_json":{"title":"Homilia do Arcebispo Tar\u00e1sios em sua visita ao Chile, ap\u00f3s o terremoto que assolou o pa\u00eds | ECCLESIA NEWS","robots":{"index":"index","follow":"follow","max-snippet":"max-snippet:-1","max-image-preview":"max-image-preview:large","max-video-preview":"max-video-preview:-1"},"canonical":"https:\/\/news.ecclesia.org.br\/?p=3812","og_locale":"pt_BR","og_type":"article","og_title":"Homilia do Arcebispo Tar\u00e1sios em sua visita ao Chile, ap\u00f3s o terremoto que assolou o pa\u00eds | ECCLESIA NEWS","og_description":"HOMILIA DE S. E. R. DOM TARASIOS DURANTE A SUA VISITA AO CHILE, DE 21 A 22 DE MAR\u00c7O, AP\u00d3S O TERREMOTO OCORRIDO EM FEVEREIRO DE 2010 QUE ASSOLOU AQUELE PA\u00cdS \u00abDesejando aperfei\u00e7oar nossa bondade, segundo Tua complac\u00eancia, \u00f3 Soberano,\u00a0fizeste&#8230;","og_url":"https:\/\/news.ecclesia.org.br\/?p=3812","og_site_name":"ECCLESIA NEWS","article_publisher":"https:\/\/www.facebook.com\/Ecclesia2025","article_published_time":"2010-03-25T22:54:38+00:00","article_modified_time":"2021-07-21T19:45:45+00:00","og_image":[{"url":"https:\/\/news.ecclesia.org.br\/wp-content\/uploads\/2012\/12\/arcebispo-tarasios1-300x225.jpg","type":"","width":"","height":""}],"author":"Pe. Andr\u00e9","twitter_card":"summary_large_image","twitter_creator":"@EcclesiaNews","twitter_site":"@EcclesiaNews","twitter_misc":{"Escrito por":"Pe. Andr\u00e9","Est. tempo de leitura":"3 minutos"},"schema":{"@context":"https:\/\/schema.org","@graph":[{"@type":"Article","@id":"https:\/\/news.ecclesia.org.br\/?p=3812#article","isPartOf":{"@id":"https:\/\/news.ecclesia.org.br\/?p=3812"},"author":{"name":"Pe. Andr\u00e9","@id":"https:\/\/news.ecclesia.org.br\/#\/schema\/person\/6f09597f025829745ba414a569f63758"},"headline":"Homilia do Arcebispo Tar\u00e1sios em sua visita ao Chile, ap\u00f3s o terremoto que assolou o pa\u00eds","datePublished":"2010-03-25T22:54:38+00:00","dateModified":"2021-07-21T19:45:45+00:00","mainEntityOfPage":{"@id":"https:\/\/news.ecclesia.org.br\/?p=3812"},"wordCount":691,"commentCount":0,"publisher":{"@id":"https:\/\/news.ecclesia.org.br\/#organization"},"image":{"@id":"https:\/\/news.ecclesia.org.br\/?p=3812#primaryimage"},"thumbnailUrl":"https:\/\/news.ecclesia.org.br\/wp-content\/uploads\/2012\/12\/arcebispo-tarasios1-300x225.jpg","articleSection":["NEWS"],"inLanguage":"pt-BR","potentialAction":[{"@type":"CommentAction","name":"Comment","target":["https:\/\/news.ecclesia.org.br\/?p=3812#respond"]}]},{"@type":"WebPage","@id":"https:\/\/news.ecclesia.org.br\/?p=3812","url":"https:\/\/news.ecclesia.org.br\/?p=3812","name":"Homilia do Arcebispo Tar\u00e1sios em sua visita ao Chile, ap\u00f3s o terremoto que assolou o pa\u00eds | ECCLESIA NEWS","isPartOf":{"@id":"https:\/\/news.ecclesia.org.br\/#website"},"primaryImageOfPage":{"@id":"https:\/\/news.ecclesia.org.br\/?p=3812#primaryimage"},"image":{"@id":"https:\/\/news.ecclesia.org.br\/?p=3812#primaryimage"},"thumbnailUrl":"https:\/\/news.ecclesia.org.br\/wp-content\/uploads\/2012\/12\/arcebispo-tarasios1-300x225.jpg","datePublished":"2010-03-25T22:54:38+00:00","dateModified":"2021-07-21T19:45:45+00:00","breadcrumb":{"@id":"https:\/\/news.ecclesia.org.br\/?p=3812#breadcrumb"},"inLanguage":"pt-BR","potentialAction":[{"@type":"ReadAction","target":["https:\/\/news.ecclesia.org.br\/?p=3812"]}]},{"@type":"ImageObject","inLanguage":"pt-BR","@id":"https:\/\/news.ecclesia.org.br\/?p=3812#primaryimage","url":"https:\/\/news.ecclesia.org.br\/wp-content\/uploads\/2012\/12\/arcebispo-tarasios1.jpg","contentUrl":"https:\/\/news.ecclesia.org.br\/wp-content\/uploads\/2012\/12\/arcebispo-tarasios1.jpg","width":440,"height":330},{"@type":"BreadcrumbList","@id":"https:\/\/news.ecclesia.org.br\/?p=3812#breadcrumb","itemListElement":[{"@type":"ListItem","position":1,"name":"In\u00edcio","item":"https:\/\/news.ecclesia.org.br\/"},{"@type":"ListItem","position":2,"name":"Homilia do Arcebispo Tar\u00e1sios em sua visita ao Chile, ap\u00f3s o terremoto que assolou o pa\u00eds"}]},{"@type":"WebSite","@id":"https:\/\/news.ecclesia.org.br\/#website","url":"https:\/\/news.ecclesia.org.br\/","name":"Ecclesia Brasil","description":"Desde 2003 onectando o Brasil ao mundo ortodoxo!","publisher":{"@id":"https:\/\/news.ecclesia.org.br\/#organization"},"alternateName":"Ecclesia","potentialAction":[{"@type":"SearchAction","target":{"@type":"EntryPoint","urlTemplate":"https:\/\/news.ecclesia.org.br\/?s={search_term_string}"},"query-input":{"@type":"PropertyValueSpecification","valueRequired":true,"valueName":"search_term_string"}}],"inLanguage":"pt-BR"},{"@type":"Organization","@id":"https:\/\/news.ecclesia.org.br\/#organization","name":"Sacra Arquidiocese de Buenos Aires e Am\u00e9rica do Sul | Patriarcado Ecum\u00eanico","alternateName":"News Ecclesia Brasil","url":"https:\/\/news.ecclesia.org.br\/","logo":{"@type":"ImageObject","inLanguage":"pt-BR","@id":"https:\/\/news.ecclesia.org.br\/#\/schema\/logo\/image\/","url":"https:\/\/news.ecclesia.org.br\/wp-content\/uploads\/2025\/05\/ecclesia2.png","contentUrl":"https:\/\/news.ecclesia.org.br\/wp-content\/uploads\/2025\/05\/ecclesia2.png","width":480,"height":120,"caption":"Sacra Arquidiocese de Buenos Aires e Am\u00e9rica do Sul | Patriarcado Ecum\u00eanico"},"image":{"@id":"https:\/\/news.ecclesia.org.br\/#\/schema\/logo\/image\/"},"sameAs":["https:\/\/www.facebook.com\/Ecclesia2025","https:\/\/x.com\/EcclesiaNews","https:\/\/br.pinterest.com\/ekklisia\/","https:\/\/www.youtube.com\/@EcclesiaBrasil"]},{"@type":"Person","@id":"https:\/\/news.ecclesia.org.br\/#\/schema\/person\/6f09597f025829745ba414a569f63758","name":"Pe. Andr\u00e9","image":{"@type":"ImageObject","inLanguage":"pt-BR","@id":"https:\/\/secure.gravatar.com\/avatar\/b4327cfa27e9799da239a26adcd534fc29cdc0c4a4a148eecbcfeb9b42c617ac?s=96&d=mm&r=g","url":"https:\/\/secure.gravatar.com\/avatar\/b4327cfa27e9799da239a26adcd534fc29cdc0c4a4a148eecbcfeb9b42c617ac?s=96&d=mm&r=g","contentUrl":"https:\/\/secure.gravatar.com\/avatar\/b4327cfa27e9799da239a26adcd534fc29cdc0c4a4a148eecbcfeb9b42c617ac?s=96&d=mm&r=g","caption":"Pe. Andr\u00e9"},"sameAs":["https:\/\/www.ecclesia.org.br"]}]}},"_links":{"self":[{"href":"https:\/\/news.ecclesia.org.br\/index.php?rest_route=\/wp\/v2\/posts\/3812","targetHints":{"allow":["GET"]}}],"collection":[{"href":"https:\/\/news.ecclesia.org.br\/index.php?rest_route=\/wp\/v2\/posts"}],"about":[{"href":"https:\/\/news.ecclesia.org.br\/index.php?rest_route=\/wp\/v2\/types\/post"}],"author":[{"embeddable":true,"href":"https:\/\/news.ecclesia.org.br\/index.php?rest_route=\/wp\/v2\/users\/1"}],"replies":[{"embeddable":true,"href":"https:\/\/news.ecclesia.org.br\/index.php?rest_route=%2Fwp%2Fv2%2Fcomments&post=3812"}],"version-history":[{"count":2,"href":"https:\/\/news.ecclesia.org.br\/index.php?rest_route=\/wp\/v2\/posts\/3812\/revisions"}],"predecessor-version":[{"id":37960,"href":"https:\/\/news.ecclesia.org.br\/index.php?rest_route=\/wp\/v2\/posts\/3812\/revisions\/37960"}],"wp:attachment":[{"href":"https:\/\/news.ecclesia.org.br\/index.php?rest_route=%2Fwp%2Fv2%2Fmedia&parent=3812"}],"wp:term":[{"taxonomy":"category","embeddable":true,"href":"https:\/\/news.ecclesia.org.br\/index.php?rest_route=%2Fwp%2Fv2%2Fcategories&post=3812"},{"taxonomy":"post_tag","embeddable":true,"href":"https:\/\/news.ecclesia.org.br\/index.php?rest_route=%2Fwp%2Fv2%2Ftags&post=3812"}],"curies":[{"name":"wp","href":"https:\/\/api.w.org\/{rel}","templated":true}]}}