{"id":3798,"date":"2010-03-24T01:46:15","date_gmt":"2010-03-24T03:46:15","guid":{"rendered":"http:\/\/www.ecclesia.com.br\/news\/?p=3798"},"modified":"2016-03-19T03:47:53","modified_gmt":"2016-03-19T03:47:53","slug":"hino-akathistos-e-celebrado-na-catedral-de-buenos-aires","status":"publish","type":"post","link":"https:\/\/news.ecclesia.org.br\/?p=3798","title":{"rendered":"\u00abHino Akathistos\u00bb \u00e9 celebrado na Catedral de Buenos Aires"},"content":{"rendered":"<p style=\"text-align: justify;\">BUENOS AIRES, Argentina, 23 de mar\u00e7o de 2010 [www.ortodoxia.org] A primeira celebra\u00e7\u00e3o oficial \u00abHino Akathistos\u00bb foi presidida pelo Rev.mo\u00a0 Mons. \u00a0Iosif Bosch na Catedral da Dormi\u00e7\u00e3o da Theotokos (M\u00e3e de Deus) em Buenos Aires, \u00a0j\u00e1 no uso de suas novas atribui\u00e7\u00f5es eclesi\u00e1sticas como \u00a0De\u00e3o da Catedral e Vig\u00e1rio Geral da Arquidiocese.\u00a0A celebra\u00e7\u00e3o contou com a presen\u00e7a de fi\u00e9is, incluindo representantes de todas as Coletividades Hel\u00eanicas do pa\u00eds.<\/p>\n<h3>DADOS BIOGR\u00c1FICOS DO ARQUIMANDRITA IOSIF L.\u00a0BOSCH:<\/h3>\n<figure id=\"attachment_9258\" aria-describedby=\"caption-attachment-9258\" style=\"width: 203px\" class=\"wp-caption alignleft\"><img fetchpriority=\"high\" decoding=\"async\" class=\"size-medium wp-image-9258\" src=\"https:\/\/news.ecclesia.org.br\/2013\/wp-content\/uploads\/2012\/05\/monsenhor-iosif-bosh-203x300.jpg\" alt=\"Mons. Iosif Bosh\" width=\"203\" height=\"300\" srcset=\"https:\/\/news.ecclesia.org.br\/wp-content\/uploads\/2012\/05\/monsenhor-iosif-bosh-203x300.jpg 203w, https:\/\/news.ecclesia.org.br\/wp-content\/uploads\/2012\/05\/monsenhor-iosif-bosh-37x55.jpg 37w, https:\/\/news.ecclesia.org.br\/wp-content\/uploads\/2012\/05\/monsenhor-iosif-bosh.jpg 400w\" sizes=\"(max-width: 203px) 100vw, 203px\" \/><figcaption id=\"caption-attachment-9258\" class=\"wp-caption-text\">Mons. Iosif Bosh<\/figcaption><\/figure>\n<p style=\"text-align: justify;\">Nascido em C\u00f3rdoba, Argentina, em 7 de setembro de 1976, \u00e9 filho de Iris e Raul Bosch.\u00a0Realizou seus estudos prim\u00e1rio e secund\u00e1rio no Centro Educacional S\u00e3o Jorge, concluindo em 1994. Em 1995, viajou para a S\u00edria para dar in\u00edcio a sua forma\u00e7\u00e3o eclesi\u00e1stica no Monast\u00e9rio de S\u00e3o Jorge e na Faculdade de Teologia na da Universidade Balamand, no L\u00edbano.\u00a0 Em setembro de 1997 recebeu uma bolsa do Patriarcado Ecum\u00eanico de Constantinopla e do Governo grego para dar prosseguimento a sua forma\u00e7\u00e3o acad\u00eamica em n\u00edvel de gradua\u00e7\u00e3o na Faculdade de Teologia Social e Pastoral da Universidade Aristot\u00e9lica, de Tessal\u00f4nica.\u00a0Em dezembro de 1997, por iniciativa e com a b\u00ean\u00e7\u00e3o de S. Santidade o Patriarca Ecum\u00eanico, foi ordenado di\u00e1cono na Igreja Patriarcal de S\u00e3o Jorge, no Fanar, pelas m\u00e3os do Arcebispo Metropolitano de Sasima, Dom Gennadios Limouris.\u00a0 No m\u00eas de julho de 2000, por iniciativa e com a b\u00ean\u00e7\u00e3o do Patriarca Ecum\u00eanico de Constantinopla, foi elevado ao presbiterato em sua cidade natal, C\u00f3rdoba &#8211; Argentina, pelas m\u00e3os do ent\u00e3o Arcebispo Metropolitano de Buenos Aires, Dom Gennadios Chrysoulakis.\u00a0Em outubro do mesmo ano, com a permiss\u00e3o do Santo S\u00ednodo, transferiu-se para Friburgo, na Alemanha, para iniciar seus estudos sobre teologia latina.\u00a0Foi ent\u00e3o incardinado na Santa Metr\u00f3pole da Alemanha e nomeado Reitor da Igreja de S\u00e3o Jo\u00e3o, o Te\u00f3logo de Friburgo pelo seu Bispo Metropolitano, Dom Agostinho Lambardakis. \u00a0Em 2002 graduou-se com honras em Tessal\u00f4nica.\u00a0No mesmo ano, mudou-se para Roma como bolsista da Santa S\u00e9 para seguir seus estudos de gradua\u00e7\u00e3o e p\u00f3s-gradua\u00e7\u00e3o na Pontif\u00edcia Universidade de S\u00e3o Tomas de Aquino.\u00a0Em 2003 graduou-se em licenciatura em teologia cat\u00f3lica no Instituto acima mencionado.\u00a0No ano seguinte, come\u00e7ou seu ciclo de estudos na p\u00f3s-gradua\u00e7\u00e3o, concluindo o Mestrado em Teologia pastoral e espiritual com a tese \u00abA satisfa\u00e7\u00e3o da penit\u00eancia em S\u00e3o Tomas de Aquino\u00bb, com o professor Antolin Gonzalez Fuente. \u00a0Tamb\u00e9m em 2005 lhe foi outorgado o t\u00edtulo de Mestre em Teologia Dogm\u00e1tica Tomista, apresentando a tese sobre metodologia teol\u00f3gica \u00abS\u00e3o Jo\u00e3o de Damasceno, como fonte da Prima Pars da Suma de Teologia de S\u00e3o Tomas Aquino\u00bb, com o professor Giacomo Grasso.\u00a0Em 2006 concluiu sua p\u00f3s-gradua\u00e7\u00e3o em Tessal\u00f4nica, na Gr\u00e9cia, tendo apresentado a tese \u00abA metodologia teol\u00f3gica de S\u00e3o Greg\u00f3rio Palamas\u00bb com o Professor Despo Lialiou.\u00a0 Atualmente est\u00e1 trabalhando em sua tese de doutorado na Pontif\u00edcia Universidade de S\u00e3o Tomas de Aquino em Roma sobre o tema: \u00abTra\u00e7os de Damasceno no Ang\u00e9lico\u00bb.\u00a0Hermen\u00eautica do uso da teologia de S\u00e3o Jo\u00e3o Damasceno na Summa Theologiae de S\u00e3o Tomas Aquino, com a orienta\u00e7\u00e3o do professor Giuseppe Salvati.\u00a0 Suas atividades ecum\u00eanicas na esfera do Conselho Mundial de Igrejas (WCC-CMI) teve in\u00edcio em 2004, sendo convidado como participante da Assembl\u00e9ia Geral sobre F\u00e9 e Constitui\u00e7\u00e3o, em Kuala Lumpur, na Mal\u00e1sia, na categoria de jovens te\u00f3logos, na comitiva do Patriarcado Ecum\u00eanico de Constantinopla.\u00a0 Permaneceu na reuni\u00e3o de representantes das Igrejas Ortodoxas em vista da Assembl\u00e9ia Geral de Porto Alegre (Brasil), realizada na ilha de Rodes (Gr\u00e9cia), em janeiro de 2005.\u00a0Finalmente, foi \u00a0nomeado por S. Santidade o Patriarca Ecum\u00eanico integrante oficial da delega\u00e7\u00e3o patriarcal na 9\u00aa. Assembl\u00e9ia Geral do CMI em Porto Alegre, falando na sess\u00e3o plen\u00e1ria de 21 de fevereiro sobre o tema: \u00abDeus em tua gra\u00e7a, transforma o mundo\u00bb, no painel integrado por participantes de v\u00e1rias denomina\u00e7\u00f5es.\u00a0Em setembro de 2006 reuniu-se em Genebra o comit\u00ea executivo do CMI, tendo sido \u00a0eleito por unanimidade como membro est\u00e1vel do Echos, comiss\u00e3o da Juventude do CMI, com mandato at\u00e9 a pr\u00f3xima Assembl\u00e9ia Geral.\u00a0Foi tamb\u00e9m nomeado pelo mesmo \u00f3rg\u00e3o do CMI como integrante do \u00abGrupo Misto de Trabalho com a Igreja Cat\u00f3lica Romana\u00bb&#8221; (Joint Working Group).\u00a0No ano de 2007 foi excardinado para a Sacra metr\u00f3pole de Buenos Aires.\u00a0Em mar\u00e7o do mesmo ano foi elevada \u00e0 categoria de Arquimandrita pelas m\u00e3os do Arcebispo Metropolitano de Buenos Aires, Dom Tarasios, e nomeado reitor da Catedral Ortodoxa de S\u00e3o Jorge, em Santiago, e vig\u00e1rio arquidiocesano para todo o Chile.\u00a0Em mar\u00e7o de 2008 foi transferido para sua cidade natal e nomeado reitor da Igreja S\u00e3o Jo\u00e3o, o Precursor e Vig\u00e1rio Arquidiocesano para o centro e norte da Argentina.\u00a0Em 25 de fevereiro de 2010 assumiu as responsabilidades de Vig\u00e1rio Geral da Arquidiocese de Buenos Aires e De\u00e3o da Catedral da Dormi\u00e7\u00e3o da Theotokos.<\/p>\n<p style=\"text-align: right;\">[Traduziu: Pe. Andr\u00e9 Sperandio]<\/p>\n<p style=\"text-align: justify;\">\n","protected":false},"excerpt":{"rendered":"<p>BUENOS AIRES, Argentina, 23 de mar\u00e7o de 2010 [www.ortodoxia.org] A primeira celebra\u00e7\u00e3o oficial \u00abHino Akathistos\u00bb foi presidida pelo Rev.mo\u00a0 Mons. \u00a0Iosif Bosch na Catedral da Dormi\u00e7\u00e3o da Theotokos (M\u00e3e de Deus) em Buenos Aires, \u00a0j\u00e1 no uso de suas novas&#8230;<\/p>\n","protected":false},"author":1,"featured_media":6332,"comment_status":"open","ping_status":"open","sticky":false,"template":"","format":"standard","meta":{"_acf_changed":false,"footnotes":""},"categories":[1],"tags":[],"class_list":["post-3798","post","type-post","status-publish","format-standard","has-post-thumbnail","hentry","category-news","entry","rows-excerpt"],"acf":[],"yoast_head":"<!-- This site is optimized with the Yoast SEO plugin v27.5 - https:\/\/yoast.com\/product\/yoast-seo-wordpress\/ -->\n<title>\u00abHino Akathistos\u00bb \u00e9 celebrado na Catedral de Buenos Aires | ECCLESIA NEWS<\/title>\n<meta name=\"robots\" content=\"index, follow, max-snippet:-1, max-image-preview:large, max-video-preview:-1\" \/>\n<link rel=\"canonical\" href=\"https:\/\/news.ecclesia.org.br\/?p=3798\" \/>\n<meta property=\"og:locale\" content=\"pt_BR\" \/>\n<meta property=\"og:type\" content=\"article\" \/>\n<meta property=\"og:title\" content=\"\u00abHino Akathistos\u00bb \u00e9 celebrado na Catedral de Buenos Aires | ECCLESIA NEWS\" \/>\n<meta property=\"og:description\" content=\"BUENOS AIRES, Argentina, 23 de mar\u00e7o de 2010 [www.ortodoxia.org] A primeira celebra\u00e7\u00e3o oficial \u00abHino Akathistos\u00bb foi presidida pelo Rev.mo\u00a0 Mons. \u00a0Iosif Bosch na Catedral da Dormi\u00e7\u00e3o da Theotokos (M\u00e3e de Deus) em Buenos Aires, \u00a0j\u00e1 no uso de suas novas&#8230;\" \/>\n<meta property=\"og:url\" content=\"https:\/\/news.ecclesia.org.br\/?p=3798\" \/>\n<meta property=\"og:site_name\" content=\"ECCLESIA NEWS\" \/>\n<meta property=\"article:publisher\" content=\"https:\/\/www.facebook.com\/Ecclesia2025\" \/>\n<meta property=\"article:published_time\" content=\"2010-03-24T03:46:15+00:00\" \/>\n<meta property=\"article:modified_time\" content=\"2016-03-19T03:47:53+00:00\" \/>\n<meta property=\"og:image\" content=\"https:\/\/news.ecclesia.org.br\/wp-content\/uploads\/2013\/04\/dom-iosif-1.jpg\" \/>\n\t<meta property=\"og:image:width\" content=\"640\" \/>\n\t<meta property=\"og:image:height\" content=\"449\" \/>\n\t<meta property=\"og:image:type\" content=\"image\/jpeg\" \/>\n<meta name=\"author\" content=\"Pe. Andr\u00e9\" \/>\n<meta name=\"twitter:card\" content=\"summary_large_image\" \/>\n<meta name=\"twitter:creator\" content=\"@EcclesiaNews\" \/>\n<meta name=\"twitter:site\" content=\"@EcclesiaNews\" \/>\n<meta name=\"twitter:label1\" content=\"Escrito por\" \/>\n\t<meta name=\"twitter:data1\" content=\"Pe. Andr\u00e9\" \/>\n\t<meta name=\"twitter:label2\" content=\"Est. tempo de leitura\" \/>\n\t<meta name=\"twitter:data2\" content=\"4 minutos\" \/>\n<script type=\"application\/ld+json\" class=\"yoast-schema-graph\">{\"@context\":\"https:\\\/\\\/schema.org\",\"@graph\":[{\"@type\":\"Article\",\"@id\":\"https:\\\/\\\/news.ecclesia.org.br\\\/?p=3798#article\",\"isPartOf\":{\"@id\":\"https:\\\/\\\/news.ecclesia.org.br\\\/?p=3798\"},\"author\":{\"name\":\"Pe. Andr\u00e9\",\"@id\":\"https:\\\/\\\/news.ecclesia.org.br\\\/#\\\/schema\\\/person\\\/6f09597f025829745ba414a569f63758\"},\"headline\":\"\u00abHino Akathistos\u00bb \u00e9 celebrado na Catedral de Buenos Aires\",\"datePublished\":\"2010-03-24T03:46:15+00:00\",\"dateModified\":\"2016-03-19T03:47:53+00:00\",\"mainEntityOfPage\":{\"@id\":\"https:\\\/\\\/news.ecclesia.org.br\\\/?p=3798\"},\"wordCount\":907,\"commentCount\":0,\"publisher\":{\"@id\":\"https:\\\/\\\/news.ecclesia.org.br\\\/#organization\"},\"image\":{\"@id\":\"https:\\\/\\\/news.ecclesia.org.br\\\/?p=3798#primaryimage\"},\"thumbnailUrl\":\"https:\\\/\\\/news.ecclesia.org.br\\\/wp-content\\\/uploads\\\/2013\\\/04\\\/dom-iosif-1.jpg\",\"articleSection\":[\"NEWS\"],\"inLanguage\":\"pt-BR\",\"potentialAction\":[{\"@type\":\"CommentAction\",\"name\":\"Comment\",\"target\":[\"https:\\\/\\\/news.ecclesia.org.br\\\/?p=3798#respond\"]}]},{\"@type\":\"WebPage\",\"@id\":\"https:\\\/\\\/news.ecclesia.org.br\\\/?p=3798\",\"url\":\"https:\\\/\\\/news.ecclesia.org.br\\\/?p=3798\",\"name\":\"\u00abHino Akathistos\u00bb \u00e9 celebrado na Catedral de Buenos Aires | ECCLESIA NEWS\",\"isPartOf\":{\"@id\":\"https:\\\/\\\/news.ecclesia.org.br\\\/#website\"},\"primaryImageOfPage\":{\"@id\":\"https:\\\/\\\/news.ecclesia.org.br\\\/?p=3798#primaryimage\"},\"image\":{\"@id\":\"https:\\\/\\\/news.ecclesia.org.br\\\/?p=3798#primaryimage\"},\"thumbnailUrl\":\"https:\\\/\\\/news.ecclesia.org.br\\\/wp-content\\\/uploads\\\/2013\\\/04\\\/dom-iosif-1.jpg\",\"datePublished\":\"2010-03-24T03:46:15+00:00\",\"dateModified\":\"2016-03-19T03:47:53+00:00\",\"breadcrumb\":{\"@id\":\"https:\\\/\\\/news.ecclesia.org.br\\\/?p=3798#breadcrumb\"},\"inLanguage\":\"pt-BR\",\"potentialAction\":[{\"@type\":\"ReadAction\",\"target\":[\"https:\\\/\\\/news.ecclesia.org.br\\\/?p=3798\"]}]},{\"@type\":\"ImageObject\",\"inLanguage\":\"pt-BR\",\"@id\":\"https:\\\/\\\/news.ecclesia.org.br\\\/?p=3798#primaryimage\",\"url\":\"https:\\\/\\\/news.ecclesia.org.br\\\/wp-content\\\/uploads\\\/2013\\\/04\\\/dom-iosif-1.jpg\",\"contentUrl\":\"https:\\\/\\\/news.ecclesia.org.br\\\/wp-content\\\/uploads\\\/2013\\\/04\\\/dom-iosif-1.jpg\",\"width\":640,\"height\":449},{\"@type\":\"BreadcrumbList\",\"@id\":\"https:\\\/\\\/news.ecclesia.org.br\\\/?p=3798#breadcrumb\",\"itemListElement\":[{\"@type\":\"ListItem\",\"position\":1,\"name\":\"In\u00edcio\",\"item\":\"https:\\\/\\\/news.ecclesia.org.br\\\/\"},{\"@type\":\"ListItem\",\"position\":2,\"name\":\"\u00abHino Akathistos\u00bb \u00e9 celebrado na Catedral de Buenos Aires\"}]},{\"@type\":\"WebSite\",\"@id\":\"https:\\\/\\\/news.ecclesia.org.br\\\/#website\",\"url\":\"https:\\\/\\\/news.ecclesia.org.br\\\/\",\"name\":\"Ecclesia Brasil\",\"description\":\"Desde 2003 onectando o Brasil ao mundo ortodoxo!\",\"publisher\":{\"@id\":\"https:\\\/\\\/news.ecclesia.org.br\\\/#organization\"},\"alternateName\":\"Ecclesia\",\"potentialAction\":[{\"@type\":\"SearchAction\",\"target\":{\"@type\":\"EntryPoint\",\"urlTemplate\":\"https:\\\/\\\/news.ecclesia.org.br\\\/?s={search_term_string}\"},\"query-input\":{\"@type\":\"PropertyValueSpecification\",\"valueRequired\":true,\"valueName\":\"search_term_string\"}}],\"inLanguage\":\"pt-BR\"},{\"@type\":\"Organization\",\"@id\":\"https:\\\/\\\/news.ecclesia.org.br\\\/#organization\",\"name\":\"Sacra Arquidiocese de Buenos Aires e Am\u00e9rica do Sul | Patriarcado Ecum\u00eanico\",\"alternateName\":\"News Ecclesia Brasil\",\"url\":\"https:\\\/\\\/news.ecclesia.org.br\\\/\",\"logo\":{\"@type\":\"ImageObject\",\"inLanguage\":\"pt-BR\",\"@id\":\"https:\\\/\\\/news.ecclesia.org.br\\\/#\\\/schema\\\/logo\\\/image\\\/\",\"url\":\"https:\\\/\\\/news.ecclesia.org.br\\\/wp-content\\\/uploads\\\/2025\\\/05\\\/ecclesia2.png\",\"contentUrl\":\"https:\\\/\\\/news.ecclesia.org.br\\\/wp-content\\\/uploads\\\/2025\\\/05\\\/ecclesia2.png\",\"width\":480,\"height\":120,\"caption\":\"Sacra Arquidiocese de Buenos Aires e Am\u00e9rica do Sul | Patriarcado Ecum\u00eanico\"},\"image\":{\"@id\":\"https:\\\/\\\/news.ecclesia.org.br\\\/#\\\/schema\\\/logo\\\/image\\\/\"},\"sameAs\":[\"https:\\\/\\\/www.facebook.com\\\/Ecclesia2025\",\"https:\\\/\\\/x.com\\\/EcclesiaNews\",\"https:\\\/\\\/br.pinterest.com\\\/ekklisia\\\/\",\"https:\\\/\\\/www.youtube.com\\\/@EcclesiaBrasil\"]},{\"@type\":\"Person\",\"@id\":\"https:\\\/\\\/news.ecclesia.org.br\\\/#\\\/schema\\\/person\\\/6f09597f025829745ba414a569f63758\",\"name\":\"Pe. Andr\u00e9\",\"image\":{\"@type\":\"ImageObject\",\"inLanguage\":\"pt-BR\",\"@id\":\"https:\\\/\\\/secure.gravatar.com\\\/avatar\\\/b4327cfa27e9799da239a26adcd534fc29cdc0c4a4a148eecbcfeb9b42c617ac?s=96&d=mm&r=g\",\"url\":\"https:\\\/\\\/secure.gravatar.com\\\/avatar\\\/b4327cfa27e9799da239a26adcd534fc29cdc0c4a4a148eecbcfeb9b42c617ac?s=96&d=mm&r=g\",\"contentUrl\":\"https:\\\/\\\/secure.gravatar.com\\\/avatar\\\/b4327cfa27e9799da239a26adcd534fc29cdc0c4a4a148eecbcfeb9b42c617ac?s=96&d=mm&r=g\",\"caption\":\"Pe. Andr\u00e9\"},\"sameAs\":[\"https:\\\/\\\/www.ecclesia.org.br\"]}]}<\/script>\n<!-- \/ Yoast SEO plugin. -->","yoast_head_json":{"title":"\u00abHino Akathistos\u00bb \u00e9 celebrado na Catedral de Buenos Aires | ECCLESIA NEWS","robots":{"index":"index","follow":"follow","max-snippet":"max-snippet:-1","max-image-preview":"max-image-preview:large","max-video-preview":"max-video-preview:-1"},"canonical":"https:\/\/news.ecclesia.org.br\/?p=3798","og_locale":"pt_BR","og_type":"article","og_title":"\u00abHino Akathistos\u00bb \u00e9 celebrado na Catedral de Buenos Aires | ECCLESIA NEWS","og_description":"BUENOS AIRES, Argentina, 23 de mar\u00e7o de 2010 [www.ortodoxia.org] A primeira celebra\u00e7\u00e3o oficial \u00abHino Akathistos\u00bb foi presidida pelo Rev.mo\u00a0 Mons. \u00a0Iosif Bosch na Catedral da Dormi\u00e7\u00e3o da Theotokos (M\u00e3e de Deus) em Buenos Aires, \u00a0j\u00e1 no uso de suas novas&#8230;","og_url":"https:\/\/news.ecclesia.org.br\/?p=3798","og_site_name":"ECCLESIA NEWS","article_publisher":"https:\/\/www.facebook.com\/Ecclesia2025","article_published_time":"2010-03-24T03:46:15+00:00","article_modified_time":"2016-03-19T03:47:53+00:00","og_image":[{"width":640,"height":449,"url":"https:\/\/news.ecclesia.org.br\/wp-content\/uploads\/2013\/04\/dom-iosif-1.jpg","type":"image\/jpeg"}],"author":"Pe. Andr\u00e9","twitter_card":"summary_large_image","twitter_creator":"@EcclesiaNews","twitter_site":"@EcclesiaNews","twitter_misc":{"Escrito por":"Pe. Andr\u00e9","Est. tempo de leitura":"4 minutos"},"schema":{"@context":"https:\/\/schema.org","@graph":[{"@type":"Article","@id":"https:\/\/news.ecclesia.org.br\/?p=3798#article","isPartOf":{"@id":"https:\/\/news.ecclesia.org.br\/?p=3798"},"author":{"name":"Pe. Andr\u00e9","@id":"https:\/\/news.ecclesia.org.br\/#\/schema\/person\/6f09597f025829745ba414a569f63758"},"headline":"\u00abHino Akathistos\u00bb \u00e9 celebrado na Catedral de Buenos Aires","datePublished":"2010-03-24T03:46:15+00:00","dateModified":"2016-03-19T03:47:53+00:00","mainEntityOfPage":{"@id":"https:\/\/news.ecclesia.org.br\/?p=3798"},"wordCount":907,"commentCount":0,"publisher":{"@id":"https:\/\/news.ecclesia.org.br\/#organization"},"image":{"@id":"https:\/\/news.ecclesia.org.br\/?p=3798#primaryimage"},"thumbnailUrl":"https:\/\/news.ecclesia.org.br\/wp-content\/uploads\/2013\/04\/dom-iosif-1.jpg","articleSection":["NEWS"],"inLanguage":"pt-BR","potentialAction":[{"@type":"CommentAction","name":"Comment","target":["https:\/\/news.ecclesia.org.br\/?p=3798#respond"]}]},{"@type":"WebPage","@id":"https:\/\/news.ecclesia.org.br\/?p=3798","url":"https:\/\/news.ecclesia.org.br\/?p=3798","name":"\u00abHino Akathistos\u00bb \u00e9 celebrado na Catedral de Buenos Aires | ECCLESIA NEWS","isPartOf":{"@id":"https:\/\/news.ecclesia.org.br\/#website"},"primaryImageOfPage":{"@id":"https:\/\/news.ecclesia.org.br\/?p=3798#primaryimage"},"image":{"@id":"https:\/\/news.ecclesia.org.br\/?p=3798#primaryimage"},"thumbnailUrl":"https:\/\/news.ecclesia.org.br\/wp-content\/uploads\/2013\/04\/dom-iosif-1.jpg","datePublished":"2010-03-24T03:46:15+00:00","dateModified":"2016-03-19T03:47:53+00:00","breadcrumb":{"@id":"https:\/\/news.ecclesia.org.br\/?p=3798#breadcrumb"},"inLanguage":"pt-BR","potentialAction":[{"@type":"ReadAction","target":["https:\/\/news.ecclesia.org.br\/?p=3798"]}]},{"@type":"ImageObject","inLanguage":"pt-BR","@id":"https:\/\/news.ecclesia.org.br\/?p=3798#primaryimage","url":"https:\/\/news.ecclesia.org.br\/wp-content\/uploads\/2013\/04\/dom-iosif-1.jpg","contentUrl":"https:\/\/news.ecclesia.org.br\/wp-content\/uploads\/2013\/04\/dom-iosif-1.jpg","width":640,"height":449},{"@type":"BreadcrumbList","@id":"https:\/\/news.ecclesia.org.br\/?p=3798#breadcrumb","itemListElement":[{"@type":"ListItem","position":1,"name":"In\u00edcio","item":"https:\/\/news.ecclesia.org.br\/"},{"@type":"ListItem","position":2,"name":"\u00abHino Akathistos\u00bb \u00e9 celebrado na Catedral de Buenos Aires"}]},{"@type":"WebSite","@id":"https:\/\/news.ecclesia.org.br\/#website","url":"https:\/\/news.ecclesia.org.br\/","name":"Ecclesia Brasil","description":"Desde 2003 onectando o Brasil ao mundo ortodoxo!","publisher":{"@id":"https:\/\/news.ecclesia.org.br\/#organization"},"alternateName":"Ecclesia","potentialAction":[{"@type":"SearchAction","target":{"@type":"EntryPoint","urlTemplate":"https:\/\/news.ecclesia.org.br\/?s={search_term_string}"},"query-input":{"@type":"PropertyValueSpecification","valueRequired":true,"valueName":"search_term_string"}}],"inLanguage":"pt-BR"},{"@type":"Organization","@id":"https:\/\/news.ecclesia.org.br\/#organization","name":"Sacra Arquidiocese de Buenos Aires e Am\u00e9rica do Sul | Patriarcado Ecum\u00eanico","alternateName":"News Ecclesia Brasil","url":"https:\/\/news.ecclesia.org.br\/","logo":{"@type":"ImageObject","inLanguage":"pt-BR","@id":"https:\/\/news.ecclesia.org.br\/#\/schema\/logo\/image\/","url":"https:\/\/news.ecclesia.org.br\/wp-content\/uploads\/2025\/05\/ecclesia2.png","contentUrl":"https:\/\/news.ecclesia.org.br\/wp-content\/uploads\/2025\/05\/ecclesia2.png","width":480,"height":120,"caption":"Sacra Arquidiocese de Buenos Aires e Am\u00e9rica do Sul | Patriarcado Ecum\u00eanico"},"image":{"@id":"https:\/\/news.ecclesia.org.br\/#\/schema\/logo\/image\/"},"sameAs":["https:\/\/www.facebook.com\/Ecclesia2025","https:\/\/x.com\/EcclesiaNews","https:\/\/br.pinterest.com\/ekklisia\/","https:\/\/www.youtube.com\/@EcclesiaBrasil"]},{"@type":"Person","@id":"https:\/\/news.ecclesia.org.br\/#\/schema\/person\/6f09597f025829745ba414a569f63758","name":"Pe. Andr\u00e9","image":{"@type":"ImageObject","inLanguage":"pt-BR","@id":"https:\/\/secure.gravatar.com\/avatar\/b4327cfa27e9799da239a26adcd534fc29cdc0c4a4a148eecbcfeb9b42c617ac?s=96&d=mm&r=g","url":"https:\/\/secure.gravatar.com\/avatar\/b4327cfa27e9799da239a26adcd534fc29cdc0c4a4a148eecbcfeb9b42c617ac?s=96&d=mm&r=g","contentUrl":"https:\/\/secure.gravatar.com\/avatar\/b4327cfa27e9799da239a26adcd534fc29cdc0c4a4a148eecbcfeb9b42c617ac?s=96&d=mm&r=g","caption":"Pe. Andr\u00e9"},"sameAs":["https:\/\/www.ecclesia.org.br"]}]}},"_links":{"self":[{"href":"https:\/\/news.ecclesia.org.br\/index.php?rest_route=\/wp\/v2\/posts\/3798","targetHints":{"allow":["GET"]}}],"collection":[{"href":"https:\/\/news.ecclesia.org.br\/index.php?rest_route=\/wp\/v2\/posts"}],"about":[{"href":"https:\/\/news.ecclesia.org.br\/index.php?rest_route=\/wp\/v2\/types\/post"}],"author":[{"embeddable":true,"href":"https:\/\/news.ecclesia.org.br\/index.php?rest_route=\/wp\/v2\/users\/1"}],"replies":[{"embeddable":true,"href":"https:\/\/news.ecclesia.org.br\/index.php?rest_route=%2Fwp%2Fv2%2Fcomments&post=3798"}],"version-history":[{"count":0,"href":"https:\/\/news.ecclesia.org.br\/index.php?rest_route=\/wp\/v2\/posts\/3798\/revisions"}],"wp:featuredmedia":[{"embeddable":true,"href":"https:\/\/news.ecclesia.org.br\/index.php?rest_route=\/wp\/v2\/media\/6332"}],"wp:attachment":[{"href":"https:\/\/news.ecclesia.org.br\/index.php?rest_route=%2Fwp%2Fv2%2Fmedia&parent=3798"}],"wp:term":[{"taxonomy":"category","embeddable":true,"href":"https:\/\/news.ecclesia.org.br\/index.php?rest_route=%2Fwp%2Fv2%2Fcategories&post=3798"},{"taxonomy":"post_tag","embeddable":true,"href":"https:\/\/news.ecclesia.org.br\/index.php?rest_route=%2Fwp%2Fv2%2Ftags&post=3798"}],"curies":[{"name":"wp","href":"https:\/\/api.w.org\/{rel}","templated":true}]}}