{"id":3794,"date":"2010-03-24T00:50:33","date_gmt":"2010-03-24T02:50:33","guid":{"rendered":"http:\/\/www.ecclesia.com.br\/news\/?p=3794"},"modified":"2020-05-31T18:04:01","modified_gmt":"2020-05-31T18:04:01","slug":"arquidiocese-participa-da-reuniao-das-instituicoes-helenicas-da-argentina","status":"publish","type":"post","link":"https:\/\/news.ecclesia.org.br\/?p=3794","title":{"rendered":"Arquidiocese participa da reuni\u00e3o das institui\u00e7\u00f5es Hel\u00eanicas da Argentina"},"content":{"rendered":"<p style=\"text-align: justify;\">BUENOS AIRES, Argentina, 23 de mar\u00e7o de 2010 [<a href=\"http:\/\/www.ortodoxia.org.br\" target=\"_blank\" rel=\"noopener noreferrer\">www.ortodoxia.org.br<\/a>] No \u00faltimo s\u00e1bado, dia 20 de mar\u00e7o, foi realizada a segunda jornada de trabalhos da primeira reuni\u00e3o de representantes das comunidades e institui\u00e7\u00f5es Hel\u00eanicas da Argentina, convocadas pela embaixada da Gr\u00e9cia neste pa\u00eds.\u00a0O evento teve lugar nas instala\u00e7\u00f5es da embaixada e foi presidido por Sua Excel\u00eancia o Senhor Embaixador,\u00a0Sr. Michael B.\u00a0Christides, contando com a presen\u00e7a de presidentes e delegados de todas as entidades e coletividades Hel\u00eanicas da Argentina; participou tamb\u00e9m do encontro o Coordenador do Conselho de gregos no Exterior (SAE) Sr. Nikiforos Nicolaides.\u00a0 O Sr. Arcebispo Metropolitano Dom Tar\u00e1sios, estando em viagem \u00e0 Constantinopla onde participava da primeira reuni\u00e3o do S\u00ednodo, fez-se representar pelo Rev.mo\u00a0Mons. Iosif Bosch, Vig\u00e1rio Geral da Arquidiocese.\u00a0Durante o encontro, os convidados foram informados pelo conselheiro da Educa\u00e7\u00e3o para Am\u00e9rica Latina, Sr. Georgios Pappas, sobre as fun\u00e7\u00f5es da rec\u00e9m-criada \u00abFunda\u00e7\u00e3o Hel\u00eanica\u00bb, que conta com o ausp\u00edcio da embaixada e funcionar\u00e1 no estabelecimento institucional da coletividade Hel\u00eanica Buenos Aires.\u00a0Por sua vez, o vig\u00e1rio-geral, reunido com todos os presidentes, apresentou uma vis\u00e3o geral sobre a organiza\u00e7\u00e3o institucional e hier\u00e1rquica da Arquidiocese, bem como suas perspectivas, programas e projetos e, de igual modo, das necessidades da Arquidiocese.\u00a0A encarregada de neg\u00f3cios da embaixada, por sua vez, tomou a palavra para esclarecer a atual situa\u00e7\u00e3o econ\u00f4mica prevalecente na Rep\u00fablica Hel\u00eanica e incentivar as rela\u00e7\u00f5es comerciais entre ambas as na\u00e7\u00f5es.<\/p>\n","protected":false},"excerpt":{"rendered":"<p>BUENOS AIRES, Argentina, 23 de mar\u00e7o de 2010 [www.ortodoxia.org.br] No \u00faltimo s\u00e1bado, dia 20 de mar\u00e7o, foi realizada a segunda jornada de trabalhos da primeira reuni\u00e3o de representantes das comunidades e institui\u00e7\u00f5es Hel\u00eanicas da Argentina, convocadas pela embaixada da Gr\u00e9cia&#8230;<\/p>\n","protected":false},"author":1,"featured_media":15392,"comment_status":"open","ping_status":"open","sticky":false,"template":"","format":"standard","meta":{"_acf_changed":false,"footnotes":""},"categories":[40],"tags":[],"class_list":["post-3794","post","type-post","status-publish","format-standard","has-post-thumbnail","hentry","category-arquidiocese-de-buenos-aires-e-america-do-sul","entry","rows-excerpt"],"acf":[],"yoast_head":"<!-- This site is optimized with the Yoast SEO plugin v27.5 - https:\/\/yoast.com\/product\/yoast-seo-wordpress\/ -->\n<title>Arquidiocese participa da reuni\u00e3o das institui\u00e7\u00f5es Hel\u00eanicas da Argentina | ECCLESIA NEWS<\/title>\n<meta name=\"robots\" content=\"index, follow, max-snippet:-1, max-image-preview:large, max-video-preview:-1\" \/>\n<link rel=\"canonical\" href=\"https:\/\/news.ecclesia.org.br\/?p=3794\" \/>\n<meta property=\"og:locale\" content=\"pt_BR\" \/>\n<meta property=\"og:type\" content=\"article\" \/>\n<meta property=\"og:title\" content=\"Arquidiocese participa da reuni\u00e3o das institui\u00e7\u00f5es Hel\u00eanicas da Argentina | ECCLESIA NEWS\" \/>\n<meta property=\"og:description\" content=\"BUENOS AIRES, Argentina, 23 de mar\u00e7o de 2010 [www.ortodoxia.org.br] No \u00faltimo s\u00e1bado, dia 20 de mar\u00e7o, foi realizada a segunda jornada de trabalhos da primeira reuni\u00e3o de representantes das comunidades e institui\u00e7\u00f5es Hel\u00eanicas da Argentina, convocadas pela embaixada da Gr\u00e9cia&#8230;\" \/>\n<meta property=\"og:url\" content=\"https:\/\/news.ecclesia.org.br\/?p=3794\" \/>\n<meta property=\"og:site_name\" content=\"ECCLESIA NEWS\" \/>\n<meta property=\"article:publisher\" content=\"https:\/\/www.facebook.com\/Ecclesia2025\" \/>\n<meta property=\"article:published_time\" content=\"2010-03-24T02:50:33+00:00\" \/>\n<meta property=\"article:modified_time\" content=\"2020-05-31T18:04:01+00:00\" \/>\n<meta property=\"og:image\" content=\"https:\/\/news.ecclesia.org.br\/wp-content\/uploads\/2010\/03\/embaixada-grega-argentina.jpg\" \/>\n\t<meta property=\"og:image:width\" content=\"240\" \/>\n\t<meta property=\"og:image:height\" content=\"173\" \/>\n\t<meta property=\"og:image:type\" content=\"image\/jpeg\" \/>\n<meta name=\"author\" content=\"Pe. Andr\u00e9\" \/>\n<meta name=\"twitter:card\" content=\"summary_large_image\" \/>\n<meta name=\"twitter:creator\" content=\"@EcclesiaNews\" \/>\n<meta name=\"twitter:site\" content=\"@EcclesiaNews\" \/>\n<meta name=\"twitter:label1\" content=\"Escrito por\" \/>\n\t<meta name=\"twitter:data1\" content=\"Pe. Andr\u00e9\" \/>\n\t<meta name=\"twitter:label2\" content=\"Est. tempo de leitura\" \/>\n\t<meta name=\"twitter:data2\" content=\"1 minuto\" \/>\n<script type=\"application\/ld+json\" class=\"yoast-schema-graph\">{\"@context\":\"https:\\\/\\\/schema.org\",\"@graph\":[{\"@type\":\"Article\",\"@id\":\"https:\\\/\\\/news.ecclesia.org.br\\\/?p=3794#article\",\"isPartOf\":{\"@id\":\"https:\\\/\\\/news.ecclesia.org.br\\\/?p=3794\"},\"author\":{\"name\":\"Pe. Andr\u00e9\",\"@id\":\"https:\\\/\\\/news.ecclesia.org.br\\\/#\\\/schema\\\/person\\\/6f09597f025829745ba414a569f63758\"},\"headline\":\"Arquidiocese participa da reuni\u00e3o das institui\u00e7\u00f5es Hel\u00eanicas da Argentina\",\"datePublished\":\"2010-03-24T02:50:33+00:00\",\"dateModified\":\"2020-05-31T18:04:01+00:00\",\"mainEntityOfPage\":{\"@id\":\"https:\\\/\\\/news.ecclesia.org.br\\\/?p=3794\"},\"wordCount\":282,\"commentCount\":0,\"publisher\":{\"@id\":\"https:\\\/\\\/news.ecclesia.org.br\\\/#organization\"},\"image\":{\"@id\":\"https:\\\/\\\/news.ecclesia.org.br\\\/?p=3794#primaryimage\"},\"thumbnailUrl\":\"https:\\\/\\\/news.ecclesia.org.br\\\/wp-content\\\/uploads\\\/2010\\\/03\\\/embaixada-grega-argentina.jpg\",\"articleSection\":[\"Arquidiocese de Buenos Aires e Am\u00e9rica do Sul\"],\"inLanguage\":\"pt-BR\",\"potentialAction\":[{\"@type\":\"CommentAction\",\"name\":\"Comment\",\"target\":[\"https:\\\/\\\/news.ecclesia.org.br\\\/?p=3794#respond\"]}]},{\"@type\":\"WebPage\",\"@id\":\"https:\\\/\\\/news.ecclesia.org.br\\\/?p=3794\",\"url\":\"https:\\\/\\\/news.ecclesia.org.br\\\/?p=3794\",\"name\":\"Arquidiocese participa da reuni\u00e3o das institui\u00e7\u00f5es Hel\u00eanicas da Argentina | ECCLESIA NEWS\",\"isPartOf\":{\"@id\":\"https:\\\/\\\/news.ecclesia.org.br\\\/#website\"},\"primaryImageOfPage\":{\"@id\":\"https:\\\/\\\/news.ecclesia.org.br\\\/?p=3794#primaryimage\"},\"image\":{\"@id\":\"https:\\\/\\\/news.ecclesia.org.br\\\/?p=3794#primaryimage\"},\"thumbnailUrl\":\"https:\\\/\\\/news.ecclesia.org.br\\\/wp-content\\\/uploads\\\/2010\\\/03\\\/embaixada-grega-argentina.jpg\",\"datePublished\":\"2010-03-24T02:50:33+00:00\",\"dateModified\":\"2020-05-31T18:04:01+00:00\",\"breadcrumb\":{\"@id\":\"https:\\\/\\\/news.ecclesia.org.br\\\/?p=3794#breadcrumb\"},\"inLanguage\":\"pt-BR\",\"potentialAction\":[{\"@type\":\"ReadAction\",\"target\":[\"https:\\\/\\\/news.ecclesia.org.br\\\/?p=3794\"]}]},{\"@type\":\"ImageObject\",\"inLanguage\":\"pt-BR\",\"@id\":\"https:\\\/\\\/news.ecclesia.org.br\\\/?p=3794#primaryimage\",\"url\":\"https:\\\/\\\/news.ecclesia.org.br\\\/wp-content\\\/uploads\\\/2010\\\/03\\\/embaixada-grega-argentina.jpg\",\"contentUrl\":\"https:\\\/\\\/news.ecclesia.org.br\\\/wp-content\\\/uploads\\\/2010\\\/03\\\/embaixada-grega-argentina.jpg\",\"width\":240,\"height\":173},{\"@type\":\"BreadcrumbList\",\"@id\":\"https:\\\/\\\/news.ecclesia.org.br\\\/?p=3794#breadcrumb\",\"itemListElement\":[{\"@type\":\"ListItem\",\"position\":1,\"name\":\"In\u00edcio\",\"item\":\"https:\\\/\\\/news.ecclesia.org.br\\\/\"},{\"@type\":\"ListItem\",\"position\":2,\"name\":\"Arquidiocese participa da reuni\u00e3o das institui\u00e7\u00f5es Hel\u00eanicas da Argentina\"}]},{\"@type\":\"WebSite\",\"@id\":\"https:\\\/\\\/news.ecclesia.org.br\\\/#website\",\"url\":\"https:\\\/\\\/news.ecclesia.org.br\\\/\",\"name\":\"Ecclesia Brasil\",\"description\":\"Desde 2003 onectando o Brasil ao mundo ortodoxo!\",\"publisher\":{\"@id\":\"https:\\\/\\\/news.ecclesia.org.br\\\/#organization\"},\"alternateName\":\"Ecclesia\",\"potentialAction\":[{\"@type\":\"SearchAction\",\"target\":{\"@type\":\"EntryPoint\",\"urlTemplate\":\"https:\\\/\\\/news.ecclesia.org.br\\\/?s={search_term_string}\"},\"query-input\":{\"@type\":\"PropertyValueSpecification\",\"valueRequired\":true,\"valueName\":\"search_term_string\"}}],\"inLanguage\":\"pt-BR\"},{\"@type\":\"Organization\",\"@id\":\"https:\\\/\\\/news.ecclesia.org.br\\\/#organization\",\"name\":\"Sacra Arquidiocese de Buenos Aires e Am\u00e9rica do Sul | Patriarcado Ecum\u00eanico\",\"alternateName\":\"News Ecclesia Brasil\",\"url\":\"https:\\\/\\\/news.ecclesia.org.br\\\/\",\"logo\":{\"@type\":\"ImageObject\",\"inLanguage\":\"pt-BR\",\"@id\":\"https:\\\/\\\/news.ecclesia.org.br\\\/#\\\/schema\\\/logo\\\/image\\\/\",\"url\":\"https:\\\/\\\/news.ecclesia.org.br\\\/wp-content\\\/uploads\\\/2025\\\/05\\\/ecclesia2.png\",\"contentUrl\":\"https:\\\/\\\/news.ecclesia.org.br\\\/wp-content\\\/uploads\\\/2025\\\/05\\\/ecclesia2.png\",\"width\":480,\"height\":120,\"caption\":\"Sacra Arquidiocese de Buenos Aires e Am\u00e9rica do Sul | Patriarcado Ecum\u00eanico\"},\"image\":{\"@id\":\"https:\\\/\\\/news.ecclesia.org.br\\\/#\\\/schema\\\/logo\\\/image\\\/\"},\"sameAs\":[\"https:\\\/\\\/www.facebook.com\\\/Ecclesia2025\",\"https:\\\/\\\/x.com\\\/EcclesiaNews\",\"https:\\\/\\\/br.pinterest.com\\\/ekklisia\\\/\",\"https:\\\/\\\/www.youtube.com\\\/@EcclesiaBrasil\"]},{\"@type\":\"Person\",\"@id\":\"https:\\\/\\\/news.ecclesia.org.br\\\/#\\\/schema\\\/person\\\/6f09597f025829745ba414a569f63758\",\"name\":\"Pe. Andr\u00e9\",\"image\":{\"@type\":\"ImageObject\",\"inLanguage\":\"pt-BR\",\"@id\":\"https:\\\/\\\/secure.gravatar.com\\\/avatar\\\/b4327cfa27e9799da239a26adcd534fc29cdc0c4a4a148eecbcfeb9b42c617ac?s=96&d=mm&r=g\",\"url\":\"https:\\\/\\\/secure.gravatar.com\\\/avatar\\\/b4327cfa27e9799da239a26adcd534fc29cdc0c4a4a148eecbcfeb9b42c617ac?s=96&d=mm&r=g\",\"contentUrl\":\"https:\\\/\\\/secure.gravatar.com\\\/avatar\\\/b4327cfa27e9799da239a26adcd534fc29cdc0c4a4a148eecbcfeb9b42c617ac?s=96&d=mm&r=g\",\"caption\":\"Pe. Andr\u00e9\"},\"sameAs\":[\"https:\\\/\\\/www.ecclesia.org.br\"]}]}<\/script>\n<!-- \/ Yoast SEO plugin. -->","yoast_head_json":{"title":"Arquidiocese participa da reuni\u00e3o das institui\u00e7\u00f5es Hel\u00eanicas da Argentina | ECCLESIA NEWS","robots":{"index":"index","follow":"follow","max-snippet":"max-snippet:-1","max-image-preview":"max-image-preview:large","max-video-preview":"max-video-preview:-1"},"canonical":"https:\/\/news.ecclesia.org.br\/?p=3794","og_locale":"pt_BR","og_type":"article","og_title":"Arquidiocese participa da reuni\u00e3o das institui\u00e7\u00f5es Hel\u00eanicas da Argentina | ECCLESIA NEWS","og_description":"BUENOS AIRES, Argentina, 23 de mar\u00e7o de 2010 [www.ortodoxia.org.br] No \u00faltimo s\u00e1bado, dia 20 de mar\u00e7o, foi realizada a segunda jornada de trabalhos da primeira reuni\u00e3o de representantes das comunidades e institui\u00e7\u00f5es Hel\u00eanicas da Argentina, convocadas pela embaixada da Gr\u00e9cia&#8230;","og_url":"https:\/\/news.ecclesia.org.br\/?p=3794","og_site_name":"ECCLESIA NEWS","article_publisher":"https:\/\/www.facebook.com\/Ecclesia2025","article_published_time":"2010-03-24T02:50:33+00:00","article_modified_time":"2020-05-31T18:04:01+00:00","og_image":[{"width":240,"height":173,"url":"https:\/\/news.ecclesia.org.br\/wp-content\/uploads\/2010\/03\/embaixada-grega-argentina.jpg","type":"image\/jpeg"}],"author":"Pe. Andr\u00e9","twitter_card":"summary_large_image","twitter_creator":"@EcclesiaNews","twitter_site":"@EcclesiaNews","twitter_misc":{"Escrito por":"Pe. Andr\u00e9","Est. tempo de leitura":"1 minuto"},"schema":{"@context":"https:\/\/schema.org","@graph":[{"@type":"Article","@id":"https:\/\/news.ecclesia.org.br\/?p=3794#article","isPartOf":{"@id":"https:\/\/news.ecclesia.org.br\/?p=3794"},"author":{"name":"Pe. Andr\u00e9","@id":"https:\/\/news.ecclesia.org.br\/#\/schema\/person\/6f09597f025829745ba414a569f63758"},"headline":"Arquidiocese participa da reuni\u00e3o das institui\u00e7\u00f5es Hel\u00eanicas da Argentina","datePublished":"2010-03-24T02:50:33+00:00","dateModified":"2020-05-31T18:04:01+00:00","mainEntityOfPage":{"@id":"https:\/\/news.ecclesia.org.br\/?p=3794"},"wordCount":282,"commentCount":0,"publisher":{"@id":"https:\/\/news.ecclesia.org.br\/#organization"},"image":{"@id":"https:\/\/news.ecclesia.org.br\/?p=3794#primaryimage"},"thumbnailUrl":"https:\/\/news.ecclesia.org.br\/wp-content\/uploads\/2010\/03\/embaixada-grega-argentina.jpg","articleSection":["Arquidiocese de Buenos Aires e Am\u00e9rica do Sul"],"inLanguage":"pt-BR","potentialAction":[{"@type":"CommentAction","name":"Comment","target":["https:\/\/news.ecclesia.org.br\/?p=3794#respond"]}]},{"@type":"WebPage","@id":"https:\/\/news.ecclesia.org.br\/?p=3794","url":"https:\/\/news.ecclesia.org.br\/?p=3794","name":"Arquidiocese participa da reuni\u00e3o das institui\u00e7\u00f5es Hel\u00eanicas da Argentina | ECCLESIA NEWS","isPartOf":{"@id":"https:\/\/news.ecclesia.org.br\/#website"},"primaryImageOfPage":{"@id":"https:\/\/news.ecclesia.org.br\/?p=3794#primaryimage"},"image":{"@id":"https:\/\/news.ecclesia.org.br\/?p=3794#primaryimage"},"thumbnailUrl":"https:\/\/news.ecclesia.org.br\/wp-content\/uploads\/2010\/03\/embaixada-grega-argentina.jpg","datePublished":"2010-03-24T02:50:33+00:00","dateModified":"2020-05-31T18:04:01+00:00","breadcrumb":{"@id":"https:\/\/news.ecclesia.org.br\/?p=3794#breadcrumb"},"inLanguage":"pt-BR","potentialAction":[{"@type":"ReadAction","target":["https:\/\/news.ecclesia.org.br\/?p=3794"]}]},{"@type":"ImageObject","inLanguage":"pt-BR","@id":"https:\/\/news.ecclesia.org.br\/?p=3794#primaryimage","url":"https:\/\/news.ecclesia.org.br\/wp-content\/uploads\/2010\/03\/embaixada-grega-argentina.jpg","contentUrl":"https:\/\/news.ecclesia.org.br\/wp-content\/uploads\/2010\/03\/embaixada-grega-argentina.jpg","width":240,"height":173},{"@type":"BreadcrumbList","@id":"https:\/\/news.ecclesia.org.br\/?p=3794#breadcrumb","itemListElement":[{"@type":"ListItem","position":1,"name":"In\u00edcio","item":"https:\/\/news.ecclesia.org.br\/"},{"@type":"ListItem","position":2,"name":"Arquidiocese participa da reuni\u00e3o das institui\u00e7\u00f5es Hel\u00eanicas da Argentina"}]},{"@type":"WebSite","@id":"https:\/\/news.ecclesia.org.br\/#website","url":"https:\/\/news.ecclesia.org.br\/","name":"Ecclesia Brasil","description":"Desde 2003 onectando o Brasil ao mundo ortodoxo!","publisher":{"@id":"https:\/\/news.ecclesia.org.br\/#organization"},"alternateName":"Ecclesia","potentialAction":[{"@type":"SearchAction","target":{"@type":"EntryPoint","urlTemplate":"https:\/\/news.ecclesia.org.br\/?s={search_term_string}"},"query-input":{"@type":"PropertyValueSpecification","valueRequired":true,"valueName":"search_term_string"}}],"inLanguage":"pt-BR"},{"@type":"Organization","@id":"https:\/\/news.ecclesia.org.br\/#organization","name":"Sacra Arquidiocese de Buenos Aires e Am\u00e9rica do Sul | Patriarcado Ecum\u00eanico","alternateName":"News Ecclesia Brasil","url":"https:\/\/news.ecclesia.org.br\/","logo":{"@type":"ImageObject","inLanguage":"pt-BR","@id":"https:\/\/news.ecclesia.org.br\/#\/schema\/logo\/image\/","url":"https:\/\/news.ecclesia.org.br\/wp-content\/uploads\/2025\/05\/ecclesia2.png","contentUrl":"https:\/\/news.ecclesia.org.br\/wp-content\/uploads\/2025\/05\/ecclesia2.png","width":480,"height":120,"caption":"Sacra Arquidiocese de Buenos Aires e Am\u00e9rica do Sul | Patriarcado Ecum\u00eanico"},"image":{"@id":"https:\/\/news.ecclesia.org.br\/#\/schema\/logo\/image\/"},"sameAs":["https:\/\/www.facebook.com\/Ecclesia2025","https:\/\/x.com\/EcclesiaNews","https:\/\/br.pinterest.com\/ekklisia\/","https:\/\/www.youtube.com\/@EcclesiaBrasil"]},{"@type":"Person","@id":"https:\/\/news.ecclesia.org.br\/#\/schema\/person\/6f09597f025829745ba414a569f63758","name":"Pe. Andr\u00e9","image":{"@type":"ImageObject","inLanguage":"pt-BR","@id":"https:\/\/secure.gravatar.com\/avatar\/b4327cfa27e9799da239a26adcd534fc29cdc0c4a4a148eecbcfeb9b42c617ac?s=96&d=mm&r=g","url":"https:\/\/secure.gravatar.com\/avatar\/b4327cfa27e9799da239a26adcd534fc29cdc0c4a4a148eecbcfeb9b42c617ac?s=96&d=mm&r=g","contentUrl":"https:\/\/secure.gravatar.com\/avatar\/b4327cfa27e9799da239a26adcd534fc29cdc0c4a4a148eecbcfeb9b42c617ac?s=96&d=mm&r=g","caption":"Pe. Andr\u00e9"},"sameAs":["https:\/\/www.ecclesia.org.br"]}]}},"_links":{"self":[{"href":"https:\/\/news.ecclesia.org.br\/index.php?rest_route=\/wp\/v2\/posts\/3794","targetHints":{"allow":["GET"]}}],"collection":[{"href":"https:\/\/news.ecclesia.org.br\/index.php?rest_route=\/wp\/v2\/posts"}],"about":[{"href":"https:\/\/news.ecclesia.org.br\/index.php?rest_route=\/wp\/v2\/types\/post"}],"author":[{"embeddable":true,"href":"https:\/\/news.ecclesia.org.br\/index.php?rest_route=\/wp\/v2\/users\/1"}],"replies":[{"embeddable":true,"href":"https:\/\/news.ecclesia.org.br\/index.php?rest_route=%2Fwp%2Fv2%2Fcomments&post=3794"}],"version-history":[{"count":0,"href":"https:\/\/news.ecclesia.org.br\/index.php?rest_route=\/wp\/v2\/posts\/3794\/revisions"}],"wp:featuredmedia":[{"embeddable":true,"href":"https:\/\/news.ecclesia.org.br\/index.php?rest_route=\/wp\/v2\/media\/15392"}],"wp:attachment":[{"href":"https:\/\/news.ecclesia.org.br\/index.php?rest_route=%2Fwp%2Fv2%2Fmedia&parent=3794"}],"wp:term":[{"taxonomy":"category","embeddable":true,"href":"https:\/\/news.ecclesia.org.br\/index.php?rest_route=%2Fwp%2Fv2%2Fcategories&post=3794"},{"taxonomy":"post_tag","embeddable":true,"href":"https:\/\/news.ecclesia.org.br\/index.php?rest_route=%2Fwp%2Fv2%2Ftags&post=3794"}],"curies":[{"name":"wp","href":"https:\/\/api.w.org\/{rel}","templated":true}]}}