{"id":3751,"date":"2010-03-18T20:38:49","date_gmt":"2010-03-18T22:38:49","guid":{"rendered":"http:\/\/www.ecclesia.com.br\/news\/?p=3751"},"modified":"2016-03-16T01:33:01","modified_gmt":"2016-03-16T01:33:01","slug":"fundacao-cultural-helenica-ja-esta-funcionando-em-buenos-aires-argentina","status":"publish","type":"post","link":"https:\/\/news.ecclesia.org.br\/?p=3751","title":{"rendered":"Funda\u00e7\u00e3o Cultural Hel\u00eanica ser\u00e1 inaugurada no pr\u00f3ximo dia 15 de abril, em Buenos Aires (Argentina)"},"content":{"rendered":"<p style=\"text-align: justify;\">Pela primeira vez, na Argentina, institui-se uma Funda\u00e7\u00e3o Cultural Hel\u00eanica oficial, sob o ausp\u00edcio da Embaixada da Gr\u00e9cia, organizada pelo Escrit\u00f3rio do Conselho de Educa\u00e7\u00e3o. Trata-se de uma funda\u00e7\u00e3o que tem como meta a proje\u00e7\u00e3o e a difus\u00e3o da cultura hel\u00eanica no pa\u00eds. Sua inaugura\u00e7\u00e3o est\u00e1 marcada para a segunda-feira, 15 de abril de 2010, \u00e0s 19:00h.<\/p>\n<p><strong>A FUNDA\u00c7\u00c3O HEL\u00caNICA PROMOVE OS SEGUINTES CURSOS:<\/strong><\/p>\n<ul class=\"unIndentedList\">\n<li>Idioma grego (quatro n\u00edveis, regulares e intensivos)<\/li>\n<li>Culin\u00e1ria grega<\/li>\n<li>Dan\u00e7as tradicionais gregas<\/li>\n<li>Teatro (para crian\u00e7as e adultos)<\/li>\n<\/ul>\n<p><strong>OS CURSOS T\u00caM DURA\u00c7\u00c3O DE UM ANO<\/strong><\/p>\n<ul class=\"unIndentedList\">\n<li>In\u00edcio das aulas: 12 de abril de 2010.<\/li>\n<li>Encerramento: 10 de dezembro de 2010.<\/li>\n<li>Obs.: as aulas ser\u00e3o interrompidas para recesso escolar (f\u00e9rias) entre 12 de julho e 08 de agosto.<\/li>\n<\/ul>\n<p><strong>OBJETIVOS DA FUNDA\u00c7\u00c3O:<\/strong><\/p>\n<ol style=\"text-align: justify;\">\n<li>Sistematizar o ensino do idioma grego em Buenos Aires de acordo com as normas internacionais para o ensino de idiomas estrangeiros. As aulas estar\u00e3o a cargo de professores enviados pelo Governo da Gr\u00e9cia.<\/li>\n<li>Reunir os que desejam conhecer a cultura e a l\u00edngua gregas, descendentes ou filo hel\u00eanicos. Assim, a Funda\u00e7\u00e3o se dirige a toda comunidade argentina.<\/li>\n<li>Aprofundar as pr\u00e1ticas do ensino do idioma grego como o segundo idioma estrangeiro no exterior.<\/li>\n<li>Levar ao conhecimento do p\u00fablico em geral as tradi\u00e7\u00f5es e costumes da Gr\u00e9cia.<\/li>\n<li>Possibilitar aos interessados contato com as dan\u00e7as tradicionais, o teatro e a gastronomia da Gr\u00e9cia.<\/li>\n<\/ol>\n<ul style=\"text-align: justify;\">\n<li><strong>Per\u00edodo de inscri\u00e7\u00f5es<\/strong>: De 15 de mar\u00e7o a 15 de abril de 2010. (Ser\u00e1 observada a ordem de prioridade)<\/li>\n<li>Mais informa\u00e7\u00f5es sobre dias e hor\u00e1rios dos cursos poder\u00e3o ser obtidas atrav\u00e9s do site do Escrit\u00f3rio de Educa\u00e7\u00e3o (<a href=\"http:\/\/latinamerica.world.sch.gr\" target=\"_blank\">http:\/\/latinamerica.world.sch.gr<\/a>), ou pelos telefones: 4811-3484 | 4811-4811 (ramais 125, 126).<\/li>\n<li>Interessados poder\u00e3o enviar seus dados atrav\u00e9s do e-mail: <a href=\"mailto:latinamerica@sch.gr\">latinamerica@sch.gr<\/a><\/li>\n<\/ul>\n<p style=\"text-align: justify;\">\n","protected":false},"excerpt":{"rendered":"<p>Pela primeira vez, na Argentina, institui-se uma Funda\u00e7\u00e3o Cultural Hel\u00eanica oficial, sob o ausp\u00edcio da Embaixada da Gr\u00e9cia, organizada pelo Escrit\u00f3rio do Conselho de Educa\u00e7\u00e3o. Trata-se de uma funda\u00e7\u00e3o que tem como meta a proje\u00e7\u00e3o e a difus\u00e3o da cultura&#8230;<\/p>\n","protected":false},"author":1,"featured_media":15412,"comment_status":"open","ping_status":"open","sticky":false,"template":"","format":"standard","meta":{"_acf_changed":false,"footnotes":""},"categories":[1],"tags":[],"class_list":["post-3751","post","type-post","status-publish","format-standard","has-post-thumbnail","hentry","category-news","entry","rows-excerpt"],"acf":[],"yoast_head":"<!-- This site is optimized with the Yoast SEO plugin v27.5 - https:\/\/yoast.com\/product\/yoast-seo-wordpress\/ -->\n<title>Funda\u00e7\u00e3o Cultural Hel\u00eanica ser\u00e1 inaugurada no pr\u00f3ximo dia 15 de abril, em Buenos Aires (Argentina) | ECCLESIA NEWS<\/title>\n<meta name=\"robots\" content=\"index, follow, max-snippet:-1, max-image-preview:large, max-video-preview:-1\" \/>\n<link rel=\"canonical\" href=\"https:\/\/news.ecclesia.org.br\/?p=3751\" \/>\n<meta property=\"og:locale\" content=\"pt_BR\" \/>\n<meta property=\"og:type\" content=\"article\" \/>\n<meta property=\"og:title\" content=\"Funda\u00e7\u00e3o Cultural Hel\u00eanica ser\u00e1 inaugurada no pr\u00f3ximo dia 15 de abril, em Buenos Aires (Argentina) | ECCLESIA NEWS\" \/>\n<meta property=\"og:description\" content=\"Pela primeira vez, na Argentina, institui-se uma Funda\u00e7\u00e3o Cultural Hel\u00eanica oficial, sob o ausp\u00edcio da Embaixada da Gr\u00e9cia, organizada pelo Escrit\u00f3rio do Conselho de Educa\u00e7\u00e3o. Trata-se de uma funda\u00e7\u00e3o que tem como meta a proje\u00e7\u00e3o e a difus\u00e3o da cultura&#8230;\" \/>\n<meta property=\"og:url\" content=\"https:\/\/news.ecclesia.org.br\/?p=3751\" \/>\n<meta property=\"og:site_name\" content=\"ECCLESIA NEWS\" \/>\n<meta property=\"article:publisher\" content=\"https:\/\/www.facebook.com\/Ecclesia2025\" \/>\n<meta property=\"article:published_time\" content=\"2010-03-18T22:38:49+00:00\" \/>\n<meta property=\"article:modified_time\" content=\"2016-03-16T01:33:01+00:00\" \/>\n<meta property=\"og:image\" content=\"https:\/\/news.ecclesia.org.br\/wp-content\/uploads\/2010\/03\/fundacao-cultural-helenica.jpg\" \/>\n\t<meta property=\"og:image:width\" content=\"240\" \/>\n\t<meta property=\"og:image:height\" content=\"173\" \/>\n\t<meta property=\"og:image:type\" content=\"image\/jpeg\" \/>\n<meta name=\"author\" content=\"Pe. Andr\u00e9\" \/>\n<meta name=\"twitter:card\" content=\"summary_large_image\" \/>\n<meta name=\"twitter:creator\" content=\"@EcclesiaNews\" \/>\n<meta name=\"twitter:site\" content=\"@EcclesiaNews\" \/>\n<meta name=\"twitter:label1\" content=\"Escrito por\" \/>\n\t<meta name=\"twitter:data1\" content=\"Pe. Andr\u00e9\" \/>\n\t<meta name=\"twitter:label2\" content=\"Est. tempo de leitura\" \/>\n\t<meta name=\"twitter:data2\" content=\"2 minutos\" \/>\n<script type=\"application\/ld+json\" class=\"yoast-schema-graph\">{\"@context\":\"https:\\\/\\\/schema.org\",\"@graph\":[{\"@type\":\"Article\",\"@id\":\"https:\\\/\\\/news.ecclesia.org.br\\\/?p=3751#article\",\"isPartOf\":{\"@id\":\"https:\\\/\\\/news.ecclesia.org.br\\\/?p=3751\"},\"author\":{\"name\":\"Pe. Andr\u00e9\",\"@id\":\"https:\\\/\\\/news.ecclesia.org.br\\\/#\\\/schema\\\/person\\\/6f09597f025829745ba414a569f63758\"},\"headline\":\"Funda\u00e7\u00e3o Cultural Hel\u00eanica ser\u00e1 inaugurada no pr\u00f3ximo dia 15 de abril, em Buenos Aires (Argentina)\",\"datePublished\":\"2010-03-18T22:38:49+00:00\",\"dateModified\":\"2016-03-16T01:33:01+00:00\",\"mainEntityOfPage\":{\"@id\":\"https:\\\/\\\/news.ecclesia.org.br\\\/?p=3751\"},\"wordCount\":333,\"commentCount\":0,\"publisher\":{\"@id\":\"https:\\\/\\\/news.ecclesia.org.br\\\/#organization\"},\"image\":{\"@id\":\"https:\\\/\\\/news.ecclesia.org.br\\\/?p=3751#primaryimage\"},\"thumbnailUrl\":\"https:\\\/\\\/news.ecclesia.org.br\\\/wp-content\\\/uploads\\\/2010\\\/03\\\/fundacao-cultural-helenica.jpg\",\"articleSection\":[\"NEWS\"],\"inLanguage\":\"pt-BR\",\"potentialAction\":[{\"@type\":\"CommentAction\",\"name\":\"Comment\",\"target\":[\"https:\\\/\\\/news.ecclesia.org.br\\\/?p=3751#respond\"]}]},{\"@type\":\"WebPage\",\"@id\":\"https:\\\/\\\/news.ecclesia.org.br\\\/?p=3751\",\"url\":\"https:\\\/\\\/news.ecclesia.org.br\\\/?p=3751\",\"name\":\"Funda\u00e7\u00e3o Cultural Hel\u00eanica ser\u00e1 inaugurada no pr\u00f3ximo dia 15 de abril, em Buenos Aires (Argentina) | ECCLESIA NEWS\",\"isPartOf\":{\"@id\":\"https:\\\/\\\/news.ecclesia.org.br\\\/#website\"},\"primaryImageOfPage\":{\"@id\":\"https:\\\/\\\/news.ecclesia.org.br\\\/?p=3751#primaryimage\"},\"image\":{\"@id\":\"https:\\\/\\\/news.ecclesia.org.br\\\/?p=3751#primaryimage\"},\"thumbnailUrl\":\"https:\\\/\\\/news.ecclesia.org.br\\\/wp-content\\\/uploads\\\/2010\\\/03\\\/fundacao-cultural-helenica.jpg\",\"datePublished\":\"2010-03-18T22:38:49+00:00\",\"dateModified\":\"2016-03-16T01:33:01+00:00\",\"breadcrumb\":{\"@id\":\"https:\\\/\\\/news.ecclesia.org.br\\\/?p=3751#breadcrumb\"},\"inLanguage\":\"pt-BR\",\"potentialAction\":[{\"@type\":\"ReadAction\",\"target\":[\"https:\\\/\\\/news.ecclesia.org.br\\\/?p=3751\"]}]},{\"@type\":\"ImageObject\",\"inLanguage\":\"pt-BR\",\"@id\":\"https:\\\/\\\/news.ecclesia.org.br\\\/?p=3751#primaryimage\",\"url\":\"https:\\\/\\\/news.ecclesia.org.br\\\/wp-content\\\/uploads\\\/2010\\\/03\\\/fundacao-cultural-helenica.jpg\",\"contentUrl\":\"https:\\\/\\\/news.ecclesia.org.br\\\/wp-content\\\/uploads\\\/2010\\\/03\\\/fundacao-cultural-helenica.jpg\",\"width\":240,\"height\":173},{\"@type\":\"BreadcrumbList\",\"@id\":\"https:\\\/\\\/news.ecclesia.org.br\\\/?p=3751#breadcrumb\",\"itemListElement\":[{\"@type\":\"ListItem\",\"position\":1,\"name\":\"In\u00edcio\",\"item\":\"https:\\\/\\\/news.ecclesia.org.br\\\/\"},{\"@type\":\"ListItem\",\"position\":2,\"name\":\"Funda\u00e7\u00e3o Cultural Hel\u00eanica ser\u00e1 inaugurada no pr\u00f3ximo dia 15 de abril, em Buenos Aires (Argentina)\"}]},{\"@type\":\"WebSite\",\"@id\":\"https:\\\/\\\/news.ecclesia.org.br\\\/#website\",\"url\":\"https:\\\/\\\/news.ecclesia.org.br\\\/\",\"name\":\"Ecclesia Brasil\",\"description\":\"Desde 2003 onectando o Brasil ao mundo ortodoxo!\",\"publisher\":{\"@id\":\"https:\\\/\\\/news.ecclesia.org.br\\\/#organization\"},\"alternateName\":\"Ecclesia\",\"potentialAction\":[{\"@type\":\"SearchAction\",\"target\":{\"@type\":\"EntryPoint\",\"urlTemplate\":\"https:\\\/\\\/news.ecclesia.org.br\\\/?s={search_term_string}\"},\"query-input\":{\"@type\":\"PropertyValueSpecification\",\"valueRequired\":true,\"valueName\":\"search_term_string\"}}],\"inLanguage\":\"pt-BR\"},{\"@type\":\"Organization\",\"@id\":\"https:\\\/\\\/news.ecclesia.org.br\\\/#organization\",\"name\":\"Sacra Arquidiocese de Buenos Aires e Am\u00e9rica do Sul | Patriarcado Ecum\u00eanico\",\"alternateName\":\"News Ecclesia Brasil\",\"url\":\"https:\\\/\\\/news.ecclesia.org.br\\\/\",\"logo\":{\"@type\":\"ImageObject\",\"inLanguage\":\"pt-BR\",\"@id\":\"https:\\\/\\\/news.ecclesia.org.br\\\/#\\\/schema\\\/logo\\\/image\\\/\",\"url\":\"https:\\\/\\\/news.ecclesia.org.br\\\/wp-content\\\/uploads\\\/2025\\\/05\\\/ecclesia2.png\",\"contentUrl\":\"https:\\\/\\\/news.ecclesia.org.br\\\/wp-content\\\/uploads\\\/2025\\\/05\\\/ecclesia2.png\",\"width\":480,\"height\":120,\"caption\":\"Sacra Arquidiocese de Buenos Aires e Am\u00e9rica do Sul | Patriarcado Ecum\u00eanico\"},\"image\":{\"@id\":\"https:\\\/\\\/news.ecclesia.org.br\\\/#\\\/schema\\\/logo\\\/image\\\/\"},\"sameAs\":[\"https:\\\/\\\/www.facebook.com\\\/Ecclesia2025\",\"https:\\\/\\\/x.com\\\/EcclesiaNews\",\"https:\\\/\\\/br.pinterest.com\\\/ekklisia\\\/\",\"https:\\\/\\\/www.youtube.com\\\/@EcclesiaBrasil\"]},{\"@type\":\"Person\",\"@id\":\"https:\\\/\\\/news.ecclesia.org.br\\\/#\\\/schema\\\/person\\\/6f09597f025829745ba414a569f63758\",\"name\":\"Pe. Andr\u00e9\",\"image\":{\"@type\":\"ImageObject\",\"inLanguage\":\"pt-BR\",\"@id\":\"https:\\\/\\\/secure.gravatar.com\\\/avatar\\\/b4327cfa27e9799da239a26adcd534fc29cdc0c4a4a148eecbcfeb9b42c617ac?s=96&d=mm&r=g\",\"url\":\"https:\\\/\\\/secure.gravatar.com\\\/avatar\\\/b4327cfa27e9799da239a26adcd534fc29cdc0c4a4a148eecbcfeb9b42c617ac?s=96&d=mm&r=g\",\"contentUrl\":\"https:\\\/\\\/secure.gravatar.com\\\/avatar\\\/b4327cfa27e9799da239a26adcd534fc29cdc0c4a4a148eecbcfeb9b42c617ac?s=96&d=mm&r=g\",\"caption\":\"Pe. Andr\u00e9\"},\"sameAs\":[\"https:\\\/\\\/www.ecclesia.org.br\"]}]}<\/script>\n<!-- \/ Yoast SEO plugin. -->","yoast_head_json":{"title":"Funda\u00e7\u00e3o Cultural Hel\u00eanica ser\u00e1 inaugurada no pr\u00f3ximo dia 15 de abril, em Buenos Aires (Argentina) | ECCLESIA NEWS","robots":{"index":"index","follow":"follow","max-snippet":"max-snippet:-1","max-image-preview":"max-image-preview:large","max-video-preview":"max-video-preview:-1"},"canonical":"https:\/\/news.ecclesia.org.br\/?p=3751","og_locale":"pt_BR","og_type":"article","og_title":"Funda\u00e7\u00e3o Cultural Hel\u00eanica ser\u00e1 inaugurada no pr\u00f3ximo dia 15 de abril, em Buenos Aires (Argentina) | ECCLESIA NEWS","og_description":"Pela primeira vez, na Argentina, institui-se uma Funda\u00e7\u00e3o Cultural Hel\u00eanica oficial, sob o ausp\u00edcio da Embaixada da Gr\u00e9cia, organizada pelo Escrit\u00f3rio do Conselho de Educa\u00e7\u00e3o. Trata-se de uma funda\u00e7\u00e3o que tem como meta a proje\u00e7\u00e3o e a difus\u00e3o da cultura&#8230;","og_url":"https:\/\/news.ecclesia.org.br\/?p=3751","og_site_name":"ECCLESIA NEWS","article_publisher":"https:\/\/www.facebook.com\/Ecclesia2025","article_published_time":"2010-03-18T22:38:49+00:00","article_modified_time":"2016-03-16T01:33:01+00:00","og_image":[{"width":240,"height":173,"url":"https:\/\/news.ecclesia.org.br\/wp-content\/uploads\/2010\/03\/fundacao-cultural-helenica.jpg","type":"image\/jpeg"}],"author":"Pe. Andr\u00e9","twitter_card":"summary_large_image","twitter_creator":"@EcclesiaNews","twitter_site":"@EcclesiaNews","twitter_misc":{"Escrito por":"Pe. Andr\u00e9","Est. tempo de leitura":"2 minutos"},"schema":{"@context":"https:\/\/schema.org","@graph":[{"@type":"Article","@id":"https:\/\/news.ecclesia.org.br\/?p=3751#article","isPartOf":{"@id":"https:\/\/news.ecclesia.org.br\/?p=3751"},"author":{"name":"Pe. Andr\u00e9","@id":"https:\/\/news.ecclesia.org.br\/#\/schema\/person\/6f09597f025829745ba414a569f63758"},"headline":"Funda\u00e7\u00e3o Cultural Hel\u00eanica ser\u00e1 inaugurada no pr\u00f3ximo dia 15 de abril, em Buenos Aires (Argentina)","datePublished":"2010-03-18T22:38:49+00:00","dateModified":"2016-03-16T01:33:01+00:00","mainEntityOfPage":{"@id":"https:\/\/news.ecclesia.org.br\/?p=3751"},"wordCount":333,"commentCount":0,"publisher":{"@id":"https:\/\/news.ecclesia.org.br\/#organization"},"image":{"@id":"https:\/\/news.ecclesia.org.br\/?p=3751#primaryimage"},"thumbnailUrl":"https:\/\/news.ecclesia.org.br\/wp-content\/uploads\/2010\/03\/fundacao-cultural-helenica.jpg","articleSection":["NEWS"],"inLanguage":"pt-BR","potentialAction":[{"@type":"CommentAction","name":"Comment","target":["https:\/\/news.ecclesia.org.br\/?p=3751#respond"]}]},{"@type":"WebPage","@id":"https:\/\/news.ecclesia.org.br\/?p=3751","url":"https:\/\/news.ecclesia.org.br\/?p=3751","name":"Funda\u00e7\u00e3o Cultural Hel\u00eanica ser\u00e1 inaugurada no pr\u00f3ximo dia 15 de abril, em Buenos Aires (Argentina) | ECCLESIA NEWS","isPartOf":{"@id":"https:\/\/news.ecclesia.org.br\/#website"},"primaryImageOfPage":{"@id":"https:\/\/news.ecclesia.org.br\/?p=3751#primaryimage"},"image":{"@id":"https:\/\/news.ecclesia.org.br\/?p=3751#primaryimage"},"thumbnailUrl":"https:\/\/news.ecclesia.org.br\/wp-content\/uploads\/2010\/03\/fundacao-cultural-helenica.jpg","datePublished":"2010-03-18T22:38:49+00:00","dateModified":"2016-03-16T01:33:01+00:00","breadcrumb":{"@id":"https:\/\/news.ecclesia.org.br\/?p=3751#breadcrumb"},"inLanguage":"pt-BR","potentialAction":[{"@type":"ReadAction","target":["https:\/\/news.ecclesia.org.br\/?p=3751"]}]},{"@type":"ImageObject","inLanguage":"pt-BR","@id":"https:\/\/news.ecclesia.org.br\/?p=3751#primaryimage","url":"https:\/\/news.ecclesia.org.br\/wp-content\/uploads\/2010\/03\/fundacao-cultural-helenica.jpg","contentUrl":"https:\/\/news.ecclesia.org.br\/wp-content\/uploads\/2010\/03\/fundacao-cultural-helenica.jpg","width":240,"height":173},{"@type":"BreadcrumbList","@id":"https:\/\/news.ecclesia.org.br\/?p=3751#breadcrumb","itemListElement":[{"@type":"ListItem","position":1,"name":"In\u00edcio","item":"https:\/\/news.ecclesia.org.br\/"},{"@type":"ListItem","position":2,"name":"Funda\u00e7\u00e3o Cultural Hel\u00eanica ser\u00e1 inaugurada no pr\u00f3ximo dia 15 de abril, em Buenos Aires (Argentina)"}]},{"@type":"WebSite","@id":"https:\/\/news.ecclesia.org.br\/#website","url":"https:\/\/news.ecclesia.org.br\/","name":"Ecclesia Brasil","description":"Desde 2003 onectando o Brasil ao mundo ortodoxo!","publisher":{"@id":"https:\/\/news.ecclesia.org.br\/#organization"},"alternateName":"Ecclesia","potentialAction":[{"@type":"SearchAction","target":{"@type":"EntryPoint","urlTemplate":"https:\/\/news.ecclesia.org.br\/?s={search_term_string}"},"query-input":{"@type":"PropertyValueSpecification","valueRequired":true,"valueName":"search_term_string"}}],"inLanguage":"pt-BR"},{"@type":"Organization","@id":"https:\/\/news.ecclesia.org.br\/#organization","name":"Sacra Arquidiocese de Buenos Aires e Am\u00e9rica do Sul | Patriarcado Ecum\u00eanico","alternateName":"News Ecclesia Brasil","url":"https:\/\/news.ecclesia.org.br\/","logo":{"@type":"ImageObject","inLanguage":"pt-BR","@id":"https:\/\/news.ecclesia.org.br\/#\/schema\/logo\/image\/","url":"https:\/\/news.ecclesia.org.br\/wp-content\/uploads\/2025\/05\/ecclesia2.png","contentUrl":"https:\/\/news.ecclesia.org.br\/wp-content\/uploads\/2025\/05\/ecclesia2.png","width":480,"height":120,"caption":"Sacra Arquidiocese de Buenos Aires e Am\u00e9rica do Sul | Patriarcado Ecum\u00eanico"},"image":{"@id":"https:\/\/news.ecclesia.org.br\/#\/schema\/logo\/image\/"},"sameAs":["https:\/\/www.facebook.com\/Ecclesia2025","https:\/\/x.com\/EcclesiaNews","https:\/\/br.pinterest.com\/ekklisia\/","https:\/\/www.youtube.com\/@EcclesiaBrasil"]},{"@type":"Person","@id":"https:\/\/news.ecclesia.org.br\/#\/schema\/person\/6f09597f025829745ba414a569f63758","name":"Pe. Andr\u00e9","image":{"@type":"ImageObject","inLanguage":"pt-BR","@id":"https:\/\/secure.gravatar.com\/avatar\/b4327cfa27e9799da239a26adcd534fc29cdc0c4a4a148eecbcfeb9b42c617ac?s=96&d=mm&r=g","url":"https:\/\/secure.gravatar.com\/avatar\/b4327cfa27e9799da239a26adcd534fc29cdc0c4a4a148eecbcfeb9b42c617ac?s=96&d=mm&r=g","contentUrl":"https:\/\/secure.gravatar.com\/avatar\/b4327cfa27e9799da239a26adcd534fc29cdc0c4a4a148eecbcfeb9b42c617ac?s=96&d=mm&r=g","caption":"Pe. Andr\u00e9"},"sameAs":["https:\/\/www.ecclesia.org.br"]}]}},"_links":{"self":[{"href":"https:\/\/news.ecclesia.org.br\/index.php?rest_route=\/wp\/v2\/posts\/3751","targetHints":{"allow":["GET"]}}],"collection":[{"href":"https:\/\/news.ecclesia.org.br\/index.php?rest_route=\/wp\/v2\/posts"}],"about":[{"href":"https:\/\/news.ecclesia.org.br\/index.php?rest_route=\/wp\/v2\/types\/post"}],"author":[{"embeddable":true,"href":"https:\/\/news.ecclesia.org.br\/index.php?rest_route=\/wp\/v2\/users\/1"}],"replies":[{"embeddable":true,"href":"https:\/\/news.ecclesia.org.br\/index.php?rest_route=%2Fwp%2Fv2%2Fcomments&post=3751"}],"version-history":[{"count":0,"href":"https:\/\/news.ecclesia.org.br\/index.php?rest_route=\/wp\/v2\/posts\/3751\/revisions"}],"wp:featuredmedia":[{"embeddable":true,"href":"https:\/\/news.ecclesia.org.br\/index.php?rest_route=\/wp\/v2\/media\/15412"}],"wp:attachment":[{"href":"https:\/\/news.ecclesia.org.br\/index.php?rest_route=%2Fwp%2Fv2%2Fmedia&parent=3751"}],"wp:term":[{"taxonomy":"category","embeddable":true,"href":"https:\/\/news.ecclesia.org.br\/index.php?rest_route=%2Fwp%2Fv2%2Fcategories&post=3751"},{"taxonomy":"post_tag","embeddable":true,"href":"https:\/\/news.ecclesia.org.br\/index.php?rest_route=%2Fwp%2Fv2%2Ftags&post=3751"}],"curies":[{"name":"wp","href":"https:\/\/api.w.org\/{rel}","templated":true}]}}