{"id":35301,"date":"2021-01-15T14:12:30","date_gmt":"2021-01-15T17:12:30","guid":{"rendered":"https:\/\/news.ecclesia.org.br\/?p=35301"},"modified":"2021-07-22T19:51:07","modified_gmt":"2021-07-22T22:51:07","slug":"morre-o-metropolita-filaret-de-minsk-bielorrussia-protagonista-do-renascimento-ortodoxo","status":"publish","type":"post","link":"https:\/\/news.ecclesia.org.br\/?p=35301","title":{"rendered":"MORRE O METROPOLITA FILARET DE MINSK  (Bielorr\u00fassia) \u00abPROTAGONISTA DO RENASCIMENTO ORTODOXO\u00bb"},"content":{"rendered":"\r\n<p style=\"text-align: justify;\"><div id=\"galleria-35301\"><a href=\"https:\/\/news.ecclesia.org.br\/wp-content\/uploads\/2021\/01\/BR-Filaret.png\"><img decoding=\"async\" title=\"BR-Filaret\" alt=\"\" src=\"https:\/\/news.ecclesia.org.br\/wp-content\/uploads\/2021\/01\/BR-Filaret.png\" data-big=\"https:\/\/news.ecclesia.org.br\/wp-content\/uploads\/2021\/01\/BR-Filaret.png\"><\/a><a href=\"https:\/\/news.ecclesia.org.br\/wp-content\/uploads\/2021\/01\/metropolita-filaret-com-bento-xvi.jpg\"><img decoding=\"async\" title=\"metropolita-filaret-com-bento-xvi\" alt=\"\" src=\"https:\/\/news.ecclesia.org.br\/wp-content\/uploads\/2021\/01\/metropolita-filaret-com-bento-xvi.jpg\" data-big=\"https:\/\/news.ecclesia.org.br\/wp-content\/uploads\/2021\/01\/metropolita-filaret-com-bento-xvi.jpg\"><\/a><\/div>O Metropolita Filaret (Vakhromeev), 85 anos, um dos hierarcas mais importantes da Igreja Ortodoxa Russa nos \u00faltimos 50 anos, morreu ontem no hospital em Minsk devido ao coronav\u00edrus. O porta-voz ortodoxo, Protoierej Aleksandr Shimbalev, lembrou que o idoso prelado havia sido hospitalizado por quase um m\u00eas ap\u00f3s contrair Covid-19, o que ele inicialmente parecia ser capaz de superar.<\/p>\r\n\r\n\r\n\r\n<p style=\"text-align: justify;\">Filaret nasceu em Moscou em 1935 e entrou para o semin\u00e1rio em 1953, ano da morte de Stalin. Foi ordenado sacerdote em 1961 pelo ent\u00e3o Patriarca Alexis. Apenas quatro anos depois, em 1965, foi consagrado bispo e integrou-se ao grupo dos \u00abhierarcas Brezhnevianos\u00bb, aos quais foi pedido que representassem interesses pol\u00edticos no mundo eclesial interno e internacional. Sovi\u00e9tico. O jovem bispo cumpriu o seu servi\u00e7o em Berlim, tornando-se tamb\u00e9m exarca patriarcal para a Europa Central e, portanto, para a Europa Ocidental. Ele tamb\u00e9m presidiu o Departamento de Assuntos Eclesi\u00e1sticos Externos do Patriarcado de Moscou por oito anos. Como todo clero ortodoxo de alto escal\u00e3o daquele per\u00edodo, ele era contado entre os membros ativos da KGB, de codinome &#8220;Ostrovsky&#8221;.<\/p>\r\n\r\n\r\n\r\n<p style=\"text-align: justify;\">Em 1978, Filaret chegou \u00e0 Bielo-R\u00fassia e tornou-se metropolitano, permanecendo \u00e0 frente do exarcado de Minsk por 35 anos. Ele foi o guia espiritual da na\u00e7\u00e3o durante os anos de independ\u00eancia ap\u00f3s o fim da URSS, emergindo como o principal protagonista de seu renascimento religioso, reabrindo o semin\u00e1rio em Minsk j\u00e1 em 1989. No passado, ele apoiou o presidente Aleksandr Lukashenko na defesa do interesses da Bielorr\u00fassia, e em 2006 ele tamb\u00e9m foi premiado com o t\u00edtulo de &#8220;her\u00f3i da Bielorr\u00fassia&#8221;.<\/p>\r\n\r\n\r\n\r\n<p style=\"text-align: justify;\">Por duas vezes seu nome entrou na tr\u00edade de candidatos ao patriarca de Moscou, a \u00faltima vez em 2009, em oposi\u00e7\u00e3o ao atual Patriarca Kirill (Gundjaev), pelo qual renunciou \u00e0 candidatura antes da \u00faltima vota\u00e7\u00e3o. Ele se aposentou em 2013 e n\u00e3o falou em p\u00fablico desde ent\u00e3o, nem mesmo no \u00faltimo ano conturbado de protestos no pa\u00eds.<\/p>\r\n\r\n\r\n\r\n<p style=\"text-align: justify;\">Desde a d\u00e9cada de 1990, Filaret foi o chefe da Comiss\u00e3o B\u00edblica Sinodal e de numerosas outras institui\u00e7\u00f5es da Igreja Russa para o renascimento da catequese, estudos teol\u00f3gicos, forma\u00e7\u00e3o do clero e di\u00e1logo cultural e ecum\u00eanico. Autor de in\u00fameras publica\u00e7\u00f5es e interven\u00e7\u00f5es em f\u00f3runs internacionais, foi sem d\u00favida uma das figuras mais carism\u00e1ticas da ortodoxia russa.<\/p>\r\n\r\n\r\n\r\n<p style=\"text-align: justify;\">Ele era amado n\u00e3o apenas por seus fi\u00e9is e bielorrussos, mas tamb\u00e9m mantinha excelentes rela\u00e7\u00f5es com cat\u00f3licos e protestantes, judeus e mu\u00e7ulmanos. Os \u00faltimos anos de seu minist\u00e9rio viram-no em estreita colabora\u00e7\u00e3o com o arcebispo cat\u00f3lico Mons. Tadeusz Kondrusiewicz.<\/p>\r\n\r\n\r\n\r\n\r\n\r\n<p style=\"text-align: justify;\">O lema favorito de Filaret era \u00abpermanecer firme na f\u00e9\u00bb e ele o repetia com frequ\u00eancia em homilias e entrevistas. Referindo-se \u00e0 sua pr\u00f3pria experi\u00eancia nos dif\u00edceis anos sovi\u00e9ticos, ele ensinou a<\/p>\r\n\r\n\r\n\r\n<blockquote class=\"wp-block-quote is-layout-flow wp-block-quote-is-layout-flow\">\r\n<p><em>\u00abformar uma base espiritual para a alma, a partir da qual nutrir a personalidade, o car\u00e1ter e os gostos pessoais de uma pessoa, a fim de alcan\u00e7ar uma compreens\u00e3o dos acontecimentos e estar sempre pronto para responder a partir de f\u00e9\u00bb.<\/em><\/p>\r\n<\/blockquote>\r\n\r\n\r\n<hr \/>\r\n<p class=\"has-text-align-right has-small-font-size\" style=\"text-align: justify;\">Fonte: <a href=\"http:\/\/www.asianews.it\/news-en\/\" target=\"_blank\" rel=\"noreferrer noopener\">\u00c1sia NEWS<\/a><br \/>por Stefano Caprio<\/p>\r\n","protected":false},"excerpt":{"rendered":"<p>O Metropolita Filaret (Vakhromeev), 85 anos, um dos hierarcas mais importantes da Igreja Ortodoxa Russa nos \u00faltimos 50 anos, morreu ontem no hospital em Minsk devido ao coronav\u00edrus. O porta-voz ortodoxo, Protoierej Aleksandr Shimbalev, lembrou que o idoso prelado havia&#8230;<\/p>\n","protected":false},"author":1,"featured_media":0,"comment_status":"open","ping_status":"open","sticky":false,"template":"","format":"standard","meta":{"_acf_changed":false,"footnotes":""},"categories":[3,1],"tags":[],"class_list":["post-35301","post","type-post","status-publish","format-standard","hentry","category-mundo","category-news","entry","rows-excerpt"],"acf":[],"yoast_head":"<!-- This site is optimized with the Yoast SEO plugin v27.4 - https:\/\/yoast.com\/product\/yoast-seo-wordpress\/ -->\n<title>MORRE O METROPOLITA FILARET DE MINSK (Bielorr\u00fassia) \u00abPROTAGONISTA DO RENASCIMENTO ORTODOXO\u00bb | ECCLESIA NEWS<\/title>\n<meta name=\"robots\" content=\"index, follow, max-snippet:-1, max-image-preview:large, max-video-preview:-1\" \/>\n<link rel=\"canonical\" href=\"https:\/\/news.ecclesia.org.br\/?p=35301\" \/>\n<meta property=\"og:locale\" content=\"pt_BR\" \/>\n<meta property=\"og:type\" content=\"article\" \/>\n<meta property=\"og:title\" content=\"MORRE O METROPOLITA FILARET DE MINSK (Bielorr\u00fassia) \u00abPROTAGONISTA DO RENASCIMENTO ORTODOXO\u00bb | ECCLESIA NEWS\" \/>\n<meta property=\"og:description\" content=\"O Metropolita Filaret (Vakhromeev), 85 anos, um dos hierarcas mais importantes da Igreja Ortodoxa Russa nos \u00faltimos 50 anos, morreu ontem no hospital em Minsk devido ao coronav\u00edrus. O porta-voz ortodoxo, Protoierej Aleksandr Shimbalev, lembrou que o idoso prelado havia&#8230;\" \/>\n<meta property=\"og:url\" content=\"https:\/\/news.ecclesia.org.br\/?p=35301\" \/>\n<meta property=\"og:site_name\" content=\"ECCLESIA NEWS\" \/>\n<meta property=\"article:publisher\" content=\"https:\/\/www.facebook.com\/Ecclesia2025\" \/>\n<meta property=\"article:published_time\" content=\"2021-01-15T17:12:30+00:00\" \/>\n<meta property=\"article:modified_time\" content=\"2021-07-22T22:51:07+00:00\" \/>\n<meta property=\"og:image\" content=\"https:\/\/news.ecclesia.org.br\/wp-content\/uploads\/2025\/05\/ecclesia2.png\" \/>\n\t<meta property=\"og:image:width\" content=\"480\" \/>\n\t<meta property=\"og:image:height\" content=\"120\" \/>\n\t<meta property=\"og:image:type\" content=\"image\/png\" \/>\n<meta name=\"author\" content=\"Pe. Andr\u00e9\" \/>\n<meta name=\"twitter:card\" content=\"summary_large_image\" \/>\n<meta name=\"twitter:creator\" content=\"@EcclesiaNews\" \/>\n<meta name=\"twitter:site\" content=\"@EcclesiaNews\" \/>\n<meta name=\"twitter:label1\" content=\"Escrito por\" \/>\n\t<meta name=\"twitter:data1\" content=\"Pe. Andr\u00e9\" \/>\n\t<meta name=\"twitter:label2\" content=\"Est. tempo de leitura\" \/>\n\t<meta name=\"twitter:data2\" content=\"3 minutos\" \/>\n<script type=\"application\/ld+json\" class=\"yoast-schema-graph\">{\"@context\":\"https:\\\/\\\/schema.org\",\"@graph\":[{\"@type\":\"Article\",\"@id\":\"https:\\\/\\\/news.ecclesia.org.br\\\/?p=35301#article\",\"isPartOf\":{\"@id\":\"https:\\\/\\\/news.ecclesia.org.br\\\/?p=35301\"},\"author\":{\"name\":\"Pe. Andr\u00e9\",\"@id\":\"https:\\\/\\\/news.ecclesia.org.br\\\/#\\\/schema\\\/person\\\/6f09597f025829745ba414a569f63758\"},\"headline\":\"MORRE O METROPOLITA FILARET DE MINSK (Bielorr\u00fassia) \u00abPROTAGONISTA DO RENASCIMENTO ORTODOXO\u00bb\",\"datePublished\":\"2021-01-15T17:12:30+00:00\",\"dateModified\":\"2021-07-22T22:51:07+00:00\",\"mainEntityOfPage\":{\"@id\":\"https:\\\/\\\/news.ecclesia.org.br\\\/?p=35301\"},\"wordCount\":553,\"commentCount\":2,\"publisher\":{\"@id\":\"https:\\\/\\\/news.ecclesia.org.br\\\/#organization\"},\"articleSection\":[\"Mundo Ortodoxo\",\"NEWS\"],\"inLanguage\":\"pt-BR\",\"potentialAction\":[{\"@type\":\"CommentAction\",\"name\":\"Comment\",\"target\":[\"https:\\\/\\\/news.ecclesia.org.br\\\/?p=35301#respond\"]}]},{\"@type\":\"WebPage\",\"@id\":\"https:\\\/\\\/news.ecclesia.org.br\\\/?p=35301\",\"url\":\"https:\\\/\\\/news.ecclesia.org.br\\\/?p=35301\",\"name\":\"MORRE O METROPOLITA FILARET DE MINSK (Bielorr\u00fassia) \u00abPROTAGONISTA DO RENASCIMENTO ORTODOXO\u00bb | ECCLESIA NEWS\",\"isPartOf\":{\"@id\":\"https:\\\/\\\/news.ecclesia.org.br\\\/#website\"},\"datePublished\":\"2021-01-15T17:12:30+00:00\",\"dateModified\":\"2021-07-22T22:51:07+00:00\",\"breadcrumb\":{\"@id\":\"https:\\\/\\\/news.ecclesia.org.br\\\/?p=35301#breadcrumb\"},\"inLanguage\":\"pt-BR\",\"potentialAction\":[{\"@type\":\"ReadAction\",\"target\":[\"https:\\\/\\\/news.ecclesia.org.br\\\/?p=35301\"]}]},{\"@type\":\"BreadcrumbList\",\"@id\":\"https:\\\/\\\/news.ecclesia.org.br\\\/?p=35301#breadcrumb\",\"itemListElement\":[{\"@type\":\"ListItem\",\"position\":1,\"name\":\"In\u00edcio\",\"item\":\"https:\\\/\\\/news.ecclesia.org.br\\\/\"},{\"@type\":\"ListItem\",\"position\":2,\"name\":\"MORRE O METROPOLITA FILARET DE MINSK (Bielorr\u00fassia) \u00abPROTAGONISTA DO RENASCIMENTO ORTODOXO\u00bb\"}]},{\"@type\":\"WebSite\",\"@id\":\"https:\\\/\\\/news.ecclesia.org.br\\\/#website\",\"url\":\"https:\\\/\\\/news.ecclesia.org.br\\\/\",\"name\":\"Ecclesia Brasil\",\"description\":\"Desde 2003 onectando o Brasil ao mundo ortodoxo!\",\"publisher\":{\"@id\":\"https:\\\/\\\/news.ecclesia.org.br\\\/#organization\"},\"alternateName\":\"Ecclesia\",\"potentialAction\":[{\"@type\":\"SearchAction\",\"target\":{\"@type\":\"EntryPoint\",\"urlTemplate\":\"https:\\\/\\\/news.ecclesia.org.br\\\/?s={search_term_string}\"},\"query-input\":{\"@type\":\"PropertyValueSpecification\",\"valueRequired\":true,\"valueName\":\"search_term_string\"}}],\"inLanguage\":\"pt-BR\"},{\"@type\":\"Organization\",\"@id\":\"https:\\\/\\\/news.ecclesia.org.br\\\/#organization\",\"name\":\"Sacra Arquidiocese de Buenos Aires e Am\u00e9rica do Sul | Patriarcado Ecum\u00eanico\",\"alternateName\":\"News Ecclesia Brasil\",\"url\":\"https:\\\/\\\/news.ecclesia.org.br\\\/\",\"logo\":{\"@type\":\"ImageObject\",\"inLanguage\":\"pt-BR\",\"@id\":\"https:\\\/\\\/news.ecclesia.org.br\\\/#\\\/schema\\\/logo\\\/image\\\/\",\"url\":\"https:\\\/\\\/news.ecclesia.org.br\\\/wp-content\\\/uploads\\\/2025\\\/05\\\/ecclesia2.png\",\"contentUrl\":\"https:\\\/\\\/news.ecclesia.org.br\\\/wp-content\\\/uploads\\\/2025\\\/05\\\/ecclesia2.png\",\"width\":480,\"height\":120,\"caption\":\"Sacra Arquidiocese de Buenos Aires e Am\u00e9rica do Sul | Patriarcado Ecum\u00eanico\"},\"image\":{\"@id\":\"https:\\\/\\\/news.ecclesia.org.br\\\/#\\\/schema\\\/logo\\\/image\\\/\"},\"sameAs\":[\"https:\\\/\\\/www.facebook.com\\\/Ecclesia2025\",\"https:\\\/\\\/x.com\\\/EcclesiaNews\",\"https:\\\/\\\/br.pinterest.com\\\/ekklisia\\\/\",\"https:\\\/\\\/www.youtube.com\\\/@EcclesiaBrasil\"]},{\"@type\":\"Person\",\"@id\":\"https:\\\/\\\/news.ecclesia.org.br\\\/#\\\/schema\\\/person\\\/6f09597f025829745ba414a569f63758\",\"name\":\"Pe. Andr\u00e9\",\"image\":{\"@type\":\"ImageObject\",\"inLanguage\":\"pt-BR\",\"@id\":\"https:\\\/\\\/secure.gravatar.com\\\/avatar\\\/b4327cfa27e9799da239a26adcd534fc29cdc0c4a4a148eecbcfeb9b42c617ac?s=96&d=mm&r=g\",\"url\":\"https:\\\/\\\/secure.gravatar.com\\\/avatar\\\/b4327cfa27e9799da239a26adcd534fc29cdc0c4a4a148eecbcfeb9b42c617ac?s=96&d=mm&r=g\",\"contentUrl\":\"https:\\\/\\\/secure.gravatar.com\\\/avatar\\\/b4327cfa27e9799da239a26adcd534fc29cdc0c4a4a148eecbcfeb9b42c617ac?s=96&d=mm&r=g\",\"caption\":\"Pe. Andr\u00e9\"},\"sameAs\":[\"https:\\\/\\\/www.ecclesia.org.br\"]}]}<\/script>\n<!-- \/ Yoast SEO plugin. -->","yoast_head_json":{"title":"MORRE O METROPOLITA FILARET DE MINSK (Bielorr\u00fassia) \u00abPROTAGONISTA DO RENASCIMENTO ORTODOXO\u00bb | ECCLESIA NEWS","robots":{"index":"index","follow":"follow","max-snippet":"max-snippet:-1","max-image-preview":"max-image-preview:large","max-video-preview":"max-video-preview:-1"},"canonical":"https:\/\/news.ecclesia.org.br\/?p=35301","og_locale":"pt_BR","og_type":"article","og_title":"MORRE O METROPOLITA FILARET DE MINSK (Bielorr\u00fassia) \u00abPROTAGONISTA DO RENASCIMENTO ORTODOXO\u00bb | ECCLESIA NEWS","og_description":"O Metropolita Filaret (Vakhromeev), 85 anos, um dos hierarcas mais importantes da Igreja Ortodoxa Russa nos \u00faltimos 50 anos, morreu ontem no hospital em Minsk devido ao coronav\u00edrus. O porta-voz ortodoxo, Protoierej Aleksandr Shimbalev, lembrou que o idoso prelado havia&#8230;","og_url":"https:\/\/news.ecclesia.org.br\/?p=35301","og_site_name":"ECCLESIA NEWS","article_publisher":"https:\/\/www.facebook.com\/Ecclesia2025","article_published_time":"2021-01-15T17:12:30+00:00","article_modified_time":"2021-07-22T22:51:07+00:00","og_image":[{"width":480,"height":120,"url":"https:\/\/news.ecclesia.org.br\/wp-content\/uploads\/2025\/05\/ecclesia2.png","type":"image\/png"}],"author":"Pe. Andr\u00e9","twitter_card":"summary_large_image","twitter_creator":"@EcclesiaNews","twitter_site":"@EcclesiaNews","twitter_misc":{"Escrito por":"Pe. Andr\u00e9","Est. tempo de leitura":"3 minutos"},"schema":{"@context":"https:\/\/schema.org","@graph":[{"@type":"Article","@id":"https:\/\/news.ecclesia.org.br\/?p=35301#article","isPartOf":{"@id":"https:\/\/news.ecclesia.org.br\/?p=35301"},"author":{"name":"Pe. Andr\u00e9","@id":"https:\/\/news.ecclesia.org.br\/#\/schema\/person\/6f09597f025829745ba414a569f63758"},"headline":"MORRE O METROPOLITA FILARET DE MINSK (Bielorr\u00fassia) \u00abPROTAGONISTA DO RENASCIMENTO ORTODOXO\u00bb","datePublished":"2021-01-15T17:12:30+00:00","dateModified":"2021-07-22T22:51:07+00:00","mainEntityOfPage":{"@id":"https:\/\/news.ecclesia.org.br\/?p=35301"},"wordCount":553,"commentCount":2,"publisher":{"@id":"https:\/\/news.ecclesia.org.br\/#organization"},"articleSection":["Mundo Ortodoxo","NEWS"],"inLanguage":"pt-BR","potentialAction":[{"@type":"CommentAction","name":"Comment","target":["https:\/\/news.ecclesia.org.br\/?p=35301#respond"]}]},{"@type":"WebPage","@id":"https:\/\/news.ecclesia.org.br\/?p=35301","url":"https:\/\/news.ecclesia.org.br\/?p=35301","name":"MORRE O METROPOLITA FILARET DE MINSK (Bielorr\u00fassia) \u00abPROTAGONISTA DO RENASCIMENTO ORTODOXO\u00bb | ECCLESIA NEWS","isPartOf":{"@id":"https:\/\/news.ecclesia.org.br\/#website"},"datePublished":"2021-01-15T17:12:30+00:00","dateModified":"2021-07-22T22:51:07+00:00","breadcrumb":{"@id":"https:\/\/news.ecclesia.org.br\/?p=35301#breadcrumb"},"inLanguage":"pt-BR","potentialAction":[{"@type":"ReadAction","target":["https:\/\/news.ecclesia.org.br\/?p=35301"]}]},{"@type":"BreadcrumbList","@id":"https:\/\/news.ecclesia.org.br\/?p=35301#breadcrumb","itemListElement":[{"@type":"ListItem","position":1,"name":"In\u00edcio","item":"https:\/\/news.ecclesia.org.br\/"},{"@type":"ListItem","position":2,"name":"MORRE O METROPOLITA FILARET DE MINSK (Bielorr\u00fassia) \u00abPROTAGONISTA DO RENASCIMENTO ORTODOXO\u00bb"}]},{"@type":"WebSite","@id":"https:\/\/news.ecclesia.org.br\/#website","url":"https:\/\/news.ecclesia.org.br\/","name":"Ecclesia Brasil","description":"Desde 2003 onectando o Brasil ao mundo ortodoxo!","publisher":{"@id":"https:\/\/news.ecclesia.org.br\/#organization"},"alternateName":"Ecclesia","potentialAction":[{"@type":"SearchAction","target":{"@type":"EntryPoint","urlTemplate":"https:\/\/news.ecclesia.org.br\/?s={search_term_string}"},"query-input":{"@type":"PropertyValueSpecification","valueRequired":true,"valueName":"search_term_string"}}],"inLanguage":"pt-BR"},{"@type":"Organization","@id":"https:\/\/news.ecclesia.org.br\/#organization","name":"Sacra Arquidiocese de Buenos Aires e Am\u00e9rica do Sul | Patriarcado Ecum\u00eanico","alternateName":"News Ecclesia Brasil","url":"https:\/\/news.ecclesia.org.br\/","logo":{"@type":"ImageObject","inLanguage":"pt-BR","@id":"https:\/\/news.ecclesia.org.br\/#\/schema\/logo\/image\/","url":"https:\/\/news.ecclesia.org.br\/wp-content\/uploads\/2025\/05\/ecclesia2.png","contentUrl":"https:\/\/news.ecclesia.org.br\/wp-content\/uploads\/2025\/05\/ecclesia2.png","width":480,"height":120,"caption":"Sacra Arquidiocese de Buenos Aires e Am\u00e9rica do Sul | Patriarcado Ecum\u00eanico"},"image":{"@id":"https:\/\/news.ecclesia.org.br\/#\/schema\/logo\/image\/"},"sameAs":["https:\/\/www.facebook.com\/Ecclesia2025","https:\/\/x.com\/EcclesiaNews","https:\/\/br.pinterest.com\/ekklisia\/","https:\/\/www.youtube.com\/@EcclesiaBrasil"]},{"@type":"Person","@id":"https:\/\/news.ecclesia.org.br\/#\/schema\/person\/6f09597f025829745ba414a569f63758","name":"Pe. Andr\u00e9","image":{"@type":"ImageObject","inLanguage":"pt-BR","@id":"https:\/\/secure.gravatar.com\/avatar\/b4327cfa27e9799da239a26adcd534fc29cdc0c4a4a148eecbcfeb9b42c617ac?s=96&d=mm&r=g","url":"https:\/\/secure.gravatar.com\/avatar\/b4327cfa27e9799da239a26adcd534fc29cdc0c4a4a148eecbcfeb9b42c617ac?s=96&d=mm&r=g","contentUrl":"https:\/\/secure.gravatar.com\/avatar\/b4327cfa27e9799da239a26adcd534fc29cdc0c4a4a148eecbcfeb9b42c617ac?s=96&d=mm&r=g","caption":"Pe. Andr\u00e9"},"sameAs":["https:\/\/www.ecclesia.org.br"]}]}},"_links":{"self":[{"href":"https:\/\/news.ecclesia.org.br\/index.php?rest_route=\/wp\/v2\/posts\/35301","targetHints":{"allow":["GET"]}}],"collection":[{"href":"https:\/\/news.ecclesia.org.br\/index.php?rest_route=\/wp\/v2\/posts"}],"about":[{"href":"https:\/\/news.ecclesia.org.br\/index.php?rest_route=\/wp\/v2\/types\/post"}],"author":[{"embeddable":true,"href":"https:\/\/news.ecclesia.org.br\/index.php?rest_route=\/wp\/v2\/users\/1"}],"replies":[{"embeddable":true,"href":"https:\/\/news.ecclesia.org.br\/index.php?rest_route=%2Fwp%2Fv2%2Fcomments&post=35301"}],"version-history":[{"count":3,"href":"https:\/\/news.ecclesia.org.br\/index.php?rest_route=\/wp\/v2\/posts\/35301\/revisions"}],"predecessor-version":[{"id":38422,"href":"https:\/\/news.ecclesia.org.br\/index.php?rest_route=\/wp\/v2\/posts\/35301\/revisions\/38422"}],"wp:attachment":[{"href":"https:\/\/news.ecclesia.org.br\/index.php?rest_route=%2Fwp%2Fv2%2Fmedia&parent=35301"}],"wp:term":[{"taxonomy":"category","embeddable":true,"href":"https:\/\/news.ecclesia.org.br\/index.php?rest_route=%2Fwp%2Fv2%2Fcategories&post=35301"},{"taxonomy":"post_tag","embeddable":true,"href":"https:\/\/news.ecclesia.org.br\/index.php?rest_route=%2Fwp%2Fv2%2Ftags&post=35301"}],"curies":[{"name":"wp","href":"https:\/\/api.w.org\/{rel}","templated":true}]}}