{"id":35268,"date":"2021-01-07T16:40:08","date_gmt":"2021-01-07T19:40:08","guid":{"rendered":"https:\/\/news.ecclesia.org.br\/?p=35268"},"modified":"2021-07-22T19:51:07","modified_gmt":"2021-07-22T22:51:07","slug":"igreja-ortodoxa-da-grecia-desafia-confinamento-para-celebrar-a-teofania","status":"publish","type":"post","link":"https:\/\/news.ecclesia.org.br\/?p=35268","title":{"rendered":"IGREJA ORTODOXA DA GR\u00c9CIA DESAFIA CONFINAMENTO PARA CELEBRAR A TEOFANIA"},"content":{"rendered":"\n<p><br>O s\u00ednodo da Igreja Ortodoxa da Gr\u00e9cia reuniu-se e decretou que as igrejas deveriam abrir nesta Quarta-feira, contrariando assim as ordens de confinamento decretadas pelo Governo para evitar a propaga\u00e7\u00e3o da Covid-19.<\/p>\n\n\n\n<p>A decis\u00e3o foi tomada depois de uma reuni\u00e3o de emerg\u00eancia do s\u00ednodo da Igreja, que n\u00e3o concorda com as medidas governamentais.<\/p>\n\n\n\n<blockquote class=\"wp-block-quote is-layout-flow wp-block-quote-is-layout-flow\"><p>\u201c<strong><em>O s\u00ednodo n\u00e3o concorda com as novas medidas do Governo sobre a opera\u00e7\u00e3o de locais de culto e insiste naquilo que foi acordado originalmente com o Estado\u201d<\/em><\/strong>, diz a Igreja, atrav\u00e9s de um comunicado.<\/p><\/blockquote>\n\n\n\n<blockquote class=\"wp-block-quote is-layout-flow wp-block-quote-is-layout-flow\"><p><strong><em>\u201cPede-se que a decis\u00e3o acima referida seja absolutamente respeitada pelo Estado, sem mais demoras, tendo em conta que todas as medidas de higiene t\u00eam sido aplicadas pelos cl\u00e9rigos em milhares de igrejas por toda a Gr\u00e9cia\u201d<\/em><\/strong>, afirma.<\/p><\/blockquote>\n\n\n\n<p>Os respons\u00e1veis pela Igreja Grega est\u00e3o assim decididos a assinalar a Teofania, a celebra\u00e7\u00e3o do batismo de Cristo, na quarta-feira, dia 6 de janeiro.<\/p>\n\n\n\n<p>O acordo a que se refere o s\u00ednodo foi firmado antes da \u00e9poca de Natal. O Governo grego disse ent\u00e3o que iria relaxar as limita\u00e7\u00f5es \u00e0 opera\u00e7\u00e3o de todos os locais de culto, permitindo a realiza\u00e7\u00e3o de celebra\u00e7\u00f5es nos dias de Natal, de Ano Novo e de Teofania. Contudo, o surto de casos de Covid-19 levou agora o Executivo a retroceder, dizendo que as restri\u00e7\u00f5es se voltariam a impor por forma a possibilitar a reabertura das escolas no dia 11 de janeiro (&#8230;)<\/p>\n\n\n\n<p class=\"has-text-align-right has-small-font-size\">Fonte: Com informa\u00e7\u00f5es de <a href=\"https:\/\/rr.sapo.pt\/2021\/01\/05\/religiao\/igreja-ortodoxa-da-grecia-desafia-confinamento-para-festejar-a-epifania\/noticia\/221128\/\" target=\"_blank\" rel=\"noreferrer noopener\">Renascen\u00e7a<\/a><\/p>\n","protected":false},"excerpt":{"rendered":"<p>O s\u00ednodo da Igreja Ortodoxa da Gr\u00e9cia reuniu-se e decretou que as igrejas deveriam abrir nesta Quarta-feira, contrariando assim as ordens de confinamento decretadas pelo Governo para evitar a propaga\u00e7\u00e3o da Covid-19. A decis\u00e3o foi tomada depois de uma reuni\u00e3o&#8230;<\/p>\n","protected":false},"author":1,"featured_media":35269,"comment_status":"open","ping_status":"open","sticky":false,"template":"","format":"standard","meta":{"_acf_changed":false,"footnotes":""},"categories":[3,1],"tags":[],"class_list":["post-35268","post","type-post","status-publish","format-standard","has-post-thumbnail","hentry","category-mundo","category-news","entry","rows-excerpt"],"acf":[],"yoast_head":"<!-- This site is optimized with the Yoast SEO plugin v27.4 - https:\/\/yoast.com\/product\/yoast-seo-wordpress\/ -->\n<title>IGREJA ORTODOXA DA GR\u00c9CIA DESAFIA CONFINAMENTO PARA CELEBRAR A TEOFANIA | ECCLESIA NEWS<\/title>\n<meta name=\"robots\" content=\"index, follow, max-snippet:-1, max-image-preview:large, max-video-preview:-1\" \/>\n<link rel=\"canonical\" href=\"https:\/\/news.ecclesia.org.br\/?p=35268\" \/>\n<meta property=\"og:locale\" content=\"pt_BR\" \/>\n<meta property=\"og:type\" content=\"article\" \/>\n<meta property=\"og:title\" content=\"IGREJA ORTODOXA DA GR\u00c9CIA DESAFIA CONFINAMENTO PARA CELEBRAR A TEOFANIA | ECCLESIA NEWS\" \/>\n<meta property=\"og:description\" content=\"O s\u00ednodo da Igreja Ortodoxa da Gr\u00e9cia reuniu-se e decretou que as igrejas deveriam abrir nesta Quarta-feira, contrariando assim as ordens de confinamento decretadas pelo Governo para evitar a propaga\u00e7\u00e3o da Covid-19. A decis\u00e3o foi tomada depois de uma reuni\u00e3o&#8230;\" \/>\n<meta property=\"og:url\" content=\"https:\/\/news.ecclesia.org.br\/?p=35268\" \/>\n<meta property=\"og:site_name\" content=\"ECCLESIA NEWS\" \/>\n<meta property=\"article:publisher\" content=\"https:\/\/www.facebook.com\/Ecclesia2025\" \/>\n<meta property=\"article:published_time\" content=\"2021-01-07T19:40:08+00:00\" \/>\n<meta property=\"article:modified_time\" content=\"2021-07-22T22:51:07+00:00\" \/>\n<meta property=\"og:image\" content=\"https:\/\/news.ecclesia.org.br\/wp-content\/uploads\/2021\/01\/primeiro-ministro-grego-com-arcebispo-ieronimos.jpg\" \/>\n\t<meta property=\"og:image:width\" content=\"1024\" \/>\n\t<meta property=\"og:image:height\" content=\"683\" \/>\n\t<meta property=\"og:image:type\" content=\"image\/jpeg\" \/>\n<meta name=\"author\" content=\"Pe. Andr\u00e9\" \/>\n<meta name=\"twitter:card\" content=\"summary_large_image\" \/>\n<meta name=\"twitter:creator\" content=\"@EcclesiaNews\" \/>\n<meta name=\"twitter:site\" content=\"@EcclesiaNews\" \/>\n<meta name=\"twitter:label1\" content=\"Escrito por\" \/>\n\t<meta name=\"twitter:data1\" content=\"Pe. Andr\u00e9\" \/>\n\t<meta name=\"twitter:label2\" content=\"Est. tempo de leitura\" \/>\n\t<meta name=\"twitter:data2\" content=\"1 minuto\" \/>\n<script type=\"application\/ld+json\" class=\"yoast-schema-graph\">{\"@context\":\"https:\\\/\\\/schema.org\",\"@graph\":[{\"@type\":\"Article\",\"@id\":\"https:\\\/\\\/news.ecclesia.org.br\\\/?p=35268#article\",\"isPartOf\":{\"@id\":\"https:\\\/\\\/news.ecclesia.org.br\\\/?p=35268\"},\"author\":{\"name\":\"Pe. Andr\u00e9\",\"@id\":\"https:\\\/\\\/news.ecclesia.org.br\\\/#\\\/schema\\\/person\\\/6f09597f025829745ba414a569f63758\"},\"headline\":\"IGREJA ORTODOXA DA GR\u00c9CIA DESAFIA CONFINAMENTO PARA CELEBRAR A TEOFANIA\",\"datePublished\":\"2021-01-07T19:40:08+00:00\",\"dateModified\":\"2021-07-22T22:51:07+00:00\",\"mainEntityOfPage\":{\"@id\":\"https:\\\/\\\/news.ecclesia.org.br\\\/?p=35268\"},\"wordCount\":271,\"commentCount\":0,\"publisher\":{\"@id\":\"https:\\\/\\\/news.ecclesia.org.br\\\/#organization\"},\"image\":{\"@id\":\"https:\\\/\\\/news.ecclesia.org.br\\\/?p=35268#primaryimage\"},\"thumbnailUrl\":\"https:\\\/\\\/news.ecclesia.org.br\\\/wp-content\\\/uploads\\\/2021\\\/01\\\/primeiro-ministro-grego-com-arcebispo-ieronimos.jpg\",\"articleSection\":[\"Mundo Ortodoxo\",\"NEWS\"],\"inLanguage\":\"pt-BR\",\"potentialAction\":[{\"@type\":\"CommentAction\",\"name\":\"Comment\",\"target\":[\"https:\\\/\\\/news.ecclesia.org.br\\\/?p=35268#respond\"]}]},{\"@type\":\"WebPage\",\"@id\":\"https:\\\/\\\/news.ecclesia.org.br\\\/?p=35268\",\"url\":\"https:\\\/\\\/news.ecclesia.org.br\\\/?p=35268\",\"name\":\"IGREJA ORTODOXA DA GR\u00c9CIA DESAFIA CONFINAMENTO PARA CELEBRAR A TEOFANIA | ECCLESIA NEWS\",\"isPartOf\":{\"@id\":\"https:\\\/\\\/news.ecclesia.org.br\\\/#website\"},\"primaryImageOfPage\":{\"@id\":\"https:\\\/\\\/news.ecclesia.org.br\\\/?p=35268#primaryimage\"},\"image\":{\"@id\":\"https:\\\/\\\/news.ecclesia.org.br\\\/?p=35268#primaryimage\"},\"thumbnailUrl\":\"https:\\\/\\\/news.ecclesia.org.br\\\/wp-content\\\/uploads\\\/2021\\\/01\\\/primeiro-ministro-grego-com-arcebispo-ieronimos.jpg\",\"datePublished\":\"2021-01-07T19:40:08+00:00\",\"dateModified\":\"2021-07-22T22:51:07+00:00\",\"breadcrumb\":{\"@id\":\"https:\\\/\\\/news.ecclesia.org.br\\\/?p=35268#breadcrumb\"},\"inLanguage\":\"pt-BR\",\"potentialAction\":[{\"@type\":\"ReadAction\",\"target\":[\"https:\\\/\\\/news.ecclesia.org.br\\\/?p=35268\"]}]},{\"@type\":\"ImageObject\",\"inLanguage\":\"pt-BR\",\"@id\":\"https:\\\/\\\/news.ecclesia.org.br\\\/?p=35268#primaryimage\",\"url\":\"https:\\\/\\\/news.ecclesia.org.br\\\/wp-content\\\/uploads\\\/2021\\\/01\\\/primeiro-ministro-grego-com-arcebispo-ieronimos.jpg\",\"contentUrl\":\"https:\\\/\\\/news.ecclesia.org.br\\\/wp-content\\\/uploads\\\/2021\\\/01\\\/primeiro-ministro-grego-com-arcebispo-ieronimos.jpg\",\"width\":1024,\"height\":683,\"caption\":\"A Igreja Ortodoxa da Gr\u00e9cia ordenou a abertura dos lugares de culto em todo o pa\u00eds, desafiando assim as ordens de confinamento decretadas pelo Governo de Atenas.\"},{\"@type\":\"BreadcrumbList\",\"@id\":\"https:\\\/\\\/news.ecclesia.org.br\\\/?p=35268#breadcrumb\",\"itemListElement\":[{\"@type\":\"ListItem\",\"position\":1,\"name\":\"In\u00edcio\",\"item\":\"https:\\\/\\\/news.ecclesia.org.br\\\/\"},{\"@type\":\"ListItem\",\"position\":2,\"name\":\"IGREJA ORTODOXA DA GR\u00c9CIA DESAFIA CONFINAMENTO PARA CELEBRAR A TEOFANIA\"}]},{\"@type\":\"WebSite\",\"@id\":\"https:\\\/\\\/news.ecclesia.org.br\\\/#website\",\"url\":\"https:\\\/\\\/news.ecclesia.org.br\\\/\",\"name\":\"Ecclesia Brasil\",\"description\":\"Desde 2003 onectando o Brasil ao mundo ortodoxo!\",\"publisher\":{\"@id\":\"https:\\\/\\\/news.ecclesia.org.br\\\/#organization\"},\"alternateName\":\"Ecclesia\",\"potentialAction\":[{\"@type\":\"SearchAction\",\"target\":{\"@type\":\"EntryPoint\",\"urlTemplate\":\"https:\\\/\\\/news.ecclesia.org.br\\\/?s={search_term_string}\"},\"query-input\":{\"@type\":\"PropertyValueSpecification\",\"valueRequired\":true,\"valueName\":\"search_term_string\"}}],\"inLanguage\":\"pt-BR\"},{\"@type\":\"Organization\",\"@id\":\"https:\\\/\\\/news.ecclesia.org.br\\\/#organization\",\"name\":\"Sacra Arquidiocese de Buenos Aires e Am\u00e9rica do Sul | Patriarcado Ecum\u00eanico\",\"alternateName\":\"News Ecclesia Brasil\",\"url\":\"https:\\\/\\\/news.ecclesia.org.br\\\/\",\"logo\":{\"@type\":\"ImageObject\",\"inLanguage\":\"pt-BR\",\"@id\":\"https:\\\/\\\/news.ecclesia.org.br\\\/#\\\/schema\\\/logo\\\/image\\\/\",\"url\":\"https:\\\/\\\/news.ecclesia.org.br\\\/wp-content\\\/uploads\\\/2025\\\/05\\\/ecclesia2.png\",\"contentUrl\":\"https:\\\/\\\/news.ecclesia.org.br\\\/wp-content\\\/uploads\\\/2025\\\/05\\\/ecclesia2.png\",\"width\":480,\"height\":120,\"caption\":\"Sacra Arquidiocese de Buenos Aires e Am\u00e9rica do Sul | Patriarcado Ecum\u00eanico\"},\"image\":{\"@id\":\"https:\\\/\\\/news.ecclesia.org.br\\\/#\\\/schema\\\/logo\\\/image\\\/\"},\"sameAs\":[\"https:\\\/\\\/www.facebook.com\\\/Ecclesia2025\",\"https:\\\/\\\/x.com\\\/EcclesiaNews\",\"https:\\\/\\\/br.pinterest.com\\\/ekklisia\\\/\",\"https:\\\/\\\/www.youtube.com\\\/@EcclesiaBrasil\"]},{\"@type\":\"Person\",\"@id\":\"https:\\\/\\\/news.ecclesia.org.br\\\/#\\\/schema\\\/person\\\/6f09597f025829745ba414a569f63758\",\"name\":\"Pe. Andr\u00e9\",\"image\":{\"@type\":\"ImageObject\",\"inLanguage\":\"pt-BR\",\"@id\":\"https:\\\/\\\/secure.gravatar.com\\\/avatar\\\/b4327cfa27e9799da239a26adcd534fc29cdc0c4a4a148eecbcfeb9b42c617ac?s=96&d=mm&r=g\",\"url\":\"https:\\\/\\\/secure.gravatar.com\\\/avatar\\\/b4327cfa27e9799da239a26adcd534fc29cdc0c4a4a148eecbcfeb9b42c617ac?s=96&d=mm&r=g\",\"contentUrl\":\"https:\\\/\\\/secure.gravatar.com\\\/avatar\\\/b4327cfa27e9799da239a26adcd534fc29cdc0c4a4a148eecbcfeb9b42c617ac?s=96&d=mm&r=g\",\"caption\":\"Pe. Andr\u00e9\"},\"sameAs\":[\"https:\\\/\\\/www.ecclesia.org.br\"]}]}<\/script>\n<!-- \/ Yoast SEO plugin. -->","yoast_head_json":{"title":"IGREJA ORTODOXA DA GR\u00c9CIA DESAFIA CONFINAMENTO PARA CELEBRAR A TEOFANIA | ECCLESIA NEWS","robots":{"index":"index","follow":"follow","max-snippet":"max-snippet:-1","max-image-preview":"max-image-preview:large","max-video-preview":"max-video-preview:-1"},"canonical":"https:\/\/news.ecclesia.org.br\/?p=35268","og_locale":"pt_BR","og_type":"article","og_title":"IGREJA ORTODOXA DA GR\u00c9CIA DESAFIA CONFINAMENTO PARA CELEBRAR A TEOFANIA | ECCLESIA NEWS","og_description":"O s\u00ednodo da Igreja Ortodoxa da Gr\u00e9cia reuniu-se e decretou que as igrejas deveriam abrir nesta Quarta-feira, contrariando assim as ordens de confinamento decretadas pelo Governo para evitar a propaga\u00e7\u00e3o da Covid-19. A decis\u00e3o foi tomada depois de uma reuni\u00e3o&#8230;","og_url":"https:\/\/news.ecclesia.org.br\/?p=35268","og_site_name":"ECCLESIA NEWS","article_publisher":"https:\/\/www.facebook.com\/Ecclesia2025","article_published_time":"2021-01-07T19:40:08+00:00","article_modified_time":"2021-07-22T22:51:07+00:00","og_image":[{"width":1024,"height":683,"url":"https:\/\/news.ecclesia.org.br\/wp-content\/uploads\/2021\/01\/primeiro-ministro-grego-com-arcebispo-ieronimos.jpg","type":"image\/jpeg"}],"author":"Pe. Andr\u00e9","twitter_card":"summary_large_image","twitter_creator":"@EcclesiaNews","twitter_site":"@EcclesiaNews","twitter_misc":{"Escrito por":"Pe. Andr\u00e9","Est. tempo de leitura":"1 minuto"},"schema":{"@context":"https:\/\/schema.org","@graph":[{"@type":"Article","@id":"https:\/\/news.ecclesia.org.br\/?p=35268#article","isPartOf":{"@id":"https:\/\/news.ecclesia.org.br\/?p=35268"},"author":{"name":"Pe. Andr\u00e9","@id":"https:\/\/news.ecclesia.org.br\/#\/schema\/person\/6f09597f025829745ba414a569f63758"},"headline":"IGREJA ORTODOXA DA GR\u00c9CIA DESAFIA CONFINAMENTO PARA CELEBRAR A TEOFANIA","datePublished":"2021-01-07T19:40:08+00:00","dateModified":"2021-07-22T22:51:07+00:00","mainEntityOfPage":{"@id":"https:\/\/news.ecclesia.org.br\/?p=35268"},"wordCount":271,"commentCount":0,"publisher":{"@id":"https:\/\/news.ecclesia.org.br\/#organization"},"image":{"@id":"https:\/\/news.ecclesia.org.br\/?p=35268#primaryimage"},"thumbnailUrl":"https:\/\/news.ecclesia.org.br\/wp-content\/uploads\/2021\/01\/primeiro-ministro-grego-com-arcebispo-ieronimos.jpg","articleSection":["Mundo Ortodoxo","NEWS"],"inLanguage":"pt-BR","potentialAction":[{"@type":"CommentAction","name":"Comment","target":["https:\/\/news.ecclesia.org.br\/?p=35268#respond"]}]},{"@type":"WebPage","@id":"https:\/\/news.ecclesia.org.br\/?p=35268","url":"https:\/\/news.ecclesia.org.br\/?p=35268","name":"IGREJA ORTODOXA DA GR\u00c9CIA DESAFIA CONFINAMENTO PARA CELEBRAR A TEOFANIA | ECCLESIA NEWS","isPartOf":{"@id":"https:\/\/news.ecclesia.org.br\/#website"},"primaryImageOfPage":{"@id":"https:\/\/news.ecclesia.org.br\/?p=35268#primaryimage"},"image":{"@id":"https:\/\/news.ecclesia.org.br\/?p=35268#primaryimage"},"thumbnailUrl":"https:\/\/news.ecclesia.org.br\/wp-content\/uploads\/2021\/01\/primeiro-ministro-grego-com-arcebispo-ieronimos.jpg","datePublished":"2021-01-07T19:40:08+00:00","dateModified":"2021-07-22T22:51:07+00:00","breadcrumb":{"@id":"https:\/\/news.ecclesia.org.br\/?p=35268#breadcrumb"},"inLanguage":"pt-BR","potentialAction":[{"@type":"ReadAction","target":["https:\/\/news.ecclesia.org.br\/?p=35268"]}]},{"@type":"ImageObject","inLanguage":"pt-BR","@id":"https:\/\/news.ecclesia.org.br\/?p=35268#primaryimage","url":"https:\/\/news.ecclesia.org.br\/wp-content\/uploads\/2021\/01\/primeiro-ministro-grego-com-arcebispo-ieronimos.jpg","contentUrl":"https:\/\/news.ecclesia.org.br\/wp-content\/uploads\/2021\/01\/primeiro-ministro-grego-com-arcebispo-ieronimos.jpg","width":1024,"height":683,"caption":"A Igreja Ortodoxa da Gr\u00e9cia ordenou a abertura dos lugares de culto em todo o pa\u00eds, desafiando assim as ordens de confinamento decretadas pelo Governo de Atenas."},{"@type":"BreadcrumbList","@id":"https:\/\/news.ecclesia.org.br\/?p=35268#breadcrumb","itemListElement":[{"@type":"ListItem","position":1,"name":"In\u00edcio","item":"https:\/\/news.ecclesia.org.br\/"},{"@type":"ListItem","position":2,"name":"IGREJA ORTODOXA DA GR\u00c9CIA DESAFIA CONFINAMENTO PARA CELEBRAR A TEOFANIA"}]},{"@type":"WebSite","@id":"https:\/\/news.ecclesia.org.br\/#website","url":"https:\/\/news.ecclesia.org.br\/","name":"Ecclesia Brasil","description":"Desde 2003 onectando o Brasil ao mundo ortodoxo!","publisher":{"@id":"https:\/\/news.ecclesia.org.br\/#organization"},"alternateName":"Ecclesia","potentialAction":[{"@type":"SearchAction","target":{"@type":"EntryPoint","urlTemplate":"https:\/\/news.ecclesia.org.br\/?s={search_term_string}"},"query-input":{"@type":"PropertyValueSpecification","valueRequired":true,"valueName":"search_term_string"}}],"inLanguage":"pt-BR"},{"@type":"Organization","@id":"https:\/\/news.ecclesia.org.br\/#organization","name":"Sacra Arquidiocese de Buenos Aires e Am\u00e9rica do Sul | Patriarcado Ecum\u00eanico","alternateName":"News Ecclesia Brasil","url":"https:\/\/news.ecclesia.org.br\/","logo":{"@type":"ImageObject","inLanguage":"pt-BR","@id":"https:\/\/news.ecclesia.org.br\/#\/schema\/logo\/image\/","url":"https:\/\/news.ecclesia.org.br\/wp-content\/uploads\/2025\/05\/ecclesia2.png","contentUrl":"https:\/\/news.ecclesia.org.br\/wp-content\/uploads\/2025\/05\/ecclesia2.png","width":480,"height":120,"caption":"Sacra Arquidiocese de Buenos Aires e Am\u00e9rica do Sul | Patriarcado Ecum\u00eanico"},"image":{"@id":"https:\/\/news.ecclesia.org.br\/#\/schema\/logo\/image\/"},"sameAs":["https:\/\/www.facebook.com\/Ecclesia2025","https:\/\/x.com\/EcclesiaNews","https:\/\/br.pinterest.com\/ekklisia\/","https:\/\/www.youtube.com\/@EcclesiaBrasil"]},{"@type":"Person","@id":"https:\/\/news.ecclesia.org.br\/#\/schema\/person\/6f09597f025829745ba414a569f63758","name":"Pe. Andr\u00e9","image":{"@type":"ImageObject","inLanguage":"pt-BR","@id":"https:\/\/secure.gravatar.com\/avatar\/b4327cfa27e9799da239a26adcd534fc29cdc0c4a4a148eecbcfeb9b42c617ac?s=96&d=mm&r=g","url":"https:\/\/secure.gravatar.com\/avatar\/b4327cfa27e9799da239a26adcd534fc29cdc0c4a4a148eecbcfeb9b42c617ac?s=96&d=mm&r=g","contentUrl":"https:\/\/secure.gravatar.com\/avatar\/b4327cfa27e9799da239a26adcd534fc29cdc0c4a4a148eecbcfeb9b42c617ac?s=96&d=mm&r=g","caption":"Pe. Andr\u00e9"},"sameAs":["https:\/\/www.ecclesia.org.br"]}]}},"_links":{"self":[{"href":"https:\/\/news.ecclesia.org.br\/index.php?rest_route=\/wp\/v2\/posts\/35268","targetHints":{"allow":["GET"]}}],"collection":[{"href":"https:\/\/news.ecclesia.org.br\/index.php?rest_route=\/wp\/v2\/posts"}],"about":[{"href":"https:\/\/news.ecclesia.org.br\/index.php?rest_route=\/wp\/v2\/types\/post"}],"author":[{"embeddable":true,"href":"https:\/\/news.ecclesia.org.br\/index.php?rest_route=\/wp\/v2\/users\/1"}],"replies":[{"embeddable":true,"href":"https:\/\/news.ecclesia.org.br\/index.php?rest_route=%2Fwp%2Fv2%2Fcomments&post=35268"}],"version-history":[{"count":2,"href":"https:\/\/news.ecclesia.org.br\/index.php?rest_route=\/wp\/v2\/posts\/35268\/revisions"}],"predecessor-version":[{"id":35290,"href":"https:\/\/news.ecclesia.org.br\/index.php?rest_route=\/wp\/v2\/posts\/35268\/revisions\/35290"}],"wp:featuredmedia":[{"embeddable":true,"href":"https:\/\/news.ecclesia.org.br\/index.php?rest_route=\/wp\/v2\/media\/35269"}],"wp:attachment":[{"href":"https:\/\/news.ecclesia.org.br\/index.php?rest_route=%2Fwp%2Fv2%2Fmedia&parent=35268"}],"wp:term":[{"taxonomy":"category","embeddable":true,"href":"https:\/\/news.ecclesia.org.br\/index.php?rest_route=%2Fwp%2Fv2%2Fcategories&post=35268"},{"taxonomy":"post_tag","embeddable":true,"href":"https:\/\/news.ecclesia.org.br\/index.php?rest_route=%2Fwp%2Fv2%2Ftags&post=35268"}],"curies":[{"name":"wp","href":"https:\/\/api.w.org\/{rel}","templated":true}]}}