{"id":34782,"date":"2020-11-26T19:15:44","date_gmt":"2020-11-26T22:15:44","guid":{"rendered":"https:\/\/news.ecclesia.org.br\/?p=34782"},"modified":"2021-07-22T19:51:08","modified_gmt":"2021-07-22T22:51:08","slug":"hierarcas-ortodoxos-da-argentina-manifestam-se-contrarios-ao-projeto-de-lei-favoravel-ao-aborto-naquele-pais","status":"publish","type":"post","link":"https:\/\/news.ecclesia.org.br\/?p=34782","title":{"rendered":"HIERARCAS ORTODOXOS DA ARGENTINA MANIFESTAM-SE CONTR\u00c1RIOS AO PROJETO DE LEI FAVOR\u00c1VEL AO ABORTO NAQUELE PA\u00cdS"},"content":{"rendered":"\n<p class=\"has-drop-cap\">Os hierarcas ortodoxos da Argentina trouxeram \u00e0 p\u00fablico uma manifesta\u00e7\u00e3o conjunta em que expressam posi\u00e7\u00e3o comum da Igreja Ortodoxa naquele pa\u00eds sobre o projeto de lei favor\u00e1vel ao aborto que j\u00e1 foi aprovado pelo poder executivo, devendo agora ser encaminhado para aprecia\u00e7\u00e3o dos membros da C\u00e2mara. Isto ocorre num momento muito particular em raz\u00e3o da pandemia do COVID-19 que amea\u00e7a a vida humana em todo mundo. Neste sentido, chamam especial aten\u00e7\u00e3o ao cuidado com a vida das pessoas desde a sua concep\u00e7\u00e3o, compreendendo-a como uma d\u00e1diva de Deus.<\/p>\n\n\n\n<p>Em um texto simples e direto se referem a esta situa\u00e7\u00e3o, informando ao rebanho ortodoxo, em particular, e a todos os cidad\u00e3os argentinos sobre sua posi\u00e7\u00e3o a respeito, conforme segue:<\/p>\n\n\n\n\t\t<div class=\"wppdfemb-frame-container-1\" style=\"-webkit-overflow-scrolling:auto;\">\n\t\t\t<iframe class=\"pdfembed-iframe nonfullscreen wppdf-emb-iframe-1\"\n\t\t\t\tsrc=\"https:\/\/news.ecclesia.org.br\/?pdfemb-data=eyJwZGZJRCI6MzQ3ODMsInVybCI6Imh0dHBzOlwvXC9uZXdzLmVjY2xlc2lhLm9yZy5iclwvd3AtY29udGVudFwvdXBsb2Fkc1wvMjAyMFwvMTFcL0NhcnRhLWRlLWxvcy1PYmlzcG9zLU9ydG9kb3hvcy1zb2JyZS1lbC1BYm9ydG8tMjMtZGUtbm92aWVtYnJlLWRlLTIwMjAucGRmIiwiaW5kZXgiOjF9\"\n\t\t\t\t\t\t\t\tdata-pdf-id=\"34783\"\n\t\t\t\tdata-pdf-index=\"1\"\n\t\t\t\tstyle=\"border:none;width:100%;max-width:100%;height:100vh;\"\n\t\t\t\tscrolling=\"yes\">\n\t\t\t<\/iframe>\n\t\t<\/div>\n\n\t\t\n<p class=\"wp-block-pdfemb-pdf-embedder-viewer\"><\/p>\n\n\n\n<p class=\"has-text-align-right\">Fonte: <a href=\"https:\/\/ortodoxia.com.ar\/\" target=\"_blank\" rel=\"noreferrer noopener\">Ortodoxia.com.ar<\/a><\/p>\n","protected":false},"excerpt":{"rendered":"<p>Os hierarcas ortodoxos da Argentina trouxeram \u00e0 p\u00fablico uma manifesta\u00e7\u00e3o conjunta em que expressam posi\u00e7\u00e3o comum da Igreja Ortodoxa naquele pa\u00eds sobre o projeto de lei favor\u00e1vel ao aborto que j\u00e1 foi aprovado pelo poder executivo, devendo agora ser encaminhado&#8230;<\/p>\n","protected":false},"author":1,"featured_media":34784,"comment_status":"open","ping_status":"open","sticky":false,"template":"","format":"standard","meta":{"_acf_changed":false,"footnotes":""},"categories":[40,1],"tags":[],"class_list":["post-34782","post","type-post","status-publish","format-standard","has-post-thumbnail","hentry","category-arquidiocese-de-buenos-aires-e-america-do-sul","category-news","entry","rows-excerpt"],"acf":[],"yoast_head":"<!-- This site is optimized with the Yoast SEO plugin v27.4 - https:\/\/yoast.com\/product\/yoast-seo-wordpress\/ -->\n<title>HIERARCAS ORTODOXOS DA ARGENTINA MANIFESTAM-SE CONTR\u00c1RIOS AO PROJETO DE LEI FAVOR\u00c1VEL AO ABORTO NAQUELE PA\u00cdS | ECCLESIA NEWS<\/title>\n<meta name=\"robots\" content=\"index, follow, max-snippet:-1, max-image-preview:large, max-video-preview:-1\" \/>\n<link rel=\"canonical\" href=\"https:\/\/news.ecclesia.org.br\/?p=34782\" \/>\n<meta property=\"og:locale\" content=\"pt_BR\" \/>\n<meta property=\"og:type\" content=\"article\" \/>\n<meta property=\"og:title\" content=\"HIERARCAS ORTODOXOS DA ARGENTINA MANIFESTAM-SE CONTR\u00c1RIOS AO PROJETO DE LEI FAVOR\u00c1VEL AO ABORTO NAQUELE PA\u00cdS | ECCLESIA NEWS\" \/>\n<meta property=\"og:description\" content=\"Os hierarcas ortodoxos da Argentina trouxeram \u00e0 p\u00fablico uma manifesta\u00e7\u00e3o conjunta em que expressam posi\u00e7\u00e3o comum da Igreja Ortodoxa naquele pa\u00eds sobre o projeto de lei favor\u00e1vel ao aborto que j\u00e1 foi aprovado pelo poder executivo, devendo agora ser encaminhado&#8230;\" \/>\n<meta property=\"og:url\" content=\"https:\/\/news.ecclesia.org.br\/?p=34782\" \/>\n<meta property=\"og:site_name\" content=\"ECCLESIA NEWS\" \/>\n<meta property=\"article:publisher\" content=\"https:\/\/www.facebook.com\/Ecclesia2025\" \/>\n<meta property=\"article:published_time\" content=\"2020-11-26T22:15:44+00:00\" \/>\n<meta property=\"article:modified_time\" content=\"2021-07-22T22:51:08+00:00\" \/>\n<meta property=\"og:image\" content=\"https:\/\/news.ecclesia.org.br\/wp-content\/uploads\/2020\/11\/ierarquia-ortodoxa-argentina.jpg\" \/>\n\t<meta property=\"og:image:width\" content=\"748\" \/>\n\t<meta property=\"og:image:height\" content=\"400\" \/>\n\t<meta property=\"og:image:type\" content=\"image\/jpeg\" \/>\n<meta name=\"author\" content=\"Pe. Andr\u00e9\" \/>\n<meta name=\"twitter:card\" content=\"summary_large_image\" \/>\n<meta name=\"twitter:creator\" content=\"@EcclesiaNews\" \/>\n<meta name=\"twitter:site\" content=\"@EcclesiaNews\" \/>\n<meta name=\"twitter:label1\" content=\"Escrito por\" \/>\n\t<meta name=\"twitter:data1\" content=\"Pe. Andr\u00e9\" \/>\n\t<meta name=\"twitter:label2\" content=\"Est. tempo de leitura\" \/>\n\t<meta name=\"twitter:data2\" content=\"1 minuto\" \/>\n<script type=\"application\/ld+json\" class=\"yoast-schema-graph\">{\"@context\":\"https:\\\/\\\/schema.org\",\"@graph\":[{\"@type\":\"Article\",\"@id\":\"https:\\\/\\\/news.ecclesia.org.br\\\/?p=34782#article\",\"isPartOf\":{\"@id\":\"https:\\\/\\\/news.ecclesia.org.br\\\/?p=34782\"},\"author\":{\"name\":\"Pe. Andr\u00e9\",\"@id\":\"https:\\\/\\\/news.ecclesia.org.br\\\/#\\\/schema\\\/person\\\/6f09597f025829745ba414a569f63758\"},\"headline\":\"HIERARCAS ORTODOXOS DA ARGENTINA MANIFESTAM-SE CONTR\u00c1RIOS AO PROJETO DE LEI FAVOR\u00c1VEL AO ABORTO NAQUELE PA\u00cdS\",\"datePublished\":\"2020-11-26T22:15:44+00:00\",\"dateModified\":\"2021-07-22T22:51:08+00:00\",\"mainEntityOfPage\":{\"@id\":\"https:\\\/\\\/news.ecclesia.org.br\\\/?p=34782\"},\"wordCount\":154,\"commentCount\":0,\"publisher\":{\"@id\":\"https:\\\/\\\/news.ecclesia.org.br\\\/#organization\"},\"image\":{\"@id\":\"https:\\\/\\\/news.ecclesia.org.br\\\/?p=34782#primaryimage\"},\"thumbnailUrl\":\"https:\\\/\\\/news.ecclesia.org.br\\\/wp-content\\\/uploads\\\/2020\\\/11\\\/ierarquia-ortodoxa-argentina.jpg\",\"articleSection\":[\"Arquidiocese de Buenos Aires e Am\u00e9rica do Sul\",\"NEWS\"],\"inLanguage\":\"pt-BR\",\"potentialAction\":[{\"@type\":\"CommentAction\",\"name\":\"Comment\",\"target\":[\"https:\\\/\\\/news.ecclesia.org.br\\\/?p=34782#respond\"]}]},{\"@type\":\"WebPage\",\"@id\":\"https:\\\/\\\/news.ecclesia.org.br\\\/?p=34782\",\"url\":\"https:\\\/\\\/news.ecclesia.org.br\\\/?p=34782\",\"name\":\"HIERARCAS ORTODOXOS DA ARGENTINA MANIFESTAM-SE CONTR\u00c1RIOS AO PROJETO DE LEI FAVOR\u00c1VEL AO ABORTO NAQUELE PA\u00cdS | ECCLESIA NEWS\",\"isPartOf\":{\"@id\":\"https:\\\/\\\/news.ecclesia.org.br\\\/#website\"},\"primaryImageOfPage\":{\"@id\":\"https:\\\/\\\/news.ecclesia.org.br\\\/?p=34782#primaryimage\"},\"image\":{\"@id\":\"https:\\\/\\\/news.ecclesia.org.br\\\/?p=34782#primaryimage\"},\"thumbnailUrl\":\"https:\\\/\\\/news.ecclesia.org.br\\\/wp-content\\\/uploads\\\/2020\\\/11\\\/ierarquia-ortodoxa-argentina.jpg\",\"datePublished\":\"2020-11-26T22:15:44+00:00\",\"dateModified\":\"2021-07-22T22:51:08+00:00\",\"breadcrumb\":{\"@id\":\"https:\\\/\\\/news.ecclesia.org.br\\\/?p=34782#breadcrumb\"},\"inLanguage\":\"pt-BR\",\"potentialAction\":[{\"@type\":\"ReadAction\",\"target\":[\"https:\\\/\\\/news.ecclesia.org.br\\\/?p=34782\"]}]},{\"@type\":\"ImageObject\",\"inLanguage\":\"pt-BR\",\"@id\":\"https:\\\/\\\/news.ecclesia.org.br\\\/?p=34782#primaryimage\",\"url\":\"https:\\\/\\\/news.ecclesia.org.br\\\/wp-content\\\/uploads\\\/2020\\\/11\\\/ierarquia-ortodoxa-argentina.jpg\",\"contentUrl\":\"https:\\\/\\\/news.ecclesia.org.br\\\/wp-content\\\/uploads\\\/2020\\\/11\\\/ierarquia-ortodoxa-argentina.jpg\",\"width\":748,\"height\":400},{\"@type\":\"BreadcrumbList\",\"@id\":\"https:\\\/\\\/news.ecclesia.org.br\\\/?p=34782#breadcrumb\",\"itemListElement\":[{\"@type\":\"ListItem\",\"position\":1,\"name\":\"In\u00edcio\",\"item\":\"https:\\\/\\\/news.ecclesia.org.br\\\/\"},{\"@type\":\"ListItem\",\"position\":2,\"name\":\"HIERARCAS ORTODOXOS DA ARGENTINA MANIFESTAM-SE CONTR\u00c1RIOS AO PROJETO DE LEI FAVOR\u00c1VEL AO ABORTO NAQUELE PA\u00cdS\"}]},{\"@type\":\"WebSite\",\"@id\":\"https:\\\/\\\/news.ecclesia.org.br\\\/#website\",\"url\":\"https:\\\/\\\/news.ecclesia.org.br\\\/\",\"name\":\"Ecclesia Brasil\",\"description\":\"Desde 2003 onectando o Brasil ao mundo ortodoxo!\",\"publisher\":{\"@id\":\"https:\\\/\\\/news.ecclesia.org.br\\\/#organization\"},\"alternateName\":\"Ecclesia\",\"potentialAction\":[{\"@type\":\"SearchAction\",\"target\":{\"@type\":\"EntryPoint\",\"urlTemplate\":\"https:\\\/\\\/news.ecclesia.org.br\\\/?s={search_term_string}\"},\"query-input\":{\"@type\":\"PropertyValueSpecification\",\"valueRequired\":true,\"valueName\":\"search_term_string\"}}],\"inLanguage\":\"pt-BR\"},{\"@type\":\"Organization\",\"@id\":\"https:\\\/\\\/news.ecclesia.org.br\\\/#organization\",\"name\":\"Sacra Arquidiocese de Buenos Aires e Am\u00e9rica do Sul | Patriarcado Ecum\u00eanico\",\"alternateName\":\"News Ecclesia Brasil\",\"url\":\"https:\\\/\\\/news.ecclesia.org.br\\\/\",\"logo\":{\"@type\":\"ImageObject\",\"inLanguage\":\"pt-BR\",\"@id\":\"https:\\\/\\\/news.ecclesia.org.br\\\/#\\\/schema\\\/logo\\\/image\\\/\",\"url\":\"https:\\\/\\\/news.ecclesia.org.br\\\/wp-content\\\/uploads\\\/2025\\\/05\\\/ecclesia2.png\",\"contentUrl\":\"https:\\\/\\\/news.ecclesia.org.br\\\/wp-content\\\/uploads\\\/2025\\\/05\\\/ecclesia2.png\",\"width\":480,\"height\":120,\"caption\":\"Sacra Arquidiocese de Buenos Aires e Am\u00e9rica do Sul | Patriarcado Ecum\u00eanico\"},\"image\":{\"@id\":\"https:\\\/\\\/news.ecclesia.org.br\\\/#\\\/schema\\\/logo\\\/image\\\/\"},\"sameAs\":[\"https:\\\/\\\/www.facebook.com\\\/Ecclesia2025\",\"https:\\\/\\\/x.com\\\/EcclesiaNews\",\"https:\\\/\\\/br.pinterest.com\\\/ekklisia\\\/\",\"https:\\\/\\\/www.youtube.com\\\/@EcclesiaBrasil\"]},{\"@type\":\"Person\",\"@id\":\"https:\\\/\\\/news.ecclesia.org.br\\\/#\\\/schema\\\/person\\\/6f09597f025829745ba414a569f63758\",\"name\":\"Pe. Andr\u00e9\",\"image\":{\"@type\":\"ImageObject\",\"inLanguage\":\"pt-BR\",\"@id\":\"https:\\\/\\\/secure.gravatar.com\\\/avatar\\\/b4327cfa27e9799da239a26adcd534fc29cdc0c4a4a148eecbcfeb9b42c617ac?s=96&d=mm&r=g\",\"url\":\"https:\\\/\\\/secure.gravatar.com\\\/avatar\\\/b4327cfa27e9799da239a26adcd534fc29cdc0c4a4a148eecbcfeb9b42c617ac?s=96&d=mm&r=g\",\"contentUrl\":\"https:\\\/\\\/secure.gravatar.com\\\/avatar\\\/b4327cfa27e9799da239a26adcd534fc29cdc0c4a4a148eecbcfeb9b42c617ac?s=96&d=mm&r=g\",\"caption\":\"Pe. Andr\u00e9\"},\"sameAs\":[\"https:\\\/\\\/www.ecclesia.org.br\"]}]}<\/script>\n<!-- \/ Yoast SEO plugin. -->","yoast_head_json":{"title":"HIERARCAS ORTODOXOS DA ARGENTINA MANIFESTAM-SE CONTR\u00c1RIOS AO PROJETO DE LEI FAVOR\u00c1VEL AO ABORTO NAQUELE PA\u00cdS | ECCLESIA NEWS","robots":{"index":"index","follow":"follow","max-snippet":"max-snippet:-1","max-image-preview":"max-image-preview:large","max-video-preview":"max-video-preview:-1"},"canonical":"https:\/\/news.ecclesia.org.br\/?p=34782","og_locale":"pt_BR","og_type":"article","og_title":"HIERARCAS ORTODOXOS DA ARGENTINA MANIFESTAM-SE CONTR\u00c1RIOS AO PROJETO DE LEI FAVOR\u00c1VEL AO ABORTO NAQUELE PA\u00cdS | ECCLESIA NEWS","og_description":"Os hierarcas ortodoxos da Argentina trouxeram \u00e0 p\u00fablico uma manifesta\u00e7\u00e3o conjunta em que expressam posi\u00e7\u00e3o comum da Igreja Ortodoxa naquele pa\u00eds sobre o projeto de lei favor\u00e1vel ao aborto que j\u00e1 foi aprovado pelo poder executivo, devendo agora ser encaminhado&#8230;","og_url":"https:\/\/news.ecclesia.org.br\/?p=34782","og_site_name":"ECCLESIA NEWS","article_publisher":"https:\/\/www.facebook.com\/Ecclesia2025","article_published_time":"2020-11-26T22:15:44+00:00","article_modified_time":"2021-07-22T22:51:08+00:00","og_image":[{"width":748,"height":400,"url":"https:\/\/news.ecclesia.org.br\/wp-content\/uploads\/2020\/11\/ierarquia-ortodoxa-argentina.jpg","type":"image\/jpeg"}],"author":"Pe. Andr\u00e9","twitter_card":"summary_large_image","twitter_creator":"@EcclesiaNews","twitter_site":"@EcclesiaNews","twitter_misc":{"Escrito por":"Pe. Andr\u00e9","Est. tempo de leitura":"1 minuto"},"schema":{"@context":"https:\/\/schema.org","@graph":[{"@type":"Article","@id":"https:\/\/news.ecclesia.org.br\/?p=34782#article","isPartOf":{"@id":"https:\/\/news.ecclesia.org.br\/?p=34782"},"author":{"name":"Pe. Andr\u00e9","@id":"https:\/\/news.ecclesia.org.br\/#\/schema\/person\/6f09597f025829745ba414a569f63758"},"headline":"HIERARCAS ORTODOXOS DA ARGENTINA MANIFESTAM-SE CONTR\u00c1RIOS AO PROJETO DE LEI FAVOR\u00c1VEL AO ABORTO NAQUELE PA\u00cdS","datePublished":"2020-11-26T22:15:44+00:00","dateModified":"2021-07-22T22:51:08+00:00","mainEntityOfPage":{"@id":"https:\/\/news.ecclesia.org.br\/?p=34782"},"wordCount":154,"commentCount":0,"publisher":{"@id":"https:\/\/news.ecclesia.org.br\/#organization"},"image":{"@id":"https:\/\/news.ecclesia.org.br\/?p=34782#primaryimage"},"thumbnailUrl":"https:\/\/news.ecclesia.org.br\/wp-content\/uploads\/2020\/11\/ierarquia-ortodoxa-argentina.jpg","articleSection":["Arquidiocese de Buenos Aires e Am\u00e9rica do Sul","NEWS"],"inLanguage":"pt-BR","potentialAction":[{"@type":"CommentAction","name":"Comment","target":["https:\/\/news.ecclesia.org.br\/?p=34782#respond"]}]},{"@type":"WebPage","@id":"https:\/\/news.ecclesia.org.br\/?p=34782","url":"https:\/\/news.ecclesia.org.br\/?p=34782","name":"HIERARCAS ORTODOXOS DA ARGENTINA MANIFESTAM-SE CONTR\u00c1RIOS AO PROJETO DE LEI FAVOR\u00c1VEL AO ABORTO NAQUELE PA\u00cdS | ECCLESIA NEWS","isPartOf":{"@id":"https:\/\/news.ecclesia.org.br\/#website"},"primaryImageOfPage":{"@id":"https:\/\/news.ecclesia.org.br\/?p=34782#primaryimage"},"image":{"@id":"https:\/\/news.ecclesia.org.br\/?p=34782#primaryimage"},"thumbnailUrl":"https:\/\/news.ecclesia.org.br\/wp-content\/uploads\/2020\/11\/ierarquia-ortodoxa-argentina.jpg","datePublished":"2020-11-26T22:15:44+00:00","dateModified":"2021-07-22T22:51:08+00:00","breadcrumb":{"@id":"https:\/\/news.ecclesia.org.br\/?p=34782#breadcrumb"},"inLanguage":"pt-BR","potentialAction":[{"@type":"ReadAction","target":["https:\/\/news.ecclesia.org.br\/?p=34782"]}]},{"@type":"ImageObject","inLanguage":"pt-BR","@id":"https:\/\/news.ecclesia.org.br\/?p=34782#primaryimage","url":"https:\/\/news.ecclesia.org.br\/wp-content\/uploads\/2020\/11\/ierarquia-ortodoxa-argentina.jpg","contentUrl":"https:\/\/news.ecclesia.org.br\/wp-content\/uploads\/2020\/11\/ierarquia-ortodoxa-argentina.jpg","width":748,"height":400},{"@type":"BreadcrumbList","@id":"https:\/\/news.ecclesia.org.br\/?p=34782#breadcrumb","itemListElement":[{"@type":"ListItem","position":1,"name":"In\u00edcio","item":"https:\/\/news.ecclesia.org.br\/"},{"@type":"ListItem","position":2,"name":"HIERARCAS ORTODOXOS DA ARGENTINA MANIFESTAM-SE CONTR\u00c1RIOS AO PROJETO DE LEI FAVOR\u00c1VEL AO ABORTO NAQUELE PA\u00cdS"}]},{"@type":"WebSite","@id":"https:\/\/news.ecclesia.org.br\/#website","url":"https:\/\/news.ecclesia.org.br\/","name":"Ecclesia Brasil","description":"Desde 2003 onectando o Brasil ao mundo ortodoxo!","publisher":{"@id":"https:\/\/news.ecclesia.org.br\/#organization"},"alternateName":"Ecclesia","potentialAction":[{"@type":"SearchAction","target":{"@type":"EntryPoint","urlTemplate":"https:\/\/news.ecclesia.org.br\/?s={search_term_string}"},"query-input":{"@type":"PropertyValueSpecification","valueRequired":true,"valueName":"search_term_string"}}],"inLanguage":"pt-BR"},{"@type":"Organization","@id":"https:\/\/news.ecclesia.org.br\/#organization","name":"Sacra Arquidiocese de Buenos Aires e Am\u00e9rica do Sul | Patriarcado Ecum\u00eanico","alternateName":"News Ecclesia Brasil","url":"https:\/\/news.ecclesia.org.br\/","logo":{"@type":"ImageObject","inLanguage":"pt-BR","@id":"https:\/\/news.ecclesia.org.br\/#\/schema\/logo\/image\/","url":"https:\/\/news.ecclesia.org.br\/wp-content\/uploads\/2025\/05\/ecclesia2.png","contentUrl":"https:\/\/news.ecclesia.org.br\/wp-content\/uploads\/2025\/05\/ecclesia2.png","width":480,"height":120,"caption":"Sacra Arquidiocese de Buenos Aires e Am\u00e9rica do Sul | Patriarcado Ecum\u00eanico"},"image":{"@id":"https:\/\/news.ecclesia.org.br\/#\/schema\/logo\/image\/"},"sameAs":["https:\/\/www.facebook.com\/Ecclesia2025","https:\/\/x.com\/EcclesiaNews","https:\/\/br.pinterest.com\/ekklisia\/","https:\/\/www.youtube.com\/@EcclesiaBrasil"]},{"@type":"Person","@id":"https:\/\/news.ecclesia.org.br\/#\/schema\/person\/6f09597f025829745ba414a569f63758","name":"Pe. Andr\u00e9","image":{"@type":"ImageObject","inLanguage":"pt-BR","@id":"https:\/\/secure.gravatar.com\/avatar\/b4327cfa27e9799da239a26adcd534fc29cdc0c4a4a148eecbcfeb9b42c617ac?s=96&d=mm&r=g","url":"https:\/\/secure.gravatar.com\/avatar\/b4327cfa27e9799da239a26adcd534fc29cdc0c4a4a148eecbcfeb9b42c617ac?s=96&d=mm&r=g","contentUrl":"https:\/\/secure.gravatar.com\/avatar\/b4327cfa27e9799da239a26adcd534fc29cdc0c4a4a148eecbcfeb9b42c617ac?s=96&d=mm&r=g","caption":"Pe. Andr\u00e9"},"sameAs":["https:\/\/www.ecclesia.org.br"]}]}},"_links":{"self":[{"href":"https:\/\/news.ecclesia.org.br\/index.php?rest_route=\/wp\/v2\/posts\/34782","targetHints":{"allow":["GET"]}}],"collection":[{"href":"https:\/\/news.ecclesia.org.br\/index.php?rest_route=\/wp\/v2\/posts"}],"about":[{"href":"https:\/\/news.ecclesia.org.br\/index.php?rest_route=\/wp\/v2\/types\/post"}],"author":[{"embeddable":true,"href":"https:\/\/news.ecclesia.org.br\/index.php?rest_route=\/wp\/v2\/users\/1"}],"replies":[{"embeddable":true,"href":"https:\/\/news.ecclesia.org.br\/index.php?rest_route=%2Fwp%2Fv2%2Fcomments&post=34782"}],"version-history":[{"count":4,"href":"https:\/\/news.ecclesia.org.br\/index.php?rest_route=\/wp\/v2\/posts\/34782\/revisions"}],"predecessor-version":[{"id":34800,"href":"https:\/\/news.ecclesia.org.br\/index.php?rest_route=\/wp\/v2\/posts\/34782\/revisions\/34800"}],"wp:featuredmedia":[{"embeddable":true,"href":"https:\/\/news.ecclesia.org.br\/index.php?rest_route=\/wp\/v2\/media\/34784"}],"wp:attachment":[{"href":"https:\/\/news.ecclesia.org.br\/index.php?rest_route=%2Fwp%2Fv2%2Fmedia&parent=34782"}],"wp:term":[{"taxonomy":"category","embeddable":true,"href":"https:\/\/news.ecclesia.org.br\/index.php?rest_route=%2Fwp%2Fv2%2Fcategories&post=34782"},{"taxonomy":"post_tag","embeddable":true,"href":"https:\/\/news.ecclesia.org.br\/index.php?rest_route=%2Fwp%2Fv2%2Ftags&post=34782"}],"curies":[{"name":"wp","href":"https:\/\/api.w.org\/{rel}","templated":true}]}}