{"id":3477,"date":"2011-03-12T19:27:10","date_gmt":"2011-03-12T21:27:10","guid":{"rendered":"http:\/\/www.ecclesia.com.br\/news\/?p=3477"},"modified":"2021-07-21T16:51:10","modified_gmt":"2021-07-21T19:51:10","slug":"homilia-para-o-domingo-da-ortodoxia-de-s-emncia-revma-dom-tarasios-arcebispo-metropolita-de-buenos-aires-primaz-e-exarca-da-america-do-sul","status":"publish","type":"post","link":"https:\/\/news.ecclesia.org.br\/?p=3477","title":{"rendered":"Homilia para o \u00abDomingo da Ortodoxia\u00bb de S. Emncia. Revma. Dom Tarasios, Arcebispo Metropolita de Buenos Aires, Primaz e Exarca da Am\u00e9rica do Sul"},"content":{"rendered":"<p style=\"text-align: justify;\"><a href=\"https:\/\/news.ecclesia.org.br\/wp-content\/uploads\/2011\/04\/arcebispo-tarasios.jpg\"><img fetchpriority=\"high\" decoding=\"async\" class=\"alignleft size-medium wp-image-5894\" src=\"https:\/\/news.ecclesia.org.br\/wp-content\/uploads\/2011\/04\/arcebispo-tarasios-300x225.jpg\" alt=\"\" width=\"300\" height=\"225\" srcset=\"https:\/\/news.ecclesia.org.br\/wp-content\/uploads\/2011\/04\/arcebispo-tarasios-300x225.jpg 300w, https:\/\/news.ecclesia.org.br\/wp-content\/uploads\/2011\/04\/arcebispo-tarasios-73x55.jpg 73w, https:\/\/news.ecclesia.org.br\/wp-content\/uploads\/2011\/04\/arcebispo-tarasios.jpg 320w\" sizes=\"(max-width: 300px) 100vw, 300px\" \/><\/a>Hoje, cume desta primeira semana da Santa e Grande Quaresma, \u00abDomingo da Ortodoxia\u00bb, Nosso Senhor Jesus Cristo segue introduzindo-nos em sua miss\u00e3o que empreendeu para dar-nos a Salva\u00e7\u00e3o. No Evangelho do Ap\u00f3stolo S\u00e3o Jo\u00e3o, [Jo, 1, 43-51], vemos que \u00e9 o Senhor que sempre toma a iniciativa de aproximar-se do homem. \u00c9 assim quando ele vai \u00e0 Galil\u00e9ia e chama Felipe, que era natural de Betsaida, a segui-Lo. Ele diz: \u00abSegue-me!\u00bb. Felipe, por sua vez,\u00a0 leva Natanael \u00e0 presen\u00e7a do Senhor, dizendo: \u00abVem e v\u00ea!\u00bb\u00a0 \u00c9 o mesmo Jesus que vai ao\u00a0 encontro de seus seguidores dos quais escolher\u00e1 os que ser\u00e3o seus disc\u00edpulos, como muito bem nos diz em seu Evangelho: \u00abmuitos ser\u00e3o os chamados, mas poucos escolhidos\u00bb. (Mt 22, 14). Nesta Santa e Grande Quaresma que estamos vivendo, dia ap\u00f3s dia, \u00e9 o Senhor que se dirige a cada um de n\u00f3s, como a Felipe e, de forma muito particular e pessoal nos convida dizendo-nos: \u00abSegue-me!\u00bb Observe-se que \u00e9 uma express\u00e3o que est\u00e1 no modo imperativo, \u00e9 uma palavra que expressa uma ordem, uma palavra de comando, mas, ao contr\u00e1rio do mundo, \u00e9 uma express\u00e3o de amor, por que? Porque Ele \u00e9 Amor e veio para nos libertar do jugo do pecado. A este convite amoroso, ent\u00e3o, deve corresponder\u00a0 uma resposta, seja positiva ou negativa. Eis aqui a liberdade de escolha do homem, a mesma que teve Ad\u00e3o e Eva, nossos pais ancestrais, que, como sabemos, cometeram um erro na tomada de decis\u00e3o. <a href=\"http:\/\/www.ecclesia.com.br\/arquidiocese\/homilias_mensagens\/homilia_domingo_da_ortodoxia.html\">Ver mais&#8230;<\/a><\/p>\n","protected":false},"excerpt":{"rendered":"<p>Hoje, cume desta primeira semana da Santa e Grande Quaresma, \u00abDomingo da Ortodoxia\u00bb, Nosso Senhor Jesus Cristo segue introduzindo-nos em sua miss\u00e3o que empreendeu para dar-nos a Salva\u00e7\u00e3o. No Evangelho do Ap\u00f3stolo S\u00e3o Jo\u00e3o, [Jo, 1, 43-51], vemos que \u00e9&#8230;<\/p>\n","protected":false},"author":1,"featured_media":0,"comment_status":"open","ping_status":"open","sticky":false,"template":"","format":"standard","meta":{"_acf_changed":false,"footnotes":""},"categories":[1],"tags":[],"class_list":["post-3477","post","type-post","status-publish","format-standard","hentry","category-news","entry","rows-excerpt"],"acf":[],"yoast_head":"<!-- This site is optimized with the Yoast SEO plugin v27.5 - https:\/\/yoast.com\/product\/yoast-seo-wordpress\/ -->\n<title>Homilia para o \u00abDomingo da Ortodoxia\u00bb de S. Emncia. Revma. Dom Tarasios, Arcebispo Metropolita de Buenos Aires, Primaz e Exarca da Am\u00e9rica do Sul | ECCLESIA NEWS<\/title>\n<meta name=\"robots\" content=\"index, follow, max-snippet:-1, max-image-preview:large, max-video-preview:-1\" \/>\n<link rel=\"canonical\" href=\"https:\/\/news.ecclesia.org.br\/?p=3477\" \/>\n<meta property=\"og:locale\" content=\"pt_BR\" \/>\n<meta property=\"og:type\" content=\"article\" \/>\n<meta property=\"og:title\" content=\"Homilia para o \u00abDomingo da Ortodoxia\u00bb de S. Emncia. Revma. Dom Tarasios, Arcebispo Metropolita de Buenos Aires, Primaz e Exarca da Am\u00e9rica do Sul | ECCLESIA NEWS\" \/>\n<meta property=\"og:description\" content=\"Hoje, cume desta primeira semana da Santa e Grande Quaresma, \u00abDomingo da Ortodoxia\u00bb, Nosso Senhor Jesus Cristo segue introduzindo-nos em sua miss\u00e3o que empreendeu para dar-nos a Salva\u00e7\u00e3o. No Evangelho do Ap\u00f3stolo S\u00e3o Jo\u00e3o, [Jo, 1, 43-51], vemos que \u00e9&#8230;\" \/>\n<meta property=\"og:url\" content=\"https:\/\/news.ecclesia.org.br\/?p=3477\" \/>\n<meta property=\"og:site_name\" content=\"ECCLESIA NEWS\" \/>\n<meta property=\"article:publisher\" content=\"https:\/\/www.facebook.com\/Ecclesia2025\" \/>\n<meta property=\"article:published_time\" content=\"2011-03-12T21:27:10+00:00\" \/>\n<meta property=\"article:modified_time\" content=\"2021-07-21T19:51:10+00:00\" \/>\n<meta property=\"og:image\" content=\"https:\/\/news.ecclesia.org.br\/wp-content\/uploads\/2011\/04\/arcebispo-tarasios-300x225.jpg\" \/>\n<meta name=\"author\" content=\"Pe. Andr\u00e9\" \/>\n<meta name=\"twitter:card\" content=\"summary_large_image\" \/>\n<meta name=\"twitter:creator\" content=\"@EcclesiaNews\" \/>\n<meta name=\"twitter:site\" content=\"@EcclesiaNews\" \/>\n<meta name=\"twitter:label1\" content=\"Escrito por\" \/>\n\t<meta name=\"twitter:data1\" content=\"Pe. Andr\u00e9\" \/>\n\t<meta name=\"twitter:label2\" content=\"Est. tempo de leitura\" \/>\n\t<meta name=\"twitter:data2\" content=\"1 minuto\" \/>\n<script type=\"application\/ld+json\" class=\"yoast-schema-graph\">{\"@context\":\"https:\\\/\\\/schema.org\",\"@graph\":[{\"@type\":\"Article\",\"@id\":\"https:\\\/\\\/news.ecclesia.org.br\\\/?p=3477#article\",\"isPartOf\":{\"@id\":\"https:\\\/\\\/news.ecclesia.org.br\\\/?p=3477\"},\"author\":{\"name\":\"Pe. Andr\u00e9\",\"@id\":\"https:\\\/\\\/news.ecclesia.org.br\\\/#\\\/schema\\\/person\\\/6f09597f025829745ba414a569f63758\"},\"headline\":\"Homilia para o \u00abDomingo da Ortodoxia\u00bb de S. Emncia. Revma. Dom Tarasios, Arcebispo Metropolita de Buenos Aires, Primaz e Exarca da Am\u00e9rica do Sul\",\"datePublished\":\"2011-03-12T21:27:10+00:00\",\"dateModified\":\"2021-07-21T19:51:10+00:00\",\"mainEntityOfPage\":{\"@id\":\"https:\\\/\\\/news.ecclesia.org.br\\\/?p=3477\"},\"wordCount\":277,\"commentCount\":1,\"publisher\":{\"@id\":\"https:\\\/\\\/news.ecclesia.org.br\\\/#organization\"},\"image\":{\"@id\":\"https:\\\/\\\/news.ecclesia.org.br\\\/?p=3477#primaryimage\"},\"thumbnailUrl\":\"https:\\\/\\\/news.ecclesia.org.br\\\/wp-content\\\/uploads\\\/2011\\\/04\\\/arcebispo-tarasios-300x225.jpg\",\"articleSection\":[\"NEWS\"],\"inLanguage\":\"pt-BR\",\"potentialAction\":[{\"@type\":\"CommentAction\",\"name\":\"Comment\",\"target\":[\"https:\\\/\\\/news.ecclesia.org.br\\\/?p=3477#respond\"]}]},{\"@type\":\"WebPage\",\"@id\":\"https:\\\/\\\/news.ecclesia.org.br\\\/?p=3477\",\"url\":\"https:\\\/\\\/news.ecclesia.org.br\\\/?p=3477\",\"name\":\"Homilia para o \u00abDomingo da Ortodoxia\u00bb de S. Emncia. Revma. Dom Tarasios, Arcebispo Metropolita de Buenos Aires, Primaz e Exarca da Am\u00e9rica do Sul | ECCLESIA NEWS\",\"isPartOf\":{\"@id\":\"https:\\\/\\\/news.ecclesia.org.br\\\/#website\"},\"primaryImageOfPage\":{\"@id\":\"https:\\\/\\\/news.ecclesia.org.br\\\/?p=3477#primaryimage\"},\"image\":{\"@id\":\"https:\\\/\\\/news.ecclesia.org.br\\\/?p=3477#primaryimage\"},\"thumbnailUrl\":\"https:\\\/\\\/news.ecclesia.org.br\\\/wp-content\\\/uploads\\\/2011\\\/04\\\/arcebispo-tarasios-300x225.jpg\",\"datePublished\":\"2011-03-12T21:27:10+00:00\",\"dateModified\":\"2021-07-21T19:51:10+00:00\",\"breadcrumb\":{\"@id\":\"https:\\\/\\\/news.ecclesia.org.br\\\/?p=3477#breadcrumb\"},\"inLanguage\":\"pt-BR\",\"potentialAction\":[{\"@type\":\"ReadAction\",\"target\":[\"https:\\\/\\\/news.ecclesia.org.br\\\/?p=3477\"]}]},{\"@type\":\"ImageObject\",\"inLanguage\":\"pt-BR\",\"@id\":\"https:\\\/\\\/news.ecclesia.org.br\\\/?p=3477#primaryimage\",\"url\":\"https:\\\/\\\/news.ecclesia.org.br\\\/wp-content\\\/uploads\\\/2011\\\/04\\\/arcebispo-tarasios-300x225.jpg\",\"contentUrl\":\"https:\\\/\\\/news.ecclesia.org.br\\\/wp-content\\\/uploads\\\/2011\\\/04\\\/arcebispo-tarasios-300x225.jpg\"},{\"@type\":\"BreadcrumbList\",\"@id\":\"https:\\\/\\\/news.ecclesia.org.br\\\/?p=3477#breadcrumb\",\"itemListElement\":[{\"@type\":\"ListItem\",\"position\":1,\"name\":\"In\u00edcio\",\"item\":\"https:\\\/\\\/news.ecclesia.org.br\\\/\"},{\"@type\":\"ListItem\",\"position\":2,\"name\":\"Homilia para o \u00abDomingo da Ortodoxia\u00bb de S. Emncia. Revma. Dom Tarasios, Arcebispo Metropolita de Buenos Aires, Primaz e Exarca da Am\u00e9rica do Sul\"}]},{\"@type\":\"WebSite\",\"@id\":\"https:\\\/\\\/news.ecclesia.org.br\\\/#website\",\"url\":\"https:\\\/\\\/news.ecclesia.org.br\\\/\",\"name\":\"Ecclesia Brasil\",\"description\":\"Desde 2003 onectando o Brasil ao mundo ortodoxo!\",\"publisher\":{\"@id\":\"https:\\\/\\\/news.ecclesia.org.br\\\/#organization\"},\"alternateName\":\"Ecclesia\",\"potentialAction\":[{\"@type\":\"SearchAction\",\"target\":{\"@type\":\"EntryPoint\",\"urlTemplate\":\"https:\\\/\\\/news.ecclesia.org.br\\\/?s={search_term_string}\"},\"query-input\":{\"@type\":\"PropertyValueSpecification\",\"valueRequired\":true,\"valueName\":\"search_term_string\"}}],\"inLanguage\":\"pt-BR\"},{\"@type\":\"Organization\",\"@id\":\"https:\\\/\\\/news.ecclesia.org.br\\\/#organization\",\"name\":\"Sacra Arquidiocese de Buenos Aires e Am\u00e9rica do Sul | Patriarcado Ecum\u00eanico\",\"alternateName\":\"News Ecclesia Brasil\",\"url\":\"https:\\\/\\\/news.ecclesia.org.br\\\/\",\"logo\":{\"@type\":\"ImageObject\",\"inLanguage\":\"pt-BR\",\"@id\":\"https:\\\/\\\/news.ecclesia.org.br\\\/#\\\/schema\\\/logo\\\/image\\\/\",\"url\":\"https:\\\/\\\/news.ecclesia.org.br\\\/wp-content\\\/uploads\\\/2025\\\/05\\\/ecclesia2.png\",\"contentUrl\":\"https:\\\/\\\/news.ecclesia.org.br\\\/wp-content\\\/uploads\\\/2025\\\/05\\\/ecclesia2.png\",\"width\":480,\"height\":120,\"caption\":\"Sacra Arquidiocese de Buenos Aires e Am\u00e9rica do Sul | Patriarcado Ecum\u00eanico\"},\"image\":{\"@id\":\"https:\\\/\\\/news.ecclesia.org.br\\\/#\\\/schema\\\/logo\\\/image\\\/\"},\"sameAs\":[\"https:\\\/\\\/www.facebook.com\\\/Ecclesia2025\",\"https:\\\/\\\/x.com\\\/EcclesiaNews\",\"https:\\\/\\\/br.pinterest.com\\\/ekklisia\\\/\",\"https:\\\/\\\/www.youtube.com\\\/@EcclesiaBrasil\"]},{\"@type\":\"Person\",\"@id\":\"https:\\\/\\\/news.ecclesia.org.br\\\/#\\\/schema\\\/person\\\/6f09597f025829745ba414a569f63758\",\"name\":\"Pe. Andr\u00e9\",\"image\":{\"@type\":\"ImageObject\",\"inLanguage\":\"pt-BR\",\"@id\":\"https:\\\/\\\/secure.gravatar.com\\\/avatar\\\/b4327cfa27e9799da239a26adcd534fc29cdc0c4a4a148eecbcfeb9b42c617ac?s=96&d=mm&r=g\",\"url\":\"https:\\\/\\\/secure.gravatar.com\\\/avatar\\\/b4327cfa27e9799da239a26adcd534fc29cdc0c4a4a148eecbcfeb9b42c617ac?s=96&d=mm&r=g\",\"contentUrl\":\"https:\\\/\\\/secure.gravatar.com\\\/avatar\\\/b4327cfa27e9799da239a26adcd534fc29cdc0c4a4a148eecbcfeb9b42c617ac?s=96&d=mm&r=g\",\"caption\":\"Pe. Andr\u00e9\"},\"sameAs\":[\"https:\\\/\\\/www.ecclesia.org.br\"]}]}<\/script>\n<!-- \/ Yoast SEO plugin. -->","yoast_head_json":{"title":"Homilia para o \u00abDomingo da Ortodoxia\u00bb de S. Emncia. Revma. Dom Tarasios, Arcebispo Metropolita de Buenos Aires, Primaz e Exarca da Am\u00e9rica do Sul | ECCLESIA NEWS","robots":{"index":"index","follow":"follow","max-snippet":"max-snippet:-1","max-image-preview":"max-image-preview:large","max-video-preview":"max-video-preview:-1"},"canonical":"https:\/\/news.ecclesia.org.br\/?p=3477","og_locale":"pt_BR","og_type":"article","og_title":"Homilia para o \u00abDomingo da Ortodoxia\u00bb de S. Emncia. Revma. Dom Tarasios, Arcebispo Metropolita de Buenos Aires, Primaz e Exarca da Am\u00e9rica do Sul | ECCLESIA NEWS","og_description":"Hoje, cume desta primeira semana da Santa e Grande Quaresma, \u00abDomingo da Ortodoxia\u00bb, Nosso Senhor Jesus Cristo segue introduzindo-nos em sua miss\u00e3o que empreendeu para dar-nos a Salva\u00e7\u00e3o. No Evangelho do Ap\u00f3stolo S\u00e3o Jo\u00e3o, [Jo, 1, 43-51], vemos que \u00e9&#8230;","og_url":"https:\/\/news.ecclesia.org.br\/?p=3477","og_site_name":"ECCLESIA NEWS","article_publisher":"https:\/\/www.facebook.com\/Ecclesia2025","article_published_time":"2011-03-12T21:27:10+00:00","article_modified_time":"2021-07-21T19:51:10+00:00","og_image":[{"url":"https:\/\/news.ecclesia.org.br\/wp-content\/uploads\/2011\/04\/arcebispo-tarasios-300x225.jpg","type":"","width":"","height":""}],"author":"Pe. Andr\u00e9","twitter_card":"summary_large_image","twitter_creator":"@EcclesiaNews","twitter_site":"@EcclesiaNews","twitter_misc":{"Escrito por":"Pe. Andr\u00e9","Est. tempo de leitura":"1 minuto"},"schema":{"@context":"https:\/\/schema.org","@graph":[{"@type":"Article","@id":"https:\/\/news.ecclesia.org.br\/?p=3477#article","isPartOf":{"@id":"https:\/\/news.ecclesia.org.br\/?p=3477"},"author":{"name":"Pe. Andr\u00e9","@id":"https:\/\/news.ecclesia.org.br\/#\/schema\/person\/6f09597f025829745ba414a569f63758"},"headline":"Homilia para o \u00abDomingo da Ortodoxia\u00bb de S. Emncia. Revma. Dom Tarasios, Arcebispo Metropolita de Buenos Aires, Primaz e Exarca da Am\u00e9rica do Sul","datePublished":"2011-03-12T21:27:10+00:00","dateModified":"2021-07-21T19:51:10+00:00","mainEntityOfPage":{"@id":"https:\/\/news.ecclesia.org.br\/?p=3477"},"wordCount":277,"commentCount":1,"publisher":{"@id":"https:\/\/news.ecclesia.org.br\/#organization"},"image":{"@id":"https:\/\/news.ecclesia.org.br\/?p=3477#primaryimage"},"thumbnailUrl":"https:\/\/news.ecclesia.org.br\/wp-content\/uploads\/2011\/04\/arcebispo-tarasios-300x225.jpg","articleSection":["NEWS"],"inLanguage":"pt-BR","potentialAction":[{"@type":"CommentAction","name":"Comment","target":["https:\/\/news.ecclesia.org.br\/?p=3477#respond"]}]},{"@type":"WebPage","@id":"https:\/\/news.ecclesia.org.br\/?p=3477","url":"https:\/\/news.ecclesia.org.br\/?p=3477","name":"Homilia para o \u00abDomingo da Ortodoxia\u00bb de S. Emncia. Revma. Dom Tarasios, Arcebispo Metropolita de Buenos Aires, Primaz e Exarca da Am\u00e9rica do Sul | ECCLESIA NEWS","isPartOf":{"@id":"https:\/\/news.ecclesia.org.br\/#website"},"primaryImageOfPage":{"@id":"https:\/\/news.ecclesia.org.br\/?p=3477#primaryimage"},"image":{"@id":"https:\/\/news.ecclesia.org.br\/?p=3477#primaryimage"},"thumbnailUrl":"https:\/\/news.ecclesia.org.br\/wp-content\/uploads\/2011\/04\/arcebispo-tarasios-300x225.jpg","datePublished":"2011-03-12T21:27:10+00:00","dateModified":"2021-07-21T19:51:10+00:00","breadcrumb":{"@id":"https:\/\/news.ecclesia.org.br\/?p=3477#breadcrumb"},"inLanguage":"pt-BR","potentialAction":[{"@type":"ReadAction","target":["https:\/\/news.ecclesia.org.br\/?p=3477"]}]},{"@type":"ImageObject","inLanguage":"pt-BR","@id":"https:\/\/news.ecclesia.org.br\/?p=3477#primaryimage","url":"https:\/\/news.ecclesia.org.br\/wp-content\/uploads\/2011\/04\/arcebispo-tarasios-300x225.jpg","contentUrl":"https:\/\/news.ecclesia.org.br\/wp-content\/uploads\/2011\/04\/arcebispo-tarasios-300x225.jpg"},{"@type":"BreadcrumbList","@id":"https:\/\/news.ecclesia.org.br\/?p=3477#breadcrumb","itemListElement":[{"@type":"ListItem","position":1,"name":"In\u00edcio","item":"https:\/\/news.ecclesia.org.br\/"},{"@type":"ListItem","position":2,"name":"Homilia para o \u00abDomingo da Ortodoxia\u00bb de S. Emncia. Revma. Dom Tarasios, Arcebispo Metropolita de Buenos Aires, Primaz e Exarca da Am\u00e9rica do Sul"}]},{"@type":"WebSite","@id":"https:\/\/news.ecclesia.org.br\/#website","url":"https:\/\/news.ecclesia.org.br\/","name":"Ecclesia Brasil","description":"Desde 2003 onectando o Brasil ao mundo ortodoxo!","publisher":{"@id":"https:\/\/news.ecclesia.org.br\/#organization"},"alternateName":"Ecclesia","potentialAction":[{"@type":"SearchAction","target":{"@type":"EntryPoint","urlTemplate":"https:\/\/news.ecclesia.org.br\/?s={search_term_string}"},"query-input":{"@type":"PropertyValueSpecification","valueRequired":true,"valueName":"search_term_string"}}],"inLanguage":"pt-BR"},{"@type":"Organization","@id":"https:\/\/news.ecclesia.org.br\/#organization","name":"Sacra Arquidiocese de Buenos Aires e Am\u00e9rica do Sul | Patriarcado Ecum\u00eanico","alternateName":"News Ecclesia Brasil","url":"https:\/\/news.ecclesia.org.br\/","logo":{"@type":"ImageObject","inLanguage":"pt-BR","@id":"https:\/\/news.ecclesia.org.br\/#\/schema\/logo\/image\/","url":"https:\/\/news.ecclesia.org.br\/wp-content\/uploads\/2025\/05\/ecclesia2.png","contentUrl":"https:\/\/news.ecclesia.org.br\/wp-content\/uploads\/2025\/05\/ecclesia2.png","width":480,"height":120,"caption":"Sacra Arquidiocese de Buenos Aires e Am\u00e9rica do Sul | Patriarcado Ecum\u00eanico"},"image":{"@id":"https:\/\/news.ecclesia.org.br\/#\/schema\/logo\/image\/"},"sameAs":["https:\/\/www.facebook.com\/Ecclesia2025","https:\/\/x.com\/EcclesiaNews","https:\/\/br.pinterest.com\/ekklisia\/","https:\/\/www.youtube.com\/@EcclesiaBrasil"]},{"@type":"Person","@id":"https:\/\/news.ecclesia.org.br\/#\/schema\/person\/6f09597f025829745ba414a569f63758","name":"Pe. Andr\u00e9","image":{"@type":"ImageObject","inLanguage":"pt-BR","@id":"https:\/\/secure.gravatar.com\/avatar\/b4327cfa27e9799da239a26adcd534fc29cdc0c4a4a148eecbcfeb9b42c617ac?s=96&d=mm&r=g","url":"https:\/\/secure.gravatar.com\/avatar\/b4327cfa27e9799da239a26adcd534fc29cdc0c4a4a148eecbcfeb9b42c617ac?s=96&d=mm&r=g","contentUrl":"https:\/\/secure.gravatar.com\/avatar\/b4327cfa27e9799da239a26adcd534fc29cdc0c4a4a148eecbcfeb9b42c617ac?s=96&d=mm&r=g","caption":"Pe. Andr\u00e9"},"sameAs":["https:\/\/www.ecclesia.org.br"]}]}},"_links":{"self":[{"href":"https:\/\/news.ecclesia.org.br\/index.php?rest_route=\/wp\/v2\/posts\/3477","targetHints":{"allow":["GET"]}}],"collection":[{"href":"https:\/\/news.ecclesia.org.br\/index.php?rest_route=\/wp\/v2\/posts"}],"about":[{"href":"https:\/\/news.ecclesia.org.br\/index.php?rest_route=\/wp\/v2\/types\/post"}],"author":[{"embeddable":true,"href":"https:\/\/news.ecclesia.org.br\/index.php?rest_route=\/wp\/v2\/users\/1"}],"replies":[{"embeddable":true,"href":"https:\/\/news.ecclesia.org.br\/index.php?rest_route=%2Fwp%2Fv2%2Fcomments&post=3477"}],"version-history":[{"count":2,"href":"https:\/\/news.ecclesia.org.br\/index.php?rest_route=\/wp\/v2\/posts\/3477\/revisions"}],"predecessor-version":[{"id":37965,"href":"https:\/\/news.ecclesia.org.br\/index.php?rest_route=\/wp\/v2\/posts\/3477\/revisions\/37965"}],"wp:attachment":[{"href":"https:\/\/news.ecclesia.org.br\/index.php?rest_route=%2Fwp%2Fv2%2Fmedia&parent=3477"}],"wp:term":[{"taxonomy":"category","embeddable":true,"href":"https:\/\/news.ecclesia.org.br\/index.php?rest_route=%2Fwp%2Fv2%2Fcategories&post=3477"},{"taxonomy":"post_tag","embeddable":true,"href":"https:\/\/news.ecclesia.org.br\/index.php?rest_route=%2Fwp%2Fv2%2Ftags&post=3477"}],"curies":[{"name":"wp","href":"https:\/\/api.w.org\/{rel}","templated":true}]}}