{"id":34710,"date":"2020-11-20T16:36:54","date_gmt":"2020-11-20T19:36:54","guid":{"rendered":"https:\/\/news.ecclesia.org.br\/?p=34710"},"modified":"2021-07-22T19:51:38","modified_gmt":"2021-07-22T22:51:38","slug":"adormeceu-hoje-em-cristo-o-patriarca-da-servia-s-b-irinej-de-90-anos-vitima-de-covid-19","status":"publish","type":"post","link":"https:\/\/news.ecclesia.org.br\/?p=34710","title":{"rendered":"ADORMECEU HOJE EM CRISTO O PATRIARCA DA S\u00c9RVIA, S. B. IRINEJ, DE 90 ANOS, V\u00cdTIMA DE COVID-19"},"content":{"rendered":"\n<p class=\"has-text-align-right has-small-font-size\">20 nov, 2020 &#8211; 09:08 \u2022 Ol\u00edmpia Mairos , Filipe d&#8217;Avillez<\/p>\n\n\n\n<p class=\"has-drop-cap\">Morreu nesta sexta-feira, aos 90 anos, o chefe da Igreja Ortodoxa S\u00e9rvia, S. B. o Patriarca Irinej, devido \u00e0 Covid-19. De acordo com a ag\u00eancia Reuters, o an\u00fancio da morte do Patriarca foi feito pelo presidente da S\u00e9rvia, na sua conta oficial de Instagram. <em>\u201cTive a honra de te conhecer. Pessoas como tu nunca partem&#8221;,<\/em> escreveu Vucic, numa fotografia de Irinej a preto e branco.<\/p>\n\n\n\n<p>O Patriarca Irinej, ou Irineu, foi uma figura de grande influ\u00eancia pol\u00edtica na S\u00e9rvia. Irineu testou positivo no dia 4 de novembro depois de ter presidido ao funeral do arcebispo do principal bispo da Igreja Ortodoxa da S\u00e9rvia na vizinha Montenegro. O Metropolita Amfilohije Radovic tamb\u00e9m morreu de Covid, aos 82 anos, e milhares de pessoas participaram nas suas cerim\u00f4nias f\u00fanebres, com muitas a beijar o cad\u00e1ver. Poucos dos presentes usaram m\u00e1scara ou respeitaram as dist\u00e2ncias sociais.<\/p>\n\n\n\n<p>O Patriarca foi admitido ao hospital pouco depois de ter testado positivo. O seu estado de sa\u00fade piorou drasticamente na quinta-feira, e a sua morte chegou a ser noticiada, mas depois desmentida. Esta sexta-feira de manh\u00e3 foi confirmado que o Patriarca tinha morrido. Para al\u00e9m de Ireneu, outros l\u00edderes de igrejas ortodoxas est\u00e3o tamb\u00e9m infetados. O arcebispo Ier\u00f4nimo, da Igreja da Gr\u00e9cia, de 82 anos, e o Arcebispo Anast\u00e1sio da Igreja Ortodoxa da Alb\u00e2nia, de 91 anos, est\u00e3o os dois internados na Gr\u00e9cia depois de terem testado positivo. Tamb\u00e9m nesta sexta feira morreram outros dois bispos ortodoxos, o Bispo L\u00e1zaro, da Igreja Ortodoxa da Ge\u00f3rgia e o Metropolita Teof\u00e2nio da Igreja Ortodoxa da R\u00fassia. Irinej foi o 45.\u00ba Patriarca da Igreja Ortodoxa da S\u00e9rvia, o l\u00edder espiritual dos S\u00e9rvios Ortodoxos Orientais, de 22 de janeiro de 2010 at\u00e9 \u00e0 sua morte.<\/p>\n\n\n\n<p>QUE SEJA ETERNA A MEM\u00d3RIA DO BEM AVENTURADO PATRIARCA DA S\u00c9RVIA, S. B. IRINEJ!<\/p>\n\n\n\n<p class=\"has-text-align-right has-small-font-size\">Foto: Andrej Cukic\/EPA<\/p>\n","protected":false},"excerpt":{"rendered":"<p>20 nov, 2020 &#8211; 09:08 \u2022 Ol\u00edmpia Mairos , Filipe d&#8217;Avillez Morreu nesta sexta-feira, aos 90 anos, o chefe da Igreja Ortodoxa S\u00e9rvia, S. B. o Patriarca Irinej, devido \u00e0 Covid-19. De acordo com a ag\u00eancia Reuters, o an\u00fancio da&#8230;<\/p>\n","protected":false},"author":1,"featured_media":34711,"comment_status":"open","ping_status":"open","sticky":false,"template":"","format":"standard","meta":{"_acf_changed":false,"footnotes":""},"categories":[3,1],"tags":[],"class_list":["post-34710","post","type-post","status-publish","format-standard","has-post-thumbnail","hentry","category-mundo","category-news","entry","rows-excerpt"],"acf":[],"yoast_head":"<!-- This site is optimized with the Yoast SEO plugin v27.4 - https:\/\/yoast.com\/product\/yoast-seo-wordpress\/ -->\n<title>ADORMECEU HOJE EM CRISTO O PATRIARCA DA S\u00c9RVIA, S. B. IRINEJ, DE 90 ANOS, V\u00cdTIMA DE COVID-19 | ECCLESIA NEWS<\/title>\n<meta name=\"robots\" content=\"index, follow, max-snippet:-1, max-image-preview:large, max-video-preview:-1\" \/>\n<link rel=\"canonical\" href=\"https:\/\/news.ecclesia.org.br\/?p=34710\" \/>\n<meta property=\"og:locale\" content=\"pt_BR\" \/>\n<meta property=\"og:type\" content=\"article\" \/>\n<meta property=\"og:title\" content=\"ADORMECEU HOJE EM CRISTO O PATRIARCA DA S\u00c9RVIA, S. B. IRINEJ, DE 90 ANOS, V\u00cdTIMA DE COVID-19 | ECCLESIA NEWS\" \/>\n<meta property=\"og:description\" content=\"20 nov, 2020 &#8211; 09:08 \u2022 Ol\u00edmpia Mairos , Filipe d&#8217;Avillez Morreu nesta sexta-feira, aos 90 anos, o chefe da Igreja Ortodoxa S\u00e9rvia, S. B. o Patriarca Irinej, devido \u00e0 Covid-19. De acordo com a ag\u00eancia Reuters, o an\u00fancio da&#8230;\" \/>\n<meta property=\"og:url\" content=\"https:\/\/news.ecclesia.org.br\/?p=34710\" \/>\n<meta property=\"og:site_name\" content=\"ECCLESIA NEWS\" \/>\n<meta property=\"article:publisher\" content=\"https:\/\/www.facebook.com\/Ecclesia2025\" \/>\n<meta property=\"article:published_time\" content=\"2020-11-20T19:36:54+00:00\" \/>\n<meta property=\"article:modified_time\" content=\"2021-07-22T22:51:38+00:00\" \/>\n<meta property=\"og:image\" content=\"https:\/\/news.ecclesia.org.br\/wp-content\/uploads\/2020\/11\/irinej-da-servia.jpg\" \/>\n\t<meta property=\"og:image:width\" content=\"1024\" \/>\n\t<meta property=\"og:image:height\" content=\"616\" \/>\n\t<meta property=\"og:image:type\" content=\"image\/jpeg\" \/>\n<meta name=\"author\" content=\"Pe. Andr\u00e9\" \/>\n<meta name=\"twitter:card\" content=\"summary_large_image\" \/>\n<meta name=\"twitter:creator\" content=\"@EcclesiaNews\" \/>\n<meta name=\"twitter:site\" content=\"@EcclesiaNews\" \/>\n<meta name=\"twitter:label1\" content=\"Escrito por\" \/>\n\t<meta name=\"twitter:data1\" content=\"Pe. Andr\u00e9\" \/>\n\t<meta name=\"twitter:label2\" content=\"Est. tempo de leitura\" \/>\n\t<meta name=\"twitter:data2\" content=\"2 minutos\" \/>\n<script type=\"application\/ld+json\" class=\"yoast-schema-graph\">{\"@context\":\"https:\\\/\\\/schema.org\",\"@graph\":[{\"@type\":\"Article\",\"@id\":\"https:\\\/\\\/news.ecclesia.org.br\\\/?p=34710#article\",\"isPartOf\":{\"@id\":\"https:\\\/\\\/news.ecclesia.org.br\\\/?p=34710\"},\"author\":{\"name\":\"Pe. Andr\u00e9\",\"@id\":\"https:\\\/\\\/news.ecclesia.org.br\\\/#\\\/schema\\\/person\\\/6f09597f025829745ba414a569f63758\"},\"headline\":\"ADORMECEU HOJE EM CRISTO O PATRIARCA DA S\u00c9RVIA, S. B. IRINEJ, DE 90 ANOS, V\u00cdTIMA DE COVID-19\",\"datePublished\":\"2020-11-20T19:36:54+00:00\",\"dateModified\":\"2021-07-22T22:51:38+00:00\",\"mainEntityOfPage\":{\"@id\":\"https:\\\/\\\/news.ecclesia.org.br\\\/?p=34710\"},\"wordCount\":352,\"commentCount\":0,\"publisher\":{\"@id\":\"https:\\\/\\\/news.ecclesia.org.br\\\/#organization\"},\"image\":{\"@id\":\"https:\\\/\\\/news.ecclesia.org.br\\\/?p=34710#primaryimage\"},\"thumbnailUrl\":\"https:\\\/\\\/news.ecclesia.org.br\\\/wp-content\\\/uploads\\\/2020\\\/11\\\/irinej-da-servia.jpg\",\"articleSection\":[\"Mundo Ortodoxo\",\"NEWS\"],\"inLanguage\":\"pt-BR\",\"potentialAction\":[{\"@type\":\"CommentAction\",\"name\":\"Comment\",\"target\":[\"https:\\\/\\\/news.ecclesia.org.br\\\/?p=34710#respond\"]}]},{\"@type\":\"WebPage\",\"@id\":\"https:\\\/\\\/news.ecclesia.org.br\\\/?p=34710\",\"url\":\"https:\\\/\\\/news.ecclesia.org.br\\\/?p=34710\",\"name\":\"ADORMECEU HOJE EM CRISTO O PATRIARCA DA S\u00c9RVIA, S. B. IRINEJ, DE 90 ANOS, V\u00cdTIMA DE COVID-19 | ECCLESIA NEWS\",\"isPartOf\":{\"@id\":\"https:\\\/\\\/news.ecclesia.org.br\\\/#website\"},\"primaryImageOfPage\":{\"@id\":\"https:\\\/\\\/news.ecclesia.org.br\\\/?p=34710#primaryimage\"},\"image\":{\"@id\":\"https:\\\/\\\/news.ecclesia.org.br\\\/?p=34710#primaryimage\"},\"thumbnailUrl\":\"https:\\\/\\\/news.ecclesia.org.br\\\/wp-content\\\/uploads\\\/2020\\\/11\\\/irinej-da-servia.jpg\",\"datePublished\":\"2020-11-20T19:36:54+00:00\",\"dateModified\":\"2021-07-22T22:51:38+00:00\",\"breadcrumb\":{\"@id\":\"https:\\\/\\\/news.ecclesia.org.br\\\/?p=34710#breadcrumb\"},\"inLanguage\":\"pt-BR\",\"potentialAction\":[{\"@type\":\"ReadAction\",\"target\":[\"https:\\\/\\\/news.ecclesia.org.br\\\/?p=34710\"]}]},{\"@type\":\"ImageObject\",\"inLanguage\":\"pt-BR\",\"@id\":\"https:\\\/\\\/news.ecclesia.org.br\\\/?p=34710#primaryimage\",\"url\":\"https:\\\/\\\/news.ecclesia.org.br\\\/wp-content\\\/uploads\\\/2020\\\/11\\\/irinej-da-servia.jpg\",\"contentUrl\":\"https:\\\/\\\/news.ecclesia.org.br\\\/wp-content\\\/uploads\\\/2020\\\/11\\\/irinej-da-servia.jpg\",\"width\":1024,\"height\":616,\"caption\":\"Legenda: Patriarca Irinej, da Igreja Ortodoxa da S\u00e9rvia, morreu a 20 de novembro de 2020. Foto: Andrej Cukic\\\/EPA\"},{\"@type\":\"BreadcrumbList\",\"@id\":\"https:\\\/\\\/news.ecclesia.org.br\\\/?p=34710#breadcrumb\",\"itemListElement\":[{\"@type\":\"ListItem\",\"position\":1,\"name\":\"In\u00edcio\",\"item\":\"https:\\\/\\\/news.ecclesia.org.br\\\/\"},{\"@type\":\"ListItem\",\"position\":2,\"name\":\"ADORMECEU HOJE EM CRISTO O PATRIARCA DA S\u00c9RVIA, S. B. IRINEJ, DE 90 ANOS, V\u00cdTIMA DE COVID-19\"}]},{\"@type\":\"WebSite\",\"@id\":\"https:\\\/\\\/news.ecclesia.org.br\\\/#website\",\"url\":\"https:\\\/\\\/news.ecclesia.org.br\\\/\",\"name\":\"Ecclesia Brasil\",\"description\":\"Desde 2003 onectando o Brasil ao mundo ortodoxo!\",\"publisher\":{\"@id\":\"https:\\\/\\\/news.ecclesia.org.br\\\/#organization\"},\"alternateName\":\"Ecclesia\",\"potentialAction\":[{\"@type\":\"SearchAction\",\"target\":{\"@type\":\"EntryPoint\",\"urlTemplate\":\"https:\\\/\\\/news.ecclesia.org.br\\\/?s={search_term_string}\"},\"query-input\":{\"@type\":\"PropertyValueSpecification\",\"valueRequired\":true,\"valueName\":\"search_term_string\"}}],\"inLanguage\":\"pt-BR\"},{\"@type\":\"Organization\",\"@id\":\"https:\\\/\\\/news.ecclesia.org.br\\\/#organization\",\"name\":\"Sacra Arquidiocese de Buenos Aires e Am\u00e9rica do Sul | Patriarcado Ecum\u00eanico\",\"alternateName\":\"News Ecclesia Brasil\",\"url\":\"https:\\\/\\\/news.ecclesia.org.br\\\/\",\"logo\":{\"@type\":\"ImageObject\",\"inLanguage\":\"pt-BR\",\"@id\":\"https:\\\/\\\/news.ecclesia.org.br\\\/#\\\/schema\\\/logo\\\/image\\\/\",\"url\":\"https:\\\/\\\/news.ecclesia.org.br\\\/wp-content\\\/uploads\\\/2025\\\/05\\\/ecclesia2.png\",\"contentUrl\":\"https:\\\/\\\/news.ecclesia.org.br\\\/wp-content\\\/uploads\\\/2025\\\/05\\\/ecclesia2.png\",\"width\":480,\"height\":120,\"caption\":\"Sacra Arquidiocese de Buenos Aires e Am\u00e9rica do Sul | Patriarcado Ecum\u00eanico\"},\"image\":{\"@id\":\"https:\\\/\\\/news.ecclesia.org.br\\\/#\\\/schema\\\/logo\\\/image\\\/\"},\"sameAs\":[\"https:\\\/\\\/www.facebook.com\\\/Ecclesia2025\",\"https:\\\/\\\/x.com\\\/EcclesiaNews\",\"https:\\\/\\\/br.pinterest.com\\\/ekklisia\\\/\",\"https:\\\/\\\/www.youtube.com\\\/@EcclesiaBrasil\"]},{\"@type\":\"Person\",\"@id\":\"https:\\\/\\\/news.ecclesia.org.br\\\/#\\\/schema\\\/person\\\/6f09597f025829745ba414a569f63758\",\"name\":\"Pe. Andr\u00e9\",\"image\":{\"@type\":\"ImageObject\",\"inLanguage\":\"pt-BR\",\"@id\":\"https:\\\/\\\/secure.gravatar.com\\\/avatar\\\/b4327cfa27e9799da239a26adcd534fc29cdc0c4a4a148eecbcfeb9b42c617ac?s=96&d=mm&r=g\",\"url\":\"https:\\\/\\\/secure.gravatar.com\\\/avatar\\\/b4327cfa27e9799da239a26adcd534fc29cdc0c4a4a148eecbcfeb9b42c617ac?s=96&d=mm&r=g\",\"contentUrl\":\"https:\\\/\\\/secure.gravatar.com\\\/avatar\\\/b4327cfa27e9799da239a26adcd534fc29cdc0c4a4a148eecbcfeb9b42c617ac?s=96&d=mm&r=g\",\"caption\":\"Pe. Andr\u00e9\"},\"sameAs\":[\"https:\\\/\\\/www.ecclesia.org.br\"]}]}<\/script>\n<!-- \/ Yoast SEO plugin. -->","yoast_head_json":{"title":"ADORMECEU HOJE EM CRISTO O PATRIARCA DA S\u00c9RVIA, S. B. IRINEJ, DE 90 ANOS, V\u00cdTIMA DE COVID-19 | ECCLESIA NEWS","robots":{"index":"index","follow":"follow","max-snippet":"max-snippet:-1","max-image-preview":"max-image-preview:large","max-video-preview":"max-video-preview:-1"},"canonical":"https:\/\/news.ecclesia.org.br\/?p=34710","og_locale":"pt_BR","og_type":"article","og_title":"ADORMECEU HOJE EM CRISTO O PATRIARCA DA S\u00c9RVIA, S. B. IRINEJ, DE 90 ANOS, V\u00cdTIMA DE COVID-19 | ECCLESIA NEWS","og_description":"20 nov, 2020 &#8211; 09:08 \u2022 Ol\u00edmpia Mairos , Filipe d&#8217;Avillez Morreu nesta sexta-feira, aos 90 anos, o chefe da Igreja Ortodoxa S\u00e9rvia, S. B. o Patriarca Irinej, devido \u00e0 Covid-19. De acordo com a ag\u00eancia Reuters, o an\u00fancio da&#8230;","og_url":"https:\/\/news.ecclesia.org.br\/?p=34710","og_site_name":"ECCLESIA NEWS","article_publisher":"https:\/\/www.facebook.com\/Ecclesia2025","article_published_time":"2020-11-20T19:36:54+00:00","article_modified_time":"2021-07-22T22:51:38+00:00","og_image":[{"width":1024,"height":616,"url":"https:\/\/news.ecclesia.org.br\/wp-content\/uploads\/2020\/11\/irinej-da-servia.jpg","type":"image\/jpeg"}],"author":"Pe. Andr\u00e9","twitter_card":"summary_large_image","twitter_creator":"@EcclesiaNews","twitter_site":"@EcclesiaNews","twitter_misc":{"Escrito por":"Pe. Andr\u00e9","Est. tempo de leitura":"2 minutos"},"schema":{"@context":"https:\/\/schema.org","@graph":[{"@type":"Article","@id":"https:\/\/news.ecclesia.org.br\/?p=34710#article","isPartOf":{"@id":"https:\/\/news.ecclesia.org.br\/?p=34710"},"author":{"name":"Pe. Andr\u00e9","@id":"https:\/\/news.ecclesia.org.br\/#\/schema\/person\/6f09597f025829745ba414a569f63758"},"headline":"ADORMECEU HOJE EM CRISTO O PATRIARCA DA S\u00c9RVIA, S. B. IRINEJ, DE 90 ANOS, V\u00cdTIMA DE COVID-19","datePublished":"2020-11-20T19:36:54+00:00","dateModified":"2021-07-22T22:51:38+00:00","mainEntityOfPage":{"@id":"https:\/\/news.ecclesia.org.br\/?p=34710"},"wordCount":352,"commentCount":0,"publisher":{"@id":"https:\/\/news.ecclesia.org.br\/#organization"},"image":{"@id":"https:\/\/news.ecclesia.org.br\/?p=34710#primaryimage"},"thumbnailUrl":"https:\/\/news.ecclesia.org.br\/wp-content\/uploads\/2020\/11\/irinej-da-servia.jpg","articleSection":["Mundo Ortodoxo","NEWS"],"inLanguage":"pt-BR","potentialAction":[{"@type":"CommentAction","name":"Comment","target":["https:\/\/news.ecclesia.org.br\/?p=34710#respond"]}]},{"@type":"WebPage","@id":"https:\/\/news.ecclesia.org.br\/?p=34710","url":"https:\/\/news.ecclesia.org.br\/?p=34710","name":"ADORMECEU HOJE EM CRISTO O PATRIARCA DA S\u00c9RVIA, S. B. IRINEJ, DE 90 ANOS, V\u00cdTIMA DE COVID-19 | ECCLESIA NEWS","isPartOf":{"@id":"https:\/\/news.ecclesia.org.br\/#website"},"primaryImageOfPage":{"@id":"https:\/\/news.ecclesia.org.br\/?p=34710#primaryimage"},"image":{"@id":"https:\/\/news.ecclesia.org.br\/?p=34710#primaryimage"},"thumbnailUrl":"https:\/\/news.ecclesia.org.br\/wp-content\/uploads\/2020\/11\/irinej-da-servia.jpg","datePublished":"2020-11-20T19:36:54+00:00","dateModified":"2021-07-22T22:51:38+00:00","breadcrumb":{"@id":"https:\/\/news.ecclesia.org.br\/?p=34710#breadcrumb"},"inLanguage":"pt-BR","potentialAction":[{"@type":"ReadAction","target":["https:\/\/news.ecclesia.org.br\/?p=34710"]}]},{"@type":"ImageObject","inLanguage":"pt-BR","@id":"https:\/\/news.ecclesia.org.br\/?p=34710#primaryimage","url":"https:\/\/news.ecclesia.org.br\/wp-content\/uploads\/2020\/11\/irinej-da-servia.jpg","contentUrl":"https:\/\/news.ecclesia.org.br\/wp-content\/uploads\/2020\/11\/irinej-da-servia.jpg","width":1024,"height":616,"caption":"Legenda: Patriarca Irinej, da Igreja Ortodoxa da S\u00e9rvia, morreu a 20 de novembro de 2020. Foto: Andrej Cukic\/EPA"},{"@type":"BreadcrumbList","@id":"https:\/\/news.ecclesia.org.br\/?p=34710#breadcrumb","itemListElement":[{"@type":"ListItem","position":1,"name":"In\u00edcio","item":"https:\/\/news.ecclesia.org.br\/"},{"@type":"ListItem","position":2,"name":"ADORMECEU HOJE EM CRISTO O PATRIARCA DA S\u00c9RVIA, S. B. IRINEJ, DE 90 ANOS, V\u00cdTIMA DE COVID-19"}]},{"@type":"WebSite","@id":"https:\/\/news.ecclesia.org.br\/#website","url":"https:\/\/news.ecclesia.org.br\/","name":"Ecclesia Brasil","description":"Desde 2003 onectando o Brasil ao mundo ortodoxo!","publisher":{"@id":"https:\/\/news.ecclesia.org.br\/#organization"},"alternateName":"Ecclesia","potentialAction":[{"@type":"SearchAction","target":{"@type":"EntryPoint","urlTemplate":"https:\/\/news.ecclesia.org.br\/?s={search_term_string}"},"query-input":{"@type":"PropertyValueSpecification","valueRequired":true,"valueName":"search_term_string"}}],"inLanguage":"pt-BR"},{"@type":"Organization","@id":"https:\/\/news.ecclesia.org.br\/#organization","name":"Sacra Arquidiocese de Buenos Aires e Am\u00e9rica do Sul | Patriarcado Ecum\u00eanico","alternateName":"News Ecclesia Brasil","url":"https:\/\/news.ecclesia.org.br\/","logo":{"@type":"ImageObject","inLanguage":"pt-BR","@id":"https:\/\/news.ecclesia.org.br\/#\/schema\/logo\/image\/","url":"https:\/\/news.ecclesia.org.br\/wp-content\/uploads\/2025\/05\/ecclesia2.png","contentUrl":"https:\/\/news.ecclesia.org.br\/wp-content\/uploads\/2025\/05\/ecclesia2.png","width":480,"height":120,"caption":"Sacra Arquidiocese de Buenos Aires e Am\u00e9rica do Sul | Patriarcado Ecum\u00eanico"},"image":{"@id":"https:\/\/news.ecclesia.org.br\/#\/schema\/logo\/image\/"},"sameAs":["https:\/\/www.facebook.com\/Ecclesia2025","https:\/\/x.com\/EcclesiaNews","https:\/\/br.pinterest.com\/ekklisia\/","https:\/\/www.youtube.com\/@EcclesiaBrasil"]},{"@type":"Person","@id":"https:\/\/news.ecclesia.org.br\/#\/schema\/person\/6f09597f025829745ba414a569f63758","name":"Pe. Andr\u00e9","image":{"@type":"ImageObject","inLanguage":"pt-BR","@id":"https:\/\/secure.gravatar.com\/avatar\/b4327cfa27e9799da239a26adcd534fc29cdc0c4a4a148eecbcfeb9b42c617ac?s=96&d=mm&r=g","url":"https:\/\/secure.gravatar.com\/avatar\/b4327cfa27e9799da239a26adcd534fc29cdc0c4a4a148eecbcfeb9b42c617ac?s=96&d=mm&r=g","contentUrl":"https:\/\/secure.gravatar.com\/avatar\/b4327cfa27e9799da239a26adcd534fc29cdc0c4a4a148eecbcfeb9b42c617ac?s=96&d=mm&r=g","caption":"Pe. Andr\u00e9"},"sameAs":["https:\/\/www.ecclesia.org.br"]}]}},"_links":{"self":[{"href":"https:\/\/news.ecclesia.org.br\/index.php?rest_route=\/wp\/v2\/posts\/34710","targetHints":{"allow":["GET"]}}],"collection":[{"href":"https:\/\/news.ecclesia.org.br\/index.php?rest_route=\/wp\/v2\/posts"}],"about":[{"href":"https:\/\/news.ecclesia.org.br\/index.php?rest_route=\/wp\/v2\/types\/post"}],"author":[{"embeddable":true,"href":"https:\/\/news.ecclesia.org.br\/index.php?rest_route=\/wp\/v2\/users\/1"}],"replies":[{"embeddable":true,"href":"https:\/\/news.ecclesia.org.br\/index.php?rest_route=%2Fwp%2Fv2%2Fcomments&post=34710"}],"version-history":[{"count":9,"href":"https:\/\/news.ecclesia.org.br\/index.php?rest_route=\/wp\/v2\/posts\/34710\/revisions"}],"predecessor-version":[{"id":34721,"href":"https:\/\/news.ecclesia.org.br\/index.php?rest_route=\/wp\/v2\/posts\/34710\/revisions\/34721"}],"wp:featuredmedia":[{"embeddable":true,"href":"https:\/\/news.ecclesia.org.br\/index.php?rest_route=\/wp\/v2\/media\/34711"}],"wp:attachment":[{"href":"https:\/\/news.ecclesia.org.br\/index.php?rest_route=%2Fwp%2Fv2%2Fmedia&parent=34710"}],"wp:term":[{"taxonomy":"category","embeddable":true,"href":"https:\/\/news.ecclesia.org.br\/index.php?rest_route=%2Fwp%2Fv2%2Fcategories&post=34710"},{"taxonomy":"post_tag","embeddable":true,"href":"https:\/\/news.ecclesia.org.br\/index.php?rest_route=%2Fwp%2Fv2%2Ftags&post=34710"}],"curies":[{"name":"wp","href":"https:\/\/api.w.org\/{rel}","templated":true}]}}