{"id":34688,"date":"2020-11-19T16:24:30","date_gmt":"2020-11-19T19:24:30","guid":{"rendered":"https:\/\/news.ecclesia.org.br\/?p=34688"},"modified":"2021-07-22T19:51:38","modified_gmt":"2021-07-22T22:51:38","slug":"covid-19-lider-da-igreja-da-grecia-e-hospitalizado-com-o-coronavirus","status":"publish","type":"post","link":"https:\/\/news.ecclesia.org.br\/?p=34688","title":{"rendered":"COVID-19: L\u00cdDER DA IGREJA DA GR\u00c9CIA \u00c9 HOSPITALIZADO COM O CORONAV\u00cdRUS"},"content":{"rendered":"\n<p>O arcebispo Ieronymos testou positivo \u00e0 Covid-19 na quarta-feira, tendo sido transferido para o hospital <em>Evangelismos<\/em>, esta quinta-feira, onde est\u00e1 tamb\u00e9m o Arcebispo da Igreja Ortodoxa da Alb\u00e2nia. <\/p>\n\n\n\n<p>O l\u00edder da Igreja ortodoxa grega, o arcebispo Ieronymos, foi hospitalizado com \u201csintomas ligeiros\u201d de Covid-19, anunciou o arcebispado em comunicado.<\/p>\n\n\n\n<p>O arcebispo, de 82 anos, teve um teste positivo para o novo coronav\u00edrus antes de apresentar febre na quarta-feira, disse esta quinta-feira o diretor do seu gabinete de imprensa, Harris Konidaris, citado pela ag\u00eancia AFP.<br>Por precau\u00e7\u00e3o, o seu m\u00e9dico recomendou-lhe ser hospitalizado. Hoje n\u00e3o tem febre e est\u00e1 num bom estado geral\u201d.<\/p>\n\n\n\n<p>Ieronymos foi transferido para o hospital Evangelismos, o maior da capital grega, onde est\u00e1 tamb\u00e9m hospitalizado com Covid-19, h\u00e1 10 dias, o arcebispo da Igreja ortodoxa da Alb\u00e2nia, Anastasios.<\/p>\n\n\n\n<p><em>\u201cParticipo pessoalmente da prova\u00e7\u00e3o de milhares dos nossos irm\u00e3os na nossa p\u00e1tria e de milh\u00f5es no mundo\u201d, <\/em>disse o arcebispo grego, citado no comunicado do arcebispado.<\/p>\n\n\n\n<blockquote class=\"wp-block-quote is-layout-flow wp-block-quote-is-layout-flow\"><p><em>Participo da ang\u00fastia, da dor e do medo de todos, que vamos todos ultrapassar gra\u00e7as \u00e0 nossa f\u00e9 em Deus\u201d.<\/em><\/p><\/blockquote>\n\n\n\n<p>Com o segundo confinamento imposto na Gr\u00e9cia desde 7 de novembro e at\u00e9 dia 30, o Governo de Atenas ordenou a suspens\u00e3o de todas as cerim\u00f4nias religiosas com a presen\u00e7a de fi\u00e9is em todos os locais de culto do pa\u00eds.<\/p>\n\n\n\n<p>As missas da Igreja Ortodoxa, maiorit\u00e1ria na Gr\u00e9cia, continuam a celebrar-se apenas para o clero e nas igrejas abertas ao p\u00fablico s\u00f3 se podem realizar ora\u00e7\u00f5es individuais.<\/p>\n\n\n\n<p>Algumas igrejas gregas s\u00e3o criticadas desde o primeiro confinamento por manterem a pr\u00e1tica da comunh\u00e3o.<\/p>\n\n\n\n<p>A Igreja insiste que n\u00e3o h\u00e1 risco de contamina\u00e7\u00e3o nesse ritual, uma vez que a comunh\u00e3o representa o corpo e sangue de Cristo, pelo que n\u00e3o pode transmitir doen\u00e7as.<\/p>\n\n\n\n<p>Com cerca de 11 mil habitantes, a Gr\u00e9cia tem at\u00e9 esta quinta-feira mais de 82.000 casos confirmados de infe\u00e7\u00e3o pelo novo coronav\u00edrus e quase 1.300 mortes. (&#8230;)<\/p>\n\n\n\n<p class=\"has-text-align-right\">Fonte: <a href=\"https:\/\/observador.pt\/2020\/11\/19\/covid-19-lider-da-igreja-ortodoxa-grega-hospitalizado-com-o-coron#frame-1168\" target=\"_blank\" rel=\"noreferrer noopener\">Observador <\/a><\/p>\n","protected":false},"excerpt":{"rendered":"<p>O arcebispo Ieronymos testou positivo \u00e0 Covid-19 na quarta-feira, tendo sido transferido para o hospital Evangelismos, esta quinta-feira, onde est\u00e1 tamb\u00e9m o Arcebispo da Igreja Ortodoxa da Alb\u00e2nia. O l\u00edder da Igreja ortodoxa grega, o arcebispo Ieronymos, foi hospitalizado com&#8230;<\/p>\n","protected":false},"author":1,"featured_media":34690,"comment_status":"open","ping_status":"open","sticky":false,"template":"","format":"standard","meta":{"_acf_changed":false,"footnotes":""},"categories":[1],"tags":[],"class_list":["post-34688","post","type-post","status-publish","format-standard","has-post-thumbnail","hentry","category-news","entry","rows-excerpt"],"acf":[],"yoast_head":"<!-- This site is optimized with the Yoast SEO plugin v27.4 - https:\/\/yoast.com\/product\/yoast-seo-wordpress\/ -->\n<title>COVID-19: L\u00cdDER DA IGREJA DA GR\u00c9CIA \u00c9 HOSPITALIZADO COM O CORONAV\u00cdRUS | ECCLESIA NEWS<\/title>\n<meta name=\"robots\" content=\"index, follow, max-snippet:-1, max-image-preview:large, max-video-preview:-1\" \/>\n<link rel=\"canonical\" href=\"https:\/\/news.ecclesia.org.br\/?p=34688\" \/>\n<meta property=\"og:locale\" content=\"pt_BR\" \/>\n<meta property=\"og:type\" content=\"article\" \/>\n<meta property=\"og:title\" content=\"COVID-19: L\u00cdDER DA IGREJA DA GR\u00c9CIA \u00c9 HOSPITALIZADO COM O CORONAV\u00cdRUS | ECCLESIA NEWS\" \/>\n<meta property=\"og:description\" content=\"O arcebispo Ieronymos testou positivo \u00e0 Covid-19 na quarta-feira, tendo sido transferido para o hospital Evangelismos, esta quinta-feira, onde est\u00e1 tamb\u00e9m o Arcebispo da Igreja Ortodoxa da Alb\u00e2nia. O l\u00edder da Igreja ortodoxa grega, o arcebispo Ieronymos, foi hospitalizado com&#8230;\" \/>\n<meta property=\"og:url\" content=\"https:\/\/news.ecclesia.org.br\/?p=34688\" \/>\n<meta property=\"og:site_name\" content=\"ECCLESIA NEWS\" \/>\n<meta property=\"article:publisher\" content=\"https:\/\/www.facebook.com\/Ecclesia2025\" \/>\n<meta property=\"article:published_time\" content=\"2020-11-19T19:24:30+00:00\" \/>\n<meta property=\"article:modified_time\" content=\"2021-07-22T22:51:38+00:00\" \/>\n<meta property=\"og:image\" content=\"https:\/\/news.ecclesia.org.br\/wp-content\/uploads\/2020\/11\/ieronimos-grecia2.jpg\" \/>\n\t<meta property=\"og:image:width\" content=\"1600\" \/>\n\t<meta property=\"og:image:height\" content=\"900\" \/>\n\t<meta property=\"og:image:type\" content=\"image\/jpeg\" \/>\n<meta name=\"author\" content=\"Pe. Andr\u00e9\" \/>\n<meta name=\"twitter:card\" content=\"summary_large_image\" \/>\n<meta name=\"twitter:creator\" content=\"@EcclesiaNews\" \/>\n<meta name=\"twitter:site\" content=\"@EcclesiaNews\" \/>\n<meta name=\"twitter:label1\" content=\"Escrito por\" \/>\n\t<meta name=\"twitter:data1\" content=\"Pe. Andr\u00e9\" \/>\n\t<meta name=\"twitter:label2\" content=\"Est. tempo de leitura\" \/>\n\t<meta name=\"twitter:data2\" content=\"2 minutos\" \/>\n<script type=\"application\/ld+json\" class=\"yoast-schema-graph\">{\"@context\":\"https:\\\/\\\/schema.org\",\"@graph\":[{\"@type\":\"Article\",\"@id\":\"https:\\\/\\\/news.ecclesia.org.br\\\/?p=34688#article\",\"isPartOf\":{\"@id\":\"https:\\\/\\\/news.ecclesia.org.br\\\/?p=34688\"},\"author\":{\"name\":\"Pe. Andr\u00e9\",\"@id\":\"https:\\\/\\\/news.ecclesia.org.br\\\/#\\\/schema\\\/person\\\/6f09597f025829745ba414a569f63758\"},\"headline\":\"COVID-19: L\u00cdDER DA IGREJA DA GR\u00c9CIA \u00c9 HOSPITALIZADO COM O CORONAV\u00cdRUS\",\"datePublished\":\"2020-11-19T19:24:30+00:00\",\"dateModified\":\"2021-07-22T22:51:38+00:00\",\"mainEntityOfPage\":{\"@id\":\"https:\\\/\\\/news.ecclesia.org.br\\\/?p=34688\"},\"wordCount\":357,\"commentCount\":0,\"publisher\":{\"@id\":\"https:\\\/\\\/news.ecclesia.org.br\\\/#organization\"},\"image\":{\"@id\":\"https:\\\/\\\/news.ecclesia.org.br\\\/?p=34688#primaryimage\"},\"thumbnailUrl\":\"https:\\\/\\\/news.ecclesia.org.br\\\/wp-content\\\/uploads\\\/2020\\\/11\\\/ieronimos-grecia2.jpg\",\"articleSection\":[\"NEWS\"],\"inLanguage\":\"pt-BR\",\"potentialAction\":[{\"@type\":\"CommentAction\",\"name\":\"Comment\",\"target\":[\"https:\\\/\\\/news.ecclesia.org.br\\\/?p=34688#respond\"]}]},{\"@type\":\"WebPage\",\"@id\":\"https:\\\/\\\/news.ecclesia.org.br\\\/?p=34688\",\"url\":\"https:\\\/\\\/news.ecclesia.org.br\\\/?p=34688\",\"name\":\"COVID-19: L\u00cdDER DA IGREJA DA GR\u00c9CIA \u00c9 HOSPITALIZADO COM O CORONAV\u00cdRUS | ECCLESIA NEWS\",\"isPartOf\":{\"@id\":\"https:\\\/\\\/news.ecclesia.org.br\\\/#website\"},\"primaryImageOfPage\":{\"@id\":\"https:\\\/\\\/news.ecclesia.org.br\\\/?p=34688#primaryimage\"},\"image\":{\"@id\":\"https:\\\/\\\/news.ecclesia.org.br\\\/?p=34688#primaryimage\"},\"thumbnailUrl\":\"https:\\\/\\\/news.ecclesia.org.br\\\/wp-content\\\/uploads\\\/2020\\\/11\\\/ieronimos-grecia2.jpg\",\"datePublished\":\"2020-11-19T19:24:30+00:00\",\"dateModified\":\"2021-07-22T22:51:38+00:00\",\"breadcrumb\":{\"@id\":\"https:\\\/\\\/news.ecclesia.org.br\\\/?p=34688#breadcrumb\"},\"inLanguage\":\"pt-BR\",\"potentialAction\":[{\"@type\":\"ReadAction\",\"target\":[\"https:\\\/\\\/news.ecclesia.org.br\\\/?p=34688\"]}]},{\"@type\":\"ImageObject\",\"inLanguage\":\"pt-BR\",\"@id\":\"https:\\\/\\\/news.ecclesia.org.br\\\/?p=34688#primaryimage\",\"url\":\"https:\\\/\\\/news.ecclesia.org.br\\\/wp-content\\\/uploads\\\/2020\\\/11\\\/ieronimos-grecia2.jpg\",\"contentUrl\":\"https:\\\/\\\/news.ecclesia.org.br\\\/wp-content\\\/uploads\\\/2020\\\/11\\\/ieronimos-grecia2.jpg\",\"width\":1600,\"height\":900},{\"@type\":\"BreadcrumbList\",\"@id\":\"https:\\\/\\\/news.ecclesia.org.br\\\/?p=34688#breadcrumb\",\"itemListElement\":[{\"@type\":\"ListItem\",\"position\":1,\"name\":\"In\u00edcio\",\"item\":\"https:\\\/\\\/news.ecclesia.org.br\\\/\"},{\"@type\":\"ListItem\",\"position\":2,\"name\":\"COVID-19: L\u00cdDER DA IGREJA DA GR\u00c9CIA \u00c9 HOSPITALIZADO COM O CORONAV\u00cdRUS\"}]},{\"@type\":\"WebSite\",\"@id\":\"https:\\\/\\\/news.ecclesia.org.br\\\/#website\",\"url\":\"https:\\\/\\\/news.ecclesia.org.br\\\/\",\"name\":\"Ecclesia Brasil\",\"description\":\"Desde 2003 onectando o Brasil ao mundo ortodoxo!\",\"publisher\":{\"@id\":\"https:\\\/\\\/news.ecclesia.org.br\\\/#organization\"},\"alternateName\":\"Ecclesia\",\"potentialAction\":[{\"@type\":\"SearchAction\",\"target\":{\"@type\":\"EntryPoint\",\"urlTemplate\":\"https:\\\/\\\/news.ecclesia.org.br\\\/?s={search_term_string}\"},\"query-input\":{\"@type\":\"PropertyValueSpecification\",\"valueRequired\":true,\"valueName\":\"search_term_string\"}}],\"inLanguage\":\"pt-BR\"},{\"@type\":\"Organization\",\"@id\":\"https:\\\/\\\/news.ecclesia.org.br\\\/#organization\",\"name\":\"Sacra Arquidiocese de Buenos Aires e Am\u00e9rica do Sul | Patriarcado Ecum\u00eanico\",\"alternateName\":\"News Ecclesia Brasil\",\"url\":\"https:\\\/\\\/news.ecclesia.org.br\\\/\",\"logo\":{\"@type\":\"ImageObject\",\"inLanguage\":\"pt-BR\",\"@id\":\"https:\\\/\\\/news.ecclesia.org.br\\\/#\\\/schema\\\/logo\\\/image\\\/\",\"url\":\"https:\\\/\\\/news.ecclesia.org.br\\\/wp-content\\\/uploads\\\/2025\\\/05\\\/ecclesia2.png\",\"contentUrl\":\"https:\\\/\\\/news.ecclesia.org.br\\\/wp-content\\\/uploads\\\/2025\\\/05\\\/ecclesia2.png\",\"width\":480,\"height\":120,\"caption\":\"Sacra Arquidiocese de Buenos Aires e Am\u00e9rica do Sul | Patriarcado Ecum\u00eanico\"},\"image\":{\"@id\":\"https:\\\/\\\/news.ecclesia.org.br\\\/#\\\/schema\\\/logo\\\/image\\\/\"},\"sameAs\":[\"https:\\\/\\\/www.facebook.com\\\/Ecclesia2025\",\"https:\\\/\\\/x.com\\\/EcclesiaNews\",\"https:\\\/\\\/br.pinterest.com\\\/ekklisia\\\/\",\"https:\\\/\\\/www.youtube.com\\\/@EcclesiaBrasil\"]},{\"@type\":\"Person\",\"@id\":\"https:\\\/\\\/news.ecclesia.org.br\\\/#\\\/schema\\\/person\\\/6f09597f025829745ba414a569f63758\",\"name\":\"Pe. Andr\u00e9\",\"image\":{\"@type\":\"ImageObject\",\"inLanguage\":\"pt-BR\",\"@id\":\"https:\\\/\\\/secure.gravatar.com\\\/avatar\\\/b4327cfa27e9799da239a26adcd534fc29cdc0c4a4a148eecbcfeb9b42c617ac?s=96&d=mm&r=g\",\"url\":\"https:\\\/\\\/secure.gravatar.com\\\/avatar\\\/b4327cfa27e9799da239a26adcd534fc29cdc0c4a4a148eecbcfeb9b42c617ac?s=96&d=mm&r=g\",\"contentUrl\":\"https:\\\/\\\/secure.gravatar.com\\\/avatar\\\/b4327cfa27e9799da239a26adcd534fc29cdc0c4a4a148eecbcfeb9b42c617ac?s=96&d=mm&r=g\",\"caption\":\"Pe. Andr\u00e9\"},\"sameAs\":[\"https:\\\/\\\/www.ecclesia.org.br\"]}]}<\/script>\n<!-- \/ Yoast SEO plugin. -->","yoast_head_json":{"title":"COVID-19: L\u00cdDER DA IGREJA DA GR\u00c9CIA \u00c9 HOSPITALIZADO COM O CORONAV\u00cdRUS | ECCLESIA NEWS","robots":{"index":"index","follow":"follow","max-snippet":"max-snippet:-1","max-image-preview":"max-image-preview:large","max-video-preview":"max-video-preview:-1"},"canonical":"https:\/\/news.ecclesia.org.br\/?p=34688","og_locale":"pt_BR","og_type":"article","og_title":"COVID-19: L\u00cdDER DA IGREJA DA GR\u00c9CIA \u00c9 HOSPITALIZADO COM O CORONAV\u00cdRUS | ECCLESIA NEWS","og_description":"O arcebispo Ieronymos testou positivo \u00e0 Covid-19 na quarta-feira, tendo sido transferido para o hospital Evangelismos, esta quinta-feira, onde est\u00e1 tamb\u00e9m o Arcebispo da Igreja Ortodoxa da Alb\u00e2nia. O l\u00edder da Igreja ortodoxa grega, o arcebispo Ieronymos, foi hospitalizado com&#8230;","og_url":"https:\/\/news.ecclesia.org.br\/?p=34688","og_site_name":"ECCLESIA NEWS","article_publisher":"https:\/\/www.facebook.com\/Ecclesia2025","article_published_time":"2020-11-19T19:24:30+00:00","article_modified_time":"2021-07-22T22:51:38+00:00","og_image":[{"width":1600,"height":900,"url":"https:\/\/news.ecclesia.org.br\/wp-content\/uploads\/2020\/11\/ieronimos-grecia2.jpg","type":"image\/jpeg"}],"author":"Pe. Andr\u00e9","twitter_card":"summary_large_image","twitter_creator":"@EcclesiaNews","twitter_site":"@EcclesiaNews","twitter_misc":{"Escrito por":"Pe. Andr\u00e9","Est. tempo de leitura":"2 minutos"},"schema":{"@context":"https:\/\/schema.org","@graph":[{"@type":"Article","@id":"https:\/\/news.ecclesia.org.br\/?p=34688#article","isPartOf":{"@id":"https:\/\/news.ecclesia.org.br\/?p=34688"},"author":{"name":"Pe. Andr\u00e9","@id":"https:\/\/news.ecclesia.org.br\/#\/schema\/person\/6f09597f025829745ba414a569f63758"},"headline":"COVID-19: L\u00cdDER DA IGREJA DA GR\u00c9CIA \u00c9 HOSPITALIZADO COM O CORONAV\u00cdRUS","datePublished":"2020-11-19T19:24:30+00:00","dateModified":"2021-07-22T22:51:38+00:00","mainEntityOfPage":{"@id":"https:\/\/news.ecclesia.org.br\/?p=34688"},"wordCount":357,"commentCount":0,"publisher":{"@id":"https:\/\/news.ecclesia.org.br\/#organization"},"image":{"@id":"https:\/\/news.ecclesia.org.br\/?p=34688#primaryimage"},"thumbnailUrl":"https:\/\/news.ecclesia.org.br\/wp-content\/uploads\/2020\/11\/ieronimos-grecia2.jpg","articleSection":["NEWS"],"inLanguage":"pt-BR","potentialAction":[{"@type":"CommentAction","name":"Comment","target":["https:\/\/news.ecclesia.org.br\/?p=34688#respond"]}]},{"@type":"WebPage","@id":"https:\/\/news.ecclesia.org.br\/?p=34688","url":"https:\/\/news.ecclesia.org.br\/?p=34688","name":"COVID-19: L\u00cdDER DA IGREJA DA GR\u00c9CIA \u00c9 HOSPITALIZADO COM O CORONAV\u00cdRUS | ECCLESIA NEWS","isPartOf":{"@id":"https:\/\/news.ecclesia.org.br\/#website"},"primaryImageOfPage":{"@id":"https:\/\/news.ecclesia.org.br\/?p=34688#primaryimage"},"image":{"@id":"https:\/\/news.ecclesia.org.br\/?p=34688#primaryimage"},"thumbnailUrl":"https:\/\/news.ecclesia.org.br\/wp-content\/uploads\/2020\/11\/ieronimos-grecia2.jpg","datePublished":"2020-11-19T19:24:30+00:00","dateModified":"2021-07-22T22:51:38+00:00","breadcrumb":{"@id":"https:\/\/news.ecclesia.org.br\/?p=34688#breadcrumb"},"inLanguage":"pt-BR","potentialAction":[{"@type":"ReadAction","target":["https:\/\/news.ecclesia.org.br\/?p=34688"]}]},{"@type":"ImageObject","inLanguage":"pt-BR","@id":"https:\/\/news.ecclesia.org.br\/?p=34688#primaryimage","url":"https:\/\/news.ecclesia.org.br\/wp-content\/uploads\/2020\/11\/ieronimos-grecia2.jpg","contentUrl":"https:\/\/news.ecclesia.org.br\/wp-content\/uploads\/2020\/11\/ieronimos-grecia2.jpg","width":1600,"height":900},{"@type":"BreadcrumbList","@id":"https:\/\/news.ecclesia.org.br\/?p=34688#breadcrumb","itemListElement":[{"@type":"ListItem","position":1,"name":"In\u00edcio","item":"https:\/\/news.ecclesia.org.br\/"},{"@type":"ListItem","position":2,"name":"COVID-19: L\u00cdDER DA IGREJA DA GR\u00c9CIA \u00c9 HOSPITALIZADO COM O CORONAV\u00cdRUS"}]},{"@type":"WebSite","@id":"https:\/\/news.ecclesia.org.br\/#website","url":"https:\/\/news.ecclesia.org.br\/","name":"Ecclesia Brasil","description":"Desde 2003 onectando o Brasil ao mundo ortodoxo!","publisher":{"@id":"https:\/\/news.ecclesia.org.br\/#organization"},"alternateName":"Ecclesia","potentialAction":[{"@type":"SearchAction","target":{"@type":"EntryPoint","urlTemplate":"https:\/\/news.ecclesia.org.br\/?s={search_term_string}"},"query-input":{"@type":"PropertyValueSpecification","valueRequired":true,"valueName":"search_term_string"}}],"inLanguage":"pt-BR"},{"@type":"Organization","@id":"https:\/\/news.ecclesia.org.br\/#organization","name":"Sacra Arquidiocese de Buenos Aires e Am\u00e9rica do Sul | Patriarcado Ecum\u00eanico","alternateName":"News Ecclesia Brasil","url":"https:\/\/news.ecclesia.org.br\/","logo":{"@type":"ImageObject","inLanguage":"pt-BR","@id":"https:\/\/news.ecclesia.org.br\/#\/schema\/logo\/image\/","url":"https:\/\/news.ecclesia.org.br\/wp-content\/uploads\/2025\/05\/ecclesia2.png","contentUrl":"https:\/\/news.ecclesia.org.br\/wp-content\/uploads\/2025\/05\/ecclesia2.png","width":480,"height":120,"caption":"Sacra Arquidiocese de Buenos Aires e Am\u00e9rica do Sul | Patriarcado Ecum\u00eanico"},"image":{"@id":"https:\/\/news.ecclesia.org.br\/#\/schema\/logo\/image\/"},"sameAs":["https:\/\/www.facebook.com\/Ecclesia2025","https:\/\/x.com\/EcclesiaNews","https:\/\/br.pinterest.com\/ekklisia\/","https:\/\/www.youtube.com\/@EcclesiaBrasil"]},{"@type":"Person","@id":"https:\/\/news.ecclesia.org.br\/#\/schema\/person\/6f09597f025829745ba414a569f63758","name":"Pe. Andr\u00e9","image":{"@type":"ImageObject","inLanguage":"pt-BR","@id":"https:\/\/secure.gravatar.com\/avatar\/b4327cfa27e9799da239a26adcd534fc29cdc0c4a4a148eecbcfeb9b42c617ac?s=96&d=mm&r=g","url":"https:\/\/secure.gravatar.com\/avatar\/b4327cfa27e9799da239a26adcd534fc29cdc0c4a4a148eecbcfeb9b42c617ac?s=96&d=mm&r=g","contentUrl":"https:\/\/secure.gravatar.com\/avatar\/b4327cfa27e9799da239a26adcd534fc29cdc0c4a4a148eecbcfeb9b42c617ac?s=96&d=mm&r=g","caption":"Pe. Andr\u00e9"},"sameAs":["https:\/\/www.ecclesia.org.br"]}]}},"_links":{"self":[{"href":"https:\/\/news.ecclesia.org.br\/index.php?rest_route=\/wp\/v2\/posts\/34688","targetHints":{"allow":["GET"]}}],"collection":[{"href":"https:\/\/news.ecclesia.org.br\/index.php?rest_route=\/wp\/v2\/posts"}],"about":[{"href":"https:\/\/news.ecclesia.org.br\/index.php?rest_route=\/wp\/v2\/types\/post"}],"author":[{"embeddable":true,"href":"https:\/\/news.ecclesia.org.br\/index.php?rest_route=\/wp\/v2\/users\/1"}],"replies":[{"embeddable":true,"href":"https:\/\/news.ecclesia.org.br\/index.php?rest_route=%2Fwp%2Fv2%2Fcomments&post=34688"}],"version-history":[{"count":1,"href":"https:\/\/news.ecclesia.org.br\/index.php?rest_route=\/wp\/v2\/posts\/34688\/revisions"}],"predecessor-version":[{"id":34689,"href":"https:\/\/news.ecclesia.org.br\/index.php?rest_route=\/wp\/v2\/posts\/34688\/revisions\/34689"}],"wp:featuredmedia":[{"embeddable":true,"href":"https:\/\/news.ecclesia.org.br\/index.php?rest_route=\/wp\/v2\/media\/34690"}],"wp:attachment":[{"href":"https:\/\/news.ecclesia.org.br\/index.php?rest_route=%2Fwp%2Fv2%2Fmedia&parent=34688"}],"wp:term":[{"taxonomy":"category","embeddable":true,"href":"https:\/\/news.ecclesia.org.br\/index.php?rest_route=%2Fwp%2Fv2%2Fcategories&post=34688"},{"taxonomy":"post_tag","embeddable":true,"href":"https:\/\/news.ecclesia.org.br\/index.php?rest_route=%2Fwp%2Fv2%2Ftags&post=34688"}],"curies":[{"name":"wp","href":"https:\/\/api.w.org\/{rel}","templated":true}]}}