{"id":34484,"date":"2020-11-04T09:19:18","date_gmt":"2020-11-04T12:19:18","guid":{"rendered":"https:\/\/news.ecclesia.org.br\/?p=34484"},"modified":"2021-07-22T19:51:38","modified_gmt":"2021-07-22T22:51:38","slug":"comemoracao-da-data-nacional-do-oxi-e-visita-oficial-da-embaixadora-sra-elisabeth-fotiadou","status":"publish","type":"post","link":"https:\/\/news.ecclesia.org.br\/?p=34484","title":{"rendered":"COMEMORA\u00c7\u00c3O DA DATA NACIONAL DO \u00abOXI\u00bb E VISITA OFICIAL DA EMBAIXADORA SRA. ELISABETH FOTIADOU"},"content":{"rendered":"\n<p class=\"has-drop-cap\">No \u00faltimo domingo, 1\u00ba de novembro de 2020, o Arcebispo Iosif celebrou a Divina Liturgia hier\u00e1rquica acompanhado do Proto-sacerdote Ioannis Argyris na Catedral Metropolitana da Dormi\u00e7\u00e3o da Theotokos de Buenos Aires.<\/p>\n\n\n\n<div class=\"wp-block-media-text alignwide is-stacked-on-mobile is-image-fill\"><figure class=\"wp-block-media-text__media\" style=\"background-image:url(https:\/\/news.ecclesia.org.br\/wp-content\/uploads\/2020\/11\/20201101-oxi3.jpg);background-position:23% 19%\"><img fetchpriority=\"high\" decoding=\"async\" width=\"461\" height=\"592\" src=\"https:\/\/news.ecclesia.org.br\/wp-content\/uploads\/2020\/11\/20201101-oxi3.jpg\" alt=\"\" class=\"wp-image-34485\" srcset=\"https:\/\/news.ecclesia.org.br\/wp-content\/uploads\/2020\/11\/20201101-oxi3.jpg 461w, https:\/\/news.ecclesia.org.br\/wp-content\/uploads\/2020\/11\/20201101-oxi3-234x300.jpg 234w, https:\/\/news.ecclesia.org.br\/wp-content\/uploads\/2020\/11\/20201101-oxi3-400x514.jpg 400w\" sizes=\"(max-width: 461px) 100vw, 461px\" \/><\/figure><div class=\"wp-block-media-text__content\">\n<p class=\"has-normal-font-size\">Ap\u00f3s a Divina Liturgia, foram realizadas ora\u00e7\u00f5es pela passagem da data nacional do \u00abOXI\u00bb. A Embaixadora da Gr\u00e9cia na Argentina, Sra. Elisabeth Fotiadou, acompanhada pelo C\u00f4nsul Geral Sr. Fotis Filendas, participou da Divina Liturgia. O Arcebispo deu as boas-vindas \u00e0 diplomata em sua primeira visita oficial \u00e0 Catedral Metropolitana e pediu-lhe que se sentisse em casa, j\u00e1 que a Catedral da Dormi\u00e7\u00e3o de Theotokos &#8211; como a m\u00e3e de todas as catedrais ortodoxas &#8211; abre suas portas sem distin\u00e7\u00e3o a todos os homens e mulheres de boa vontade, acolhe-os e d\u00e1-lhes a oportunidade de entrar na atmosfera espiritual da Ortodoxia.<\/p>\n<\/div><\/div>\n\n\n\n<p>Por sua vez, a Embaixadora agradeceu ao hierarca as boas-vindas e, como de costume, leu a mensagem do Vice-Ministro de Rela\u00e7\u00f5es Exteriores da Gr\u00e9cia, Sr. K. Blasis.<\/p>\n\n\n\n<p>Num ambiente caloroso e de profundo sentido patri\u00f3tico, os presentes, observado com aten\u00e7\u00e3o e cuidado as medidas sanit\u00e1rias impostas pela pandemia que se abate sobre todo o planeta, puderam viver momentos de v\u00ednculo espiritual com a p\u00e1tria grega e rezar pela dif\u00edcil situa\u00e7\u00e3o que se vive devido \u00e0 pandemia, mas tamb\u00e9m por causa das insinua\u00e7\u00f5es belicosas do pa\u00eds vizinho no Mediterr\u00e2neo Oriental.<\/p>\n\n\n\n<p>J\u00e1 finalizando a cerim\u00f4nia e as comemora\u00e7\u00f5es, S. E. o Arcebispo Iosif disse que o<em> &#8220;OXI&#8221; &#8211;  &#8220;N\u00c3O&#8221; <\/em>&#8211; dos nossos antepassados \u200b\u200bencontra eco hoje tamb\u00e9m quando resistimos feroz e decididamente \u00e0 viol\u00eancia, \u00e0 arrog\u00e2ncia e ao terrorismo que insistem em provar essa &#8220;barb\u00e1rie e a &#8220;dureza de cora\u00e7\u00e3o humano&#8221; que n\u00e3o tem limites.<\/p>\n\n\n\n<p class=\"has-text-align-right has-small-font-size\">Com informa\u00e7\u00f5es e fotos de: <a href=\"https:\/\/ortodoxia.com.ar\/\" target=\"_blank\" rel=\"noreferrer noopener\">Ortodoxia.com.ar<\/a><\/p>\n","protected":false},"excerpt":{"rendered":"<p>No \u00faltimo domingo, 1\u00ba de novembro de 2020, o Arcebispo Iosif celebrou a Divina Liturgia hier\u00e1rquica acompanhado do Proto-sacerdote Ioannis Argyris na Catedral Metropolitana da Dormi\u00e7\u00e3o da Theotokos de Buenos Aires. Ap\u00f3s a Divina Liturgia, foram realizadas ora\u00e7\u00f5es pela passagem&#8230;<\/p>\n","protected":false},"author":1,"featured_media":34487,"comment_status":"open","ping_status":"open","sticky":false,"template":"","format":"standard","meta":{"_acf_changed":false,"footnotes":""},"categories":[40,1],"tags":[],"class_list":["post-34484","post","type-post","status-publish","format-standard","has-post-thumbnail","hentry","category-arquidiocese-de-buenos-aires-e-america-do-sul","category-news","entry","rows-excerpt"],"acf":[],"yoast_head":"<!-- This site is optimized with the Yoast SEO plugin v27.4 - https:\/\/yoast.com\/product\/yoast-seo-wordpress\/ -->\n<title>COMEMORA\u00c7\u00c3O DA DATA NACIONAL DO \u00abOXI\u00bb E VISITA OFICIAL DA EMBAIXADORA SRA. ELISABETH FOTIADOU | ECCLESIA NEWS<\/title>\n<meta name=\"robots\" content=\"index, follow, max-snippet:-1, max-image-preview:large, max-video-preview:-1\" \/>\n<link rel=\"canonical\" href=\"https:\/\/news.ecclesia.org.br\/?p=34484\" \/>\n<meta property=\"og:locale\" content=\"pt_BR\" \/>\n<meta property=\"og:type\" content=\"article\" \/>\n<meta property=\"og:title\" content=\"COMEMORA\u00c7\u00c3O DA DATA NACIONAL DO \u00abOXI\u00bb E VISITA OFICIAL DA EMBAIXADORA SRA. ELISABETH FOTIADOU | ECCLESIA NEWS\" \/>\n<meta property=\"og:description\" content=\"No \u00faltimo domingo, 1\u00ba de novembro de 2020, o Arcebispo Iosif celebrou a Divina Liturgia hier\u00e1rquica acompanhado do Proto-sacerdote Ioannis Argyris na Catedral Metropolitana da Dormi\u00e7\u00e3o da Theotokos de Buenos Aires. Ap\u00f3s a Divina Liturgia, foram realizadas ora\u00e7\u00f5es pela passagem&#8230;\" \/>\n<meta property=\"og:url\" content=\"https:\/\/news.ecclesia.org.br\/?p=34484\" \/>\n<meta property=\"og:site_name\" content=\"ECCLESIA NEWS\" \/>\n<meta property=\"article:publisher\" content=\"https:\/\/www.facebook.com\/Ecclesia2025\" \/>\n<meta property=\"article:published_time\" content=\"2020-11-04T12:19:18+00:00\" \/>\n<meta property=\"article:modified_time\" content=\"2021-07-22T22:51:38+00:00\" \/>\n<meta property=\"og:image\" content=\"https:\/\/news.ecclesia.org.br\/wp-content\/uploads\/2020\/11\/20201101-oxi2.jpg\" \/>\n\t<meta property=\"og:image:width\" content=\"948\" \/>\n\t<meta property=\"og:image:height\" content=\"434\" \/>\n\t<meta property=\"og:image:type\" content=\"image\/jpeg\" \/>\n<meta name=\"author\" content=\"Pe. Andr\u00e9\" \/>\n<meta name=\"twitter:card\" content=\"summary_large_image\" \/>\n<meta name=\"twitter:creator\" content=\"@EcclesiaNews\" \/>\n<meta name=\"twitter:site\" content=\"@EcclesiaNews\" \/>\n<meta name=\"twitter:label1\" content=\"Escrito por\" \/>\n\t<meta name=\"twitter:data1\" content=\"Pe. Andr\u00e9\" \/>\n\t<meta name=\"twitter:label2\" content=\"Est. tempo de leitura\" \/>\n\t<meta name=\"twitter:data2\" content=\"2 minutos\" \/>\n<script type=\"application\/ld+json\" class=\"yoast-schema-graph\">{\"@context\":\"https:\\\/\\\/schema.org\",\"@graph\":[{\"@type\":\"Article\",\"@id\":\"https:\\\/\\\/news.ecclesia.org.br\\\/?p=34484#article\",\"isPartOf\":{\"@id\":\"https:\\\/\\\/news.ecclesia.org.br\\\/?p=34484\"},\"author\":{\"name\":\"Pe. Andr\u00e9\",\"@id\":\"https:\\\/\\\/news.ecclesia.org.br\\\/#\\\/schema\\\/person\\\/6f09597f025829745ba414a569f63758\"},\"headline\":\"COMEMORA\u00c7\u00c3O DA DATA NACIONAL DO \u00abOXI\u00bb E VISITA OFICIAL DA EMBAIXADORA SRA. ELISABETH FOTIADOU\",\"datePublished\":\"2020-11-04T12:19:18+00:00\",\"dateModified\":\"2021-07-22T22:51:38+00:00\",\"mainEntityOfPage\":{\"@id\":\"https:\\\/\\\/news.ecclesia.org.br\\\/?p=34484\"},\"wordCount\":323,\"commentCount\":0,\"publisher\":{\"@id\":\"https:\\\/\\\/news.ecclesia.org.br\\\/#organization\"},\"image\":{\"@id\":\"https:\\\/\\\/news.ecclesia.org.br\\\/?p=34484#primaryimage\"},\"thumbnailUrl\":\"https:\\\/\\\/news.ecclesia.org.br\\\/wp-content\\\/uploads\\\/2020\\\/11\\\/20201101-oxi2.jpg\",\"articleSection\":[\"Arquidiocese de Buenos Aires e Am\u00e9rica do Sul\",\"NEWS\"],\"inLanguage\":\"pt-BR\",\"potentialAction\":[{\"@type\":\"CommentAction\",\"name\":\"Comment\",\"target\":[\"https:\\\/\\\/news.ecclesia.org.br\\\/?p=34484#respond\"]}]},{\"@type\":\"WebPage\",\"@id\":\"https:\\\/\\\/news.ecclesia.org.br\\\/?p=34484\",\"url\":\"https:\\\/\\\/news.ecclesia.org.br\\\/?p=34484\",\"name\":\"COMEMORA\u00c7\u00c3O DA DATA NACIONAL DO \u00abOXI\u00bb E VISITA OFICIAL DA EMBAIXADORA SRA. ELISABETH FOTIADOU | ECCLESIA NEWS\",\"isPartOf\":{\"@id\":\"https:\\\/\\\/news.ecclesia.org.br\\\/#website\"},\"primaryImageOfPage\":{\"@id\":\"https:\\\/\\\/news.ecclesia.org.br\\\/?p=34484#primaryimage\"},\"image\":{\"@id\":\"https:\\\/\\\/news.ecclesia.org.br\\\/?p=34484#primaryimage\"},\"thumbnailUrl\":\"https:\\\/\\\/news.ecclesia.org.br\\\/wp-content\\\/uploads\\\/2020\\\/11\\\/20201101-oxi2.jpg\",\"datePublished\":\"2020-11-04T12:19:18+00:00\",\"dateModified\":\"2021-07-22T22:51:38+00:00\",\"breadcrumb\":{\"@id\":\"https:\\\/\\\/news.ecclesia.org.br\\\/?p=34484#breadcrumb\"},\"inLanguage\":\"pt-BR\",\"potentialAction\":[{\"@type\":\"ReadAction\",\"target\":[\"https:\\\/\\\/news.ecclesia.org.br\\\/?p=34484\"]}]},{\"@type\":\"ImageObject\",\"inLanguage\":\"pt-BR\",\"@id\":\"https:\\\/\\\/news.ecclesia.org.br\\\/?p=34484#primaryimage\",\"url\":\"https:\\\/\\\/news.ecclesia.org.br\\\/wp-content\\\/uploads\\\/2020\\\/11\\\/20201101-oxi2.jpg\",\"contentUrl\":\"https:\\\/\\\/news.ecclesia.org.br\\\/wp-content\\\/uploads\\\/2020\\\/11\\\/20201101-oxi2.jpg\",\"width\":948,\"height\":434},{\"@type\":\"BreadcrumbList\",\"@id\":\"https:\\\/\\\/news.ecclesia.org.br\\\/?p=34484#breadcrumb\",\"itemListElement\":[{\"@type\":\"ListItem\",\"position\":1,\"name\":\"In\u00edcio\",\"item\":\"https:\\\/\\\/news.ecclesia.org.br\\\/\"},{\"@type\":\"ListItem\",\"position\":2,\"name\":\"COMEMORA\u00c7\u00c3O DA DATA NACIONAL DO \u00abOXI\u00bb E VISITA OFICIAL DA EMBAIXADORA SRA. ELISABETH FOTIADOU\"}]},{\"@type\":\"WebSite\",\"@id\":\"https:\\\/\\\/news.ecclesia.org.br\\\/#website\",\"url\":\"https:\\\/\\\/news.ecclesia.org.br\\\/\",\"name\":\"Ecclesia Brasil\",\"description\":\"Desde 2003 onectando o Brasil ao mundo ortodoxo!\",\"publisher\":{\"@id\":\"https:\\\/\\\/news.ecclesia.org.br\\\/#organization\"},\"alternateName\":\"Ecclesia\",\"potentialAction\":[{\"@type\":\"SearchAction\",\"target\":{\"@type\":\"EntryPoint\",\"urlTemplate\":\"https:\\\/\\\/news.ecclesia.org.br\\\/?s={search_term_string}\"},\"query-input\":{\"@type\":\"PropertyValueSpecification\",\"valueRequired\":true,\"valueName\":\"search_term_string\"}}],\"inLanguage\":\"pt-BR\"},{\"@type\":\"Organization\",\"@id\":\"https:\\\/\\\/news.ecclesia.org.br\\\/#organization\",\"name\":\"Sacra Arquidiocese de Buenos Aires e Am\u00e9rica do Sul | Patriarcado Ecum\u00eanico\",\"alternateName\":\"News Ecclesia Brasil\",\"url\":\"https:\\\/\\\/news.ecclesia.org.br\\\/\",\"logo\":{\"@type\":\"ImageObject\",\"inLanguage\":\"pt-BR\",\"@id\":\"https:\\\/\\\/news.ecclesia.org.br\\\/#\\\/schema\\\/logo\\\/image\\\/\",\"url\":\"https:\\\/\\\/news.ecclesia.org.br\\\/wp-content\\\/uploads\\\/2025\\\/05\\\/ecclesia2.png\",\"contentUrl\":\"https:\\\/\\\/news.ecclesia.org.br\\\/wp-content\\\/uploads\\\/2025\\\/05\\\/ecclesia2.png\",\"width\":480,\"height\":120,\"caption\":\"Sacra Arquidiocese de Buenos Aires e Am\u00e9rica do Sul | Patriarcado Ecum\u00eanico\"},\"image\":{\"@id\":\"https:\\\/\\\/news.ecclesia.org.br\\\/#\\\/schema\\\/logo\\\/image\\\/\"},\"sameAs\":[\"https:\\\/\\\/www.facebook.com\\\/Ecclesia2025\",\"https:\\\/\\\/x.com\\\/EcclesiaNews\",\"https:\\\/\\\/br.pinterest.com\\\/ekklisia\\\/\",\"https:\\\/\\\/www.youtube.com\\\/@EcclesiaBrasil\"]},{\"@type\":\"Person\",\"@id\":\"https:\\\/\\\/news.ecclesia.org.br\\\/#\\\/schema\\\/person\\\/6f09597f025829745ba414a569f63758\",\"name\":\"Pe. Andr\u00e9\",\"image\":{\"@type\":\"ImageObject\",\"inLanguage\":\"pt-BR\",\"@id\":\"https:\\\/\\\/secure.gravatar.com\\\/avatar\\\/b4327cfa27e9799da239a26adcd534fc29cdc0c4a4a148eecbcfeb9b42c617ac?s=96&d=mm&r=g\",\"url\":\"https:\\\/\\\/secure.gravatar.com\\\/avatar\\\/b4327cfa27e9799da239a26adcd534fc29cdc0c4a4a148eecbcfeb9b42c617ac?s=96&d=mm&r=g\",\"contentUrl\":\"https:\\\/\\\/secure.gravatar.com\\\/avatar\\\/b4327cfa27e9799da239a26adcd534fc29cdc0c4a4a148eecbcfeb9b42c617ac?s=96&d=mm&r=g\",\"caption\":\"Pe. Andr\u00e9\"},\"sameAs\":[\"https:\\\/\\\/www.ecclesia.org.br\"]}]}<\/script>\n<!-- \/ Yoast SEO plugin. -->","yoast_head_json":{"title":"COMEMORA\u00c7\u00c3O DA DATA NACIONAL DO \u00abOXI\u00bb E VISITA OFICIAL DA EMBAIXADORA SRA. ELISABETH FOTIADOU | ECCLESIA NEWS","robots":{"index":"index","follow":"follow","max-snippet":"max-snippet:-1","max-image-preview":"max-image-preview:large","max-video-preview":"max-video-preview:-1"},"canonical":"https:\/\/news.ecclesia.org.br\/?p=34484","og_locale":"pt_BR","og_type":"article","og_title":"COMEMORA\u00c7\u00c3O DA DATA NACIONAL DO \u00abOXI\u00bb E VISITA OFICIAL DA EMBAIXADORA SRA. ELISABETH FOTIADOU | ECCLESIA NEWS","og_description":"No \u00faltimo domingo, 1\u00ba de novembro de 2020, o Arcebispo Iosif celebrou a Divina Liturgia hier\u00e1rquica acompanhado do Proto-sacerdote Ioannis Argyris na Catedral Metropolitana da Dormi\u00e7\u00e3o da Theotokos de Buenos Aires. Ap\u00f3s a Divina Liturgia, foram realizadas ora\u00e7\u00f5es pela passagem&#8230;","og_url":"https:\/\/news.ecclesia.org.br\/?p=34484","og_site_name":"ECCLESIA NEWS","article_publisher":"https:\/\/www.facebook.com\/Ecclesia2025","article_published_time":"2020-11-04T12:19:18+00:00","article_modified_time":"2021-07-22T22:51:38+00:00","og_image":[{"width":948,"height":434,"url":"https:\/\/news.ecclesia.org.br\/wp-content\/uploads\/2020\/11\/20201101-oxi2.jpg","type":"image\/jpeg"}],"author":"Pe. Andr\u00e9","twitter_card":"summary_large_image","twitter_creator":"@EcclesiaNews","twitter_site":"@EcclesiaNews","twitter_misc":{"Escrito por":"Pe. Andr\u00e9","Est. tempo de leitura":"2 minutos"},"schema":{"@context":"https:\/\/schema.org","@graph":[{"@type":"Article","@id":"https:\/\/news.ecclesia.org.br\/?p=34484#article","isPartOf":{"@id":"https:\/\/news.ecclesia.org.br\/?p=34484"},"author":{"name":"Pe. Andr\u00e9","@id":"https:\/\/news.ecclesia.org.br\/#\/schema\/person\/6f09597f025829745ba414a569f63758"},"headline":"COMEMORA\u00c7\u00c3O DA DATA NACIONAL DO \u00abOXI\u00bb E VISITA OFICIAL DA EMBAIXADORA SRA. ELISABETH FOTIADOU","datePublished":"2020-11-04T12:19:18+00:00","dateModified":"2021-07-22T22:51:38+00:00","mainEntityOfPage":{"@id":"https:\/\/news.ecclesia.org.br\/?p=34484"},"wordCount":323,"commentCount":0,"publisher":{"@id":"https:\/\/news.ecclesia.org.br\/#organization"},"image":{"@id":"https:\/\/news.ecclesia.org.br\/?p=34484#primaryimage"},"thumbnailUrl":"https:\/\/news.ecclesia.org.br\/wp-content\/uploads\/2020\/11\/20201101-oxi2.jpg","articleSection":["Arquidiocese de Buenos Aires e Am\u00e9rica do Sul","NEWS"],"inLanguage":"pt-BR","potentialAction":[{"@type":"CommentAction","name":"Comment","target":["https:\/\/news.ecclesia.org.br\/?p=34484#respond"]}]},{"@type":"WebPage","@id":"https:\/\/news.ecclesia.org.br\/?p=34484","url":"https:\/\/news.ecclesia.org.br\/?p=34484","name":"COMEMORA\u00c7\u00c3O DA DATA NACIONAL DO \u00abOXI\u00bb E VISITA OFICIAL DA EMBAIXADORA SRA. ELISABETH FOTIADOU | ECCLESIA NEWS","isPartOf":{"@id":"https:\/\/news.ecclesia.org.br\/#website"},"primaryImageOfPage":{"@id":"https:\/\/news.ecclesia.org.br\/?p=34484#primaryimage"},"image":{"@id":"https:\/\/news.ecclesia.org.br\/?p=34484#primaryimage"},"thumbnailUrl":"https:\/\/news.ecclesia.org.br\/wp-content\/uploads\/2020\/11\/20201101-oxi2.jpg","datePublished":"2020-11-04T12:19:18+00:00","dateModified":"2021-07-22T22:51:38+00:00","breadcrumb":{"@id":"https:\/\/news.ecclesia.org.br\/?p=34484#breadcrumb"},"inLanguage":"pt-BR","potentialAction":[{"@type":"ReadAction","target":["https:\/\/news.ecclesia.org.br\/?p=34484"]}]},{"@type":"ImageObject","inLanguage":"pt-BR","@id":"https:\/\/news.ecclesia.org.br\/?p=34484#primaryimage","url":"https:\/\/news.ecclesia.org.br\/wp-content\/uploads\/2020\/11\/20201101-oxi2.jpg","contentUrl":"https:\/\/news.ecclesia.org.br\/wp-content\/uploads\/2020\/11\/20201101-oxi2.jpg","width":948,"height":434},{"@type":"BreadcrumbList","@id":"https:\/\/news.ecclesia.org.br\/?p=34484#breadcrumb","itemListElement":[{"@type":"ListItem","position":1,"name":"In\u00edcio","item":"https:\/\/news.ecclesia.org.br\/"},{"@type":"ListItem","position":2,"name":"COMEMORA\u00c7\u00c3O DA DATA NACIONAL DO \u00abOXI\u00bb E VISITA OFICIAL DA EMBAIXADORA SRA. ELISABETH FOTIADOU"}]},{"@type":"WebSite","@id":"https:\/\/news.ecclesia.org.br\/#website","url":"https:\/\/news.ecclesia.org.br\/","name":"Ecclesia Brasil","description":"Desde 2003 onectando o Brasil ao mundo ortodoxo!","publisher":{"@id":"https:\/\/news.ecclesia.org.br\/#organization"},"alternateName":"Ecclesia","potentialAction":[{"@type":"SearchAction","target":{"@type":"EntryPoint","urlTemplate":"https:\/\/news.ecclesia.org.br\/?s={search_term_string}"},"query-input":{"@type":"PropertyValueSpecification","valueRequired":true,"valueName":"search_term_string"}}],"inLanguage":"pt-BR"},{"@type":"Organization","@id":"https:\/\/news.ecclesia.org.br\/#organization","name":"Sacra Arquidiocese de Buenos Aires e Am\u00e9rica do Sul | Patriarcado Ecum\u00eanico","alternateName":"News Ecclesia Brasil","url":"https:\/\/news.ecclesia.org.br\/","logo":{"@type":"ImageObject","inLanguage":"pt-BR","@id":"https:\/\/news.ecclesia.org.br\/#\/schema\/logo\/image\/","url":"https:\/\/news.ecclesia.org.br\/wp-content\/uploads\/2025\/05\/ecclesia2.png","contentUrl":"https:\/\/news.ecclesia.org.br\/wp-content\/uploads\/2025\/05\/ecclesia2.png","width":480,"height":120,"caption":"Sacra Arquidiocese de Buenos Aires e Am\u00e9rica do Sul | Patriarcado Ecum\u00eanico"},"image":{"@id":"https:\/\/news.ecclesia.org.br\/#\/schema\/logo\/image\/"},"sameAs":["https:\/\/www.facebook.com\/Ecclesia2025","https:\/\/x.com\/EcclesiaNews","https:\/\/br.pinterest.com\/ekklisia\/","https:\/\/www.youtube.com\/@EcclesiaBrasil"]},{"@type":"Person","@id":"https:\/\/news.ecclesia.org.br\/#\/schema\/person\/6f09597f025829745ba414a569f63758","name":"Pe. Andr\u00e9","image":{"@type":"ImageObject","inLanguage":"pt-BR","@id":"https:\/\/secure.gravatar.com\/avatar\/b4327cfa27e9799da239a26adcd534fc29cdc0c4a4a148eecbcfeb9b42c617ac?s=96&d=mm&r=g","url":"https:\/\/secure.gravatar.com\/avatar\/b4327cfa27e9799da239a26adcd534fc29cdc0c4a4a148eecbcfeb9b42c617ac?s=96&d=mm&r=g","contentUrl":"https:\/\/secure.gravatar.com\/avatar\/b4327cfa27e9799da239a26adcd534fc29cdc0c4a4a148eecbcfeb9b42c617ac?s=96&d=mm&r=g","caption":"Pe. Andr\u00e9"},"sameAs":["https:\/\/www.ecclesia.org.br"]}]}},"_links":{"self":[{"href":"https:\/\/news.ecclesia.org.br\/index.php?rest_route=\/wp\/v2\/posts\/34484","targetHints":{"allow":["GET"]}}],"collection":[{"href":"https:\/\/news.ecclesia.org.br\/index.php?rest_route=\/wp\/v2\/posts"}],"about":[{"href":"https:\/\/news.ecclesia.org.br\/index.php?rest_route=\/wp\/v2\/types\/post"}],"author":[{"embeddable":true,"href":"https:\/\/news.ecclesia.org.br\/index.php?rest_route=\/wp\/v2\/users\/1"}],"replies":[{"embeddable":true,"href":"https:\/\/news.ecclesia.org.br\/index.php?rest_route=%2Fwp%2Fv2%2Fcomments&post=34484"}],"version-history":[{"count":3,"href":"https:\/\/news.ecclesia.org.br\/index.php?rest_route=\/wp\/v2\/posts\/34484\/revisions"}],"predecessor-version":[{"id":34491,"href":"https:\/\/news.ecclesia.org.br\/index.php?rest_route=\/wp\/v2\/posts\/34484\/revisions\/34491"}],"wp:featuredmedia":[{"embeddable":true,"href":"https:\/\/news.ecclesia.org.br\/index.php?rest_route=\/wp\/v2\/media\/34487"}],"wp:attachment":[{"href":"https:\/\/news.ecclesia.org.br\/index.php?rest_route=%2Fwp%2Fv2%2Fmedia&parent=34484"}],"wp:term":[{"taxonomy":"category","embeddable":true,"href":"https:\/\/news.ecclesia.org.br\/index.php?rest_route=%2Fwp%2Fv2%2Fcategories&post=34484"},{"taxonomy":"post_tag","embeddable":true,"href":"https:\/\/news.ecclesia.org.br\/index.php?rest_route=%2Fwp%2Fv2%2Ftags&post=34484"}],"curies":[{"name":"wp","href":"https:\/\/api.w.org\/{rel}","templated":true}]}}