{"id":34462,"date":"2020-11-01T15:54:18","date_gmt":"2020-11-01T18:54:18","guid":{"rendered":"https:\/\/news.ecclesia.org.br\/?p=34462"},"modified":"2021-07-22T19:51:38","modified_gmt":"2021-07-22T22:51:38","slug":"sacerdote-da-igreja-ortodoxa-grega-e-ferido-com-tiros-no-interior-de-uma-igreja-na-franca","status":"publish","type":"post","link":"https:\/\/news.ecclesia.org.br\/?p=34462","title":{"rendered":"SACERDOTE DA IGREJA ORTODOXA GREGA \u00c9 FERIDO A TIROS NO INTERIOR DE UMA IGREJA NA FRAN\u00c7A"},"content":{"rendered":"\n<div class=\"wp-block-media-text alignwide is-stacked-on-mobile is-image-fill\"><figure class=\"wp-block-media-text__media\" style=\"background-image:url(https:\/\/news.ecclesia.org.br\/wp-content\/uploads\/2020\/11\/padre-ortodoxo-grego-frances.jpg);background-position:45% 27%\"><img fetchpriority=\"high\" decoding=\"async\" width=\"811\" height=\"800\" src=\"https:\/\/news.ecclesia.org.br\/wp-content\/uploads\/2020\/11\/padre-ortodoxo-grego-frances.jpg\" alt=\"\" class=\"wp-image-34469\" srcset=\"https:\/\/news.ecclesia.org.br\/wp-content\/uploads\/2020\/11\/padre-ortodoxo-grego-frances.jpg 811w, https:\/\/news.ecclesia.org.br\/wp-content\/uploads\/2020\/11\/padre-ortodoxo-grego-frances-300x296.jpg 300w, https:\/\/news.ecclesia.org.br\/wp-content\/uploads\/2020\/11\/padre-ortodoxo-grego-frances-768x758.jpg 768w, https:\/\/news.ecclesia.org.br\/wp-content\/uploads\/2020\/11\/padre-ortodoxo-grego-frances-90x90.jpg 90w, https:\/\/news.ecclesia.org.br\/wp-content\/uploads\/2020\/11\/padre-ortodoxo-grego-frances-103x103.jpg 103w, https:\/\/news.ecclesia.org.br\/wp-content\/uploads\/2020\/11\/padre-ortodoxo-grego-frances-100x100.jpg 100w, https:\/\/news.ecclesia.org.br\/wp-content\/uploads\/2020\/11\/padre-ortodoxo-grego-frances-400x395.jpg 400w\" sizes=\"(max-width: 811px) 100vw, 811px\" \/><\/figure><div class=\"wp-block-media-text__content\">\n<p class=\"has-normal-font-size\">Um padre da Igreja Ortodoxa Grega foi atingido neste s\u00e1bado por uma bala no interior de um templo da cidade de Lion, no leste de Fran\u00e7a, tendo o agressor fugido, segundo informa\u00e7\u00f5es avan\u00e7adas pelos meios de comunica\u00e7\u00e3o locais. O sacerdote, que teria sofrido ferimentos graves, indicou n\u00e3o conhecer o agressor enquanto estava a ser retirado do local.<\/p>\n\n\n\n<p>O ataque, registrado no interior de um templo da Igreja Ortodoxa Grega, localizado no conhecido bairro Jean Mac\u00e9, aconteceu dois dias depois do atentado na bas\u00edlica cat\u00f3lica de Nossa Senhora, em Nice (sul da Fran\u00e7a), que resultou na morte de tr\u00eas pessoas.<\/p>\n\n\n\n<p>Os incidentes levaram o governo franc\u00eas a refor\u00e7ar a seguran\u00e7a nos templos religiosos na v\u00e9spera do feriado cat\u00f3lico de <em>Todos os Santos<\/em>.<\/p>\n<\/div><\/div>\n\n\n\n<p class=\"has-text-align-right has-small-font-size\">Com informa\u00e7\u00f5es de: <a rel=\"noreferrer noopener\" href=\"https:\/\/www.noticiasaominuto.com\/mundo\/1617261\/padre-ortodoxo-ferido-com-um-tiro-dentro-de-igreja-em-franca\" target=\"_blank\">Minuto a Minuto<\/a><\/p>\n\n\n\n<h3 class=\"wp-block-heading\">Detido suspeito de ter baleado padre ortodoxo <\/h3>\n\n\n\n<p>O promotor p\u00fablico de Lyon, Nicolas Jacquet, anunciou a deten\u00e7\u00e3o de uma pessoa suspeita. <em>&#8220;Foi colocada sob cust\u00f3dia policial uma pessoa que pode corresponder \u00e0 descri\u00e7\u00e3o das primeiras testemunhas [ouvidas]&#8221;<\/em> indicou o magistrado, adiantando, no entanto, que o suspeito n\u00e3o tinha consigo nenhuma arma no momento da deten\u00e7\u00e3o. <em>&#8220;As investiga\u00e7\u00f5es v\u00e3o continuar visando apurar a sua eventual implica\u00e7\u00e3o&#8221;<\/em>, acrescentou Nicolas Jacquet, em comunicado, citado pela ag\u00eancia France-Presse.<\/p>\n\n\n\n<p>Informa\u00e7\u00f5es avan\u00e7adas pela ag\u00eancia Associated Press revelam que o religioso foi baleado duas vezes no abd\u00f3men e que o ataque aconteceu quando se preparava para fechar o templo. Em rela\u00e7\u00e3o \u00e0s motiva\u00e7\u00f5es deste ataque, o prefeito de Lyon, Gregory Doucet, afirmou que <em>&#8220;nenhuma teoria pode ser descartada&#8221;<\/em> uma vez que, a esta altura, n\u00e3o s\u00e3o conhecidos os motivos. <\/p>\n\n\n\n<p class=\"has-text-align-right has-small-font-size\">Com informa\u00e7\u00f5es de<a href=\"https:\/\/www.rtp.pt\/noticias\/pais\/esgotada-capacidade-de-doentes-covid-no-santo-antonio_v1271863\" target=\"_blank\" rel=\"noreferrer noopener\"> RTP<\/a><\/p>\n","protected":false},"excerpt":{"rendered":"<p>Um padre da Igreja Ortodoxa Grega foi atingido neste s\u00e1bado por uma bala no interior de um templo da cidade de Lion, no leste de Fran\u00e7a, tendo o agressor fugido, segundo informa\u00e7\u00f5es avan\u00e7adas pelos meios de comunica\u00e7\u00e3o locais. O sacerdote,&#8230;<\/p>\n","protected":false},"author":1,"featured_media":34463,"comment_status":"open","ping_status":"open","sticky":false,"template":"","format":"standard","meta":{"_acf_changed":false,"footnotes":""},"categories":[3,1],"tags":[],"class_list":["post-34462","post","type-post","status-publish","format-standard","has-post-thumbnail","hentry","category-mundo","category-news","entry","rows-excerpt"],"acf":[],"yoast_head":"<!-- This site is optimized with the Yoast SEO plugin v27.4 - https:\/\/yoast.com\/product\/yoast-seo-wordpress\/ -->\n<title>SACERDOTE DA IGREJA ORTODOXA GREGA \u00c9 FERIDO A TIROS NO INTERIOR DE UMA IGREJA NA FRAN\u00c7A | ECCLESIA NEWS<\/title>\n<meta name=\"robots\" content=\"index, follow, max-snippet:-1, max-image-preview:large, max-video-preview:-1\" \/>\n<link rel=\"canonical\" href=\"https:\/\/news.ecclesia.org.br\/?p=34462\" \/>\n<meta property=\"og:locale\" content=\"pt_BR\" \/>\n<meta property=\"og:type\" content=\"article\" \/>\n<meta property=\"og:title\" content=\"SACERDOTE DA IGREJA ORTODOXA GREGA \u00c9 FERIDO A TIROS NO INTERIOR DE UMA IGREJA NA FRAN\u00c7A | ECCLESIA NEWS\" \/>\n<meta property=\"og:description\" content=\"Um padre da Igreja Ortodoxa Grega foi atingido neste s\u00e1bado por uma bala no interior de um templo da cidade de Lion, no leste de Fran\u00e7a, tendo o agressor fugido, segundo informa\u00e7\u00f5es avan\u00e7adas pelos meios de comunica\u00e7\u00e3o locais. O sacerdote,&#8230;\" \/>\n<meta property=\"og:url\" content=\"https:\/\/news.ecclesia.org.br\/?p=34462\" \/>\n<meta property=\"og:site_name\" content=\"ECCLESIA NEWS\" \/>\n<meta property=\"article:publisher\" content=\"https:\/\/www.facebook.com\/Ecclesia2025\" \/>\n<meta property=\"article:published_time\" content=\"2020-11-01T18:54:18+00:00\" \/>\n<meta property=\"article:modified_time\" content=\"2021-07-22T22:51:38+00:00\" \/>\n<meta property=\"og:image\" content=\"https:\/\/news.ecclesia.org.br\/wp-content\/uploads\/2020\/11\/igreja-grega-lion-framca.jpg\" \/>\n\t<meta property=\"og:image:width\" content=\"860\" \/>\n\t<meta property=\"og:image:height\" content=\"471\" \/>\n\t<meta property=\"og:image:type\" content=\"image\/jpeg\" \/>\n<meta name=\"author\" content=\"Pe. Andr\u00e9\" \/>\n<meta name=\"twitter:card\" content=\"summary_large_image\" \/>\n<meta name=\"twitter:creator\" content=\"@EcclesiaNews\" \/>\n<meta name=\"twitter:site\" content=\"@EcclesiaNews\" \/>\n<meta name=\"twitter:label1\" content=\"Escrito por\" \/>\n\t<meta name=\"twitter:data1\" content=\"Pe. Andr\u00e9\" \/>\n\t<meta name=\"twitter:label2\" content=\"Est. tempo de leitura\" \/>\n\t<meta name=\"twitter:data2\" content=\"1 minuto\" \/>\n<script type=\"application\/ld+json\" class=\"yoast-schema-graph\">{\"@context\":\"https:\\\/\\\/schema.org\",\"@graph\":[{\"@type\":\"Article\",\"@id\":\"https:\\\/\\\/news.ecclesia.org.br\\\/?p=34462#article\",\"isPartOf\":{\"@id\":\"https:\\\/\\\/news.ecclesia.org.br\\\/?p=34462\"},\"author\":{\"name\":\"Pe. Andr\u00e9\",\"@id\":\"https:\\\/\\\/news.ecclesia.org.br\\\/#\\\/schema\\\/person\\\/6f09597f025829745ba414a569f63758\"},\"headline\":\"SACERDOTE DA IGREJA ORTODOXA GREGA \u00c9 FERIDO A TIROS NO INTERIOR DE UMA IGREJA NA FRAN\u00c7A\",\"datePublished\":\"2020-11-01T18:54:18+00:00\",\"dateModified\":\"2021-07-22T22:51:38+00:00\",\"mainEntityOfPage\":{\"@id\":\"https:\\\/\\\/news.ecclesia.org.br\\\/?p=34462\"},\"wordCount\":313,\"commentCount\":0,\"publisher\":{\"@id\":\"https:\\\/\\\/news.ecclesia.org.br\\\/#organization\"},\"image\":{\"@id\":\"https:\\\/\\\/news.ecclesia.org.br\\\/?p=34462#primaryimage\"},\"thumbnailUrl\":\"https:\\\/\\\/news.ecclesia.org.br\\\/wp-content\\\/uploads\\\/2020\\\/11\\\/igreja-grega-lion-framca.jpg\",\"articleSection\":[\"Mundo Ortodoxo\",\"NEWS\"],\"inLanguage\":\"pt-BR\",\"potentialAction\":[{\"@type\":\"CommentAction\",\"name\":\"Comment\",\"target\":[\"https:\\\/\\\/news.ecclesia.org.br\\\/?p=34462#respond\"]}]},{\"@type\":\"WebPage\",\"@id\":\"https:\\\/\\\/news.ecclesia.org.br\\\/?p=34462\",\"url\":\"https:\\\/\\\/news.ecclesia.org.br\\\/?p=34462\",\"name\":\"SACERDOTE DA IGREJA ORTODOXA GREGA \u00c9 FERIDO A TIROS NO INTERIOR DE UMA IGREJA NA FRAN\u00c7A | ECCLESIA NEWS\",\"isPartOf\":{\"@id\":\"https:\\\/\\\/news.ecclesia.org.br\\\/#website\"},\"primaryImageOfPage\":{\"@id\":\"https:\\\/\\\/news.ecclesia.org.br\\\/?p=34462#primaryimage\"},\"image\":{\"@id\":\"https:\\\/\\\/news.ecclesia.org.br\\\/?p=34462#primaryimage\"},\"thumbnailUrl\":\"https:\\\/\\\/news.ecclesia.org.br\\\/wp-content\\\/uploads\\\/2020\\\/11\\\/igreja-grega-lion-framca.jpg\",\"datePublished\":\"2020-11-01T18:54:18+00:00\",\"dateModified\":\"2021-07-22T22:51:38+00:00\",\"breadcrumb\":{\"@id\":\"https:\\\/\\\/news.ecclesia.org.br\\\/?p=34462#breadcrumb\"},\"inLanguage\":\"pt-BR\",\"potentialAction\":[{\"@type\":\"ReadAction\",\"target\":[\"https:\\\/\\\/news.ecclesia.org.br\\\/?p=34462\"]}]},{\"@type\":\"ImageObject\",\"inLanguage\":\"pt-BR\",\"@id\":\"https:\\\/\\\/news.ecclesia.org.br\\\/?p=34462#primaryimage\",\"url\":\"https:\\\/\\\/news.ecclesia.org.br\\\/wp-content\\\/uploads\\\/2020\\\/11\\\/igreja-grega-lion-framca.jpg\",\"contentUrl\":\"https:\\\/\\\/news.ecclesia.org.br\\\/wp-content\\\/uploads\\\/2020\\\/11\\\/igreja-grega-lion-framca.jpg\",\"width\":860,\"height\":471},{\"@type\":\"BreadcrumbList\",\"@id\":\"https:\\\/\\\/news.ecclesia.org.br\\\/?p=34462#breadcrumb\",\"itemListElement\":[{\"@type\":\"ListItem\",\"position\":1,\"name\":\"In\u00edcio\",\"item\":\"https:\\\/\\\/news.ecclesia.org.br\\\/\"},{\"@type\":\"ListItem\",\"position\":2,\"name\":\"SACERDOTE DA IGREJA ORTODOXA GREGA \u00c9 FERIDO A TIROS NO INTERIOR DE UMA IGREJA NA FRAN\u00c7A\"}]},{\"@type\":\"WebSite\",\"@id\":\"https:\\\/\\\/news.ecclesia.org.br\\\/#website\",\"url\":\"https:\\\/\\\/news.ecclesia.org.br\\\/\",\"name\":\"Ecclesia Brasil\",\"description\":\"Desde 2003 onectando o Brasil ao mundo ortodoxo!\",\"publisher\":{\"@id\":\"https:\\\/\\\/news.ecclesia.org.br\\\/#organization\"},\"alternateName\":\"Ecclesia\",\"potentialAction\":[{\"@type\":\"SearchAction\",\"target\":{\"@type\":\"EntryPoint\",\"urlTemplate\":\"https:\\\/\\\/news.ecclesia.org.br\\\/?s={search_term_string}\"},\"query-input\":{\"@type\":\"PropertyValueSpecification\",\"valueRequired\":true,\"valueName\":\"search_term_string\"}}],\"inLanguage\":\"pt-BR\"},{\"@type\":\"Organization\",\"@id\":\"https:\\\/\\\/news.ecclesia.org.br\\\/#organization\",\"name\":\"Sacra Arquidiocese de Buenos Aires e Am\u00e9rica do Sul | Patriarcado Ecum\u00eanico\",\"alternateName\":\"News Ecclesia Brasil\",\"url\":\"https:\\\/\\\/news.ecclesia.org.br\\\/\",\"logo\":{\"@type\":\"ImageObject\",\"inLanguage\":\"pt-BR\",\"@id\":\"https:\\\/\\\/news.ecclesia.org.br\\\/#\\\/schema\\\/logo\\\/image\\\/\",\"url\":\"https:\\\/\\\/news.ecclesia.org.br\\\/wp-content\\\/uploads\\\/2025\\\/05\\\/ecclesia2.png\",\"contentUrl\":\"https:\\\/\\\/news.ecclesia.org.br\\\/wp-content\\\/uploads\\\/2025\\\/05\\\/ecclesia2.png\",\"width\":480,\"height\":120,\"caption\":\"Sacra Arquidiocese de Buenos Aires e Am\u00e9rica do Sul | Patriarcado Ecum\u00eanico\"},\"image\":{\"@id\":\"https:\\\/\\\/news.ecclesia.org.br\\\/#\\\/schema\\\/logo\\\/image\\\/\"},\"sameAs\":[\"https:\\\/\\\/www.facebook.com\\\/Ecclesia2025\",\"https:\\\/\\\/x.com\\\/EcclesiaNews\",\"https:\\\/\\\/br.pinterest.com\\\/ekklisia\\\/\",\"https:\\\/\\\/www.youtube.com\\\/@EcclesiaBrasil\"]},{\"@type\":\"Person\",\"@id\":\"https:\\\/\\\/news.ecclesia.org.br\\\/#\\\/schema\\\/person\\\/6f09597f025829745ba414a569f63758\",\"name\":\"Pe. Andr\u00e9\",\"image\":{\"@type\":\"ImageObject\",\"inLanguage\":\"pt-BR\",\"@id\":\"https:\\\/\\\/secure.gravatar.com\\\/avatar\\\/b4327cfa27e9799da239a26adcd534fc29cdc0c4a4a148eecbcfeb9b42c617ac?s=96&d=mm&r=g\",\"url\":\"https:\\\/\\\/secure.gravatar.com\\\/avatar\\\/b4327cfa27e9799da239a26adcd534fc29cdc0c4a4a148eecbcfeb9b42c617ac?s=96&d=mm&r=g\",\"contentUrl\":\"https:\\\/\\\/secure.gravatar.com\\\/avatar\\\/b4327cfa27e9799da239a26adcd534fc29cdc0c4a4a148eecbcfeb9b42c617ac?s=96&d=mm&r=g\",\"caption\":\"Pe. Andr\u00e9\"},\"sameAs\":[\"https:\\\/\\\/www.ecclesia.org.br\"]}]}<\/script>\n<!-- \/ Yoast SEO plugin. -->","yoast_head_json":{"title":"SACERDOTE DA IGREJA ORTODOXA GREGA \u00c9 FERIDO A TIROS NO INTERIOR DE UMA IGREJA NA FRAN\u00c7A | ECCLESIA NEWS","robots":{"index":"index","follow":"follow","max-snippet":"max-snippet:-1","max-image-preview":"max-image-preview:large","max-video-preview":"max-video-preview:-1"},"canonical":"https:\/\/news.ecclesia.org.br\/?p=34462","og_locale":"pt_BR","og_type":"article","og_title":"SACERDOTE DA IGREJA ORTODOXA GREGA \u00c9 FERIDO A TIROS NO INTERIOR DE UMA IGREJA NA FRAN\u00c7A | ECCLESIA NEWS","og_description":"Um padre da Igreja Ortodoxa Grega foi atingido neste s\u00e1bado por uma bala no interior de um templo da cidade de Lion, no leste de Fran\u00e7a, tendo o agressor fugido, segundo informa\u00e7\u00f5es avan\u00e7adas pelos meios de comunica\u00e7\u00e3o locais. O sacerdote,&#8230;","og_url":"https:\/\/news.ecclesia.org.br\/?p=34462","og_site_name":"ECCLESIA NEWS","article_publisher":"https:\/\/www.facebook.com\/Ecclesia2025","article_published_time":"2020-11-01T18:54:18+00:00","article_modified_time":"2021-07-22T22:51:38+00:00","og_image":[{"width":860,"height":471,"url":"https:\/\/news.ecclesia.org.br\/wp-content\/uploads\/2020\/11\/igreja-grega-lion-framca.jpg","type":"image\/jpeg"}],"author":"Pe. Andr\u00e9","twitter_card":"summary_large_image","twitter_creator":"@EcclesiaNews","twitter_site":"@EcclesiaNews","twitter_misc":{"Escrito por":"Pe. Andr\u00e9","Est. tempo de leitura":"1 minuto"},"schema":{"@context":"https:\/\/schema.org","@graph":[{"@type":"Article","@id":"https:\/\/news.ecclesia.org.br\/?p=34462#article","isPartOf":{"@id":"https:\/\/news.ecclesia.org.br\/?p=34462"},"author":{"name":"Pe. Andr\u00e9","@id":"https:\/\/news.ecclesia.org.br\/#\/schema\/person\/6f09597f025829745ba414a569f63758"},"headline":"SACERDOTE DA IGREJA ORTODOXA GREGA \u00c9 FERIDO A TIROS NO INTERIOR DE UMA IGREJA NA FRAN\u00c7A","datePublished":"2020-11-01T18:54:18+00:00","dateModified":"2021-07-22T22:51:38+00:00","mainEntityOfPage":{"@id":"https:\/\/news.ecclesia.org.br\/?p=34462"},"wordCount":313,"commentCount":0,"publisher":{"@id":"https:\/\/news.ecclesia.org.br\/#organization"},"image":{"@id":"https:\/\/news.ecclesia.org.br\/?p=34462#primaryimage"},"thumbnailUrl":"https:\/\/news.ecclesia.org.br\/wp-content\/uploads\/2020\/11\/igreja-grega-lion-framca.jpg","articleSection":["Mundo Ortodoxo","NEWS"],"inLanguage":"pt-BR","potentialAction":[{"@type":"CommentAction","name":"Comment","target":["https:\/\/news.ecclesia.org.br\/?p=34462#respond"]}]},{"@type":"WebPage","@id":"https:\/\/news.ecclesia.org.br\/?p=34462","url":"https:\/\/news.ecclesia.org.br\/?p=34462","name":"SACERDOTE DA IGREJA ORTODOXA GREGA \u00c9 FERIDO A TIROS NO INTERIOR DE UMA IGREJA NA FRAN\u00c7A | ECCLESIA NEWS","isPartOf":{"@id":"https:\/\/news.ecclesia.org.br\/#website"},"primaryImageOfPage":{"@id":"https:\/\/news.ecclesia.org.br\/?p=34462#primaryimage"},"image":{"@id":"https:\/\/news.ecclesia.org.br\/?p=34462#primaryimage"},"thumbnailUrl":"https:\/\/news.ecclesia.org.br\/wp-content\/uploads\/2020\/11\/igreja-grega-lion-framca.jpg","datePublished":"2020-11-01T18:54:18+00:00","dateModified":"2021-07-22T22:51:38+00:00","breadcrumb":{"@id":"https:\/\/news.ecclesia.org.br\/?p=34462#breadcrumb"},"inLanguage":"pt-BR","potentialAction":[{"@type":"ReadAction","target":["https:\/\/news.ecclesia.org.br\/?p=34462"]}]},{"@type":"ImageObject","inLanguage":"pt-BR","@id":"https:\/\/news.ecclesia.org.br\/?p=34462#primaryimage","url":"https:\/\/news.ecclesia.org.br\/wp-content\/uploads\/2020\/11\/igreja-grega-lion-framca.jpg","contentUrl":"https:\/\/news.ecclesia.org.br\/wp-content\/uploads\/2020\/11\/igreja-grega-lion-framca.jpg","width":860,"height":471},{"@type":"BreadcrumbList","@id":"https:\/\/news.ecclesia.org.br\/?p=34462#breadcrumb","itemListElement":[{"@type":"ListItem","position":1,"name":"In\u00edcio","item":"https:\/\/news.ecclesia.org.br\/"},{"@type":"ListItem","position":2,"name":"SACERDOTE DA IGREJA ORTODOXA GREGA \u00c9 FERIDO A TIROS NO INTERIOR DE UMA IGREJA NA FRAN\u00c7A"}]},{"@type":"WebSite","@id":"https:\/\/news.ecclesia.org.br\/#website","url":"https:\/\/news.ecclesia.org.br\/","name":"Ecclesia Brasil","description":"Desde 2003 onectando o Brasil ao mundo ortodoxo!","publisher":{"@id":"https:\/\/news.ecclesia.org.br\/#organization"},"alternateName":"Ecclesia","potentialAction":[{"@type":"SearchAction","target":{"@type":"EntryPoint","urlTemplate":"https:\/\/news.ecclesia.org.br\/?s={search_term_string}"},"query-input":{"@type":"PropertyValueSpecification","valueRequired":true,"valueName":"search_term_string"}}],"inLanguage":"pt-BR"},{"@type":"Organization","@id":"https:\/\/news.ecclesia.org.br\/#organization","name":"Sacra Arquidiocese de Buenos Aires e Am\u00e9rica do Sul | Patriarcado Ecum\u00eanico","alternateName":"News Ecclesia Brasil","url":"https:\/\/news.ecclesia.org.br\/","logo":{"@type":"ImageObject","inLanguage":"pt-BR","@id":"https:\/\/news.ecclesia.org.br\/#\/schema\/logo\/image\/","url":"https:\/\/news.ecclesia.org.br\/wp-content\/uploads\/2025\/05\/ecclesia2.png","contentUrl":"https:\/\/news.ecclesia.org.br\/wp-content\/uploads\/2025\/05\/ecclesia2.png","width":480,"height":120,"caption":"Sacra Arquidiocese de Buenos Aires e Am\u00e9rica do Sul | Patriarcado Ecum\u00eanico"},"image":{"@id":"https:\/\/news.ecclesia.org.br\/#\/schema\/logo\/image\/"},"sameAs":["https:\/\/www.facebook.com\/Ecclesia2025","https:\/\/x.com\/EcclesiaNews","https:\/\/br.pinterest.com\/ekklisia\/","https:\/\/www.youtube.com\/@EcclesiaBrasil"]},{"@type":"Person","@id":"https:\/\/news.ecclesia.org.br\/#\/schema\/person\/6f09597f025829745ba414a569f63758","name":"Pe. Andr\u00e9","image":{"@type":"ImageObject","inLanguage":"pt-BR","@id":"https:\/\/secure.gravatar.com\/avatar\/b4327cfa27e9799da239a26adcd534fc29cdc0c4a4a148eecbcfeb9b42c617ac?s=96&d=mm&r=g","url":"https:\/\/secure.gravatar.com\/avatar\/b4327cfa27e9799da239a26adcd534fc29cdc0c4a4a148eecbcfeb9b42c617ac?s=96&d=mm&r=g","contentUrl":"https:\/\/secure.gravatar.com\/avatar\/b4327cfa27e9799da239a26adcd534fc29cdc0c4a4a148eecbcfeb9b42c617ac?s=96&d=mm&r=g","caption":"Pe. Andr\u00e9"},"sameAs":["https:\/\/www.ecclesia.org.br"]}]}},"_links":{"self":[{"href":"https:\/\/news.ecclesia.org.br\/index.php?rest_route=\/wp\/v2\/posts\/34462","targetHints":{"allow":["GET"]}}],"collection":[{"href":"https:\/\/news.ecclesia.org.br\/index.php?rest_route=\/wp\/v2\/posts"}],"about":[{"href":"https:\/\/news.ecclesia.org.br\/index.php?rest_route=\/wp\/v2\/types\/post"}],"author":[{"embeddable":true,"href":"https:\/\/news.ecclesia.org.br\/index.php?rest_route=\/wp\/v2\/users\/1"}],"replies":[{"embeddable":true,"href":"https:\/\/news.ecclesia.org.br\/index.php?rest_route=%2Fwp%2Fv2%2Fcomments&post=34462"}],"version-history":[{"count":2,"href":"https:\/\/news.ecclesia.org.br\/index.php?rest_route=\/wp\/v2\/posts\/34462\/revisions"}],"predecessor-version":[{"id":34471,"href":"https:\/\/news.ecclesia.org.br\/index.php?rest_route=\/wp\/v2\/posts\/34462\/revisions\/34471"}],"wp:featuredmedia":[{"embeddable":true,"href":"https:\/\/news.ecclesia.org.br\/index.php?rest_route=\/wp\/v2\/media\/34463"}],"wp:attachment":[{"href":"https:\/\/news.ecclesia.org.br\/index.php?rest_route=%2Fwp%2Fv2%2Fmedia&parent=34462"}],"wp:term":[{"taxonomy":"category","embeddable":true,"href":"https:\/\/news.ecclesia.org.br\/index.php?rest_route=%2Fwp%2Fv2%2Fcategories&post=34462"},{"taxonomy":"post_tag","embeddable":true,"href":"https:\/\/news.ecclesia.org.br\/index.php?rest_route=%2Fwp%2Fv2%2Ftags&post=34462"}],"curies":[{"name":"wp","href":"https:\/\/api.w.org\/{rel}","templated":true}]}}