{"id":34399,"date":"2020-10-28T19:26:59","date_gmt":"2020-10-28T22:26:59","guid":{"rendered":"https:\/\/news.ecclesia.org.br\/?p=34399"},"modified":"2021-07-22T19:51:38","modified_gmt":"2021-07-22T22:51:38","slug":"enciclica-pastoral-por-ocasiao-da-festividade-nacional-do-nao-oxi-pelo-arcebispo-iosif","status":"publish","type":"post","link":"https:\/\/news.ecclesia.org.br\/?p=34399","title":{"rendered":"ENCICLICA PASTORAL POR OCASI\u00c3O DA FESTIVIDADE NACIONAL DO \u201cN\u00c3O\u201d \u2013OXI PELO ARCEBISPO IOSIF"},"content":{"rendered":"\n<p class=\"has-drop-cap\">Todos os anos comemoramos o anivers\u00e1rio do \u00abN\u00c3O\u00bb \u2013 \u00abOXI\u00bb, ou seja, a resposta direta, determinada, comprometida e corajosa que nossos antepassados deram \u00e0s for\u00e7as do Eixo quando, ent\u00e3o, em 28 de outubro de 1940, impuseram a rendi\u00e7\u00e3o e a sujei\u00e7\u00e3o da Na\u00e7\u00e3o Helena. E comemoramos este fato n\u00e3o apenas por uma quest\u00e3o hist\u00f3rica, por ser um dos muitos feitos heroicos da Na\u00e7\u00e3o dos Helenos contra as for\u00e7as que queriam impor vigorosamente sua ideologia \u00e0s outras na\u00e7\u00f5es do mundo. Fazemos \u00abanamnesis\u00bb \u2013 comemoramos \u2013 posto que o fato n\u00e3o \u00e9 apenas hist\u00f3rico, sen\u00e3o que, por sua natureza mais profunda transcende a historicidade e pode ser re-vivido mais uma vez em cada ocasi\u00e3o em que se re-memora. Essa transcend\u00eancia da mera linha cronol\u00f3gica baseia-se nas ra\u00edzes mais profundas que impulsionaram aqueles her\u00f3is a se contrapor \u2013 resistir \u2013 contra as for\u00e7as do Eixo que queriam priv\u00e1-los de sua liberdade como Na\u00e7\u00e3o, sua autonomia como pa\u00eds, suas tradi\u00e7\u00f5es como povo. Essas ra\u00edzes s\u00e3o os axiomas, os valores supremos \u2013 inamov\u00edveis convic\u00e7\u00f5es enraizadas na alma dos homens &#8211; sobre as quais a civiliza\u00e7\u00e3o dos helenos se baseia e que s\u00e3o espontaneamente ativadas quando circunst\u00e2ncias assim o imp\u00f5em (<a href=\"https:\/\/ecclesia.org.br\/wp-content\/uploads\/2020\/10\/88-2020-ENCICLICA-OXI.pdf\" target=\"_blank\" rel=\"noreferrer noopener\">Siga lendo\u2026<\/a>)<\/p>\n","protected":false},"excerpt":{"rendered":"<p>Todos os anos comemoramos o anivers\u00e1rio do \u00abN\u00c3O\u00bb \u2013 \u00abOXI\u00bb, ou seja, a resposta direta, determinada, comprometida e corajosa que nossos antepassados deram \u00e0s for\u00e7as do Eixo quando, ent\u00e3o, em 28 de outubro de 1940, impuseram a rendi\u00e7\u00e3o e a&#8230;<\/p>\n","protected":false},"author":1,"featured_media":34390,"comment_status":"open","ping_status":"open","sticky":false,"template":"","format":"standard","meta":{"_acf_changed":false,"footnotes":""},"categories":[40,1],"tags":[],"class_list":["post-34399","post","type-post","status-publish","format-standard","has-post-thumbnail","hentry","category-arquidiocese-de-buenos-aires-e-america-do-sul","category-news","entry","rows-excerpt"],"acf":[],"yoast_head":"<!-- This site is optimized with the Yoast SEO plugin v27.4 - https:\/\/yoast.com\/product\/yoast-seo-wordpress\/ -->\n<title>ENCICLICA PASTORAL POR OCASI\u00c3O DA FESTIVIDADE NACIONAL DO \u201cN\u00c3O\u201d \u2013OXI PELO ARCEBISPO IOSIF | ECCLESIA NEWS<\/title>\n<meta name=\"robots\" content=\"index, follow, max-snippet:-1, max-image-preview:large, max-video-preview:-1\" \/>\n<link rel=\"canonical\" href=\"https:\/\/news.ecclesia.org.br\/?p=34399\" \/>\n<meta property=\"og:locale\" content=\"pt_BR\" \/>\n<meta property=\"og:type\" content=\"article\" \/>\n<meta property=\"og:title\" content=\"ENCICLICA PASTORAL POR OCASI\u00c3O DA FESTIVIDADE NACIONAL DO \u201cN\u00c3O\u201d \u2013OXI PELO ARCEBISPO IOSIF | ECCLESIA NEWS\" \/>\n<meta property=\"og:description\" content=\"Todos os anos comemoramos o anivers\u00e1rio do \u00abN\u00c3O\u00bb \u2013 \u00abOXI\u00bb, ou seja, a resposta direta, determinada, comprometida e corajosa que nossos antepassados deram \u00e0s for\u00e7as do Eixo quando, ent\u00e3o, em 28 de outubro de 1940, impuseram a rendi\u00e7\u00e3o e a&#8230;\" \/>\n<meta property=\"og:url\" content=\"https:\/\/news.ecclesia.org.br\/?p=34399\" \/>\n<meta property=\"og:site_name\" content=\"ECCLESIA NEWS\" \/>\n<meta property=\"article:publisher\" content=\"https:\/\/www.facebook.com\/Ecclesia2025\" \/>\n<meta property=\"article:published_time\" content=\"2020-10-28T22:26:59+00:00\" \/>\n<meta property=\"article:modified_time\" content=\"2021-07-22T22:51:38+00:00\" \/>\n<meta property=\"og:image\" content=\"https:\/\/news.ecclesia.org.br\/wp-content\/uploads\/2020\/10\/oxi-day.jpg\" \/>\n\t<meta property=\"og:image:width\" content=\"857\" \/>\n\t<meta property=\"og:image:height\" content=\"818\" \/>\n\t<meta property=\"og:image:type\" content=\"image\/jpeg\" \/>\n<meta name=\"author\" content=\"Pe. Andr\u00e9\" \/>\n<meta name=\"twitter:card\" content=\"summary_large_image\" \/>\n<meta name=\"twitter:creator\" content=\"@EcclesiaNews\" \/>\n<meta name=\"twitter:site\" content=\"@EcclesiaNews\" \/>\n<meta name=\"twitter:label1\" content=\"Escrito por\" \/>\n\t<meta name=\"twitter:data1\" content=\"Pe. Andr\u00e9\" \/>\n\t<meta name=\"twitter:label2\" content=\"Est. tempo de leitura\" \/>\n\t<meta name=\"twitter:data2\" content=\"1 minuto\" \/>\n<script type=\"application\/ld+json\" class=\"yoast-schema-graph\">{\"@context\":\"https:\\\/\\\/schema.org\",\"@graph\":[{\"@type\":\"Article\",\"@id\":\"https:\\\/\\\/news.ecclesia.org.br\\\/?p=34399#article\",\"isPartOf\":{\"@id\":\"https:\\\/\\\/news.ecclesia.org.br\\\/?p=34399\"},\"author\":{\"name\":\"Pe. Andr\u00e9\",\"@id\":\"https:\\\/\\\/news.ecclesia.org.br\\\/#\\\/schema\\\/person\\\/6f09597f025829745ba414a569f63758\"},\"headline\":\"ENCICLICA PASTORAL POR OCASI\u00c3O DA FESTIVIDADE NACIONAL DO \u201cN\u00c3O\u201d \u2013OXI PELO ARCEBISPO IOSIF\",\"datePublished\":\"2020-10-28T22:26:59+00:00\",\"dateModified\":\"2021-07-22T22:51:38+00:00\",\"mainEntityOfPage\":{\"@id\":\"https:\\\/\\\/news.ecclesia.org.br\\\/?p=34399\"},\"wordCount\":236,\"commentCount\":0,\"publisher\":{\"@id\":\"https:\\\/\\\/news.ecclesia.org.br\\\/#organization\"},\"image\":{\"@id\":\"https:\\\/\\\/news.ecclesia.org.br\\\/?p=34399#primaryimage\"},\"thumbnailUrl\":\"https:\\\/\\\/news.ecclesia.org.br\\\/wp-content\\\/uploads\\\/2020\\\/10\\\/oxi-day.jpg\",\"articleSection\":[\"Arquidiocese de Buenos Aires e Am\u00e9rica do Sul\",\"NEWS\"],\"inLanguage\":\"pt-BR\",\"potentialAction\":[{\"@type\":\"CommentAction\",\"name\":\"Comment\",\"target\":[\"https:\\\/\\\/news.ecclesia.org.br\\\/?p=34399#respond\"]}]},{\"@type\":\"WebPage\",\"@id\":\"https:\\\/\\\/news.ecclesia.org.br\\\/?p=34399\",\"url\":\"https:\\\/\\\/news.ecclesia.org.br\\\/?p=34399\",\"name\":\"ENCICLICA PASTORAL POR OCASI\u00c3O DA FESTIVIDADE NACIONAL DO \u201cN\u00c3O\u201d \u2013OXI PELO ARCEBISPO IOSIF | ECCLESIA NEWS\",\"isPartOf\":{\"@id\":\"https:\\\/\\\/news.ecclesia.org.br\\\/#website\"},\"primaryImageOfPage\":{\"@id\":\"https:\\\/\\\/news.ecclesia.org.br\\\/?p=34399#primaryimage\"},\"image\":{\"@id\":\"https:\\\/\\\/news.ecclesia.org.br\\\/?p=34399#primaryimage\"},\"thumbnailUrl\":\"https:\\\/\\\/news.ecclesia.org.br\\\/wp-content\\\/uploads\\\/2020\\\/10\\\/oxi-day.jpg\",\"datePublished\":\"2020-10-28T22:26:59+00:00\",\"dateModified\":\"2021-07-22T22:51:38+00:00\",\"breadcrumb\":{\"@id\":\"https:\\\/\\\/news.ecclesia.org.br\\\/?p=34399#breadcrumb\"},\"inLanguage\":\"pt-BR\",\"potentialAction\":[{\"@type\":\"ReadAction\",\"target\":[\"https:\\\/\\\/news.ecclesia.org.br\\\/?p=34399\"]}]},{\"@type\":\"ImageObject\",\"inLanguage\":\"pt-BR\",\"@id\":\"https:\\\/\\\/news.ecclesia.org.br\\\/?p=34399#primaryimage\",\"url\":\"https:\\\/\\\/news.ecclesia.org.br\\\/wp-content\\\/uploads\\\/2020\\\/10\\\/oxi-day.jpg\",\"contentUrl\":\"https:\\\/\\\/news.ecclesia.org.br\\\/wp-content\\\/uploads\\\/2020\\\/10\\\/oxi-day.jpg\",\"width\":857,\"height\":818},{\"@type\":\"BreadcrumbList\",\"@id\":\"https:\\\/\\\/news.ecclesia.org.br\\\/?p=34399#breadcrumb\",\"itemListElement\":[{\"@type\":\"ListItem\",\"position\":1,\"name\":\"In\u00edcio\",\"item\":\"https:\\\/\\\/news.ecclesia.org.br\\\/\"},{\"@type\":\"ListItem\",\"position\":2,\"name\":\"ENCICLICA PASTORAL POR OCASI\u00c3O DA FESTIVIDADE NACIONAL DO \u201cN\u00c3O\u201d \u2013OXI PELO ARCEBISPO IOSIF\"}]},{\"@type\":\"WebSite\",\"@id\":\"https:\\\/\\\/news.ecclesia.org.br\\\/#website\",\"url\":\"https:\\\/\\\/news.ecclesia.org.br\\\/\",\"name\":\"Ecclesia Brasil\",\"description\":\"Desde 2003 onectando o Brasil ao mundo ortodoxo!\",\"publisher\":{\"@id\":\"https:\\\/\\\/news.ecclesia.org.br\\\/#organization\"},\"alternateName\":\"Ecclesia\",\"potentialAction\":[{\"@type\":\"SearchAction\",\"target\":{\"@type\":\"EntryPoint\",\"urlTemplate\":\"https:\\\/\\\/news.ecclesia.org.br\\\/?s={search_term_string}\"},\"query-input\":{\"@type\":\"PropertyValueSpecification\",\"valueRequired\":true,\"valueName\":\"search_term_string\"}}],\"inLanguage\":\"pt-BR\"},{\"@type\":\"Organization\",\"@id\":\"https:\\\/\\\/news.ecclesia.org.br\\\/#organization\",\"name\":\"Sacra Arquidiocese de Buenos Aires e Am\u00e9rica do Sul | Patriarcado Ecum\u00eanico\",\"alternateName\":\"News Ecclesia Brasil\",\"url\":\"https:\\\/\\\/news.ecclesia.org.br\\\/\",\"logo\":{\"@type\":\"ImageObject\",\"inLanguage\":\"pt-BR\",\"@id\":\"https:\\\/\\\/news.ecclesia.org.br\\\/#\\\/schema\\\/logo\\\/image\\\/\",\"url\":\"https:\\\/\\\/news.ecclesia.org.br\\\/wp-content\\\/uploads\\\/2025\\\/05\\\/ecclesia2.png\",\"contentUrl\":\"https:\\\/\\\/news.ecclesia.org.br\\\/wp-content\\\/uploads\\\/2025\\\/05\\\/ecclesia2.png\",\"width\":480,\"height\":120,\"caption\":\"Sacra Arquidiocese de Buenos Aires e Am\u00e9rica do Sul | Patriarcado Ecum\u00eanico\"},\"image\":{\"@id\":\"https:\\\/\\\/news.ecclesia.org.br\\\/#\\\/schema\\\/logo\\\/image\\\/\"},\"sameAs\":[\"https:\\\/\\\/www.facebook.com\\\/Ecclesia2025\",\"https:\\\/\\\/x.com\\\/EcclesiaNews\",\"https:\\\/\\\/br.pinterest.com\\\/ekklisia\\\/\",\"https:\\\/\\\/www.youtube.com\\\/@EcclesiaBrasil\"]},{\"@type\":\"Person\",\"@id\":\"https:\\\/\\\/news.ecclesia.org.br\\\/#\\\/schema\\\/person\\\/6f09597f025829745ba414a569f63758\",\"name\":\"Pe. Andr\u00e9\",\"image\":{\"@type\":\"ImageObject\",\"inLanguage\":\"pt-BR\",\"@id\":\"https:\\\/\\\/secure.gravatar.com\\\/avatar\\\/b4327cfa27e9799da239a26adcd534fc29cdc0c4a4a148eecbcfeb9b42c617ac?s=96&d=mm&r=g\",\"url\":\"https:\\\/\\\/secure.gravatar.com\\\/avatar\\\/b4327cfa27e9799da239a26adcd534fc29cdc0c4a4a148eecbcfeb9b42c617ac?s=96&d=mm&r=g\",\"contentUrl\":\"https:\\\/\\\/secure.gravatar.com\\\/avatar\\\/b4327cfa27e9799da239a26adcd534fc29cdc0c4a4a148eecbcfeb9b42c617ac?s=96&d=mm&r=g\",\"caption\":\"Pe. Andr\u00e9\"},\"sameAs\":[\"https:\\\/\\\/www.ecclesia.org.br\"]}]}<\/script>\n<!-- \/ Yoast SEO plugin. -->","yoast_head_json":{"title":"ENCICLICA PASTORAL POR OCASI\u00c3O DA FESTIVIDADE NACIONAL DO \u201cN\u00c3O\u201d \u2013OXI PELO ARCEBISPO IOSIF | ECCLESIA NEWS","robots":{"index":"index","follow":"follow","max-snippet":"max-snippet:-1","max-image-preview":"max-image-preview:large","max-video-preview":"max-video-preview:-1"},"canonical":"https:\/\/news.ecclesia.org.br\/?p=34399","og_locale":"pt_BR","og_type":"article","og_title":"ENCICLICA PASTORAL POR OCASI\u00c3O DA FESTIVIDADE NACIONAL DO \u201cN\u00c3O\u201d \u2013OXI PELO ARCEBISPO IOSIF | ECCLESIA NEWS","og_description":"Todos os anos comemoramos o anivers\u00e1rio do \u00abN\u00c3O\u00bb \u2013 \u00abOXI\u00bb, ou seja, a resposta direta, determinada, comprometida e corajosa que nossos antepassados deram \u00e0s for\u00e7as do Eixo quando, ent\u00e3o, em 28 de outubro de 1940, impuseram a rendi\u00e7\u00e3o e a&#8230;","og_url":"https:\/\/news.ecclesia.org.br\/?p=34399","og_site_name":"ECCLESIA NEWS","article_publisher":"https:\/\/www.facebook.com\/Ecclesia2025","article_published_time":"2020-10-28T22:26:59+00:00","article_modified_time":"2021-07-22T22:51:38+00:00","og_image":[{"width":857,"height":818,"url":"https:\/\/news.ecclesia.org.br\/wp-content\/uploads\/2020\/10\/oxi-day.jpg","type":"image\/jpeg"}],"author":"Pe. Andr\u00e9","twitter_card":"summary_large_image","twitter_creator":"@EcclesiaNews","twitter_site":"@EcclesiaNews","twitter_misc":{"Escrito por":"Pe. Andr\u00e9","Est. tempo de leitura":"1 minuto"},"schema":{"@context":"https:\/\/schema.org","@graph":[{"@type":"Article","@id":"https:\/\/news.ecclesia.org.br\/?p=34399#article","isPartOf":{"@id":"https:\/\/news.ecclesia.org.br\/?p=34399"},"author":{"name":"Pe. Andr\u00e9","@id":"https:\/\/news.ecclesia.org.br\/#\/schema\/person\/6f09597f025829745ba414a569f63758"},"headline":"ENCICLICA PASTORAL POR OCASI\u00c3O DA FESTIVIDADE NACIONAL DO \u201cN\u00c3O\u201d \u2013OXI PELO ARCEBISPO IOSIF","datePublished":"2020-10-28T22:26:59+00:00","dateModified":"2021-07-22T22:51:38+00:00","mainEntityOfPage":{"@id":"https:\/\/news.ecclesia.org.br\/?p=34399"},"wordCount":236,"commentCount":0,"publisher":{"@id":"https:\/\/news.ecclesia.org.br\/#organization"},"image":{"@id":"https:\/\/news.ecclesia.org.br\/?p=34399#primaryimage"},"thumbnailUrl":"https:\/\/news.ecclesia.org.br\/wp-content\/uploads\/2020\/10\/oxi-day.jpg","articleSection":["Arquidiocese de Buenos Aires e Am\u00e9rica do Sul","NEWS"],"inLanguage":"pt-BR","potentialAction":[{"@type":"CommentAction","name":"Comment","target":["https:\/\/news.ecclesia.org.br\/?p=34399#respond"]}]},{"@type":"WebPage","@id":"https:\/\/news.ecclesia.org.br\/?p=34399","url":"https:\/\/news.ecclesia.org.br\/?p=34399","name":"ENCICLICA PASTORAL POR OCASI\u00c3O DA FESTIVIDADE NACIONAL DO \u201cN\u00c3O\u201d \u2013OXI PELO ARCEBISPO IOSIF | ECCLESIA NEWS","isPartOf":{"@id":"https:\/\/news.ecclesia.org.br\/#website"},"primaryImageOfPage":{"@id":"https:\/\/news.ecclesia.org.br\/?p=34399#primaryimage"},"image":{"@id":"https:\/\/news.ecclesia.org.br\/?p=34399#primaryimage"},"thumbnailUrl":"https:\/\/news.ecclesia.org.br\/wp-content\/uploads\/2020\/10\/oxi-day.jpg","datePublished":"2020-10-28T22:26:59+00:00","dateModified":"2021-07-22T22:51:38+00:00","breadcrumb":{"@id":"https:\/\/news.ecclesia.org.br\/?p=34399#breadcrumb"},"inLanguage":"pt-BR","potentialAction":[{"@type":"ReadAction","target":["https:\/\/news.ecclesia.org.br\/?p=34399"]}]},{"@type":"ImageObject","inLanguage":"pt-BR","@id":"https:\/\/news.ecclesia.org.br\/?p=34399#primaryimage","url":"https:\/\/news.ecclesia.org.br\/wp-content\/uploads\/2020\/10\/oxi-day.jpg","contentUrl":"https:\/\/news.ecclesia.org.br\/wp-content\/uploads\/2020\/10\/oxi-day.jpg","width":857,"height":818},{"@type":"BreadcrumbList","@id":"https:\/\/news.ecclesia.org.br\/?p=34399#breadcrumb","itemListElement":[{"@type":"ListItem","position":1,"name":"In\u00edcio","item":"https:\/\/news.ecclesia.org.br\/"},{"@type":"ListItem","position":2,"name":"ENCICLICA PASTORAL POR OCASI\u00c3O DA FESTIVIDADE NACIONAL DO \u201cN\u00c3O\u201d \u2013OXI PELO ARCEBISPO IOSIF"}]},{"@type":"WebSite","@id":"https:\/\/news.ecclesia.org.br\/#website","url":"https:\/\/news.ecclesia.org.br\/","name":"Ecclesia Brasil","description":"Desde 2003 onectando o Brasil ao mundo ortodoxo!","publisher":{"@id":"https:\/\/news.ecclesia.org.br\/#organization"},"alternateName":"Ecclesia","potentialAction":[{"@type":"SearchAction","target":{"@type":"EntryPoint","urlTemplate":"https:\/\/news.ecclesia.org.br\/?s={search_term_string}"},"query-input":{"@type":"PropertyValueSpecification","valueRequired":true,"valueName":"search_term_string"}}],"inLanguage":"pt-BR"},{"@type":"Organization","@id":"https:\/\/news.ecclesia.org.br\/#organization","name":"Sacra Arquidiocese de Buenos Aires e Am\u00e9rica do Sul | Patriarcado Ecum\u00eanico","alternateName":"News Ecclesia Brasil","url":"https:\/\/news.ecclesia.org.br\/","logo":{"@type":"ImageObject","inLanguage":"pt-BR","@id":"https:\/\/news.ecclesia.org.br\/#\/schema\/logo\/image\/","url":"https:\/\/news.ecclesia.org.br\/wp-content\/uploads\/2025\/05\/ecclesia2.png","contentUrl":"https:\/\/news.ecclesia.org.br\/wp-content\/uploads\/2025\/05\/ecclesia2.png","width":480,"height":120,"caption":"Sacra Arquidiocese de Buenos Aires e Am\u00e9rica do Sul | Patriarcado Ecum\u00eanico"},"image":{"@id":"https:\/\/news.ecclesia.org.br\/#\/schema\/logo\/image\/"},"sameAs":["https:\/\/www.facebook.com\/Ecclesia2025","https:\/\/x.com\/EcclesiaNews","https:\/\/br.pinterest.com\/ekklisia\/","https:\/\/www.youtube.com\/@EcclesiaBrasil"]},{"@type":"Person","@id":"https:\/\/news.ecclesia.org.br\/#\/schema\/person\/6f09597f025829745ba414a569f63758","name":"Pe. Andr\u00e9","image":{"@type":"ImageObject","inLanguage":"pt-BR","@id":"https:\/\/secure.gravatar.com\/avatar\/b4327cfa27e9799da239a26adcd534fc29cdc0c4a4a148eecbcfeb9b42c617ac?s=96&d=mm&r=g","url":"https:\/\/secure.gravatar.com\/avatar\/b4327cfa27e9799da239a26adcd534fc29cdc0c4a4a148eecbcfeb9b42c617ac?s=96&d=mm&r=g","contentUrl":"https:\/\/secure.gravatar.com\/avatar\/b4327cfa27e9799da239a26adcd534fc29cdc0c4a4a148eecbcfeb9b42c617ac?s=96&d=mm&r=g","caption":"Pe. Andr\u00e9"},"sameAs":["https:\/\/www.ecclesia.org.br"]}]}},"_links":{"self":[{"href":"https:\/\/news.ecclesia.org.br\/index.php?rest_route=\/wp\/v2\/posts\/34399","targetHints":{"allow":["GET"]}}],"collection":[{"href":"https:\/\/news.ecclesia.org.br\/index.php?rest_route=\/wp\/v2\/posts"}],"about":[{"href":"https:\/\/news.ecclesia.org.br\/index.php?rest_route=\/wp\/v2\/types\/post"}],"author":[{"embeddable":true,"href":"https:\/\/news.ecclesia.org.br\/index.php?rest_route=\/wp\/v2\/users\/1"}],"replies":[{"embeddable":true,"href":"https:\/\/news.ecclesia.org.br\/index.php?rest_route=%2Fwp%2Fv2%2Fcomments&post=34399"}],"version-history":[{"count":3,"href":"https:\/\/news.ecclesia.org.br\/index.php?rest_route=\/wp\/v2\/posts\/34399\/revisions"}],"predecessor-version":[{"id":34403,"href":"https:\/\/news.ecclesia.org.br\/index.php?rest_route=\/wp\/v2\/posts\/34399\/revisions\/34403"}],"wp:featuredmedia":[{"embeddable":true,"href":"https:\/\/news.ecclesia.org.br\/index.php?rest_route=\/wp\/v2\/media\/34390"}],"wp:attachment":[{"href":"https:\/\/news.ecclesia.org.br\/index.php?rest_route=%2Fwp%2Fv2%2Fmedia&parent=34399"}],"wp:term":[{"taxonomy":"category","embeddable":true,"href":"https:\/\/news.ecclesia.org.br\/index.php?rest_route=%2Fwp%2Fv2%2Fcategories&post=34399"},{"taxonomy":"post_tag","embeddable":true,"href":"https:\/\/news.ecclesia.org.br\/index.php?rest_route=%2Fwp%2Fv2%2Ftags&post=34399"}],"curies":[{"name":"wp","href":"https:\/\/api.w.org\/{rel}","templated":true}]}}