{"id":34380,"date":"2020-10-27T16:05:08","date_gmt":"2020-10-27T19:05:08","guid":{"rendered":"https:\/\/news.ecclesia.org.br\/?p=34380"},"modified":"2021-07-22T19:51:38","modified_gmt":"2021-07-22T22:51:38","slug":"fome-sofrimento-adoracao-e-comunhao-em-meio-a-pandemia-covid-19","status":"publish","type":"post","link":"https:\/\/news.ecclesia.org.br\/?p=34380","title":{"rendered":"FOME, SOFRIMENTO, ADORA\u00c7\u00c3O E COMUNH\u00c3O EM MEIO \u00c0 PANDEMIA COVID-19"},"content":{"rendered":"\n<p class=\"has-text-align-right has-small-font-size\">Por D. Makarios*, Metropolita de Nair\u00f3bi<\/p>\n\n\n\n<p class=\"has-drop-cap\">Vivemos tempos realmente dif\u00edceis, uma \u00e9poca em que o mundo inteiro quase parou; o tecido social que define a intera\u00e7\u00e3o humana foi desenrolado por um v\u00edrus invis\u00edvel e mortal. Grandes institui\u00e7\u00f5es foram for\u00e7adas a fechar e a refletir sobre o melhor caminho a seguir. Covid-19 tem sido t\u00e3o implac\u00e1vel para todos os seres humanos, jovens e velhos, com potencial para devastar impiedosamente as nossas vidas.<\/p>\n\n\n\n<p>Descoberto na China, em dezembro de 2019, o novo coronav\u00edrus s\u00f3 despertou o Qu\u00eania em meados de mar\u00e7o de 2020. E devo dizer que \u00abn\u00e3o est\u00e1vamos preparados para o que estava por vir\u00bb.<\/p>\n\n\n\n<p>Em poucos dias os n\u00fameros come\u00e7aram a subir, e cen\u00e1rios como havia sido anteriormente testemunhado na Europa estavam agora diante de n\u00f3s, em nosso quintal. Primeiro, as escolas foram fechadas, depois vieram os hot\u00e9is e igrejas; os munic\u00edpios mais afetados foram bloqueados e a mobilidade foi restrita aos prestadores de servi\u00e7os essenciais; os voos estavam suspensos; o planeta literalmente parou.<\/p>\n\n\n\n<p>Quando as escolas fecharam, houve um tipo de al\u00edvio porque nossos filhos n\u00e3o seriam um meio de infec\u00e7\u00e3o, no caso prov\u00e1vel de que o v\u00edrus atingisse nossas popula\u00e7\u00f5es mais vulner\u00e1veis, especialmente as favelas em expans\u00e3o. Mas havia uma grande preocupa\u00e7\u00e3o tamb\u00e9m: a maioria de nossos filhos em nossas escolas totalmente patrocinadas dependem apenas da comida que servimos diariamente a eles. De grande preocupa\u00e7\u00e3o para n\u00f3s foi nossa escola prim\u00e1ria no complexo do Semin\u00e1rio, com mais de 290 alunos totalmente dependentes das refei\u00e7\u00f5es e de outros itens essenciais que lhes eram oferecidos.<\/p>\n\n\n\n<h2 class=\"wp-block-heading\">Superando a fome<\/h2>\n\n\n\n<p>Para ajudar os milhares de pessoas trancadas sem trabalho informal e outras demitidas de seus empregos habituais sem remunera\u00e7\u00e3o, embarquei em um projeto para fornecer ra\u00e7\u00f5es di\u00e1rias de alimentos para fam\u00edlias do nosso bairro, bem como em todas as nossas par\u00f3quias. Isso foi motivado, n\u00e3o s\u00f3 pelos relatos na m\u00eddia, mas principalmente pelo que vi pessoalmente enquanto viajava para v\u00e1rias partes da Diocese para ver as pessoas e incentiv\u00e1-las. A m\u00eddia, at\u00e9 o final de julho de 2020, informou que 3,6 milh\u00f5es de quenianos enfrentaram a fome devido aos efeitos covid-19. Esse n\u00famero est\u00e1 entre os 16% da popula\u00e7\u00e3o global que enfrenta a mis\u00e9ria e a fome. Para piorar ainda as coisas, essa pandemia veio em um momento em que muitas partes do pa\u00eds lutavam contra uma invas\u00e3o de gafanhotos, que dizimou planta\u00e7\u00f5es de alimentos essenciais nas fazendas. \u00c0 medida que o enxame varriam o pa\u00eds, inunda\u00e7\u00f5es de chuvas torrenciais tamb\u00e9m causavam estragos e destrui\u00e7\u00e3o no que restava na trilha dos gafanhotos, varrendo planta\u00e7\u00f5es e animais. A situa\u00e7\u00e3o era sombria e cheia de incertezas. A igreja teve de mudar para combater a amea\u00e7a de fome, em um momento em que o governo lutava para controlar a propaga\u00e7\u00e3o do novo coronav\u00edrus.<\/p>\n\n\n\n<p>A Igreja Ortodoxa distribu\u00eda comida diariamente para os pais de nossa escola prim\u00e1ria, para as fam\u00edlias pobres em nossas par\u00f3quias, para os asilos, orfanatos e at\u00e9 mesmo para membros da comunidade ao nosso redor e para as muitas crian\u00e7as de rua que, de outra forma, dormiriam com fome. Viajamos para quase todos os cantos do pa\u00eds onde temos comunidades ortodoxas para distribuir alimentos. No entanto, n\u00e3o limitamos nossas ra\u00e7\u00f5es alimentares apenas \u00e0s comunidades ortodoxas; em nossa \u00e1rea h\u00e1 uma grande comunidade mu\u00e7ulmana e compartilhamos comida com eles tamb\u00e9m. Diante de um inimigo invenc\u00edvel comum, vimos a imagem de Deus em cada pessoa que sofre, e era nosso dever ministrar a todos, independentemente de suas afilia\u00e7\u00f5es religiosas.<\/p>\n\n\n\n<p>Enquanto escrevo este artigo, estamos planejando visitar a \u00e1rida parte norte do Qu\u00eania para distribuir alimentos \u00e0s nossas comunidades ortodoxas nas \u00e1reas de Lodwar e Turkana.<\/p>\n\n\n\n<p>Em situa\u00e7\u00f5es terr\u00edveis como a atual, todos n\u00f3s olhamos para o socorro internacional para ajudar a amortecer e aliviar o fardo. Lamentavelmente, esta ajuda n\u00e3o foi o caso, visto que todas as na\u00e7\u00f5es foram afetadas em igual medida e economias gigantes foram postas em situa\u00e7\u00e3o deplor\u00e1vel. Portanto, nossos esfor\u00e7os filantr\u00f3picos foram e ainda s\u00e3o muito tensos. Nossa sincera gratid\u00e3o aos numerosos homens e mulheres de boa-vontade que, vendo o que est\u00e1vamos fazendo ofereceram seu apoio, ainda que pouco, para tornar nossa distribui\u00e7\u00e3o de alimentos poss\u00edvel.<\/p>\n\n\n\n<h2 class=\"wp-block-heading\">Adora\u00e7\u00e3o<\/h2>\n\n\n\n<p>Em \u00e9poca t\u00e3o estranha, em meio a uma tempestade t\u00e3o violenta como esta, n\u00e3o se poderia sequer correr para a Igreja para l\u00e1 buscar ref\u00fagio; mesmo a Igreja tinha fechado suas portas. As autoridades locais de sa\u00fade emitiram diretrizes rigorosas que obedecemos plenamente e a maioria de nossas par\u00f3quias precisou fechar suas portas. Aqui na Escola do Semin\u00e1rio, nossos alunos tiveram de ir para casa de acordo com a diretiva do governo. Foi um grande golpe para o calend\u00e1rio acad\u00eamico do nosso Semin\u00e1rio.<\/p>\n\n\n\n<p>No entanto, tivemos que nos ajustar \u00e0s condi\u00e7\u00f5es e iniciamos um programa para ministrar as aulas online, \u00e0 dist\u00e2ncia, para que nossos alunos de todo o continente africano pudessem prosseguir com seu aprendizado. Esta \u00e9, no entanto, uma iniciativa muito cara.<\/p>\n\n\n\n<p>Nossa Capela do Semin\u00e1rio de S\u00e3o Mac\u00e1rio do Egito, que tem servi\u00e7os di\u00e1rios n\u00e3o me lembro de que alguma fez tenha sido fechada. Continuamos celebrando com as poucas pessoas que foram deixadas na sede da nossa Igreja. A Divina Liturgia foi celebrada plenamente e os aptos a participar estavam recebendo comunh\u00e3o sempre. Por isso glorificamos a Deus.<\/p>\n\n\n\n<p>V\u00e1rias outras par\u00f3quias em nossa Arquidiocese continuaram com servi\u00e7os divinos semanais. Assim, a luz e o fervor da Ortodoxia foram mantidos vivos. Agora todas as igrejas est\u00e3o abertas, embora com diretrizes sanit\u00e1rias rigorosas e distanciamento social.<\/p>\n\n\n\n<p>Quanto ao Sacramento da Santa Comunh\u00e3o, institu\u00eddo por Jesus Cristo na Ceia M\u00edstica, na presen\u00e7a de seus disc\u00edpulos (26: 26-28) (&#8230;) comuniquei ao meu rebanho que participar da Santa Comunh\u00e3o n\u00e3o pode ser causa de transmiss\u00e3o de doen\u00e7as, pois os fi\u00e9is de todos os tempos sabem que receber \u00e0 comunh\u00e3o no meio da pandemia, por um lado \u00e9 uma determina\u00e7\u00e3o pr\u00e1tica de obedi\u00eancia ao Deus vivo, e por outro uma grande manifesta\u00e7\u00e3o de amor. &#8220;&#8230; o medo n\u00e3o existe no amor, mas o amor perfeito dissipa o medo. (1 Jo\u00e3o 4:18.) Aqueles que v\u00eam <em>&#8220;com temor de Deus, f\u00e9 e amor&#8221;<\/em> e absolutamente livres, sem qualquer compuls\u00e3o, compartilham do Sangue e do Corpo de Cristo, que se torna <em>&#8220;um rem\u00e9dio de imortalidade&#8221;<\/em>, <em>&#8220;para a remiss\u00e3o de pecados e a vida eterna&#8221;<\/em>.<\/p>\n\n\n\n<p>Ao celebrar em nossa capela durante toda a pandemia, eu estava tentando, sem qualquer fanatismo, expressar a necessidade de fortalecer nossa f\u00e9 no Deus Tri\u00fano, defender a santidade da Santa Comunh\u00e3o, sabendo muito bem que o mundo nos apresenta muitos desafios, sendo o Covid-19 um deles. Muitos tomaram isso como uma chance de defender que muitas colheres fossem usadas durante a comunh\u00e3o. Eu exortei nosso povo a \u00ab<em>&#8230; n\u00e3o se conformar com o padr\u00e3o deste mundo&#8230;\u00bb<\/em> (Rom 12:2) a respeitar o Mist\u00e9rio dos Mist\u00e9rios e a n\u00e3o se distrair apressadamente com confus\u00e3o e barulho.<\/p>\n\n\n\n<h2 class=\"wp-block-heading\">Incentivo<\/h2>\n\n\n\n<p>Ainda n\u00e3o estamos fora de perigo, mas at\u00e9 agora, aqui no Qu\u00eania, podemos ver vislumbres de esperan\u00e7a. N\u00e3o podemos, no entanto, deixar de ver o que est\u00e1 acontecendo em muitos pa\u00edses da Europa onde a pandemia est\u00e1 amea\u00e7ando uma segunda onda. Como tal, enquanto paramos e olhamos para o que Deus fez por n\u00f3s, tamb\u00e9m incessantemente fazemos uma ora\u00e7\u00e3o por nossa irmandade em Cristo nos pa\u00edses mais afetados, bem como em todo o mundo ortodoxo. Pelos tantos que perderam suas vidas para a Covid-19: pacientes, m\u00e9dicos, enfermeiros e cuidadores, pedimos ao Senhor para lhes conceda descanso e paz. \u00c0s suas fam\u00edlias, pedimos que Deus as console. Para os sobreviventes e aqueles que ainda lutam contra o v\u00edrus e seus efeitos, que tenham coragem no Senhor. Estamos todos juntos nisso, e juntos venceremos.<\/p>\n\n\n\n<hr class=\"wp-block-separator\"\/>\n\n\n\n<p class=\"has-small-font-size\">*<strong>Makarios Tillyrides<\/strong>, Arcebispo de Nair\u00f3bi, nasceu em 1945 em Chipre. Graduou-se no <em>St. Sergius Orthodox Theological Institute<\/em> em Paris em 1972 e em 1976 doutorou-se em Filosofia pela Universidade de Oxford. Prosseguiu com p\u00f3s-doutorado no <em>Louvain-la-Neuve<\/em> na B\u00e9lgica, entre os anos de 1978 e 1981. Desde 1977, come\u00e7ou a trabalhar como mission\u00e1rio na \u00c1frica, onde, em 1992, tornou-se bispo do Patriarcado Ortodoxo Grego de Alexandria. Desde ent\u00e3o, o Arcebispo Mac\u00e1rio est\u00e1 envolvido no Conselho Mundial de Igrejas e \u00e9 membro da Comiss\u00e3o Internacional Conjunta para o Di\u00e1logo Teol\u00f3gico entre as Igrejas Ortodoxa e a Igreja Cat\u00f3lico-Romana.<\/p>\n\n\n\n<p class=\"has-text-align-right has-small-font-size\"><strong>FONTE<\/strong>:&nbsp;<a href=\"https:\/\/www.ecupatria.org\/\" target=\"_blank\" rel=\"noreferrer noopener\">Newsletter da Delega\u00e7\u00e3o Permanente do Patriarcado Ecum\u00eanico no CMI<\/a><\/p>\n","protected":false},"excerpt":{"rendered":"<p>Por D. Makarios*, Metropolita de Nair\u00f3bi Vivemos tempos realmente dif\u00edceis, uma \u00e9poca em que o mundo inteiro quase parou; o tecido social que define a intera\u00e7\u00e3o humana foi desenrolado por um v\u00edrus invis\u00edvel e mortal. Grandes institui\u00e7\u00f5es foram for\u00e7adas a&#8230;<\/p>\n","protected":false},"author":1,"featured_media":34381,"comment_status":"open","ping_status":"open","sticky":false,"template":"","format":"standard","meta":{"_acf_changed":false,"footnotes":""},"categories":[1],"tags":[],"class_list":["post-34380","post","type-post","status-publish","format-standard","has-post-thumbnail","hentry","category-news","entry","rows-excerpt"],"acf":[],"yoast_head":"<!-- This site is optimized with the Yoast SEO plugin v27.4 - https:\/\/yoast.com\/product\/yoast-seo-wordpress\/ -->\n<title>FOME, SOFRIMENTO, ADORA\u00c7\u00c3O E COMUNH\u00c3O EM MEIO \u00c0 PANDEMIA COVID-19 | ECCLESIA NEWS<\/title>\n<meta name=\"robots\" content=\"index, follow, max-snippet:-1, max-image-preview:large, max-video-preview:-1\" \/>\n<link rel=\"canonical\" href=\"https:\/\/news.ecclesia.org.br\/?p=34380\" \/>\n<meta property=\"og:locale\" content=\"pt_BR\" \/>\n<meta property=\"og:type\" content=\"article\" \/>\n<meta property=\"og:title\" content=\"FOME, SOFRIMENTO, ADORA\u00c7\u00c3O E COMUNH\u00c3O EM MEIO \u00c0 PANDEMIA COVID-19 | ECCLESIA NEWS\" \/>\n<meta property=\"og:description\" content=\"Por D. Makarios*, Metropolita de Nair\u00f3bi Vivemos tempos realmente dif\u00edceis, uma \u00e9poca em que o mundo inteiro quase parou; o tecido social que define a intera\u00e7\u00e3o humana foi desenrolado por um v\u00edrus invis\u00edvel e mortal. Grandes institui\u00e7\u00f5es foram for\u00e7adas a&#8230;\" \/>\n<meta property=\"og:url\" content=\"https:\/\/news.ecclesia.org.br\/?p=34380\" \/>\n<meta property=\"og:site_name\" content=\"ECCLESIA NEWS\" \/>\n<meta property=\"article:publisher\" content=\"https:\/\/www.facebook.com\/Ecclesia2025\" \/>\n<meta property=\"article:published_time\" content=\"2020-10-27T19:05:08+00:00\" \/>\n<meta property=\"article:modified_time\" content=\"2021-07-22T22:51:38+00:00\" \/>\n<meta property=\"og:image\" content=\"https:\/\/news.ecclesia.org.br\/wp-content\/uploads\/2020\/10\/makarios-nairobi.jpg\" \/>\n\t<meta property=\"og:image:width\" content=\"800\" \/>\n\t<meta property=\"og:image:height\" content=\"450\" \/>\n\t<meta property=\"og:image:type\" content=\"image\/jpeg\" \/>\n<meta name=\"author\" content=\"Pe. Andr\u00e9\" \/>\n<meta name=\"twitter:card\" content=\"summary_large_image\" \/>\n<meta name=\"twitter:creator\" content=\"@EcclesiaNews\" \/>\n<meta name=\"twitter:site\" content=\"@EcclesiaNews\" \/>\n<meta name=\"twitter:label1\" content=\"Escrito por\" \/>\n\t<meta name=\"twitter:data1\" content=\"Pe. Andr\u00e9\" \/>\n\t<meta name=\"twitter:label2\" content=\"Est. tempo de leitura\" \/>\n\t<meta name=\"twitter:data2\" content=\"8 minutos\" \/>\n<script type=\"application\/ld+json\" class=\"yoast-schema-graph\">{\"@context\":\"https:\\\/\\\/schema.org\",\"@graph\":[{\"@type\":\"Article\",\"@id\":\"https:\\\/\\\/news.ecclesia.org.br\\\/?p=34380#article\",\"isPartOf\":{\"@id\":\"https:\\\/\\\/news.ecclesia.org.br\\\/?p=34380\"},\"author\":{\"name\":\"Pe. Andr\u00e9\",\"@id\":\"https:\\\/\\\/news.ecclesia.org.br\\\/#\\\/schema\\\/person\\\/6f09597f025829745ba414a569f63758\"},\"headline\":\"FOME, SOFRIMENTO, ADORA\u00c7\u00c3O E COMUNH\u00c3O EM MEIO \u00c0 PANDEMIA COVID-19\",\"datePublished\":\"2020-10-27T19:05:08+00:00\",\"dateModified\":\"2021-07-22T22:51:38+00:00\",\"mainEntityOfPage\":{\"@id\":\"https:\\\/\\\/news.ecclesia.org.br\\\/?p=34380\"},\"wordCount\":1523,\"commentCount\":0,\"publisher\":{\"@id\":\"https:\\\/\\\/news.ecclesia.org.br\\\/#organization\"},\"image\":{\"@id\":\"https:\\\/\\\/news.ecclesia.org.br\\\/?p=34380#primaryimage\"},\"thumbnailUrl\":\"https:\\\/\\\/news.ecclesia.org.br\\\/wp-content\\\/uploads\\\/2020\\\/10\\\/makarios-nairobi.jpg\",\"articleSection\":[\"NEWS\"],\"inLanguage\":\"pt-BR\",\"potentialAction\":[{\"@type\":\"CommentAction\",\"name\":\"Comment\",\"target\":[\"https:\\\/\\\/news.ecclesia.org.br\\\/?p=34380#respond\"]}]},{\"@type\":\"WebPage\",\"@id\":\"https:\\\/\\\/news.ecclesia.org.br\\\/?p=34380\",\"url\":\"https:\\\/\\\/news.ecclesia.org.br\\\/?p=34380\",\"name\":\"FOME, SOFRIMENTO, ADORA\u00c7\u00c3O E COMUNH\u00c3O EM MEIO \u00c0 PANDEMIA COVID-19 | ECCLESIA NEWS\",\"isPartOf\":{\"@id\":\"https:\\\/\\\/news.ecclesia.org.br\\\/#website\"},\"primaryImageOfPage\":{\"@id\":\"https:\\\/\\\/news.ecclesia.org.br\\\/?p=34380#primaryimage\"},\"image\":{\"@id\":\"https:\\\/\\\/news.ecclesia.org.br\\\/?p=34380#primaryimage\"},\"thumbnailUrl\":\"https:\\\/\\\/news.ecclesia.org.br\\\/wp-content\\\/uploads\\\/2020\\\/10\\\/makarios-nairobi.jpg\",\"datePublished\":\"2020-10-27T19:05:08+00:00\",\"dateModified\":\"2021-07-22T22:51:38+00:00\",\"breadcrumb\":{\"@id\":\"https:\\\/\\\/news.ecclesia.org.br\\\/?p=34380#breadcrumb\"},\"inLanguage\":\"pt-BR\",\"potentialAction\":[{\"@type\":\"ReadAction\",\"target\":[\"https:\\\/\\\/news.ecclesia.org.br\\\/?p=34380\"]}]},{\"@type\":\"ImageObject\",\"inLanguage\":\"pt-BR\",\"@id\":\"https:\\\/\\\/news.ecclesia.org.br\\\/?p=34380#primaryimage\",\"url\":\"https:\\\/\\\/news.ecclesia.org.br\\\/wp-content\\\/uploads\\\/2020\\\/10\\\/makarios-nairobi.jpg\",\"contentUrl\":\"https:\\\/\\\/news.ecclesia.org.br\\\/wp-content\\\/uploads\\\/2020\\\/10\\\/makarios-nairobi.jpg\",\"width\":800,\"height\":450},{\"@type\":\"BreadcrumbList\",\"@id\":\"https:\\\/\\\/news.ecclesia.org.br\\\/?p=34380#breadcrumb\",\"itemListElement\":[{\"@type\":\"ListItem\",\"position\":1,\"name\":\"In\u00edcio\",\"item\":\"https:\\\/\\\/news.ecclesia.org.br\\\/\"},{\"@type\":\"ListItem\",\"position\":2,\"name\":\"FOME, SOFRIMENTO, ADORA\u00c7\u00c3O E COMUNH\u00c3O EM MEIO \u00c0 PANDEMIA COVID-19\"}]},{\"@type\":\"WebSite\",\"@id\":\"https:\\\/\\\/news.ecclesia.org.br\\\/#website\",\"url\":\"https:\\\/\\\/news.ecclesia.org.br\\\/\",\"name\":\"Ecclesia Brasil\",\"description\":\"Desde 2003 onectando o Brasil ao mundo ortodoxo!\",\"publisher\":{\"@id\":\"https:\\\/\\\/news.ecclesia.org.br\\\/#organization\"},\"alternateName\":\"Ecclesia\",\"potentialAction\":[{\"@type\":\"SearchAction\",\"target\":{\"@type\":\"EntryPoint\",\"urlTemplate\":\"https:\\\/\\\/news.ecclesia.org.br\\\/?s={search_term_string}\"},\"query-input\":{\"@type\":\"PropertyValueSpecification\",\"valueRequired\":true,\"valueName\":\"search_term_string\"}}],\"inLanguage\":\"pt-BR\"},{\"@type\":\"Organization\",\"@id\":\"https:\\\/\\\/news.ecclesia.org.br\\\/#organization\",\"name\":\"Sacra Arquidiocese de Buenos Aires e Am\u00e9rica do Sul | Patriarcado Ecum\u00eanico\",\"alternateName\":\"News Ecclesia Brasil\",\"url\":\"https:\\\/\\\/news.ecclesia.org.br\\\/\",\"logo\":{\"@type\":\"ImageObject\",\"inLanguage\":\"pt-BR\",\"@id\":\"https:\\\/\\\/news.ecclesia.org.br\\\/#\\\/schema\\\/logo\\\/image\\\/\",\"url\":\"https:\\\/\\\/news.ecclesia.org.br\\\/wp-content\\\/uploads\\\/2025\\\/05\\\/ecclesia2.png\",\"contentUrl\":\"https:\\\/\\\/news.ecclesia.org.br\\\/wp-content\\\/uploads\\\/2025\\\/05\\\/ecclesia2.png\",\"width\":480,\"height\":120,\"caption\":\"Sacra Arquidiocese de Buenos Aires e Am\u00e9rica do Sul | Patriarcado Ecum\u00eanico\"},\"image\":{\"@id\":\"https:\\\/\\\/news.ecclesia.org.br\\\/#\\\/schema\\\/logo\\\/image\\\/\"},\"sameAs\":[\"https:\\\/\\\/www.facebook.com\\\/Ecclesia2025\",\"https:\\\/\\\/x.com\\\/EcclesiaNews\",\"https:\\\/\\\/br.pinterest.com\\\/ekklisia\\\/\",\"https:\\\/\\\/www.youtube.com\\\/@EcclesiaBrasil\"]},{\"@type\":\"Person\",\"@id\":\"https:\\\/\\\/news.ecclesia.org.br\\\/#\\\/schema\\\/person\\\/6f09597f025829745ba414a569f63758\",\"name\":\"Pe. Andr\u00e9\",\"image\":{\"@type\":\"ImageObject\",\"inLanguage\":\"pt-BR\",\"@id\":\"https:\\\/\\\/secure.gravatar.com\\\/avatar\\\/b4327cfa27e9799da239a26adcd534fc29cdc0c4a4a148eecbcfeb9b42c617ac?s=96&d=mm&r=g\",\"url\":\"https:\\\/\\\/secure.gravatar.com\\\/avatar\\\/b4327cfa27e9799da239a26adcd534fc29cdc0c4a4a148eecbcfeb9b42c617ac?s=96&d=mm&r=g\",\"contentUrl\":\"https:\\\/\\\/secure.gravatar.com\\\/avatar\\\/b4327cfa27e9799da239a26adcd534fc29cdc0c4a4a148eecbcfeb9b42c617ac?s=96&d=mm&r=g\",\"caption\":\"Pe. Andr\u00e9\"},\"sameAs\":[\"https:\\\/\\\/www.ecclesia.org.br\"]}]}<\/script>\n<!-- \/ Yoast SEO plugin. -->","yoast_head_json":{"title":"FOME, SOFRIMENTO, ADORA\u00c7\u00c3O E COMUNH\u00c3O EM MEIO \u00c0 PANDEMIA COVID-19 | ECCLESIA NEWS","robots":{"index":"index","follow":"follow","max-snippet":"max-snippet:-1","max-image-preview":"max-image-preview:large","max-video-preview":"max-video-preview:-1"},"canonical":"https:\/\/news.ecclesia.org.br\/?p=34380","og_locale":"pt_BR","og_type":"article","og_title":"FOME, SOFRIMENTO, ADORA\u00c7\u00c3O E COMUNH\u00c3O EM MEIO \u00c0 PANDEMIA COVID-19 | ECCLESIA NEWS","og_description":"Por D. Makarios*, Metropolita de Nair\u00f3bi Vivemos tempos realmente dif\u00edceis, uma \u00e9poca em que o mundo inteiro quase parou; o tecido social que define a intera\u00e7\u00e3o humana foi desenrolado por um v\u00edrus invis\u00edvel e mortal. Grandes institui\u00e7\u00f5es foram for\u00e7adas a&#8230;","og_url":"https:\/\/news.ecclesia.org.br\/?p=34380","og_site_name":"ECCLESIA NEWS","article_publisher":"https:\/\/www.facebook.com\/Ecclesia2025","article_published_time":"2020-10-27T19:05:08+00:00","article_modified_time":"2021-07-22T22:51:38+00:00","og_image":[{"width":800,"height":450,"url":"https:\/\/news.ecclesia.org.br\/wp-content\/uploads\/2020\/10\/makarios-nairobi.jpg","type":"image\/jpeg"}],"author":"Pe. Andr\u00e9","twitter_card":"summary_large_image","twitter_creator":"@EcclesiaNews","twitter_site":"@EcclesiaNews","twitter_misc":{"Escrito por":"Pe. Andr\u00e9","Est. tempo de leitura":"8 minutos"},"schema":{"@context":"https:\/\/schema.org","@graph":[{"@type":"Article","@id":"https:\/\/news.ecclesia.org.br\/?p=34380#article","isPartOf":{"@id":"https:\/\/news.ecclesia.org.br\/?p=34380"},"author":{"name":"Pe. Andr\u00e9","@id":"https:\/\/news.ecclesia.org.br\/#\/schema\/person\/6f09597f025829745ba414a569f63758"},"headline":"FOME, SOFRIMENTO, ADORA\u00c7\u00c3O E COMUNH\u00c3O EM MEIO \u00c0 PANDEMIA COVID-19","datePublished":"2020-10-27T19:05:08+00:00","dateModified":"2021-07-22T22:51:38+00:00","mainEntityOfPage":{"@id":"https:\/\/news.ecclesia.org.br\/?p=34380"},"wordCount":1523,"commentCount":0,"publisher":{"@id":"https:\/\/news.ecclesia.org.br\/#organization"},"image":{"@id":"https:\/\/news.ecclesia.org.br\/?p=34380#primaryimage"},"thumbnailUrl":"https:\/\/news.ecclesia.org.br\/wp-content\/uploads\/2020\/10\/makarios-nairobi.jpg","articleSection":["NEWS"],"inLanguage":"pt-BR","potentialAction":[{"@type":"CommentAction","name":"Comment","target":["https:\/\/news.ecclesia.org.br\/?p=34380#respond"]}]},{"@type":"WebPage","@id":"https:\/\/news.ecclesia.org.br\/?p=34380","url":"https:\/\/news.ecclesia.org.br\/?p=34380","name":"FOME, SOFRIMENTO, ADORA\u00c7\u00c3O E COMUNH\u00c3O EM MEIO \u00c0 PANDEMIA COVID-19 | ECCLESIA NEWS","isPartOf":{"@id":"https:\/\/news.ecclesia.org.br\/#website"},"primaryImageOfPage":{"@id":"https:\/\/news.ecclesia.org.br\/?p=34380#primaryimage"},"image":{"@id":"https:\/\/news.ecclesia.org.br\/?p=34380#primaryimage"},"thumbnailUrl":"https:\/\/news.ecclesia.org.br\/wp-content\/uploads\/2020\/10\/makarios-nairobi.jpg","datePublished":"2020-10-27T19:05:08+00:00","dateModified":"2021-07-22T22:51:38+00:00","breadcrumb":{"@id":"https:\/\/news.ecclesia.org.br\/?p=34380#breadcrumb"},"inLanguage":"pt-BR","potentialAction":[{"@type":"ReadAction","target":["https:\/\/news.ecclesia.org.br\/?p=34380"]}]},{"@type":"ImageObject","inLanguage":"pt-BR","@id":"https:\/\/news.ecclesia.org.br\/?p=34380#primaryimage","url":"https:\/\/news.ecclesia.org.br\/wp-content\/uploads\/2020\/10\/makarios-nairobi.jpg","contentUrl":"https:\/\/news.ecclesia.org.br\/wp-content\/uploads\/2020\/10\/makarios-nairobi.jpg","width":800,"height":450},{"@type":"BreadcrumbList","@id":"https:\/\/news.ecclesia.org.br\/?p=34380#breadcrumb","itemListElement":[{"@type":"ListItem","position":1,"name":"In\u00edcio","item":"https:\/\/news.ecclesia.org.br\/"},{"@type":"ListItem","position":2,"name":"FOME, SOFRIMENTO, ADORA\u00c7\u00c3O E COMUNH\u00c3O EM MEIO \u00c0 PANDEMIA COVID-19"}]},{"@type":"WebSite","@id":"https:\/\/news.ecclesia.org.br\/#website","url":"https:\/\/news.ecclesia.org.br\/","name":"Ecclesia Brasil","description":"Desde 2003 onectando o Brasil ao mundo ortodoxo!","publisher":{"@id":"https:\/\/news.ecclesia.org.br\/#organization"},"alternateName":"Ecclesia","potentialAction":[{"@type":"SearchAction","target":{"@type":"EntryPoint","urlTemplate":"https:\/\/news.ecclesia.org.br\/?s={search_term_string}"},"query-input":{"@type":"PropertyValueSpecification","valueRequired":true,"valueName":"search_term_string"}}],"inLanguage":"pt-BR"},{"@type":"Organization","@id":"https:\/\/news.ecclesia.org.br\/#organization","name":"Sacra Arquidiocese de Buenos Aires e Am\u00e9rica do Sul | Patriarcado Ecum\u00eanico","alternateName":"News Ecclesia Brasil","url":"https:\/\/news.ecclesia.org.br\/","logo":{"@type":"ImageObject","inLanguage":"pt-BR","@id":"https:\/\/news.ecclesia.org.br\/#\/schema\/logo\/image\/","url":"https:\/\/news.ecclesia.org.br\/wp-content\/uploads\/2025\/05\/ecclesia2.png","contentUrl":"https:\/\/news.ecclesia.org.br\/wp-content\/uploads\/2025\/05\/ecclesia2.png","width":480,"height":120,"caption":"Sacra Arquidiocese de Buenos Aires e Am\u00e9rica do Sul | Patriarcado Ecum\u00eanico"},"image":{"@id":"https:\/\/news.ecclesia.org.br\/#\/schema\/logo\/image\/"},"sameAs":["https:\/\/www.facebook.com\/Ecclesia2025","https:\/\/x.com\/EcclesiaNews","https:\/\/br.pinterest.com\/ekklisia\/","https:\/\/www.youtube.com\/@EcclesiaBrasil"]},{"@type":"Person","@id":"https:\/\/news.ecclesia.org.br\/#\/schema\/person\/6f09597f025829745ba414a569f63758","name":"Pe. Andr\u00e9","image":{"@type":"ImageObject","inLanguage":"pt-BR","@id":"https:\/\/secure.gravatar.com\/avatar\/b4327cfa27e9799da239a26adcd534fc29cdc0c4a4a148eecbcfeb9b42c617ac?s=96&d=mm&r=g","url":"https:\/\/secure.gravatar.com\/avatar\/b4327cfa27e9799da239a26adcd534fc29cdc0c4a4a148eecbcfeb9b42c617ac?s=96&d=mm&r=g","contentUrl":"https:\/\/secure.gravatar.com\/avatar\/b4327cfa27e9799da239a26adcd534fc29cdc0c4a4a148eecbcfeb9b42c617ac?s=96&d=mm&r=g","caption":"Pe. Andr\u00e9"},"sameAs":["https:\/\/www.ecclesia.org.br"]}]}},"_links":{"self":[{"href":"https:\/\/news.ecclesia.org.br\/index.php?rest_route=\/wp\/v2\/posts\/34380","targetHints":{"allow":["GET"]}}],"collection":[{"href":"https:\/\/news.ecclesia.org.br\/index.php?rest_route=\/wp\/v2\/posts"}],"about":[{"href":"https:\/\/news.ecclesia.org.br\/index.php?rest_route=\/wp\/v2\/types\/post"}],"author":[{"embeddable":true,"href":"https:\/\/news.ecclesia.org.br\/index.php?rest_route=\/wp\/v2\/users\/1"}],"replies":[{"embeddable":true,"href":"https:\/\/news.ecclesia.org.br\/index.php?rest_route=%2Fwp%2Fv2%2Fcomments&post=34380"}],"version-history":[{"count":2,"href":"https:\/\/news.ecclesia.org.br\/index.php?rest_route=\/wp\/v2\/posts\/34380\/revisions"}],"predecessor-version":[{"id":34383,"href":"https:\/\/news.ecclesia.org.br\/index.php?rest_route=\/wp\/v2\/posts\/34380\/revisions\/34383"}],"wp:featuredmedia":[{"embeddable":true,"href":"https:\/\/news.ecclesia.org.br\/index.php?rest_route=\/wp\/v2\/media\/34381"}],"wp:attachment":[{"href":"https:\/\/news.ecclesia.org.br\/index.php?rest_route=%2Fwp%2Fv2%2Fmedia&parent=34380"}],"wp:term":[{"taxonomy":"category","embeddable":true,"href":"https:\/\/news.ecclesia.org.br\/index.php?rest_route=%2Fwp%2Fv2%2Fcategories&post=34380"},{"taxonomy":"post_tag","embeddable":true,"href":"https:\/\/news.ecclesia.org.br\/index.php?rest_route=%2Fwp%2Fv2%2Ftags&post=34380"}],"curies":[{"name":"wp","href":"https:\/\/api.w.org\/{rel}","templated":true}]}}