{"id":34234,"date":"2020-10-16T21:38:12","date_gmt":"2020-10-17T00:38:12","guid":{"rendered":"https:\/\/news.ecclesia.org.br\/?p=34234"},"modified":"2021-07-22T19:51:38","modified_gmt":"2021-07-22T22:51:38","slug":"a-morte-do-metropolita-gennadios-um-grande-promotor-da-unidade-crista","status":"publish","type":"post","link":"https:\/\/news.ecclesia.org.br\/?p=34234","title":{"rendered":"A MORTE DO METROPOLITA  GENNADIOS, UM GRANDE PROMOTOR DA UNIDADE CRIST\u00c3"},"content":{"rendered":"\n<p><strong>Pastor com numerosos carismas, incluindo amor e f\u00e9 para com a M\u00e3e Igreja: assim o Patriarca Ecum\u00eanico Bartolomeu I definiu Zerv\u00f3s Gennadios, o primeiro bispo ortodoxo na It\u00e1lia ap\u00f3s 275 anos, em 1996 eleito por unanimidade Arcebispo Metropolitano da It\u00e1lia e entronizado na hist\u00f3rica <em>catedral de San Giorgio dei Greci<\/em> em Veneza.<\/strong><\/p>\n\n\n\n<p class=\"has-text-align-right\">Gabriella Ceraso \u2013 Cidade do Vaticano.<\/p>\n\n\n\n<h2 class=\"wp-block-heading\"><em>&#8220;O metropolita Gennadios passou para o c\u00e9u&#8221;<\/em>.<\/h2>\n\n\n\n<p>Com estas palavras no seu site, a Sagrada Arquidiocese Ortodoxa da It\u00e1lia e Malta anunciou esta manh\u00e3 a morte do Arcebispo Metropolitano Ortodoxo da It\u00e1lia e Malta e Exarca para o Sul da Europa. Ele tinha 83 anos e tinha c\u00e2ncer.<\/p>\n\n\n\n<p>O an\u00fancio dirigido &#8220;a todos os crist\u00e3os&#8221; com &#8220;afli\u00e7\u00f5es humanas&#8221; \u00e9 seguido de uma ora\u00e7\u00e3o:&nbsp;<em>&#8220;Que o Senhor Deus receba a alma do nosso falecido pastor&#8221;<\/em>. Em breve &#8211; diz a nota da arquidiocese &#8211; seguir\u00e3o as comunica\u00e7\u00f5es relativas ao rito do funeral.<\/p>\n\n\n\n<p>Um dos principais protagonistas do di\u00e1logo ecum\u00eanico, e incans\u00e1vel construtor da unidade, em uma de suas \u00faltimas entrevistas com as Not\u00edcias do Vaticano no ano passado, por ocasi\u00e3o do encerramento da Semana de Ora\u00e7\u00e3o pela Unidade dos Crist\u00e3os, observou que&nbsp;<em>\u201ca desuni\u00e3o \u00e9 a fracasso dos crist\u00e3os\u201d<\/em>&nbsp;e que&nbsp;<em>\u201ca paz e a unidade s\u00e3o o \u00fanico caminho que podemos seguir<\/em>\u201d.<\/p>\n\n\n\n<p>Entre as numerosas iniciativas para a promo\u00e7\u00e3o da unidade dos crist\u00e3os e da aproxima\u00e7\u00e3o das Igrejas Cat\u00f3lica e Ortodoxa, tamb\u00e9m recordamos o entusiasmo com que o Metropolita havia promovido, em mar\u00e7o, h\u00e1 dois anos, o nascimento da C\u00e1tedra Ecum\u00eanica do Instituto. Universidade &#8220;Sophia&#8221; de Loppiano, nas pegadas do Patriarca Aten\u00e1goras e Chiara Lubich que o Arcebispo conheceu. Na ocasi\u00e3o, aos nossos microfones, reiterou a import\u00e2ncia de formar&nbsp;<em>\u00abhoje gente nova, ap\u00f3stolos da unidade e do amor\u00bb<\/em>, porque isso ajudaria a perceber o que Aten\u00e1goras repetia e que o metropolita fazia seu:<\/p>\n\n\n\n<blockquote class=\"wp-block-quote is-layout-flow wp-block-quote-is-layout-flow\"><p><em>\u201c\u00c9 muito bom conhecermo-nos; vivemos isolados, sem ter irm\u00e3os, sem ter irm\u00e3s, durante muitos s\u00e9culos, \u00f3rf\u00e3os! Os primeiros dez s\u00e9culos do cristianismo foram pelos dogmas e pela organiza\u00e7\u00e3o da Igreja. Nos dez s\u00e9culos seguintes houve os cismas, a divis\u00e3o. A terceira \u00e9poca, esta, \u00e9 a do amor\u201d.<\/em><\/p><\/blockquote>\n\n\n\n<h2 class=\"wp-block-heading\">Vida e treinamento<\/h2>\n\n\n\n<p>Gennadios, tamb\u00e9m conhecido como Tsamp\u00eccos Zerv\u00f3s, nasceu em Kremasti, na ilha de Rodes, em 8 de julho de 1937. Estudou Teologia na Sacra Escola Teol\u00f3gica Chalki. Recebeu a ordena\u00e7\u00e3o diaconal, em 16 de abril de 1960, do ent\u00e3o Metropolita de Rodes Spiridione no Santo Monast\u00e9rio da Sant\u00edssima Trindade em Chalki e com este grau foi enviado pelo Patriarca Ecum\u00eanico Aten\u00e1goras \u00e0 It\u00e1lia, e precisamente a N\u00e1poles, para terminar seus estudos universit\u00e1rios. com um doutorado em Teologia sobre&nbsp;<em>\u201cA contribui\u00e7\u00e3o do Patriarcado Ecum\u00eanico para a unidade dos crist\u00e3os\u201d<\/em>, que \u00e9 a primeira obra hist\u00f3rica escrita em um centro de estudos cat\u00f3lico por um cl\u00e9rigo ortodoxo grego.<\/p>\n\n\n\n<h2 class=\"wp-block-heading\"><em>\u201cDevemos ser terras abertas e livres. Devemos nos amar. Para n\u00f3s, crist\u00e3os, s\u00f3 existe isso: amar&#8221;.<\/em><\/h2>\n\n\n\n<figure class=\"wp-block-image size-large\"><img fetchpriority=\"high\" decoding=\"async\" width=\"1024\" height=\"648\" src=\"https:\/\/news.ecclesia.org.br\/wp-content\/uploads\/2020\/10\/metropolita-gennadios2-1024x648.jpg\" alt=\"\" class=\"wp-image-34243\" srcset=\"https:\/\/news.ecclesia.org.br\/wp-content\/uploads\/2020\/10\/metropolita-gennadios2-1024x648.jpg 1024w, https:\/\/news.ecclesia.org.br\/wp-content\/uploads\/2020\/10\/metropolita-gennadios2-300x190.jpg 300w, https:\/\/news.ecclesia.org.br\/wp-content\/uploads\/2020\/10\/metropolita-gennadios2-768x486.jpg 768w, https:\/\/news.ecclesia.org.br\/wp-content\/uploads\/2020\/10\/metropolita-gennadios2-400x253.jpg 400w, https:\/\/news.ecclesia.org.br\/wp-content\/uploads\/2020\/10\/metropolita-gennadios2.jpg 1280w\" sizes=\"(max-width: 1024px) 100vw, 1024px\" \/><\/figure>\n\n\n\n<p>Durante dez anos lecionou Teologia Patr\u00edstica no Instituto Universit\u00e1rio de San Nicola de Bari. Durante seus cinquenta anos de servi\u00e7o na It\u00e1lia &#8211; lemos no site da Arquidiocese Ortodoxa &#8211; desenvolveu de maneira brilhante e eficaz uma atividade no campo eclesi\u00e1stico, espiritual e social, gra\u00e7as ao qual recebeu como reconhecimento, por parte das autoridades da Rep\u00fablica Italiana, a condecora\u00e7\u00e3o de Grande Oficial. Participou ativamente, como representante da Igreja-M\u00e3e, em numerosas confer\u00eancias cient\u00edficas, miss\u00f5es e eventos eclesi\u00e1sticos.<\/p>\n\n\n\n<p>Em 26 de novembro de 1970, por iniciativa do Patriarca Ecum\u00eanico Aten\u00e1goras, foi eleito bispo de Kratea por unanimidade e foi o primeiro bispo ortodoxo na It\u00e1lia em 275 anos e, sobretudo, pela primeira vez um cl\u00e9rigo ortodoxo com esta categoria foi ordenado. em solo italiano, na presen\u00e7a dos representantes do Vaticano e da It\u00e1lia. Em 26 de agosto de 1996 foi eleito por unanimidade Arcebispo Metropolitano da It\u00e1lia e foi entronizado na hist\u00f3rica Catedral de San Giorgio dei Greci, em Veneza, em 27 de outubro do mesmo ano.<\/p>\n\n\n\n<h2 class=\"wp-block-heading\"><em>&#8220;Ele fez a ortodoxia florescer no centro do catolicismo romano&#8221;.<\/em><\/h2>\n\n\n\n<p>Gennadios fundou 5 monast\u00e9rios e cerca de 65 par\u00f3quias e, ao longo dos anos de seu governo pastoral, novas par\u00f3quias e novos cl\u00e9rigos foram recebidos no seio da Arquidiocese Ortodoxa. As freguesias j\u00e1 fundadas em Bolonha, P\u00e1dua, Parma e Perugia ganharam forma, prest\u00edgio e refor\u00e7o. O seu di\u00e1logo com o Estado italiano e a estreita colabora\u00e7\u00e3o com o Pontif\u00edcio Conselho para a Unidade dos Crist\u00e3os foram incans\u00e1veis. Ele fez a Ortodoxia florescer novamente &#8211; a Arquidiocese ainda se lembra &#8211; bem no centro do catolicismo romano, gra\u00e7as a suas frequentes e importantes viagens pastorais, ele ensinou ao cora\u00e7\u00e3o do povo a natureza ecum\u00eanica do Patriarcado Ecum\u00eanico e fortaleceu seu prest\u00edgio e impacto nos territ\u00f3rios. tradicionalmente cat\u00f3lico-romanos da It\u00e1lia e de Malta.<\/p>\n\n\n\n<h2 class=\"wp-block-heading\">Patriarca Moraglia: uma riqueza n\u00e3o s\u00f3 para os ortodoxos<\/h2>\n\n\n\n<p>O Patriarca de Veneza Francesco Moraglia expressou hoje profunda tristeza com a not\u00edcia da morte do Metropolita Gennadios.<\/p>\n\n\n\n<blockquote class=\"wp-block-quote is-layout-flow wp-block-quote-is-layout-flow\"><p><em>\u00abNos \u00faltimos anos, em Veneza<\/em>&nbsp;&#8211; escreve Dom Moraglia na sua mensagem de condol\u00eancias &#8211;&nbsp;<em>pude apreciar em v\u00e1rias ocasi\u00f5es os seus tra\u00e7os de homem de Deus e de pessoa rica de alegria, capaz de do\u00e7ura e ternura, mas tamb\u00e9m dessa sabedoria e equil\u00edbrio que \u00e9 exigido, de maneira especial, daqueles que receberam e emprestam a fun\u00e7\u00e3o de guiar o povo santo de Deus. Em sua mem\u00f3ria o profundo v\u00ednculo com a It\u00e1lia, junto com o grande e infinito amor de Gennadios pela M\u00e3e Igreja<\/em>.&nbsp;<em>\u00abSua Emin\u00eancia,<\/em>&nbsp;conclui o Patriarca Moraglia,&nbsp;<em>foi, entre n\u00f3s, uma verdadeira testemunha e construtor da unidade\u00bb<\/em>, por isso cita as palavras de Gennadios:&nbsp;<em>\u00abDevemos ser terras abertas, livre. Devemos nos amar. Para n\u00f3s, crist\u00e3os, s\u00f3 existe isso: amar, nada mais. N\u00e3o \u00e9 t\u00e3o dif\u00edcil &#8230; Deus nos fez seres livres, unidos, sempre cheios de alegria, para realizarmos coisas boas\u201d<\/em>.<\/p><\/blockquote>\n\n\n\n<h2 class=\"wp-block-heading\">Bartolomeu: &#8220;pessoa humilde e s\u00e1bia, fiel \u00e0 Igreja&#8221;.<\/h2>\n\n\n\n<p>Falando do Metropolita, durante sua visita \u00e0 hist\u00f3rica igreja da Confraria dos Santos Pedro e Paulo dos Nacionais Gregos, em N\u00e1poles (outubro 2007), o Patriarca Ecum\u00eanico Bartolomeu, destacou seu imenso amor e confian\u00e7a na Igreja, exaltando seu trabalho de pastor:<\/p>\n\n\n\n<blockquote class=\"wp-block-quote is-layout-flow wp-block-quote-is-layout-flow\"><p><em>\u00abH\u00e1 muitos anos trabalhaste de forma mission\u00e1ria pelo teu rebanho, distinguindo-te por muitos e diversos carismas, entre os quais os maiores s\u00e3o a humildade e a mansid\u00e3o, a tranquilidade e a sabedoria do teu car\u00e1cter, mas mais grande de tudo \u00e9 o seu amor e f\u00e9 para com a M\u00e3e Igreja e o sentido eclesi\u00e1stico que voc\u00ea honra e atrav\u00e9s do qual o honramos \u201d.<\/em><\/p><\/blockquote>\n\n\n\n<p class=\"has-text-align-right\">Fonte: <a href=\"https:\/\/www.vaticannews.va\/it\/chiesa\/news\/2020-10\/metropolita-gennadios-ortodossi-morte-ecumenismo.html?\">Vatican News<\/a><\/p>\n","protected":false},"excerpt":{"rendered":"<p>Pastor com numerosos carismas, incluindo amor e f\u00e9 para com a M\u00e3e Igreja: assim o Patriarca Ecum\u00eanico Bartolomeu I definiu Zerv\u00f3s Gennadios, o primeiro bispo ortodoxo na It\u00e1lia ap\u00f3s 275 anos, em 1996 eleito por unanimidade Arcebispo Metropolitano da It\u00e1lia&#8230;<\/p>\n","protected":false},"author":1,"featured_media":34238,"comment_status":"open","ping_status":"open","sticky":false,"template":"","format":"standard","meta":{"_acf_changed":false,"footnotes":""},"categories":[1],"tags":[],"class_list":["post-34234","post","type-post","status-publish","format-standard","has-post-thumbnail","hentry","category-news","entry","rows-excerpt"],"acf":[],"yoast_head":"<!-- This site is optimized with the Yoast SEO plugin v27.4 - https:\/\/yoast.com\/product\/yoast-seo-wordpress\/ -->\n<title>A MORTE DO METROPOLITA GENNADIOS, UM GRANDE PROMOTOR DA UNIDADE CRIST\u00c3 | ECCLESIA NEWS<\/title>\n<meta name=\"robots\" content=\"index, follow, max-snippet:-1, max-image-preview:large, max-video-preview:-1\" \/>\n<link rel=\"canonical\" href=\"https:\/\/news.ecclesia.org.br\/?p=34234\" \/>\n<meta property=\"og:locale\" content=\"pt_BR\" \/>\n<meta property=\"og:type\" content=\"article\" \/>\n<meta property=\"og:title\" content=\"A MORTE DO METROPOLITA GENNADIOS, UM GRANDE PROMOTOR DA UNIDADE CRIST\u00c3 | ECCLESIA NEWS\" \/>\n<meta property=\"og:description\" content=\"Pastor com numerosos carismas, incluindo amor e f\u00e9 para com a M\u00e3e Igreja: assim o Patriarca Ecum\u00eanico Bartolomeu I definiu Zerv\u00f3s Gennadios, o primeiro bispo ortodoxo na It\u00e1lia ap\u00f3s 275 anos, em 1996 eleito por unanimidade Arcebispo Metropolitano da It\u00e1lia&#8230;\" \/>\n<meta property=\"og:url\" content=\"https:\/\/news.ecclesia.org.br\/?p=34234\" \/>\n<meta property=\"og:site_name\" content=\"ECCLESIA NEWS\" \/>\n<meta property=\"article:publisher\" content=\"https:\/\/www.facebook.com\/Ecclesia2025\" \/>\n<meta property=\"article:published_time\" content=\"2020-10-17T00:38:12+00:00\" \/>\n<meta property=\"article:modified_time\" content=\"2021-07-22T22:51:38+00:00\" \/>\n<meta property=\"og:image\" content=\"https:\/\/news.ecclesia.org.br\/wp-content\/uploads\/2020\/10\/metropolita-gennadios.jpg\" \/>\n\t<meta property=\"og:image:width\" content=\"1200\" \/>\n\t<meta property=\"og:image:height\" content=\"800\" \/>\n\t<meta property=\"og:image:type\" content=\"image\/jpeg\" \/>\n<meta name=\"author\" content=\"Pe. Andr\u00e9\" \/>\n<meta name=\"twitter:card\" content=\"summary_large_image\" \/>\n<meta name=\"twitter:creator\" content=\"@EcclesiaNews\" \/>\n<meta name=\"twitter:site\" content=\"@EcclesiaNews\" \/>\n<meta name=\"twitter:label1\" content=\"Escrito por\" \/>\n\t<meta name=\"twitter:data1\" content=\"Pe. Andr\u00e9\" \/>\n\t<meta name=\"twitter:label2\" content=\"Est. tempo de leitura\" \/>\n\t<meta name=\"twitter:data2\" content=\"6 minutos\" \/>\n<script type=\"application\/ld+json\" class=\"yoast-schema-graph\">{\"@context\":\"https:\\\/\\\/schema.org\",\"@graph\":[{\"@type\":\"Article\",\"@id\":\"https:\\\/\\\/news.ecclesia.org.br\\\/?p=34234#article\",\"isPartOf\":{\"@id\":\"https:\\\/\\\/news.ecclesia.org.br\\\/?p=34234\"},\"author\":{\"name\":\"Pe. Andr\u00e9\",\"@id\":\"https:\\\/\\\/news.ecclesia.org.br\\\/#\\\/schema\\\/person\\\/6f09597f025829745ba414a569f63758\"},\"headline\":\"A MORTE DO METROPOLITA GENNADIOS, UM GRANDE PROMOTOR DA UNIDADE CRIST\u00c3\",\"datePublished\":\"2020-10-17T00:38:12+00:00\",\"dateModified\":\"2021-07-22T22:51:38+00:00\",\"mainEntityOfPage\":{\"@id\":\"https:\\\/\\\/news.ecclesia.org.br\\\/?p=34234\"},\"wordCount\":1191,\"commentCount\":0,\"publisher\":{\"@id\":\"https:\\\/\\\/news.ecclesia.org.br\\\/#organization\"},\"image\":{\"@id\":\"https:\\\/\\\/news.ecclesia.org.br\\\/?p=34234#primaryimage\"},\"thumbnailUrl\":\"https:\\\/\\\/news.ecclesia.org.br\\\/wp-content\\\/uploads\\\/2020\\\/10\\\/metropolita-gennadios.jpg\",\"articleSection\":[\"NEWS\"],\"inLanguage\":\"pt-BR\",\"potentialAction\":[{\"@type\":\"CommentAction\",\"name\":\"Comment\",\"target\":[\"https:\\\/\\\/news.ecclesia.org.br\\\/?p=34234#respond\"]}]},{\"@type\":\"WebPage\",\"@id\":\"https:\\\/\\\/news.ecclesia.org.br\\\/?p=34234\",\"url\":\"https:\\\/\\\/news.ecclesia.org.br\\\/?p=34234\",\"name\":\"A MORTE DO METROPOLITA GENNADIOS, UM GRANDE PROMOTOR DA UNIDADE CRIST\u00c3 | ECCLESIA NEWS\",\"isPartOf\":{\"@id\":\"https:\\\/\\\/news.ecclesia.org.br\\\/#website\"},\"primaryImageOfPage\":{\"@id\":\"https:\\\/\\\/news.ecclesia.org.br\\\/?p=34234#primaryimage\"},\"image\":{\"@id\":\"https:\\\/\\\/news.ecclesia.org.br\\\/?p=34234#primaryimage\"},\"thumbnailUrl\":\"https:\\\/\\\/news.ecclesia.org.br\\\/wp-content\\\/uploads\\\/2020\\\/10\\\/metropolita-gennadios.jpg\",\"datePublished\":\"2020-10-17T00:38:12+00:00\",\"dateModified\":\"2021-07-22T22:51:38+00:00\",\"breadcrumb\":{\"@id\":\"https:\\\/\\\/news.ecclesia.org.br\\\/?p=34234#breadcrumb\"},\"inLanguage\":\"pt-BR\",\"potentialAction\":[{\"@type\":\"ReadAction\",\"target\":[\"https:\\\/\\\/news.ecclesia.org.br\\\/?p=34234\"]}]},{\"@type\":\"ImageObject\",\"inLanguage\":\"pt-BR\",\"@id\":\"https:\\\/\\\/news.ecclesia.org.br\\\/?p=34234#primaryimage\",\"url\":\"https:\\\/\\\/news.ecclesia.org.br\\\/wp-content\\\/uploads\\\/2020\\\/10\\\/metropolita-gennadios.jpg\",\"contentUrl\":\"https:\\\/\\\/news.ecclesia.org.br\\\/wp-content\\\/uploads\\\/2020\\\/10\\\/metropolita-gennadios.jpg\",\"width\":1200,\"height\":800},{\"@type\":\"BreadcrumbList\",\"@id\":\"https:\\\/\\\/news.ecclesia.org.br\\\/?p=34234#breadcrumb\",\"itemListElement\":[{\"@type\":\"ListItem\",\"position\":1,\"name\":\"In\u00edcio\",\"item\":\"https:\\\/\\\/news.ecclesia.org.br\\\/\"},{\"@type\":\"ListItem\",\"position\":2,\"name\":\"A MORTE DO METROPOLITA GENNADIOS, UM GRANDE PROMOTOR DA UNIDADE CRIST\u00c3\"}]},{\"@type\":\"WebSite\",\"@id\":\"https:\\\/\\\/news.ecclesia.org.br\\\/#website\",\"url\":\"https:\\\/\\\/news.ecclesia.org.br\\\/\",\"name\":\"Ecclesia Brasil\",\"description\":\"Desde 2003 onectando o Brasil ao mundo ortodoxo!\",\"publisher\":{\"@id\":\"https:\\\/\\\/news.ecclesia.org.br\\\/#organization\"},\"alternateName\":\"Ecclesia\",\"potentialAction\":[{\"@type\":\"SearchAction\",\"target\":{\"@type\":\"EntryPoint\",\"urlTemplate\":\"https:\\\/\\\/news.ecclesia.org.br\\\/?s={search_term_string}\"},\"query-input\":{\"@type\":\"PropertyValueSpecification\",\"valueRequired\":true,\"valueName\":\"search_term_string\"}}],\"inLanguage\":\"pt-BR\"},{\"@type\":\"Organization\",\"@id\":\"https:\\\/\\\/news.ecclesia.org.br\\\/#organization\",\"name\":\"Sacra Arquidiocese de Buenos Aires e Am\u00e9rica do Sul | Patriarcado Ecum\u00eanico\",\"alternateName\":\"News Ecclesia Brasil\",\"url\":\"https:\\\/\\\/news.ecclesia.org.br\\\/\",\"logo\":{\"@type\":\"ImageObject\",\"inLanguage\":\"pt-BR\",\"@id\":\"https:\\\/\\\/news.ecclesia.org.br\\\/#\\\/schema\\\/logo\\\/image\\\/\",\"url\":\"https:\\\/\\\/news.ecclesia.org.br\\\/wp-content\\\/uploads\\\/2025\\\/05\\\/ecclesia2.png\",\"contentUrl\":\"https:\\\/\\\/news.ecclesia.org.br\\\/wp-content\\\/uploads\\\/2025\\\/05\\\/ecclesia2.png\",\"width\":480,\"height\":120,\"caption\":\"Sacra Arquidiocese de Buenos Aires e Am\u00e9rica do Sul | Patriarcado Ecum\u00eanico\"},\"image\":{\"@id\":\"https:\\\/\\\/news.ecclesia.org.br\\\/#\\\/schema\\\/logo\\\/image\\\/\"},\"sameAs\":[\"https:\\\/\\\/www.facebook.com\\\/Ecclesia2025\",\"https:\\\/\\\/x.com\\\/EcclesiaNews\",\"https:\\\/\\\/br.pinterest.com\\\/ekklisia\\\/\",\"https:\\\/\\\/www.youtube.com\\\/@EcclesiaBrasil\"]},{\"@type\":\"Person\",\"@id\":\"https:\\\/\\\/news.ecclesia.org.br\\\/#\\\/schema\\\/person\\\/6f09597f025829745ba414a569f63758\",\"name\":\"Pe. Andr\u00e9\",\"image\":{\"@type\":\"ImageObject\",\"inLanguage\":\"pt-BR\",\"@id\":\"https:\\\/\\\/secure.gravatar.com\\\/avatar\\\/b4327cfa27e9799da239a26adcd534fc29cdc0c4a4a148eecbcfeb9b42c617ac?s=96&d=mm&r=g\",\"url\":\"https:\\\/\\\/secure.gravatar.com\\\/avatar\\\/b4327cfa27e9799da239a26adcd534fc29cdc0c4a4a148eecbcfeb9b42c617ac?s=96&d=mm&r=g\",\"contentUrl\":\"https:\\\/\\\/secure.gravatar.com\\\/avatar\\\/b4327cfa27e9799da239a26adcd534fc29cdc0c4a4a148eecbcfeb9b42c617ac?s=96&d=mm&r=g\",\"caption\":\"Pe. Andr\u00e9\"},\"sameAs\":[\"https:\\\/\\\/www.ecclesia.org.br\"]}]}<\/script>\n<!-- \/ Yoast SEO plugin. -->","yoast_head_json":{"title":"A MORTE DO METROPOLITA GENNADIOS, UM GRANDE PROMOTOR DA UNIDADE CRIST\u00c3 | ECCLESIA NEWS","robots":{"index":"index","follow":"follow","max-snippet":"max-snippet:-1","max-image-preview":"max-image-preview:large","max-video-preview":"max-video-preview:-1"},"canonical":"https:\/\/news.ecclesia.org.br\/?p=34234","og_locale":"pt_BR","og_type":"article","og_title":"A MORTE DO METROPOLITA GENNADIOS, UM GRANDE PROMOTOR DA UNIDADE CRIST\u00c3 | ECCLESIA NEWS","og_description":"Pastor com numerosos carismas, incluindo amor e f\u00e9 para com a M\u00e3e Igreja: assim o Patriarca Ecum\u00eanico Bartolomeu I definiu Zerv\u00f3s Gennadios, o primeiro bispo ortodoxo na It\u00e1lia ap\u00f3s 275 anos, em 1996 eleito por unanimidade Arcebispo Metropolitano da It\u00e1lia&#8230;","og_url":"https:\/\/news.ecclesia.org.br\/?p=34234","og_site_name":"ECCLESIA NEWS","article_publisher":"https:\/\/www.facebook.com\/Ecclesia2025","article_published_time":"2020-10-17T00:38:12+00:00","article_modified_time":"2021-07-22T22:51:38+00:00","og_image":[{"width":1200,"height":800,"url":"https:\/\/news.ecclesia.org.br\/wp-content\/uploads\/2020\/10\/metropolita-gennadios.jpg","type":"image\/jpeg"}],"author":"Pe. Andr\u00e9","twitter_card":"summary_large_image","twitter_creator":"@EcclesiaNews","twitter_site":"@EcclesiaNews","twitter_misc":{"Escrito por":"Pe. Andr\u00e9","Est. tempo de leitura":"6 minutos"},"schema":{"@context":"https:\/\/schema.org","@graph":[{"@type":"Article","@id":"https:\/\/news.ecclesia.org.br\/?p=34234#article","isPartOf":{"@id":"https:\/\/news.ecclesia.org.br\/?p=34234"},"author":{"name":"Pe. Andr\u00e9","@id":"https:\/\/news.ecclesia.org.br\/#\/schema\/person\/6f09597f025829745ba414a569f63758"},"headline":"A MORTE DO METROPOLITA GENNADIOS, UM GRANDE PROMOTOR DA UNIDADE CRIST\u00c3","datePublished":"2020-10-17T00:38:12+00:00","dateModified":"2021-07-22T22:51:38+00:00","mainEntityOfPage":{"@id":"https:\/\/news.ecclesia.org.br\/?p=34234"},"wordCount":1191,"commentCount":0,"publisher":{"@id":"https:\/\/news.ecclesia.org.br\/#organization"},"image":{"@id":"https:\/\/news.ecclesia.org.br\/?p=34234#primaryimage"},"thumbnailUrl":"https:\/\/news.ecclesia.org.br\/wp-content\/uploads\/2020\/10\/metropolita-gennadios.jpg","articleSection":["NEWS"],"inLanguage":"pt-BR","potentialAction":[{"@type":"CommentAction","name":"Comment","target":["https:\/\/news.ecclesia.org.br\/?p=34234#respond"]}]},{"@type":"WebPage","@id":"https:\/\/news.ecclesia.org.br\/?p=34234","url":"https:\/\/news.ecclesia.org.br\/?p=34234","name":"A MORTE DO METROPOLITA GENNADIOS, UM GRANDE PROMOTOR DA UNIDADE CRIST\u00c3 | ECCLESIA NEWS","isPartOf":{"@id":"https:\/\/news.ecclesia.org.br\/#website"},"primaryImageOfPage":{"@id":"https:\/\/news.ecclesia.org.br\/?p=34234#primaryimage"},"image":{"@id":"https:\/\/news.ecclesia.org.br\/?p=34234#primaryimage"},"thumbnailUrl":"https:\/\/news.ecclesia.org.br\/wp-content\/uploads\/2020\/10\/metropolita-gennadios.jpg","datePublished":"2020-10-17T00:38:12+00:00","dateModified":"2021-07-22T22:51:38+00:00","breadcrumb":{"@id":"https:\/\/news.ecclesia.org.br\/?p=34234#breadcrumb"},"inLanguage":"pt-BR","potentialAction":[{"@type":"ReadAction","target":["https:\/\/news.ecclesia.org.br\/?p=34234"]}]},{"@type":"ImageObject","inLanguage":"pt-BR","@id":"https:\/\/news.ecclesia.org.br\/?p=34234#primaryimage","url":"https:\/\/news.ecclesia.org.br\/wp-content\/uploads\/2020\/10\/metropolita-gennadios.jpg","contentUrl":"https:\/\/news.ecclesia.org.br\/wp-content\/uploads\/2020\/10\/metropolita-gennadios.jpg","width":1200,"height":800},{"@type":"BreadcrumbList","@id":"https:\/\/news.ecclesia.org.br\/?p=34234#breadcrumb","itemListElement":[{"@type":"ListItem","position":1,"name":"In\u00edcio","item":"https:\/\/news.ecclesia.org.br\/"},{"@type":"ListItem","position":2,"name":"A MORTE DO METROPOLITA GENNADIOS, UM GRANDE PROMOTOR DA UNIDADE CRIST\u00c3"}]},{"@type":"WebSite","@id":"https:\/\/news.ecclesia.org.br\/#website","url":"https:\/\/news.ecclesia.org.br\/","name":"Ecclesia Brasil","description":"Desde 2003 onectando o Brasil ao mundo ortodoxo!","publisher":{"@id":"https:\/\/news.ecclesia.org.br\/#organization"},"alternateName":"Ecclesia","potentialAction":[{"@type":"SearchAction","target":{"@type":"EntryPoint","urlTemplate":"https:\/\/news.ecclesia.org.br\/?s={search_term_string}"},"query-input":{"@type":"PropertyValueSpecification","valueRequired":true,"valueName":"search_term_string"}}],"inLanguage":"pt-BR"},{"@type":"Organization","@id":"https:\/\/news.ecclesia.org.br\/#organization","name":"Sacra Arquidiocese de Buenos Aires e Am\u00e9rica do Sul | Patriarcado Ecum\u00eanico","alternateName":"News Ecclesia Brasil","url":"https:\/\/news.ecclesia.org.br\/","logo":{"@type":"ImageObject","inLanguage":"pt-BR","@id":"https:\/\/news.ecclesia.org.br\/#\/schema\/logo\/image\/","url":"https:\/\/news.ecclesia.org.br\/wp-content\/uploads\/2025\/05\/ecclesia2.png","contentUrl":"https:\/\/news.ecclesia.org.br\/wp-content\/uploads\/2025\/05\/ecclesia2.png","width":480,"height":120,"caption":"Sacra Arquidiocese de Buenos Aires e Am\u00e9rica do Sul | Patriarcado Ecum\u00eanico"},"image":{"@id":"https:\/\/news.ecclesia.org.br\/#\/schema\/logo\/image\/"},"sameAs":["https:\/\/www.facebook.com\/Ecclesia2025","https:\/\/x.com\/EcclesiaNews","https:\/\/br.pinterest.com\/ekklisia\/","https:\/\/www.youtube.com\/@EcclesiaBrasil"]},{"@type":"Person","@id":"https:\/\/news.ecclesia.org.br\/#\/schema\/person\/6f09597f025829745ba414a569f63758","name":"Pe. Andr\u00e9","image":{"@type":"ImageObject","inLanguage":"pt-BR","@id":"https:\/\/secure.gravatar.com\/avatar\/b4327cfa27e9799da239a26adcd534fc29cdc0c4a4a148eecbcfeb9b42c617ac?s=96&d=mm&r=g","url":"https:\/\/secure.gravatar.com\/avatar\/b4327cfa27e9799da239a26adcd534fc29cdc0c4a4a148eecbcfeb9b42c617ac?s=96&d=mm&r=g","contentUrl":"https:\/\/secure.gravatar.com\/avatar\/b4327cfa27e9799da239a26adcd534fc29cdc0c4a4a148eecbcfeb9b42c617ac?s=96&d=mm&r=g","caption":"Pe. Andr\u00e9"},"sameAs":["https:\/\/www.ecclesia.org.br"]}]}},"_links":{"self":[{"href":"https:\/\/news.ecclesia.org.br\/index.php?rest_route=\/wp\/v2\/posts\/34234","targetHints":{"allow":["GET"]}}],"collection":[{"href":"https:\/\/news.ecclesia.org.br\/index.php?rest_route=\/wp\/v2\/posts"}],"about":[{"href":"https:\/\/news.ecclesia.org.br\/index.php?rest_route=\/wp\/v2\/types\/post"}],"author":[{"embeddable":true,"href":"https:\/\/news.ecclesia.org.br\/index.php?rest_route=\/wp\/v2\/users\/1"}],"replies":[{"embeddable":true,"href":"https:\/\/news.ecclesia.org.br\/index.php?rest_route=%2Fwp%2Fv2%2Fcomments&post=34234"}],"version-history":[{"count":20,"href":"https:\/\/news.ecclesia.org.br\/index.php?rest_route=\/wp\/v2\/posts\/34234\/revisions"}],"predecessor-version":[{"id":34260,"href":"https:\/\/news.ecclesia.org.br\/index.php?rest_route=\/wp\/v2\/posts\/34234\/revisions\/34260"}],"wp:featuredmedia":[{"embeddable":true,"href":"https:\/\/news.ecclesia.org.br\/index.php?rest_route=\/wp\/v2\/media\/34238"}],"wp:attachment":[{"href":"https:\/\/news.ecclesia.org.br\/index.php?rest_route=%2Fwp%2Fv2%2Fmedia&parent=34234"}],"wp:term":[{"taxonomy":"category","embeddable":true,"href":"https:\/\/news.ecclesia.org.br\/index.php?rest_route=%2Fwp%2Fv2%2Fcategories&post=34234"},{"taxonomy":"post_tag","embeddable":true,"href":"https:\/\/news.ecclesia.org.br\/index.php?rest_route=%2Fwp%2Fv2%2Ftags&post=34234"}],"curies":[{"name":"wp","href":"https:\/\/api.w.org\/{rel}","templated":true}]}}