{"id":34118,"date":"2020-10-02T00:39:55","date_gmt":"2020-10-02T03:39:55","guid":{"rendered":"https:\/\/news.ecclesia.org.br\/?p=34118"},"modified":"2021-07-22T19:51:38","modified_gmt":"2021-07-22T22:51:38","slug":"ceticismo-coronavirus-fanatismo-e-religiosidade-morbida","status":"publish","type":"post","link":"https:\/\/news.ecclesia.org.br\/?p=34118","title":{"rendered":"CETICISMO CORONAV\u00cdRUS, FANATISMO E RELIGIOSIDADE M\u00d3RBIDA"},"content":{"rendered":"\n<p class=\"has-drop-cap\">A pandemia de coronav\u00edrus que abalou o mundo nos \u00faltimos nove meses revelou diferentes formas de fanatismo. Em primeiro lugar, revelou os c\u00e9ticos do coronav\u00edrus. Muitas vezes se referindo a todos os tipos de teorias conspirat\u00f3rias, eles, em geral, rejeitam o discurso da ci\u00eancia. Referindo-se aos direitos humanos, sua atitude \u00e9 mais individual do que coletiva, pois pensam mais em sua liberdade ego\u00edsta do que no bem-estar da sociedade. Rejeitam as restri\u00e7\u00f5es \u00e0 sa\u00fade impostas pelas autoridades civis para proteger a popula\u00e7\u00e3o, como o uso de coberturas faciais obrigat\u00f3rias, e contestam a necessidade de vacina\u00e7\u00e3o em massa. Em diferentes partes do mundo, vimos nos \u00faltimos meses v\u00e1rias manifesta\u00e7\u00f5es p\u00fablicas realizadas por tais c\u00e9ticos do coronav\u00edrus.<\/p>\n\n\n\n<p>Alguns c\u00e9ticos do coronav\u00edrus t\u00eam uma abordagem bastante m\u00e1gica, considerando que seu status, ou sua f\u00e9, n\u00e3o est\u00e1 preocupado com o v\u00edrus. Isso tem sido notado em diferentes religi\u00f5es mundiais. Assim, o ceticismo coronav\u00edrus \u00e9 frequentemente ligado ao fanatismo religioso. Tais fundamentalistas consideram que seu local de culto \u00e9 de alguma forma milagrosamente protegido do v\u00edrus e, portanto, n\u00e3o est\u00e1 preocupado com as restri\u00e7\u00f5es de sa\u00fade impostas pelas autoridades civis, que, portanto, ignoram. Eles criticam a interven\u00e7\u00e3o do Estado em seu culto religioso, embora isso seja feito para o bem comum. Infelizmente, o coronav\u00edrus n\u00e3o \u00e9 cessado por convic\u00e7\u00f5es religiosas e, portanto, temos testemunhado algumas sinagogas, mesquitas, templos, igrejas e mosteiros ao redor do mundo se tornando aglomerados de propaga\u00e7\u00e3o do v\u00edrus, promovendo assim doen\u00e7as e at\u00e9 mesmo a morte de in\u00fameras pessoas na sociedade em geral. Nesses casos, a religi\u00e3o tem sido apontada por alguns outros fan\u00e1ticos como uma amea\u00e7a para a sociedade.<\/p>\n\n\n\n<p>Enquanto isso, na Fran\u00e7a, enquanto ocorre um julgamento sobre o ataque isl\u00e2mico de janeiro de 2015 contra o jornal sat\u00edrico franc\u00eas Charlie Hebdo, que havia publicado no passado desenhos provocativos referindo-se ao profeta Mohammad, um homem feriu duas pessoas em Paris em 25 de setembro de 2020, tendo como alvo os antigos escrit\u00f3rios da revista que recentemente haviam reimpresso os antigos <em>cartoons<\/em>. \u00c9 claro que a reimpress\u00e3o desses desenhos pode ser vista como uma falta de respeito e at\u00e9 blasf\u00eamia para algumas pessoas, e definitivamente reflete um mau momento. Isso revela mais uma vez um confronto entre aqueles que reivindicam uma extrema liberdade de express\u00e3o e aqueles que acusam seus rivais de blasf\u00eamia. Assim, aparece um conflito entre duas formas de fanatismo: entre uma secular e uma religiosa, que s\u00f3 cultiva o \u00f3dio entre as pessoas e que \u00e9 respons\u00e1vel pela tr\u00e1gica morte de inocentes.<\/p>\n\n\n\n<p>Como podemos ver, a pandemia do coronav\u00edrus apontou que o mundo ainda n\u00e3o est\u00e1 livre do fanatismo. O psiquiatra e psicanalista su\u00ed\u00e7o Carl Gustav Jung (1875-1961) costumava dizer que &#8220;o fanatismo \u00e9 o sempre presente irm\u00e3o da d\u00favida&#8221;. Segundo ele, &#8220;o fanatismo s\u00f3 \u00e9 encontrado naqueles que t\u00eam que suprimir d\u00favidas secretas&#8221;, e por isso ele at\u00e9 considerou que &#8220;os convertidos s\u00e3o sempre os piores fan\u00e1ticos&#8221;. O Santo e Grande Conselho da Igreja Ortodoxa (Creta, 2016) nos alertou sobre os perigos do fundamentalismo religioso: &#8220;As explos\u00f5es do fundamentalismo dentro das comunidades religiosas amea\u00e7am criar a vis\u00e3o de que o fundamentalismo pertence \u00e0 ess\u00eancia do fen\u00f4meno da religi\u00e3o. A verdade, no entanto, \u00e9 que o fundamentalismo, como &#8220;zelo n\u00e3o baseado no conhecimento&#8221; (Rom 10.2), constitui uma express\u00e3o de religiosidade m\u00f3rbida&#8221; (Enc\u00edclica, 17).<\/p>\n\n\n\n<p>Um mundo melhor espera de n\u00f3s colabora\u00e7\u00e3o em vez de confronto, di\u00e1logo em vez de ideologia. Religi\u00e3o e ci\u00eancia t\u00eam que trabalhar lado a lado para o bem-estar da humanidade. As religi\u00f5es e os Estados t\u00eam que colaborar para a justi\u00e7a, a paz e a sa\u00fade dos seres humanos. Qualquer forma de fanatismo, seja religioso ou secular, tem que ser erradicada atrav\u00e9s da educa\u00e7\u00e3o e do di\u00e1logo, a fim de construir o mundo do depois. A crise do coronav\u00edrus \u00e9 uma oportunidade dada para superar nosso individualismo e ego\u00edsmo cultivando altru\u00edsmo e compartilhamento. Esta deve ser uma ocasi\u00e3o para pensar no outro, para se preocupar com o bem-estar do pr\u00f3ximo, para compartilhar com os necessitados, para ajudar aqueles em perigo, para proteger e defender os vulner\u00e1veis.<\/p>\n\n\n\n<p>Como destacou a Enc\u00edclica do Santo e Grande Conselho da Igreja Ortodoxa: &#8220;Um verdadeiro crist\u00e3o, seguindo o exemplo do Senhor crucificado, sacrifica-se e n\u00e3o sacrifica os outros, e por essa raz\u00e3o \u00e9 o cr\u00edtico mais rigoroso do fundamentalismo de qualquer proced\u00eancia. Di\u00e1logo inter-religioso honesto contribui para o desenvolvimento da confian\u00e7a m\u00fatua e para a promo\u00e7\u00e3o da paz e reconcilia\u00e7\u00e3o&#8221; (Enc\u00edclica, 17). A pandemia revelou que o mundo est\u00e1 precisando muito de um senso de humanidade.<\/p>\n\n\n\n<p class=\"has-text-align-right\">Arcebispo Job de Telmessos<\/p>\n\n\n\n<p class=\"has-text-align-left has-small-font-size\">FONTE: <a href=\"https:\/\/mailchi.mp\/wcc-coe\/newsletter-of-the-ecumenical-patriarchates-permanent-delegation-to-the-wcc-april-7884796?e=ccc3321e8b\" target=\"_blank\" rel=\"noreferrer noopener\">Editorial Newsletter da Delega\u00e7\u00e3o Permanente do Patriarcado Ecum\u00eanico Junto ao CMI<\/a><\/p>\n","protected":false},"excerpt":{"rendered":"<p>A pandemia de coronav\u00edrus que abalou o mundo nos \u00faltimos nove meses revelou diferentes formas de fanatismo. Em primeiro lugar, revelou os c\u00e9ticos do coronav\u00edrus. Muitas vezes se referindo a todos os tipos de teorias conspirat\u00f3rias, eles, em geral, rejeitam&#8230;<\/p>\n","protected":false},"author":1,"featured_media":34120,"comment_status":"open","ping_status":"open","sticky":false,"template":"","format":"standard","meta":{"_acf_changed":false,"footnotes":""},"categories":[1],"tags":[],"class_list":["post-34118","post","type-post","status-publish","format-standard","has-post-thumbnail","hentry","category-news","entry","rows-excerpt"],"acf":[],"yoast_head":"<!-- This site is optimized with the Yoast SEO plugin v27.4 - https:\/\/yoast.com\/product\/yoast-seo-wordpress\/ -->\n<title>CETICISMO CORONAV\u00cdRUS, FANATISMO E RELIGIOSIDADE M\u00d3RBIDA | ECCLESIA NEWS<\/title>\n<meta name=\"robots\" content=\"index, follow, max-snippet:-1, max-image-preview:large, max-video-preview:-1\" \/>\n<link rel=\"canonical\" href=\"https:\/\/news.ecclesia.org.br\/?p=34118\" \/>\n<meta property=\"og:locale\" content=\"pt_BR\" \/>\n<meta property=\"og:type\" content=\"article\" \/>\n<meta property=\"og:title\" content=\"CETICISMO CORONAV\u00cdRUS, FANATISMO E RELIGIOSIDADE M\u00d3RBIDA | ECCLESIA NEWS\" \/>\n<meta property=\"og:description\" content=\"A pandemia de coronav\u00edrus que abalou o mundo nos \u00faltimos nove meses revelou diferentes formas de fanatismo. Em primeiro lugar, revelou os c\u00e9ticos do coronav\u00edrus. Muitas vezes se referindo a todos os tipos de teorias conspirat\u00f3rias, eles, em geral, rejeitam&#8230;\" \/>\n<meta property=\"og:url\" content=\"https:\/\/news.ecclesia.org.br\/?p=34118\" \/>\n<meta property=\"og:site_name\" content=\"ECCLESIA NEWS\" \/>\n<meta property=\"article:publisher\" content=\"https:\/\/www.facebook.com\/Ecclesia2025\" \/>\n<meta property=\"article:published_time\" content=\"2020-10-02T03:39:55+00:00\" \/>\n<meta property=\"article:modified_time\" content=\"2021-07-22T22:51:38+00:00\" \/>\n<meta property=\"og:image\" content=\"https:\/\/news.ecclesia.org.br\/wp-content\/uploads\/2020\/10\/patriarca-com-arcebispo-job-telmessos.jpg\" \/>\n\t<meta property=\"og:image:width\" content=\"1520\" \/>\n\t<meta property=\"og:image:height\" content=\"884\" \/>\n\t<meta property=\"og:image:type\" content=\"image\/jpeg\" \/>\n<meta name=\"author\" content=\"Pe. Andr\u00e9\" \/>\n<meta name=\"twitter:card\" content=\"summary_large_image\" \/>\n<meta name=\"twitter:creator\" content=\"@EcclesiaNews\" \/>\n<meta name=\"twitter:site\" content=\"@EcclesiaNews\" \/>\n<meta name=\"twitter:label1\" content=\"Escrito por\" \/>\n\t<meta name=\"twitter:data1\" content=\"Pe. Andr\u00e9\" \/>\n\t<meta name=\"twitter:label2\" content=\"Est. tempo de leitura\" \/>\n\t<meta name=\"twitter:data2\" content=\"4 minutos\" \/>\n<script type=\"application\/ld+json\" class=\"yoast-schema-graph\">{\"@context\":\"https:\\\/\\\/schema.org\",\"@graph\":[{\"@type\":\"Article\",\"@id\":\"https:\\\/\\\/news.ecclesia.org.br\\\/?p=34118#article\",\"isPartOf\":{\"@id\":\"https:\\\/\\\/news.ecclesia.org.br\\\/?p=34118\"},\"author\":{\"name\":\"Pe. Andr\u00e9\",\"@id\":\"https:\\\/\\\/news.ecclesia.org.br\\\/#\\\/schema\\\/person\\\/6f09597f025829745ba414a569f63758\"},\"headline\":\"CETICISMO CORONAV\u00cdRUS, FANATISMO E RELIGIOSIDADE M\u00d3RBIDA\",\"datePublished\":\"2020-10-02T03:39:55+00:00\",\"dateModified\":\"2021-07-22T22:51:38+00:00\",\"mainEntityOfPage\":{\"@id\":\"https:\\\/\\\/news.ecclesia.org.br\\\/?p=34118\"},\"wordCount\":852,\"commentCount\":1,\"publisher\":{\"@id\":\"https:\\\/\\\/news.ecclesia.org.br\\\/#organization\"},\"image\":{\"@id\":\"https:\\\/\\\/news.ecclesia.org.br\\\/?p=34118#primaryimage\"},\"thumbnailUrl\":\"https:\\\/\\\/news.ecclesia.org.br\\\/wp-content\\\/uploads\\\/2020\\\/10\\\/patriarca-com-arcebispo-job-telmessos.jpg\",\"articleSection\":[\"NEWS\"],\"inLanguage\":\"pt-BR\",\"potentialAction\":[{\"@type\":\"CommentAction\",\"name\":\"Comment\",\"target\":[\"https:\\\/\\\/news.ecclesia.org.br\\\/?p=34118#respond\"]}]},{\"@type\":\"WebPage\",\"@id\":\"https:\\\/\\\/news.ecclesia.org.br\\\/?p=34118\",\"url\":\"https:\\\/\\\/news.ecclesia.org.br\\\/?p=34118\",\"name\":\"CETICISMO CORONAV\u00cdRUS, FANATISMO E RELIGIOSIDADE M\u00d3RBIDA | ECCLESIA NEWS\",\"isPartOf\":{\"@id\":\"https:\\\/\\\/news.ecclesia.org.br\\\/#website\"},\"primaryImageOfPage\":{\"@id\":\"https:\\\/\\\/news.ecclesia.org.br\\\/?p=34118#primaryimage\"},\"image\":{\"@id\":\"https:\\\/\\\/news.ecclesia.org.br\\\/?p=34118#primaryimage\"},\"thumbnailUrl\":\"https:\\\/\\\/news.ecclesia.org.br\\\/wp-content\\\/uploads\\\/2020\\\/10\\\/patriarca-com-arcebispo-job-telmessos.jpg\",\"datePublished\":\"2020-10-02T03:39:55+00:00\",\"dateModified\":\"2021-07-22T22:51:38+00:00\",\"breadcrumb\":{\"@id\":\"https:\\\/\\\/news.ecclesia.org.br\\\/?p=34118#breadcrumb\"},\"inLanguage\":\"pt-BR\",\"potentialAction\":[{\"@type\":\"ReadAction\",\"target\":[\"https:\\\/\\\/news.ecclesia.org.br\\\/?p=34118\"]}]},{\"@type\":\"ImageObject\",\"inLanguage\":\"pt-BR\",\"@id\":\"https:\\\/\\\/news.ecclesia.org.br\\\/?p=34118#primaryimage\",\"url\":\"https:\\\/\\\/news.ecclesia.org.br\\\/wp-content\\\/uploads\\\/2020\\\/10\\\/patriarca-com-arcebispo-job-telmessos.jpg\",\"contentUrl\":\"https:\\\/\\\/news.ecclesia.org.br\\\/wp-content\\\/uploads\\\/2020\\\/10\\\/patriarca-com-arcebispo-job-telmessos.jpg\",\"width\":1520,\"height\":884},{\"@type\":\"BreadcrumbList\",\"@id\":\"https:\\\/\\\/news.ecclesia.org.br\\\/?p=34118#breadcrumb\",\"itemListElement\":[{\"@type\":\"ListItem\",\"position\":1,\"name\":\"In\u00edcio\",\"item\":\"https:\\\/\\\/news.ecclesia.org.br\\\/\"},{\"@type\":\"ListItem\",\"position\":2,\"name\":\"CETICISMO CORONAV\u00cdRUS, FANATISMO E RELIGIOSIDADE M\u00d3RBIDA\"}]},{\"@type\":\"WebSite\",\"@id\":\"https:\\\/\\\/news.ecclesia.org.br\\\/#website\",\"url\":\"https:\\\/\\\/news.ecclesia.org.br\\\/\",\"name\":\"Ecclesia Brasil\",\"description\":\"Desde 2003 onectando o Brasil ao mundo ortodoxo!\",\"publisher\":{\"@id\":\"https:\\\/\\\/news.ecclesia.org.br\\\/#organization\"},\"alternateName\":\"Ecclesia\",\"potentialAction\":[{\"@type\":\"SearchAction\",\"target\":{\"@type\":\"EntryPoint\",\"urlTemplate\":\"https:\\\/\\\/news.ecclesia.org.br\\\/?s={search_term_string}\"},\"query-input\":{\"@type\":\"PropertyValueSpecification\",\"valueRequired\":true,\"valueName\":\"search_term_string\"}}],\"inLanguage\":\"pt-BR\"},{\"@type\":\"Organization\",\"@id\":\"https:\\\/\\\/news.ecclesia.org.br\\\/#organization\",\"name\":\"Sacra Arquidiocese de Buenos Aires e Am\u00e9rica do Sul | Patriarcado Ecum\u00eanico\",\"alternateName\":\"News Ecclesia Brasil\",\"url\":\"https:\\\/\\\/news.ecclesia.org.br\\\/\",\"logo\":{\"@type\":\"ImageObject\",\"inLanguage\":\"pt-BR\",\"@id\":\"https:\\\/\\\/news.ecclesia.org.br\\\/#\\\/schema\\\/logo\\\/image\\\/\",\"url\":\"https:\\\/\\\/news.ecclesia.org.br\\\/wp-content\\\/uploads\\\/2025\\\/05\\\/ecclesia2.png\",\"contentUrl\":\"https:\\\/\\\/news.ecclesia.org.br\\\/wp-content\\\/uploads\\\/2025\\\/05\\\/ecclesia2.png\",\"width\":480,\"height\":120,\"caption\":\"Sacra Arquidiocese de Buenos Aires e Am\u00e9rica do Sul | Patriarcado Ecum\u00eanico\"},\"image\":{\"@id\":\"https:\\\/\\\/news.ecclesia.org.br\\\/#\\\/schema\\\/logo\\\/image\\\/\"},\"sameAs\":[\"https:\\\/\\\/www.facebook.com\\\/Ecclesia2025\",\"https:\\\/\\\/x.com\\\/EcclesiaNews\",\"https:\\\/\\\/br.pinterest.com\\\/ekklisia\\\/\",\"https:\\\/\\\/www.youtube.com\\\/@EcclesiaBrasil\"]},{\"@type\":\"Person\",\"@id\":\"https:\\\/\\\/news.ecclesia.org.br\\\/#\\\/schema\\\/person\\\/6f09597f025829745ba414a569f63758\",\"name\":\"Pe. Andr\u00e9\",\"image\":{\"@type\":\"ImageObject\",\"inLanguage\":\"pt-BR\",\"@id\":\"https:\\\/\\\/secure.gravatar.com\\\/avatar\\\/b4327cfa27e9799da239a26adcd534fc29cdc0c4a4a148eecbcfeb9b42c617ac?s=96&d=mm&r=g\",\"url\":\"https:\\\/\\\/secure.gravatar.com\\\/avatar\\\/b4327cfa27e9799da239a26adcd534fc29cdc0c4a4a148eecbcfeb9b42c617ac?s=96&d=mm&r=g\",\"contentUrl\":\"https:\\\/\\\/secure.gravatar.com\\\/avatar\\\/b4327cfa27e9799da239a26adcd534fc29cdc0c4a4a148eecbcfeb9b42c617ac?s=96&d=mm&r=g\",\"caption\":\"Pe. Andr\u00e9\"},\"sameAs\":[\"https:\\\/\\\/www.ecclesia.org.br\"]}]}<\/script>\n<!-- \/ Yoast SEO plugin. -->","yoast_head_json":{"title":"CETICISMO CORONAV\u00cdRUS, FANATISMO E RELIGIOSIDADE M\u00d3RBIDA | ECCLESIA NEWS","robots":{"index":"index","follow":"follow","max-snippet":"max-snippet:-1","max-image-preview":"max-image-preview:large","max-video-preview":"max-video-preview:-1"},"canonical":"https:\/\/news.ecclesia.org.br\/?p=34118","og_locale":"pt_BR","og_type":"article","og_title":"CETICISMO CORONAV\u00cdRUS, FANATISMO E RELIGIOSIDADE M\u00d3RBIDA | ECCLESIA NEWS","og_description":"A pandemia de coronav\u00edrus que abalou o mundo nos \u00faltimos nove meses revelou diferentes formas de fanatismo. Em primeiro lugar, revelou os c\u00e9ticos do coronav\u00edrus. Muitas vezes se referindo a todos os tipos de teorias conspirat\u00f3rias, eles, em geral, rejeitam&#8230;","og_url":"https:\/\/news.ecclesia.org.br\/?p=34118","og_site_name":"ECCLESIA NEWS","article_publisher":"https:\/\/www.facebook.com\/Ecclesia2025","article_published_time":"2020-10-02T03:39:55+00:00","article_modified_time":"2021-07-22T22:51:38+00:00","og_image":[{"width":1520,"height":884,"url":"https:\/\/news.ecclesia.org.br\/wp-content\/uploads\/2020\/10\/patriarca-com-arcebispo-job-telmessos.jpg","type":"image\/jpeg"}],"author":"Pe. Andr\u00e9","twitter_card":"summary_large_image","twitter_creator":"@EcclesiaNews","twitter_site":"@EcclesiaNews","twitter_misc":{"Escrito por":"Pe. Andr\u00e9","Est. tempo de leitura":"4 minutos"},"schema":{"@context":"https:\/\/schema.org","@graph":[{"@type":"Article","@id":"https:\/\/news.ecclesia.org.br\/?p=34118#article","isPartOf":{"@id":"https:\/\/news.ecclesia.org.br\/?p=34118"},"author":{"name":"Pe. Andr\u00e9","@id":"https:\/\/news.ecclesia.org.br\/#\/schema\/person\/6f09597f025829745ba414a569f63758"},"headline":"CETICISMO CORONAV\u00cdRUS, FANATISMO E RELIGIOSIDADE M\u00d3RBIDA","datePublished":"2020-10-02T03:39:55+00:00","dateModified":"2021-07-22T22:51:38+00:00","mainEntityOfPage":{"@id":"https:\/\/news.ecclesia.org.br\/?p=34118"},"wordCount":852,"commentCount":1,"publisher":{"@id":"https:\/\/news.ecclesia.org.br\/#organization"},"image":{"@id":"https:\/\/news.ecclesia.org.br\/?p=34118#primaryimage"},"thumbnailUrl":"https:\/\/news.ecclesia.org.br\/wp-content\/uploads\/2020\/10\/patriarca-com-arcebispo-job-telmessos.jpg","articleSection":["NEWS"],"inLanguage":"pt-BR","potentialAction":[{"@type":"CommentAction","name":"Comment","target":["https:\/\/news.ecclesia.org.br\/?p=34118#respond"]}]},{"@type":"WebPage","@id":"https:\/\/news.ecclesia.org.br\/?p=34118","url":"https:\/\/news.ecclesia.org.br\/?p=34118","name":"CETICISMO CORONAV\u00cdRUS, FANATISMO E RELIGIOSIDADE M\u00d3RBIDA | ECCLESIA NEWS","isPartOf":{"@id":"https:\/\/news.ecclesia.org.br\/#website"},"primaryImageOfPage":{"@id":"https:\/\/news.ecclesia.org.br\/?p=34118#primaryimage"},"image":{"@id":"https:\/\/news.ecclesia.org.br\/?p=34118#primaryimage"},"thumbnailUrl":"https:\/\/news.ecclesia.org.br\/wp-content\/uploads\/2020\/10\/patriarca-com-arcebispo-job-telmessos.jpg","datePublished":"2020-10-02T03:39:55+00:00","dateModified":"2021-07-22T22:51:38+00:00","breadcrumb":{"@id":"https:\/\/news.ecclesia.org.br\/?p=34118#breadcrumb"},"inLanguage":"pt-BR","potentialAction":[{"@type":"ReadAction","target":["https:\/\/news.ecclesia.org.br\/?p=34118"]}]},{"@type":"ImageObject","inLanguage":"pt-BR","@id":"https:\/\/news.ecclesia.org.br\/?p=34118#primaryimage","url":"https:\/\/news.ecclesia.org.br\/wp-content\/uploads\/2020\/10\/patriarca-com-arcebispo-job-telmessos.jpg","contentUrl":"https:\/\/news.ecclesia.org.br\/wp-content\/uploads\/2020\/10\/patriarca-com-arcebispo-job-telmessos.jpg","width":1520,"height":884},{"@type":"BreadcrumbList","@id":"https:\/\/news.ecclesia.org.br\/?p=34118#breadcrumb","itemListElement":[{"@type":"ListItem","position":1,"name":"In\u00edcio","item":"https:\/\/news.ecclesia.org.br\/"},{"@type":"ListItem","position":2,"name":"CETICISMO CORONAV\u00cdRUS, FANATISMO E RELIGIOSIDADE M\u00d3RBIDA"}]},{"@type":"WebSite","@id":"https:\/\/news.ecclesia.org.br\/#website","url":"https:\/\/news.ecclesia.org.br\/","name":"Ecclesia Brasil","description":"Desde 2003 onectando o Brasil ao mundo ortodoxo!","publisher":{"@id":"https:\/\/news.ecclesia.org.br\/#organization"},"alternateName":"Ecclesia","potentialAction":[{"@type":"SearchAction","target":{"@type":"EntryPoint","urlTemplate":"https:\/\/news.ecclesia.org.br\/?s={search_term_string}"},"query-input":{"@type":"PropertyValueSpecification","valueRequired":true,"valueName":"search_term_string"}}],"inLanguage":"pt-BR"},{"@type":"Organization","@id":"https:\/\/news.ecclesia.org.br\/#organization","name":"Sacra Arquidiocese de Buenos Aires e Am\u00e9rica do Sul | Patriarcado Ecum\u00eanico","alternateName":"News Ecclesia Brasil","url":"https:\/\/news.ecclesia.org.br\/","logo":{"@type":"ImageObject","inLanguage":"pt-BR","@id":"https:\/\/news.ecclesia.org.br\/#\/schema\/logo\/image\/","url":"https:\/\/news.ecclesia.org.br\/wp-content\/uploads\/2025\/05\/ecclesia2.png","contentUrl":"https:\/\/news.ecclesia.org.br\/wp-content\/uploads\/2025\/05\/ecclesia2.png","width":480,"height":120,"caption":"Sacra Arquidiocese de Buenos Aires e Am\u00e9rica do Sul | Patriarcado Ecum\u00eanico"},"image":{"@id":"https:\/\/news.ecclesia.org.br\/#\/schema\/logo\/image\/"},"sameAs":["https:\/\/www.facebook.com\/Ecclesia2025","https:\/\/x.com\/EcclesiaNews","https:\/\/br.pinterest.com\/ekklisia\/","https:\/\/www.youtube.com\/@EcclesiaBrasil"]},{"@type":"Person","@id":"https:\/\/news.ecclesia.org.br\/#\/schema\/person\/6f09597f025829745ba414a569f63758","name":"Pe. Andr\u00e9","image":{"@type":"ImageObject","inLanguage":"pt-BR","@id":"https:\/\/secure.gravatar.com\/avatar\/b4327cfa27e9799da239a26adcd534fc29cdc0c4a4a148eecbcfeb9b42c617ac?s=96&d=mm&r=g","url":"https:\/\/secure.gravatar.com\/avatar\/b4327cfa27e9799da239a26adcd534fc29cdc0c4a4a148eecbcfeb9b42c617ac?s=96&d=mm&r=g","contentUrl":"https:\/\/secure.gravatar.com\/avatar\/b4327cfa27e9799da239a26adcd534fc29cdc0c4a4a148eecbcfeb9b42c617ac?s=96&d=mm&r=g","caption":"Pe. Andr\u00e9"},"sameAs":["https:\/\/www.ecclesia.org.br"]}]}},"_links":{"self":[{"href":"https:\/\/news.ecclesia.org.br\/index.php?rest_route=\/wp\/v2\/posts\/34118","targetHints":{"allow":["GET"]}}],"collection":[{"href":"https:\/\/news.ecclesia.org.br\/index.php?rest_route=\/wp\/v2\/posts"}],"about":[{"href":"https:\/\/news.ecclesia.org.br\/index.php?rest_route=\/wp\/v2\/types\/post"}],"author":[{"embeddable":true,"href":"https:\/\/news.ecclesia.org.br\/index.php?rest_route=\/wp\/v2\/users\/1"}],"replies":[{"embeddable":true,"href":"https:\/\/news.ecclesia.org.br\/index.php?rest_route=%2Fwp%2Fv2%2Fcomments&post=34118"}],"version-history":[{"count":1,"href":"https:\/\/news.ecclesia.org.br\/index.php?rest_route=\/wp\/v2\/posts\/34118\/revisions"}],"predecessor-version":[{"id":34119,"href":"https:\/\/news.ecclesia.org.br\/index.php?rest_route=\/wp\/v2\/posts\/34118\/revisions\/34119"}],"wp:featuredmedia":[{"embeddable":true,"href":"https:\/\/news.ecclesia.org.br\/index.php?rest_route=\/wp\/v2\/media\/34120"}],"wp:attachment":[{"href":"https:\/\/news.ecclesia.org.br\/index.php?rest_route=%2Fwp%2Fv2%2Fmedia&parent=34118"}],"wp:term":[{"taxonomy":"category","embeddable":true,"href":"https:\/\/news.ecclesia.org.br\/index.php?rest_route=%2Fwp%2Fv2%2Fcategories&post=34118"},{"taxonomy":"post_tag","embeddable":true,"href":"https:\/\/news.ecclesia.org.br\/index.php?rest_route=%2Fwp%2Fv2%2Ftags&post=34118"}],"curies":[{"name":"wp","href":"https:\/\/api.w.org\/{rel}","templated":true}]}}