{"id":34073,"date":"2020-09-24T15:02:39","date_gmt":"2020-09-24T18:02:39","guid":{"rendered":"https:\/\/news.ecclesia.org.br\/?p=34073"},"modified":"2021-07-22T19:51:38","modified_gmt":"2021-07-22T22:51:38","slug":"o-arcebispo-de-atenas-e-de-toda-a-grecia-recorda-que-acolher-os-estrangeiros-e-parte-integrante-da-heranca-crista","status":"publish","type":"post","link":"https:\/\/news.ecclesia.org.br\/?p=34073","title":{"rendered":"O Arcebispo de Atenas e de toda a Gr\u00e9cia recorda que &#8220;acolher os estrangeiros \u00e9 parte integrante da heran\u00e7a crist\u00e3&#8221;"},"content":{"rendered":"\n<p class=\"has-small-font-size\">Da vers\u00e3o em espanhol publicada em: 23 de setembro de 2020, por Claus Grue e Xanthi Morfi<\/p>\n\n\n\n<p>21 de setembro de 2020 &#8212; O Arcebispo Ieronymos de Atenas e de toda a Gr\u00e9cia oferece suas reflex\u00f5es, de uma perspectiva ortodoxa, sobre a situa\u00e7\u00e3o dos refugiados, na Gr\u00e9cia e no resto do mundo, e sobre a forma como as igrejas podem contribuir para ajud\u00e1-los e para o seu bem-estar a longo prazo.<\/p>\n\n\n\n<p><strong>Como V. B. avalia a atual crise de refugiados de uma perspectiva crist\u00e3?<\/strong><\/p>\n\n\n\n<blockquote class=\"wp-block-quote is-layout-flow wp-block-quote-is-layout-flow\"><p><strong>Dom Ieronymos: <\/strong><em>Reconhecendo que acolher os estrangeiros \u00e9 parte integrante da heran\u00e7a crist\u00e3 e grega, a Igreja da Gr\u00e9cia tem observado com profunda preocupa\u00e7\u00e3o a evolu\u00e7\u00e3o da crise dos refugiados. Guiados pelos ensinamentos evang\u00e9licos e pelos passos que Jesus Cristo deu, valorizamos muito a dignidade de todas as pessoas e n\u00e3o esquecemos a nossa responsabilidade para com os necessitados. <\/em><\/p><p><em>Para n\u00f3s esta \u00e9, na realidade, uma crise de valores e princ\u00edpios que p\u00f5e em causa o respeito pelo quadro institucional dos direitos humanos e, do ponto de vista teol\u00f3gico, o respeito pela pessoa.<\/em><\/p><\/blockquote>\n\n\n\n<blockquote class=\"wp-block-quote is-layout-flow wp-block-quote-is-layout-flow\"><p><em>Em vez de aplicar a solidariedade &#8211; princ\u00edpio essencial da Uni\u00e3o Europeia (UE) como eixo da gest\u00e3o da migra\u00e7\u00e3o e do acolhimento dos refugiados, a desigualdade na distribui\u00e7\u00e3o de responsabilidades entre os Estados-Membros da Uni\u00e3o deixou a Gr\u00e9cia e os restantes pa\u00edses de entrada enfrentam a situa\u00e7\u00e3o de uma forma que, de modo algum, pode levar \u00e0 concretiza\u00e7\u00e3o dos ideais que a Europa supostamente defende no que diz respeito \u00e0 prote\u00e7\u00e3o dos direitos humanos.<\/em><\/p><p><em>As pol\u00edticas repressivas aplicadas pela UE fizeram com que milhares de requerentes de prote\u00e7\u00e3o internacional tivessem de suportar um longo confinamento nos centros superlotados das ilhas do Egeu, vivendo em condi\u00e7\u00f5es indecentes, com acesso insuficiente a bens ou servi\u00e7os fundamental. Neste contexto, o recente inc\u00eandio em Moria foi, sem d\u00favida, uma trag\u00e9dia anunciada.<\/em><\/p><p><em>Jesus nos diz que nossa resposta aos estranhos \u00e9 uma resposta ao pr\u00f3prio Jesus <\/em>(Mt 25:40).<\/p><p><em>Sem subestimar os desafios e problemas que a situa\u00e7\u00e3o traz, a Igreja da Gr\u00e9cia identifica-se com os vulner\u00e1veis \u200b\u200be apela a um esp\u00edrito de toler\u00e2ncia e boa vontade, bem como \u00e0 aquisi\u00e7\u00e3o de um compromisso construtivo.<\/em><\/p><\/blockquote>\n\n\n\n<p><strong>Como a igreja que voc\u00ea representa e as comunidades religiosas em geral podem influenciar a situa\u00e7\u00e3o dos refugiados em Lesbos e em outros lugares, aqui e agora?<\/strong><\/p>\n\n\n\n<blockquote class=\"wp-block-quote is-layout-flow wp-block-quote-is-layout-flow\"><p><strong>Dom Ieronymos:<\/strong> <em>A Igreja Ortodoxa, sabendo que o ser humano foi criado \u00e0 imagem de Deus e que a sociedade humana mant\u00e9m uma rela\u00e7\u00e3o de amor fraterno de aceita\u00e7\u00e3o e respeito pelo outro, n\u00e3o ficou parada durante a crise dos refugiados. <\/em><\/p><p><em>Inspirada na antiga tradi\u00e7\u00e3o grega e ortodoxa do &#8220;magn\u00edfico esp\u00edrito de hospitalidade&#8221; e na aplica\u00e7\u00e3o do chamado evang\u00e9lico para ajudar o irm\u00e3o necessitado, independentemente da cor, religi\u00e3o ou origem, a Igreja da Gr\u00e9cia tem dado aten\u00e7\u00e3o e apoio aos migrantes e refugiados desde os anos 1990.<\/em><\/p><p><em>Nas atuais circunst\u00e2ncias, as contribui\u00e7\u00f5es para atender \u00e0s necessidades urgentes dos refugiados podem ser medidas principalmente no terreno. E, sem d\u00favida, sinto que a Igreja da Gr\u00e9cia tem conseguido fazer a diferen\u00e7a atrav\u00e9s das suas organiza\u00e7\u00f5es, como o Centro de Integra\u00e7\u00e3o de Trabalhadores Migrantes do Programa Ecum\u00e9nico para Refugiados, bem como as suas milhares de par\u00f3quias que prestaram ajuda e apoio imediatos. <\/em><\/p><p><em>Atualmente operamos cinco centros para menores desacompanhados e estamos prontos para abrir outros quatro assim que tivermos os fundos necess\u00e1rios. Tamb\u00e9m acolhemos adultos e prestamos assist\u00eancia jur\u00eddica<\/em>.<\/p><p><em>Estes abrigos n\u00e3o foram concebidos como mero alojamento tempor\u00e1rio, mas como espa\u00e7os seguros onde, atrav\u00e9s da presta\u00e7\u00e3o de um amplo leque de servi\u00e7os, os menores s\u00e3o assistidos a desenvolver as suas potencialidades e a se preparar para a entrada na idade adulta, em aquele que, espero, eles se lembrem de n\u00f3s com carinho.<\/em><\/p><\/blockquote>\n\n\n\n<p><strong>De uma perspectiva mais ampla, que papel a Igreja Ortodoxa e outras organiza\u00e7\u00f5es religiosas podem desempenhar na preven\u00e7\u00e3o de crises semelhantes e no al\u00edvio da dor e do sofrimento que testemunhamos por anos?<\/strong><\/p>\n\n\n\n<blockquote class=\"wp-block-quote is-layout-flow wp-block-quote-is-layout-flow\"><p><strong>Dom Ieronymos: <\/strong><em>Trabalhar para eliminar as causas profundas que obrigam as pessoas a buscar a melhoria das condi\u00e7\u00f5es nos pa\u00edses de origem seria, idealmente, a maneira de evitar crises semelhantes. No entanto, a persegui\u00e7\u00e3o, o conflito e a guerra continuam sendo uma realidade sombria no mundo de hoje e devemos aceitar nossa obriga\u00e7\u00e3o de acolher e proteger nossos irm\u00e3os e irm\u00e3s sofredores.<\/em><\/p><p><em>Portanto, o mais urgente hoje, na Gr\u00e9cia e na Europa, \u00e9 a cria\u00e7\u00e3o de sinergias para que todo o financiamento dispon\u00edvel seja integralmente utilizado em benef\u00edcio dos refugiados, atrav\u00e9s do planeamento e implementa\u00e7\u00e3o de programas e a\u00e7\u00f5es espec\u00edficas. Para que essas a\u00e7\u00f5es sejam efetivas, a credibilidade dos agentes envolvidos, principalmente das organiza\u00e7\u00f5es n\u00e3o governamentais, \u00e9 de extrema import\u00e2ncia. Se n\u00e3o funcionarem em estrita conformidade com a legisla\u00e7\u00e3o nacional e o acervo europeu, as suas interven\u00e7\u00f5es podem criar mais problemas do que resolver.<\/em><\/p><p><em>A Igreja da Gr\u00e9cia est\u00e1 sempre pronta a dar o seu apoio, centrando-se principalmente em dois sectores: o acolhimento de refugiados menores e adultos, por um lado; e, por outro lado, a maior sensibiliza\u00e7\u00e3o dos gregos que, devo dizer, t\u00eam demonstrado grande hospitalidade e disponibilidade para dar apoio, na sua maior parte.<\/em><\/p><p><em>Em todos os bairros da Gr\u00e9cia, o clero e os leigos apoiam voluntariamente os refugiados todos os dias. Essas mesmas pessoas nos ajudam com nossos centros de refugiados, para que possamos realizar outras atividades que n\u00e3o podem ser financiadas com fundos externos.<\/em><\/p><p><em>\u00c9 essencial notar que a grande maioria dos muitos refugiados que s\u00e3o transferidos das ilhas para o continente provavelmente permanecer\u00e3o na Gr\u00e9cia, por isso \u00e9 imperativo iniciar o debate sobre o que ser\u00e1 dessas popula\u00e7\u00f5es amanh\u00e3. Em outras palavras, \u00e9 hora de nos comprometermos com a promo\u00e7\u00e3o da integra\u00e7\u00e3o social dos refugiados, de uma forma que seja justa para eles e ben\u00e9fica para a sociedade de acolhimento. O par\u00e2metro mais importante para o planejamento dessa integra\u00e7\u00e3o \u00e9 o desenvolvimento de v\u00ednculos, rela\u00e7\u00f5es e redes entre os refugiados e as sociedades locais, al\u00e9m de incentivar os refugiados a participarem de atividades culturais e sociais para que a presen\u00e7a do \u201coutro\u201d seja vista como uma vantagem , em vez de uma amea\u00e7a.<\/em><\/p><p><em>A Igreja da Gr\u00e9cia, que j\u00e1 gasta grandes somas de dinheiro para ajudar os gregos necessitados, especialmente nos \u00faltimos anos, procura constantemente estabelecer colabora\u00e7\u00f5es europeias e internacionais para financiar projetos que resultem no m\u00e1ximo benef\u00edcio poss\u00edvel para os refugiados e migrantes.<\/em><\/p><\/blockquote>\n\n\n\n<p class=\"has-text-align-right has-small-font-size\">Claus Grue \u00e9 consultor de comunica\u00e7\u00e3o do Conselho Mundial de Igrejas. <br>Xanthi Morfi trabalha para o departamento de comunica\u00e7\u00e3o do Conselho Mundial de Igrejas.<\/p>\n\n\n\n<p class=\"has-text-align-right\">FONTE: <a href=\"https:\/\/www.oikoumene.org\/es\/\" target=\"_blank\" rel=\"noreferrer noopener\">Oikoumene.org<\/a><\/p>\n","protected":false},"excerpt":{"rendered":"<p>Da vers\u00e3o em espanhol publicada em: 23 de setembro de 2020, por Claus Grue e Xanthi Morfi 21 de setembro de 2020 &#8212; O Arcebispo Ieronymos de Atenas e de toda a Gr\u00e9cia oferece suas reflex\u00f5es, de uma perspectiva ortodoxa,&#8230;<\/p>\n","protected":false},"author":1,"featured_media":34074,"comment_status":"open","ping_status":"open","sticky":false,"template":"","format":"standard","meta":{"_acf_changed":false,"footnotes":""},"categories":[1],"tags":[],"class_list":["post-34073","post","type-post","status-publish","format-standard","has-post-thumbnail","hentry","category-news","entry","rows-excerpt"],"acf":[],"yoast_head":"<!-- This site is optimized with the Yoast SEO plugin v27.4 - https:\/\/yoast.com\/product\/yoast-seo-wordpress\/ -->\n<title>O Arcebispo de Atenas e de toda a Gr\u00e9cia recorda que &quot;acolher os estrangeiros \u00e9 parte integrante da heran\u00e7a crist\u00e3&quot; | ECCLESIA NEWS<\/title>\n<meta name=\"robots\" content=\"index, follow, max-snippet:-1, max-image-preview:large, max-video-preview:-1\" \/>\n<link rel=\"canonical\" href=\"https:\/\/news.ecclesia.org.br\/?p=34073\" \/>\n<meta property=\"og:locale\" content=\"pt_BR\" \/>\n<meta property=\"og:type\" content=\"article\" \/>\n<meta property=\"og:title\" content=\"O Arcebispo de Atenas e de toda a Gr\u00e9cia recorda que &quot;acolher os estrangeiros \u00e9 parte integrante da heran\u00e7a crist\u00e3&quot; | ECCLESIA NEWS\" \/>\n<meta property=\"og:description\" content=\"Da vers\u00e3o em espanhol publicada em: 23 de setembro de 2020, por Claus Grue e Xanthi Morfi 21 de setembro de 2020 &#8212; O Arcebispo Ieronymos de Atenas e de toda a Gr\u00e9cia oferece suas reflex\u00f5es, de uma perspectiva ortodoxa,&#8230;\" \/>\n<meta property=\"og:url\" content=\"https:\/\/news.ecclesia.org.br\/?p=34073\" \/>\n<meta property=\"og:site_name\" content=\"ECCLESIA NEWS\" \/>\n<meta property=\"article:publisher\" content=\"https:\/\/www.facebook.com\/Ecclesia2025\" \/>\n<meta property=\"article:published_time\" content=\"2020-09-24T18:02:39+00:00\" \/>\n<meta property=\"article:modified_time\" content=\"2021-07-22T22:51:38+00:00\" \/>\n<meta property=\"og:image\" content=\"https:\/\/news.ecclesia.org.br\/wp-content\/uploads\/2020\/09\/arcebispo-yeronimos.jpg\" \/>\n\t<meta property=\"og:image:width\" content=\"1200\" \/>\n\t<meta property=\"og:image:height\" content=\"749\" \/>\n\t<meta property=\"og:image:type\" content=\"image\/jpeg\" \/>\n<meta name=\"author\" content=\"Pe. Andr\u00e9\" \/>\n<meta name=\"twitter:card\" content=\"summary_large_image\" \/>\n<meta name=\"twitter:creator\" content=\"@EcclesiaNews\" \/>\n<meta name=\"twitter:site\" content=\"@EcclesiaNews\" \/>\n<meta name=\"twitter:label1\" content=\"Escrito por\" \/>\n\t<meta name=\"twitter:data1\" content=\"Pe. Andr\u00e9\" \/>\n\t<meta name=\"twitter:label2\" content=\"Est. tempo de leitura\" \/>\n\t<meta name=\"twitter:data2\" content=\"6 minutos\" \/>\n<script type=\"application\/ld+json\" class=\"yoast-schema-graph\">{\"@context\":\"https:\\\/\\\/schema.org\",\"@graph\":[{\"@type\":\"Article\",\"@id\":\"https:\\\/\\\/news.ecclesia.org.br\\\/?p=34073#article\",\"isPartOf\":{\"@id\":\"https:\\\/\\\/news.ecclesia.org.br\\\/?p=34073\"},\"author\":{\"name\":\"Pe. Andr\u00e9\",\"@id\":\"https:\\\/\\\/news.ecclesia.org.br\\\/#\\\/schema\\\/person\\\/6f09597f025829745ba414a569f63758\"},\"headline\":\"O Arcebispo de Atenas e de toda a Gr\u00e9cia recorda que &#8220;acolher os estrangeiros \u00e9 parte integrante da heran\u00e7a crist\u00e3&#8221;\",\"datePublished\":\"2020-09-24T18:02:39+00:00\",\"dateModified\":\"2021-07-22T22:51:38+00:00\",\"mainEntityOfPage\":{\"@id\":\"https:\\\/\\\/news.ecclesia.org.br\\\/?p=34073\"},\"wordCount\":1198,\"commentCount\":0,\"publisher\":{\"@id\":\"https:\\\/\\\/news.ecclesia.org.br\\\/#organization\"},\"image\":{\"@id\":\"https:\\\/\\\/news.ecclesia.org.br\\\/?p=34073#primaryimage\"},\"thumbnailUrl\":\"https:\\\/\\\/news.ecclesia.org.br\\\/wp-content\\\/uploads\\\/2020\\\/09\\\/arcebispo-yeronimos.jpg\",\"articleSection\":[\"NEWS\"],\"inLanguage\":\"pt-BR\",\"potentialAction\":[{\"@type\":\"CommentAction\",\"name\":\"Comment\",\"target\":[\"https:\\\/\\\/news.ecclesia.org.br\\\/?p=34073#respond\"]}]},{\"@type\":\"WebPage\",\"@id\":\"https:\\\/\\\/news.ecclesia.org.br\\\/?p=34073\",\"url\":\"https:\\\/\\\/news.ecclesia.org.br\\\/?p=34073\",\"name\":\"O Arcebispo de Atenas e de toda a Gr\u00e9cia recorda que \\\"acolher os estrangeiros \u00e9 parte integrante da heran\u00e7a crist\u00e3\\\" | ECCLESIA NEWS\",\"isPartOf\":{\"@id\":\"https:\\\/\\\/news.ecclesia.org.br\\\/#website\"},\"primaryImageOfPage\":{\"@id\":\"https:\\\/\\\/news.ecclesia.org.br\\\/?p=34073#primaryimage\"},\"image\":{\"@id\":\"https:\\\/\\\/news.ecclesia.org.br\\\/?p=34073#primaryimage\"},\"thumbnailUrl\":\"https:\\\/\\\/news.ecclesia.org.br\\\/wp-content\\\/uploads\\\/2020\\\/09\\\/arcebispo-yeronimos.jpg\",\"datePublished\":\"2020-09-24T18:02:39+00:00\",\"dateModified\":\"2021-07-22T22:51:38+00:00\",\"breadcrumb\":{\"@id\":\"https:\\\/\\\/news.ecclesia.org.br\\\/?p=34073#breadcrumb\"},\"inLanguage\":\"pt-BR\",\"potentialAction\":[{\"@type\":\"ReadAction\",\"target\":[\"https:\\\/\\\/news.ecclesia.org.br\\\/?p=34073\"]}]},{\"@type\":\"ImageObject\",\"inLanguage\":\"pt-BR\",\"@id\":\"https:\\\/\\\/news.ecclesia.org.br\\\/?p=34073#primaryimage\",\"url\":\"https:\\\/\\\/news.ecclesia.org.br\\\/wp-content\\\/uploads\\\/2020\\\/09\\\/arcebispo-yeronimos.jpg\",\"contentUrl\":\"https:\\\/\\\/news.ecclesia.org.br\\\/wp-content\\\/uploads\\\/2020\\\/09\\\/arcebispo-yeronimos.jpg\",\"width\":1200,\"height\":749,\"caption\":\"Sua Beatitude Ieronymos, durante uma de suas visitas aos campos de refugiados da ilha de Samos (Gr\u00e9cia), em 2015. Foto: Christos Bonis, Igreja da Gr\u00e9cia\"},{\"@type\":\"BreadcrumbList\",\"@id\":\"https:\\\/\\\/news.ecclesia.org.br\\\/?p=34073#breadcrumb\",\"itemListElement\":[{\"@type\":\"ListItem\",\"position\":1,\"name\":\"In\u00edcio\",\"item\":\"https:\\\/\\\/news.ecclesia.org.br\\\/\"},{\"@type\":\"ListItem\",\"position\":2,\"name\":\"O Arcebispo de Atenas e de toda a Gr\u00e9cia recorda que &#8220;acolher os estrangeiros \u00e9 parte integrante da heran\u00e7a crist\u00e3&#8221;\"}]},{\"@type\":\"WebSite\",\"@id\":\"https:\\\/\\\/news.ecclesia.org.br\\\/#website\",\"url\":\"https:\\\/\\\/news.ecclesia.org.br\\\/\",\"name\":\"Ecclesia Brasil\",\"description\":\"Desde 2003 onectando o Brasil ao mundo ortodoxo!\",\"publisher\":{\"@id\":\"https:\\\/\\\/news.ecclesia.org.br\\\/#organization\"},\"alternateName\":\"Ecclesia\",\"potentialAction\":[{\"@type\":\"SearchAction\",\"target\":{\"@type\":\"EntryPoint\",\"urlTemplate\":\"https:\\\/\\\/news.ecclesia.org.br\\\/?s={search_term_string}\"},\"query-input\":{\"@type\":\"PropertyValueSpecification\",\"valueRequired\":true,\"valueName\":\"search_term_string\"}}],\"inLanguage\":\"pt-BR\"},{\"@type\":\"Organization\",\"@id\":\"https:\\\/\\\/news.ecclesia.org.br\\\/#organization\",\"name\":\"Sacra Arquidiocese de Buenos Aires e Am\u00e9rica do Sul | Patriarcado Ecum\u00eanico\",\"alternateName\":\"News Ecclesia Brasil\",\"url\":\"https:\\\/\\\/news.ecclesia.org.br\\\/\",\"logo\":{\"@type\":\"ImageObject\",\"inLanguage\":\"pt-BR\",\"@id\":\"https:\\\/\\\/news.ecclesia.org.br\\\/#\\\/schema\\\/logo\\\/image\\\/\",\"url\":\"https:\\\/\\\/news.ecclesia.org.br\\\/wp-content\\\/uploads\\\/2025\\\/05\\\/ecclesia2.png\",\"contentUrl\":\"https:\\\/\\\/news.ecclesia.org.br\\\/wp-content\\\/uploads\\\/2025\\\/05\\\/ecclesia2.png\",\"width\":480,\"height\":120,\"caption\":\"Sacra Arquidiocese de Buenos Aires e Am\u00e9rica do Sul | Patriarcado Ecum\u00eanico\"},\"image\":{\"@id\":\"https:\\\/\\\/news.ecclesia.org.br\\\/#\\\/schema\\\/logo\\\/image\\\/\"},\"sameAs\":[\"https:\\\/\\\/www.facebook.com\\\/Ecclesia2025\",\"https:\\\/\\\/x.com\\\/EcclesiaNews\",\"https:\\\/\\\/br.pinterest.com\\\/ekklisia\\\/\",\"https:\\\/\\\/www.youtube.com\\\/@EcclesiaBrasil\"]},{\"@type\":\"Person\",\"@id\":\"https:\\\/\\\/news.ecclesia.org.br\\\/#\\\/schema\\\/person\\\/6f09597f025829745ba414a569f63758\",\"name\":\"Pe. Andr\u00e9\",\"image\":{\"@type\":\"ImageObject\",\"inLanguage\":\"pt-BR\",\"@id\":\"https:\\\/\\\/secure.gravatar.com\\\/avatar\\\/b4327cfa27e9799da239a26adcd534fc29cdc0c4a4a148eecbcfeb9b42c617ac?s=96&d=mm&r=g\",\"url\":\"https:\\\/\\\/secure.gravatar.com\\\/avatar\\\/b4327cfa27e9799da239a26adcd534fc29cdc0c4a4a148eecbcfeb9b42c617ac?s=96&d=mm&r=g\",\"contentUrl\":\"https:\\\/\\\/secure.gravatar.com\\\/avatar\\\/b4327cfa27e9799da239a26adcd534fc29cdc0c4a4a148eecbcfeb9b42c617ac?s=96&d=mm&r=g\",\"caption\":\"Pe. Andr\u00e9\"},\"sameAs\":[\"https:\\\/\\\/www.ecclesia.org.br\"]}]}<\/script>\n<!-- \/ Yoast SEO plugin. -->","yoast_head_json":{"title":"O Arcebispo de Atenas e de toda a Gr\u00e9cia recorda que \"acolher os estrangeiros \u00e9 parte integrante da heran\u00e7a crist\u00e3\" | ECCLESIA NEWS","robots":{"index":"index","follow":"follow","max-snippet":"max-snippet:-1","max-image-preview":"max-image-preview:large","max-video-preview":"max-video-preview:-1"},"canonical":"https:\/\/news.ecclesia.org.br\/?p=34073","og_locale":"pt_BR","og_type":"article","og_title":"O Arcebispo de Atenas e de toda a Gr\u00e9cia recorda que \"acolher os estrangeiros \u00e9 parte integrante da heran\u00e7a crist\u00e3\" | ECCLESIA NEWS","og_description":"Da vers\u00e3o em espanhol publicada em: 23 de setembro de 2020, por Claus Grue e Xanthi Morfi 21 de setembro de 2020 &#8212; O Arcebispo Ieronymos de Atenas e de toda a Gr\u00e9cia oferece suas reflex\u00f5es, de uma perspectiva ortodoxa,&#8230;","og_url":"https:\/\/news.ecclesia.org.br\/?p=34073","og_site_name":"ECCLESIA NEWS","article_publisher":"https:\/\/www.facebook.com\/Ecclesia2025","article_published_time":"2020-09-24T18:02:39+00:00","article_modified_time":"2021-07-22T22:51:38+00:00","og_image":[{"width":1200,"height":749,"url":"https:\/\/news.ecclesia.org.br\/wp-content\/uploads\/2020\/09\/arcebispo-yeronimos.jpg","type":"image\/jpeg"}],"author":"Pe. Andr\u00e9","twitter_card":"summary_large_image","twitter_creator":"@EcclesiaNews","twitter_site":"@EcclesiaNews","twitter_misc":{"Escrito por":"Pe. Andr\u00e9","Est. tempo de leitura":"6 minutos"},"schema":{"@context":"https:\/\/schema.org","@graph":[{"@type":"Article","@id":"https:\/\/news.ecclesia.org.br\/?p=34073#article","isPartOf":{"@id":"https:\/\/news.ecclesia.org.br\/?p=34073"},"author":{"name":"Pe. Andr\u00e9","@id":"https:\/\/news.ecclesia.org.br\/#\/schema\/person\/6f09597f025829745ba414a569f63758"},"headline":"O Arcebispo de Atenas e de toda a Gr\u00e9cia recorda que &#8220;acolher os estrangeiros \u00e9 parte integrante da heran\u00e7a crist\u00e3&#8221;","datePublished":"2020-09-24T18:02:39+00:00","dateModified":"2021-07-22T22:51:38+00:00","mainEntityOfPage":{"@id":"https:\/\/news.ecclesia.org.br\/?p=34073"},"wordCount":1198,"commentCount":0,"publisher":{"@id":"https:\/\/news.ecclesia.org.br\/#organization"},"image":{"@id":"https:\/\/news.ecclesia.org.br\/?p=34073#primaryimage"},"thumbnailUrl":"https:\/\/news.ecclesia.org.br\/wp-content\/uploads\/2020\/09\/arcebispo-yeronimos.jpg","articleSection":["NEWS"],"inLanguage":"pt-BR","potentialAction":[{"@type":"CommentAction","name":"Comment","target":["https:\/\/news.ecclesia.org.br\/?p=34073#respond"]}]},{"@type":"WebPage","@id":"https:\/\/news.ecclesia.org.br\/?p=34073","url":"https:\/\/news.ecclesia.org.br\/?p=34073","name":"O Arcebispo de Atenas e de toda a Gr\u00e9cia recorda que \"acolher os estrangeiros \u00e9 parte integrante da heran\u00e7a crist\u00e3\" | ECCLESIA NEWS","isPartOf":{"@id":"https:\/\/news.ecclesia.org.br\/#website"},"primaryImageOfPage":{"@id":"https:\/\/news.ecclesia.org.br\/?p=34073#primaryimage"},"image":{"@id":"https:\/\/news.ecclesia.org.br\/?p=34073#primaryimage"},"thumbnailUrl":"https:\/\/news.ecclesia.org.br\/wp-content\/uploads\/2020\/09\/arcebispo-yeronimos.jpg","datePublished":"2020-09-24T18:02:39+00:00","dateModified":"2021-07-22T22:51:38+00:00","breadcrumb":{"@id":"https:\/\/news.ecclesia.org.br\/?p=34073#breadcrumb"},"inLanguage":"pt-BR","potentialAction":[{"@type":"ReadAction","target":["https:\/\/news.ecclesia.org.br\/?p=34073"]}]},{"@type":"ImageObject","inLanguage":"pt-BR","@id":"https:\/\/news.ecclesia.org.br\/?p=34073#primaryimage","url":"https:\/\/news.ecclesia.org.br\/wp-content\/uploads\/2020\/09\/arcebispo-yeronimos.jpg","contentUrl":"https:\/\/news.ecclesia.org.br\/wp-content\/uploads\/2020\/09\/arcebispo-yeronimos.jpg","width":1200,"height":749,"caption":"Sua Beatitude Ieronymos, durante uma de suas visitas aos campos de refugiados da ilha de Samos (Gr\u00e9cia), em 2015. Foto: Christos Bonis, Igreja da Gr\u00e9cia"},{"@type":"BreadcrumbList","@id":"https:\/\/news.ecclesia.org.br\/?p=34073#breadcrumb","itemListElement":[{"@type":"ListItem","position":1,"name":"In\u00edcio","item":"https:\/\/news.ecclesia.org.br\/"},{"@type":"ListItem","position":2,"name":"O Arcebispo de Atenas e de toda a Gr\u00e9cia recorda que &#8220;acolher os estrangeiros \u00e9 parte integrante da heran\u00e7a crist\u00e3&#8221;"}]},{"@type":"WebSite","@id":"https:\/\/news.ecclesia.org.br\/#website","url":"https:\/\/news.ecclesia.org.br\/","name":"Ecclesia Brasil","description":"Desde 2003 onectando o Brasil ao mundo ortodoxo!","publisher":{"@id":"https:\/\/news.ecclesia.org.br\/#organization"},"alternateName":"Ecclesia","potentialAction":[{"@type":"SearchAction","target":{"@type":"EntryPoint","urlTemplate":"https:\/\/news.ecclesia.org.br\/?s={search_term_string}"},"query-input":{"@type":"PropertyValueSpecification","valueRequired":true,"valueName":"search_term_string"}}],"inLanguage":"pt-BR"},{"@type":"Organization","@id":"https:\/\/news.ecclesia.org.br\/#organization","name":"Sacra Arquidiocese de Buenos Aires e Am\u00e9rica do Sul | Patriarcado Ecum\u00eanico","alternateName":"News Ecclesia Brasil","url":"https:\/\/news.ecclesia.org.br\/","logo":{"@type":"ImageObject","inLanguage":"pt-BR","@id":"https:\/\/news.ecclesia.org.br\/#\/schema\/logo\/image\/","url":"https:\/\/news.ecclesia.org.br\/wp-content\/uploads\/2025\/05\/ecclesia2.png","contentUrl":"https:\/\/news.ecclesia.org.br\/wp-content\/uploads\/2025\/05\/ecclesia2.png","width":480,"height":120,"caption":"Sacra Arquidiocese de Buenos Aires e Am\u00e9rica do Sul | Patriarcado Ecum\u00eanico"},"image":{"@id":"https:\/\/news.ecclesia.org.br\/#\/schema\/logo\/image\/"},"sameAs":["https:\/\/www.facebook.com\/Ecclesia2025","https:\/\/x.com\/EcclesiaNews","https:\/\/br.pinterest.com\/ekklisia\/","https:\/\/www.youtube.com\/@EcclesiaBrasil"]},{"@type":"Person","@id":"https:\/\/news.ecclesia.org.br\/#\/schema\/person\/6f09597f025829745ba414a569f63758","name":"Pe. Andr\u00e9","image":{"@type":"ImageObject","inLanguage":"pt-BR","@id":"https:\/\/secure.gravatar.com\/avatar\/b4327cfa27e9799da239a26adcd534fc29cdc0c4a4a148eecbcfeb9b42c617ac?s=96&d=mm&r=g","url":"https:\/\/secure.gravatar.com\/avatar\/b4327cfa27e9799da239a26adcd534fc29cdc0c4a4a148eecbcfeb9b42c617ac?s=96&d=mm&r=g","contentUrl":"https:\/\/secure.gravatar.com\/avatar\/b4327cfa27e9799da239a26adcd534fc29cdc0c4a4a148eecbcfeb9b42c617ac?s=96&d=mm&r=g","caption":"Pe. Andr\u00e9"},"sameAs":["https:\/\/www.ecclesia.org.br"]}]}},"_links":{"self":[{"href":"https:\/\/news.ecclesia.org.br\/index.php?rest_route=\/wp\/v2\/posts\/34073","targetHints":{"allow":["GET"]}}],"collection":[{"href":"https:\/\/news.ecclesia.org.br\/index.php?rest_route=\/wp\/v2\/posts"}],"about":[{"href":"https:\/\/news.ecclesia.org.br\/index.php?rest_route=\/wp\/v2\/types\/post"}],"author":[{"embeddable":true,"href":"https:\/\/news.ecclesia.org.br\/index.php?rest_route=\/wp\/v2\/users\/1"}],"replies":[{"embeddable":true,"href":"https:\/\/news.ecclesia.org.br\/index.php?rest_route=%2Fwp%2Fv2%2Fcomments&post=34073"}],"version-history":[{"count":1,"href":"https:\/\/news.ecclesia.org.br\/index.php?rest_route=\/wp\/v2\/posts\/34073\/revisions"}],"predecessor-version":[{"id":34075,"href":"https:\/\/news.ecclesia.org.br\/index.php?rest_route=\/wp\/v2\/posts\/34073\/revisions\/34075"}],"wp:featuredmedia":[{"embeddable":true,"href":"https:\/\/news.ecclesia.org.br\/index.php?rest_route=\/wp\/v2\/media\/34074"}],"wp:attachment":[{"href":"https:\/\/news.ecclesia.org.br\/index.php?rest_route=%2Fwp%2Fv2%2Fmedia&parent=34073"}],"wp:term":[{"taxonomy":"category","embeddable":true,"href":"https:\/\/news.ecclesia.org.br\/index.php?rest_route=%2Fwp%2Fv2%2Fcategories&post=34073"},{"taxonomy":"post_tag","embeddable":true,"href":"https:\/\/news.ecclesia.org.br\/index.php?rest_route=%2Fwp%2Fv2%2Ftags&post=34073"}],"curies":[{"name":"wp","href":"https:\/\/api.w.org\/{rel}","templated":true}]}}