{"id":31359,"date":"2020-06-24T13:26:40","date_gmt":"2020-06-24T13:26:40","guid":{"rendered":"https:\/\/news.ecclesia.org.br\/?p=31359"},"modified":"2021-07-22T19:52:09","modified_gmt":"2021-07-22T22:52:09","slug":"entrevista-com-metropolita-iosif","status":"publish","type":"post","link":"https:\/\/news.ecclesia.org.br\/?p=31359","title":{"rendered":"ENTREVISTA COM METROPOLITA IOSIF"},"content":{"rendered":"\n<p class=\"has-text-align-right\">Por *Juan Dimas<\/p>\n\n\n\n<p>A chegada do novo coronav\u00edrus mudou o mundo como o conhecemos. Ouvimos dizer que este \u00e9 o pior evento de doen\u00e7a infecciosa em 100 anos, apesar dos n\u00fameros estarem longe de serem conclusivos.<\/p>\n\n\n\n<p>A esperan\u00e7a \u00e9 reparar os danos imediatos dos impactos que a pandemia causou \u00e0s fam\u00edlias, economias e sociedades. Mas h\u00e1 mudan\u00e7as e as advert\u00eancias majorit\u00e1rias afirmam que nada voltar\u00e1 ao seu estado anterior.<\/p>\n\n\n\n<p>Um desafio que se v\u00ea adiante \u00e9 se, como sociedade, somos capazes de melhorar todas essas coisas. Os dados sobre o n\u00famero de infectados, mortos e recuperados aumentam diariamente. No entanto, existem poucos lugares no mundo onde podemos estar seguros e alguns locais j\u00e1 est\u00e3o experimentando uma segunda onda do v\u00edrus.<\/p>\n\n\n\n<p>A pandemia convive conosco tempo suficiente para nos familiarizarmos um pouco com o v\u00edrus. Como choramos o que perdemos? O que nossas sociedades far\u00e3o se isso voltar a acontecer? <\/p>\n\n\n\n<p>A sa\u00fade merece cuidado integral e a dimens\u00e3o espiritual tem grande participa\u00e7\u00e3o. Em momentos em que as dicotomias predominantes durante e ap\u00f3s o final da pandemia s\u00e3o mais ou menos Estado, mais ou menos Mercado, haver\u00e1 espa\u00e7o para refletir sobre mais ou menos comunica\u00e7\u00e3o com Deus?<\/p>\n\n\n\n<p>Nossos agradecimentos a Monsenhor Iosif, Arcebispo Metropolitano da Arquidiocese Ortodoxa de Buenos Aires e Am\u00e9rica do Sul do Patriarcado Ecum\u00eanico por ter concordado em conduzir esta entrevista. <\/p>\n\n\n\n<p>Monsenhor, adentro sem mais, no tema que nos atinge hoje como humanidade: <\/p>\n\n\n\n<p>1. <strong>O QUE PODE NOS DIZER SOBRE O POSS\u00cdVEL DESENVOLVIMENTO DA PANDEMIA?<\/strong><\/p>\n\n\n\n<p><em>Quando todo esse processo come\u00e7ou &#8211; por volta do final do ver\u00e3o &#8211; n\u00e3o t\u00ednhamos informa\u00e7\u00f5es para apoiar a poss\u00edvel pondera\u00e7\u00e3o de perspectivas futuras sobre o desenvolvimento da pandemia. Foi tudo muito r\u00e1pido e surpreendente. Penso que tamb\u00e9m foi um desafio para a comunidade  cient\u00edfica oferecer respostas concretas e vi\u00e1veis \u200b\u200bconcomitantemente ao desenvolvimento da pandemia.<\/em><\/p>\n\n\n\n<p><em>Ainda hoje, quando medidas de flexibiliza\u00e7\u00e3o do isolamento social est\u00e1 ocorrendo em tantos pa\u00edses e os n\u00fameros s\u00e3o animadores, em outras regi\u00f5es &#8211; como a nossa &#8211; a pandemia est\u00e1 em pleno desenvolvimento e \u00e9 por isso que acredito que &#8211; atualmente &#8211; \u00e9 dif\u00edcil prever o poss\u00edvel desenvolvimento da pandemia.<\/em><\/p>\n\n\n\n<p>2. <strong>ACREDITA QUE O MUNDO ESTAVA PREPARADO OU ENCONTRAVA-SE  DESPREVENIDO?<\/strong><\/p>\n\n\n\n<p><em>A quest\u00e3o \u00e9 ampla e deve ser interpretada de acordo com v\u00e1rios n\u00edveis e par\u00e2metros. Pessoalmente, acredito que um dos fatores que caracterizou todo esse processo foi a &#8221; surpresa &#8220;. Esse fator pode ser dividido em duas variantes principais: a rapidez e a massifica\u00e7\u00e3o da transmiss\u00e3o do v\u00edrus. Esse &#8221; fator surpresa &#8221; quem sabe pode estar relacionado \u00e0 &#8220;prepara\u00e7\u00e3o&#8221; da humanidade para enfrentar um evento pand\u00eamico t\u00e3o particular quanto o que estamos enfrentando. J\u00e1 quando falamos de surpresa, interpretamos que a prepara\u00e7\u00e3o \u00e9 naturalmente insuficiente.<\/em><\/p>\n\n\n\n<p><em>Em geral, creio que a pandemia nos pegou desprevenidos. Ent\u00e3o, a ra\u00e7a humana tem uma capacidade de adapta\u00e7\u00e3o fabulosa e pode ir recalculando e apropriando diferentes vari\u00e1veis \u200b\u200bconcomitantemente ao desenvolvimento da &#8220;surpresa&#8221;. \u00c9 por isso que, at\u00e9 hoje, a surpresa foi se &#8220;desarmando&#8221; em virtude dessa capacidade humana de rea\u00e7\u00e3o que nos permitiu, por s\u00e9culos, sobreviver a eventos catastr\u00f3ficos como esse.<\/em><\/p>\n\n\n\n<p>3. <strong>COMO O CORONA-V\u00cdRUS IMPACTA NA RELA\u00c7\u00c3O IGREJA-FI\u00c9IS, PARTICULARMENTE, DA ARQUIDIOCESE ORTODOXA GREGA?<\/strong><\/p>\n\n\n\n<p><em>A pandemia nos for\u00e7ou a adaptar a &#8220;relacionabilidade&#8221; natural do homem proclamada no seio da Igreja. Para n\u00f3s, ortodoxos, a Igreja Ortodoxa \u00e9 a imagem clara da &#8220;rela\u00e7\u00e3o&#8221;: consigo mesmo, com o pr\u00f3ximo e com toda a cria\u00e7\u00e3o, e principalmente com Deus. N\u00e3o h\u00e1 igreja sem &#8220;rela\u00e7\u00e3o&#8221;. A Igreja \u00e9 o ambiente natural das rela\u00e7\u00f5es e, acima de tudo, de sua multidimensionalidade.<\/em><\/p>\n\n\n\n<p><em>Dessa maneira, podemos explorar outras formas de rela\u00e7\u00f5es baseadas nessa multidimensionalidade que, necessariamente, evocam versatilidade e criatividade &#8211; e especialmente liberdade &#8211; na maneira de relacionar que a Igreja proclama e busca.<\/em><\/p>\n\n\n\n<p><em>\u00c9 por isso que nos voltamos para a tecnologia em geral e a virtualidade em particular, como um meio v\u00e1lido de estar &#8220;conectado&#8221;, ou seja, &#8220;relacionado&#8221; de maneira concreta e material com nossos fi\u00e9is. Assim, desde que o isolamento sanit\u00e1rio foi decretado nos pa\u00edses de nossa jurisdi\u00e7\u00e3o, transmitimos todos os servi\u00e7os lit\u00fargicos da Catedral Metropolitana &#8211; incluindo toda a Semana Santa &#8211; por transmiss\u00e3o ao vivo , a fim de fazer com que todos os fi\u00e9is participassem, mesmo que por esse meio, os que tem acesso a ele.<\/em><\/p>\n\n\n\n<p><em>Estamos bem cientes de que esse meio \u00e9 auxiliar e n\u00e3o pode e n\u00e3o deve substituir o relacionamento que afirmamos e vivemos no seio da Igreja, que \u00e9 sempre direto, real e pessoal. N\u00e3o obstante, \u00e9 \u00fatil para n\u00f3s e continuaremos a usar esses meios tecnol\u00f3gicos dentro de limites naturais, enquanto somos impedidos de nos encontrarmos &#8220;face a face&#8221; para adorar a Deus de acordo com nossa Sagrada Tradi\u00e7\u00e3o.<\/em><\/p>\n\n\n\n<p>4. <strong>QUE A\u00c7\u00d5ES, IMPULSIONADAS PELA ARQUIDIOCESE, S\u00c3O TOMADAS PARA MANTEREM-SE EM CONTATO?<\/strong><\/p>\n\n\n\n<p><em>Como mencionei anteriormente, a transmiss\u00e3o ao vivo atrav\u00e9s da rede dos of\u00edcios lit\u00fargicos e, al\u00e9m disso, a intensifica\u00e7\u00e3o da comunica\u00e7\u00e3o virtual atrav\u00e9s das redes sociais que estamos usando intensivamente.<\/em><\/p>\n\n\n\n<p><em>Da mesma forma, nosso novo site tem sido uma ferramenta fundamental para transmitir e comunicar todas as a\u00e7\u00f5es e iniciativas da Arquidiocese neste momento muito particular. Dessa maneira, os fi\u00e9is s\u00e3o informados das not\u00edcias da regi\u00e3o e do mundo ortodoxo, podem acessar celebra\u00e7\u00f5es lit\u00fargicas, homilias e todo o material catequ\u00e9tico e pastoral para cultivar a f\u00e9 neste tempo de prova\u00e7\u00e3o.<\/em><\/p>\n\n\n\n<p>5. <strong>QUAL \u00c9  VERDADEIRAMENTE O REAL V\u00cdNCULO QUE NOS UNE, TANTO A N\u00d3S MESMOS COMO HUMANIDADE, A NATUREZA, O COSMOS E DEUS?<\/strong><\/p>\n\n\n\n<p><em>Esta \u00e9 uma pergunta com um perfil muito teol\u00f3gico e, portanto, devo recorrer ao conte\u00fado da f\u00e9 e da revela\u00e7\u00e3o divina, de acordo com a interpreta\u00e7\u00e3o de nossa tradi\u00e7\u00e3o crist\u00e3 ortodoxa. O &#8220;v\u00ednculo real&#8221; que une todas as coisas criadas entre si e com Deus \u00e9, paradoxalmente, o pr\u00f3prio Deus. Essa interpreta\u00e7\u00e3o pode ser articulada sob v\u00e1rios pontos de vista.<\/em><\/p>\n\n\n\n<p><em>Antes de tudo, lembremos que, de acordo com nossa Tradi\u00e7\u00e3o, o homem \u00e9 criado \u00e0 imagem e semelhan\u00e7a de seu pr\u00f3prio Criador, com o qual, poder\u00edamos dizer, existe uma &#8220;familiaridade&#8221; cong\u00eanita &#8211; entre Deus e o Homem. Este n\u00e3o \u00e9 um dado menor ao interpretar a rela\u00e7\u00e3o Deus-homem, Incriado-criado. Dessa maneira, o ser criado possui &#8220;auto-soberania&#8221;, isto \u00e9, livre arb\u00edtrio, por ser criado como racional-espiritual.<\/em><\/p>\n\n\n\n<p><em>E assim, sendo o pr\u00f3prio Deus o fator unitivo por natureza de todas as coisas em si mesmo, torna-se necess\u00e1ria a livre aceita\u00e7\u00e3o do homem, que assimila esse movimento divino e o internaliza. O car\u00e1ter divino-unitivo \u00e9 sempre latente na natureza do homem. E digo latente porque ele \u00e9 respons\u00e1vel por ativ\u00e1-lo livremente, por multiplic\u00e1-lo e projet\u00e1-lo em sua vincula\u00e7\u00e3o relacional em todas as dire\u00e7\u00f5es. Uma vez ativado como resultado da ascese, que \u00e9 o exerc\u00edcio do amor incondicional, o ser humano encontra-se naturalmente unido ao Absoluto, bem como a todas as criaturas. Estamos falando, \u00e9 claro, de um processo de vida que \u00e9 necessariamente espiritual e que exige todos os recursos que a Igreja prop\u00f5e como um meio de perfei\u00e7\u00e3o.<\/em><\/p>\n\n\n\n<p>6. <strong>COMO IMAGINA O MUNDO QUE SOBREVIR\u00c1?<\/strong><\/p>\n\n\n\n<p><em>Hoje \u00e9 dif\u00edcil responder a essa pergunta de um ponto de vista concreto e pragm\u00e1tico. Quero ser otimista, e \u00e9 por isso que imagino uma humanidade mais consciente de sua qualidade de humanidade, ou seja, com uma autoconsci\u00eancia mais ampla e profunda. Desejo que, saindo desta prova, todos os homens compreendam que a individualidade e a particularidade n\u00e3o podem transcender a (humana) comunidade, a fraternidade, a unidade: quisera ver uma humanidade que n\u00e3o sobreponha o individual ao coletivo e que possa se auto-compreender como una, mesmo na diversidade que o caracteriza.<\/em><\/p>\n\n\n\n<p><em>Quisera ser parte de uma humanidade que n\u00e3o ignore seus ascendentes divinos e que busca a perfei\u00e7\u00e3o e a transcend\u00eancia em Deus e com Deus, e n\u00e3o de maneira aut\u00f4noma e independente. Em resumo, quisera ser parte de uma nova humanidade que se reconhe\u00e7a assumida por Deus e, portanto, de sua parte, tamb\u00e9m possa assumir Deus, de acordo com o arcano des\u00edgnio divino. Somente assim &#8211; unidos sem nenhum interesse e preconceito &#8211; podemos combater qualquer inimigo.<\/em><\/p>\n\n\n\n<p>7. <strong>DURANTE ESTE TEMPO COMO EXPRESSAR E ADMINISTRAR EMO\u00c7\u00d5ES E SENTIMENTOS<\/strong><\/p>\n\n\n\n<p><em>Naturalmente, sem qualquer tipo de censura, mas com a \u00fanica condi\u00e7\u00e3o de n\u00e3o nos percebermos como o centro do universo.<\/em><\/p>\n\n\n\n<p>8. <strong>NAS CONDI\u00c7\u00d5ES ATUAIS DE ISOLAMENTO SOCIAL OBRIGAT\u00d3RIO PREVENTIVO, A CATEQUESE \u00c9 VI\u00c1VEL? COMO?<\/strong><\/p>\n\n\n\n<p><em>Claro que \u00e9 vi\u00e1vel. Como afirmei anteriormente, atrav\u00e9s dos meios virtuais \u00e0 nossa disposi\u00e7\u00e3o. Cada sacerdote encarregado de sua par\u00f3quia estabelece os meios que julga necess\u00e1rios, com o consentimento da hierarquia local, a fim de transmitir e compartilhar com todo o conte\u00fado de nossa f\u00e9 e de nossa  espiritualidade, especialmente neste per\u00edodo de prova\u00e7\u00e3o.<\/em><\/p>\n\n\n\n<p>9. <strong>TEMOS V\u00cdRUS EM NOSSO ESP\u00cdRITO?<\/strong><\/p>\n\n\n\n<p><em>A quest\u00e3o \u00e9 claramente aleg\u00f3rica. Alegoricamente, pois, o v\u00edrus mortal que alimenta a alma humana \u00e9 ego\u00edsmo-arrog\u00e2ncia, isto \u00e9, quando o homem interrompe o relacionamento natural com Deus, o pr\u00f3ximo e o cosmos, percebendo-se apenas em rela\u00e7\u00e3o a essa mesma auto-percep\u00e7\u00e3o, ou seja, a si mesmo.<\/em><\/p>\n\n\n\n<p><em>A autorreferencialidade \u00e9, portanto, a caracter\u00edstica do ser que se isolou em uma realidade em que seu &#8220;eu&#8221; &#8211; em sua autopercep\u00e7\u00e3o &#8211; supre a capacidade natural de expans\u00e3o e auto-transcend\u00eancia enquanto rela\u00e7\u00e3o, e a supre com movimento contr\u00e1rio e necessariamente retr\u00e1til e desintegrador.<\/em><\/p>\n\n\n\n<p><em>Todo o processo espiritual de nossa vida \u00e9 baseado na batalha contra esse v\u00edrus ou, de acordo com nossa tradi\u00e7\u00e3o, com esse dem\u00f4nio. O ant\u00eddoto, a terapia, \u00e9 a cont\u00ednua ascese &#8211; exerc\u00edcio &#8211; do amor incondicional como a\u00e7\u00e3o executora do Bem-Belo Primig\u00eanio.<\/em><\/p>\n\n\n\n<p><em>Assim, Dion\u00edsio, o Divino, nos explica:<\/em><\/p>\n\n\n\n<p><em>\u201cEste &#8211; o \u00danico, o Bem e o Belo &#8211; \u00e9 a causa singular de uma infinidade de bens e belos. Gra\u00e7as a isso, todas as coisas subsistem em sua ess\u00eancia, s\u00e3o iguais e diferentes, s\u00e3o id\u00eanticas e opostas, semelhantes e diversas; os opostos se entrela\u00e7am e os unidos n\u00e3o se confundem. Gra\u00e7as a isso, os seres superiores cuidam dos outros, os iguais se compenetram e os inferiores tendem a se superar conservando o equil\u00edbrio de sua estabilidade na unidade. Por essa raz\u00e3o, todos os seres, cada um \u00e0 sua maneira, est\u00e3o abertos um ao outro, se comunicam, compenetram-se, sem perder sua identidade. Da\u00ed a coes\u00e3o interna e indissol\u00favel das partes, a perseveran\u00e7a em seu ser e as incessantes renova\u00e7\u00f5es.\u201d<\/em><\/p>\n\n\n\n<hr class=\"wp-block-separator\"\/>\n\n\n\n<p class=\"has-text-align-right has-small-font-size\">*Dr. Dimas \u00e9 advogado, Licenciado em pol\u00edtica e Doutor em direito e Ci\u00eancias Sociais. Desde 2006, produz conte\u00fado jornal\u00edstico publicado no: twitter: @juanjosedimas<br>https:\/\/www.facebook.com\/Elotromedio\/<\/p>\n\n\n\n<p class=\"has-text-align-right has-small-font-size\">+54 911 43734933 +54 911 61172582<\/p>\n\n\n\n<p class=\"has-text-align-right has-small-font-size\">OS OUTROS MEIOS:<\/p>\n\n\n\n<p class=\"has-text-align-right has-small-font-size\">Skype:elotromedio@juanjosedimas<br>http:\/\/www.facebook.com\/elotromedio<br>http:\/\/www.elotromediodimasproducciones.blogspot.com<\/p>\n\n\n\n<p class=\"has-text-align-right\">FONTE (texto e imagem): <a aria-label=\"undefined (opens in a new tab)\" href=\"https:\/\/ortodoxia.com.ar\/\" target=\"_blank\" rel=\"noreferrer noopener\">www.ortodoxia.com.ar<\/a><br>Tradu\u00e7\u00e3o: Pe. Andr\u00e9 (Sperandio)<\/p>\n","protected":false},"excerpt":{"rendered":"<p>Por *Juan Dimas A chegada do novo coronav\u00edrus mudou o mundo como o conhecemos. Ouvimos dizer que este \u00e9 o pior evento de doen\u00e7a infecciosa em 100 anos, apesar dos n\u00fameros estarem longe de serem conclusivos. A esperan\u00e7a \u00e9 reparar&#8230;<\/p>\n","protected":false},"author":1,"featured_media":31361,"comment_status":"open","ping_status":"open","sticky":false,"template":"","format":"standard","meta":{"_acf_changed":false,"footnotes":""},"categories":[40,1],"tags":[],"class_list":["post-31359","post","type-post","status-publish","format-standard","has-post-thumbnail","hentry","category-arquidiocese-de-buenos-aires-e-america-do-sul","category-news","entry","rows-excerpt"],"acf":[],"yoast_head":"<!-- This site is optimized with the Yoast SEO plugin v27.4 - https:\/\/yoast.com\/product\/yoast-seo-wordpress\/ -->\n<title>ENTREVISTA COM METROPOLITA IOSIF | ECCLESIA NEWS<\/title>\n<meta name=\"robots\" content=\"index, follow, max-snippet:-1, max-image-preview:large, max-video-preview:-1\" \/>\n<link rel=\"canonical\" href=\"https:\/\/news.ecclesia.org.br\/?p=31359\" \/>\n<meta property=\"og:locale\" content=\"pt_BR\" \/>\n<meta property=\"og:type\" content=\"article\" \/>\n<meta property=\"og:title\" content=\"ENTREVISTA COM METROPOLITA IOSIF | ECCLESIA NEWS\" \/>\n<meta property=\"og:description\" content=\"Por *Juan Dimas A chegada do novo coronav\u00edrus mudou o mundo como o conhecemos. Ouvimos dizer que este \u00e9 o pior evento de doen\u00e7a infecciosa em 100 anos, apesar dos n\u00fameros estarem longe de serem conclusivos. A esperan\u00e7a \u00e9 reparar&#8230;\" \/>\n<meta property=\"og:url\" content=\"https:\/\/news.ecclesia.org.br\/?p=31359\" \/>\n<meta property=\"og:site_name\" content=\"ECCLESIA NEWS\" \/>\n<meta property=\"article:publisher\" content=\"https:\/\/www.facebook.com\/Ecclesia2025\" \/>\n<meta property=\"article:published_time\" content=\"2020-06-24T13:26:40+00:00\" \/>\n<meta property=\"article:modified_time\" content=\"2021-07-22T22:52:09+00:00\" \/>\n<meta property=\"og:image\" content=\"https:\/\/news.ecclesia.org.br\/wp-content\/uploads\/2020\/06\/coronavirus.jpg\" \/>\n\t<meta property=\"og:image:width\" content=\"1024\" \/>\n\t<meta property=\"og:image:height\" content=\"576\" \/>\n\t<meta property=\"og:image:type\" content=\"image\/jpeg\" \/>\n<meta name=\"author\" content=\"Pe. Andr\u00e9\" \/>\n<meta name=\"twitter:card\" content=\"summary_large_image\" \/>\n<meta name=\"twitter:creator\" content=\"@EcclesiaNews\" \/>\n<meta name=\"twitter:site\" content=\"@EcclesiaNews\" \/>\n<meta name=\"twitter:label1\" content=\"Escrito por\" \/>\n\t<meta name=\"twitter:data1\" content=\"Pe. Andr\u00e9\" \/>\n\t<meta name=\"twitter:label2\" content=\"Est. tempo de leitura\" \/>\n\t<meta name=\"twitter:data2\" content=\"9 minutos\" \/>\n<script type=\"application\/ld+json\" class=\"yoast-schema-graph\">{\"@context\":\"https:\\\/\\\/schema.org\",\"@graph\":[{\"@type\":\"Article\",\"@id\":\"https:\\\/\\\/news.ecclesia.org.br\\\/?p=31359#article\",\"isPartOf\":{\"@id\":\"https:\\\/\\\/news.ecclesia.org.br\\\/?p=31359\"},\"author\":{\"name\":\"Pe. Andr\u00e9\",\"@id\":\"https:\\\/\\\/news.ecclesia.org.br\\\/#\\\/schema\\\/person\\\/6f09597f025829745ba414a569f63758\"},\"headline\":\"ENTREVISTA COM METROPOLITA IOSIF\",\"datePublished\":\"2020-06-24T13:26:40+00:00\",\"dateModified\":\"2021-07-22T22:52:09+00:00\",\"mainEntityOfPage\":{\"@id\":\"https:\\\/\\\/news.ecclesia.org.br\\\/?p=31359\"},\"wordCount\":1892,\"commentCount\":0,\"publisher\":{\"@id\":\"https:\\\/\\\/news.ecclesia.org.br\\\/#organization\"},\"image\":{\"@id\":\"https:\\\/\\\/news.ecclesia.org.br\\\/?p=31359#primaryimage\"},\"thumbnailUrl\":\"https:\\\/\\\/news.ecclesia.org.br\\\/wp-content\\\/uploads\\\/2020\\\/06\\\/coronavirus.jpg\",\"articleSection\":[\"Arquidiocese de Buenos Aires e Am\u00e9rica do Sul\",\"NEWS\"],\"inLanguage\":\"pt-BR\",\"potentialAction\":[{\"@type\":\"CommentAction\",\"name\":\"Comment\",\"target\":[\"https:\\\/\\\/news.ecclesia.org.br\\\/?p=31359#respond\"]}]},{\"@type\":\"WebPage\",\"@id\":\"https:\\\/\\\/news.ecclesia.org.br\\\/?p=31359\",\"url\":\"https:\\\/\\\/news.ecclesia.org.br\\\/?p=31359\",\"name\":\"ENTREVISTA COM METROPOLITA IOSIF | ECCLESIA NEWS\",\"isPartOf\":{\"@id\":\"https:\\\/\\\/news.ecclesia.org.br\\\/#website\"},\"primaryImageOfPage\":{\"@id\":\"https:\\\/\\\/news.ecclesia.org.br\\\/?p=31359#primaryimage\"},\"image\":{\"@id\":\"https:\\\/\\\/news.ecclesia.org.br\\\/?p=31359#primaryimage\"},\"thumbnailUrl\":\"https:\\\/\\\/news.ecclesia.org.br\\\/wp-content\\\/uploads\\\/2020\\\/06\\\/coronavirus.jpg\",\"datePublished\":\"2020-06-24T13:26:40+00:00\",\"dateModified\":\"2021-07-22T22:52:09+00:00\",\"breadcrumb\":{\"@id\":\"https:\\\/\\\/news.ecclesia.org.br\\\/?p=31359#breadcrumb\"},\"inLanguage\":\"pt-BR\",\"potentialAction\":[{\"@type\":\"ReadAction\",\"target\":[\"https:\\\/\\\/news.ecclesia.org.br\\\/?p=31359\"]}]},{\"@type\":\"ImageObject\",\"inLanguage\":\"pt-BR\",\"@id\":\"https:\\\/\\\/news.ecclesia.org.br\\\/?p=31359#primaryimage\",\"url\":\"https:\\\/\\\/news.ecclesia.org.br\\\/wp-content\\\/uploads\\\/2020\\\/06\\\/coronavirus.jpg\",\"contentUrl\":\"https:\\\/\\\/news.ecclesia.org.br\\\/wp-content\\\/uploads\\\/2020\\\/06\\\/coronavirus.jpg\",\"width\":1024,\"height\":576},{\"@type\":\"BreadcrumbList\",\"@id\":\"https:\\\/\\\/news.ecclesia.org.br\\\/?p=31359#breadcrumb\",\"itemListElement\":[{\"@type\":\"ListItem\",\"position\":1,\"name\":\"In\u00edcio\",\"item\":\"https:\\\/\\\/news.ecclesia.org.br\\\/\"},{\"@type\":\"ListItem\",\"position\":2,\"name\":\"ENTREVISTA COM METROPOLITA IOSIF\"}]},{\"@type\":\"WebSite\",\"@id\":\"https:\\\/\\\/news.ecclesia.org.br\\\/#website\",\"url\":\"https:\\\/\\\/news.ecclesia.org.br\\\/\",\"name\":\"Ecclesia Brasil\",\"description\":\"Desde 2003 onectando o Brasil ao mundo ortodoxo!\",\"publisher\":{\"@id\":\"https:\\\/\\\/news.ecclesia.org.br\\\/#organization\"},\"alternateName\":\"Ecclesia\",\"potentialAction\":[{\"@type\":\"SearchAction\",\"target\":{\"@type\":\"EntryPoint\",\"urlTemplate\":\"https:\\\/\\\/news.ecclesia.org.br\\\/?s={search_term_string}\"},\"query-input\":{\"@type\":\"PropertyValueSpecification\",\"valueRequired\":true,\"valueName\":\"search_term_string\"}}],\"inLanguage\":\"pt-BR\"},{\"@type\":\"Organization\",\"@id\":\"https:\\\/\\\/news.ecclesia.org.br\\\/#organization\",\"name\":\"Sacra Arquidiocese de Buenos Aires e Am\u00e9rica do Sul | Patriarcado Ecum\u00eanico\",\"alternateName\":\"News Ecclesia Brasil\",\"url\":\"https:\\\/\\\/news.ecclesia.org.br\\\/\",\"logo\":{\"@type\":\"ImageObject\",\"inLanguage\":\"pt-BR\",\"@id\":\"https:\\\/\\\/news.ecclesia.org.br\\\/#\\\/schema\\\/logo\\\/image\\\/\",\"url\":\"https:\\\/\\\/news.ecclesia.org.br\\\/wp-content\\\/uploads\\\/2025\\\/05\\\/ecclesia2.png\",\"contentUrl\":\"https:\\\/\\\/news.ecclesia.org.br\\\/wp-content\\\/uploads\\\/2025\\\/05\\\/ecclesia2.png\",\"width\":480,\"height\":120,\"caption\":\"Sacra Arquidiocese de Buenos Aires e Am\u00e9rica do Sul | Patriarcado Ecum\u00eanico\"},\"image\":{\"@id\":\"https:\\\/\\\/news.ecclesia.org.br\\\/#\\\/schema\\\/logo\\\/image\\\/\"},\"sameAs\":[\"https:\\\/\\\/www.facebook.com\\\/Ecclesia2025\",\"https:\\\/\\\/x.com\\\/EcclesiaNews\",\"https:\\\/\\\/br.pinterest.com\\\/ekklisia\\\/\",\"https:\\\/\\\/www.youtube.com\\\/@EcclesiaBrasil\"]},{\"@type\":\"Person\",\"@id\":\"https:\\\/\\\/news.ecclesia.org.br\\\/#\\\/schema\\\/person\\\/6f09597f025829745ba414a569f63758\",\"name\":\"Pe. Andr\u00e9\",\"image\":{\"@type\":\"ImageObject\",\"inLanguage\":\"pt-BR\",\"@id\":\"https:\\\/\\\/secure.gravatar.com\\\/avatar\\\/b4327cfa27e9799da239a26adcd534fc29cdc0c4a4a148eecbcfeb9b42c617ac?s=96&d=mm&r=g\",\"url\":\"https:\\\/\\\/secure.gravatar.com\\\/avatar\\\/b4327cfa27e9799da239a26adcd534fc29cdc0c4a4a148eecbcfeb9b42c617ac?s=96&d=mm&r=g\",\"contentUrl\":\"https:\\\/\\\/secure.gravatar.com\\\/avatar\\\/b4327cfa27e9799da239a26adcd534fc29cdc0c4a4a148eecbcfeb9b42c617ac?s=96&d=mm&r=g\",\"caption\":\"Pe. Andr\u00e9\"},\"sameAs\":[\"https:\\\/\\\/www.ecclesia.org.br\"]}]}<\/script>\n<!-- \/ Yoast SEO plugin. -->","yoast_head_json":{"title":"ENTREVISTA COM METROPOLITA IOSIF | ECCLESIA NEWS","robots":{"index":"index","follow":"follow","max-snippet":"max-snippet:-1","max-image-preview":"max-image-preview:large","max-video-preview":"max-video-preview:-1"},"canonical":"https:\/\/news.ecclesia.org.br\/?p=31359","og_locale":"pt_BR","og_type":"article","og_title":"ENTREVISTA COM METROPOLITA IOSIF | ECCLESIA NEWS","og_description":"Por *Juan Dimas A chegada do novo coronav\u00edrus mudou o mundo como o conhecemos. Ouvimos dizer que este \u00e9 o pior evento de doen\u00e7a infecciosa em 100 anos, apesar dos n\u00fameros estarem longe de serem conclusivos. A esperan\u00e7a \u00e9 reparar&#8230;","og_url":"https:\/\/news.ecclesia.org.br\/?p=31359","og_site_name":"ECCLESIA NEWS","article_publisher":"https:\/\/www.facebook.com\/Ecclesia2025","article_published_time":"2020-06-24T13:26:40+00:00","article_modified_time":"2021-07-22T22:52:09+00:00","og_image":[{"width":1024,"height":576,"url":"https:\/\/news.ecclesia.org.br\/wp-content\/uploads\/2020\/06\/coronavirus.jpg","type":"image\/jpeg"}],"author":"Pe. Andr\u00e9","twitter_card":"summary_large_image","twitter_creator":"@EcclesiaNews","twitter_site":"@EcclesiaNews","twitter_misc":{"Escrito por":"Pe. Andr\u00e9","Est. tempo de leitura":"9 minutos"},"schema":{"@context":"https:\/\/schema.org","@graph":[{"@type":"Article","@id":"https:\/\/news.ecclesia.org.br\/?p=31359#article","isPartOf":{"@id":"https:\/\/news.ecclesia.org.br\/?p=31359"},"author":{"name":"Pe. Andr\u00e9","@id":"https:\/\/news.ecclesia.org.br\/#\/schema\/person\/6f09597f025829745ba414a569f63758"},"headline":"ENTREVISTA COM METROPOLITA IOSIF","datePublished":"2020-06-24T13:26:40+00:00","dateModified":"2021-07-22T22:52:09+00:00","mainEntityOfPage":{"@id":"https:\/\/news.ecclesia.org.br\/?p=31359"},"wordCount":1892,"commentCount":0,"publisher":{"@id":"https:\/\/news.ecclesia.org.br\/#organization"},"image":{"@id":"https:\/\/news.ecclesia.org.br\/?p=31359#primaryimage"},"thumbnailUrl":"https:\/\/news.ecclesia.org.br\/wp-content\/uploads\/2020\/06\/coronavirus.jpg","articleSection":["Arquidiocese de Buenos Aires e Am\u00e9rica do Sul","NEWS"],"inLanguage":"pt-BR","potentialAction":[{"@type":"CommentAction","name":"Comment","target":["https:\/\/news.ecclesia.org.br\/?p=31359#respond"]}]},{"@type":"WebPage","@id":"https:\/\/news.ecclesia.org.br\/?p=31359","url":"https:\/\/news.ecclesia.org.br\/?p=31359","name":"ENTREVISTA COM METROPOLITA IOSIF | ECCLESIA NEWS","isPartOf":{"@id":"https:\/\/news.ecclesia.org.br\/#website"},"primaryImageOfPage":{"@id":"https:\/\/news.ecclesia.org.br\/?p=31359#primaryimage"},"image":{"@id":"https:\/\/news.ecclesia.org.br\/?p=31359#primaryimage"},"thumbnailUrl":"https:\/\/news.ecclesia.org.br\/wp-content\/uploads\/2020\/06\/coronavirus.jpg","datePublished":"2020-06-24T13:26:40+00:00","dateModified":"2021-07-22T22:52:09+00:00","breadcrumb":{"@id":"https:\/\/news.ecclesia.org.br\/?p=31359#breadcrumb"},"inLanguage":"pt-BR","potentialAction":[{"@type":"ReadAction","target":["https:\/\/news.ecclesia.org.br\/?p=31359"]}]},{"@type":"ImageObject","inLanguage":"pt-BR","@id":"https:\/\/news.ecclesia.org.br\/?p=31359#primaryimage","url":"https:\/\/news.ecclesia.org.br\/wp-content\/uploads\/2020\/06\/coronavirus.jpg","contentUrl":"https:\/\/news.ecclesia.org.br\/wp-content\/uploads\/2020\/06\/coronavirus.jpg","width":1024,"height":576},{"@type":"BreadcrumbList","@id":"https:\/\/news.ecclesia.org.br\/?p=31359#breadcrumb","itemListElement":[{"@type":"ListItem","position":1,"name":"In\u00edcio","item":"https:\/\/news.ecclesia.org.br\/"},{"@type":"ListItem","position":2,"name":"ENTREVISTA COM METROPOLITA IOSIF"}]},{"@type":"WebSite","@id":"https:\/\/news.ecclesia.org.br\/#website","url":"https:\/\/news.ecclesia.org.br\/","name":"Ecclesia Brasil","description":"Desde 2003 onectando o Brasil ao mundo ortodoxo!","publisher":{"@id":"https:\/\/news.ecclesia.org.br\/#organization"},"alternateName":"Ecclesia","potentialAction":[{"@type":"SearchAction","target":{"@type":"EntryPoint","urlTemplate":"https:\/\/news.ecclesia.org.br\/?s={search_term_string}"},"query-input":{"@type":"PropertyValueSpecification","valueRequired":true,"valueName":"search_term_string"}}],"inLanguage":"pt-BR"},{"@type":"Organization","@id":"https:\/\/news.ecclesia.org.br\/#organization","name":"Sacra Arquidiocese de Buenos Aires e Am\u00e9rica do Sul | Patriarcado Ecum\u00eanico","alternateName":"News Ecclesia Brasil","url":"https:\/\/news.ecclesia.org.br\/","logo":{"@type":"ImageObject","inLanguage":"pt-BR","@id":"https:\/\/news.ecclesia.org.br\/#\/schema\/logo\/image\/","url":"https:\/\/news.ecclesia.org.br\/wp-content\/uploads\/2025\/05\/ecclesia2.png","contentUrl":"https:\/\/news.ecclesia.org.br\/wp-content\/uploads\/2025\/05\/ecclesia2.png","width":480,"height":120,"caption":"Sacra Arquidiocese de Buenos Aires e Am\u00e9rica do Sul | Patriarcado Ecum\u00eanico"},"image":{"@id":"https:\/\/news.ecclesia.org.br\/#\/schema\/logo\/image\/"},"sameAs":["https:\/\/www.facebook.com\/Ecclesia2025","https:\/\/x.com\/EcclesiaNews","https:\/\/br.pinterest.com\/ekklisia\/","https:\/\/www.youtube.com\/@EcclesiaBrasil"]},{"@type":"Person","@id":"https:\/\/news.ecclesia.org.br\/#\/schema\/person\/6f09597f025829745ba414a569f63758","name":"Pe. Andr\u00e9","image":{"@type":"ImageObject","inLanguage":"pt-BR","@id":"https:\/\/secure.gravatar.com\/avatar\/b4327cfa27e9799da239a26adcd534fc29cdc0c4a4a148eecbcfeb9b42c617ac?s=96&d=mm&r=g","url":"https:\/\/secure.gravatar.com\/avatar\/b4327cfa27e9799da239a26adcd534fc29cdc0c4a4a148eecbcfeb9b42c617ac?s=96&d=mm&r=g","contentUrl":"https:\/\/secure.gravatar.com\/avatar\/b4327cfa27e9799da239a26adcd534fc29cdc0c4a4a148eecbcfeb9b42c617ac?s=96&d=mm&r=g","caption":"Pe. Andr\u00e9"},"sameAs":["https:\/\/www.ecclesia.org.br"]}]}},"_links":{"self":[{"href":"https:\/\/news.ecclesia.org.br\/index.php?rest_route=\/wp\/v2\/posts\/31359","targetHints":{"allow":["GET"]}}],"collection":[{"href":"https:\/\/news.ecclesia.org.br\/index.php?rest_route=\/wp\/v2\/posts"}],"about":[{"href":"https:\/\/news.ecclesia.org.br\/index.php?rest_route=\/wp\/v2\/types\/post"}],"author":[{"embeddable":true,"href":"https:\/\/news.ecclesia.org.br\/index.php?rest_route=\/wp\/v2\/users\/1"}],"replies":[{"embeddable":true,"href":"https:\/\/news.ecclesia.org.br\/index.php?rest_route=%2Fwp%2Fv2%2Fcomments&post=31359"}],"version-history":[{"count":1,"href":"https:\/\/news.ecclesia.org.br\/index.php?rest_route=\/wp\/v2\/posts\/31359\/revisions"}],"predecessor-version":[{"id":38456,"href":"https:\/\/news.ecclesia.org.br\/index.php?rest_route=\/wp\/v2\/posts\/31359\/revisions\/38456"}],"wp:featuredmedia":[{"embeddable":true,"href":"https:\/\/news.ecclesia.org.br\/index.php?rest_route=\/wp\/v2\/media\/31361"}],"wp:attachment":[{"href":"https:\/\/news.ecclesia.org.br\/index.php?rest_route=%2Fwp%2Fv2%2Fmedia&parent=31359"}],"wp:term":[{"taxonomy":"category","embeddable":true,"href":"https:\/\/news.ecclesia.org.br\/index.php?rest_route=%2Fwp%2Fv2%2Fcategories&post=31359"},{"taxonomy":"post_tag","embeddable":true,"href":"https:\/\/news.ecclesia.org.br\/index.php?rest_route=%2Fwp%2Fv2%2Ftags&post=31359"}],"curies":[{"name":"wp","href":"https:\/\/api.w.org\/{rel}","templated":true}]}}