{"id":30197,"date":"2020-06-16T19:23:59","date_gmt":"2020-06-16T19:23:59","guid":{"rendered":"https:\/\/news.ecclesia.org.br\/?p=30197"},"modified":"2021-07-22T19:52:09","modified_gmt":"2021-07-22T22:52:09","slug":"antologia-da-alma-de-um-papa","status":"publish","type":"post","link":"https:\/\/news.ecclesia.org.br\/?p=30197","title":{"rendered":"ANTOLOGIA DA ALMA DE UM PAPA"},"content":{"rendered":"\n<p>&nbsp;<br><strong>&#8220;<em>Mesmo que as palavras &#8220;nunca possam descrever ou definir adequadamente o cora\u00e7\u00e3o humano&#8221;, n\u00e3o obstante &#8220;podem revelar vislumbres do mundo de outro ser humano&#8221;.&nbsp;<\/em><\/strong><\/p>\n\n\n\n<p><strong>\u00c9 uma das considera\u00e7\u00f5es que o Patriarca Ecum\u00eanico Bartolomeu I oferece ao  leitor no Pref\u00e1cio do volume &#8220;ANTOLOGIA DA ALMA DE UM PAPA&#8221;, publicado pela Libreria Editrice Vaticana.&nbsp;<\/strong><\/p>\n\n\n\n<h2 class=\"wp-block-heading\">BARTOLOMEU I<\/h2>\n\n\n\n<p class=\"has-drop-cap\">\u00c9 com grande alegria que nos unimos a essa maravilhosa &#8220;antologia&#8221;, palavra grega para uma fascinante sele\u00e7\u00e3o de reflex\u00f5es estimulantes, uma cole\u00e7\u00e3o de contribui\u00e7\u00f5es interessantes inerentes a um dos l\u00edderes religiosos mais eminentes. <\/p>\n\n\n\n<p>Este volume re\u00fane reflex\u00f5es sobre as palavras-chave da mensagem e minist\u00e9rio de nosso amado irm\u00e3o, o Papa Francisco.&nbsp;<\/p>\n\n\n\n<p>As palavras, no entanto, s\u00e3o muito mais do que apenas coment\u00e1rios, muito mais importantes do que frases comuns.&nbsp;As palavras s\u00e3o uma express\u00e3o intr\u00ednseca da vida, nosso reflexo mais \u00edntimo da divindade, a pr\u00f3pria identidade de Deus: <em>&#8220;No princ\u00edpio era o Verbo, e o Verbo estava com Deus e o Verbo era Deus&#8221;<\/em> (Jo 1: 1). <\/p>\n\n\n\n<p>E, de fato, teremos que prestar contas de toda palavra que sai de nossos l\u00e1bios (cf. Mt 12, 36).&nbsp;As palavras podem salvar ou desmoronar (cf. Pr 12, 6), provar-se produtivas ou destrutivas (cf. Pr 8, 21), gerar benevol\u00eancia e edifica\u00e7\u00e3o (cf. Ef 4:29) ou amargura e maldi\u00e7\u00e3o (cf. Rm 3, 14)&nbsp;Acima de tudo, devemos estar &#8220;sempre prontos para responder a qualquer pessoa que lhe perguntar o motivo da esperan\u00e7a que existe em voc\u00ea&#8221; (1Pt 3, 15).<\/p>\n\n\n\n<p>Durante as reuni\u00f5es e reflex\u00f5es com nosso irm\u00e3o, o bispo de Roma, experimentamos a profunda sacralidade das palavras.&nbsp;Lembramos e sabemos que as palavras s\u00e3o capazes de erguer pontes, mas tamb\u00e9m paredes.&nbsp;<\/p>\n\n\n\n<p>Portanto, juntos, tentamos promover um di\u00e1logo de amor e verdade, &#8220;agindo segundo a verdade na caridade&#8221; (Ef 4:15). <\/p>\n\n\n\n<p>Obviamente, as palavras podem expressar e descrever emo\u00e7\u00f5es humanas, mas nunca podem narrar completamente ou definir adequadamente o cora\u00e7\u00e3o humano.&nbsp;No entanto, elas podem revelar vislumbres do mundo de outro ser humano, dar voz aos seus interesses ou preocupa\u00e7\u00f5es.&nbsp;<\/p>\n\n\n\n<p>Se prestarmos aten\u00e7\u00e3o \u00e0 frequ\u00eancia com que repetimos certas palavras ou como as pronunciamos, descobriremos as tend\u00eancias e paix\u00f5es que moldam nossa pr\u00f3pria vida. <\/p>\n\n\n\n<p>Por esse motivo, n\u00e3o nos surpreendeu muito descobrir que os termos selecionados neste volume s\u00e3o aqueles que distinguem e evocam os princ\u00edpios fundamentais que o Papa Francisco privilegiou e os seus:<\/p>\n\n\n\n<ul class=\"wp-block-list\"><li>Seu minist\u00e9rio \u00e9 inteiramente dedicado a Jesus e \u00e0 Igreja como o Corpo de Cristo, continuando ao mesmo tempo destacando abusos clericais e incentivando uma maior assun\u00e7\u00e3o de<br>responsabilidade;<\/li><li>Ele trabalha para relacionar os sacramentos da Igreja com a vida concreta do mundo, do batismo \u00e0s l\u00e1grimas;<\/li><li>Dentro da Igreja como institui\u00e7\u00e3o, ele quer menos clericalismo e mais colegialidade, enquanto continua a advertir contra a indiferen\u00e7a e a apoiar o discernimento;<\/li><li>Nas rela\u00e7\u00f5es entre sua Igreja e outras pessoas, ele promove o di\u00e1logo e o ecumenismo, o encontro e o abra\u00e7o;<\/li><li>Na comunidade global, ele desvenda a intrincada conex\u00e3o entre capitalismo e cria\u00e7\u00e3o, persegui\u00e7\u00e3o e refugiados;<\/li><li>Preocupa-se com a fam\u00edlia, mulheres, filhos e av\u00f3s.<\/li><\/ul>\n\n\n\n<p>Mas, acima de tudo, o que chama a aten\u00e7\u00e3o s\u00e3o suas virtudes espec\u00edficas, que definem sua mensagem e testemunham: <\/p>\n\n\n\n<ul class=\"wp-block-list\"><li>dignidade e justi\u00e7a, <\/li><li>miseric\u00f3rdia e esperan\u00e7a, <\/li><li>mas, acima de tudo, amor e alegria.<\/li><\/ul>\n\n\n\n<p>Este livro transcende meras palavras. \u00c9 um espl\u00eandido mosaico de elementos coloridos e envolventes que revelam o homem misericordioso e compassivo que conhecemos como Papa Francisco.<\/p>\n\n\n\n<p class=\"has-text-align-right has-small-font-size\">Fonte: <a href=\"https:\/\/www.osservatoreromano.va\/pt.html\" target=\"_blank\" rel=\"noreferrer noopener\">L&#8217;Osservatore Romano<\/a><\/p>\n","protected":false},"excerpt":{"rendered":"<p>&nbsp;&#8220;Mesmo que as palavras &#8220;nunca possam descrever ou definir adequadamente o cora\u00e7\u00e3o humano&#8221;, n\u00e3o obstante &#8220;podem revelar vislumbres do mundo de outro ser humano&#8221;.&nbsp; \u00c9 uma das considera\u00e7\u00f5es que o Patriarca Ecum\u00eanico Bartolomeu I oferece ao leitor no Pref\u00e1cio do&#8230;<\/p>\n","protected":false},"author":1,"featured_media":26673,"comment_status":"open","ping_status":"open","sticky":false,"template":"","format":"standard","meta":{"_acf_changed":false,"footnotes":""},"categories":[1],"tags":[],"class_list":["post-30197","post","type-post","status-publish","format-standard","has-post-thumbnail","hentry","category-news","entry","rows-excerpt"],"acf":[],"yoast_head":"<!-- This site is optimized with the Yoast SEO plugin v27.4 - https:\/\/yoast.com\/product\/yoast-seo-wordpress\/ -->\n<title>ANTOLOGIA DA ALMA DE UM PAPA | ECCLESIA NEWS<\/title>\n<meta name=\"robots\" content=\"index, follow, max-snippet:-1, max-image-preview:large, max-video-preview:-1\" \/>\n<link rel=\"canonical\" href=\"https:\/\/news.ecclesia.org.br\/?p=30197\" \/>\n<meta property=\"og:locale\" content=\"pt_BR\" \/>\n<meta property=\"og:type\" content=\"article\" \/>\n<meta property=\"og:title\" content=\"ANTOLOGIA DA ALMA DE UM PAPA | ECCLESIA NEWS\" \/>\n<meta property=\"og:description\" content=\"&nbsp;&#8220;Mesmo que as palavras &#8220;nunca possam descrever ou definir adequadamente o cora\u00e7\u00e3o humano&#8221;, n\u00e3o obstante &#8220;podem revelar vislumbres do mundo de outro ser humano&#8221;.&nbsp; \u00c9 uma das considera\u00e7\u00f5es que o Patriarca Ecum\u00eanico Bartolomeu I oferece ao leitor no Pref\u00e1cio do&#8230;\" \/>\n<meta property=\"og:url\" content=\"https:\/\/news.ecclesia.org.br\/?p=30197\" \/>\n<meta property=\"og:site_name\" content=\"ECCLESIA NEWS\" \/>\n<meta property=\"article:publisher\" content=\"https:\/\/www.facebook.com\/Ecclesia2025\" \/>\n<meta property=\"article:published_time\" content=\"2020-06-16T19:23:59+00:00\" \/>\n<meta property=\"article:modified_time\" content=\"2021-07-22T22:52:09+00:00\" \/>\n<meta property=\"og:image\" content=\"https:\/\/news.ecclesia.org.br\/wp-content\/uploads\/2019\/06\/bartolomeu-com-francisco.jpg\" \/>\n\t<meta property=\"og:image:width\" content=\"750\" \/>\n\t<meta property=\"og:image:height\" content=\"422\" \/>\n\t<meta property=\"og:image:type\" content=\"image\/jpeg\" \/>\n<meta name=\"author\" content=\"Pe. Andr\u00e9\" \/>\n<meta name=\"twitter:card\" content=\"summary_large_image\" \/>\n<meta name=\"twitter:creator\" content=\"@EcclesiaNews\" \/>\n<meta name=\"twitter:site\" content=\"@EcclesiaNews\" \/>\n<meta name=\"twitter:label1\" content=\"Escrito por\" \/>\n\t<meta name=\"twitter:data1\" content=\"Pe. Andr\u00e9\" \/>\n\t<meta name=\"twitter:label2\" content=\"Est. tempo de leitura\" \/>\n\t<meta name=\"twitter:data2\" content=\"3 minutos\" \/>\n<script type=\"application\/ld+json\" class=\"yoast-schema-graph\">{\"@context\":\"https:\\\/\\\/schema.org\",\"@graph\":[{\"@type\":\"Article\",\"@id\":\"https:\\\/\\\/news.ecclesia.org.br\\\/?p=30197#article\",\"isPartOf\":{\"@id\":\"https:\\\/\\\/news.ecclesia.org.br\\\/?p=30197\"},\"author\":{\"name\":\"Pe. Andr\u00e9\",\"@id\":\"https:\\\/\\\/news.ecclesia.org.br\\\/#\\\/schema\\\/person\\\/6f09597f025829745ba414a569f63758\"},\"headline\":\"ANTOLOGIA DA ALMA DE UM PAPA\",\"datePublished\":\"2020-06-16T19:23:59+00:00\",\"dateModified\":\"2021-07-22T22:52:09+00:00\",\"mainEntityOfPage\":{\"@id\":\"https:\\\/\\\/news.ecclesia.org.br\\\/?p=30197\"},\"wordCount\":618,\"commentCount\":2,\"publisher\":{\"@id\":\"https:\\\/\\\/news.ecclesia.org.br\\\/#organization\"},\"image\":{\"@id\":\"https:\\\/\\\/news.ecclesia.org.br\\\/?p=30197#primaryimage\"},\"thumbnailUrl\":\"https:\\\/\\\/news.ecclesia.org.br\\\/wp-content\\\/uploads\\\/2019\\\/06\\\/bartolomeu-com-francisco.jpg\",\"articleSection\":[\"NEWS\"],\"inLanguage\":\"pt-BR\",\"potentialAction\":[{\"@type\":\"CommentAction\",\"name\":\"Comment\",\"target\":[\"https:\\\/\\\/news.ecclesia.org.br\\\/?p=30197#respond\"]}]},{\"@type\":\"WebPage\",\"@id\":\"https:\\\/\\\/news.ecclesia.org.br\\\/?p=30197\",\"url\":\"https:\\\/\\\/news.ecclesia.org.br\\\/?p=30197\",\"name\":\"ANTOLOGIA DA ALMA DE UM PAPA | ECCLESIA NEWS\",\"isPartOf\":{\"@id\":\"https:\\\/\\\/news.ecclesia.org.br\\\/#website\"},\"primaryImageOfPage\":{\"@id\":\"https:\\\/\\\/news.ecclesia.org.br\\\/?p=30197#primaryimage\"},\"image\":{\"@id\":\"https:\\\/\\\/news.ecclesia.org.br\\\/?p=30197#primaryimage\"},\"thumbnailUrl\":\"https:\\\/\\\/news.ecclesia.org.br\\\/wp-content\\\/uploads\\\/2019\\\/06\\\/bartolomeu-com-francisco.jpg\",\"datePublished\":\"2020-06-16T19:23:59+00:00\",\"dateModified\":\"2021-07-22T22:52:09+00:00\",\"breadcrumb\":{\"@id\":\"https:\\\/\\\/news.ecclesia.org.br\\\/?p=30197#breadcrumb\"},\"inLanguage\":\"pt-BR\",\"potentialAction\":[{\"@type\":\"ReadAction\",\"target\":[\"https:\\\/\\\/news.ecclesia.org.br\\\/?p=30197\"]}]},{\"@type\":\"ImageObject\",\"inLanguage\":\"pt-BR\",\"@id\":\"https:\\\/\\\/news.ecclesia.org.br\\\/?p=30197#primaryimage\",\"url\":\"https:\\\/\\\/news.ecclesia.org.br\\\/wp-content\\\/uploads\\\/2019\\\/06\\\/bartolomeu-com-francisco.jpg\",\"contentUrl\":\"https:\\\/\\\/news.ecclesia.org.br\\\/wp-content\\\/uploads\\\/2019\\\/06\\\/bartolomeu-com-francisco.jpg\",\"width\":750,\"height\":422},{\"@type\":\"BreadcrumbList\",\"@id\":\"https:\\\/\\\/news.ecclesia.org.br\\\/?p=30197#breadcrumb\",\"itemListElement\":[{\"@type\":\"ListItem\",\"position\":1,\"name\":\"In\u00edcio\",\"item\":\"https:\\\/\\\/news.ecclesia.org.br\\\/\"},{\"@type\":\"ListItem\",\"position\":2,\"name\":\"ANTOLOGIA DA ALMA DE UM PAPA\"}]},{\"@type\":\"WebSite\",\"@id\":\"https:\\\/\\\/news.ecclesia.org.br\\\/#website\",\"url\":\"https:\\\/\\\/news.ecclesia.org.br\\\/\",\"name\":\"Ecclesia Brasil\",\"description\":\"Desde 2003 onectando o Brasil ao mundo ortodoxo!\",\"publisher\":{\"@id\":\"https:\\\/\\\/news.ecclesia.org.br\\\/#organization\"},\"alternateName\":\"Ecclesia\",\"potentialAction\":[{\"@type\":\"SearchAction\",\"target\":{\"@type\":\"EntryPoint\",\"urlTemplate\":\"https:\\\/\\\/news.ecclesia.org.br\\\/?s={search_term_string}\"},\"query-input\":{\"@type\":\"PropertyValueSpecification\",\"valueRequired\":true,\"valueName\":\"search_term_string\"}}],\"inLanguage\":\"pt-BR\"},{\"@type\":\"Organization\",\"@id\":\"https:\\\/\\\/news.ecclesia.org.br\\\/#organization\",\"name\":\"Sacra Arquidiocese de Buenos Aires e Am\u00e9rica do Sul | Patriarcado Ecum\u00eanico\",\"alternateName\":\"News Ecclesia Brasil\",\"url\":\"https:\\\/\\\/news.ecclesia.org.br\\\/\",\"logo\":{\"@type\":\"ImageObject\",\"inLanguage\":\"pt-BR\",\"@id\":\"https:\\\/\\\/news.ecclesia.org.br\\\/#\\\/schema\\\/logo\\\/image\\\/\",\"url\":\"https:\\\/\\\/news.ecclesia.org.br\\\/wp-content\\\/uploads\\\/2025\\\/05\\\/ecclesia2.png\",\"contentUrl\":\"https:\\\/\\\/news.ecclesia.org.br\\\/wp-content\\\/uploads\\\/2025\\\/05\\\/ecclesia2.png\",\"width\":480,\"height\":120,\"caption\":\"Sacra Arquidiocese de Buenos Aires e Am\u00e9rica do Sul | Patriarcado Ecum\u00eanico\"},\"image\":{\"@id\":\"https:\\\/\\\/news.ecclesia.org.br\\\/#\\\/schema\\\/logo\\\/image\\\/\"},\"sameAs\":[\"https:\\\/\\\/www.facebook.com\\\/Ecclesia2025\",\"https:\\\/\\\/x.com\\\/EcclesiaNews\",\"https:\\\/\\\/br.pinterest.com\\\/ekklisia\\\/\",\"https:\\\/\\\/www.youtube.com\\\/@EcclesiaBrasil\"]},{\"@type\":\"Person\",\"@id\":\"https:\\\/\\\/news.ecclesia.org.br\\\/#\\\/schema\\\/person\\\/6f09597f025829745ba414a569f63758\",\"name\":\"Pe. Andr\u00e9\",\"image\":{\"@type\":\"ImageObject\",\"inLanguage\":\"pt-BR\",\"@id\":\"https:\\\/\\\/secure.gravatar.com\\\/avatar\\\/b4327cfa27e9799da239a26adcd534fc29cdc0c4a4a148eecbcfeb9b42c617ac?s=96&d=mm&r=g\",\"url\":\"https:\\\/\\\/secure.gravatar.com\\\/avatar\\\/b4327cfa27e9799da239a26adcd534fc29cdc0c4a4a148eecbcfeb9b42c617ac?s=96&d=mm&r=g\",\"contentUrl\":\"https:\\\/\\\/secure.gravatar.com\\\/avatar\\\/b4327cfa27e9799da239a26adcd534fc29cdc0c4a4a148eecbcfeb9b42c617ac?s=96&d=mm&r=g\",\"caption\":\"Pe. Andr\u00e9\"},\"sameAs\":[\"https:\\\/\\\/www.ecclesia.org.br\"]}]}<\/script>\n<!-- \/ Yoast SEO plugin. -->","yoast_head_json":{"title":"ANTOLOGIA DA ALMA DE UM PAPA | ECCLESIA NEWS","robots":{"index":"index","follow":"follow","max-snippet":"max-snippet:-1","max-image-preview":"max-image-preview:large","max-video-preview":"max-video-preview:-1"},"canonical":"https:\/\/news.ecclesia.org.br\/?p=30197","og_locale":"pt_BR","og_type":"article","og_title":"ANTOLOGIA DA ALMA DE UM PAPA | ECCLESIA NEWS","og_description":"&nbsp;&#8220;Mesmo que as palavras &#8220;nunca possam descrever ou definir adequadamente o cora\u00e7\u00e3o humano&#8221;, n\u00e3o obstante &#8220;podem revelar vislumbres do mundo de outro ser humano&#8221;.&nbsp; \u00c9 uma das considera\u00e7\u00f5es que o Patriarca Ecum\u00eanico Bartolomeu I oferece ao leitor no Pref\u00e1cio do&#8230;","og_url":"https:\/\/news.ecclesia.org.br\/?p=30197","og_site_name":"ECCLESIA NEWS","article_publisher":"https:\/\/www.facebook.com\/Ecclesia2025","article_published_time":"2020-06-16T19:23:59+00:00","article_modified_time":"2021-07-22T22:52:09+00:00","og_image":[{"width":750,"height":422,"url":"https:\/\/news.ecclesia.org.br\/wp-content\/uploads\/2019\/06\/bartolomeu-com-francisco.jpg","type":"image\/jpeg"}],"author":"Pe. Andr\u00e9","twitter_card":"summary_large_image","twitter_creator":"@EcclesiaNews","twitter_site":"@EcclesiaNews","twitter_misc":{"Escrito por":"Pe. Andr\u00e9","Est. tempo de leitura":"3 minutos"},"schema":{"@context":"https:\/\/schema.org","@graph":[{"@type":"Article","@id":"https:\/\/news.ecclesia.org.br\/?p=30197#article","isPartOf":{"@id":"https:\/\/news.ecclesia.org.br\/?p=30197"},"author":{"name":"Pe. Andr\u00e9","@id":"https:\/\/news.ecclesia.org.br\/#\/schema\/person\/6f09597f025829745ba414a569f63758"},"headline":"ANTOLOGIA DA ALMA DE UM PAPA","datePublished":"2020-06-16T19:23:59+00:00","dateModified":"2021-07-22T22:52:09+00:00","mainEntityOfPage":{"@id":"https:\/\/news.ecclesia.org.br\/?p=30197"},"wordCount":618,"commentCount":2,"publisher":{"@id":"https:\/\/news.ecclesia.org.br\/#organization"},"image":{"@id":"https:\/\/news.ecclesia.org.br\/?p=30197#primaryimage"},"thumbnailUrl":"https:\/\/news.ecclesia.org.br\/wp-content\/uploads\/2019\/06\/bartolomeu-com-francisco.jpg","articleSection":["NEWS"],"inLanguage":"pt-BR","potentialAction":[{"@type":"CommentAction","name":"Comment","target":["https:\/\/news.ecclesia.org.br\/?p=30197#respond"]}]},{"@type":"WebPage","@id":"https:\/\/news.ecclesia.org.br\/?p=30197","url":"https:\/\/news.ecclesia.org.br\/?p=30197","name":"ANTOLOGIA DA ALMA DE UM PAPA | ECCLESIA NEWS","isPartOf":{"@id":"https:\/\/news.ecclesia.org.br\/#website"},"primaryImageOfPage":{"@id":"https:\/\/news.ecclesia.org.br\/?p=30197#primaryimage"},"image":{"@id":"https:\/\/news.ecclesia.org.br\/?p=30197#primaryimage"},"thumbnailUrl":"https:\/\/news.ecclesia.org.br\/wp-content\/uploads\/2019\/06\/bartolomeu-com-francisco.jpg","datePublished":"2020-06-16T19:23:59+00:00","dateModified":"2021-07-22T22:52:09+00:00","breadcrumb":{"@id":"https:\/\/news.ecclesia.org.br\/?p=30197#breadcrumb"},"inLanguage":"pt-BR","potentialAction":[{"@type":"ReadAction","target":["https:\/\/news.ecclesia.org.br\/?p=30197"]}]},{"@type":"ImageObject","inLanguage":"pt-BR","@id":"https:\/\/news.ecclesia.org.br\/?p=30197#primaryimage","url":"https:\/\/news.ecclesia.org.br\/wp-content\/uploads\/2019\/06\/bartolomeu-com-francisco.jpg","contentUrl":"https:\/\/news.ecclesia.org.br\/wp-content\/uploads\/2019\/06\/bartolomeu-com-francisco.jpg","width":750,"height":422},{"@type":"BreadcrumbList","@id":"https:\/\/news.ecclesia.org.br\/?p=30197#breadcrumb","itemListElement":[{"@type":"ListItem","position":1,"name":"In\u00edcio","item":"https:\/\/news.ecclesia.org.br\/"},{"@type":"ListItem","position":2,"name":"ANTOLOGIA DA ALMA DE UM PAPA"}]},{"@type":"WebSite","@id":"https:\/\/news.ecclesia.org.br\/#website","url":"https:\/\/news.ecclesia.org.br\/","name":"Ecclesia Brasil","description":"Desde 2003 onectando o Brasil ao mundo ortodoxo!","publisher":{"@id":"https:\/\/news.ecclesia.org.br\/#organization"},"alternateName":"Ecclesia","potentialAction":[{"@type":"SearchAction","target":{"@type":"EntryPoint","urlTemplate":"https:\/\/news.ecclesia.org.br\/?s={search_term_string}"},"query-input":{"@type":"PropertyValueSpecification","valueRequired":true,"valueName":"search_term_string"}}],"inLanguage":"pt-BR"},{"@type":"Organization","@id":"https:\/\/news.ecclesia.org.br\/#organization","name":"Sacra Arquidiocese de Buenos Aires e Am\u00e9rica do Sul | Patriarcado Ecum\u00eanico","alternateName":"News Ecclesia Brasil","url":"https:\/\/news.ecclesia.org.br\/","logo":{"@type":"ImageObject","inLanguage":"pt-BR","@id":"https:\/\/news.ecclesia.org.br\/#\/schema\/logo\/image\/","url":"https:\/\/news.ecclesia.org.br\/wp-content\/uploads\/2025\/05\/ecclesia2.png","contentUrl":"https:\/\/news.ecclesia.org.br\/wp-content\/uploads\/2025\/05\/ecclesia2.png","width":480,"height":120,"caption":"Sacra Arquidiocese de Buenos Aires e Am\u00e9rica do Sul | Patriarcado Ecum\u00eanico"},"image":{"@id":"https:\/\/news.ecclesia.org.br\/#\/schema\/logo\/image\/"},"sameAs":["https:\/\/www.facebook.com\/Ecclesia2025","https:\/\/x.com\/EcclesiaNews","https:\/\/br.pinterest.com\/ekklisia\/","https:\/\/www.youtube.com\/@EcclesiaBrasil"]},{"@type":"Person","@id":"https:\/\/news.ecclesia.org.br\/#\/schema\/person\/6f09597f025829745ba414a569f63758","name":"Pe. Andr\u00e9","image":{"@type":"ImageObject","inLanguage":"pt-BR","@id":"https:\/\/secure.gravatar.com\/avatar\/b4327cfa27e9799da239a26adcd534fc29cdc0c4a4a148eecbcfeb9b42c617ac?s=96&d=mm&r=g","url":"https:\/\/secure.gravatar.com\/avatar\/b4327cfa27e9799da239a26adcd534fc29cdc0c4a4a148eecbcfeb9b42c617ac?s=96&d=mm&r=g","contentUrl":"https:\/\/secure.gravatar.com\/avatar\/b4327cfa27e9799da239a26adcd534fc29cdc0c4a4a148eecbcfeb9b42c617ac?s=96&d=mm&r=g","caption":"Pe. Andr\u00e9"},"sameAs":["https:\/\/www.ecclesia.org.br"]}]}},"_links":{"self":[{"href":"https:\/\/news.ecclesia.org.br\/index.php?rest_route=\/wp\/v2\/posts\/30197","targetHints":{"allow":["GET"]}}],"collection":[{"href":"https:\/\/news.ecclesia.org.br\/index.php?rest_route=\/wp\/v2\/posts"}],"about":[{"href":"https:\/\/news.ecclesia.org.br\/index.php?rest_route=\/wp\/v2\/types\/post"}],"author":[{"embeddable":true,"href":"https:\/\/news.ecclesia.org.br\/index.php?rest_route=\/wp\/v2\/users\/1"}],"replies":[{"embeddable":true,"href":"https:\/\/news.ecclesia.org.br\/index.php?rest_route=%2Fwp%2Fv2%2Fcomments&post=30197"}],"version-history":[{"count":1,"href":"https:\/\/news.ecclesia.org.br\/index.php?rest_route=\/wp\/v2\/posts\/30197\/revisions"}],"predecessor-version":[{"id":38457,"href":"https:\/\/news.ecclesia.org.br\/index.php?rest_route=\/wp\/v2\/posts\/30197\/revisions\/38457"}],"wp:featuredmedia":[{"embeddable":true,"href":"https:\/\/news.ecclesia.org.br\/index.php?rest_route=\/wp\/v2\/media\/26673"}],"wp:attachment":[{"href":"https:\/\/news.ecclesia.org.br\/index.php?rest_route=%2Fwp%2Fv2%2Fmedia&parent=30197"}],"wp:term":[{"taxonomy":"category","embeddable":true,"href":"https:\/\/news.ecclesia.org.br\/index.php?rest_route=%2Fwp%2Fv2%2Fcategories&post=30197"},{"taxonomy":"post_tag","embeddable":true,"href":"https:\/\/news.ecclesia.org.br\/index.php?rest_route=%2Fwp%2Fv2%2Ftags&post=30197"}],"curies":[{"name":"wp","href":"https:\/\/api.w.org\/{rel}","templated":true}]}}