{"id":2778,"date":"2009-11-03T00:35:55","date_gmt":"2009-11-03T03:35:55","guid":{"rendered":"http:\/\/www.ecclesia.com.br\/news\/?p=2778"},"modified":"2021-07-22T18:09:49","modified_gmt":"2021-07-22T21:09:49","slug":"2778","status":"publish","type":"post","link":"https:\/\/news.ecclesia.org.br\/?p=2778","title":{"rendered":"L\u00edderes mundiais recebem apoio das igrejas para o desarmamento nuclear"},"content":{"rendered":"<p style=\"text-align: justify;\"><a href=\"https:\/\/news.ecclesia.org.br\/wp-content\/uploads\/2009\/11\/onu_1.jpg\"><img fetchpriority=\"high\" decoding=\"async\" class=\"alignleft size-medium wp-image-14983\" src=\"https:\/\/news.ecclesia.org.br\/wp-content\/uploads\/2009\/11\/onu_1-300x205.jpg\" alt=\"\" width=\"300\" height=\"205\" srcset=\"https:\/\/news.ecclesia.org.br\/wp-content\/uploads\/2009\/11\/onu_1-300x205.jpg 300w, https:\/\/news.ecclesia.org.br\/wp-content\/uploads\/2009\/11\/onu_1-81x55.jpg 81w, https:\/\/news.ecclesia.org.br\/wp-content\/uploads\/2009\/11\/onu_1.jpg 440w, https:\/\/news.ecclesia.org.br\/wp-content\/uploads\/2009\/11\/onu_1-60x40.jpg 60w\" sizes=\"(max-width: 300px) 100vw, 300px\" \/><\/a>Genebra, Su\u00ed\u00e7a, 03 de novembro de 2009 (<a href=\"http:\/\/www.ortodoxia.org\/contenido\/arquidiocesis\/noticias_es.php#489\" target=\"_blank\" rel=\"noopener\">Ortodoxia.org<\/a> | CMI) \u00abEste \u00e9 o momento de prosseguir com a tend\u00eancia para o desarmamento nuclear\u00bb, afirmaram quatro organiza\u00e7\u00f5es ecum\u00eanicas mundiais, regionais e nacionais aos dirigentes da OTAN &#8211; Organiza\u00e7\u00e3o do Tratado do Atl\u00e2ntico Norte, \u00e0 Uni\u00e3o Europ\u00e9ia, aos Estados Unidos e \u00e0 R\u00fassia. \u00ab\u00c9 necess\u00e1rio transformar a oportunidade atual em a\u00e7\u00f5es conclusivas\u00bb. \u00abO novo esfor\u00e7o para eliminar as armas nucleares \u00e9 um sinal capaz de suscitar esperan\u00e7as no mundo\u00bb, disseram numa carta datada de 28 de Outubro, os l\u00edderes de quatro grupos ecum\u00eanicos que juntos representam cerca de 200 igrejas na Europa e Am\u00e9rica Norte. \u00abInstamos a todos os Estados que possuem armas nucleares e os Estados que tem armas nucleares em seus territ\u00f3rios, a contribuir para o progresso sob esta nova din\u00e2mica pol\u00edtica\u00bb, acrescentaram os l\u00edderes ecum\u00eanicos. A carta foi enviada ao presidente dos Estados Unidos, Barack Obama, ao presidente russo, Dmitry Medvedev, \u00abcomo os dirigentes dos pa\u00edses que det\u00e9m mais de 95% das armas nucleares do mundo, bem como ao Secret\u00e1rio Geral da OTAN, Anders Fogh Rasmussen, ao Primeiro Ministro da Su\u00e9cia, Fredrik Reinfeldt (Presid\u00eancia da Uni\u00e3o Europ\u00e9ia), e ao Secret\u00e1rio Geral do Conselho da Uni\u00e3o Europ\u00e9ia, Javier Solana. Firmada pelos secret\u00e1rios gerais do Conselho Mundial de Igrejas, Samuel Kobia, da Confer\u00eancia das Igrejas Europ\u00e9ias, Colin Williams, do Conselho Nacional de Igrejas de Cristo dos Estados Unidos, Michael Kinnamon, e do Conselho de Igrejas do Canad\u00e1, Karen Hamilton, a carta tem por objetivo incentivar os l\u00edderes mundiais, a quem se dirige, para que \u00abprossigam nesta dire\u00e7\u00e3o\u00bb. Os signat\u00e1rios reconhecem v\u00e1rios recentes desenvolvimentos positivos em mat\u00e9ria de desarmamento nuclear protagonizados pelos Estados Unidos, R\u00fassia, OTAN e Alemanha. Eles tamb\u00e9m assinalam as oportunidades futuras, tais como o novo acordo para substituir o Tratado de Redu\u00e7\u00e3o de Armas Estrat\u00e9gicas (START), o desenvolvimento de um novo conceito estrat\u00e9gico da OTAN e a Confer\u00eancia de 2010 incumbida do exame do Tratado sobre a N\u00e3o-Prolifera\u00e7\u00e3o de Armas Nucleares (TNP).<\/p>\n","protected":false},"excerpt":{"rendered":"<p>Genebra, Su\u00ed\u00e7a, 03 de novembro de 2009 (Ortodoxia.org | CMI) \u00abEste \u00e9 o momento de prosseguir com a tend\u00eancia para o desarmamento nuclear\u00bb, afirmaram quatro organiza\u00e7\u00f5es ecum\u00eanicas mundiais, regionais e nacionais aos dirigentes da OTAN &#8211; Organiza\u00e7\u00e3o do Tratado do&#8230;<\/p>\n","protected":false},"author":1,"featured_media":0,"comment_status":"open","ping_status":"open","sticky":false,"template":"","format":"standard","meta":{"_acf_changed":false,"footnotes":""},"categories":[1],"tags":[],"class_list":["post-2778","post","type-post","status-publish","format-standard","hentry","category-news","entry","rows-excerpt"],"acf":[],"yoast_head":"<!-- This site is optimized with the Yoast SEO plugin v27.4 - https:\/\/yoast.com\/product\/yoast-seo-wordpress\/ -->\n<title>L\u00edderes mundiais recebem apoio das igrejas para o desarmamento nuclear | ECCLESIA NEWS<\/title>\n<meta name=\"robots\" content=\"index, follow, max-snippet:-1, max-image-preview:large, max-video-preview:-1\" \/>\n<link rel=\"canonical\" href=\"https:\/\/news.ecclesia.org.br\/?p=2778\" \/>\n<meta property=\"og:locale\" content=\"pt_BR\" \/>\n<meta property=\"og:type\" content=\"article\" \/>\n<meta property=\"og:title\" content=\"L\u00edderes mundiais recebem apoio das igrejas para o desarmamento nuclear | ECCLESIA NEWS\" \/>\n<meta property=\"og:description\" content=\"Genebra, Su\u00ed\u00e7a, 03 de novembro de 2009 (Ortodoxia.org | CMI) \u00abEste \u00e9 o momento de prosseguir com a tend\u00eancia para o desarmamento nuclear\u00bb, afirmaram quatro organiza\u00e7\u00f5es ecum\u00eanicas mundiais, regionais e nacionais aos dirigentes da OTAN &#8211; Organiza\u00e7\u00e3o do Tratado do&#8230;\" \/>\n<meta property=\"og:url\" content=\"https:\/\/news.ecclesia.org.br\/?p=2778\" \/>\n<meta property=\"og:site_name\" content=\"ECCLESIA NEWS\" \/>\n<meta property=\"article:publisher\" content=\"https:\/\/www.facebook.com\/Ecclesia2025\" \/>\n<meta property=\"article:published_time\" content=\"2009-11-03T03:35:55+00:00\" \/>\n<meta property=\"article:modified_time\" content=\"2021-07-22T21:09:49+00:00\" \/>\n<meta property=\"og:image\" content=\"https:\/\/news.ecclesia.org.br\/wp-content\/uploads\/2009\/11\/onu_1-300x205.jpg\" \/>\n<meta name=\"author\" content=\"Pe. Andr\u00e9\" \/>\n<meta name=\"twitter:card\" content=\"summary_large_image\" \/>\n<meta name=\"twitter:creator\" content=\"@EcclesiaNews\" \/>\n<meta name=\"twitter:site\" content=\"@EcclesiaNews\" \/>\n<meta name=\"twitter:label1\" content=\"Escrito por\" \/>\n\t<meta name=\"twitter:data1\" content=\"Pe. Andr\u00e9\" \/>\n\t<meta name=\"twitter:label2\" content=\"Est. tempo de leitura\" \/>\n\t<meta name=\"twitter:data2\" content=\"2 minutos\" \/>\n<script type=\"application\/ld+json\" class=\"yoast-schema-graph\">{\"@context\":\"https:\\\/\\\/schema.org\",\"@graph\":[{\"@type\":\"Article\",\"@id\":\"https:\\\/\\\/news.ecclesia.org.br\\\/?p=2778#article\",\"isPartOf\":{\"@id\":\"https:\\\/\\\/news.ecclesia.org.br\\\/?p=2778\"},\"author\":{\"name\":\"Pe. Andr\u00e9\",\"@id\":\"https:\\\/\\\/news.ecclesia.org.br\\\/#\\\/schema\\\/person\\\/6f09597f025829745ba414a569f63758\"},\"headline\":\"L\u00edderes mundiais recebem apoio das igrejas para o desarmamento nuclear\",\"datePublished\":\"2009-11-03T03:35:55+00:00\",\"dateModified\":\"2021-07-22T21:09:49+00:00\",\"mainEntityOfPage\":{\"@id\":\"https:\\\/\\\/news.ecclesia.org.br\\\/?p=2778\"},\"wordCount\":370,\"commentCount\":0,\"publisher\":{\"@id\":\"https:\\\/\\\/news.ecclesia.org.br\\\/#organization\"},\"image\":{\"@id\":\"https:\\\/\\\/news.ecclesia.org.br\\\/?p=2778#primaryimage\"},\"thumbnailUrl\":\"https:\\\/\\\/news.ecclesia.org.br\\\/wp-content\\\/uploads\\\/2009\\\/11\\\/onu_1-300x205.jpg\",\"articleSection\":[\"NEWS\"],\"inLanguage\":\"pt-BR\",\"potentialAction\":[{\"@type\":\"CommentAction\",\"name\":\"Comment\",\"target\":[\"https:\\\/\\\/news.ecclesia.org.br\\\/?p=2778#respond\"]}]},{\"@type\":\"WebPage\",\"@id\":\"https:\\\/\\\/news.ecclesia.org.br\\\/?p=2778\",\"url\":\"https:\\\/\\\/news.ecclesia.org.br\\\/?p=2778\",\"name\":\"L\u00edderes mundiais recebem apoio das igrejas para o desarmamento nuclear | ECCLESIA NEWS\",\"isPartOf\":{\"@id\":\"https:\\\/\\\/news.ecclesia.org.br\\\/#website\"},\"primaryImageOfPage\":{\"@id\":\"https:\\\/\\\/news.ecclesia.org.br\\\/?p=2778#primaryimage\"},\"image\":{\"@id\":\"https:\\\/\\\/news.ecclesia.org.br\\\/?p=2778#primaryimage\"},\"thumbnailUrl\":\"https:\\\/\\\/news.ecclesia.org.br\\\/wp-content\\\/uploads\\\/2009\\\/11\\\/onu_1-300x205.jpg\",\"datePublished\":\"2009-11-03T03:35:55+00:00\",\"dateModified\":\"2021-07-22T21:09:49+00:00\",\"breadcrumb\":{\"@id\":\"https:\\\/\\\/news.ecclesia.org.br\\\/?p=2778#breadcrumb\"},\"inLanguage\":\"pt-BR\",\"potentialAction\":[{\"@type\":\"ReadAction\",\"target\":[\"https:\\\/\\\/news.ecclesia.org.br\\\/?p=2778\"]}]},{\"@type\":\"ImageObject\",\"inLanguage\":\"pt-BR\",\"@id\":\"https:\\\/\\\/news.ecclesia.org.br\\\/?p=2778#primaryimage\",\"url\":\"https:\\\/\\\/news.ecclesia.org.br\\\/wp-content\\\/uploads\\\/2009\\\/11\\\/onu_1.jpg\",\"contentUrl\":\"https:\\\/\\\/news.ecclesia.org.br\\\/wp-content\\\/uploads\\\/2009\\\/11\\\/onu_1.jpg\",\"width\":440,\"height\":300},{\"@type\":\"BreadcrumbList\",\"@id\":\"https:\\\/\\\/news.ecclesia.org.br\\\/?p=2778#breadcrumb\",\"itemListElement\":[{\"@type\":\"ListItem\",\"position\":1,\"name\":\"In\u00edcio\",\"item\":\"https:\\\/\\\/news.ecclesia.org.br\\\/\"},{\"@type\":\"ListItem\",\"position\":2,\"name\":\"L\u00edderes mundiais recebem apoio das igrejas para o desarmamento nuclear\"}]},{\"@type\":\"WebSite\",\"@id\":\"https:\\\/\\\/news.ecclesia.org.br\\\/#website\",\"url\":\"https:\\\/\\\/news.ecclesia.org.br\\\/\",\"name\":\"Ecclesia Brasil\",\"description\":\"Desde 2003 onectando o Brasil ao mundo ortodoxo!\",\"publisher\":{\"@id\":\"https:\\\/\\\/news.ecclesia.org.br\\\/#organization\"},\"alternateName\":\"Ecclesia\",\"potentialAction\":[{\"@type\":\"SearchAction\",\"target\":{\"@type\":\"EntryPoint\",\"urlTemplate\":\"https:\\\/\\\/news.ecclesia.org.br\\\/?s={search_term_string}\"},\"query-input\":{\"@type\":\"PropertyValueSpecification\",\"valueRequired\":true,\"valueName\":\"search_term_string\"}}],\"inLanguage\":\"pt-BR\"},{\"@type\":\"Organization\",\"@id\":\"https:\\\/\\\/news.ecclesia.org.br\\\/#organization\",\"name\":\"Sacra Arquidiocese de Buenos Aires e Am\u00e9rica do Sul | Patriarcado Ecum\u00eanico\",\"alternateName\":\"News Ecclesia Brasil\",\"url\":\"https:\\\/\\\/news.ecclesia.org.br\\\/\",\"logo\":{\"@type\":\"ImageObject\",\"inLanguage\":\"pt-BR\",\"@id\":\"https:\\\/\\\/news.ecclesia.org.br\\\/#\\\/schema\\\/logo\\\/image\\\/\",\"url\":\"https:\\\/\\\/news.ecclesia.org.br\\\/wp-content\\\/uploads\\\/2025\\\/05\\\/ecclesia2.png\",\"contentUrl\":\"https:\\\/\\\/news.ecclesia.org.br\\\/wp-content\\\/uploads\\\/2025\\\/05\\\/ecclesia2.png\",\"width\":480,\"height\":120,\"caption\":\"Sacra Arquidiocese de Buenos Aires e Am\u00e9rica do Sul | Patriarcado Ecum\u00eanico\"},\"image\":{\"@id\":\"https:\\\/\\\/news.ecclesia.org.br\\\/#\\\/schema\\\/logo\\\/image\\\/\"},\"sameAs\":[\"https:\\\/\\\/www.facebook.com\\\/Ecclesia2025\",\"https:\\\/\\\/x.com\\\/EcclesiaNews\",\"https:\\\/\\\/br.pinterest.com\\\/ekklisia\\\/\",\"https:\\\/\\\/www.youtube.com\\\/@EcclesiaBrasil\"]},{\"@type\":\"Person\",\"@id\":\"https:\\\/\\\/news.ecclesia.org.br\\\/#\\\/schema\\\/person\\\/6f09597f025829745ba414a569f63758\",\"name\":\"Pe. Andr\u00e9\",\"image\":{\"@type\":\"ImageObject\",\"inLanguage\":\"pt-BR\",\"@id\":\"https:\\\/\\\/secure.gravatar.com\\\/avatar\\\/b4327cfa27e9799da239a26adcd534fc29cdc0c4a4a148eecbcfeb9b42c617ac?s=96&d=mm&r=g\",\"url\":\"https:\\\/\\\/secure.gravatar.com\\\/avatar\\\/b4327cfa27e9799da239a26adcd534fc29cdc0c4a4a148eecbcfeb9b42c617ac?s=96&d=mm&r=g\",\"contentUrl\":\"https:\\\/\\\/secure.gravatar.com\\\/avatar\\\/b4327cfa27e9799da239a26adcd534fc29cdc0c4a4a148eecbcfeb9b42c617ac?s=96&d=mm&r=g\",\"caption\":\"Pe. Andr\u00e9\"},\"sameAs\":[\"https:\\\/\\\/www.ecclesia.org.br\"]}]}<\/script>\n<!-- \/ Yoast SEO plugin. -->","yoast_head_json":{"title":"L\u00edderes mundiais recebem apoio das igrejas para o desarmamento nuclear | ECCLESIA NEWS","robots":{"index":"index","follow":"follow","max-snippet":"max-snippet:-1","max-image-preview":"max-image-preview:large","max-video-preview":"max-video-preview:-1"},"canonical":"https:\/\/news.ecclesia.org.br\/?p=2778","og_locale":"pt_BR","og_type":"article","og_title":"L\u00edderes mundiais recebem apoio das igrejas para o desarmamento nuclear | ECCLESIA NEWS","og_description":"Genebra, Su\u00ed\u00e7a, 03 de novembro de 2009 (Ortodoxia.org | CMI) \u00abEste \u00e9 o momento de prosseguir com a tend\u00eancia para o desarmamento nuclear\u00bb, afirmaram quatro organiza\u00e7\u00f5es ecum\u00eanicas mundiais, regionais e nacionais aos dirigentes da OTAN &#8211; Organiza\u00e7\u00e3o do Tratado do&#8230;","og_url":"https:\/\/news.ecclesia.org.br\/?p=2778","og_site_name":"ECCLESIA NEWS","article_publisher":"https:\/\/www.facebook.com\/Ecclesia2025","article_published_time":"2009-11-03T03:35:55+00:00","article_modified_time":"2021-07-22T21:09:49+00:00","og_image":[{"url":"https:\/\/news.ecclesia.org.br\/wp-content\/uploads\/2009\/11\/onu_1-300x205.jpg","type":"","width":"","height":""}],"author":"Pe. Andr\u00e9","twitter_card":"summary_large_image","twitter_creator":"@EcclesiaNews","twitter_site":"@EcclesiaNews","twitter_misc":{"Escrito por":"Pe. Andr\u00e9","Est. tempo de leitura":"2 minutos"},"schema":{"@context":"https:\/\/schema.org","@graph":[{"@type":"Article","@id":"https:\/\/news.ecclesia.org.br\/?p=2778#article","isPartOf":{"@id":"https:\/\/news.ecclesia.org.br\/?p=2778"},"author":{"name":"Pe. Andr\u00e9","@id":"https:\/\/news.ecclesia.org.br\/#\/schema\/person\/6f09597f025829745ba414a569f63758"},"headline":"L\u00edderes mundiais recebem apoio das igrejas para o desarmamento nuclear","datePublished":"2009-11-03T03:35:55+00:00","dateModified":"2021-07-22T21:09:49+00:00","mainEntityOfPage":{"@id":"https:\/\/news.ecclesia.org.br\/?p=2778"},"wordCount":370,"commentCount":0,"publisher":{"@id":"https:\/\/news.ecclesia.org.br\/#organization"},"image":{"@id":"https:\/\/news.ecclesia.org.br\/?p=2778#primaryimage"},"thumbnailUrl":"https:\/\/news.ecclesia.org.br\/wp-content\/uploads\/2009\/11\/onu_1-300x205.jpg","articleSection":["NEWS"],"inLanguage":"pt-BR","potentialAction":[{"@type":"CommentAction","name":"Comment","target":["https:\/\/news.ecclesia.org.br\/?p=2778#respond"]}]},{"@type":"WebPage","@id":"https:\/\/news.ecclesia.org.br\/?p=2778","url":"https:\/\/news.ecclesia.org.br\/?p=2778","name":"L\u00edderes mundiais recebem apoio das igrejas para o desarmamento nuclear | ECCLESIA NEWS","isPartOf":{"@id":"https:\/\/news.ecclesia.org.br\/#website"},"primaryImageOfPage":{"@id":"https:\/\/news.ecclesia.org.br\/?p=2778#primaryimage"},"image":{"@id":"https:\/\/news.ecclesia.org.br\/?p=2778#primaryimage"},"thumbnailUrl":"https:\/\/news.ecclesia.org.br\/wp-content\/uploads\/2009\/11\/onu_1-300x205.jpg","datePublished":"2009-11-03T03:35:55+00:00","dateModified":"2021-07-22T21:09:49+00:00","breadcrumb":{"@id":"https:\/\/news.ecclesia.org.br\/?p=2778#breadcrumb"},"inLanguage":"pt-BR","potentialAction":[{"@type":"ReadAction","target":["https:\/\/news.ecclesia.org.br\/?p=2778"]}]},{"@type":"ImageObject","inLanguage":"pt-BR","@id":"https:\/\/news.ecclesia.org.br\/?p=2778#primaryimage","url":"https:\/\/news.ecclesia.org.br\/wp-content\/uploads\/2009\/11\/onu_1.jpg","contentUrl":"https:\/\/news.ecclesia.org.br\/wp-content\/uploads\/2009\/11\/onu_1.jpg","width":440,"height":300},{"@type":"BreadcrumbList","@id":"https:\/\/news.ecclesia.org.br\/?p=2778#breadcrumb","itemListElement":[{"@type":"ListItem","position":1,"name":"In\u00edcio","item":"https:\/\/news.ecclesia.org.br\/"},{"@type":"ListItem","position":2,"name":"L\u00edderes mundiais recebem apoio das igrejas para o desarmamento nuclear"}]},{"@type":"WebSite","@id":"https:\/\/news.ecclesia.org.br\/#website","url":"https:\/\/news.ecclesia.org.br\/","name":"Ecclesia Brasil","description":"Desde 2003 onectando o Brasil ao mundo ortodoxo!","publisher":{"@id":"https:\/\/news.ecclesia.org.br\/#organization"},"alternateName":"Ecclesia","potentialAction":[{"@type":"SearchAction","target":{"@type":"EntryPoint","urlTemplate":"https:\/\/news.ecclesia.org.br\/?s={search_term_string}"},"query-input":{"@type":"PropertyValueSpecification","valueRequired":true,"valueName":"search_term_string"}}],"inLanguage":"pt-BR"},{"@type":"Organization","@id":"https:\/\/news.ecclesia.org.br\/#organization","name":"Sacra Arquidiocese de Buenos Aires e Am\u00e9rica do Sul | Patriarcado Ecum\u00eanico","alternateName":"News Ecclesia Brasil","url":"https:\/\/news.ecclesia.org.br\/","logo":{"@type":"ImageObject","inLanguage":"pt-BR","@id":"https:\/\/news.ecclesia.org.br\/#\/schema\/logo\/image\/","url":"https:\/\/news.ecclesia.org.br\/wp-content\/uploads\/2025\/05\/ecclesia2.png","contentUrl":"https:\/\/news.ecclesia.org.br\/wp-content\/uploads\/2025\/05\/ecclesia2.png","width":480,"height":120,"caption":"Sacra Arquidiocese de Buenos Aires e Am\u00e9rica do Sul | Patriarcado Ecum\u00eanico"},"image":{"@id":"https:\/\/news.ecclesia.org.br\/#\/schema\/logo\/image\/"},"sameAs":["https:\/\/www.facebook.com\/Ecclesia2025","https:\/\/x.com\/EcclesiaNews","https:\/\/br.pinterest.com\/ekklisia\/","https:\/\/www.youtube.com\/@EcclesiaBrasil"]},{"@type":"Person","@id":"https:\/\/news.ecclesia.org.br\/#\/schema\/person\/6f09597f025829745ba414a569f63758","name":"Pe. Andr\u00e9","image":{"@type":"ImageObject","inLanguage":"pt-BR","@id":"https:\/\/secure.gravatar.com\/avatar\/b4327cfa27e9799da239a26adcd534fc29cdc0c4a4a148eecbcfeb9b42c617ac?s=96&d=mm&r=g","url":"https:\/\/secure.gravatar.com\/avatar\/b4327cfa27e9799da239a26adcd534fc29cdc0c4a4a148eecbcfeb9b42c617ac?s=96&d=mm&r=g","contentUrl":"https:\/\/secure.gravatar.com\/avatar\/b4327cfa27e9799da239a26adcd534fc29cdc0c4a4a148eecbcfeb9b42c617ac?s=96&d=mm&r=g","caption":"Pe. Andr\u00e9"},"sameAs":["https:\/\/www.ecclesia.org.br"]}]}},"_links":{"self":[{"href":"https:\/\/news.ecclesia.org.br\/index.php?rest_route=\/wp\/v2\/posts\/2778","targetHints":{"allow":["GET"]}}],"collection":[{"href":"https:\/\/news.ecclesia.org.br\/index.php?rest_route=\/wp\/v2\/posts"}],"about":[{"href":"https:\/\/news.ecclesia.org.br\/index.php?rest_route=\/wp\/v2\/types\/post"}],"author":[{"embeddable":true,"href":"https:\/\/news.ecclesia.org.br\/index.php?rest_route=\/wp\/v2\/users\/1"}],"replies":[{"embeddable":true,"href":"https:\/\/news.ecclesia.org.br\/index.php?rest_route=%2Fwp%2Fv2%2Fcomments&post=2778"}],"version-history":[{"count":1,"href":"https:\/\/news.ecclesia.org.br\/index.php?rest_route=\/wp\/v2\/posts\/2778\/revisions"}],"predecessor-version":[{"id":38372,"href":"https:\/\/news.ecclesia.org.br\/index.php?rest_route=\/wp\/v2\/posts\/2778\/revisions\/38372"}],"wp:attachment":[{"href":"https:\/\/news.ecclesia.org.br\/index.php?rest_route=%2Fwp%2Fv2%2Fmedia&parent=2778"}],"wp:term":[{"taxonomy":"category","embeddable":true,"href":"https:\/\/news.ecclesia.org.br\/index.php?rest_route=%2Fwp%2Fv2%2Fcategories&post=2778"},{"taxonomy":"post_tag","embeddable":true,"href":"https:\/\/news.ecclesia.org.br\/index.php?rest_route=%2Fwp%2Fv2%2Ftags&post=2778"}],"curies":[{"name":"wp","href":"https:\/\/api.w.org\/{rel}","templated":true}]}}