{"id":27720,"date":"2020-03-20T14:50:31","date_gmt":"2020-03-20T14:50:31","guid":{"rendered":"https:\/\/news.ecclesia.org.br\/?p=27720"},"modified":"2020-06-13T13:10:26","modified_gmt":"2020-06-13T13:10:26","slug":"covid-19-corona-virus-isolamento-sanitario-preventivo-e-obrigatorio-na-republica-argentina","status":"publish","type":"post","link":"https:\/\/news.ecclesia.org.br\/?p=27720","title":{"rendered":"COVID \u2013 19 (Corona Virus). Isolamento Sanit\u00e1rio Preventivo e obrigat\u00f3rio na Rep\u00fablica Argentina"},"content":{"rendered":"\n<p>A todos os cl\u00e9rigos e leigos de nossa Sacra Arquidiocese de Buenos Aires e Am\u00e9rica do Sul: que a Gra\u00e7a, a Miseric\u00f3rdia e a Prote\u00e7\u00e3o do Alto estejam com todos voc\u00eas.<\/p>\n\n\n\n<p>Pela presente atualiza\u00e7\u00e3o da enc\u00edclica Prot. No. 29bA-2020 datada do dia 18\/3\/2020, comunicamos que, em virtude do DNU presidencial que<br>decreta o isolamento sanit\u00e1rio, preventivo e obrigat\u00f3rio a partir das 00h00 do dia 20 de mar\u00e7o estendendo-se at\u00e9 00h00 do dia 31 deste m\u00eas no territ\u00f3rio da Rep\u00fablica Argentina:<\/p>\n\n\n\n<ul class=\"wp-block-list\"><li><strong>Decretamos o fechamento completo dos templos na Rep\u00fablica Argentina e o cancelamento de qualquer atividade relacionada aos mesmos, incluindo os de natureza privada;<\/strong><\/li><li><strong>Ordenamos o fechamento dos escrit\u00f3rios arquidiocesanos;<\/strong><\/li><li><strong>Exortamos aos sacerdotes e aos fi\u00e9is a que permane\u00e7am em seus lugares, realizem os of\u00edcios pertinentes a este per\u00edodo quaresmal<br>privadamente e cumpram rigorosamente o que determina o mandato sanit\u00e1rio do DNU presidencial durante todo o tempo por ele determinado.<\/strong><\/li><\/ul>\n\n\n\n<p class=\"has-normal-font-size\">Ante qualquer eventual urg\u00eancia de naturaleza mist\u00e9rico-sacramental, os reitores paroquiais devem comunicar-se diretamente com o Arcebispo Metropolitano para dirimir, de forma diligente e em conson\u00e2ncia com as determina\u00e7\u00f5es legais, a fim de encontrar a melhor e mais adequada solu\u00e7\u00e3o.<\/p>\n\n\n\n<p class=\"has-medium-font-size\">Aos demais pa\u00edses de nossa jurisdi\u00e7\u00e3o: devem seguir cumprindo \u2013 neste momento e at\u00e9 novo aviso \u2013 as determina\u00e7\u00f5es expressas na enc\u00edclica anterior (Prot. No. 29bA 2020). Mesmo estando fechados os escrit\u00f3rios de nossa Arquidiocese, os sacerdotes, os fi\u00e9is e o p\u00fablico em geral, poder\u00e3o comunicar-se por e-mail ou por telefone com a Secret\u00e1ria Executiva, Sra. Mari\u00e1ngeles Coudakis, e com os Rev.dos Arciprestes Dem\u00e9trio Mygdalis e Juan Argyris para qualquer demanda administrativa que porventura surja neste per\u00edodo.<\/p>\n\n\n\n<p>Leia a \u00edntegra na enc\u00edclica clicando no documento abaixo:<\/p>\n\n\n\n<div class=\"wp-block-file\"><a href=\"https:\/\/news.ecclesia.org.br\/wp-content\/uploads\/2020\/03\/29c-2020-enciclica-administrativa-COVID-19.pdf\">29c-2020-enciclica-administrativa-COVID-19<\/a><a href=\"https:\/\/news.ecclesia.org.br\/wp-content\/uploads\/2020\/03\/29c-2020-enciclica-administrativa-COVID-19.pdf\" class=\"wp-block-file__button\" download>Baixar<\/a><\/div>\n","protected":false},"excerpt":{"rendered":"<p>A todos os cl\u00e9rigos e leigos de nossa Sacra Arquidiocese de Buenos Aires e Am\u00e9rica do Sul: que a Gra\u00e7a, a Miseric\u00f3rdia e a Prote\u00e7\u00e3o do Alto estejam com todos voc\u00eas. Pela presente atualiza\u00e7\u00e3o da enc\u00edclica Prot. No. 29bA-2020 datada&#8230;<\/p>\n","protected":false},"author":1,"featured_media":27721,"comment_status":"open","ping_status":"open","sticky":false,"template":"","format":"standard","meta":{"_acf_changed":false,"footnotes":""},"categories":[40],"tags":[],"class_list":["post-27720","post","type-post","status-publish","format-standard","has-post-thumbnail","hentry","category-arquidiocese-de-buenos-aires-e-america-do-sul","entry","rows-excerpt"],"acf":[],"yoast_head":"<!-- This site is optimized with the Yoast SEO plugin v27.4 - https:\/\/yoast.com\/product\/yoast-seo-wordpress\/ -->\n<title>COVID \u2013 19 (Corona Virus). Isolamento Sanit\u00e1rio Preventivo e obrigat\u00f3rio na Rep\u00fablica Argentina | ECCLESIA NEWS<\/title>\n<meta name=\"robots\" content=\"index, follow, max-snippet:-1, max-image-preview:large, max-video-preview:-1\" \/>\n<link rel=\"canonical\" href=\"https:\/\/news.ecclesia.org.br\/?p=27720\" \/>\n<meta property=\"og:locale\" content=\"pt_BR\" \/>\n<meta property=\"og:type\" content=\"article\" \/>\n<meta property=\"og:title\" content=\"COVID \u2013 19 (Corona Virus). Isolamento Sanit\u00e1rio Preventivo e obrigat\u00f3rio na Rep\u00fablica Argentina | ECCLESIA NEWS\" \/>\n<meta property=\"og:description\" content=\"A todos os cl\u00e9rigos e leigos de nossa Sacra Arquidiocese de Buenos Aires e Am\u00e9rica do Sul: que a Gra\u00e7a, a Miseric\u00f3rdia e a Prote\u00e7\u00e3o do Alto estejam com todos voc\u00eas. Pela presente atualiza\u00e7\u00e3o da enc\u00edclica Prot. No. 29bA-2020 datada&#8230;\" \/>\n<meta property=\"og:url\" content=\"https:\/\/news.ecclesia.org.br\/?p=27720\" \/>\n<meta property=\"og:site_name\" content=\"ECCLESIA NEWS\" \/>\n<meta property=\"article:publisher\" content=\"https:\/\/www.facebook.com\/Ecclesia2025\" \/>\n<meta property=\"article:published_time\" content=\"2020-03-20T14:50:31+00:00\" \/>\n<meta property=\"article:modified_time\" content=\"2020-06-13T13:10:26+00:00\" \/>\n<meta property=\"og:image\" content=\"https:\/\/news.ecclesia.org.br\/wp-content\/uploads\/2020\/03\/coronavirus.jpg\" \/>\n\t<meta property=\"og:image:width\" content=\"1024\" \/>\n\t<meta property=\"og:image:height\" content=\"512\" \/>\n\t<meta property=\"og:image:type\" content=\"image\/jpeg\" \/>\n<meta name=\"author\" content=\"Pe. Andr\u00e9\" \/>\n<meta name=\"twitter:card\" content=\"summary_large_image\" \/>\n<meta name=\"twitter:creator\" content=\"@EcclesiaNews\" \/>\n<meta name=\"twitter:site\" content=\"@EcclesiaNews\" \/>\n<meta name=\"twitter:label1\" content=\"Escrito por\" \/>\n\t<meta name=\"twitter:data1\" content=\"Pe. Andr\u00e9\" \/>\n\t<meta name=\"twitter:label2\" content=\"Est. tempo de leitura\" \/>\n\t<meta name=\"twitter:data2\" content=\"2 minutos\" \/>\n<script type=\"application\/ld+json\" class=\"yoast-schema-graph\">{\"@context\":\"https:\\\/\\\/schema.org\",\"@graph\":[{\"@type\":\"Article\",\"@id\":\"https:\\\/\\\/news.ecclesia.org.br\\\/?p=27720#article\",\"isPartOf\":{\"@id\":\"https:\\\/\\\/news.ecclesia.org.br\\\/?p=27720\"},\"author\":{\"name\":\"Pe. Andr\u00e9\",\"@id\":\"https:\\\/\\\/news.ecclesia.org.br\\\/#\\\/schema\\\/person\\\/6f09597f025829745ba414a569f63758\"},\"headline\":\"COVID \u2013 19 (Corona Virus). Isolamento Sanit\u00e1rio Preventivo e obrigat\u00f3rio na Rep\u00fablica Argentina\",\"datePublished\":\"2020-03-20T14:50:31+00:00\",\"dateModified\":\"2020-06-13T13:10:26+00:00\",\"mainEntityOfPage\":{\"@id\":\"https:\\\/\\\/news.ecclesia.org.br\\\/?p=27720\"},\"wordCount\":323,\"commentCount\":0,\"publisher\":{\"@id\":\"https:\\\/\\\/news.ecclesia.org.br\\\/#organization\"},\"image\":{\"@id\":\"https:\\\/\\\/news.ecclesia.org.br\\\/?p=27720#primaryimage\"},\"thumbnailUrl\":\"https:\\\/\\\/news.ecclesia.org.br\\\/wp-content\\\/uploads\\\/2020\\\/03\\\/coronavirus.jpg\",\"articleSection\":[\"Arquidiocese de Buenos Aires e Am\u00e9rica do Sul\"],\"inLanguage\":\"pt-BR\",\"potentialAction\":[{\"@type\":\"CommentAction\",\"name\":\"Comment\",\"target\":[\"https:\\\/\\\/news.ecclesia.org.br\\\/?p=27720#respond\"]}]},{\"@type\":\"WebPage\",\"@id\":\"https:\\\/\\\/news.ecclesia.org.br\\\/?p=27720\",\"url\":\"https:\\\/\\\/news.ecclesia.org.br\\\/?p=27720\",\"name\":\"COVID \u2013 19 (Corona Virus). Isolamento Sanit\u00e1rio Preventivo e obrigat\u00f3rio na Rep\u00fablica Argentina | ECCLESIA NEWS\",\"isPartOf\":{\"@id\":\"https:\\\/\\\/news.ecclesia.org.br\\\/#website\"},\"primaryImageOfPage\":{\"@id\":\"https:\\\/\\\/news.ecclesia.org.br\\\/?p=27720#primaryimage\"},\"image\":{\"@id\":\"https:\\\/\\\/news.ecclesia.org.br\\\/?p=27720#primaryimage\"},\"thumbnailUrl\":\"https:\\\/\\\/news.ecclesia.org.br\\\/wp-content\\\/uploads\\\/2020\\\/03\\\/coronavirus.jpg\",\"datePublished\":\"2020-03-20T14:50:31+00:00\",\"dateModified\":\"2020-06-13T13:10:26+00:00\",\"breadcrumb\":{\"@id\":\"https:\\\/\\\/news.ecclesia.org.br\\\/?p=27720#breadcrumb\"},\"inLanguage\":\"pt-BR\",\"potentialAction\":[{\"@type\":\"ReadAction\",\"target\":[\"https:\\\/\\\/news.ecclesia.org.br\\\/?p=27720\"]}]},{\"@type\":\"ImageObject\",\"inLanguage\":\"pt-BR\",\"@id\":\"https:\\\/\\\/news.ecclesia.org.br\\\/?p=27720#primaryimage\",\"url\":\"https:\\\/\\\/news.ecclesia.org.br\\\/wp-content\\\/uploads\\\/2020\\\/03\\\/coronavirus.jpg\",\"contentUrl\":\"https:\\\/\\\/news.ecclesia.org.br\\\/wp-content\\\/uploads\\\/2020\\\/03\\\/coronavirus.jpg\",\"width\":1024,\"height\":512},{\"@type\":\"BreadcrumbList\",\"@id\":\"https:\\\/\\\/news.ecclesia.org.br\\\/?p=27720#breadcrumb\",\"itemListElement\":[{\"@type\":\"ListItem\",\"position\":1,\"name\":\"In\u00edcio\",\"item\":\"https:\\\/\\\/news.ecclesia.org.br\\\/\"},{\"@type\":\"ListItem\",\"position\":2,\"name\":\"COVID \u2013 19 (Corona Virus). Isolamento Sanit\u00e1rio Preventivo e obrigat\u00f3rio na Rep\u00fablica Argentina\"}]},{\"@type\":\"WebSite\",\"@id\":\"https:\\\/\\\/news.ecclesia.org.br\\\/#website\",\"url\":\"https:\\\/\\\/news.ecclesia.org.br\\\/\",\"name\":\"Ecclesia Brasil\",\"description\":\"Desde 2003 onectando o Brasil ao mundo ortodoxo!\",\"publisher\":{\"@id\":\"https:\\\/\\\/news.ecclesia.org.br\\\/#organization\"},\"alternateName\":\"Ecclesia\",\"potentialAction\":[{\"@type\":\"SearchAction\",\"target\":{\"@type\":\"EntryPoint\",\"urlTemplate\":\"https:\\\/\\\/news.ecclesia.org.br\\\/?s={search_term_string}\"},\"query-input\":{\"@type\":\"PropertyValueSpecification\",\"valueRequired\":true,\"valueName\":\"search_term_string\"}}],\"inLanguage\":\"pt-BR\"},{\"@type\":\"Organization\",\"@id\":\"https:\\\/\\\/news.ecclesia.org.br\\\/#organization\",\"name\":\"Sacra Arquidiocese de Buenos Aires e Am\u00e9rica do Sul | Patriarcado Ecum\u00eanico\",\"alternateName\":\"News Ecclesia Brasil\",\"url\":\"https:\\\/\\\/news.ecclesia.org.br\\\/\",\"logo\":{\"@type\":\"ImageObject\",\"inLanguage\":\"pt-BR\",\"@id\":\"https:\\\/\\\/news.ecclesia.org.br\\\/#\\\/schema\\\/logo\\\/image\\\/\",\"url\":\"https:\\\/\\\/news.ecclesia.org.br\\\/wp-content\\\/uploads\\\/2025\\\/05\\\/ecclesia2.png\",\"contentUrl\":\"https:\\\/\\\/news.ecclesia.org.br\\\/wp-content\\\/uploads\\\/2025\\\/05\\\/ecclesia2.png\",\"width\":480,\"height\":120,\"caption\":\"Sacra Arquidiocese de Buenos Aires e Am\u00e9rica do Sul | Patriarcado Ecum\u00eanico\"},\"image\":{\"@id\":\"https:\\\/\\\/news.ecclesia.org.br\\\/#\\\/schema\\\/logo\\\/image\\\/\"},\"sameAs\":[\"https:\\\/\\\/www.facebook.com\\\/Ecclesia2025\",\"https:\\\/\\\/x.com\\\/EcclesiaNews\",\"https:\\\/\\\/br.pinterest.com\\\/ekklisia\\\/\",\"https:\\\/\\\/www.youtube.com\\\/@EcclesiaBrasil\"]},{\"@type\":\"Person\",\"@id\":\"https:\\\/\\\/news.ecclesia.org.br\\\/#\\\/schema\\\/person\\\/6f09597f025829745ba414a569f63758\",\"name\":\"Pe. Andr\u00e9\",\"image\":{\"@type\":\"ImageObject\",\"inLanguage\":\"pt-BR\",\"@id\":\"https:\\\/\\\/secure.gravatar.com\\\/avatar\\\/b4327cfa27e9799da239a26adcd534fc29cdc0c4a4a148eecbcfeb9b42c617ac?s=96&d=mm&r=g\",\"url\":\"https:\\\/\\\/secure.gravatar.com\\\/avatar\\\/b4327cfa27e9799da239a26adcd534fc29cdc0c4a4a148eecbcfeb9b42c617ac?s=96&d=mm&r=g\",\"contentUrl\":\"https:\\\/\\\/secure.gravatar.com\\\/avatar\\\/b4327cfa27e9799da239a26adcd534fc29cdc0c4a4a148eecbcfeb9b42c617ac?s=96&d=mm&r=g\",\"caption\":\"Pe. Andr\u00e9\"},\"sameAs\":[\"https:\\\/\\\/www.ecclesia.org.br\"]}]}<\/script>\n<!-- \/ Yoast SEO plugin. -->","yoast_head_json":{"title":"COVID \u2013 19 (Corona Virus). Isolamento Sanit\u00e1rio Preventivo e obrigat\u00f3rio na Rep\u00fablica Argentina | ECCLESIA NEWS","robots":{"index":"index","follow":"follow","max-snippet":"max-snippet:-1","max-image-preview":"max-image-preview:large","max-video-preview":"max-video-preview:-1"},"canonical":"https:\/\/news.ecclesia.org.br\/?p=27720","og_locale":"pt_BR","og_type":"article","og_title":"COVID \u2013 19 (Corona Virus). Isolamento Sanit\u00e1rio Preventivo e obrigat\u00f3rio na Rep\u00fablica Argentina | ECCLESIA NEWS","og_description":"A todos os cl\u00e9rigos e leigos de nossa Sacra Arquidiocese de Buenos Aires e Am\u00e9rica do Sul: que a Gra\u00e7a, a Miseric\u00f3rdia e a Prote\u00e7\u00e3o do Alto estejam com todos voc\u00eas. Pela presente atualiza\u00e7\u00e3o da enc\u00edclica Prot. No. 29bA-2020 datada&#8230;","og_url":"https:\/\/news.ecclesia.org.br\/?p=27720","og_site_name":"ECCLESIA NEWS","article_publisher":"https:\/\/www.facebook.com\/Ecclesia2025","article_published_time":"2020-03-20T14:50:31+00:00","article_modified_time":"2020-06-13T13:10:26+00:00","og_image":[{"width":1024,"height":512,"url":"https:\/\/news.ecclesia.org.br\/wp-content\/uploads\/2020\/03\/coronavirus.jpg","type":"image\/jpeg"}],"author":"Pe. Andr\u00e9","twitter_card":"summary_large_image","twitter_creator":"@EcclesiaNews","twitter_site":"@EcclesiaNews","twitter_misc":{"Escrito por":"Pe. Andr\u00e9","Est. tempo de leitura":"2 minutos"},"schema":{"@context":"https:\/\/schema.org","@graph":[{"@type":"Article","@id":"https:\/\/news.ecclesia.org.br\/?p=27720#article","isPartOf":{"@id":"https:\/\/news.ecclesia.org.br\/?p=27720"},"author":{"name":"Pe. Andr\u00e9","@id":"https:\/\/news.ecclesia.org.br\/#\/schema\/person\/6f09597f025829745ba414a569f63758"},"headline":"COVID \u2013 19 (Corona Virus). Isolamento Sanit\u00e1rio Preventivo e obrigat\u00f3rio na Rep\u00fablica Argentina","datePublished":"2020-03-20T14:50:31+00:00","dateModified":"2020-06-13T13:10:26+00:00","mainEntityOfPage":{"@id":"https:\/\/news.ecclesia.org.br\/?p=27720"},"wordCount":323,"commentCount":0,"publisher":{"@id":"https:\/\/news.ecclesia.org.br\/#organization"},"image":{"@id":"https:\/\/news.ecclesia.org.br\/?p=27720#primaryimage"},"thumbnailUrl":"https:\/\/news.ecclesia.org.br\/wp-content\/uploads\/2020\/03\/coronavirus.jpg","articleSection":["Arquidiocese de Buenos Aires e Am\u00e9rica do Sul"],"inLanguage":"pt-BR","potentialAction":[{"@type":"CommentAction","name":"Comment","target":["https:\/\/news.ecclesia.org.br\/?p=27720#respond"]}]},{"@type":"WebPage","@id":"https:\/\/news.ecclesia.org.br\/?p=27720","url":"https:\/\/news.ecclesia.org.br\/?p=27720","name":"COVID \u2013 19 (Corona Virus). Isolamento Sanit\u00e1rio Preventivo e obrigat\u00f3rio na Rep\u00fablica Argentina | ECCLESIA NEWS","isPartOf":{"@id":"https:\/\/news.ecclesia.org.br\/#website"},"primaryImageOfPage":{"@id":"https:\/\/news.ecclesia.org.br\/?p=27720#primaryimage"},"image":{"@id":"https:\/\/news.ecclesia.org.br\/?p=27720#primaryimage"},"thumbnailUrl":"https:\/\/news.ecclesia.org.br\/wp-content\/uploads\/2020\/03\/coronavirus.jpg","datePublished":"2020-03-20T14:50:31+00:00","dateModified":"2020-06-13T13:10:26+00:00","breadcrumb":{"@id":"https:\/\/news.ecclesia.org.br\/?p=27720#breadcrumb"},"inLanguage":"pt-BR","potentialAction":[{"@type":"ReadAction","target":["https:\/\/news.ecclesia.org.br\/?p=27720"]}]},{"@type":"ImageObject","inLanguage":"pt-BR","@id":"https:\/\/news.ecclesia.org.br\/?p=27720#primaryimage","url":"https:\/\/news.ecclesia.org.br\/wp-content\/uploads\/2020\/03\/coronavirus.jpg","contentUrl":"https:\/\/news.ecclesia.org.br\/wp-content\/uploads\/2020\/03\/coronavirus.jpg","width":1024,"height":512},{"@type":"BreadcrumbList","@id":"https:\/\/news.ecclesia.org.br\/?p=27720#breadcrumb","itemListElement":[{"@type":"ListItem","position":1,"name":"In\u00edcio","item":"https:\/\/news.ecclesia.org.br\/"},{"@type":"ListItem","position":2,"name":"COVID \u2013 19 (Corona Virus). Isolamento Sanit\u00e1rio Preventivo e obrigat\u00f3rio na Rep\u00fablica Argentina"}]},{"@type":"WebSite","@id":"https:\/\/news.ecclesia.org.br\/#website","url":"https:\/\/news.ecclesia.org.br\/","name":"Ecclesia Brasil","description":"Desde 2003 onectando o Brasil ao mundo ortodoxo!","publisher":{"@id":"https:\/\/news.ecclesia.org.br\/#organization"},"alternateName":"Ecclesia","potentialAction":[{"@type":"SearchAction","target":{"@type":"EntryPoint","urlTemplate":"https:\/\/news.ecclesia.org.br\/?s={search_term_string}"},"query-input":{"@type":"PropertyValueSpecification","valueRequired":true,"valueName":"search_term_string"}}],"inLanguage":"pt-BR"},{"@type":"Organization","@id":"https:\/\/news.ecclesia.org.br\/#organization","name":"Sacra Arquidiocese de Buenos Aires e Am\u00e9rica do Sul | Patriarcado Ecum\u00eanico","alternateName":"News Ecclesia Brasil","url":"https:\/\/news.ecclesia.org.br\/","logo":{"@type":"ImageObject","inLanguage":"pt-BR","@id":"https:\/\/news.ecclesia.org.br\/#\/schema\/logo\/image\/","url":"https:\/\/news.ecclesia.org.br\/wp-content\/uploads\/2025\/05\/ecclesia2.png","contentUrl":"https:\/\/news.ecclesia.org.br\/wp-content\/uploads\/2025\/05\/ecclesia2.png","width":480,"height":120,"caption":"Sacra Arquidiocese de Buenos Aires e Am\u00e9rica do Sul | Patriarcado Ecum\u00eanico"},"image":{"@id":"https:\/\/news.ecclesia.org.br\/#\/schema\/logo\/image\/"},"sameAs":["https:\/\/www.facebook.com\/Ecclesia2025","https:\/\/x.com\/EcclesiaNews","https:\/\/br.pinterest.com\/ekklisia\/","https:\/\/www.youtube.com\/@EcclesiaBrasil"]},{"@type":"Person","@id":"https:\/\/news.ecclesia.org.br\/#\/schema\/person\/6f09597f025829745ba414a569f63758","name":"Pe. Andr\u00e9","image":{"@type":"ImageObject","inLanguage":"pt-BR","@id":"https:\/\/secure.gravatar.com\/avatar\/b4327cfa27e9799da239a26adcd534fc29cdc0c4a4a148eecbcfeb9b42c617ac?s=96&d=mm&r=g","url":"https:\/\/secure.gravatar.com\/avatar\/b4327cfa27e9799da239a26adcd534fc29cdc0c4a4a148eecbcfeb9b42c617ac?s=96&d=mm&r=g","contentUrl":"https:\/\/secure.gravatar.com\/avatar\/b4327cfa27e9799da239a26adcd534fc29cdc0c4a4a148eecbcfeb9b42c617ac?s=96&d=mm&r=g","caption":"Pe. Andr\u00e9"},"sameAs":["https:\/\/www.ecclesia.org.br"]}]}},"_links":{"self":[{"href":"https:\/\/news.ecclesia.org.br\/index.php?rest_route=\/wp\/v2\/posts\/27720","targetHints":{"allow":["GET"]}}],"collection":[{"href":"https:\/\/news.ecclesia.org.br\/index.php?rest_route=\/wp\/v2\/posts"}],"about":[{"href":"https:\/\/news.ecclesia.org.br\/index.php?rest_route=\/wp\/v2\/types\/post"}],"author":[{"embeddable":true,"href":"https:\/\/news.ecclesia.org.br\/index.php?rest_route=\/wp\/v2\/users\/1"}],"replies":[{"embeddable":true,"href":"https:\/\/news.ecclesia.org.br\/index.php?rest_route=%2Fwp%2Fv2%2Fcomments&post=27720"}],"version-history":[{"count":0,"href":"https:\/\/news.ecclesia.org.br\/index.php?rest_route=\/wp\/v2\/posts\/27720\/revisions"}],"wp:featuredmedia":[{"embeddable":true,"href":"https:\/\/news.ecclesia.org.br\/index.php?rest_route=\/wp\/v2\/media\/27721"}],"wp:attachment":[{"href":"https:\/\/news.ecclesia.org.br\/index.php?rest_route=%2Fwp%2Fv2%2Fmedia&parent=27720"}],"wp:term":[{"taxonomy":"category","embeddable":true,"href":"https:\/\/news.ecclesia.org.br\/index.php?rest_route=%2Fwp%2Fv2%2Fcategories&post=27720"},{"taxonomy":"post_tag","embeddable":true,"href":"https:\/\/news.ecclesia.org.br\/index.php?rest_route=%2Fwp%2Fv2%2Ftags&post=27720"}],"curies":[{"name":"wp","href":"https:\/\/api.w.org\/{rel}","templated":true}]}}