{"id":27633,"date":"2020-03-05T16:33:17","date_gmt":"2020-03-05T16:33:17","guid":{"rendered":"https:\/\/news.ecclesia.org.br\/?p=27633"},"modified":"2020-03-05T16:35:28","modified_gmt":"2020-03-05T16:35:28","slug":"papa-francisco-de-roma-doa-reliquias-dos-santos-clemente-e-potito-a-patriarca-ortodoxo-neofit-da-bulgaria","status":"publish","type":"post","link":"https:\/\/news.ecclesia.org.br\/?p=27633","title":{"rendered":"Papa Francisco de Roma doa rel\u00edquias dos Santos Clemente e Potito ao Patriarca Ortodoxo Neofit da Bulg\u00e1ria"},"content":{"rendered":"\n<p><strong>O Patriarca da Igreja Ortodoxa B\u00falgara definiu o gesto de Francisco como &#8220;fraterno&#8221;. As rel\u00edquias repousar\u00e3o para venera\u00e7\u00e3o na Bas\u00edlica de Santa Sofia, na capital b\u00falgara. Neofit tamb\u00e9m recordou outras duas rel\u00edquias doadas por Pont\u00edfices Romanos \u00e0 Igreja Ortodoxa da Bulg\u00e1ria: S\u00e3o D\u00e1cio de Dorostol pelo Papa Jo\u00e3o Paulo II em 2002 e S\u00e3o Jorge M\u00e1rtir, doada por Bento XVI em 2006.<\/strong><\/p>\n\n\n\n<p>Cidade do Vaticano &#8212; Em nome do Papa Francisco, o n\u00fancio apost\u00f3lico na Bulg\u00e1ria, Dom Anselmo Guido Pecorari doou na manh\u00e3 desta quinta-feira, 27 de mar\u00e7o de 2020, ao Patriarca da Igreja Ortodoxa da Bulg\u00e1ria e Metropolita de S\u00f3fia Neofit, rel\u00edquias de S\u00e3o Clemente, Papa e m\u00e1rtir, e S\u00e3o Potito, m\u00e1rtir, dois Santos muito reverenciados pelos ortodoxos.<\/p>\n\n\n\n<div class=\"wp-block-image\"><figure class=\"alignleft\"><a href=\"https:\/\/news.ecclesia.org.br\/wp-content\/uploads\/2020\/03\/servia2.jpeg\"><img fetchpriority=\"high\" decoding=\"async\" width=\"300\" height=\"169\" src=\"https:\/\/news.ecclesia.org.br\/wp-content\/uploads\/2020\/03\/servia2-300x169.jpeg\" alt=\"\" class=\"wp-image-27635\" srcset=\"https:\/\/news.ecclesia.org.br\/wp-content\/uploads\/2020\/03\/servia2-300x169.jpeg 300w, https:\/\/news.ecclesia.org.br\/wp-content\/uploads\/2020\/03\/servia2-98x55.jpeg 98w, https:\/\/news.ecclesia.org.br\/wp-content\/uploads\/2020\/03\/servia2-600x338.jpeg 600w, https:\/\/news.ecclesia.org.br\/wp-content\/uploads\/2020\/03\/servia2.jpeg 750w\" sizes=\"(max-width: 300px) 100vw, 300px\" \/><\/a><figcaption>N\u00fancio apost\u00f3lico na Bulg\u00e1ria, Dom Anselmo Guido Pecorari ao lado do patriarca da Igreja Ortodoxa da Bulg\u00e1ria, Neofit<\/figcaption><\/figure><\/div>\n\n\n\n<p>O gesto, que ocorre ap\u00f3s a Visita Apost\u00f3lica do Santo Padre \u00e0 Bulg\u00e1ria em maio passado, teve lugar na Resid\u00eancia Patriarcal em S\u00f3fia, no \u00e2mbito de um caloroso encontro entre a delega\u00e7\u00e3o da Igreja Cat\u00f3lica presente na Bulg\u00e1ria e a delega\u00e7\u00e3o do patriarcado b\u00falgaro.<\/p>\n\n\n\n<p>Al\u00e9m do representante Pontif\u00edcio, do lado cat\u00f3lico estavam presentes Dom Christo Proykov, presidente da Confer\u00eancia Iner ritual b\u00falgara; mons. Stefan Manolov, vig\u00e1rio geral da Diocese de S\u00f3fia-Plovdiv; mons. Strahil Kavalenov, vig\u00e1rio geral da Diocese de Nicopoli; o rev. Jaroslaw Babik, OFMCap, p\u00e1roco da igreja da co-catedral de S\u00e3o Jos\u00e9 em S\u00f3fia, al\u00e9m de outros sacerdotes e leigos envolvidos na visita do Papa Francisco \u00e0 Bulg\u00e1ria.<\/p>\n\n\n\n<p>O Patriarca Neofit estava acompanhado pelo Bispo Policarpo, vig\u00e1rio do Patriarca da cidade de S\u00f3fia; pelo Rev. Vasili, secret\u00e1rio geral da Arquidiocese de S\u00f3fia; pelo Reitor da Bas\u00edlica de Santa Sofia, Rev. Angel Angelov, al\u00e9m de outros sacerdotes e di\u00e1conos da Igreja Ortodoxa da Bulg\u00e1ria. A delega\u00e7\u00e3o cat\u00f3lica foi recebida com sinos no p\u00e1tio da sede da Arquidiocese de S\u00f3fia.<\/p>\n\n\n\n<p>Depois de ter entregue as rel\u00edquias, o N\u00fancio afirmou que &#8220;hoje a rel\u00edquia de S\u00e3o Clemente Papa retorna, com a de S\u00e3o Potito, a essas terras, onde os dois Santos M\u00e1rtires viveram e testemunharam a obra mission\u00e1ria dos Santos Cirilo e Met\u00f3dio\u201d.<\/p>\n\n\n\n<h2 class=\"wp-block-heading\">Rel\u00edquias ficar\u00e3o na Bas\u00edlica de Santa Sofia<\/h2>\n\n\n\n<p>As rel\u00edquias dos Santos Clemente, Papa e M\u00e1rtir, e Potito, M\u00e1rtir, ser\u00e3o preservadas e veneradas na antiga Bas\u00edlica de Santa Sofia, cuja constru\u00e7\u00e3o remonta ao tempo em que a Igreja ainda n\u00e3o estava dividida.<\/p>\n\n\n\n<p>As celebra\u00e7\u00f5es relacionadas \u00e0s rel\u00edquias continuar\u00e3o nos dias 24 e 25 de mar\u00e7o, quando ser\u00e3o oficialmente trasladadas da Metropolia de Sofia para a Bas\u00edlica de Santa Sofia, em programa ainda a ser definido.<\/p>\n\n\n\n<h2 class=\"wp-block-heading\">Trabalhar e rezar pela unidade dos crist\u00e3os<\/h2>\n\n\n\n<p>Ao recordar a visita do Papa Francisco de Roma \u00e0 Bulg\u00e1ria, em maio passado, Dom Pecorari citou as palavras do Santo Padre, que havia enfatizado\u201d o que une a Igreja Ortodoxa da Bulg\u00e1ria \u00e0 Igreja de Roma, mesmo n\u00e3o existindo a plena comunh\u00e3o, e na diversidade de Tradi\u00e7\u00f5es. O precioso dom das rel\u00edquias \u00e9 um sinal do desejo do Papa em buscar e rezar pela unidade dos crist\u00e3os e pelo respeito m\u00fatuo que caracteriza a rela\u00e7\u00e3o entre a Santa S\u00e9 e o Patriarcado Ortodoxo da Bulg\u00e1ria.&#8221;<\/p>\n\n\n\n<h2 class=\"wp-block-heading\">Gesto fraterno<\/h2>\n\n\n\n<p>Ap\u00f3s receber o presente do Santo Padre, o Patriarca Neofit expressou sua alegria espiritual pelo presente das rel\u00edquias &#8220;como um gesto fraterno \u00e0 Igreja Ortodoxa da Bulg\u00e1ria ap\u00f3s a visita de S. S. o Papa Francisco de Roma \u00e0 Bulg\u00e1ria, em maio de 2019&#8221;.<\/p>\n\n\n\n<blockquote class=\"wp-block-quote is-layout-flow wp-block-quote-is-layout-flow\"><p style=\"text-align: justify;\">\u00c9 uma grande b\u00ean\u00e7\u00e3o para nossa Igreja Ortodoxa b\u00falgara, como cust\u00f3dia e continuadora do trabalho dos Santos Irm\u00e3os Cirilo e Met\u00f3dio e seus Santos disc\u00edpulos, receber um fragmento das rel\u00edquias sagradas do vener\u00e1vel Papa Clemente, fundador da Igreja S\u00e9rdica e seu primeiro bispo, como uma ponte espiritual entre a Igreja da Bulg\u00e1ria e a Igreja de Roma.<\/p><\/blockquote>\n\n\n\n<p>Disse Neofit em seu pronunciamento, recordando entre outros,&nbsp; a habitual peregrina\u00e7\u00e3o de membros da Igreja Ortodoxa B\u00falgara \u00e0 Bas\u00edlica de S\u00e3o Clemente em Roma todo dia 24 de maio, festa dos Ss. Cirilo e Met\u00f3dio.<\/p>\n\n\n\n<h2 class=\"wp-block-heading\">Nos passos de S. Jo\u00e3o Paulo II e Bento XVI<\/h2>\n\n\n\n<p>O Patriarca tamb\u00e9m recordou outras duas rel\u00edquias doadas por Pont\u00edfices Romanos \u00e0 Igreja Ortodoxa da Bulg\u00e1ria &#8211; S\u00e3o D\u00e1cio de Dorostol pelo Papa Jo\u00e3o Paulo II, em 2002, e S\u00e3o Jorge M\u00e1rtir, doada por Bento XVI, em 2006, reiterando que:<\/p>\n\n\n\n<blockquote class=\"wp-block-quote is-layout-flow wp-block-quote-is-layout-flow\"><p style=\"text-align: justify;\">O testemunho da f\u00e9 dos Santos e dos M\u00e1rtires de Cristo \u00e9 uma prova clara de nossas boas rela\u00e7\u00f5es, que permanecem e continuar\u00e3o a existir na paz, na compreens\u00e3o e no respeito rec\u00edproco\u201d.<\/p><\/blockquote>\n\n\n\n<h2 class=\"wp-block-heading\">Os dois Santos<\/h2>\n\n\n\n<p>Segundo uma antiga tradi\u00e7\u00e3o, S\u00e3o Clemente e S\u00e3o Potito est\u00e3o ligados \u00e0 antigo S\u00e9rdica, o nome original de S\u00f3fia, e S\u00e3o Clemente \u00e9 considerado o primeiro bispo da S\u00e9rdica. Os Santos irm\u00e3os Cirilo e Met\u00f3dio, autores do alfabeto cir\u00edlico, levaram a Roma solenemente apenas o corpo do Papa S\u00e3o Clemente. No &#8220;Grande Munus&#8221;, l\u00ea-se que: \u201c&#8230; (os dois irm\u00e3os) que partiram para Roma, levaram com eles as rel\u00edquias de S\u00e3o Clemente. Com a not\u00edcia, Adriano II, que sucedeu o falecido Nicolau, acompanhado pelo Clero e pelo povo para testemunhar uma grande honra, saiu ao encontro dos ilustres h\u00f3spedes.<\/p>\n\n\n\n<p>O corpo de S\u00e3o Clemente, glorificado por prod\u00edgios repentinos, com solene pompa foi levado para a Bas\u00edlica erguida na \u00e9poca de Constantino sobre as ru\u00ednas da casa paterna do corajoso m\u00e1rtir&#8230; &#8220;.<\/p>\n\n\n\n<p>S\u00e3o Potito era originalmente da S\u00e9rdica, tendo sido martirizado na \u00e9poca do imperador Antoninus Pius e enterrado na Ap\u00falia italiana, na atual cidade de Tricarico. Ele \u00e9 um dos 10 Santos de S\u00f3fia e seu nome est\u00e1 ligado a muitas curas milagrosas. Suas rel\u00edquias se encontram na Ap\u00falia. Ele \u00e9 considerado o primeiro m\u00e1rtir de Sofia.<\/p>\n\n\n\n<hr class=\"wp-block-separator\"\/>\n\n\n\n<p class=\"has-text-align-right has-small-font-size\">Fonte:<a href=\"http:\/\/Fonte: https:\/\/www.vaticannews.va\/pt\/papa\/news\/2020-02\/papa-reliquias-sao-clemente-sao-potito-patriarca-igreja-bulgara.html\" target=\"_blank\" rel=\"noopener noreferrer\"> Vatican News<\/a><\/p>\n","protected":false},"excerpt":{"rendered":"<p>O Patriarca da Igreja Ortodoxa B\u00falgara definiu o gesto de Francisco como &#8220;fraterno&#8221;. As rel\u00edquias repousar\u00e3o para venera\u00e7\u00e3o na Bas\u00edlica de Santa Sofia, na capital b\u00falgara. Neofit tamb\u00e9m recordou outras duas rel\u00edquias doadas por Pont\u00edfices Romanos \u00e0 Igreja Ortodoxa da&#8230;<\/p>\n","protected":false},"author":1,"featured_media":27634,"comment_status":"open","ping_status":"open","sticky":false,"template":"","format":"standard","meta":{"_acf_changed":false,"footnotes":""},"categories":[1],"tags":[],"class_list":["post-27633","post","type-post","status-publish","format-standard","has-post-thumbnail","hentry","category-news","entry","rows-excerpt"],"acf":[],"yoast_head":"<!-- This site is optimized with the Yoast SEO plugin v27.4 - https:\/\/yoast.com\/product\/yoast-seo-wordpress\/ -->\n<title>Papa Francisco de Roma doa rel\u00edquias dos Santos Clemente e Potito ao Patriarca Ortodoxo Neofit da Bulg\u00e1ria | ECCLESIA NEWS<\/title>\n<meta name=\"robots\" content=\"index, follow, max-snippet:-1, max-image-preview:large, max-video-preview:-1\" \/>\n<link rel=\"canonical\" href=\"https:\/\/news.ecclesia.org.br\/?p=27633\" \/>\n<meta property=\"og:locale\" content=\"pt_BR\" \/>\n<meta property=\"og:type\" content=\"article\" \/>\n<meta property=\"og:title\" content=\"Papa Francisco de Roma doa rel\u00edquias dos Santos Clemente e Potito ao Patriarca Ortodoxo Neofit da Bulg\u00e1ria | ECCLESIA NEWS\" \/>\n<meta property=\"og:description\" content=\"O Patriarca da Igreja Ortodoxa B\u00falgara definiu o gesto de Francisco como &#8220;fraterno&#8221;. As rel\u00edquias repousar\u00e3o para venera\u00e7\u00e3o na Bas\u00edlica de Santa Sofia, na capital b\u00falgara. Neofit tamb\u00e9m recordou outras duas rel\u00edquias doadas por Pont\u00edfices Romanos \u00e0 Igreja Ortodoxa da&#8230;\" \/>\n<meta property=\"og:url\" content=\"https:\/\/news.ecclesia.org.br\/?p=27633\" \/>\n<meta property=\"og:site_name\" content=\"ECCLESIA NEWS\" \/>\n<meta property=\"article:publisher\" content=\"https:\/\/www.facebook.com\/Ecclesia2025\" \/>\n<meta property=\"article:published_time\" content=\"2020-03-05T16:33:17+00:00\" \/>\n<meta property=\"article:modified_time\" content=\"2020-03-05T16:35:28+00:00\" \/>\n<meta property=\"og:image\" content=\"https:\/\/news.ecclesia.org.br\/wp-content\/uploads\/2020\/03\/servia1.jpeg\" \/>\n\t<meta property=\"og:image:width\" content=\"750\" \/>\n\t<meta property=\"og:image:height\" content=\"422\" \/>\n\t<meta property=\"og:image:type\" content=\"image\/jpeg\" \/>\n<meta name=\"author\" content=\"Pe. Andr\u00e9\" \/>\n<meta name=\"twitter:card\" content=\"summary_large_image\" \/>\n<meta name=\"twitter:creator\" content=\"@EcclesiaNews\" \/>\n<meta name=\"twitter:site\" content=\"@EcclesiaNews\" \/>\n<meta name=\"twitter:label1\" content=\"Escrito por\" \/>\n\t<meta name=\"twitter:data1\" content=\"Pe. Andr\u00e9\" \/>\n\t<meta name=\"twitter:label2\" content=\"Est. tempo de leitura\" \/>\n\t<meta name=\"twitter:data2\" content=\"5 minutos\" \/>\n<script type=\"application\/ld+json\" class=\"yoast-schema-graph\">{\"@context\":\"https:\\\/\\\/schema.org\",\"@graph\":[{\"@type\":\"Article\",\"@id\":\"https:\\\/\\\/news.ecclesia.org.br\\\/?p=27633#article\",\"isPartOf\":{\"@id\":\"https:\\\/\\\/news.ecclesia.org.br\\\/?p=27633\"},\"author\":{\"name\":\"Pe. Andr\u00e9\",\"@id\":\"https:\\\/\\\/news.ecclesia.org.br\\\/#\\\/schema\\\/person\\\/6f09597f025829745ba414a569f63758\"},\"headline\":\"Papa Francisco de Roma doa rel\u00edquias dos Santos Clemente e Potito ao Patriarca Ortodoxo Neofit da Bulg\u00e1ria\",\"datePublished\":\"2020-03-05T16:33:17+00:00\",\"dateModified\":\"2020-03-05T16:35:28+00:00\",\"mainEntityOfPage\":{\"@id\":\"https:\\\/\\\/news.ecclesia.org.br\\\/?p=27633\"},\"wordCount\":1085,\"commentCount\":0,\"publisher\":{\"@id\":\"https:\\\/\\\/news.ecclesia.org.br\\\/#organization\"},\"image\":{\"@id\":\"https:\\\/\\\/news.ecclesia.org.br\\\/?p=27633#primaryimage\"},\"thumbnailUrl\":\"https:\\\/\\\/news.ecclesia.org.br\\\/wp-content\\\/uploads\\\/2020\\\/03\\\/servia1.jpeg\",\"articleSection\":[\"NEWS\"],\"inLanguage\":\"pt-BR\",\"potentialAction\":[{\"@type\":\"CommentAction\",\"name\":\"Comment\",\"target\":[\"https:\\\/\\\/news.ecclesia.org.br\\\/?p=27633#respond\"]}]},{\"@type\":\"WebPage\",\"@id\":\"https:\\\/\\\/news.ecclesia.org.br\\\/?p=27633\",\"url\":\"https:\\\/\\\/news.ecclesia.org.br\\\/?p=27633\",\"name\":\"Papa Francisco de Roma doa rel\u00edquias dos Santos Clemente e Potito ao Patriarca Ortodoxo Neofit da Bulg\u00e1ria | ECCLESIA NEWS\",\"isPartOf\":{\"@id\":\"https:\\\/\\\/news.ecclesia.org.br\\\/#website\"},\"primaryImageOfPage\":{\"@id\":\"https:\\\/\\\/news.ecclesia.org.br\\\/?p=27633#primaryimage\"},\"image\":{\"@id\":\"https:\\\/\\\/news.ecclesia.org.br\\\/?p=27633#primaryimage\"},\"thumbnailUrl\":\"https:\\\/\\\/news.ecclesia.org.br\\\/wp-content\\\/uploads\\\/2020\\\/03\\\/servia1.jpeg\",\"datePublished\":\"2020-03-05T16:33:17+00:00\",\"dateModified\":\"2020-03-05T16:35:28+00:00\",\"breadcrumb\":{\"@id\":\"https:\\\/\\\/news.ecclesia.org.br\\\/?p=27633#breadcrumb\"},\"inLanguage\":\"pt-BR\",\"potentialAction\":[{\"@type\":\"ReadAction\",\"target\":[\"https:\\\/\\\/news.ecclesia.org.br\\\/?p=27633\"]}]},{\"@type\":\"ImageObject\",\"inLanguage\":\"pt-BR\",\"@id\":\"https:\\\/\\\/news.ecclesia.org.br\\\/?p=27633#primaryimage\",\"url\":\"https:\\\/\\\/news.ecclesia.org.br\\\/wp-content\\\/uploads\\\/2020\\\/03\\\/servia1.jpeg\",\"contentUrl\":\"https:\\\/\\\/news.ecclesia.org.br\\\/wp-content\\\/uploads\\\/2020\\\/03\\\/servia1.jpeg\",\"width\":750,\"height\":422,\"caption\":\"Delega\u00e7\u00f5es Cat\u00f3lica e Ortodoxa na Resid\u00eancia Patriarcal em S\u00f3fia\"},{\"@type\":\"BreadcrumbList\",\"@id\":\"https:\\\/\\\/news.ecclesia.org.br\\\/?p=27633#breadcrumb\",\"itemListElement\":[{\"@type\":\"ListItem\",\"position\":1,\"name\":\"In\u00edcio\",\"item\":\"https:\\\/\\\/news.ecclesia.org.br\\\/\"},{\"@type\":\"ListItem\",\"position\":2,\"name\":\"Papa Francisco de Roma doa rel\u00edquias dos Santos Clemente e Potito ao Patriarca Ortodoxo Neofit da Bulg\u00e1ria\"}]},{\"@type\":\"WebSite\",\"@id\":\"https:\\\/\\\/news.ecclesia.org.br\\\/#website\",\"url\":\"https:\\\/\\\/news.ecclesia.org.br\\\/\",\"name\":\"Ecclesia Brasil\",\"description\":\"Desde 2003 onectando o Brasil ao mundo ortodoxo!\",\"publisher\":{\"@id\":\"https:\\\/\\\/news.ecclesia.org.br\\\/#organization\"},\"alternateName\":\"Ecclesia\",\"potentialAction\":[{\"@type\":\"SearchAction\",\"target\":{\"@type\":\"EntryPoint\",\"urlTemplate\":\"https:\\\/\\\/news.ecclesia.org.br\\\/?s={search_term_string}\"},\"query-input\":{\"@type\":\"PropertyValueSpecification\",\"valueRequired\":true,\"valueName\":\"search_term_string\"}}],\"inLanguage\":\"pt-BR\"},{\"@type\":\"Organization\",\"@id\":\"https:\\\/\\\/news.ecclesia.org.br\\\/#organization\",\"name\":\"Sacra Arquidiocese de Buenos Aires e Am\u00e9rica do Sul | Patriarcado Ecum\u00eanico\",\"alternateName\":\"News Ecclesia Brasil\",\"url\":\"https:\\\/\\\/news.ecclesia.org.br\\\/\",\"logo\":{\"@type\":\"ImageObject\",\"inLanguage\":\"pt-BR\",\"@id\":\"https:\\\/\\\/news.ecclesia.org.br\\\/#\\\/schema\\\/logo\\\/image\\\/\",\"url\":\"https:\\\/\\\/news.ecclesia.org.br\\\/wp-content\\\/uploads\\\/2025\\\/05\\\/ecclesia2.png\",\"contentUrl\":\"https:\\\/\\\/news.ecclesia.org.br\\\/wp-content\\\/uploads\\\/2025\\\/05\\\/ecclesia2.png\",\"width\":480,\"height\":120,\"caption\":\"Sacra Arquidiocese de Buenos Aires e Am\u00e9rica do Sul | Patriarcado Ecum\u00eanico\"},\"image\":{\"@id\":\"https:\\\/\\\/news.ecclesia.org.br\\\/#\\\/schema\\\/logo\\\/image\\\/\"},\"sameAs\":[\"https:\\\/\\\/www.facebook.com\\\/Ecclesia2025\",\"https:\\\/\\\/x.com\\\/EcclesiaNews\",\"https:\\\/\\\/br.pinterest.com\\\/ekklisia\\\/\",\"https:\\\/\\\/www.youtube.com\\\/@EcclesiaBrasil\"]},{\"@type\":\"Person\",\"@id\":\"https:\\\/\\\/news.ecclesia.org.br\\\/#\\\/schema\\\/person\\\/6f09597f025829745ba414a569f63758\",\"name\":\"Pe. Andr\u00e9\",\"image\":{\"@type\":\"ImageObject\",\"inLanguage\":\"pt-BR\",\"@id\":\"https:\\\/\\\/secure.gravatar.com\\\/avatar\\\/b4327cfa27e9799da239a26adcd534fc29cdc0c4a4a148eecbcfeb9b42c617ac?s=96&d=mm&r=g\",\"url\":\"https:\\\/\\\/secure.gravatar.com\\\/avatar\\\/b4327cfa27e9799da239a26adcd534fc29cdc0c4a4a148eecbcfeb9b42c617ac?s=96&d=mm&r=g\",\"contentUrl\":\"https:\\\/\\\/secure.gravatar.com\\\/avatar\\\/b4327cfa27e9799da239a26adcd534fc29cdc0c4a4a148eecbcfeb9b42c617ac?s=96&d=mm&r=g\",\"caption\":\"Pe. Andr\u00e9\"},\"sameAs\":[\"https:\\\/\\\/www.ecclesia.org.br\"]}]}<\/script>\n<!-- \/ Yoast SEO plugin. -->","yoast_head_json":{"title":"Papa Francisco de Roma doa rel\u00edquias dos Santos Clemente e Potito ao Patriarca Ortodoxo Neofit da Bulg\u00e1ria | ECCLESIA NEWS","robots":{"index":"index","follow":"follow","max-snippet":"max-snippet:-1","max-image-preview":"max-image-preview:large","max-video-preview":"max-video-preview:-1"},"canonical":"https:\/\/news.ecclesia.org.br\/?p=27633","og_locale":"pt_BR","og_type":"article","og_title":"Papa Francisco de Roma doa rel\u00edquias dos Santos Clemente e Potito ao Patriarca Ortodoxo Neofit da Bulg\u00e1ria | ECCLESIA NEWS","og_description":"O Patriarca da Igreja Ortodoxa B\u00falgara definiu o gesto de Francisco como &#8220;fraterno&#8221;. As rel\u00edquias repousar\u00e3o para venera\u00e7\u00e3o na Bas\u00edlica de Santa Sofia, na capital b\u00falgara. Neofit tamb\u00e9m recordou outras duas rel\u00edquias doadas por Pont\u00edfices Romanos \u00e0 Igreja Ortodoxa da&#8230;","og_url":"https:\/\/news.ecclesia.org.br\/?p=27633","og_site_name":"ECCLESIA NEWS","article_publisher":"https:\/\/www.facebook.com\/Ecclesia2025","article_published_time":"2020-03-05T16:33:17+00:00","article_modified_time":"2020-03-05T16:35:28+00:00","og_image":[{"width":750,"height":422,"url":"https:\/\/news.ecclesia.org.br\/wp-content\/uploads\/2020\/03\/servia1.jpeg","type":"image\/jpeg"}],"author":"Pe. Andr\u00e9","twitter_card":"summary_large_image","twitter_creator":"@EcclesiaNews","twitter_site":"@EcclesiaNews","twitter_misc":{"Escrito por":"Pe. Andr\u00e9","Est. tempo de leitura":"5 minutos"},"schema":{"@context":"https:\/\/schema.org","@graph":[{"@type":"Article","@id":"https:\/\/news.ecclesia.org.br\/?p=27633#article","isPartOf":{"@id":"https:\/\/news.ecclesia.org.br\/?p=27633"},"author":{"name":"Pe. Andr\u00e9","@id":"https:\/\/news.ecclesia.org.br\/#\/schema\/person\/6f09597f025829745ba414a569f63758"},"headline":"Papa Francisco de Roma doa rel\u00edquias dos Santos Clemente e Potito ao Patriarca Ortodoxo Neofit da Bulg\u00e1ria","datePublished":"2020-03-05T16:33:17+00:00","dateModified":"2020-03-05T16:35:28+00:00","mainEntityOfPage":{"@id":"https:\/\/news.ecclesia.org.br\/?p=27633"},"wordCount":1085,"commentCount":0,"publisher":{"@id":"https:\/\/news.ecclesia.org.br\/#organization"},"image":{"@id":"https:\/\/news.ecclesia.org.br\/?p=27633#primaryimage"},"thumbnailUrl":"https:\/\/news.ecclesia.org.br\/wp-content\/uploads\/2020\/03\/servia1.jpeg","articleSection":["NEWS"],"inLanguage":"pt-BR","potentialAction":[{"@type":"CommentAction","name":"Comment","target":["https:\/\/news.ecclesia.org.br\/?p=27633#respond"]}]},{"@type":"WebPage","@id":"https:\/\/news.ecclesia.org.br\/?p=27633","url":"https:\/\/news.ecclesia.org.br\/?p=27633","name":"Papa Francisco de Roma doa rel\u00edquias dos Santos Clemente e Potito ao Patriarca Ortodoxo Neofit da Bulg\u00e1ria | ECCLESIA NEWS","isPartOf":{"@id":"https:\/\/news.ecclesia.org.br\/#website"},"primaryImageOfPage":{"@id":"https:\/\/news.ecclesia.org.br\/?p=27633#primaryimage"},"image":{"@id":"https:\/\/news.ecclesia.org.br\/?p=27633#primaryimage"},"thumbnailUrl":"https:\/\/news.ecclesia.org.br\/wp-content\/uploads\/2020\/03\/servia1.jpeg","datePublished":"2020-03-05T16:33:17+00:00","dateModified":"2020-03-05T16:35:28+00:00","breadcrumb":{"@id":"https:\/\/news.ecclesia.org.br\/?p=27633#breadcrumb"},"inLanguage":"pt-BR","potentialAction":[{"@type":"ReadAction","target":["https:\/\/news.ecclesia.org.br\/?p=27633"]}]},{"@type":"ImageObject","inLanguage":"pt-BR","@id":"https:\/\/news.ecclesia.org.br\/?p=27633#primaryimage","url":"https:\/\/news.ecclesia.org.br\/wp-content\/uploads\/2020\/03\/servia1.jpeg","contentUrl":"https:\/\/news.ecclesia.org.br\/wp-content\/uploads\/2020\/03\/servia1.jpeg","width":750,"height":422,"caption":"Delega\u00e7\u00f5es Cat\u00f3lica e Ortodoxa na Resid\u00eancia Patriarcal em S\u00f3fia"},{"@type":"BreadcrumbList","@id":"https:\/\/news.ecclesia.org.br\/?p=27633#breadcrumb","itemListElement":[{"@type":"ListItem","position":1,"name":"In\u00edcio","item":"https:\/\/news.ecclesia.org.br\/"},{"@type":"ListItem","position":2,"name":"Papa Francisco de Roma doa rel\u00edquias dos Santos Clemente e Potito ao Patriarca Ortodoxo Neofit da Bulg\u00e1ria"}]},{"@type":"WebSite","@id":"https:\/\/news.ecclesia.org.br\/#website","url":"https:\/\/news.ecclesia.org.br\/","name":"Ecclesia Brasil","description":"Desde 2003 onectando o Brasil ao mundo ortodoxo!","publisher":{"@id":"https:\/\/news.ecclesia.org.br\/#organization"},"alternateName":"Ecclesia","potentialAction":[{"@type":"SearchAction","target":{"@type":"EntryPoint","urlTemplate":"https:\/\/news.ecclesia.org.br\/?s={search_term_string}"},"query-input":{"@type":"PropertyValueSpecification","valueRequired":true,"valueName":"search_term_string"}}],"inLanguage":"pt-BR"},{"@type":"Organization","@id":"https:\/\/news.ecclesia.org.br\/#organization","name":"Sacra Arquidiocese de Buenos Aires e Am\u00e9rica do Sul | Patriarcado Ecum\u00eanico","alternateName":"News Ecclesia Brasil","url":"https:\/\/news.ecclesia.org.br\/","logo":{"@type":"ImageObject","inLanguage":"pt-BR","@id":"https:\/\/news.ecclesia.org.br\/#\/schema\/logo\/image\/","url":"https:\/\/news.ecclesia.org.br\/wp-content\/uploads\/2025\/05\/ecclesia2.png","contentUrl":"https:\/\/news.ecclesia.org.br\/wp-content\/uploads\/2025\/05\/ecclesia2.png","width":480,"height":120,"caption":"Sacra Arquidiocese de Buenos Aires e Am\u00e9rica do Sul | Patriarcado Ecum\u00eanico"},"image":{"@id":"https:\/\/news.ecclesia.org.br\/#\/schema\/logo\/image\/"},"sameAs":["https:\/\/www.facebook.com\/Ecclesia2025","https:\/\/x.com\/EcclesiaNews","https:\/\/br.pinterest.com\/ekklisia\/","https:\/\/www.youtube.com\/@EcclesiaBrasil"]},{"@type":"Person","@id":"https:\/\/news.ecclesia.org.br\/#\/schema\/person\/6f09597f025829745ba414a569f63758","name":"Pe. Andr\u00e9","image":{"@type":"ImageObject","inLanguage":"pt-BR","@id":"https:\/\/secure.gravatar.com\/avatar\/b4327cfa27e9799da239a26adcd534fc29cdc0c4a4a148eecbcfeb9b42c617ac?s=96&d=mm&r=g","url":"https:\/\/secure.gravatar.com\/avatar\/b4327cfa27e9799da239a26adcd534fc29cdc0c4a4a148eecbcfeb9b42c617ac?s=96&d=mm&r=g","contentUrl":"https:\/\/secure.gravatar.com\/avatar\/b4327cfa27e9799da239a26adcd534fc29cdc0c4a4a148eecbcfeb9b42c617ac?s=96&d=mm&r=g","caption":"Pe. Andr\u00e9"},"sameAs":["https:\/\/www.ecclesia.org.br"]}]}},"_links":{"self":[{"href":"https:\/\/news.ecclesia.org.br\/index.php?rest_route=\/wp\/v2\/posts\/27633","targetHints":{"allow":["GET"]}}],"collection":[{"href":"https:\/\/news.ecclesia.org.br\/index.php?rest_route=\/wp\/v2\/posts"}],"about":[{"href":"https:\/\/news.ecclesia.org.br\/index.php?rest_route=\/wp\/v2\/types\/post"}],"author":[{"embeddable":true,"href":"https:\/\/news.ecclesia.org.br\/index.php?rest_route=\/wp\/v2\/users\/1"}],"replies":[{"embeddable":true,"href":"https:\/\/news.ecclesia.org.br\/index.php?rest_route=%2Fwp%2Fv2%2Fcomments&post=27633"}],"version-history":[{"count":0,"href":"https:\/\/news.ecclesia.org.br\/index.php?rest_route=\/wp\/v2\/posts\/27633\/revisions"}],"wp:featuredmedia":[{"embeddable":true,"href":"https:\/\/news.ecclesia.org.br\/index.php?rest_route=\/wp\/v2\/media\/27634"}],"wp:attachment":[{"href":"https:\/\/news.ecclesia.org.br\/index.php?rest_route=%2Fwp%2Fv2%2Fmedia&parent=27633"}],"wp:term":[{"taxonomy":"category","embeddable":true,"href":"https:\/\/news.ecclesia.org.br\/index.php?rest_route=%2Fwp%2Fv2%2Fcategories&post=27633"},{"taxonomy":"post_tag","embeddable":true,"href":"https:\/\/news.ecclesia.org.br\/index.php?rest_route=%2Fwp%2Fv2%2Ftags&post=27633"}],"curies":[{"name":"wp","href":"https:\/\/api.w.org\/{rel}","templated":true}]}}