{"id":27620,"date":"2020-03-05T14:58:31","date_gmt":"2020-03-05T14:58:31","guid":{"rendered":"https:\/\/news.ecclesia.org.br\/?p=27620"},"modified":"2021-07-27T14:24:58","modified_gmt":"2021-07-27T17:24:58","slug":"o-ritual-da-entronizacao-episcopal-uma-pequena-resenha","status":"publish","type":"post","link":"https:\/\/news.ecclesia.org.br\/?p=27620","title":{"rendered":"O Ritual da Entroniza\u00e7\u00e3o Episcopal &#8211; Uma pequena resenha"},"content":{"rendered":"\r\n<p class=\"has-drop-cap\"><a href=\"https:\/\/news.ecclesia.org.br\/wp-content\/uploads\/2020\/03\/cristo-no-trono2071.jpg\"><img fetchpriority=\"high\" decoding=\"async\" class=\"alignleft wp-image-27621 size-full\" src=\"https:\/\/news.ecclesia.org.br\/wp-content\/uploads\/2020\/03\/cristo-no-trono2071.jpg\" alt=\"\" width=\"438\" height=\"709\" \/><\/a>A entroniza\u00e7\u00e3o episcopal \u00e9 a cerim\u00f4nia pela qual um novo bispo diocesano ou arcebispo toma oficialmente posse de sua c\u00e1tedra episcopal. Esta cerim\u00f4nia marca o in\u00edcio de seu novo minist\u00e9rio espiritual pastoral-administrativo na jurisdi\u00e7\u00e3o atribu\u00edda a ele pela Igreja.<\/p>\r\n\r\n\r\n\r\n<p>Cada bispo-arcebispo diocesano est\u00e1 diretamente associado a uma c\u00e1tedra episcopal ou arquiepiscopal. A c\u00e1tedra \u00e9 o lugar central do &#8220;<em>synthronon<\/em>&#8220;, localizado atr\u00e1s do altar, e que s\u00f3 o prelado titular da mesma tem o direito de ocupar em cada divina liturgia hier\u00e1rquica, simbolizando assim, com todo o presbit\u00e9rio, a unidade e a plenitude da Igreja. A c\u00e1tedra arquiepiscopal tamb\u00e9m est\u00e1 associada \u00e0 Igreja que a compreende. \u00c9 por isso que as cerim\u00f4nias de entroniza\u00e7\u00e3o, de tomada de posse da c\u00e1tedra e da Igreja em que esta se encontra, s\u00e3o necessariamente realizadas na Sede Catedral\u00edcia da jurisdi\u00e7\u00e3o em quest\u00e3o.<\/p>\r\n\r\n\r\n\r\n<p>Logo ap\u00f3s a elei\u00e7\u00e3o de um prelado, realiza-se no Patriarcado a aceita\u00e7\u00e3o oficial da elei\u00e7\u00e3o atrav\u00e9s dos ritos da Pequena e Grande Mensagem diante do Patriarca e do Santo S\u00ednodo. O Patriarca ent\u00e3o ordena que se realize em tempo e forma a tomada de posse do prelado, delegando representa\u00e7\u00e3o a um dos arcebispos metropolitanos ativos, que atuar\u00e1 nos atos oficiais como seu representante plenipotenci\u00e1rio. Este hierarca, com as respectivas ordens e credenciais patriarcais, ser\u00e1 quem introduz nas fun\u00e7\u00f5es -&#8220;entroniza&#8221;-, em nome do Patriarca e do Santo S\u00ednodo, o novo hierarca diocesano em sua sede.<\/p>\r\n\r\n\r\n\r\n<p>A Tradi\u00e7\u00e3o Ortodoxa hel\u00eanica prev\u00ea dois atos simb\u00f3licos para este evento: na manh\u00e3 de s\u00e1bado, geralmente, o servi\u00e7o propriamente dito de entroniza\u00e7\u00e3o, durante o qual o novo hierarca diocesano \u00e9 conduzido pelo legado patriarcal ao trono que est\u00e1 situado na nave da Igreja, e simbolicamente lhe entrega o b\u00e1culo pastoral. Nesta cerim\u00f4nia doxol\u00f3gica tanto o legado patriarcal quanto o novo arcebispo tomam a palavra. Tamb\u00e9m \u00e9 feita em p\u00fablico a leitura da &#8220;Carta de Instala\u00e7\u00e3o&#8221; do novo arcebispo assinada pelo Patriarca e pelos os membros eleitores do Santo S\u00ednodo.<\/p>\r\n\r\n\r\n\r\n<p class=\"has-text-align-right has-small-font-size\">Texto na \u00edntegra na <a href=\"http:\/\/ecclesia.org.br\/biblioteca\/liturgia\/o-rito-da-entronizacao-episcopal.html\" target=\"_blank\" rel=\"noreferrer noopener\">Biblioteca de Liturgia do Portal<\/a><\/p>\r\n","protected":false},"excerpt":{"rendered":"<p>A entroniza\u00e7\u00e3o episcopal \u00e9 a cerim\u00f4nia pela qual um novo bispo diocesano ou arcebispo toma oficialmente posse de sua c\u00e1tedra episcopal. Esta cerim\u00f4nia marca o in\u00edcio de seu novo minist\u00e9rio espiritual pastoral-administrativo na jurisdi\u00e7\u00e3o atribu\u00edda a ele pela Igreja. Cada&#8230;<\/p>\n","protected":false},"author":1,"featured_media":0,"comment_status":"open","ping_status":"open","sticky":false,"template":"","format":"standard","meta":{"_acf_changed":false,"footnotes":""},"categories":[40],"tags":[],"class_list":["post-27620","post","type-post","status-publish","format-standard","hentry","category-arquidiocese-de-buenos-aires-e-america-do-sul","entry","rows-excerpt"],"acf":[],"yoast_head":"<!-- This site is optimized with the Yoast SEO plugin v27.4 - https:\/\/yoast.com\/product\/yoast-seo-wordpress\/ -->\n<title>O Ritual da Entroniza\u00e7\u00e3o Episcopal - Uma pequena resenha | ECCLESIA NEWS<\/title>\n<meta name=\"robots\" content=\"index, follow, max-snippet:-1, max-image-preview:large, max-video-preview:-1\" \/>\n<link rel=\"canonical\" href=\"https:\/\/news.ecclesia.org.br\/?p=27620\" \/>\n<meta property=\"og:locale\" content=\"pt_BR\" \/>\n<meta property=\"og:type\" content=\"article\" \/>\n<meta property=\"og:title\" content=\"O Ritual da Entroniza\u00e7\u00e3o Episcopal - Uma pequena resenha | ECCLESIA NEWS\" \/>\n<meta property=\"og:description\" content=\"A entroniza\u00e7\u00e3o episcopal \u00e9 a cerim\u00f4nia pela qual um novo bispo diocesano ou arcebispo toma oficialmente posse de sua c\u00e1tedra episcopal. Esta cerim\u00f4nia marca o in\u00edcio de seu novo minist\u00e9rio espiritual pastoral-administrativo na jurisdi\u00e7\u00e3o atribu\u00edda a ele pela Igreja. Cada&#8230;\" \/>\n<meta property=\"og:url\" content=\"https:\/\/news.ecclesia.org.br\/?p=27620\" \/>\n<meta property=\"og:site_name\" content=\"ECCLESIA NEWS\" \/>\n<meta property=\"article:publisher\" content=\"https:\/\/www.facebook.com\/Ecclesia2025\" \/>\n<meta property=\"article:published_time\" content=\"2020-03-05T14:58:31+00:00\" \/>\n<meta property=\"article:modified_time\" content=\"2021-07-27T17:24:58+00:00\" \/>\n<meta property=\"og:image\" content=\"https:\/\/news.ecclesia.org.br\/wp-content\/uploads\/2020\/03\/cristo-no-trono2071.jpg\" \/>\n<meta name=\"author\" content=\"Pe. Andr\u00e9\" \/>\n<meta name=\"twitter:card\" content=\"summary_large_image\" \/>\n<meta name=\"twitter:creator\" content=\"@EcclesiaNews\" \/>\n<meta name=\"twitter:site\" content=\"@EcclesiaNews\" \/>\n<meta name=\"twitter:label1\" content=\"Escrito por\" \/>\n\t<meta name=\"twitter:data1\" content=\"Pe. Andr\u00e9\" \/>\n\t<meta name=\"twitter:label2\" content=\"Est. tempo de leitura\" \/>\n\t<meta name=\"twitter:data2\" content=\"2 minutos\" \/>\n<script type=\"application\/ld+json\" class=\"yoast-schema-graph\">{\"@context\":\"https:\\\/\\\/schema.org\",\"@graph\":[{\"@type\":\"Article\",\"@id\":\"https:\\\/\\\/news.ecclesia.org.br\\\/?p=27620#article\",\"isPartOf\":{\"@id\":\"https:\\\/\\\/news.ecclesia.org.br\\\/?p=27620\"},\"author\":{\"name\":\"Pe. Andr\u00e9\",\"@id\":\"https:\\\/\\\/news.ecclesia.org.br\\\/#\\\/schema\\\/person\\\/6f09597f025829745ba414a569f63758\"},\"headline\":\"O Ritual da Entroniza\u00e7\u00e3o Episcopal &#8211; Uma pequena resenha\",\"datePublished\":\"2020-03-05T14:58:31+00:00\",\"dateModified\":\"2021-07-27T17:24:58+00:00\",\"mainEntityOfPage\":{\"@id\":\"https:\\\/\\\/news.ecclesia.org.br\\\/?p=27620\"},\"wordCount\":381,\"commentCount\":0,\"publisher\":{\"@id\":\"https:\\\/\\\/news.ecclesia.org.br\\\/#organization\"},\"image\":{\"@id\":\"https:\\\/\\\/news.ecclesia.org.br\\\/?p=27620#primaryimage\"},\"thumbnailUrl\":\"https:\\\/\\\/news.ecclesia.org.br\\\/wp-content\\\/uploads\\\/2020\\\/03\\\/cristo-no-trono2071.jpg\",\"articleSection\":[\"Arquidiocese de Buenos Aires e Am\u00e9rica do Sul\"],\"inLanguage\":\"pt-BR\",\"potentialAction\":[{\"@type\":\"CommentAction\",\"name\":\"Comment\",\"target\":[\"https:\\\/\\\/news.ecclesia.org.br\\\/?p=27620#respond\"]}]},{\"@type\":\"WebPage\",\"@id\":\"https:\\\/\\\/news.ecclesia.org.br\\\/?p=27620\",\"url\":\"https:\\\/\\\/news.ecclesia.org.br\\\/?p=27620\",\"name\":\"O Ritual da Entroniza\u00e7\u00e3o Episcopal - Uma pequena resenha | ECCLESIA NEWS\",\"isPartOf\":{\"@id\":\"https:\\\/\\\/news.ecclesia.org.br\\\/#website\"},\"primaryImageOfPage\":{\"@id\":\"https:\\\/\\\/news.ecclesia.org.br\\\/?p=27620#primaryimage\"},\"image\":{\"@id\":\"https:\\\/\\\/news.ecclesia.org.br\\\/?p=27620#primaryimage\"},\"thumbnailUrl\":\"https:\\\/\\\/news.ecclesia.org.br\\\/wp-content\\\/uploads\\\/2020\\\/03\\\/cristo-no-trono2071.jpg\",\"datePublished\":\"2020-03-05T14:58:31+00:00\",\"dateModified\":\"2021-07-27T17:24:58+00:00\",\"breadcrumb\":{\"@id\":\"https:\\\/\\\/news.ecclesia.org.br\\\/?p=27620#breadcrumb\"},\"inLanguage\":\"pt-BR\",\"potentialAction\":[{\"@type\":\"ReadAction\",\"target\":[\"https:\\\/\\\/news.ecclesia.org.br\\\/?p=27620\"]}]},{\"@type\":\"ImageObject\",\"inLanguage\":\"pt-BR\",\"@id\":\"https:\\\/\\\/news.ecclesia.org.br\\\/?p=27620#primaryimage\",\"url\":\"https:\\\/\\\/news.ecclesia.org.br\\\/wp-content\\\/uploads\\\/2020\\\/03\\\/cristo-no-trono2071.jpg\",\"contentUrl\":\"https:\\\/\\\/news.ecclesia.org.br\\\/wp-content\\\/uploads\\\/2020\\\/03\\\/cristo-no-trono2071.jpg\"},{\"@type\":\"BreadcrumbList\",\"@id\":\"https:\\\/\\\/news.ecclesia.org.br\\\/?p=27620#breadcrumb\",\"itemListElement\":[{\"@type\":\"ListItem\",\"position\":1,\"name\":\"In\u00edcio\",\"item\":\"https:\\\/\\\/news.ecclesia.org.br\\\/\"},{\"@type\":\"ListItem\",\"position\":2,\"name\":\"O Ritual da Entroniza\u00e7\u00e3o Episcopal &#8211; Uma pequena resenha\"}]},{\"@type\":\"WebSite\",\"@id\":\"https:\\\/\\\/news.ecclesia.org.br\\\/#website\",\"url\":\"https:\\\/\\\/news.ecclesia.org.br\\\/\",\"name\":\"Ecclesia Brasil\",\"description\":\"Desde 2003 onectando o Brasil ao mundo ortodoxo!\",\"publisher\":{\"@id\":\"https:\\\/\\\/news.ecclesia.org.br\\\/#organization\"},\"alternateName\":\"Ecclesia\",\"potentialAction\":[{\"@type\":\"SearchAction\",\"target\":{\"@type\":\"EntryPoint\",\"urlTemplate\":\"https:\\\/\\\/news.ecclesia.org.br\\\/?s={search_term_string}\"},\"query-input\":{\"@type\":\"PropertyValueSpecification\",\"valueRequired\":true,\"valueName\":\"search_term_string\"}}],\"inLanguage\":\"pt-BR\"},{\"@type\":\"Organization\",\"@id\":\"https:\\\/\\\/news.ecclesia.org.br\\\/#organization\",\"name\":\"Sacra Arquidiocese de Buenos Aires e Am\u00e9rica do Sul | Patriarcado Ecum\u00eanico\",\"alternateName\":\"News Ecclesia Brasil\",\"url\":\"https:\\\/\\\/news.ecclesia.org.br\\\/\",\"logo\":{\"@type\":\"ImageObject\",\"inLanguage\":\"pt-BR\",\"@id\":\"https:\\\/\\\/news.ecclesia.org.br\\\/#\\\/schema\\\/logo\\\/image\\\/\",\"url\":\"https:\\\/\\\/news.ecclesia.org.br\\\/wp-content\\\/uploads\\\/2025\\\/05\\\/ecclesia2.png\",\"contentUrl\":\"https:\\\/\\\/news.ecclesia.org.br\\\/wp-content\\\/uploads\\\/2025\\\/05\\\/ecclesia2.png\",\"width\":480,\"height\":120,\"caption\":\"Sacra Arquidiocese de Buenos Aires e Am\u00e9rica do Sul | Patriarcado Ecum\u00eanico\"},\"image\":{\"@id\":\"https:\\\/\\\/news.ecclesia.org.br\\\/#\\\/schema\\\/logo\\\/image\\\/\"},\"sameAs\":[\"https:\\\/\\\/www.facebook.com\\\/Ecclesia2025\",\"https:\\\/\\\/x.com\\\/EcclesiaNews\",\"https:\\\/\\\/br.pinterest.com\\\/ekklisia\\\/\",\"https:\\\/\\\/www.youtube.com\\\/@EcclesiaBrasil\"]},{\"@type\":\"Person\",\"@id\":\"https:\\\/\\\/news.ecclesia.org.br\\\/#\\\/schema\\\/person\\\/6f09597f025829745ba414a569f63758\",\"name\":\"Pe. Andr\u00e9\",\"image\":{\"@type\":\"ImageObject\",\"inLanguage\":\"pt-BR\",\"@id\":\"https:\\\/\\\/secure.gravatar.com\\\/avatar\\\/b4327cfa27e9799da239a26adcd534fc29cdc0c4a4a148eecbcfeb9b42c617ac?s=96&d=mm&r=g\",\"url\":\"https:\\\/\\\/secure.gravatar.com\\\/avatar\\\/b4327cfa27e9799da239a26adcd534fc29cdc0c4a4a148eecbcfeb9b42c617ac?s=96&d=mm&r=g\",\"contentUrl\":\"https:\\\/\\\/secure.gravatar.com\\\/avatar\\\/b4327cfa27e9799da239a26adcd534fc29cdc0c4a4a148eecbcfeb9b42c617ac?s=96&d=mm&r=g\",\"caption\":\"Pe. Andr\u00e9\"},\"sameAs\":[\"https:\\\/\\\/www.ecclesia.org.br\"]}]}<\/script>\n<!-- \/ Yoast SEO plugin. -->","yoast_head_json":{"title":"O Ritual da Entroniza\u00e7\u00e3o Episcopal - Uma pequena resenha | ECCLESIA NEWS","robots":{"index":"index","follow":"follow","max-snippet":"max-snippet:-1","max-image-preview":"max-image-preview:large","max-video-preview":"max-video-preview:-1"},"canonical":"https:\/\/news.ecclesia.org.br\/?p=27620","og_locale":"pt_BR","og_type":"article","og_title":"O Ritual da Entroniza\u00e7\u00e3o Episcopal - Uma pequena resenha | ECCLESIA NEWS","og_description":"A entroniza\u00e7\u00e3o episcopal \u00e9 a cerim\u00f4nia pela qual um novo bispo diocesano ou arcebispo toma oficialmente posse de sua c\u00e1tedra episcopal. Esta cerim\u00f4nia marca o in\u00edcio de seu novo minist\u00e9rio espiritual pastoral-administrativo na jurisdi\u00e7\u00e3o atribu\u00edda a ele pela Igreja. Cada&#8230;","og_url":"https:\/\/news.ecclesia.org.br\/?p=27620","og_site_name":"ECCLESIA NEWS","article_publisher":"https:\/\/www.facebook.com\/Ecclesia2025","article_published_time":"2020-03-05T14:58:31+00:00","article_modified_time":"2021-07-27T17:24:58+00:00","og_image":[{"url":"https:\/\/news.ecclesia.org.br\/wp-content\/uploads\/2020\/03\/cristo-no-trono2071.jpg","type":"","width":"","height":""}],"author":"Pe. Andr\u00e9","twitter_card":"summary_large_image","twitter_creator":"@EcclesiaNews","twitter_site":"@EcclesiaNews","twitter_misc":{"Escrito por":"Pe. Andr\u00e9","Est. tempo de leitura":"2 minutos"},"schema":{"@context":"https:\/\/schema.org","@graph":[{"@type":"Article","@id":"https:\/\/news.ecclesia.org.br\/?p=27620#article","isPartOf":{"@id":"https:\/\/news.ecclesia.org.br\/?p=27620"},"author":{"name":"Pe. Andr\u00e9","@id":"https:\/\/news.ecclesia.org.br\/#\/schema\/person\/6f09597f025829745ba414a569f63758"},"headline":"O Ritual da Entroniza\u00e7\u00e3o Episcopal &#8211; Uma pequena resenha","datePublished":"2020-03-05T14:58:31+00:00","dateModified":"2021-07-27T17:24:58+00:00","mainEntityOfPage":{"@id":"https:\/\/news.ecclesia.org.br\/?p=27620"},"wordCount":381,"commentCount":0,"publisher":{"@id":"https:\/\/news.ecclesia.org.br\/#organization"},"image":{"@id":"https:\/\/news.ecclesia.org.br\/?p=27620#primaryimage"},"thumbnailUrl":"https:\/\/news.ecclesia.org.br\/wp-content\/uploads\/2020\/03\/cristo-no-trono2071.jpg","articleSection":["Arquidiocese de Buenos Aires e Am\u00e9rica do Sul"],"inLanguage":"pt-BR","potentialAction":[{"@type":"CommentAction","name":"Comment","target":["https:\/\/news.ecclesia.org.br\/?p=27620#respond"]}]},{"@type":"WebPage","@id":"https:\/\/news.ecclesia.org.br\/?p=27620","url":"https:\/\/news.ecclesia.org.br\/?p=27620","name":"O Ritual da Entroniza\u00e7\u00e3o Episcopal - Uma pequena resenha | ECCLESIA NEWS","isPartOf":{"@id":"https:\/\/news.ecclesia.org.br\/#website"},"primaryImageOfPage":{"@id":"https:\/\/news.ecclesia.org.br\/?p=27620#primaryimage"},"image":{"@id":"https:\/\/news.ecclesia.org.br\/?p=27620#primaryimage"},"thumbnailUrl":"https:\/\/news.ecclesia.org.br\/wp-content\/uploads\/2020\/03\/cristo-no-trono2071.jpg","datePublished":"2020-03-05T14:58:31+00:00","dateModified":"2021-07-27T17:24:58+00:00","breadcrumb":{"@id":"https:\/\/news.ecclesia.org.br\/?p=27620#breadcrumb"},"inLanguage":"pt-BR","potentialAction":[{"@type":"ReadAction","target":["https:\/\/news.ecclesia.org.br\/?p=27620"]}]},{"@type":"ImageObject","inLanguage":"pt-BR","@id":"https:\/\/news.ecclesia.org.br\/?p=27620#primaryimage","url":"https:\/\/news.ecclesia.org.br\/wp-content\/uploads\/2020\/03\/cristo-no-trono2071.jpg","contentUrl":"https:\/\/news.ecclesia.org.br\/wp-content\/uploads\/2020\/03\/cristo-no-trono2071.jpg"},{"@type":"BreadcrumbList","@id":"https:\/\/news.ecclesia.org.br\/?p=27620#breadcrumb","itemListElement":[{"@type":"ListItem","position":1,"name":"In\u00edcio","item":"https:\/\/news.ecclesia.org.br\/"},{"@type":"ListItem","position":2,"name":"O Ritual da Entroniza\u00e7\u00e3o Episcopal &#8211; Uma pequena resenha"}]},{"@type":"WebSite","@id":"https:\/\/news.ecclesia.org.br\/#website","url":"https:\/\/news.ecclesia.org.br\/","name":"Ecclesia Brasil","description":"Desde 2003 onectando o Brasil ao mundo ortodoxo!","publisher":{"@id":"https:\/\/news.ecclesia.org.br\/#organization"},"alternateName":"Ecclesia","potentialAction":[{"@type":"SearchAction","target":{"@type":"EntryPoint","urlTemplate":"https:\/\/news.ecclesia.org.br\/?s={search_term_string}"},"query-input":{"@type":"PropertyValueSpecification","valueRequired":true,"valueName":"search_term_string"}}],"inLanguage":"pt-BR"},{"@type":"Organization","@id":"https:\/\/news.ecclesia.org.br\/#organization","name":"Sacra Arquidiocese de Buenos Aires e Am\u00e9rica do Sul | Patriarcado Ecum\u00eanico","alternateName":"News Ecclesia Brasil","url":"https:\/\/news.ecclesia.org.br\/","logo":{"@type":"ImageObject","inLanguage":"pt-BR","@id":"https:\/\/news.ecclesia.org.br\/#\/schema\/logo\/image\/","url":"https:\/\/news.ecclesia.org.br\/wp-content\/uploads\/2025\/05\/ecclesia2.png","contentUrl":"https:\/\/news.ecclesia.org.br\/wp-content\/uploads\/2025\/05\/ecclesia2.png","width":480,"height":120,"caption":"Sacra Arquidiocese de Buenos Aires e Am\u00e9rica do Sul | Patriarcado Ecum\u00eanico"},"image":{"@id":"https:\/\/news.ecclesia.org.br\/#\/schema\/logo\/image\/"},"sameAs":["https:\/\/www.facebook.com\/Ecclesia2025","https:\/\/x.com\/EcclesiaNews","https:\/\/br.pinterest.com\/ekklisia\/","https:\/\/www.youtube.com\/@EcclesiaBrasil"]},{"@type":"Person","@id":"https:\/\/news.ecclesia.org.br\/#\/schema\/person\/6f09597f025829745ba414a569f63758","name":"Pe. Andr\u00e9","image":{"@type":"ImageObject","inLanguage":"pt-BR","@id":"https:\/\/secure.gravatar.com\/avatar\/b4327cfa27e9799da239a26adcd534fc29cdc0c4a4a148eecbcfeb9b42c617ac?s=96&d=mm&r=g","url":"https:\/\/secure.gravatar.com\/avatar\/b4327cfa27e9799da239a26adcd534fc29cdc0c4a4a148eecbcfeb9b42c617ac?s=96&d=mm&r=g","contentUrl":"https:\/\/secure.gravatar.com\/avatar\/b4327cfa27e9799da239a26adcd534fc29cdc0c4a4a148eecbcfeb9b42c617ac?s=96&d=mm&r=g","caption":"Pe. Andr\u00e9"},"sameAs":["https:\/\/www.ecclesia.org.br"]}]}},"_links":{"self":[{"href":"https:\/\/news.ecclesia.org.br\/index.php?rest_route=\/wp\/v2\/posts\/27620","targetHints":{"allow":["GET"]}}],"collection":[{"href":"https:\/\/news.ecclesia.org.br\/index.php?rest_route=\/wp\/v2\/posts"}],"about":[{"href":"https:\/\/news.ecclesia.org.br\/index.php?rest_route=\/wp\/v2\/types\/post"}],"author":[{"embeddable":true,"href":"https:\/\/news.ecclesia.org.br\/index.php?rest_route=\/wp\/v2\/users\/1"}],"replies":[{"embeddable":true,"href":"https:\/\/news.ecclesia.org.br\/index.php?rest_route=%2Fwp%2Fv2%2Fcomments&post=27620"}],"version-history":[{"count":1,"href":"https:\/\/news.ecclesia.org.br\/index.php?rest_route=\/wp\/v2\/posts\/27620\/revisions"}],"predecessor-version":[{"id":38554,"href":"https:\/\/news.ecclesia.org.br\/index.php?rest_route=\/wp\/v2\/posts\/27620\/revisions\/38554"}],"wp:attachment":[{"href":"https:\/\/news.ecclesia.org.br\/index.php?rest_route=%2Fwp%2Fv2%2Fmedia&parent=27620"}],"wp:term":[{"taxonomy":"category","embeddable":true,"href":"https:\/\/news.ecclesia.org.br\/index.php?rest_route=%2Fwp%2Fv2%2Fcategories&post=27620"},{"taxonomy":"post_tag","embeddable":true,"href":"https:\/\/news.ecclesia.org.br\/index.php?rest_route=%2Fwp%2Fv2%2Ftags&post=27620"}],"curies":[{"name":"wp","href":"https:\/\/api.w.org\/{rel}","templated":true}]}}