{"id":27538,"date":"2020-02-24T17:12:41","date_gmt":"2020-02-24T17:12:41","guid":{"rendered":"https:\/\/news.ecclesia.org.br\/?p=27538"},"modified":"2020-06-07T22:04:59","modified_gmt":"2020-06-07T22:04:59","slug":"declaracao-do-patriarcado-de-antioquia-e-todo-o-oriente","status":"publish","type":"post","link":"https:\/\/news.ecclesia.org.br\/?p=27538","title":{"rendered":"Declara\u00e7\u00e3o do Patriarcado de Antioquia e de todo o Oriente"},"content":{"rendered":"<p style=\"text-align: justify;\">Balamand, 22 de fevereiro de 2020 &#8212; Ap\u00f3s o generoso convite do Patriarca de Jerusal\u00e9m, S. Beatitude Te\u00f3filos III, ao Patriarca de Antioquia, S. Beatitude Jo\u00e3o X, para participar de uma reuni\u00e3o consultiva dos l\u00edderes da Igreja, em Am\u00e3, Jord\u00e2nia, que ter\u00e1 lugar no vig\u00e9simo quinto dia deste m\u00eas, a Igreja Antioquia declara que n\u00e3o participar\u00e1 desta reuni\u00e3o.<\/p>\n<blockquote>\n<p style=\"text-align: justify;\">A Igreja de Antioquia reconhece a preocupa\u00e7\u00e3o dos primazes das igrejas ortodoxas e suas iniciativas para o que poderia contribuir na busca de solu\u00e7\u00f5es para a grave crise que a Igreja Ortodoxa est\u00e1 testemunhando atualmente. No entanto, decidiu n\u00e3o participar desta reuni\u00e3o, com base nas informa\u00e7\u00f5es fornecidas, e cuidando para evitar acentuar ainda mais a diverg\u00eancia e aprofundar a brecha entre os irm\u00e3os. Sua posi\u00e7\u00e3o n\u00e3o significa que n\u00e3o esteja ansiosa para apressar as solu\u00e7\u00f5es necess\u00e1rias pelas raz\u00f5es que levaram ao rompimento da comunh\u00e3o entre a Igreja de Antioquia e a Igreja de Jerusal\u00e9m, mesmo depois que a Igreja de Antioquia mostrou disposi\u00e7\u00e3o para tudo o que vem facilitar essas solu\u00e7\u00f5es.<\/p>\n<p style=\"text-align: justify;\">Nesta ocasi\u00e3o, a Igreja de Antioquia reitera sua firme posi\u00e7\u00e3o de que o &#8220;consenso un\u00e2nime&#8221; entre as Igrejas, baseado nas Sagradas Escrituras e na Santa Tradi\u00e7\u00e3o, \u00e9 a regra essencial na Igreja Ortodoxa no que diz respeito \u00e0s decis\u00f5es gerais sobre a Igreja universal em vista de encontrar solu\u00e7\u00e3o para os problemas pendentes. Reafirma ainda seu empenho atrav\u00e9s da comunica\u00e7\u00e3o cont\u00ednua com as Igrejas, no que pode gerar uma atmosfera de amor e retorno \u00e0 consulta m\u00fatua e \u00e0 unanimidade entre os irm\u00e3os, para que possa ser fiel \u00e0 miss\u00e3o de alegria, paz, e unidade que o Senhor deseja da Sua Igreja.<\/p>\n<p style=\"text-align: justify;\">A Igreja de Antioquia convida todos os seus filhos a se unirem em ora\u00e7\u00e3o e trabalharem pela paz na Igreja e no mundo inteiro.<\/p>\n<\/blockquote>\n<hr>\n<p style=\"text-align: right;\">Fonte: <a href=\"https:\/\/www.antiochpatriarchate.org\/en\/page\/%D8%A8%D9%8A%D8%A7%D9%86%20%D8%B5%D8%A7%D8%AF%D8%B1%20%D8%B9%D9%86%20%D8%A7%D9%84%D9%85%D8%B1%D9%83%D8%B2%20%D8%A7%D9%84%D8%A3%D9%86%D8%B7%D8%A7%D9%83%D9%8A%20%D8%A7%D9%84%D8%A3%D8%B1%D8%AB%D9%88%D8%B0%D9%83%D8%B3%D9%8A%20%D9%84%D9%84%D8%A5%D8%B9%D9%84%D8%A7%D9%85\/2354\/\" target=\"_blank\" rel=\"noopener noreferrer\">Centro Ortodoxo Antioquino de M\u00eddia<\/a><\/p>\n","protected":false},"excerpt":{"rendered":"<p>Balamand, 22 de fevereiro de 2020 &#8212; Ap\u00f3s o generoso convite do Patriarca de Jerusal\u00e9m, S. Beatitude Te\u00f3filos III, ao Patriarca de Antioquia, S. Beatitude Jo\u00e3o X, para participar de uma reuni\u00e3o consultiva dos l\u00edderes da Igreja, em Am\u00e3, Jord\u00e2nia,&#8230;<\/p>\n","protected":false},"author":1,"featured_media":27539,"comment_status":"open","ping_status":"open","sticky":false,"template":"","format":"standard","meta":{"_acf_changed":false,"footnotes":""},"categories":[1],"tags":[],"class_list":["post-27538","post","type-post","status-publish","format-standard","has-post-thumbnail","hentry","category-news","entry","rows-excerpt"],"acf":[],"yoast_head":"<!-- This site is optimized with the Yoast SEO plugin v27.4 - https:\/\/yoast.com\/product\/yoast-seo-wordpress\/ -->\n<title>Declara\u00e7\u00e3o do Patriarcado de Antioquia e de todo o Oriente | ECCLESIA NEWS<\/title>\n<meta name=\"robots\" content=\"index, follow, max-snippet:-1, max-image-preview:large, max-video-preview:-1\" \/>\n<link rel=\"canonical\" href=\"https:\/\/news.ecclesia.org.br\/?p=27538\" \/>\n<meta property=\"og:locale\" content=\"pt_BR\" \/>\n<meta property=\"og:type\" content=\"article\" \/>\n<meta property=\"og:title\" content=\"Declara\u00e7\u00e3o do Patriarcado de Antioquia e de todo o Oriente | ECCLESIA NEWS\" \/>\n<meta property=\"og:description\" content=\"Balamand, 22 de fevereiro de 2020 &#8212; Ap\u00f3s o generoso convite do Patriarca de Jerusal\u00e9m, S. Beatitude Te\u00f3filos III, ao Patriarca de Antioquia, S. Beatitude Jo\u00e3o X, para participar de uma reuni\u00e3o consultiva dos l\u00edderes da Igreja, em Am\u00e3, Jord\u00e2nia,&#8230;\" \/>\n<meta property=\"og:url\" content=\"https:\/\/news.ecclesia.org.br\/?p=27538\" \/>\n<meta property=\"og:site_name\" content=\"ECCLESIA NEWS\" \/>\n<meta property=\"article:publisher\" content=\"https:\/\/www.facebook.com\/Ecclesia2025\" \/>\n<meta property=\"article:published_time\" content=\"2020-02-24T17:12:41+00:00\" \/>\n<meta property=\"article:modified_time\" content=\"2020-06-07T22:04:59+00:00\" \/>\n<meta property=\"og:image\" content=\"https:\/\/news.ecclesia.org.br\/wp-content\/uploads\/2020\/02\/antioquia-sinodo.jpg\" \/>\n\t<meta property=\"og:image:width\" content=\"800\" \/>\n\t<meta property=\"og:image:height\" content=\"356\" \/>\n\t<meta property=\"og:image:type\" content=\"image\/jpeg\" \/>\n<meta name=\"author\" content=\"Pe. Andr\u00e9\" \/>\n<meta name=\"twitter:card\" content=\"summary_large_image\" \/>\n<meta name=\"twitter:creator\" content=\"@EcclesiaNews\" \/>\n<meta name=\"twitter:site\" content=\"@EcclesiaNews\" \/>\n<meta name=\"twitter:label1\" content=\"Escrito por\" \/>\n\t<meta name=\"twitter:data1\" content=\"Pe. Andr\u00e9\" \/>\n\t<meta name=\"twitter:label2\" content=\"Est. tempo de leitura\" \/>\n\t<meta name=\"twitter:data2\" content=\"2 minutos\" \/>\n<script type=\"application\/ld+json\" class=\"yoast-schema-graph\">{\"@context\":\"https:\\\/\\\/schema.org\",\"@graph\":[{\"@type\":\"Article\",\"@id\":\"https:\\\/\\\/news.ecclesia.org.br\\\/?p=27538#article\",\"isPartOf\":{\"@id\":\"https:\\\/\\\/news.ecclesia.org.br\\\/?p=27538\"},\"author\":{\"name\":\"Pe. Andr\u00e9\",\"@id\":\"https:\\\/\\\/news.ecclesia.org.br\\\/#\\\/schema\\\/person\\\/6f09597f025829745ba414a569f63758\"},\"headline\":\"Declara\u00e7\u00e3o do Patriarcado de Antioquia e de todo o Oriente\",\"datePublished\":\"2020-02-24T17:12:41+00:00\",\"dateModified\":\"2020-06-07T22:04:59+00:00\",\"mainEntityOfPage\":{\"@id\":\"https:\\\/\\\/news.ecclesia.org.br\\\/?p=27538\"},\"wordCount\":348,\"commentCount\":0,\"publisher\":{\"@id\":\"https:\\\/\\\/news.ecclesia.org.br\\\/#organization\"},\"image\":{\"@id\":\"https:\\\/\\\/news.ecclesia.org.br\\\/?p=27538#primaryimage\"},\"thumbnailUrl\":\"https:\\\/\\\/news.ecclesia.org.br\\\/wp-content\\\/uploads\\\/2020\\\/02\\\/antioquia-sinodo.jpg\",\"articleSection\":[\"NEWS\"],\"inLanguage\":\"pt-BR\",\"potentialAction\":[{\"@type\":\"CommentAction\",\"name\":\"Comment\",\"target\":[\"https:\\\/\\\/news.ecclesia.org.br\\\/?p=27538#respond\"]}]},{\"@type\":\"WebPage\",\"@id\":\"https:\\\/\\\/news.ecclesia.org.br\\\/?p=27538\",\"url\":\"https:\\\/\\\/news.ecclesia.org.br\\\/?p=27538\",\"name\":\"Declara\u00e7\u00e3o do Patriarcado de Antioquia e de todo o Oriente | ECCLESIA NEWS\",\"isPartOf\":{\"@id\":\"https:\\\/\\\/news.ecclesia.org.br\\\/#website\"},\"primaryImageOfPage\":{\"@id\":\"https:\\\/\\\/news.ecclesia.org.br\\\/?p=27538#primaryimage\"},\"image\":{\"@id\":\"https:\\\/\\\/news.ecclesia.org.br\\\/?p=27538#primaryimage\"},\"thumbnailUrl\":\"https:\\\/\\\/news.ecclesia.org.br\\\/wp-content\\\/uploads\\\/2020\\\/02\\\/antioquia-sinodo.jpg\",\"datePublished\":\"2020-02-24T17:12:41+00:00\",\"dateModified\":\"2020-06-07T22:04:59+00:00\",\"breadcrumb\":{\"@id\":\"https:\\\/\\\/news.ecclesia.org.br\\\/?p=27538#breadcrumb\"},\"inLanguage\":\"pt-BR\",\"potentialAction\":[{\"@type\":\"ReadAction\",\"target\":[\"https:\\\/\\\/news.ecclesia.org.br\\\/?p=27538\"]}]},{\"@type\":\"ImageObject\",\"inLanguage\":\"pt-BR\",\"@id\":\"https:\\\/\\\/news.ecclesia.org.br\\\/?p=27538#primaryimage\",\"url\":\"https:\\\/\\\/news.ecclesia.org.br\\\/wp-content\\\/uploads\\\/2020\\\/02\\\/antioquia-sinodo.jpg\",\"contentUrl\":\"https:\\\/\\\/news.ecclesia.org.br\\\/wp-content\\\/uploads\\\/2020\\\/02\\\/antioquia-sinodo.jpg\",\"width\":800,\"height\":356},{\"@type\":\"BreadcrumbList\",\"@id\":\"https:\\\/\\\/news.ecclesia.org.br\\\/?p=27538#breadcrumb\",\"itemListElement\":[{\"@type\":\"ListItem\",\"position\":1,\"name\":\"In\u00edcio\",\"item\":\"https:\\\/\\\/news.ecclesia.org.br\\\/\"},{\"@type\":\"ListItem\",\"position\":2,\"name\":\"Declara\u00e7\u00e3o do Patriarcado de Antioquia e de todo o Oriente\"}]},{\"@type\":\"WebSite\",\"@id\":\"https:\\\/\\\/news.ecclesia.org.br\\\/#website\",\"url\":\"https:\\\/\\\/news.ecclesia.org.br\\\/\",\"name\":\"Ecclesia Brasil\",\"description\":\"Desde 2003 onectando o Brasil ao mundo ortodoxo!\",\"publisher\":{\"@id\":\"https:\\\/\\\/news.ecclesia.org.br\\\/#organization\"},\"alternateName\":\"Ecclesia\",\"potentialAction\":[{\"@type\":\"SearchAction\",\"target\":{\"@type\":\"EntryPoint\",\"urlTemplate\":\"https:\\\/\\\/news.ecclesia.org.br\\\/?s={search_term_string}\"},\"query-input\":{\"@type\":\"PropertyValueSpecification\",\"valueRequired\":true,\"valueName\":\"search_term_string\"}}],\"inLanguage\":\"pt-BR\"},{\"@type\":\"Organization\",\"@id\":\"https:\\\/\\\/news.ecclesia.org.br\\\/#organization\",\"name\":\"Sacra Arquidiocese de Buenos Aires e Am\u00e9rica do Sul | Patriarcado Ecum\u00eanico\",\"alternateName\":\"News Ecclesia Brasil\",\"url\":\"https:\\\/\\\/news.ecclesia.org.br\\\/\",\"logo\":{\"@type\":\"ImageObject\",\"inLanguage\":\"pt-BR\",\"@id\":\"https:\\\/\\\/news.ecclesia.org.br\\\/#\\\/schema\\\/logo\\\/image\\\/\",\"url\":\"https:\\\/\\\/news.ecclesia.org.br\\\/wp-content\\\/uploads\\\/2025\\\/05\\\/ecclesia2.png\",\"contentUrl\":\"https:\\\/\\\/news.ecclesia.org.br\\\/wp-content\\\/uploads\\\/2025\\\/05\\\/ecclesia2.png\",\"width\":480,\"height\":120,\"caption\":\"Sacra Arquidiocese de Buenos Aires e Am\u00e9rica do Sul | Patriarcado Ecum\u00eanico\"},\"image\":{\"@id\":\"https:\\\/\\\/news.ecclesia.org.br\\\/#\\\/schema\\\/logo\\\/image\\\/\"},\"sameAs\":[\"https:\\\/\\\/www.facebook.com\\\/Ecclesia2025\",\"https:\\\/\\\/x.com\\\/EcclesiaNews\",\"https:\\\/\\\/br.pinterest.com\\\/ekklisia\\\/\",\"https:\\\/\\\/www.youtube.com\\\/@EcclesiaBrasil\"]},{\"@type\":\"Person\",\"@id\":\"https:\\\/\\\/news.ecclesia.org.br\\\/#\\\/schema\\\/person\\\/6f09597f025829745ba414a569f63758\",\"name\":\"Pe. Andr\u00e9\",\"image\":{\"@type\":\"ImageObject\",\"inLanguage\":\"pt-BR\",\"@id\":\"https:\\\/\\\/secure.gravatar.com\\\/avatar\\\/b4327cfa27e9799da239a26adcd534fc29cdc0c4a4a148eecbcfeb9b42c617ac?s=96&d=mm&r=g\",\"url\":\"https:\\\/\\\/secure.gravatar.com\\\/avatar\\\/b4327cfa27e9799da239a26adcd534fc29cdc0c4a4a148eecbcfeb9b42c617ac?s=96&d=mm&r=g\",\"contentUrl\":\"https:\\\/\\\/secure.gravatar.com\\\/avatar\\\/b4327cfa27e9799da239a26adcd534fc29cdc0c4a4a148eecbcfeb9b42c617ac?s=96&d=mm&r=g\",\"caption\":\"Pe. Andr\u00e9\"},\"sameAs\":[\"https:\\\/\\\/www.ecclesia.org.br\"]}]}<\/script>\n<!-- \/ Yoast SEO plugin. -->","yoast_head_json":{"title":"Declara\u00e7\u00e3o do Patriarcado de Antioquia e de todo o Oriente | ECCLESIA NEWS","robots":{"index":"index","follow":"follow","max-snippet":"max-snippet:-1","max-image-preview":"max-image-preview:large","max-video-preview":"max-video-preview:-1"},"canonical":"https:\/\/news.ecclesia.org.br\/?p=27538","og_locale":"pt_BR","og_type":"article","og_title":"Declara\u00e7\u00e3o do Patriarcado de Antioquia e de todo o Oriente | ECCLESIA NEWS","og_description":"Balamand, 22 de fevereiro de 2020 &#8212; Ap\u00f3s o generoso convite do Patriarca de Jerusal\u00e9m, S. Beatitude Te\u00f3filos III, ao Patriarca de Antioquia, S. Beatitude Jo\u00e3o X, para participar de uma reuni\u00e3o consultiva dos l\u00edderes da Igreja, em Am\u00e3, Jord\u00e2nia,&#8230;","og_url":"https:\/\/news.ecclesia.org.br\/?p=27538","og_site_name":"ECCLESIA NEWS","article_publisher":"https:\/\/www.facebook.com\/Ecclesia2025","article_published_time":"2020-02-24T17:12:41+00:00","article_modified_time":"2020-06-07T22:04:59+00:00","og_image":[{"width":800,"height":356,"url":"https:\/\/news.ecclesia.org.br\/wp-content\/uploads\/2020\/02\/antioquia-sinodo.jpg","type":"image\/jpeg"}],"author":"Pe. Andr\u00e9","twitter_card":"summary_large_image","twitter_creator":"@EcclesiaNews","twitter_site":"@EcclesiaNews","twitter_misc":{"Escrito por":"Pe. Andr\u00e9","Est. tempo de leitura":"2 minutos"},"schema":{"@context":"https:\/\/schema.org","@graph":[{"@type":"Article","@id":"https:\/\/news.ecclesia.org.br\/?p=27538#article","isPartOf":{"@id":"https:\/\/news.ecclesia.org.br\/?p=27538"},"author":{"name":"Pe. Andr\u00e9","@id":"https:\/\/news.ecclesia.org.br\/#\/schema\/person\/6f09597f025829745ba414a569f63758"},"headline":"Declara\u00e7\u00e3o do Patriarcado de Antioquia e de todo o Oriente","datePublished":"2020-02-24T17:12:41+00:00","dateModified":"2020-06-07T22:04:59+00:00","mainEntityOfPage":{"@id":"https:\/\/news.ecclesia.org.br\/?p=27538"},"wordCount":348,"commentCount":0,"publisher":{"@id":"https:\/\/news.ecclesia.org.br\/#organization"},"image":{"@id":"https:\/\/news.ecclesia.org.br\/?p=27538#primaryimage"},"thumbnailUrl":"https:\/\/news.ecclesia.org.br\/wp-content\/uploads\/2020\/02\/antioquia-sinodo.jpg","articleSection":["NEWS"],"inLanguage":"pt-BR","potentialAction":[{"@type":"CommentAction","name":"Comment","target":["https:\/\/news.ecclesia.org.br\/?p=27538#respond"]}]},{"@type":"WebPage","@id":"https:\/\/news.ecclesia.org.br\/?p=27538","url":"https:\/\/news.ecclesia.org.br\/?p=27538","name":"Declara\u00e7\u00e3o do Patriarcado de Antioquia e de todo o Oriente | ECCLESIA NEWS","isPartOf":{"@id":"https:\/\/news.ecclesia.org.br\/#website"},"primaryImageOfPage":{"@id":"https:\/\/news.ecclesia.org.br\/?p=27538#primaryimage"},"image":{"@id":"https:\/\/news.ecclesia.org.br\/?p=27538#primaryimage"},"thumbnailUrl":"https:\/\/news.ecclesia.org.br\/wp-content\/uploads\/2020\/02\/antioquia-sinodo.jpg","datePublished":"2020-02-24T17:12:41+00:00","dateModified":"2020-06-07T22:04:59+00:00","breadcrumb":{"@id":"https:\/\/news.ecclesia.org.br\/?p=27538#breadcrumb"},"inLanguage":"pt-BR","potentialAction":[{"@type":"ReadAction","target":["https:\/\/news.ecclesia.org.br\/?p=27538"]}]},{"@type":"ImageObject","inLanguage":"pt-BR","@id":"https:\/\/news.ecclesia.org.br\/?p=27538#primaryimage","url":"https:\/\/news.ecclesia.org.br\/wp-content\/uploads\/2020\/02\/antioquia-sinodo.jpg","contentUrl":"https:\/\/news.ecclesia.org.br\/wp-content\/uploads\/2020\/02\/antioquia-sinodo.jpg","width":800,"height":356},{"@type":"BreadcrumbList","@id":"https:\/\/news.ecclesia.org.br\/?p=27538#breadcrumb","itemListElement":[{"@type":"ListItem","position":1,"name":"In\u00edcio","item":"https:\/\/news.ecclesia.org.br\/"},{"@type":"ListItem","position":2,"name":"Declara\u00e7\u00e3o do Patriarcado de Antioquia e de todo o Oriente"}]},{"@type":"WebSite","@id":"https:\/\/news.ecclesia.org.br\/#website","url":"https:\/\/news.ecclesia.org.br\/","name":"Ecclesia Brasil","description":"Desde 2003 onectando o Brasil ao mundo ortodoxo!","publisher":{"@id":"https:\/\/news.ecclesia.org.br\/#organization"},"alternateName":"Ecclesia","potentialAction":[{"@type":"SearchAction","target":{"@type":"EntryPoint","urlTemplate":"https:\/\/news.ecclesia.org.br\/?s={search_term_string}"},"query-input":{"@type":"PropertyValueSpecification","valueRequired":true,"valueName":"search_term_string"}}],"inLanguage":"pt-BR"},{"@type":"Organization","@id":"https:\/\/news.ecclesia.org.br\/#organization","name":"Sacra Arquidiocese de Buenos Aires e Am\u00e9rica do Sul | Patriarcado Ecum\u00eanico","alternateName":"News Ecclesia Brasil","url":"https:\/\/news.ecclesia.org.br\/","logo":{"@type":"ImageObject","inLanguage":"pt-BR","@id":"https:\/\/news.ecclesia.org.br\/#\/schema\/logo\/image\/","url":"https:\/\/news.ecclesia.org.br\/wp-content\/uploads\/2025\/05\/ecclesia2.png","contentUrl":"https:\/\/news.ecclesia.org.br\/wp-content\/uploads\/2025\/05\/ecclesia2.png","width":480,"height":120,"caption":"Sacra Arquidiocese de Buenos Aires e Am\u00e9rica do Sul | Patriarcado Ecum\u00eanico"},"image":{"@id":"https:\/\/news.ecclesia.org.br\/#\/schema\/logo\/image\/"},"sameAs":["https:\/\/www.facebook.com\/Ecclesia2025","https:\/\/x.com\/EcclesiaNews","https:\/\/br.pinterest.com\/ekklisia\/","https:\/\/www.youtube.com\/@EcclesiaBrasil"]},{"@type":"Person","@id":"https:\/\/news.ecclesia.org.br\/#\/schema\/person\/6f09597f025829745ba414a569f63758","name":"Pe. Andr\u00e9","image":{"@type":"ImageObject","inLanguage":"pt-BR","@id":"https:\/\/secure.gravatar.com\/avatar\/b4327cfa27e9799da239a26adcd534fc29cdc0c4a4a148eecbcfeb9b42c617ac?s=96&d=mm&r=g","url":"https:\/\/secure.gravatar.com\/avatar\/b4327cfa27e9799da239a26adcd534fc29cdc0c4a4a148eecbcfeb9b42c617ac?s=96&d=mm&r=g","contentUrl":"https:\/\/secure.gravatar.com\/avatar\/b4327cfa27e9799da239a26adcd534fc29cdc0c4a4a148eecbcfeb9b42c617ac?s=96&d=mm&r=g","caption":"Pe. Andr\u00e9"},"sameAs":["https:\/\/www.ecclesia.org.br"]}]}},"_links":{"self":[{"href":"https:\/\/news.ecclesia.org.br\/index.php?rest_route=\/wp\/v2\/posts\/27538","targetHints":{"allow":["GET"]}}],"collection":[{"href":"https:\/\/news.ecclesia.org.br\/index.php?rest_route=\/wp\/v2\/posts"}],"about":[{"href":"https:\/\/news.ecclesia.org.br\/index.php?rest_route=\/wp\/v2\/types\/post"}],"author":[{"embeddable":true,"href":"https:\/\/news.ecclesia.org.br\/index.php?rest_route=\/wp\/v2\/users\/1"}],"replies":[{"embeddable":true,"href":"https:\/\/news.ecclesia.org.br\/index.php?rest_route=%2Fwp%2Fv2%2Fcomments&post=27538"}],"version-history":[{"count":0,"href":"https:\/\/news.ecclesia.org.br\/index.php?rest_route=\/wp\/v2\/posts\/27538\/revisions"}],"wp:featuredmedia":[{"embeddable":true,"href":"https:\/\/news.ecclesia.org.br\/index.php?rest_route=\/wp\/v2\/media\/27539"}],"wp:attachment":[{"href":"https:\/\/news.ecclesia.org.br\/index.php?rest_route=%2Fwp%2Fv2%2Fmedia&parent=27538"}],"wp:term":[{"taxonomy":"category","embeddable":true,"href":"https:\/\/news.ecclesia.org.br\/index.php?rest_route=%2Fwp%2Fv2%2Fcategories&post=27538"},{"taxonomy":"post_tag","embeddable":true,"href":"https:\/\/news.ecclesia.org.br\/index.php?rest_route=%2Fwp%2Fv2%2Ftags&post=27538"}],"curies":[{"name":"wp","href":"https:\/\/api.w.org\/{rel}","templated":true}]}}