{"id":27528,"date":"2020-02-20T22:12:31","date_gmt":"2020-02-20T22:12:31","guid":{"rendered":"https:\/\/news.ecclesia.org.br\/?p=27528"},"modified":"2021-07-27T14:27:37","modified_gmt":"2021-07-27T17:27:37","slug":"arcebispo-anastasios-da-albania-recebe-o-premio-klaus-hemmerle-2020","status":"publish","type":"post","link":"https:\/\/news.ecclesia.org.br\/?p=27528","title":{"rendered":"Arcebispo Anastasios (da Alb\u00e2nia) recebe o pr\u00eamio Klaus Hemmerle 2020"},"content":{"rendered":"\r\n<p class=\"has-drop-cap\" style=\"text-align: justify;\"><img fetchpriority=\"high\" decoding=\"async\" class=\"size-medium wp-image-27520 alignleft\" src=\"https:\/\/news.ecclesia.org.br\/wp-content\/uploads\/2020\/02\/arcebispo-anastasio-219x300.jpg\" alt=\"\" width=\"219\" height=\"300\" srcset=\"https:\/\/news.ecclesia.org.br\/wp-content\/uploads\/2020\/02\/arcebispo-anastasio-219x300.jpg 219w, https:\/\/news.ecclesia.org.br\/wp-content\/uploads\/2020\/02\/arcebispo-anastasio-40x55.jpg 40w, https:\/\/news.ecclesia.org.br\/wp-content\/uploads\/2020\/02\/arcebispo-anastasio.jpg 591w\" sizes=\"(max-width: 219px) 100vw, 219px\" \/>O arcebispo Anastasios de Tirana, Durr\u00ebs e toda a Alb\u00e2nia recebeu o pr\u00eamio Klaus Hemmerle 2020 na Alemanha por sua contribui\u00e7\u00e3o aos esfor\u00e7os inter-religiosos de paz e harmonia. Durante uma cerim\u00f4nia ecum\u00eanica com a participa\u00e7\u00e3o de representantes da comunidade dos Focolares e do cardeal Kurt Koch, presidente do Pontif\u00edcio Conselho para a Promo\u00e7\u00e3o da Unidade dos Crist\u00e3os (Igreja Cat\u00f3lica Romana), o arcebispo Anastasios recebeu o pr\u00eamio na hist\u00f3rica Catedral de Aachen, na Alemanha em14 de fevereiro. O Movimento dos Focolares concede essa distin\u00e7\u00e3o a cada dois anos a personalidades internacionais que contribu\u00edram para alcan\u00e7ar e entender comunidades com diferentes tradi\u00e7\u00f5es culturais e religiosas. O Laudatio foi lido pelo cardeal Koch. Em seu discurso de agradecimento, o Arcebispo Anastasios abordou o tema &#8220;Coexist\u00eancia pac\u00edfica em um mundo multirreligioso&#8221;. Bispos ortodoxos das igrejas alem\u00e3s tamb\u00e9m participaram da cerim\u00f4nia. O pr\u00eamio foi criado em 2002 em nome do &#8220;construtor de pontes&#8221; espiritual Klaus Hemmerle (1929-1994), que foi Bispo de Aachen (1975-1994) e professor de Filosofia da Religi\u00e3o. A tradu\u00e7\u00e3o alem\u00e3 do livro do arcebispo Anastasios, &#8220;Miss\u00e3o aos passos de Cristo&#8221;, publicada recentemente com a ajuda da Universidade de Freiburg (Su\u00ed\u00e7a), estava dispon\u00edvel para as mais de trezentas pessoas que participaram do evento.<\/p>\r\n\r\n\r\n<hr class=\"wp-block-separator\" \/>\r\n\r\n\r\n<p class=\"has-text-align-right\">Fonte: Newsletter CMI Semanal<br \/>Vers\u00e3o em espanhol publicada em 20 de fevereiro de 2020<\/p>\r\n","protected":false},"excerpt":{"rendered":"<p>O arcebispo Anastasios de Tirana, Durr\u00ebs e toda a Alb\u00e2nia recebeu o pr\u00eamio Klaus Hemmerle 2020 na Alemanha por sua contribui\u00e7\u00e3o aos esfor\u00e7os inter-religiosos de paz e harmonia. Durante uma cerim\u00f4nia ecum\u00eanica com a participa\u00e7\u00e3o de representantes da comunidade dos&#8230;<\/p>\n","protected":false},"author":1,"featured_media":0,"comment_status":"open","ping_status":"open","sticky":false,"template":"","format":"standard","meta":{"_acf_changed":false,"footnotes":""},"categories":[1],"tags":[],"class_list":["post-27528","post","type-post","status-publish","format-standard","hentry","category-news","entry","rows-excerpt"],"acf":[],"yoast_head":"<!-- This site is optimized with the Yoast SEO plugin v27.4 - https:\/\/yoast.com\/product\/yoast-seo-wordpress\/ -->\n<title>Arcebispo Anastasios (da Alb\u00e2nia) recebe o pr\u00eamio Klaus Hemmerle 2020 | ECCLESIA NEWS<\/title>\n<meta name=\"robots\" content=\"index, follow, max-snippet:-1, max-image-preview:large, max-video-preview:-1\" \/>\n<link rel=\"canonical\" href=\"https:\/\/news.ecclesia.org.br\/?p=27528\" \/>\n<meta property=\"og:locale\" content=\"pt_BR\" \/>\n<meta property=\"og:type\" content=\"article\" \/>\n<meta property=\"og:title\" content=\"Arcebispo Anastasios (da Alb\u00e2nia) recebe o pr\u00eamio Klaus Hemmerle 2020 | ECCLESIA NEWS\" \/>\n<meta property=\"og:description\" content=\"O arcebispo Anastasios de Tirana, Durr\u00ebs e toda a Alb\u00e2nia recebeu o pr\u00eamio Klaus Hemmerle 2020 na Alemanha por sua contribui\u00e7\u00e3o aos esfor\u00e7os inter-religiosos de paz e harmonia. Durante uma cerim\u00f4nia ecum\u00eanica com a participa\u00e7\u00e3o de representantes da comunidade dos&#8230;\" \/>\n<meta property=\"og:url\" content=\"https:\/\/news.ecclesia.org.br\/?p=27528\" \/>\n<meta property=\"og:site_name\" content=\"ECCLESIA NEWS\" \/>\n<meta property=\"article:publisher\" content=\"https:\/\/www.facebook.com\/Ecclesia2025\" \/>\n<meta property=\"article:published_time\" content=\"2020-02-20T22:12:31+00:00\" \/>\n<meta property=\"article:modified_time\" content=\"2021-07-27T17:27:37+00:00\" \/>\n<meta property=\"og:image\" content=\"https:\/\/news.ecclesia.org.br\/wp-content\/uploads\/2020\/02\/arcebispo-anastasio-219x300.jpg\" \/>\n<meta name=\"author\" content=\"Pe. Andr\u00e9\" \/>\n<meta name=\"twitter:card\" content=\"summary_large_image\" \/>\n<meta name=\"twitter:creator\" content=\"@EcclesiaNews\" \/>\n<meta name=\"twitter:site\" content=\"@EcclesiaNews\" \/>\n<meta name=\"twitter:label1\" content=\"Escrito por\" \/>\n\t<meta name=\"twitter:data1\" content=\"Pe. Andr\u00e9\" \/>\n\t<meta name=\"twitter:label2\" content=\"Est. tempo de leitura\" \/>\n\t<meta name=\"twitter:data2\" content=\"1 minuto\" \/>\n<script type=\"application\/ld+json\" class=\"yoast-schema-graph\">{\"@context\":\"https:\\\/\\\/schema.org\",\"@graph\":[{\"@type\":\"Article\",\"@id\":\"https:\\\/\\\/news.ecclesia.org.br\\\/?p=27528#article\",\"isPartOf\":{\"@id\":\"https:\\\/\\\/news.ecclesia.org.br\\\/?p=27528\"},\"author\":{\"name\":\"Pe. Andr\u00e9\",\"@id\":\"https:\\\/\\\/news.ecclesia.org.br\\\/#\\\/schema\\\/person\\\/6f09597f025829745ba414a569f63758\"},\"headline\":\"Arcebispo Anastasios (da Alb\u00e2nia) recebe o pr\u00eamio Klaus Hemmerle 2020\",\"datePublished\":\"2020-02-20T22:12:31+00:00\",\"dateModified\":\"2021-07-27T17:27:37+00:00\",\"mainEntityOfPage\":{\"@id\":\"https:\\\/\\\/news.ecclesia.org.br\\\/?p=27528\"},\"wordCount\":249,\"commentCount\":0,\"publisher\":{\"@id\":\"https:\\\/\\\/news.ecclesia.org.br\\\/#organization\"},\"image\":{\"@id\":\"https:\\\/\\\/news.ecclesia.org.br\\\/?p=27528#primaryimage\"},\"thumbnailUrl\":\"https:\\\/\\\/news.ecclesia.org.br\\\/wp-content\\\/uploads\\\/2020\\\/02\\\/arcebispo-anastasio-219x300.jpg\",\"articleSection\":[\"NEWS\"],\"inLanguage\":\"pt-BR\",\"potentialAction\":[{\"@type\":\"CommentAction\",\"name\":\"Comment\",\"target\":[\"https:\\\/\\\/news.ecclesia.org.br\\\/?p=27528#respond\"]}]},{\"@type\":\"WebPage\",\"@id\":\"https:\\\/\\\/news.ecclesia.org.br\\\/?p=27528\",\"url\":\"https:\\\/\\\/news.ecclesia.org.br\\\/?p=27528\",\"name\":\"Arcebispo Anastasios (da Alb\u00e2nia) recebe o pr\u00eamio Klaus Hemmerle 2020 | ECCLESIA NEWS\",\"isPartOf\":{\"@id\":\"https:\\\/\\\/news.ecclesia.org.br\\\/#website\"},\"primaryImageOfPage\":{\"@id\":\"https:\\\/\\\/news.ecclesia.org.br\\\/?p=27528#primaryimage\"},\"image\":{\"@id\":\"https:\\\/\\\/news.ecclesia.org.br\\\/?p=27528#primaryimage\"},\"thumbnailUrl\":\"https:\\\/\\\/news.ecclesia.org.br\\\/wp-content\\\/uploads\\\/2020\\\/02\\\/arcebispo-anastasio-219x300.jpg\",\"datePublished\":\"2020-02-20T22:12:31+00:00\",\"dateModified\":\"2021-07-27T17:27:37+00:00\",\"breadcrumb\":{\"@id\":\"https:\\\/\\\/news.ecclesia.org.br\\\/?p=27528#breadcrumb\"},\"inLanguage\":\"pt-BR\",\"potentialAction\":[{\"@type\":\"ReadAction\",\"target\":[\"https:\\\/\\\/news.ecclesia.org.br\\\/?p=27528\"]}]},{\"@type\":\"ImageObject\",\"inLanguage\":\"pt-BR\",\"@id\":\"https:\\\/\\\/news.ecclesia.org.br\\\/?p=27528#primaryimage\",\"url\":\"https:\\\/\\\/news.ecclesia.org.br\\\/wp-content\\\/uploads\\\/2020\\\/02\\\/arcebispo-anastasio.jpg\",\"contentUrl\":\"https:\\\/\\\/news.ecclesia.org.br\\\/wp-content\\\/uploads\\\/2020\\\/02\\\/arcebispo-anastasio.jpg\",\"width\":591,\"height\":810},{\"@type\":\"BreadcrumbList\",\"@id\":\"https:\\\/\\\/news.ecclesia.org.br\\\/?p=27528#breadcrumb\",\"itemListElement\":[{\"@type\":\"ListItem\",\"position\":1,\"name\":\"In\u00edcio\",\"item\":\"https:\\\/\\\/news.ecclesia.org.br\\\/\"},{\"@type\":\"ListItem\",\"position\":2,\"name\":\"Arcebispo Anastasios (da Alb\u00e2nia) recebe o pr\u00eamio Klaus Hemmerle 2020\"}]},{\"@type\":\"WebSite\",\"@id\":\"https:\\\/\\\/news.ecclesia.org.br\\\/#website\",\"url\":\"https:\\\/\\\/news.ecclesia.org.br\\\/\",\"name\":\"Ecclesia Brasil\",\"description\":\"Desde 2003 onectando o Brasil ao mundo ortodoxo!\",\"publisher\":{\"@id\":\"https:\\\/\\\/news.ecclesia.org.br\\\/#organization\"},\"alternateName\":\"Ecclesia\",\"potentialAction\":[{\"@type\":\"SearchAction\",\"target\":{\"@type\":\"EntryPoint\",\"urlTemplate\":\"https:\\\/\\\/news.ecclesia.org.br\\\/?s={search_term_string}\"},\"query-input\":{\"@type\":\"PropertyValueSpecification\",\"valueRequired\":true,\"valueName\":\"search_term_string\"}}],\"inLanguage\":\"pt-BR\"},{\"@type\":\"Organization\",\"@id\":\"https:\\\/\\\/news.ecclesia.org.br\\\/#organization\",\"name\":\"Sacra Arquidiocese de Buenos Aires e Am\u00e9rica do Sul | Patriarcado Ecum\u00eanico\",\"alternateName\":\"News Ecclesia Brasil\",\"url\":\"https:\\\/\\\/news.ecclesia.org.br\\\/\",\"logo\":{\"@type\":\"ImageObject\",\"inLanguage\":\"pt-BR\",\"@id\":\"https:\\\/\\\/news.ecclesia.org.br\\\/#\\\/schema\\\/logo\\\/image\\\/\",\"url\":\"https:\\\/\\\/news.ecclesia.org.br\\\/wp-content\\\/uploads\\\/2025\\\/05\\\/ecclesia2.png\",\"contentUrl\":\"https:\\\/\\\/news.ecclesia.org.br\\\/wp-content\\\/uploads\\\/2025\\\/05\\\/ecclesia2.png\",\"width\":480,\"height\":120,\"caption\":\"Sacra Arquidiocese de Buenos Aires e Am\u00e9rica do Sul | Patriarcado Ecum\u00eanico\"},\"image\":{\"@id\":\"https:\\\/\\\/news.ecclesia.org.br\\\/#\\\/schema\\\/logo\\\/image\\\/\"},\"sameAs\":[\"https:\\\/\\\/www.facebook.com\\\/Ecclesia2025\",\"https:\\\/\\\/x.com\\\/EcclesiaNews\",\"https:\\\/\\\/br.pinterest.com\\\/ekklisia\\\/\",\"https:\\\/\\\/www.youtube.com\\\/@EcclesiaBrasil\"]},{\"@type\":\"Person\",\"@id\":\"https:\\\/\\\/news.ecclesia.org.br\\\/#\\\/schema\\\/person\\\/6f09597f025829745ba414a569f63758\",\"name\":\"Pe. Andr\u00e9\",\"image\":{\"@type\":\"ImageObject\",\"inLanguage\":\"pt-BR\",\"@id\":\"https:\\\/\\\/secure.gravatar.com\\\/avatar\\\/b4327cfa27e9799da239a26adcd534fc29cdc0c4a4a148eecbcfeb9b42c617ac?s=96&d=mm&r=g\",\"url\":\"https:\\\/\\\/secure.gravatar.com\\\/avatar\\\/b4327cfa27e9799da239a26adcd534fc29cdc0c4a4a148eecbcfeb9b42c617ac?s=96&d=mm&r=g\",\"contentUrl\":\"https:\\\/\\\/secure.gravatar.com\\\/avatar\\\/b4327cfa27e9799da239a26adcd534fc29cdc0c4a4a148eecbcfeb9b42c617ac?s=96&d=mm&r=g\",\"caption\":\"Pe. Andr\u00e9\"},\"sameAs\":[\"https:\\\/\\\/www.ecclesia.org.br\"]}]}<\/script>\n<!-- \/ Yoast SEO plugin. -->","yoast_head_json":{"title":"Arcebispo Anastasios (da Alb\u00e2nia) recebe o pr\u00eamio Klaus Hemmerle 2020 | ECCLESIA NEWS","robots":{"index":"index","follow":"follow","max-snippet":"max-snippet:-1","max-image-preview":"max-image-preview:large","max-video-preview":"max-video-preview:-1"},"canonical":"https:\/\/news.ecclesia.org.br\/?p=27528","og_locale":"pt_BR","og_type":"article","og_title":"Arcebispo Anastasios (da Alb\u00e2nia) recebe o pr\u00eamio Klaus Hemmerle 2020 | ECCLESIA NEWS","og_description":"O arcebispo Anastasios de Tirana, Durr\u00ebs e toda a Alb\u00e2nia recebeu o pr\u00eamio Klaus Hemmerle 2020 na Alemanha por sua contribui\u00e7\u00e3o aos esfor\u00e7os inter-religiosos de paz e harmonia. Durante uma cerim\u00f4nia ecum\u00eanica com a participa\u00e7\u00e3o de representantes da comunidade dos&#8230;","og_url":"https:\/\/news.ecclesia.org.br\/?p=27528","og_site_name":"ECCLESIA NEWS","article_publisher":"https:\/\/www.facebook.com\/Ecclesia2025","article_published_time":"2020-02-20T22:12:31+00:00","article_modified_time":"2021-07-27T17:27:37+00:00","og_image":[{"url":"https:\/\/news.ecclesia.org.br\/wp-content\/uploads\/2020\/02\/arcebispo-anastasio-219x300.jpg","type":"","width":"","height":""}],"author":"Pe. Andr\u00e9","twitter_card":"summary_large_image","twitter_creator":"@EcclesiaNews","twitter_site":"@EcclesiaNews","twitter_misc":{"Escrito por":"Pe. Andr\u00e9","Est. tempo de leitura":"1 minuto"},"schema":{"@context":"https:\/\/schema.org","@graph":[{"@type":"Article","@id":"https:\/\/news.ecclesia.org.br\/?p=27528#article","isPartOf":{"@id":"https:\/\/news.ecclesia.org.br\/?p=27528"},"author":{"name":"Pe. Andr\u00e9","@id":"https:\/\/news.ecclesia.org.br\/#\/schema\/person\/6f09597f025829745ba414a569f63758"},"headline":"Arcebispo Anastasios (da Alb\u00e2nia) recebe o pr\u00eamio Klaus Hemmerle 2020","datePublished":"2020-02-20T22:12:31+00:00","dateModified":"2021-07-27T17:27:37+00:00","mainEntityOfPage":{"@id":"https:\/\/news.ecclesia.org.br\/?p=27528"},"wordCount":249,"commentCount":0,"publisher":{"@id":"https:\/\/news.ecclesia.org.br\/#organization"},"image":{"@id":"https:\/\/news.ecclesia.org.br\/?p=27528#primaryimage"},"thumbnailUrl":"https:\/\/news.ecclesia.org.br\/wp-content\/uploads\/2020\/02\/arcebispo-anastasio-219x300.jpg","articleSection":["NEWS"],"inLanguage":"pt-BR","potentialAction":[{"@type":"CommentAction","name":"Comment","target":["https:\/\/news.ecclesia.org.br\/?p=27528#respond"]}]},{"@type":"WebPage","@id":"https:\/\/news.ecclesia.org.br\/?p=27528","url":"https:\/\/news.ecclesia.org.br\/?p=27528","name":"Arcebispo Anastasios (da Alb\u00e2nia) recebe o pr\u00eamio Klaus Hemmerle 2020 | ECCLESIA NEWS","isPartOf":{"@id":"https:\/\/news.ecclesia.org.br\/#website"},"primaryImageOfPage":{"@id":"https:\/\/news.ecclesia.org.br\/?p=27528#primaryimage"},"image":{"@id":"https:\/\/news.ecclesia.org.br\/?p=27528#primaryimage"},"thumbnailUrl":"https:\/\/news.ecclesia.org.br\/wp-content\/uploads\/2020\/02\/arcebispo-anastasio-219x300.jpg","datePublished":"2020-02-20T22:12:31+00:00","dateModified":"2021-07-27T17:27:37+00:00","breadcrumb":{"@id":"https:\/\/news.ecclesia.org.br\/?p=27528#breadcrumb"},"inLanguage":"pt-BR","potentialAction":[{"@type":"ReadAction","target":["https:\/\/news.ecclesia.org.br\/?p=27528"]}]},{"@type":"ImageObject","inLanguage":"pt-BR","@id":"https:\/\/news.ecclesia.org.br\/?p=27528#primaryimage","url":"https:\/\/news.ecclesia.org.br\/wp-content\/uploads\/2020\/02\/arcebispo-anastasio.jpg","contentUrl":"https:\/\/news.ecclesia.org.br\/wp-content\/uploads\/2020\/02\/arcebispo-anastasio.jpg","width":591,"height":810},{"@type":"BreadcrumbList","@id":"https:\/\/news.ecclesia.org.br\/?p=27528#breadcrumb","itemListElement":[{"@type":"ListItem","position":1,"name":"In\u00edcio","item":"https:\/\/news.ecclesia.org.br\/"},{"@type":"ListItem","position":2,"name":"Arcebispo Anastasios (da Alb\u00e2nia) recebe o pr\u00eamio Klaus Hemmerle 2020"}]},{"@type":"WebSite","@id":"https:\/\/news.ecclesia.org.br\/#website","url":"https:\/\/news.ecclesia.org.br\/","name":"Ecclesia Brasil","description":"Desde 2003 onectando o Brasil ao mundo ortodoxo!","publisher":{"@id":"https:\/\/news.ecclesia.org.br\/#organization"},"alternateName":"Ecclesia","potentialAction":[{"@type":"SearchAction","target":{"@type":"EntryPoint","urlTemplate":"https:\/\/news.ecclesia.org.br\/?s={search_term_string}"},"query-input":{"@type":"PropertyValueSpecification","valueRequired":true,"valueName":"search_term_string"}}],"inLanguage":"pt-BR"},{"@type":"Organization","@id":"https:\/\/news.ecclesia.org.br\/#organization","name":"Sacra Arquidiocese de Buenos Aires e Am\u00e9rica do Sul | Patriarcado Ecum\u00eanico","alternateName":"News Ecclesia Brasil","url":"https:\/\/news.ecclesia.org.br\/","logo":{"@type":"ImageObject","inLanguage":"pt-BR","@id":"https:\/\/news.ecclesia.org.br\/#\/schema\/logo\/image\/","url":"https:\/\/news.ecclesia.org.br\/wp-content\/uploads\/2025\/05\/ecclesia2.png","contentUrl":"https:\/\/news.ecclesia.org.br\/wp-content\/uploads\/2025\/05\/ecclesia2.png","width":480,"height":120,"caption":"Sacra Arquidiocese de Buenos Aires e Am\u00e9rica do Sul | Patriarcado Ecum\u00eanico"},"image":{"@id":"https:\/\/news.ecclesia.org.br\/#\/schema\/logo\/image\/"},"sameAs":["https:\/\/www.facebook.com\/Ecclesia2025","https:\/\/x.com\/EcclesiaNews","https:\/\/br.pinterest.com\/ekklisia\/","https:\/\/www.youtube.com\/@EcclesiaBrasil"]},{"@type":"Person","@id":"https:\/\/news.ecclesia.org.br\/#\/schema\/person\/6f09597f025829745ba414a569f63758","name":"Pe. Andr\u00e9","image":{"@type":"ImageObject","inLanguage":"pt-BR","@id":"https:\/\/secure.gravatar.com\/avatar\/b4327cfa27e9799da239a26adcd534fc29cdc0c4a4a148eecbcfeb9b42c617ac?s=96&d=mm&r=g","url":"https:\/\/secure.gravatar.com\/avatar\/b4327cfa27e9799da239a26adcd534fc29cdc0c4a4a148eecbcfeb9b42c617ac?s=96&d=mm&r=g","contentUrl":"https:\/\/secure.gravatar.com\/avatar\/b4327cfa27e9799da239a26adcd534fc29cdc0c4a4a148eecbcfeb9b42c617ac?s=96&d=mm&r=g","caption":"Pe. Andr\u00e9"},"sameAs":["https:\/\/www.ecclesia.org.br"]}]}},"_links":{"self":[{"href":"https:\/\/news.ecclesia.org.br\/index.php?rest_route=\/wp\/v2\/posts\/27528","targetHints":{"allow":["GET"]}}],"collection":[{"href":"https:\/\/news.ecclesia.org.br\/index.php?rest_route=\/wp\/v2\/posts"}],"about":[{"href":"https:\/\/news.ecclesia.org.br\/index.php?rest_route=\/wp\/v2\/types\/post"}],"author":[{"embeddable":true,"href":"https:\/\/news.ecclesia.org.br\/index.php?rest_route=\/wp\/v2\/users\/1"}],"replies":[{"embeddable":true,"href":"https:\/\/news.ecclesia.org.br\/index.php?rest_route=%2Fwp%2Fv2%2Fcomments&post=27528"}],"version-history":[{"count":2,"href":"https:\/\/news.ecclesia.org.br\/index.php?rest_route=\/wp\/v2\/posts\/27528\/revisions"}],"predecessor-version":[{"id":38557,"href":"https:\/\/news.ecclesia.org.br\/index.php?rest_route=\/wp\/v2\/posts\/27528\/revisions\/38557"}],"wp:attachment":[{"href":"https:\/\/news.ecclesia.org.br\/index.php?rest_route=%2Fwp%2Fv2%2Fmedia&parent=27528"}],"wp:term":[{"taxonomy":"category","embeddable":true,"href":"https:\/\/news.ecclesia.org.br\/index.php?rest_route=%2Fwp%2Fv2%2Fcategories&post=27528"},{"taxonomy":"post_tag","embeddable":true,"href":"https:\/\/news.ecclesia.org.br\/index.php?rest_route=%2Fwp%2Fv2%2Ftags&post=27528"}],"curies":[{"name":"wp","href":"https:\/\/api.w.org\/{rel}","templated":true}]}}