{"id":27406,"date":"2020-02-03T12:35:32","date_gmt":"2020-02-03T12:35:32","guid":{"rendered":"https:\/\/news.ecclesia.org.br\/?p=27406"},"modified":"2020-06-07T22:08:51","modified_gmt":"2020-06-07T22:08:51","slug":"patriarcado-de-antioquia-dedica-o-ano-de-2020-a-familia-crista","status":"publish","type":"post","link":"https:\/\/news.ecclesia.org.br\/?p=27406","title":{"rendered":"\u00abFam\u00edlia \u2013 a alegria da vida\u00bb: Patriarcado de Antioquia dedica o ano de 2020 \u00e0 Fam\u00edlia Crist\u00e3"},"content":{"rendered":"\n<p class=\"has-drop-cap\">A fam\u00edlia crist\u00e3 e as solu\u00e7\u00f5es para os desafios que enfrenta s\u00e3o uma das principais preocupa\u00e7\u00f5es da Igreja Ortodoxa de Antioquia em 2020. A decis\u00e3o de dedicar este ano \u00e0 fam\u00edlia foi adotada na reuni\u00e3o sinodal de outubro de 2019, quando foi anunciada a reda\u00e7\u00e3o de uma Carta Pastoral sobre esse assunto. A enc\u00edclica foi publicada recentemente em \u00e1rabe.<\/p>\n\n\n\n<p>As 52 p\u00e1ginas est\u00e3o organizadas em cinco cap\u00edtulos:<\/p>\n\n\n\n<ol class=\"wp-block-list\"><li style=\"text-align: justify;\">Base teol\u00f3gica para o casamento crist\u00e3o;<\/li><li style=\"text-align: justify;\">Desafios contempor\u00e2neos da fam\u00edlia;<\/li><li style=\"text-align: justify;\">Problemas de \u00e9tica da vida;<\/li><li style=\"text-align: justify;\">O papel da fam\u00edlia na vida da Igreja;<\/li><li style=\"text-align: justify;\">Recomenda\u00e7\u00f5es pastorais.<\/li><\/ol>\n\n\n\n<blockquote class=\"wp-block-quote is-layout-flow wp-block-quote-is-layout-flow\"><p style=\"text-align: justify;\">&#8220;Dirigimos esta carta pastoral a todos os filhos do Patriarcado de Antioquia, do pa\u00eds de origem, mas tamb\u00e9m da di\u00e1spora, buscando apoiar a todos, solteiros ou casados\u201d (&#8230;)<\/p><\/blockquote>\n\n\n\n<p>(&#8230;) l\u00ea-se na introdu\u00e7\u00e3o do documento em que s\u00e3o abordados aspectos como: doa\u00e7\u00e3o de \u00f3rg\u00e3os, conviv\u00eancia, homossexualidade, educa\u00e7\u00e3o crist\u00e3 etc. Ao enfatizar que &#8220;a fam\u00edlia \u00e9 o cora\u00e7\u00e3o e o n\u00facleo da sociedade e o pilar fundamental da vida crist\u00e3&#8221;, os hierarcas de Antioquia mostram que seu apoio &#8220;representa a principal preocupa\u00e7\u00e3o da Igreja&#8221;. No documento do Patriarcado de Antioquia, menciona-se que &#8220;a manuten\u00e7\u00e3o da estabilidade familiar \u00e9 uma das primeiras condi\u00e7\u00f5es para resistir \u00e0s diferentes crises econ\u00f4micas&#8221;, raz\u00e3o pela qual a Igreja &#8220;afirma que seu esfor\u00e7o priorit\u00e1rio \u00e9 direcionado em canalizar todas as energias e capacidades para sustentar a fam\u00edlia\u201d. A Igreja convida seus filhos a se engajar construtivamente nesse esfor\u00e7o de humanizar as sociedades e a justificar seus esfor\u00e7os. A Carta destaca as quest\u00f5es fundamentais da vida familiar e recomendam que cada diocese \u201cponha em pr\u00e1tica as id\u00e9ias apresentadas (\u2026) de acordo com as circunst\u00e2ncias e condi\u00e7\u00f5es espec\u00edficas da sociedade em que cumpre sua miss\u00e3o e age de acordo com as leis e regulamentos locais \u201d. A carta pastoral \u00e9 intitulada &#8220;A Fam\u00edlia &#8211; a alegria da vida&#8221;.<\/p>\n\n\n\n<blockquote class=\"wp-block-quote is-layout-flow wp-block-quote-is-layout-flow\"><p style=\"text-align: justify;\">A miss\u00e3o de implementa\u00e7\u00e3o cabe a todos n\u00f3s, pastores e fi\u00e9is, pois todo crente \u00e9 respons\u00e1vel pelos talentos e sabedoria que Deus concedeu.<\/p><\/blockquote>\n\n\n\n<hr class=\"wp-block-separator\"\/>\n\n\n\n<p class=\"has-text-align-right\">Tradu\u00e7\u00e3o do \u00e1rabe: Pe. Gheorghe Costea<br>Fonte: <a href=\"https:\/\/basilica.ro\/patriarhia-antiohiei-a-dedicat-anul-2020-familiei-crestine\/\" target=\"_blank\" rel=\"noopener noreferrer\">Basilica.ro<\/a><\/p>\n","protected":false},"excerpt":{"rendered":"<p>A fam\u00edlia crist\u00e3 e as solu\u00e7\u00f5es para os desafios que enfrenta s\u00e3o uma das principais preocupa\u00e7\u00f5es da Igreja Ortodoxa de Antioquia em 2020. A decis\u00e3o de dedicar este ano \u00e0 fam\u00edlia foi adotada na reuni\u00e3o sinodal de outubro de 2019,&#8230;<\/p>\n","protected":false},"author":1,"featured_media":27408,"comment_status":"open","ping_status":"open","sticky":false,"template":"","format":"standard","meta":{"_acf_changed":false,"footnotes":""},"categories":[1],"tags":[],"class_list":["post-27406","post","type-post","status-publish","format-standard","has-post-thumbnail","hentry","category-news","entry","rows-excerpt"],"acf":[],"yoast_head":"<!-- This site is optimized with the Yoast SEO plugin v27.4 - https:\/\/yoast.com\/product\/yoast-seo-wordpress\/ -->\n<title>\u00abFam\u00edlia \u2013 a alegria da vida\u00bb: Patriarcado de Antioquia dedica o ano de 2020 \u00e0 Fam\u00edlia Crist\u00e3 | ECCLESIA NEWS<\/title>\n<meta name=\"robots\" content=\"index, follow, max-snippet:-1, max-image-preview:large, max-video-preview:-1\" \/>\n<link rel=\"canonical\" href=\"https:\/\/news.ecclesia.org.br\/?p=27406\" \/>\n<meta property=\"og:locale\" content=\"pt_BR\" \/>\n<meta property=\"og:type\" content=\"article\" \/>\n<meta property=\"og:title\" content=\"\u00abFam\u00edlia \u2013 a alegria da vida\u00bb: Patriarcado de Antioquia dedica o ano de 2020 \u00e0 Fam\u00edlia Crist\u00e3 | ECCLESIA NEWS\" \/>\n<meta property=\"og:description\" content=\"A fam\u00edlia crist\u00e3 e as solu\u00e7\u00f5es para os desafios que enfrenta s\u00e3o uma das principais preocupa\u00e7\u00f5es da Igreja Ortodoxa de Antioquia em 2020. A decis\u00e3o de dedicar este ano \u00e0 fam\u00edlia foi adotada na reuni\u00e3o sinodal de outubro de 2019,&#8230;\" \/>\n<meta property=\"og:url\" content=\"https:\/\/news.ecclesia.org.br\/?p=27406\" \/>\n<meta property=\"og:site_name\" content=\"ECCLESIA NEWS\" \/>\n<meta property=\"article:publisher\" content=\"https:\/\/www.facebook.com\/Ecclesia2025\" \/>\n<meta property=\"article:published_time\" content=\"2020-02-03T12:35:32+00:00\" \/>\n<meta property=\"article:modified_time\" content=\"2020-06-07T22:08:51+00:00\" \/>\n<meta property=\"og:image\" content=\"https:\/\/news.ecclesia.org.br\/wp-content\/uploads\/2020\/02\/sinodo-antioquia.jpg\" \/>\n\t<meta property=\"og:image:width\" content=\"1586\" \/>\n\t<meta property=\"og:image:height\" content=\"814\" \/>\n\t<meta property=\"og:image:type\" content=\"image\/jpeg\" \/>\n<meta name=\"author\" content=\"Pe. Andr\u00e9\" \/>\n<meta name=\"twitter:card\" content=\"summary_large_image\" \/>\n<meta name=\"twitter:creator\" content=\"@EcclesiaNews\" \/>\n<meta name=\"twitter:site\" content=\"@EcclesiaNews\" \/>\n<meta name=\"twitter:label1\" content=\"Escrito por\" \/>\n\t<meta name=\"twitter:data1\" content=\"Pe. Andr\u00e9\" \/>\n\t<meta name=\"twitter:label2\" content=\"Est. tempo de leitura\" \/>\n\t<meta name=\"twitter:data2\" content=\"2 minutos\" \/>\n<script type=\"application\/ld+json\" class=\"yoast-schema-graph\">{\"@context\":\"https:\\\/\\\/schema.org\",\"@graph\":[{\"@type\":\"Article\",\"@id\":\"https:\\\/\\\/news.ecclesia.org.br\\\/?p=27406#article\",\"isPartOf\":{\"@id\":\"https:\\\/\\\/news.ecclesia.org.br\\\/?p=27406\"},\"author\":{\"name\":\"Pe. Andr\u00e9\",\"@id\":\"https:\\\/\\\/news.ecclesia.org.br\\\/#\\\/schema\\\/person\\\/6f09597f025829745ba414a569f63758\"},\"headline\":\"\u00abFam\u00edlia \u2013 a alegria da vida\u00bb: Patriarcado de Antioquia dedica o ano de 2020 \u00e0 Fam\u00edlia Crist\u00e3\",\"datePublished\":\"2020-02-03T12:35:32+00:00\",\"dateModified\":\"2020-06-07T22:08:51+00:00\",\"mainEntityOfPage\":{\"@id\":\"https:\\\/\\\/news.ecclesia.org.br\\\/?p=27406\"},\"wordCount\":389,\"commentCount\":0,\"publisher\":{\"@id\":\"https:\\\/\\\/news.ecclesia.org.br\\\/#organization\"},\"image\":{\"@id\":\"https:\\\/\\\/news.ecclesia.org.br\\\/?p=27406#primaryimage\"},\"thumbnailUrl\":\"https:\\\/\\\/news.ecclesia.org.br\\\/wp-content\\\/uploads\\\/2020\\\/02\\\/sinodo-antioquia.jpg\",\"articleSection\":[\"NEWS\"],\"inLanguage\":\"pt-BR\",\"potentialAction\":[{\"@type\":\"CommentAction\",\"name\":\"Comment\",\"target\":[\"https:\\\/\\\/news.ecclesia.org.br\\\/?p=27406#respond\"]}]},{\"@type\":\"WebPage\",\"@id\":\"https:\\\/\\\/news.ecclesia.org.br\\\/?p=27406\",\"url\":\"https:\\\/\\\/news.ecclesia.org.br\\\/?p=27406\",\"name\":\"\u00abFam\u00edlia \u2013 a alegria da vida\u00bb: Patriarcado de Antioquia dedica o ano de 2020 \u00e0 Fam\u00edlia Crist\u00e3 | ECCLESIA NEWS\",\"isPartOf\":{\"@id\":\"https:\\\/\\\/news.ecclesia.org.br\\\/#website\"},\"primaryImageOfPage\":{\"@id\":\"https:\\\/\\\/news.ecclesia.org.br\\\/?p=27406#primaryimage\"},\"image\":{\"@id\":\"https:\\\/\\\/news.ecclesia.org.br\\\/?p=27406#primaryimage\"},\"thumbnailUrl\":\"https:\\\/\\\/news.ecclesia.org.br\\\/wp-content\\\/uploads\\\/2020\\\/02\\\/sinodo-antioquia.jpg\",\"datePublished\":\"2020-02-03T12:35:32+00:00\",\"dateModified\":\"2020-06-07T22:08:51+00:00\",\"breadcrumb\":{\"@id\":\"https:\\\/\\\/news.ecclesia.org.br\\\/?p=27406#breadcrumb\"},\"inLanguage\":\"pt-BR\",\"potentialAction\":[{\"@type\":\"ReadAction\",\"target\":[\"https:\\\/\\\/news.ecclesia.org.br\\\/?p=27406\"]}]},{\"@type\":\"ImageObject\",\"inLanguage\":\"pt-BR\",\"@id\":\"https:\\\/\\\/news.ecclesia.org.br\\\/?p=27406#primaryimage\",\"url\":\"https:\\\/\\\/news.ecclesia.org.br\\\/wp-content\\\/uploads\\\/2020\\\/02\\\/sinodo-antioquia.jpg\",\"contentUrl\":\"https:\\\/\\\/news.ecclesia.org.br\\\/wp-content\\\/uploads\\\/2020\\\/02\\\/sinodo-antioquia.jpg\",\"width\":1586,\"height\":814},{\"@type\":\"BreadcrumbList\",\"@id\":\"https:\\\/\\\/news.ecclesia.org.br\\\/?p=27406#breadcrumb\",\"itemListElement\":[{\"@type\":\"ListItem\",\"position\":1,\"name\":\"In\u00edcio\",\"item\":\"https:\\\/\\\/news.ecclesia.org.br\\\/\"},{\"@type\":\"ListItem\",\"position\":2,\"name\":\"\u00abFam\u00edlia \u2013 a alegria da vida\u00bb: Patriarcado de Antioquia dedica o ano de 2020 \u00e0 Fam\u00edlia Crist\u00e3\"}]},{\"@type\":\"WebSite\",\"@id\":\"https:\\\/\\\/news.ecclesia.org.br\\\/#website\",\"url\":\"https:\\\/\\\/news.ecclesia.org.br\\\/\",\"name\":\"Ecclesia Brasil\",\"description\":\"Desde 2003 onectando o Brasil ao mundo ortodoxo!\",\"publisher\":{\"@id\":\"https:\\\/\\\/news.ecclesia.org.br\\\/#organization\"},\"alternateName\":\"Ecclesia\",\"potentialAction\":[{\"@type\":\"SearchAction\",\"target\":{\"@type\":\"EntryPoint\",\"urlTemplate\":\"https:\\\/\\\/news.ecclesia.org.br\\\/?s={search_term_string}\"},\"query-input\":{\"@type\":\"PropertyValueSpecification\",\"valueRequired\":true,\"valueName\":\"search_term_string\"}}],\"inLanguage\":\"pt-BR\"},{\"@type\":\"Organization\",\"@id\":\"https:\\\/\\\/news.ecclesia.org.br\\\/#organization\",\"name\":\"Sacra Arquidiocese de Buenos Aires e Am\u00e9rica do Sul | Patriarcado Ecum\u00eanico\",\"alternateName\":\"News Ecclesia Brasil\",\"url\":\"https:\\\/\\\/news.ecclesia.org.br\\\/\",\"logo\":{\"@type\":\"ImageObject\",\"inLanguage\":\"pt-BR\",\"@id\":\"https:\\\/\\\/news.ecclesia.org.br\\\/#\\\/schema\\\/logo\\\/image\\\/\",\"url\":\"https:\\\/\\\/news.ecclesia.org.br\\\/wp-content\\\/uploads\\\/2025\\\/05\\\/ecclesia2.png\",\"contentUrl\":\"https:\\\/\\\/news.ecclesia.org.br\\\/wp-content\\\/uploads\\\/2025\\\/05\\\/ecclesia2.png\",\"width\":480,\"height\":120,\"caption\":\"Sacra Arquidiocese de Buenos Aires e Am\u00e9rica do Sul | Patriarcado Ecum\u00eanico\"},\"image\":{\"@id\":\"https:\\\/\\\/news.ecclesia.org.br\\\/#\\\/schema\\\/logo\\\/image\\\/\"},\"sameAs\":[\"https:\\\/\\\/www.facebook.com\\\/Ecclesia2025\",\"https:\\\/\\\/x.com\\\/EcclesiaNews\",\"https:\\\/\\\/br.pinterest.com\\\/ekklisia\\\/\",\"https:\\\/\\\/www.youtube.com\\\/@EcclesiaBrasil\"]},{\"@type\":\"Person\",\"@id\":\"https:\\\/\\\/news.ecclesia.org.br\\\/#\\\/schema\\\/person\\\/6f09597f025829745ba414a569f63758\",\"name\":\"Pe. Andr\u00e9\",\"image\":{\"@type\":\"ImageObject\",\"inLanguage\":\"pt-BR\",\"@id\":\"https:\\\/\\\/secure.gravatar.com\\\/avatar\\\/b4327cfa27e9799da239a26adcd534fc29cdc0c4a4a148eecbcfeb9b42c617ac?s=96&d=mm&r=g\",\"url\":\"https:\\\/\\\/secure.gravatar.com\\\/avatar\\\/b4327cfa27e9799da239a26adcd534fc29cdc0c4a4a148eecbcfeb9b42c617ac?s=96&d=mm&r=g\",\"contentUrl\":\"https:\\\/\\\/secure.gravatar.com\\\/avatar\\\/b4327cfa27e9799da239a26adcd534fc29cdc0c4a4a148eecbcfeb9b42c617ac?s=96&d=mm&r=g\",\"caption\":\"Pe. Andr\u00e9\"},\"sameAs\":[\"https:\\\/\\\/www.ecclesia.org.br\"]}]}<\/script>\n<!-- \/ Yoast SEO plugin. -->","yoast_head_json":{"title":"\u00abFam\u00edlia \u2013 a alegria da vida\u00bb: Patriarcado de Antioquia dedica o ano de 2020 \u00e0 Fam\u00edlia Crist\u00e3 | ECCLESIA NEWS","robots":{"index":"index","follow":"follow","max-snippet":"max-snippet:-1","max-image-preview":"max-image-preview:large","max-video-preview":"max-video-preview:-1"},"canonical":"https:\/\/news.ecclesia.org.br\/?p=27406","og_locale":"pt_BR","og_type":"article","og_title":"\u00abFam\u00edlia \u2013 a alegria da vida\u00bb: Patriarcado de Antioquia dedica o ano de 2020 \u00e0 Fam\u00edlia Crist\u00e3 | ECCLESIA NEWS","og_description":"A fam\u00edlia crist\u00e3 e as solu\u00e7\u00f5es para os desafios que enfrenta s\u00e3o uma das principais preocupa\u00e7\u00f5es da Igreja Ortodoxa de Antioquia em 2020. A decis\u00e3o de dedicar este ano \u00e0 fam\u00edlia foi adotada na reuni\u00e3o sinodal de outubro de 2019,&#8230;","og_url":"https:\/\/news.ecclesia.org.br\/?p=27406","og_site_name":"ECCLESIA NEWS","article_publisher":"https:\/\/www.facebook.com\/Ecclesia2025","article_published_time":"2020-02-03T12:35:32+00:00","article_modified_time":"2020-06-07T22:08:51+00:00","og_image":[{"width":1586,"height":814,"url":"https:\/\/news.ecclesia.org.br\/wp-content\/uploads\/2020\/02\/sinodo-antioquia.jpg","type":"image\/jpeg"}],"author":"Pe. Andr\u00e9","twitter_card":"summary_large_image","twitter_creator":"@EcclesiaNews","twitter_site":"@EcclesiaNews","twitter_misc":{"Escrito por":"Pe. Andr\u00e9","Est. tempo de leitura":"2 minutos"},"schema":{"@context":"https:\/\/schema.org","@graph":[{"@type":"Article","@id":"https:\/\/news.ecclesia.org.br\/?p=27406#article","isPartOf":{"@id":"https:\/\/news.ecclesia.org.br\/?p=27406"},"author":{"name":"Pe. Andr\u00e9","@id":"https:\/\/news.ecclesia.org.br\/#\/schema\/person\/6f09597f025829745ba414a569f63758"},"headline":"\u00abFam\u00edlia \u2013 a alegria da vida\u00bb: Patriarcado de Antioquia dedica o ano de 2020 \u00e0 Fam\u00edlia Crist\u00e3","datePublished":"2020-02-03T12:35:32+00:00","dateModified":"2020-06-07T22:08:51+00:00","mainEntityOfPage":{"@id":"https:\/\/news.ecclesia.org.br\/?p=27406"},"wordCount":389,"commentCount":0,"publisher":{"@id":"https:\/\/news.ecclesia.org.br\/#organization"},"image":{"@id":"https:\/\/news.ecclesia.org.br\/?p=27406#primaryimage"},"thumbnailUrl":"https:\/\/news.ecclesia.org.br\/wp-content\/uploads\/2020\/02\/sinodo-antioquia.jpg","articleSection":["NEWS"],"inLanguage":"pt-BR","potentialAction":[{"@type":"CommentAction","name":"Comment","target":["https:\/\/news.ecclesia.org.br\/?p=27406#respond"]}]},{"@type":"WebPage","@id":"https:\/\/news.ecclesia.org.br\/?p=27406","url":"https:\/\/news.ecclesia.org.br\/?p=27406","name":"\u00abFam\u00edlia \u2013 a alegria da vida\u00bb: Patriarcado de Antioquia dedica o ano de 2020 \u00e0 Fam\u00edlia Crist\u00e3 | ECCLESIA NEWS","isPartOf":{"@id":"https:\/\/news.ecclesia.org.br\/#website"},"primaryImageOfPage":{"@id":"https:\/\/news.ecclesia.org.br\/?p=27406#primaryimage"},"image":{"@id":"https:\/\/news.ecclesia.org.br\/?p=27406#primaryimage"},"thumbnailUrl":"https:\/\/news.ecclesia.org.br\/wp-content\/uploads\/2020\/02\/sinodo-antioquia.jpg","datePublished":"2020-02-03T12:35:32+00:00","dateModified":"2020-06-07T22:08:51+00:00","breadcrumb":{"@id":"https:\/\/news.ecclesia.org.br\/?p=27406#breadcrumb"},"inLanguage":"pt-BR","potentialAction":[{"@type":"ReadAction","target":["https:\/\/news.ecclesia.org.br\/?p=27406"]}]},{"@type":"ImageObject","inLanguage":"pt-BR","@id":"https:\/\/news.ecclesia.org.br\/?p=27406#primaryimage","url":"https:\/\/news.ecclesia.org.br\/wp-content\/uploads\/2020\/02\/sinodo-antioquia.jpg","contentUrl":"https:\/\/news.ecclesia.org.br\/wp-content\/uploads\/2020\/02\/sinodo-antioquia.jpg","width":1586,"height":814},{"@type":"BreadcrumbList","@id":"https:\/\/news.ecclesia.org.br\/?p=27406#breadcrumb","itemListElement":[{"@type":"ListItem","position":1,"name":"In\u00edcio","item":"https:\/\/news.ecclesia.org.br\/"},{"@type":"ListItem","position":2,"name":"\u00abFam\u00edlia \u2013 a alegria da vida\u00bb: Patriarcado de Antioquia dedica o ano de 2020 \u00e0 Fam\u00edlia Crist\u00e3"}]},{"@type":"WebSite","@id":"https:\/\/news.ecclesia.org.br\/#website","url":"https:\/\/news.ecclesia.org.br\/","name":"Ecclesia Brasil","description":"Desde 2003 onectando o Brasil ao mundo ortodoxo!","publisher":{"@id":"https:\/\/news.ecclesia.org.br\/#organization"},"alternateName":"Ecclesia","potentialAction":[{"@type":"SearchAction","target":{"@type":"EntryPoint","urlTemplate":"https:\/\/news.ecclesia.org.br\/?s={search_term_string}"},"query-input":{"@type":"PropertyValueSpecification","valueRequired":true,"valueName":"search_term_string"}}],"inLanguage":"pt-BR"},{"@type":"Organization","@id":"https:\/\/news.ecclesia.org.br\/#organization","name":"Sacra Arquidiocese de Buenos Aires e Am\u00e9rica do Sul | Patriarcado Ecum\u00eanico","alternateName":"News Ecclesia Brasil","url":"https:\/\/news.ecclesia.org.br\/","logo":{"@type":"ImageObject","inLanguage":"pt-BR","@id":"https:\/\/news.ecclesia.org.br\/#\/schema\/logo\/image\/","url":"https:\/\/news.ecclesia.org.br\/wp-content\/uploads\/2025\/05\/ecclesia2.png","contentUrl":"https:\/\/news.ecclesia.org.br\/wp-content\/uploads\/2025\/05\/ecclesia2.png","width":480,"height":120,"caption":"Sacra Arquidiocese de Buenos Aires e Am\u00e9rica do Sul | Patriarcado Ecum\u00eanico"},"image":{"@id":"https:\/\/news.ecclesia.org.br\/#\/schema\/logo\/image\/"},"sameAs":["https:\/\/www.facebook.com\/Ecclesia2025","https:\/\/x.com\/EcclesiaNews","https:\/\/br.pinterest.com\/ekklisia\/","https:\/\/www.youtube.com\/@EcclesiaBrasil"]},{"@type":"Person","@id":"https:\/\/news.ecclesia.org.br\/#\/schema\/person\/6f09597f025829745ba414a569f63758","name":"Pe. Andr\u00e9","image":{"@type":"ImageObject","inLanguage":"pt-BR","@id":"https:\/\/secure.gravatar.com\/avatar\/b4327cfa27e9799da239a26adcd534fc29cdc0c4a4a148eecbcfeb9b42c617ac?s=96&d=mm&r=g","url":"https:\/\/secure.gravatar.com\/avatar\/b4327cfa27e9799da239a26adcd534fc29cdc0c4a4a148eecbcfeb9b42c617ac?s=96&d=mm&r=g","contentUrl":"https:\/\/secure.gravatar.com\/avatar\/b4327cfa27e9799da239a26adcd534fc29cdc0c4a4a148eecbcfeb9b42c617ac?s=96&d=mm&r=g","caption":"Pe. Andr\u00e9"},"sameAs":["https:\/\/www.ecclesia.org.br"]}]}},"_links":{"self":[{"href":"https:\/\/news.ecclesia.org.br\/index.php?rest_route=\/wp\/v2\/posts\/27406","targetHints":{"allow":["GET"]}}],"collection":[{"href":"https:\/\/news.ecclesia.org.br\/index.php?rest_route=\/wp\/v2\/posts"}],"about":[{"href":"https:\/\/news.ecclesia.org.br\/index.php?rest_route=\/wp\/v2\/types\/post"}],"author":[{"embeddable":true,"href":"https:\/\/news.ecclesia.org.br\/index.php?rest_route=\/wp\/v2\/users\/1"}],"replies":[{"embeddable":true,"href":"https:\/\/news.ecclesia.org.br\/index.php?rest_route=%2Fwp%2Fv2%2Fcomments&post=27406"}],"version-history":[{"count":0,"href":"https:\/\/news.ecclesia.org.br\/index.php?rest_route=\/wp\/v2\/posts\/27406\/revisions"}],"wp:featuredmedia":[{"embeddable":true,"href":"https:\/\/news.ecclesia.org.br\/index.php?rest_route=\/wp\/v2\/media\/27408"}],"wp:attachment":[{"href":"https:\/\/news.ecclesia.org.br\/index.php?rest_route=%2Fwp%2Fv2%2Fmedia&parent=27406"}],"wp:term":[{"taxonomy":"category","embeddable":true,"href":"https:\/\/news.ecclesia.org.br\/index.php?rest_route=%2Fwp%2Fv2%2Fcategories&post=27406"},{"taxonomy":"post_tag","embeddable":true,"href":"https:\/\/news.ecclesia.org.br\/index.php?rest_route=%2Fwp%2Fv2%2Ftags&post=27406"}],"curies":[{"name":"wp","href":"https:\/\/api.w.org\/{rel}","templated":true}]}}