{"id":27341,"date":"2020-01-29T00:14:17","date_gmt":"2020-01-29T00:14:17","guid":{"rendered":"https:\/\/news.ecclesia.org.br\/?p=27341"},"modified":"2020-06-07T22:10:29","modified_gmt":"2020-06-07T22:10:29","slug":"27341-2","status":"publish","type":"post","link":"https:\/\/news.ecclesia.org.br\/?p=27341","title":{"rendered":"S\u00e3o Savas, Primeiro Arcebispo da S\u00e9rvia, foi comemorado na Par\u00f3quia e Monast\u00e9rio\u00a0de S\u00e3o Savas, em Buenos Aires"},"content":{"rendered":"\n<p class=\"has-drop-cap\">Em Buenos Aires, no \u00faltimo domingo, 26 de janeiro de 2020, S\u00e3o Savas, Primeiro Arcebispo da S\u00e9rvia, foi comemorado na Par\u00f3quia e Monast\u00e9rio de S\u00e3o Savas, Diocese de Buenos Aires, Am\u00e9rica do Sul e Central da Igreja Ortodoxa do Patriarcado S\u00e9rvio. Sua Emin\u00eancia Dom Kirilo, Bispo Diocesano, convidou para a ocasi\u00e3o Sua Emin\u00eancia Dom Iosif, o novo Arcebispo Metropolitano de Buenos Aires e Am\u00e9rica do Sul do Patriarcado Ecum\u00eanico. Os presb\u00edteros Pe. Esteban Jovanovich, Pe. Boris Gladyshev e Pe. Milenko Ralevic participaram com os Hierarcas da Solene Pontifical. Sua Excel\u00eancia Sra. Jela Bacovic, embaixadora da S\u00e9rvia, tamb\u00e9m se fez presente ao evento que contou, em grande n\u00famero, com a presen\u00e7a de fi\u00e9is ortodoxos da Igreja S\u00e9rvia e das Igrejas-irm\u00e3s Antioquena e Russa que, juntos, elevaram a Deus a\u00e7\u00e3o de gra\u00e7as por intercess\u00e3o de S\u00e3o Savas.<\/p>\n\n\n\n<p>Ao final da Divina da Liturgia foi realizado o Of\u00edcio \u201c<em>Slava<\/em>\u201d pela festa patronal da Par\u00f3quia e Monast\u00e9rio de S\u00e3o Savas,&nbsp; com a b\u00ean\u00e7\u00e3o do p\u00e3o (<em>Kolac<\/em>), ora\u00e7\u00f5es pelos membros da Par\u00f3quia e Monast\u00e9rio, e a b\u00ean\u00e7\u00e3o do trigo (<em>Zhito<\/em>) em mem\u00f3ria aos fundadores falecidos do templo. Em seguida, o Anfitri\u00e3o, S. Emin\u00eancia Dom Kirilo expressou seus agradecimentos ao Arcebispo Dom Iosif por ter concelebrado a Divina Liturgia Episcopal. N\u00e3o podendo estar presente nas celebra\u00e7\u00f5es de entroniza\u00e7\u00e3o do Arcebispo (no final de fevereiro), Dom Kirilo aproveitou a oportunidade para parabenizar antecipadamente o novo arcebispo, presenteando-lhe com um <em>Enkolpion<\/em> com o \u00edcone de S\u00e3o Savas. Dom Iosif, visivelmente emocionado, agradeceu a Dom&nbsp; Kirilo e a todos os seus cl\u00e9rigos e fi\u00e9is pelo cordial convite com qual se sentiu muito honrado, e pela surpresa do belo presente.<\/p>\n\n\n\n<p>Em sua inspiradora homilia, Dom Iosif instou a &#8220;que todos trabalhemos juntos na Unidade da Igreja, para que a Ortodoxia na Am\u00e9rica do Sul cres\u00e7a forte. \u00c9 nossa responsabilidade dar um testemunho contundente, o que s\u00f3 pode ser feito na uni\u00e3o (&#8230;) E hoje temos essa continuidade que se v\u00ea refletida na figura do Santo Arcebispo Savas. Ele deixou tudo o que era mundano e dirigiu-se \u00e0 Santa Montanha para l\u00e1 viver mais plenamente a vida espiritual. Essas pessoas com sua vida santa s\u00e3o transformadas para n\u00f3s em s\u00edmbolos e precisamos desses s\u00edmbolos vivos hoje\u201d, disse o arcebispo.<\/p>\n\n\n\n<p>Deu-se ent\u00e3o um momento para uma foto em apoio \u00e0 Igreja Ortodoxa S\u00e9rvia em Montenegro que est\u00e1 sendo perseguida pelo governo ateu que&nbsp; aprovou recentemente uma nova lei de culto com a qual intenta tornar os hist\u00f3ricos monast\u00e9rios e igrejas de Montenegro, da Igreja Ortodoxa da S\u00e9rvia, em propriedade do Estado. O cartaz foi feito, com a b\u00ean\u00e7\u00e3o de Dom Kirilo, pelo Pe. Milenko e seus paroquianos, em Venado Tuerto, e traduzido para o espanhol: \u201cAqui da Argentina te apoiamos. N\u00e3o daremos os santu\u00e1rios\u201d. Essa express\u00e3o: <em>&#8220;N\u00e3o daremos os santu\u00e1rios&#8221;<\/em> foi inspirada nas inscri\u00e7\u00f5es das placas que o povo montenegrino levou \u00e0s ruas em suas recentes manifesta\u00e7\u00f5es.<\/p>\n\n\n\n<p>Logo, todos participaram do almo\u00e7o festivo no sal\u00e3o que, especialmente para a ocasi\u00e3o, passou por restaura\u00e7\u00f5es &#8211; sal\u00e3o e Igreja &#8211; feitas por Madre Maria, superiora do Monast\u00e9rio, que contou com valiosa ajuda dos fi\u00e9is. O almo\u00e7o, organizado pela Comiss\u00e3o Paroquial, tamb\u00e9m contou com a ajuda dos fi\u00e9is. Durante o almo\u00e7o, Pe. Esteban, com a b\u00ean\u00e7\u00e3o de Dom Kirilo, falou sobre as atividades que realizam as crian\u00e7as da catequese, dizendo que \u201cassim como S\u00e3o Savas deu \u00eanfase especial \u00e0 educa\u00e7\u00e3o na f\u00e9 para seu povo, criando escolas e igrejas, da mesma maneira, precisamos promover a educa\u00e7\u00e3o na f\u00e9 de nossos filhos desde a mais tenra idade\u201d. Em seguida, as crian\u00e7as da catequese, lideradas por Popadija Vict\u00f3ria, leram um fragmento da Vida de S\u00e3o Savas e cantaram a can\u00e7\u00e3o de S\u00e3o Nikolaj Velimirovich &#8220;<em>Vera nasha, Vera Stara, nasha vera Pravoslavna<\/em>&#8220;.<\/p>\n\n\n\n<p>Por fim, todos cantamos, com muita emo\u00e7\u00e3o, o hino (apolit\u00edkion) de S\u00e3o Savas, honrando o santo que dedicou sua vida a aprender a f\u00e9 ortodoxa e ensin\u00e1-la ao seu povo para sua salva\u00e7\u00e3o. Por isso \u00e9 considerado Igual-aos-Ap\u00f3stolos e Iluminador do Povo S\u00e9rvio.<\/p>\n\n\n\n<p>S\u00e3o Savas, intercede junto a Deus por todos n\u00f3s!<\/p>\n\n\n\n<hr class=\"wp-block-separator\"\/>\n\n\n\n<p class=\"has-text-align-right\">Pe. Esteban Jovanovich<\/p>\n","protected":false},"excerpt":{"rendered":"<p>Em Buenos Aires, no \u00faltimo domingo, 26 de janeiro de 2020, S\u00e3o Savas, Primeiro Arcebispo da S\u00e9rvia, foi comemorado na Par\u00f3quia e Monast\u00e9rio de S\u00e3o Savas, Diocese de Buenos Aires, Am\u00e9rica do Sul e Central da Igreja Ortodoxa do Patriarcado&#8230;<\/p>\n","protected":false},"author":1,"featured_media":27342,"comment_status":"open","ping_status":"open","sticky":false,"template":"","format":"standard","meta":{"_acf_changed":false,"footnotes":""},"categories":[40],"tags":[],"class_list":["post-27341","post","type-post","status-publish","format-standard","has-post-thumbnail","hentry","category-arquidiocese-de-buenos-aires-e-america-do-sul","entry","rows-excerpt"],"acf":[],"yoast_head":"<!-- This site is optimized with the Yoast SEO plugin v27.4 - https:\/\/yoast.com\/product\/yoast-seo-wordpress\/ -->\n<title>S\u00e3o Savas, Primeiro Arcebispo da S\u00e9rvia, foi comemorado na Par\u00f3quia e Monast\u00e9rio\u00a0de S\u00e3o Savas, em Buenos Aires | ECCLESIA NEWS<\/title>\n<meta name=\"robots\" content=\"index, follow, max-snippet:-1, max-image-preview:large, max-video-preview:-1\" \/>\n<link rel=\"canonical\" href=\"https:\/\/news.ecclesia.org.br\/?p=27341\" \/>\n<meta property=\"og:locale\" content=\"pt_BR\" \/>\n<meta property=\"og:type\" content=\"article\" \/>\n<meta property=\"og:title\" content=\"S\u00e3o Savas, Primeiro Arcebispo da S\u00e9rvia, foi comemorado na Par\u00f3quia e Monast\u00e9rio\u00a0de S\u00e3o Savas, em Buenos Aires | ECCLESIA NEWS\" \/>\n<meta property=\"og:description\" content=\"Em Buenos Aires, no \u00faltimo domingo, 26 de janeiro de 2020, S\u00e3o Savas, Primeiro Arcebispo da S\u00e9rvia, foi comemorado na Par\u00f3quia e Monast\u00e9rio de S\u00e3o Savas, Diocese de Buenos Aires, Am\u00e9rica do Sul e Central da Igreja Ortodoxa do Patriarcado&#8230;\" \/>\n<meta property=\"og:url\" content=\"https:\/\/news.ecclesia.org.br\/?p=27341\" \/>\n<meta property=\"og:site_name\" content=\"ECCLESIA NEWS\" \/>\n<meta property=\"article:publisher\" content=\"https:\/\/www.facebook.com\/Ecclesia2025\" \/>\n<meta property=\"article:published_time\" content=\"2020-01-29T00:14:17+00:00\" \/>\n<meta property=\"article:modified_time\" content=\"2020-06-07T22:10:29+00:00\" \/>\n<meta property=\"og:image\" content=\"https:\/\/news.ecclesia.org.br\/wp-content\/uploads\/2020\/01\/destaque.jpg\" \/>\n\t<meta property=\"og:image:width\" content=\"800\" \/>\n\t<meta property=\"og:image:height\" content=\"600\" \/>\n\t<meta property=\"og:image:type\" content=\"image\/jpeg\" \/>\n<meta name=\"author\" content=\"Pe. Andr\u00e9\" \/>\n<meta name=\"twitter:card\" content=\"summary_large_image\" \/>\n<meta name=\"twitter:creator\" content=\"@EcclesiaNews\" \/>\n<meta name=\"twitter:site\" content=\"@EcclesiaNews\" \/>\n<meta name=\"twitter:label1\" content=\"Escrito por\" \/>\n\t<meta name=\"twitter:data1\" content=\"Pe. Andr\u00e9\" \/>\n\t<meta name=\"twitter:label2\" content=\"Est. tempo de leitura\" \/>\n\t<meta name=\"twitter:data2\" content=\"4 minutos\" \/>\n<script type=\"application\/ld+json\" class=\"yoast-schema-graph\">{\"@context\":\"https:\\\/\\\/schema.org\",\"@graph\":[{\"@type\":\"Article\",\"@id\":\"https:\\\/\\\/news.ecclesia.org.br\\\/?p=27341#article\",\"isPartOf\":{\"@id\":\"https:\\\/\\\/news.ecclesia.org.br\\\/?p=27341\"},\"author\":{\"name\":\"Pe. Andr\u00e9\",\"@id\":\"https:\\\/\\\/news.ecclesia.org.br\\\/#\\\/schema\\\/person\\\/6f09597f025829745ba414a569f63758\"},\"headline\":\"S\u00e3o Savas, Primeiro Arcebispo da S\u00e9rvia, foi comemorado na Par\u00f3quia e Monast\u00e9rio\u00a0de S\u00e3o Savas, em Buenos Aires\",\"datePublished\":\"2020-01-29T00:14:17+00:00\",\"dateModified\":\"2020-06-07T22:10:29+00:00\",\"mainEntityOfPage\":{\"@id\":\"https:\\\/\\\/news.ecclesia.org.br\\\/?p=27341\"},\"wordCount\":786,\"commentCount\":0,\"publisher\":{\"@id\":\"https:\\\/\\\/news.ecclesia.org.br\\\/#organization\"},\"image\":{\"@id\":\"https:\\\/\\\/news.ecclesia.org.br\\\/?p=27341#primaryimage\"},\"thumbnailUrl\":\"https:\\\/\\\/news.ecclesia.org.br\\\/wp-content\\\/uploads\\\/2020\\\/01\\\/destaque.jpg\",\"articleSection\":[\"Arquidiocese de Buenos Aires e Am\u00e9rica do Sul\"],\"inLanguage\":\"pt-BR\",\"potentialAction\":[{\"@type\":\"CommentAction\",\"name\":\"Comment\",\"target\":[\"https:\\\/\\\/news.ecclesia.org.br\\\/?p=27341#respond\"]}]},{\"@type\":\"WebPage\",\"@id\":\"https:\\\/\\\/news.ecclesia.org.br\\\/?p=27341\",\"url\":\"https:\\\/\\\/news.ecclesia.org.br\\\/?p=27341\",\"name\":\"S\u00e3o Savas, Primeiro Arcebispo da S\u00e9rvia, foi comemorado na Par\u00f3quia e Monast\u00e9rio\u00a0de S\u00e3o Savas, em Buenos Aires | ECCLESIA NEWS\",\"isPartOf\":{\"@id\":\"https:\\\/\\\/news.ecclesia.org.br\\\/#website\"},\"primaryImageOfPage\":{\"@id\":\"https:\\\/\\\/news.ecclesia.org.br\\\/?p=27341#primaryimage\"},\"image\":{\"@id\":\"https:\\\/\\\/news.ecclesia.org.br\\\/?p=27341#primaryimage\"},\"thumbnailUrl\":\"https:\\\/\\\/news.ecclesia.org.br\\\/wp-content\\\/uploads\\\/2020\\\/01\\\/destaque.jpg\",\"datePublished\":\"2020-01-29T00:14:17+00:00\",\"dateModified\":\"2020-06-07T22:10:29+00:00\",\"breadcrumb\":{\"@id\":\"https:\\\/\\\/news.ecclesia.org.br\\\/?p=27341#breadcrumb\"},\"inLanguage\":\"pt-BR\",\"potentialAction\":[{\"@type\":\"ReadAction\",\"target\":[\"https:\\\/\\\/news.ecclesia.org.br\\\/?p=27341\"]}]},{\"@type\":\"ImageObject\",\"inLanguage\":\"pt-BR\",\"@id\":\"https:\\\/\\\/news.ecclesia.org.br\\\/?p=27341#primaryimage\",\"url\":\"https:\\\/\\\/news.ecclesia.org.br\\\/wp-content\\\/uploads\\\/2020\\\/01\\\/destaque.jpg\",\"contentUrl\":\"https:\\\/\\\/news.ecclesia.org.br\\\/wp-content\\\/uploads\\\/2020\\\/01\\\/destaque.jpg\",\"width\":800,\"height\":600},{\"@type\":\"BreadcrumbList\",\"@id\":\"https:\\\/\\\/news.ecclesia.org.br\\\/?p=27341#breadcrumb\",\"itemListElement\":[{\"@type\":\"ListItem\",\"position\":1,\"name\":\"In\u00edcio\",\"item\":\"https:\\\/\\\/news.ecclesia.org.br\\\/\"},{\"@type\":\"ListItem\",\"position\":2,\"name\":\"S\u00e3o Savas, Primeiro Arcebispo da S\u00e9rvia, foi comemorado na Par\u00f3quia e Monast\u00e9rio\u00a0de S\u00e3o Savas, em Buenos Aires\"}]},{\"@type\":\"WebSite\",\"@id\":\"https:\\\/\\\/news.ecclesia.org.br\\\/#website\",\"url\":\"https:\\\/\\\/news.ecclesia.org.br\\\/\",\"name\":\"Ecclesia Brasil\",\"description\":\"Desde 2003 onectando o Brasil ao mundo ortodoxo!\",\"publisher\":{\"@id\":\"https:\\\/\\\/news.ecclesia.org.br\\\/#organization\"},\"alternateName\":\"Ecclesia\",\"potentialAction\":[{\"@type\":\"SearchAction\",\"target\":{\"@type\":\"EntryPoint\",\"urlTemplate\":\"https:\\\/\\\/news.ecclesia.org.br\\\/?s={search_term_string}\"},\"query-input\":{\"@type\":\"PropertyValueSpecification\",\"valueRequired\":true,\"valueName\":\"search_term_string\"}}],\"inLanguage\":\"pt-BR\"},{\"@type\":\"Organization\",\"@id\":\"https:\\\/\\\/news.ecclesia.org.br\\\/#organization\",\"name\":\"Sacra Arquidiocese de Buenos Aires e Am\u00e9rica do Sul | Patriarcado Ecum\u00eanico\",\"alternateName\":\"News Ecclesia Brasil\",\"url\":\"https:\\\/\\\/news.ecclesia.org.br\\\/\",\"logo\":{\"@type\":\"ImageObject\",\"inLanguage\":\"pt-BR\",\"@id\":\"https:\\\/\\\/news.ecclesia.org.br\\\/#\\\/schema\\\/logo\\\/image\\\/\",\"url\":\"https:\\\/\\\/news.ecclesia.org.br\\\/wp-content\\\/uploads\\\/2025\\\/05\\\/ecclesia2.png\",\"contentUrl\":\"https:\\\/\\\/news.ecclesia.org.br\\\/wp-content\\\/uploads\\\/2025\\\/05\\\/ecclesia2.png\",\"width\":480,\"height\":120,\"caption\":\"Sacra Arquidiocese de Buenos Aires e Am\u00e9rica do Sul | Patriarcado Ecum\u00eanico\"},\"image\":{\"@id\":\"https:\\\/\\\/news.ecclesia.org.br\\\/#\\\/schema\\\/logo\\\/image\\\/\"},\"sameAs\":[\"https:\\\/\\\/www.facebook.com\\\/Ecclesia2025\",\"https:\\\/\\\/x.com\\\/EcclesiaNews\",\"https:\\\/\\\/br.pinterest.com\\\/ekklisia\\\/\",\"https:\\\/\\\/www.youtube.com\\\/@EcclesiaBrasil\"]},{\"@type\":\"Person\",\"@id\":\"https:\\\/\\\/news.ecclesia.org.br\\\/#\\\/schema\\\/person\\\/6f09597f025829745ba414a569f63758\",\"name\":\"Pe. Andr\u00e9\",\"image\":{\"@type\":\"ImageObject\",\"inLanguage\":\"pt-BR\",\"@id\":\"https:\\\/\\\/secure.gravatar.com\\\/avatar\\\/b4327cfa27e9799da239a26adcd534fc29cdc0c4a4a148eecbcfeb9b42c617ac?s=96&d=mm&r=g\",\"url\":\"https:\\\/\\\/secure.gravatar.com\\\/avatar\\\/b4327cfa27e9799da239a26adcd534fc29cdc0c4a4a148eecbcfeb9b42c617ac?s=96&d=mm&r=g\",\"contentUrl\":\"https:\\\/\\\/secure.gravatar.com\\\/avatar\\\/b4327cfa27e9799da239a26adcd534fc29cdc0c4a4a148eecbcfeb9b42c617ac?s=96&d=mm&r=g\",\"caption\":\"Pe. Andr\u00e9\"},\"sameAs\":[\"https:\\\/\\\/www.ecclesia.org.br\"]}]}<\/script>\n<!-- \/ Yoast SEO plugin. -->","yoast_head_json":{"title":"S\u00e3o Savas, Primeiro Arcebispo da S\u00e9rvia, foi comemorado na Par\u00f3quia e Monast\u00e9rio\u00a0de S\u00e3o Savas, em Buenos Aires | ECCLESIA NEWS","robots":{"index":"index","follow":"follow","max-snippet":"max-snippet:-1","max-image-preview":"max-image-preview:large","max-video-preview":"max-video-preview:-1"},"canonical":"https:\/\/news.ecclesia.org.br\/?p=27341","og_locale":"pt_BR","og_type":"article","og_title":"S\u00e3o Savas, Primeiro Arcebispo da S\u00e9rvia, foi comemorado na Par\u00f3quia e Monast\u00e9rio\u00a0de S\u00e3o Savas, em Buenos Aires | ECCLESIA NEWS","og_description":"Em Buenos Aires, no \u00faltimo domingo, 26 de janeiro de 2020, S\u00e3o Savas, Primeiro Arcebispo da S\u00e9rvia, foi comemorado na Par\u00f3quia e Monast\u00e9rio de S\u00e3o Savas, Diocese de Buenos Aires, Am\u00e9rica do Sul e Central da Igreja Ortodoxa do Patriarcado&#8230;","og_url":"https:\/\/news.ecclesia.org.br\/?p=27341","og_site_name":"ECCLESIA NEWS","article_publisher":"https:\/\/www.facebook.com\/Ecclesia2025","article_published_time":"2020-01-29T00:14:17+00:00","article_modified_time":"2020-06-07T22:10:29+00:00","og_image":[{"width":800,"height":600,"url":"https:\/\/news.ecclesia.org.br\/wp-content\/uploads\/2020\/01\/destaque.jpg","type":"image\/jpeg"}],"author":"Pe. Andr\u00e9","twitter_card":"summary_large_image","twitter_creator":"@EcclesiaNews","twitter_site":"@EcclesiaNews","twitter_misc":{"Escrito por":"Pe. Andr\u00e9","Est. tempo de leitura":"4 minutos"},"schema":{"@context":"https:\/\/schema.org","@graph":[{"@type":"Article","@id":"https:\/\/news.ecclesia.org.br\/?p=27341#article","isPartOf":{"@id":"https:\/\/news.ecclesia.org.br\/?p=27341"},"author":{"name":"Pe. Andr\u00e9","@id":"https:\/\/news.ecclesia.org.br\/#\/schema\/person\/6f09597f025829745ba414a569f63758"},"headline":"S\u00e3o Savas, Primeiro Arcebispo da S\u00e9rvia, foi comemorado na Par\u00f3quia e Monast\u00e9rio\u00a0de S\u00e3o Savas, em Buenos Aires","datePublished":"2020-01-29T00:14:17+00:00","dateModified":"2020-06-07T22:10:29+00:00","mainEntityOfPage":{"@id":"https:\/\/news.ecclesia.org.br\/?p=27341"},"wordCount":786,"commentCount":0,"publisher":{"@id":"https:\/\/news.ecclesia.org.br\/#organization"},"image":{"@id":"https:\/\/news.ecclesia.org.br\/?p=27341#primaryimage"},"thumbnailUrl":"https:\/\/news.ecclesia.org.br\/wp-content\/uploads\/2020\/01\/destaque.jpg","articleSection":["Arquidiocese de Buenos Aires e Am\u00e9rica do Sul"],"inLanguage":"pt-BR","potentialAction":[{"@type":"CommentAction","name":"Comment","target":["https:\/\/news.ecclesia.org.br\/?p=27341#respond"]}]},{"@type":"WebPage","@id":"https:\/\/news.ecclesia.org.br\/?p=27341","url":"https:\/\/news.ecclesia.org.br\/?p=27341","name":"S\u00e3o Savas, Primeiro Arcebispo da S\u00e9rvia, foi comemorado na Par\u00f3quia e Monast\u00e9rio\u00a0de S\u00e3o Savas, em Buenos Aires | ECCLESIA NEWS","isPartOf":{"@id":"https:\/\/news.ecclesia.org.br\/#website"},"primaryImageOfPage":{"@id":"https:\/\/news.ecclesia.org.br\/?p=27341#primaryimage"},"image":{"@id":"https:\/\/news.ecclesia.org.br\/?p=27341#primaryimage"},"thumbnailUrl":"https:\/\/news.ecclesia.org.br\/wp-content\/uploads\/2020\/01\/destaque.jpg","datePublished":"2020-01-29T00:14:17+00:00","dateModified":"2020-06-07T22:10:29+00:00","breadcrumb":{"@id":"https:\/\/news.ecclesia.org.br\/?p=27341#breadcrumb"},"inLanguage":"pt-BR","potentialAction":[{"@type":"ReadAction","target":["https:\/\/news.ecclesia.org.br\/?p=27341"]}]},{"@type":"ImageObject","inLanguage":"pt-BR","@id":"https:\/\/news.ecclesia.org.br\/?p=27341#primaryimage","url":"https:\/\/news.ecclesia.org.br\/wp-content\/uploads\/2020\/01\/destaque.jpg","contentUrl":"https:\/\/news.ecclesia.org.br\/wp-content\/uploads\/2020\/01\/destaque.jpg","width":800,"height":600},{"@type":"BreadcrumbList","@id":"https:\/\/news.ecclesia.org.br\/?p=27341#breadcrumb","itemListElement":[{"@type":"ListItem","position":1,"name":"In\u00edcio","item":"https:\/\/news.ecclesia.org.br\/"},{"@type":"ListItem","position":2,"name":"S\u00e3o Savas, Primeiro Arcebispo da S\u00e9rvia, foi comemorado na Par\u00f3quia e Monast\u00e9rio\u00a0de S\u00e3o Savas, em Buenos Aires"}]},{"@type":"WebSite","@id":"https:\/\/news.ecclesia.org.br\/#website","url":"https:\/\/news.ecclesia.org.br\/","name":"Ecclesia Brasil","description":"Desde 2003 onectando o Brasil ao mundo ortodoxo!","publisher":{"@id":"https:\/\/news.ecclesia.org.br\/#organization"},"alternateName":"Ecclesia","potentialAction":[{"@type":"SearchAction","target":{"@type":"EntryPoint","urlTemplate":"https:\/\/news.ecclesia.org.br\/?s={search_term_string}"},"query-input":{"@type":"PropertyValueSpecification","valueRequired":true,"valueName":"search_term_string"}}],"inLanguage":"pt-BR"},{"@type":"Organization","@id":"https:\/\/news.ecclesia.org.br\/#organization","name":"Sacra Arquidiocese de Buenos Aires e Am\u00e9rica do Sul | Patriarcado Ecum\u00eanico","alternateName":"News Ecclesia Brasil","url":"https:\/\/news.ecclesia.org.br\/","logo":{"@type":"ImageObject","inLanguage":"pt-BR","@id":"https:\/\/news.ecclesia.org.br\/#\/schema\/logo\/image\/","url":"https:\/\/news.ecclesia.org.br\/wp-content\/uploads\/2025\/05\/ecclesia2.png","contentUrl":"https:\/\/news.ecclesia.org.br\/wp-content\/uploads\/2025\/05\/ecclesia2.png","width":480,"height":120,"caption":"Sacra Arquidiocese de Buenos Aires e Am\u00e9rica do Sul | Patriarcado Ecum\u00eanico"},"image":{"@id":"https:\/\/news.ecclesia.org.br\/#\/schema\/logo\/image\/"},"sameAs":["https:\/\/www.facebook.com\/Ecclesia2025","https:\/\/x.com\/EcclesiaNews","https:\/\/br.pinterest.com\/ekklisia\/","https:\/\/www.youtube.com\/@EcclesiaBrasil"]},{"@type":"Person","@id":"https:\/\/news.ecclesia.org.br\/#\/schema\/person\/6f09597f025829745ba414a569f63758","name":"Pe. Andr\u00e9","image":{"@type":"ImageObject","inLanguage":"pt-BR","@id":"https:\/\/secure.gravatar.com\/avatar\/b4327cfa27e9799da239a26adcd534fc29cdc0c4a4a148eecbcfeb9b42c617ac?s=96&d=mm&r=g","url":"https:\/\/secure.gravatar.com\/avatar\/b4327cfa27e9799da239a26adcd534fc29cdc0c4a4a148eecbcfeb9b42c617ac?s=96&d=mm&r=g","contentUrl":"https:\/\/secure.gravatar.com\/avatar\/b4327cfa27e9799da239a26adcd534fc29cdc0c4a4a148eecbcfeb9b42c617ac?s=96&d=mm&r=g","caption":"Pe. Andr\u00e9"},"sameAs":["https:\/\/www.ecclesia.org.br"]}]}},"_links":{"self":[{"href":"https:\/\/news.ecclesia.org.br\/index.php?rest_route=\/wp\/v2\/posts\/27341","targetHints":{"allow":["GET"]}}],"collection":[{"href":"https:\/\/news.ecclesia.org.br\/index.php?rest_route=\/wp\/v2\/posts"}],"about":[{"href":"https:\/\/news.ecclesia.org.br\/index.php?rest_route=\/wp\/v2\/types\/post"}],"author":[{"embeddable":true,"href":"https:\/\/news.ecclesia.org.br\/index.php?rest_route=\/wp\/v2\/users\/1"}],"replies":[{"embeddable":true,"href":"https:\/\/news.ecclesia.org.br\/index.php?rest_route=%2Fwp%2Fv2%2Fcomments&post=27341"}],"version-history":[{"count":0,"href":"https:\/\/news.ecclesia.org.br\/index.php?rest_route=\/wp\/v2\/posts\/27341\/revisions"}],"wp:featuredmedia":[{"embeddable":true,"href":"https:\/\/news.ecclesia.org.br\/index.php?rest_route=\/wp\/v2\/media\/27342"}],"wp:attachment":[{"href":"https:\/\/news.ecclesia.org.br\/index.php?rest_route=%2Fwp%2Fv2%2Fmedia&parent=27341"}],"wp:term":[{"taxonomy":"category","embeddable":true,"href":"https:\/\/news.ecclesia.org.br\/index.php?rest_route=%2Fwp%2Fv2%2Fcategories&post=27341"},{"taxonomy":"post_tag","embeddable":true,"href":"https:\/\/news.ecclesia.org.br\/index.php?rest_route=%2Fwp%2Fv2%2Ftags&post=27341"}],"curies":[{"name":"wp","href":"https:\/\/api.w.org\/{rel}","templated":true}]}}