{"id":27172,"date":"2019-12-15T00:26:01","date_gmt":"2019-12-15T00:26:01","guid":{"rendered":"https:\/\/news.ecclesia.org.br\/?p=27172"},"modified":"2019-12-20T17:22:40","modified_gmt":"2019-12-20T17:22:40","slug":"anuncio-e-convite-para-a-entronizacao-do-novo-arcebispo-metropolitano","status":"publish","type":"post","link":"https:\/\/news.ecclesia.org.br\/?p=27172","title":{"rendered":"AN\u00daNCIO E CONVITE PARA A ENTRONIZA\u00c7\u00c3O DO NOVO ARCEBISPO METROPOLITANO"},"content":{"rendered":"\n<p class=\"has-drop-cap has-medium-font-size\">Com a permiss\u00e3o e a b\u00ean\u00e7\u00e3o de S. Santidade Bartolomeu, Patriarca Ecum\u00eanico, a Sacra Arquidiocese de Buenos Aires e Am\u00e9rica do Sul tem a grande honra de anunciar e convidar toda a sua plenitude, Cl\u00e9rigos, Arcontes, Dignit\u00e1rios, Conselhos Paroquiais, Coletividades, Associa\u00e7\u00f5es Culturais e Filantr\u00f3picas e todos os seus fi\u00e9is ortodoxos, bem como os amigos da Institui\u00e7\u00e3o, para a entroniza\u00e7\u00e3o do Arcebispo de Buenos Aires Dom Iosif, que ser\u00e1 realizada pelo Delegado Patriarcal, S. Emin\u00eancia o Arcebispo Elpidoforos da Am\u00e9rica, no s\u00e1bado, 29 de fevereiro de 2020, a partir das 10h00, na Catedral Metropolitana da Dormi\u00e7\u00e3o de Theotokos, localizada \u00e0 rua Juli\u00e1n Alvares, 1030, nesta capital.<\/p>\n\n\n\n<p class=\"has-medium-font-size\">Convida, outrossim, para a primeira Divina Liturgia Pontifical, presidida pelo Arcebispo Iosif e concelebrada pelos hierarcas convidados dos EUA, Constantinopla e Gr\u00e9cia, que ser\u00e1 realizada na mesma Catedral, no domingo, 1\u00ba de mar\u00e7o de 2020, a partir das 10h00. <\/p>\n\n\n\n<p class=\"has-medium-font-size\">Mais detalhes sobre os eventos, a entroniza\u00e7\u00e3o e a Divina Liturgia Pontifical, ser\u00e3o informados em breve.<\/p>\n\n\n\n<p class=\"has-medium-font-size\">A participa\u00e7\u00e3o de todos nos eventos hist\u00f3ricos da nossa Arquidiocese ser\u00e1 um sinal e testemunho vis\u00edvel da unidade da Ortodoxia e Helenismo em todos os seus n\u00edveis, para todos os ilustres convidados e, acima de tudo, para o in\u00edcio desta nova etapa na vida de nossa Arquidiocese, com renovado esp\u00edrito de caridade, conc\u00f3rdia e fraternidade.<\/p>\n\n\n\n<p class=\"has-text-align-center has-medium-font-size\">Nesta S\u00e9 Metropolitana, <br>aos 12 de dezembro de 2019.<\/p>\n","protected":false},"excerpt":{"rendered":"<p>Com a permiss\u00e3o e a b\u00ean\u00e7\u00e3o de S. Santidade Bartolomeu, Patriarca Ecum\u00eanico, a Sacra Arquidiocese de Buenos Aires e Am\u00e9rica do Sul tem a grande honra de anunciar e convidar toda a sua plenitude, Cl\u00e9rigos, Arcontes, Dignit\u00e1rios, Conselhos Paroquiais, Coletividades,&#8230;<\/p>\n","protected":false},"author":1,"featured_media":0,"comment_status":"open","ping_status":"open","sticky":false,"template":"","format":"standard","meta":{"_acf_changed":false,"footnotes":""},"categories":[1],"tags":[],"class_list":["post-27172","post","type-post","status-publish","format-standard","hentry","category-news","entry","rows-excerpt"],"acf":[],"yoast_head":"<!-- This site is optimized with the Yoast SEO plugin v27.4 - https:\/\/yoast.com\/product\/yoast-seo-wordpress\/ -->\n<title>AN\u00daNCIO E CONVITE PARA A ENTRONIZA\u00c7\u00c3O DO NOVO ARCEBISPO METROPOLITANO | ECCLESIA NEWS<\/title>\n<meta name=\"robots\" content=\"index, follow, max-snippet:-1, max-image-preview:large, max-video-preview:-1\" \/>\n<link rel=\"canonical\" href=\"https:\/\/news.ecclesia.org.br\/?p=27172\" \/>\n<meta property=\"og:locale\" content=\"pt_BR\" \/>\n<meta property=\"og:type\" content=\"article\" \/>\n<meta property=\"og:title\" content=\"AN\u00daNCIO E CONVITE PARA A ENTRONIZA\u00c7\u00c3O DO NOVO ARCEBISPO METROPOLITANO | ECCLESIA NEWS\" \/>\n<meta property=\"og:description\" content=\"Com a permiss\u00e3o e a b\u00ean\u00e7\u00e3o de S. Santidade Bartolomeu, Patriarca Ecum\u00eanico, a Sacra Arquidiocese de Buenos Aires e Am\u00e9rica do Sul tem a grande honra de anunciar e convidar toda a sua plenitude, Cl\u00e9rigos, Arcontes, Dignit\u00e1rios, Conselhos Paroquiais, Coletividades,&#8230;\" \/>\n<meta property=\"og:url\" content=\"https:\/\/news.ecclesia.org.br\/?p=27172\" \/>\n<meta property=\"og:site_name\" content=\"ECCLESIA NEWS\" \/>\n<meta property=\"article:publisher\" content=\"https:\/\/www.facebook.com\/Ecclesia2025\" \/>\n<meta property=\"article:published_time\" content=\"2019-12-15T00:26:01+00:00\" \/>\n<meta property=\"article:modified_time\" content=\"2019-12-20T17:22:40+00:00\" \/>\n<meta property=\"og:image\" content=\"https:\/\/news.ecclesia.org.br\/wp-content\/uploads\/2025\/05\/ecclesia2.png\" \/>\n\t<meta property=\"og:image:width\" content=\"480\" \/>\n\t<meta property=\"og:image:height\" content=\"120\" \/>\n\t<meta property=\"og:image:type\" content=\"image\/png\" \/>\n<meta name=\"author\" content=\"Pe. Andr\u00e9\" \/>\n<meta name=\"twitter:card\" content=\"summary_large_image\" \/>\n<meta name=\"twitter:creator\" content=\"@EcclesiaNews\" \/>\n<meta name=\"twitter:site\" content=\"@EcclesiaNews\" \/>\n<meta name=\"twitter:label1\" content=\"Escrito por\" \/>\n\t<meta name=\"twitter:data1\" content=\"Pe. Andr\u00e9\" \/>\n\t<meta name=\"twitter:label2\" content=\"Est. tempo de leitura\" \/>\n\t<meta name=\"twitter:data2\" content=\"1 minuto\" \/>\n<script type=\"application\/ld+json\" class=\"yoast-schema-graph\">{\"@context\":\"https:\\\/\\\/schema.org\",\"@graph\":[{\"@type\":\"Article\",\"@id\":\"https:\\\/\\\/news.ecclesia.org.br\\\/?p=27172#article\",\"isPartOf\":{\"@id\":\"https:\\\/\\\/news.ecclesia.org.br\\\/?p=27172\"},\"author\":{\"name\":\"Pe. Andr\u00e9\",\"@id\":\"https:\\\/\\\/news.ecclesia.org.br\\\/#\\\/schema\\\/person\\\/6f09597f025829745ba414a569f63758\"},\"headline\":\"AN\u00daNCIO E CONVITE PARA A ENTRONIZA\u00c7\u00c3O DO NOVO ARCEBISPO METROPOLITANO\",\"datePublished\":\"2019-12-15T00:26:01+00:00\",\"dateModified\":\"2019-12-20T17:22:40+00:00\",\"mainEntityOfPage\":{\"@id\":\"https:\\\/\\\/news.ecclesia.org.br\\\/?p=27172\"},\"wordCount\":256,\"commentCount\":0,\"publisher\":{\"@id\":\"https:\\\/\\\/news.ecclesia.org.br\\\/#organization\"},\"articleSection\":[\"NEWS\"],\"inLanguage\":\"pt-BR\",\"potentialAction\":[{\"@type\":\"CommentAction\",\"name\":\"Comment\",\"target\":[\"https:\\\/\\\/news.ecclesia.org.br\\\/?p=27172#respond\"]}]},{\"@type\":\"WebPage\",\"@id\":\"https:\\\/\\\/news.ecclesia.org.br\\\/?p=27172\",\"url\":\"https:\\\/\\\/news.ecclesia.org.br\\\/?p=27172\",\"name\":\"AN\u00daNCIO E CONVITE PARA A ENTRONIZA\u00c7\u00c3O DO NOVO ARCEBISPO METROPOLITANO | ECCLESIA NEWS\",\"isPartOf\":{\"@id\":\"https:\\\/\\\/news.ecclesia.org.br\\\/#website\"},\"datePublished\":\"2019-12-15T00:26:01+00:00\",\"dateModified\":\"2019-12-20T17:22:40+00:00\",\"breadcrumb\":{\"@id\":\"https:\\\/\\\/news.ecclesia.org.br\\\/?p=27172#breadcrumb\"},\"inLanguage\":\"pt-BR\",\"potentialAction\":[{\"@type\":\"ReadAction\",\"target\":[\"https:\\\/\\\/news.ecclesia.org.br\\\/?p=27172\"]}]},{\"@type\":\"BreadcrumbList\",\"@id\":\"https:\\\/\\\/news.ecclesia.org.br\\\/?p=27172#breadcrumb\",\"itemListElement\":[{\"@type\":\"ListItem\",\"position\":1,\"name\":\"In\u00edcio\",\"item\":\"https:\\\/\\\/news.ecclesia.org.br\\\/\"},{\"@type\":\"ListItem\",\"position\":2,\"name\":\"AN\u00daNCIO E CONVITE PARA A ENTRONIZA\u00c7\u00c3O DO NOVO ARCEBISPO METROPOLITANO\"}]},{\"@type\":\"WebSite\",\"@id\":\"https:\\\/\\\/news.ecclesia.org.br\\\/#website\",\"url\":\"https:\\\/\\\/news.ecclesia.org.br\\\/\",\"name\":\"Ecclesia Brasil\",\"description\":\"Desde 2003 onectando o Brasil ao mundo ortodoxo!\",\"publisher\":{\"@id\":\"https:\\\/\\\/news.ecclesia.org.br\\\/#organization\"},\"alternateName\":\"Ecclesia\",\"potentialAction\":[{\"@type\":\"SearchAction\",\"target\":{\"@type\":\"EntryPoint\",\"urlTemplate\":\"https:\\\/\\\/news.ecclesia.org.br\\\/?s={search_term_string}\"},\"query-input\":{\"@type\":\"PropertyValueSpecification\",\"valueRequired\":true,\"valueName\":\"search_term_string\"}}],\"inLanguage\":\"pt-BR\"},{\"@type\":\"Organization\",\"@id\":\"https:\\\/\\\/news.ecclesia.org.br\\\/#organization\",\"name\":\"Sacra Arquidiocese de Buenos Aires e Am\u00e9rica do Sul | Patriarcado Ecum\u00eanico\",\"alternateName\":\"News Ecclesia Brasil\",\"url\":\"https:\\\/\\\/news.ecclesia.org.br\\\/\",\"logo\":{\"@type\":\"ImageObject\",\"inLanguage\":\"pt-BR\",\"@id\":\"https:\\\/\\\/news.ecclesia.org.br\\\/#\\\/schema\\\/logo\\\/image\\\/\",\"url\":\"https:\\\/\\\/news.ecclesia.org.br\\\/wp-content\\\/uploads\\\/2025\\\/05\\\/ecclesia2.png\",\"contentUrl\":\"https:\\\/\\\/news.ecclesia.org.br\\\/wp-content\\\/uploads\\\/2025\\\/05\\\/ecclesia2.png\",\"width\":480,\"height\":120,\"caption\":\"Sacra Arquidiocese de Buenos Aires e Am\u00e9rica do Sul | Patriarcado Ecum\u00eanico\"},\"image\":{\"@id\":\"https:\\\/\\\/news.ecclesia.org.br\\\/#\\\/schema\\\/logo\\\/image\\\/\"},\"sameAs\":[\"https:\\\/\\\/www.facebook.com\\\/Ecclesia2025\",\"https:\\\/\\\/x.com\\\/EcclesiaNews\",\"https:\\\/\\\/br.pinterest.com\\\/ekklisia\\\/\",\"https:\\\/\\\/www.youtube.com\\\/@EcclesiaBrasil\"]},{\"@type\":\"Person\",\"@id\":\"https:\\\/\\\/news.ecclesia.org.br\\\/#\\\/schema\\\/person\\\/6f09597f025829745ba414a569f63758\",\"name\":\"Pe. Andr\u00e9\",\"image\":{\"@type\":\"ImageObject\",\"inLanguage\":\"pt-BR\",\"@id\":\"https:\\\/\\\/secure.gravatar.com\\\/avatar\\\/b4327cfa27e9799da239a26adcd534fc29cdc0c4a4a148eecbcfeb9b42c617ac?s=96&d=mm&r=g\",\"url\":\"https:\\\/\\\/secure.gravatar.com\\\/avatar\\\/b4327cfa27e9799da239a26adcd534fc29cdc0c4a4a148eecbcfeb9b42c617ac?s=96&d=mm&r=g\",\"contentUrl\":\"https:\\\/\\\/secure.gravatar.com\\\/avatar\\\/b4327cfa27e9799da239a26adcd534fc29cdc0c4a4a148eecbcfeb9b42c617ac?s=96&d=mm&r=g\",\"caption\":\"Pe. Andr\u00e9\"},\"sameAs\":[\"https:\\\/\\\/www.ecclesia.org.br\"]}]}<\/script>\n<!-- \/ Yoast SEO plugin. -->","yoast_head_json":{"title":"AN\u00daNCIO E CONVITE PARA A ENTRONIZA\u00c7\u00c3O DO NOVO ARCEBISPO METROPOLITANO | ECCLESIA NEWS","robots":{"index":"index","follow":"follow","max-snippet":"max-snippet:-1","max-image-preview":"max-image-preview:large","max-video-preview":"max-video-preview:-1"},"canonical":"https:\/\/news.ecclesia.org.br\/?p=27172","og_locale":"pt_BR","og_type":"article","og_title":"AN\u00daNCIO E CONVITE PARA A ENTRONIZA\u00c7\u00c3O DO NOVO ARCEBISPO METROPOLITANO | ECCLESIA NEWS","og_description":"Com a permiss\u00e3o e a b\u00ean\u00e7\u00e3o de S. Santidade Bartolomeu, Patriarca Ecum\u00eanico, a Sacra Arquidiocese de Buenos Aires e Am\u00e9rica do Sul tem a grande honra de anunciar e convidar toda a sua plenitude, Cl\u00e9rigos, Arcontes, Dignit\u00e1rios, Conselhos Paroquiais, Coletividades,&#8230;","og_url":"https:\/\/news.ecclesia.org.br\/?p=27172","og_site_name":"ECCLESIA NEWS","article_publisher":"https:\/\/www.facebook.com\/Ecclesia2025","article_published_time":"2019-12-15T00:26:01+00:00","article_modified_time":"2019-12-20T17:22:40+00:00","og_image":[{"width":480,"height":120,"url":"https:\/\/news.ecclesia.org.br\/wp-content\/uploads\/2025\/05\/ecclesia2.png","type":"image\/png"}],"author":"Pe. Andr\u00e9","twitter_card":"summary_large_image","twitter_creator":"@EcclesiaNews","twitter_site":"@EcclesiaNews","twitter_misc":{"Escrito por":"Pe. Andr\u00e9","Est. tempo de leitura":"1 minuto"},"schema":{"@context":"https:\/\/schema.org","@graph":[{"@type":"Article","@id":"https:\/\/news.ecclesia.org.br\/?p=27172#article","isPartOf":{"@id":"https:\/\/news.ecclesia.org.br\/?p=27172"},"author":{"name":"Pe. Andr\u00e9","@id":"https:\/\/news.ecclesia.org.br\/#\/schema\/person\/6f09597f025829745ba414a569f63758"},"headline":"AN\u00daNCIO E CONVITE PARA A ENTRONIZA\u00c7\u00c3O DO NOVO ARCEBISPO METROPOLITANO","datePublished":"2019-12-15T00:26:01+00:00","dateModified":"2019-12-20T17:22:40+00:00","mainEntityOfPage":{"@id":"https:\/\/news.ecclesia.org.br\/?p=27172"},"wordCount":256,"commentCount":0,"publisher":{"@id":"https:\/\/news.ecclesia.org.br\/#organization"},"articleSection":["NEWS"],"inLanguage":"pt-BR","potentialAction":[{"@type":"CommentAction","name":"Comment","target":["https:\/\/news.ecclesia.org.br\/?p=27172#respond"]}]},{"@type":"WebPage","@id":"https:\/\/news.ecclesia.org.br\/?p=27172","url":"https:\/\/news.ecclesia.org.br\/?p=27172","name":"AN\u00daNCIO E CONVITE PARA A ENTRONIZA\u00c7\u00c3O DO NOVO ARCEBISPO METROPOLITANO | ECCLESIA NEWS","isPartOf":{"@id":"https:\/\/news.ecclesia.org.br\/#website"},"datePublished":"2019-12-15T00:26:01+00:00","dateModified":"2019-12-20T17:22:40+00:00","breadcrumb":{"@id":"https:\/\/news.ecclesia.org.br\/?p=27172#breadcrumb"},"inLanguage":"pt-BR","potentialAction":[{"@type":"ReadAction","target":["https:\/\/news.ecclesia.org.br\/?p=27172"]}]},{"@type":"BreadcrumbList","@id":"https:\/\/news.ecclesia.org.br\/?p=27172#breadcrumb","itemListElement":[{"@type":"ListItem","position":1,"name":"In\u00edcio","item":"https:\/\/news.ecclesia.org.br\/"},{"@type":"ListItem","position":2,"name":"AN\u00daNCIO E CONVITE PARA A ENTRONIZA\u00c7\u00c3O DO NOVO ARCEBISPO METROPOLITANO"}]},{"@type":"WebSite","@id":"https:\/\/news.ecclesia.org.br\/#website","url":"https:\/\/news.ecclesia.org.br\/","name":"Ecclesia Brasil","description":"Desde 2003 onectando o Brasil ao mundo ortodoxo!","publisher":{"@id":"https:\/\/news.ecclesia.org.br\/#organization"},"alternateName":"Ecclesia","potentialAction":[{"@type":"SearchAction","target":{"@type":"EntryPoint","urlTemplate":"https:\/\/news.ecclesia.org.br\/?s={search_term_string}"},"query-input":{"@type":"PropertyValueSpecification","valueRequired":true,"valueName":"search_term_string"}}],"inLanguage":"pt-BR"},{"@type":"Organization","@id":"https:\/\/news.ecclesia.org.br\/#organization","name":"Sacra Arquidiocese de Buenos Aires e Am\u00e9rica do Sul | Patriarcado Ecum\u00eanico","alternateName":"News Ecclesia Brasil","url":"https:\/\/news.ecclesia.org.br\/","logo":{"@type":"ImageObject","inLanguage":"pt-BR","@id":"https:\/\/news.ecclesia.org.br\/#\/schema\/logo\/image\/","url":"https:\/\/news.ecclesia.org.br\/wp-content\/uploads\/2025\/05\/ecclesia2.png","contentUrl":"https:\/\/news.ecclesia.org.br\/wp-content\/uploads\/2025\/05\/ecclesia2.png","width":480,"height":120,"caption":"Sacra Arquidiocese de Buenos Aires e Am\u00e9rica do Sul | Patriarcado Ecum\u00eanico"},"image":{"@id":"https:\/\/news.ecclesia.org.br\/#\/schema\/logo\/image\/"},"sameAs":["https:\/\/www.facebook.com\/Ecclesia2025","https:\/\/x.com\/EcclesiaNews","https:\/\/br.pinterest.com\/ekklisia\/","https:\/\/www.youtube.com\/@EcclesiaBrasil"]},{"@type":"Person","@id":"https:\/\/news.ecclesia.org.br\/#\/schema\/person\/6f09597f025829745ba414a569f63758","name":"Pe. Andr\u00e9","image":{"@type":"ImageObject","inLanguage":"pt-BR","@id":"https:\/\/secure.gravatar.com\/avatar\/b4327cfa27e9799da239a26adcd534fc29cdc0c4a4a148eecbcfeb9b42c617ac?s=96&d=mm&r=g","url":"https:\/\/secure.gravatar.com\/avatar\/b4327cfa27e9799da239a26adcd534fc29cdc0c4a4a148eecbcfeb9b42c617ac?s=96&d=mm&r=g","contentUrl":"https:\/\/secure.gravatar.com\/avatar\/b4327cfa27e9799da239a26adcd534fc29cdc0c4a4a148eecbcfeb9b42c617ac?s=96&d=mm&r=g","caption":"Pe. Andr\u00e9"},"sameAs":["https:\/\/www.ecclesia.org.br"]}]}},"_links":{"self":[{"href":"https:\/\/news.ecclesia.org.br\/index.php?rest_route=\/wp\/v2\/posts\/27172","targetHints":{"allow":["GET"]}}],"collection":[{"href":"https:\/\/news.ecclesia.org.br\/index.php?rest_route=\/wp\/v2\/posts"}],"about":[{"href":"https:\/\/news.ecclesia.org.br\/index.php?rest_route=\/wp\/v2\/types\/post"}],"author":[{"embeddable":true,"href":"https:\/\/news.ecclesia.org.br\/index.php?rest_route=\/wp\/v2\/users\/1"}],"replies":[{"embeddable":true,"href":"https:\/\/news.ecclesia.org.br\/index.php?rest_route=%2Fwp%2Fv2%2Fcomments&post=27172"}],"version-history":[{"count":0,"href":"https:\/\/news.ecclesia.org.br\/index.php?rest_route=\/wp\/v2\/posts\/27172\/revisions"}],"wp:attachment":[{"href":"https:\/\/news.ecclesia.org.br\/index.php?rest_route=%2Fwp%2Fv2%2Fmedia&parent=27172"}],"wp:term":[{"taxonomy":"category","embeddable":true,"href":"https:\/\/news.ecclesia.org.br\/index.php?rest_route=%2Fwp%2Fv2%2Fcategories&post=27172"},{"taxonomy":"post_tag","embeddable":true,"href":"https:\/\/news.ecclesia.org.br\/index.php?rest_route=%2Fwp%2Fv2%2Ftags&post=27172"}],"curies":[{"name":"wp","href":"https:\/\/api.w.org\/{rel}","templated":true}]}}