{"id":27109,"date":"2019-11-30T13:21:22","date_gmt":"2019-11-30T13:21:22","guid":{"rendered":"https:\/\/news.ecclesia.org.br\/?p=27109"},"modified":"2021-07-27T14:34:43","modified_gmt":"2021-07-27T17:34:43","slug":"sacra-arquidiocese-de-buenos-aires-e-america-do-sul-tem-novo-metropolita","status":"publish","type":"post","link":"https:\/\/news.ecclesia.org.br\/?p=27109","title":{"rendered":"Sacra Arquidiocese de Buenos Aires e Am\u00e9rica do Sul tem novo Metropolita"},"content":{"rendered":"<h1 style=\"text-align: center;\"><strong><span data-originalfontsize=\"18pt\" data-originalcomputedfontsize=\"24\">PATRIARCADO \u00a0ECUM\u00caNICO<\/span><\/strong><strong style=\"font-size: 16px;\">\u00a0<\/strong><\/h1>\n<h2 style=\"text-align: center;\"><strong style=\"font-size: 16px;\"><span data-originalfontsize=\"18pt\" data-originalcomputedfontsize=\"24\">COMUNICADO<\/span><\/strong><\/h2>\n<p style=\"text-align: justify;\"><strong><span data-originalfontsize=\"18pt\" data-originalcomputedfontsize=\"24\"><a href=\"https:\/\/news.ecclesia.org.br\/wp-content\/uploads\/2019\/11\/70092A56-B449-4D86-9F38-CD1B91D35B66.jpeg\"><img fetchpriority=\"high\" decoding=\"async\" class=\"alignleft wp-image-27110 size-medium\" src=\"https:\/\/news.ecclesia.org.br\/wp-content\/uploads\/2019\/11\/70092A56-B449-4D86-9F38-CD1B91D35B66-213x300.jpeg\" alt=\"\" width=\"213\" height=\"300\" srcset=\"https:\/\/news.ecclesia.org.br\/wp-content\/uploads\/2019\/11\/70092A56-B449-4D86-9F38-CD1B91D35B66-213x300.jpeg 213w, https:\/\/news.ecclesia.org.br\/wp-content\/uploads\/2019\/11\/70092A56-B449-4D86-9F38-CD1B91D35B66-728x1024.jpeg 728w, https:\/\/news.ecclesia.org.br\/wp-content\/uploads\/2019\/11\/70092A56-B449-4D86-9F38-CD1B91D35B66-768x1080.jpeg 768w, https:\/\/news.ecclesia.org.br\/wp-content\/uploads\/2019\/11\/70092A56-B449-4D86-9F38-CD1B91D35B66-39x55.jpeg 39w, https:\/\/news.ecclesia.org.br\/wp-content\/uploads\/2019\/11\/70092A56-B449-4D86-9F38-CD1B91D35B66.jpeg 910w\" sizes=\"(max-width: 213px) 100vw, 213px\" \/><\/a><\/span><\/strong>Estando vacante o Instituto Ortodoxo Patriarca Aten\u00e1goras, em Berkeley, Calif\u00f3rnia, EUA, decorrente da elei\u00e7\u00e3o do ent\u00e3o Diretor o Metropolita Dom Nikitas Dardanelos como Arcebispo de Tiatira e Gr\u00e3-Bretanha, foi nomeado para a dita posi\u00e7\u00e3o, o Metropolita de Buenos Aires, Dom Tarasios, como seu Diretor, sendo transferido concomitantemente para a Sacra Metr\u00f3pole de Rod\u00f3polis.<\/p>\n<p style=\"text-align: justify;\">Com a vac\u00e2ncia da Sacra Metr\u00f3polis de Buenos Aires, foi eleito, hoje, por unanimidade, o at\u00e9 ent\u00e3o Bispo Auxiliar Iosif de P\u00e1tara, de ascend\u00eancia argentina.<\/p>\n<p style=\"text-align: right;\">\u00a029 de novembro de 2019<\/p>\n<p style=\"text-align: right;\">\u00a0Secretaria do Patriarcado<br \/>\n<a href=\"https:\/\/news.ecclesia.org.br\/wp-content\/uploads\/2019\/11\/70092A56-B449-4D86-9F38-CD1B91D35B66.jpeg\"><br \/>\n<\/a><\/p>\n<hr \/>\n<h2><span data-originalfontsize=\"14pt\" data-originalcomputedfontsize=\"18.66666603088379\">Biografia de S.E.R. Dom IOSIF de Buenos Aires<\/span><\/h2>\n<p style=\"text-align: justify;\"><span data-originalfontsize=\"14pt\" data-originalcomputedfontsize=\"18.66666603088379\">O \u00a0rec\u00e9m-eleito Arcebispo Metropolitano, Dom Iosif de Buenos Aires, nasceu em 1976 em C\u00f3rdoba, Argentina, onde completou seus estudos \u00a0do Ensino M\u00e9dio e no ensino m\u00e9dio em 1994.<\/span><\/p>\n<p style=\"text-align: justify;\"><span data-originalfontsize=\"14pt\" data-originalcomputedfontsize=\"18.66666603088379\">Em 1995, por iniciativa do ent\u00e3o Arcebispo Cyril, Hierarca do Patriarcado de Antioquia, \u00a0foi transferido para a S\u00edria para sua forma\u00e7\u00e3o religiosa no Santo Mosteiro de S\u00e3o Jorge de Himmarros e, depois, para a Escola Teol\u00f3gica de S\u00e3o Jo\u00e3o de Damasco, em Damasco.<\/span><\/p>\n<p style=\"text-align: justify;\">Em 1997, recebeu uma bolsa de estudos do Patriarcado Ecum\u00eanico para estudar Teologia na Faculdade de Estudos Pastorais da Universidade Arist\u00f3teles de Tessal\u00f4nica (Gr\u00e9cia) onde se formou em 2002. Foi ordenado di\u00e1cono em 1997, recebendo o nome de IOSIF. Sua ordena\u00e7\u00e3o sacerdotal \u00a0se deu no ano de 2000, pelo ent\u00e3o Arcebispo Metropolita de Buenos Aires Gen\u00e1dios. No mesmo ano, ele foi transferido para a cidade de Freiburg, na Alemanha, sob a jurisdi\u00e7\u00e3o do Arcebispo Metropolita Dom Augustinho que o nomeou chefe hier\u00e1rquico da Santa Igreja de S\u00e3o Jo\u00e3o, o Te\u00f3logo.<\/p>\n<p style=\"text-align: justify;\"><span data-originalfontsize=\"14pt\" data-originalcomputedfontsize=\"18.66666603088379\">Em 2002, mudou-se para Roma para prosseguir seus estudos de teologia na Universidade Cat\u00f3lica de S\u00e3o Tomas de Aquino &#8211; Angelicum &#8211; onde se formou em 2003. No ano seguinte, recebeu seu Mestrado em Teologia Pastoral e Espiritual Cat\u00f3lica, com uma tese de mestrado intitulada &#8220;A satisfa\u00e7\u00e3o do arrependimento em S\u00e3o Tom\u00e1s&#8221;.<\/span><\/p>\n<p style=\"text-align: justify;\"><span data-originalfontsize=\"14pt\" data-originalcomputedfontsize=\"18.66666603088379\">Em 2005, completou seu mestrado na Escola Teol\u00f3gica da mencionada Universidade Pontif\u00edcia, apresentando uma tese intitulada &#8220;S\u00e3o Jo\u00e3o Damaskinos como a fonte da primeira parte do Summa Theologica de Tom\u00e1s de Aquino&#8221;.<\/span><\/p>\n<p style=\"text-align: justify;\"><span data-originalfontsize=\"14pt\" data-originalcomputedfontsize=\"18.66666603088379\">Em 2006, pos-graduaou-se pela Faculdade de Estudos Pastorais da Universidade Arist\u00f3teles de Tessal\u00f4nica (Gr\u00e9cia).<\/span><\/p>\n<p style=\"text-align: justify;\"><span data-originalfontsize=\"14pt\" data-originalcomputedfontsize=\"18.66666603088379\">Em 2006, por ordem do Patriarca Ecum\u00eanico, ele foi transferido para a Argentina.<\/span><\/p>\n<p style=\"text-align: justify;\"><span data-originalfontsize=\"14pt\" data-originalcomputedfontsize=\"18.66666603088379\">Em fevereiro de 2007, por solicita\u00e7\u00e3o de Sua Santidade, foi promovido pelo Metropolitano de Buenos Aires Tarasios ao t\u00edtulo de Arquimandrita e Chefe Hier\u00e1rquico da Igreja de S\u00e3o Jorge, em Santiago, Chile.<\/span><\/p>\n<p style=\"text-align: justify;\">Em 2008, mudou-se para sua cidade natal, C\u00f3rdoba, e foi nomeado Chefe Hier\u00e1rquico da Igreja de S\u00e3o Jo\u00e3o Batista e Comiss\u00e1rio Hier\u00e1rquico da das regi\u00f5es Central e do Norte da Argentina.<\/p>\n<p style=\"text-align: justify;\"><span data-originalfontsize=\"14pt\" data-originalcomputedfontsize=\"18.66666603088379\">Em 2010, ele foi transferido para Buenos Aires e assumiu a presid\u00eancia da Santa Metr\u00f3pole, enquanto foi nomeado chefe da Catedral da Dormi\u00e7\u00e3o da Theotokos.<\/span><\/p>\n<p style=\"text-align: justify;\">Em 2011, ele apresentou uma tese de doutorado na Universidade Cat\u00f3lica de S\u00e3o Tom\u00e1s de Aquino &#8211; Angelicum, sob o t\u00edtulo: &#8220;Tra\u00e7os de Damasco no professor ang\u00e9lico. Uma abordagem interpretativa do uso de S\u00e3o Jo\u00e3o Damaskinos na Suma Teol\u00f3gica de Thomas de Aquino&#8221;, recebendo o \u00a0t\u00edtulo de&#8221; Excelente &#8220;de Doutor em Teologia Cat\u00f3lica. Em mar\u00e7o de 2012, foi proclamado Doutor em Teologia pela Escola Teol\u00f3gica Aristot\u00e9lica de Arist\u00f3teles.<\/p>\n<p style=\"text-align: justify;\"><span data-originalfontsize=\"14pt\" data-originalcomputedfontsize=\"18.66666603088379\">Em 31 de maio de 2012, foi consagrado Bispo de P\u00e1tara, bispo assistente do Metropolitano de Buenos Aires e foi ordenado na Catedral da Dormi\u00e7\u00e3o da Theotokos, em Buenos Aires, em 19 de agosto de 2012.<\/span><\/p>\n<p style=\"text-align: justify;\"><span data-originalfontsize=\"14pt\" data-originalcomputedfontsize=\"18.66666603088379\">Foi membro de delega\u00e7\u00f5es e miss\u00f5es patriarcais nas Assembleias Gerais do Conselho Mundial de Igrejas e em v\u00e1rias outras congrega\u00e7\u00f5es crist\u00e3s.<\/span><\/p>\n<p style=\"text-align: justify;\">Na 3\u00aa reuni\u00e3o da Assembleia dos Bispos Ortodoxos Can\u00f4nicos da Am\u00e9rica do Sul, exerceu a fun\u00e7\u00e3o de Secret\u00e1rio.<\/p>\n<p>&nbsp;<\/p>\n","protected":false},"excerpt":{"rendered":"<p>PATRIARCADO \u00a0ECUM\u00caNICO\u00a0 COMUNICADO Estando vacante o Instituto Ortodoxo Patriarca Aten\u00e1goras, em Berkeley, Calif\u00f3rnia, EUA, decorrente da elei\u00e7\u00e3o do ent\u00e3o Diretor o Metropolita Dom Nikitas Dardanelos como Arcebispo de Tiatira e Gr\u00e3-Bretanha, foi nomeado para a dita posi\u00e7\u00e3o, o Metropolita de&#8230;<\/p>\n","protected":false},"author":1,"featured_media":0,"comment_status":"open","ping_status":"open","sticky":false,"template":"","format":"standard","meta":{"_acf_changed":false,"footnotes":""},"categories":[40],"tags":[],"class_list":["post-27109","post","type-post","status-publish","format-standard","hentry","category-arquidiocese-de-buenos-aires-e-america-do-sul","entry","rows-excerpt"],"acf":[],"yoast_head":"<!-- This site is optimized with the Yoast SEO plugin v27.4 - https:\/\/yoast.com\/product\/yoast-seo-wordpress\/ -->\n<title>Sacra Arquidiocese de Buenos Aires e Am\u00e9rica do Sul tem novo Metropolita | ECCLESIA NEWS<\/title>\n<meta name=\"robots\" content=\"index, follow, max-snippet:-1, max-image-preview:large, max-video-preview:-1\" \/>\n<link rel=\"canonical\" href=\"https:\/\/news.ecclesia.org.br\/?p=27109\" \/>\n<meta property=\"og:locale\" content=\"pt_BR\" \/>\n<meta property=\"og:type\" content=\"article\" \/>\n<meta property=\"og:title\" content=\"Sacra Arquidiocese de Buenos Aires e Am\u00e9rica do Sul tem novo Metropolita | ECCLESIA NEWS\" \/>\n<meta property=\"og:description\" content=\"PATRIARCADO \u00a0ECUM\u00caNICO\u00a0 COMUNICADO Estando vacante o Instituto Ortodoxo Patriarca Aten\u00e1goras, em Berkeley, Calif\u00f3rnia, EUA, decorrente da elei\u00e7\u00e3o do ent\u00e3o Diretor o Metropolita Dom Nikitas Dardanelos como Arcebispo de Tiatira e Gr\u00e3-Bretanha, foi nomeado para a dita posi\u00e7\u00e3o, o Metropolita de&#8230;\" \/>\n<meta property=\"og:url\" content=\"https:\/\/news.ecclesia.org.br\/?p=27109\" \/>\n<meta property=\"og:site_name\" content=\"ECCLESIA NEWS\" \/>\n<meta property=\"article:publisher\" content=\"https:\/\/www.facebook.com\/Ecclesia2025\" \/>\n<meta property=\"article:published_time\" content=\"2019-11-30T13:21:22+00:00\" \/>\n<meta property=\"article:modified_time\" content=\"2021-07-27T17:34:43+00:00\" \/>\n<meta property=\"og:image\" content=\"https:\/\/news.ecclesia.org.br\/wp-content\/uploads\/2019\/11\/70092A56-B449-4D86-9F38-CD1B91D35B66-213x300.jpeg\" \/>\n<meta name=\"author\" content=\"Pe. Andr\u00e9\" \/>\n<meta name=\"twitter:card\" content=\"summary_large_image\" \/>\n<meta name=\"twitter:creator\" content=\"@EcclesiaNews\" \/>\n<meta name=\"twitter:site\" content=\"@EcclesiaNews\" \/>\n<meta name=\"twitter:label1\" content=\"Escrito por\" \/>\n\t<meta name=\"twitter:data1\" content=\"Pe. Andr\u00e9\" \/>\n\t<meta name=\"twitter:label2\" content=\"Est. tempo de leitura\" \/>\n\t<meta name=\"twitter:data2\" content=\"3 minutos\" \/>\n<script type=\"application\/ld+json\" class=\"yoast-schema-graph\">{\"@context\":\"https:\\\/\\\/schema.org\",\"@graph\":[{\"@type\":\"Article\",\"@id\":\"https:\\\/\\\/news.ecclesia.org.br\\\/?p=27109#article\",\"isPartOf\":{\"@id\":\"https:\\\/\\\/news.ecclesia.org.br\\\/?p=27109\"},\"author\":{\"name\":\"Pe. Andr\u00e9\",\"@id\":\"https:\\\/\\\/news.ecclesia.org.br\\\/#\\\/schema\\\/person\\\/6f09597f025829745ba414a569f63758\"},\"headline\":\"Sacra Arquidiocese de Buenos Aires e Am\u00e9rica do Sul tem novo Metropolita\",\"datePublished\":\"2019-11-30T13:21:22+00:00\",\"dateModified\":\"2021-07-27T17:34:43+00:00\",\"mainEntityOfPage\":{\"@id\":\"https:\\\/\\\/news.ecclesia.org.br\\\/?p=27109\"},\"wordCount\":686,\"commentCount\":0,\"publisher\":{\"@id\":\"https:\\\/\\\/news.ecclesia.org.br\\\/#organization\"},\"image\":{\"@id\":\"https:\\\/\\\/news.ecclesia.org.br\\\/?p=27109#primaryimage\"},\"thumbnailUrl\":\"https:\\\/\\\/news.ecclesia.org.br\\\/wp-content\\\/uploads\\\/2019\\\/11\\\/70092A56-B449-4D86-9F38-CD1B91D35B66-213x300.jpeg\",\"articleSection\":[\"Arquidiocese de Buenos Aires e Am\u00e9rica do Sul\"],\"inLanguage\":\"pt-BR\",\"potentialAction\":[{\"@type\":\"CommentAction\",\"name\":\"Comment\",\"target\":[\"https:\\\/\\\/news.ecclesia.org.br\\\/?p=27109#respond\"]}]},{\"@type\":\"WebPage\",\"@id\":\"https:\\\/\\\/news.ecclesia.org.br\\\/?p=27109\",\"url\":\"https:\\\/\\\/news.ecclesia.org.br\\\/?p=27109\",\"name\":\"Sacra Arquidiocese de Buenos Aires e Am\u00e9rica do Sul tem novo Metropolita | ECCLESIA NEWS\",\"isPartOf\":{\"@id\":\"https:\\\/\\\/news.ecclesia.org.br\\\/#website\"},\"primaryImageOfPage\":{\"@id\":\"https:\\\/\\\/news.ecclesia.org.br\\\/?p=27109#primaryimage\"},\"image\":{\"@id\":\"https:\\\/\\\/news.ecclesia.org.br\\\/?p=27109#primaryimage\"},\"thumbnailUrl\":\"https:\\\/\\\/news.ecclesia.org.br\\\/wp-content\\\/uploads\\\/2019\\\/11\\\/70092A56-B449-4D86-9F38-CD1B91D35B66-213x300.jpeg\",\"datePublished\":\"2019-11-30T13:21:22+00:00\",\"dateModified\":\"2021-07-27T17:34:43+00:00\",\"breadcrumb\":{\"@id\":\"https:\\\/\\\/news.ecclesia.org.br\\\/?p=27109#breadcrumb\"},\"inLanguage\":\"pt-BR\",\"potentialAction\":[{\"@type\":\"ReadAction\",\"target\":[\"https:\\\/\\\/news.ecclesia.org.br\\\/?p=27109\"]}]},{\"@type\":\"ImageObject\",\"inLanguage\":\"pt-BR\",\"@id\":\"https:\\\/\\\/news.ecclesia.org.br\\\/?p=27109#primaryimage\",\"url\":\"https:\\\/\\\/news.ecclesia.org.br\\\/wp-content\\\/uploads\\\/2019\\\/11\\\/70092A56-B449-4D86-9F38-CD1B91D35B66-213x300.jpeg\",\"contentUrl\":\"https:\\\/\\\/news.ecclesia.org.br\\\/wp-content\\\/uploads\\\/2019\\\/11\\\/70092A56-B449-4D86-9F38-CD1B91D35B66-213x300.jpeg\"},{\"@type\":\"BreadcrumbList\",\"@id\":\"https:\\\/\\\/news.ecclesia.org.br\\\/?p=27109#breadcrumb\",\"itemListElement\":[{\"@type\":\"ListItem\",\"position\":1,\"name\":\"In\u00edcio\",\"item\":\"https:\\\/\\\/news.ecclesia.org.br\\\/\"},{\"@type\":\"ListItem\",\"position\":2,\"name\":\"Sacra Arquidiocese de Buenos Aires e Am\u00e9rica do Sul tem novo Metropolita\"}]},{\"@type\":\"WebSite\",\"@id\":\"https:\\\/\\\/news.ecclesia.org.br\\\/#website\",\"url\":\"https:\\\/\\\/news.ecclesia.org.br\\\/\",\"name\":\"Ecclesia Brasil\",\"description\":\"Desde 2003 onectando o Brasil ao mundo ortodoxo!\",\"publisher\":{\"@id\":\"https:\\\/\\\/news.ecclesia.org.br\\\/#organization\"},\"alternateName\":\"Ecclesia\",\"potentialAction\":[{\"@type\":\"SearchAction\",\"target\":{\"@type\":\"EntryPoint\",\"urlTemplate\":\"https:\\\/\\\/news.ecclesia.org.br\\\/?s={search_term_string}\"},\"query-input\":{\"@type\":\"PropertyValueSpecification\",\"valueRequired\":true,\"valueName\":\"search_term_string\"}}],\"inLanguage\":\"pt-BR\"},{\"@type\":\"Organization\",\"@id\":\"https:\\\/\\\/news.ecclesia.org.br\\\/#organization\",\"name\":\"Sacra Arquidiocese de Buenos Aires e Am\u00e9rica do Sul | Patriarcado Ecum\u00eanico\",\"alternateName\":\"News Ecclesia Brasil\",\"url\":\"https:\\\/\\\/news.ecclesia.org.br\\\/\",\"logo\":{\"@type\":\"ImageObject\",\"inLanguage\":\"pt-BR\",\"@id\":\"https:\\\/\\\/news.ecclesia.org.br\\\/#\\\/schema\\\/logo\\\/image\\\/\",\"url\":\"https:\\\/\\\/news.ecclesia.org.br\\\/wp-content\\\/uploads\\\/2025\\\/05\\\/ecclesia2.png\",\"contentUrl\":\"https:\\\/\\\/news.ecclesia.org.br\\\/wp-content\\\/uploads\\\/2025\\\/05\\\/ecclesia2.png\",\"width\":480,\"height\":120,\"caption\":\"Sacra Arquidiocese de Buenos Aires e Am\u00e9rica do Sul | Patriarcado Ecum\u00eanico\"},\"image\":{\"@id\":\"https:\\\/\\\/news.ecclesia.org.br\\\/#\\\/schema\\\/logo\\\/image\\\/\"},\"sameAs\":[\"https:\\\/\\\/www.facebook.com\\\/Ecclesia2025\",\"https:\\\/\\\/x.com\\\/EcclesiaNews\",\"https:\\\/\\\/br.pinterest.com\\\/ekklisia\\\/\",\"https:\\\/\\\/www.youtube.com\\\/@EcclesiaBrasil\"]},{\"@type\":\"Person\",\"@id\":\"https:\\\/\\\/news.ecclesia.org.br\\\/#\\\/schema\\\/person\\\/6f09597f025829745ba414a569f63758\",\"name\":\"Pe. Andr\u00e9\",\"image\":{\"@type\":\"ImageObject\",\"inLanguage\":\"pt-BR\",\"@id\":\"https:\\\/\\\/secure.gravatar.com\\\/avatar\\\/b4327cfa27e9799da239a26adcd534fc29cdc0c4a4a148eecbcfeb9b42c617ac?s=96&d=mm&r=g\",\"url\":\"https:\\\/\\\/secure.gravatar.com\\\/avatar\\\/b4327cfa27e9799da239a26adcd534fc29cdc0c4a4a148eecbcfeb9b42c617ac?s=96&d=mm&r=g\",\"contentUrl\":\"https:\\\/\\\/secure.gravatar.com\\\/avatar\\\/b4327cfa27e9799da239a26adcd534fc29cdc0c4a4a148eecbcfeb9b42c617ac?s=96&d=mm&r=g\",\"caption\":\"Pe. Andr\u00e9\"},\"sameAs\":[\"https:\\\/\\\/www.ecclesia.org.br\"]}]}<\/script>\n<!-- \/ Yoast SEO plugin. -->","yoast_head_json":{"title":"Sacra Arquidiocese de Buenos Aires e Am\u00e9rica do Sul tem novo Metropolita | ECCLESIA NEWS","robots":{"index":"index","follow":"follow","max-snippet":"max-snippet:-1","max-image-preview":"max-image-preview:large","max-video-preview":"max-video-preview:-1"},"canonical":"https:\/\/news.ecclesia.org.br\/?p=27109","og_locale":"pt_BR","og_type":"article","og_title":"Sacra Arquidiocese de Buenos Aires e Am\u00e9rica do Sul tem novo Metropolita | ECCLESIA NEWS","og_description":"PATRIARCADO \u00a0ECUM\u00caNICO\u00a0 COMUNICADO Estando vacante o Instituto Ortodoxo Patriarca Aten\u00e1goras, em Berkeley, Calif\u00f3rnia, EUA, decorrente da elei\u00e7\u00e3o do ent\u00e3o Diretor o Metropolita Dom Nikitas Dardanelos como Arcebispo de Tiatira e Gr\u00e3-Bretanha, foi nomeado para a dita posi\u00e7\u00e3o, o Metropolita de&#8230;","og_url":"https:\/\/news.ecclesia.org.br\/?p=27109","og_site_name":"ECCLESIA NEWS","article_publisher":"https:\/\/www.facebook.com\/Ecclesia2025","article_published_time":"2019-11-30T13:21:22+00:00","article_modified_time":"2021-07-27T17:34:43+00:00","og_image":[{"url":"https:\/\/news.ecclesia.org.br\/wp-content\/uploads\/2019\/11\/70092A56-B449-4D86-9F38-CD1B91D35B66-213x300.jpeg","type":"","width":"","height":""}],"author":"Pe. Andr\u00e9","twitter_card":"summary_large_image","twitter_creator":"@EcclesiaNews","twitter_site":"@EcclesiaNews","twitter_misc":{"Escrito por":"Pe. Andr\u00e9","Est. tempo de leitura":"3 minutos"},"schema":{"@context":"https:\/\/schema.org","@graph":[{"@type":"Article","@id":"https:\/\/news.ecclesia.org.br\/?p=27109#article","isPartOf":{"@id":"https:\/\/news.ecclesia.org.br\/?p=27109"},"author":{"name":"Pe. Andr\u00e9","@id":"https:\/\/news.ecclesia.org.br\/#\/schema\/person\/6f09597f025829745ba414a569f63758"},"headline":"Sacra Arquidiocese de Buenos Aires e Am\u00e9rica do Sul tem novo Metropolita","datePublished":"2019-11-30T13:21:22+00:00","dateModified":"2021-07-27T17:34:43+00:00","mainEntityOfPage":{"@id":"https:\/\/news.ecclesia.org.br\/?p=27109"},"wordCount":686,"commentCount":0,"publisher":{"@id":"https:\/\/news.ecclesia.org.br\/#organization"},"image":{"@id":"https:\/\/news.ecclesia.org.br\/?p=27109#primaryimage"},"thumbnailUrl":"https:\/\/news.ecclesia.org.br\/wp-content\/uploads\/2019\/11\/70092A56-B449-4D86-9F38-CD1B91D35B66-213x300.jpeg","articleSection":["Arquidiocese de Buenos Aires e Am\u00e9rica do Sul"],"inLanguage":"pt-BR","potentialAction":[{"@type":"CommentAction","name":"Comment","target":["https:\/\/news.ecclesia.org.br\/?p=27109#respond"]}]},{"@type":"WebPage","@id":"https:\/\/news.ecclesia.org.br\/?p=27109","url":"https:\/\/news.ecclesia.org.br\/?p=27109","name":"Sacra Arquidiocese de Buenos Aires e Am\u00e9rica do Sul tem novo Metropolita | ECCLESIA NEWS","isPartOf":{"@id":"https:\/\/news.ecclesia.org.br\/#website"},"primaryImageOfPage":{"@id":"https:\/\/news.ecclesia.org.br\/?p=27109#primaryimage"},"image":{"@id":"https:\/\/news.ecclesia.org.br\/?p=27109#primaryimage"},"thumbnailUrl":"https:\/\/news.ecclesia.org.br\/wp-content\/uploads\/2019\/11\/70092A56-B449-4D86-9F38-CD1B91D35B66-213x300.jpeg","datePublished":"2019-11-30T13:21:22+00:00","dateModified":"2021-07-27T17:34:43+00:00","breadcrumb":{"@id":"https:\/\/news.ecclesia.org.br\/?p=27109#breadcrumb"},"inLanguage":"pt-BR","potentialAction":[{"@type":"ReadAction","target":["https:\/\/news.ecclesia.org.br\/?p=27109"]}]},{"@type":"ImageObject","inLanguage":"pt-BR","@id":"https:\/\/news.ecclesia.org.br\/?p=27109#primaryimage","url":"https:\/\/news.ecclesia.org.br\/wp-content\/uploads\/2019\/11\/70092A56-B449-4D86-9F38-CD1B91D35B66-213x300.jpeg","contentUrl":"https:\/\/news.ecclesia.org.br\/wp-content\/uploads\/2019\/11\/70092A56-B449-4D86-9F38-CD1B91D35B66-213x300.jpeg"},{"@type":"BreadcrumbList","@id":"https:\/\/news.ecclesia.org.br\/?p=27109#breadcrumb","itemListElement":[{"@type":"ListItem","position":1,"name":"In\u00edcio","item":"https:\/\/news.ecclesia.org.br\/"},{"@type":"ListItem","position":2,"name":"Sacra Arquidiocese de Buenos Aires e Am\u00e9rica do Sul tem novo Metropolita"}]},{"@type":"WebSite","@id":"https:\/\/news.ecclesia.org.br\/#website","url":"https:\/\/news.ecclesia.org.br\/","name":"Ecclesia Brasil","description":"Desde 2003 onectando o Brasil ao mundo ortodoxo!","publisher":{"@id":"https:\/\/news.ecclesia.org.br\/#organization"},"alternateName":"Ecclesia","potentialAction":[{"@type":"SearchAction","target":{"@type":"EntryPoint","urlTemplate":"https:\/\/news.ecclesia.org.br\/?s={search_term_string}"},"query-input":{"@type":"PropertyValueSpecification","valueRequired":true,"valueName":"search_term_string"}}],"inLanguage":"pt-BR"},{"@type":"Organization","@id":"https:\/\/news.ecclesia.org.br\/#organization","name":"Sacra Arquidiocese de Buenos Aires e Am\u00e9rica do Sul | Patriarcado Ecum\u00eanico","alternateName":"News Ecclesia Brasil","url":"https:\/\/news.ecclesia.org.br\/","logo":{"@type":"ImageObject","inLanguage":"pt-BR","@id":"https:\/\/news.ecclesia.org.br\/#\/schema\/logo\/image\/","url":"https:\/\/news.ecclesia.org.br\/wp-content\/uploads\/2025\/05\/ecclesia2.png","contentUrl":"https:\/\/news.ecclesia.org.br\/wp-content\/uploads\/2025\/05\/ecclesia2.png","width":480,"height":120,"caption":"Sacra Arquidiocese de Buenos Aires e Am\u00e9rica do Sul | Patriarcado Ecum\u00eanico"},"image":{"@id":"https:\/\/news.ecclesia.org.br\/#\/schema\/logo\/image\/"},"sameAs":["https:\/\/www.facebook.com\/Ecclesia2025","https:\/\/x.com\/EcclesiaNews","https:\/\/br.pinterest.com\/ekklisia\/","https:\/\/www.youtube.com\/@EcclesiaBrasil"]},{"@type":"Person","@id":"https:\/\/news.ecclesia.org.br\/#\/schema\/person\/6f09597f025829745ba414a569f63758","name":"Pe. Andr\u00e9","image":{"@type":"ImageObject","inLanguage":"pt-BR","@id":"https:\/\/secure.gravatar.com\/avatar\/b4327cfa27e9799da239a26adcd534fc29cdc0c4a4a148eecbcfeb9b42c617ac?s=96&d=mm&r=g","url":"https:\/\/secure.gravatar.com\/avatar\/b4327cfa27e9799da239a26adcd534fc29cdc0c4a4a148eecbcfeb9b42c617ac?s=96&d=mm&r=g","contentUrl":"https:\/\/secure.gravatar.com\/avatar\/b4327cfa27e9799da239a26adcd534fc29cdc0c4a4a148eecbcfeb9b42c617ac?s=96&d=mm&r=g","caption":"Pe. Andr\u00e9"},"sameAs":["https:\/\/www.ecclesia.org.br"]}]}},"_links":{"self":[{"href":"https:\/\/news.ecclesia.org.br\/index.php?rest_route=\/wp\/v2\/posts\/27109","targetHints":{"allow":["GET"]}}],"collection":[{"href":"https:\/\/news.ecclesia.org.br\/index.php?rest_route=\/wp\/v2\/posts"}],"about":[{"href":"https:\/\/news.ecclesia.org.br\/index.php?rest_route=\/wp\/v2\/types\/post"}],"author":[{"embeddable":true,"href":"https:\/\/news.ecclesia.org.br\/index.php?rest_route=\/wp\/v2\/users\/1"}],"replies":[{"embeddable":true,"href":"https:\/\/news.ecclesia.org.br\/index.php?rest_route=%2Fwp%2Fv2%2Fcomments&post=27109"}],"version-history":[{"count":1,"href":"https:\/\/news.ecclesia.org.br\/index.php?rest_route=\/wp\/v2\/posts\/27109\/revisions"}],"predecessor-version":[{"id":38563,"href":"https:\/\/news.ecclesia.org.br\/index.php?rest_route=\/wp\/v2\/posts\/27109\/revisions\/38563"}],"wp:attachment":[{"href":"https:\/\/news.ecclesia.org.br\/index.php?rest_route=%2Fwp%2Fv2%2Fmedia&parent=27109"}],"wp:term":[{"taxonomy":"category","embeddable":true,"href":"https:\/\/news.ecclesia.org.br\/index.php?rest_route=%2Fwp%2Fv2%2Fcategories&post=27109"},{"taxonomy":"post_tag","embeddable":true,"href":"https:\/\/news.ecclesia.org.br\/index.php?rest_route=%2Fwp%2Fv2%2Ftags&post=27109"}],"curies":[{"name":"wp","href":"https:\/\/api.w.org\/{rel}","templated":true}]}}