{"id":2707,"date":"2009-10-25T10:35:00","date_gmt":"2009-10-25T13:35:00","guid":{"rendered":"http:\/\/www.ecclesia.com.br\/news\/?p=2707"},"modified":"2021-07-22T16:29:10","modified_gmt":"2021-07-22T19:29:10","slug":"encerrada-em-paphos-chipre-a-11%c2%aa-reuniao-da-comissao-mista-para-o-dialogo-teologico-catolico-ortodoxo","status":"publish","type":"post","link":"https:\/\/news.ecclesia.org.br\/?p=2707","title":{"rendered":"Encerrada em Paphos, Chipre, a 11\u00aa Reuni\u00e3o da Comiss\u00e3o Mista para o Di\u00e1logo Teol\u00f3gico Cat\u00f3lico-Ortodoxo"},"content":{"rendered":"<p style=\"text-align: justify;\"><img fetchpriority=\"high\" decoding=\"async\" class=\"alignleft wp-image-14777 size-medium\" src=\"https:\/\/news.ecclesia.org.br\/wp-content\/uploads\/2009\/10\/003-300x178.jpg\" alt=\"003\" width=\"300\" height=\"178\" srcset=\"https:\/\/news.ecclesia.org.br\/wp-content\/uploads\/2009\/10\/003-300x178.jpg 300w, https:\/\/news.ecclesia.org.br\/wp-content\/uploads\/2009\/10\/003-93x55.jpg 93w, https:\/\/news.ecclesia.org.br\/wp-content\/uploads\/2009\/10\/003.jpg 480w\" sizes=\"(max-width: 300px) 100vw, 300px\" \/>PAPHOS, Chipre, 22 de Outubro de 2009. &#8212; A d\u00e9cima primeira Reuni\u00e3o da Comiss\u00e3o Mista Internacional para o Di\u00e1logo Teol\u00f3gico entre a Igreja Ortodoxa e a Igreja Cat\u00f3lica Romana realizou-se em Paphos, Ilha de Chipre, de 16 a 23 de Outubro de 2009, sob a organiza\u00e7\u00e3o da Igreja Ortodoxa de Chipre. A Igreja Cat\u00f3lica Romana esteve presente atrav\u00e9s de 20 delegados. Todas as Igrejas Ortodoxas, com exce\u00e7\u00e3o do Patriarcado da Bulg\u00e1ria, foram representadas. Ou seja, o Patriarcado Ecum\u00eanico de Constantinopla, o Patriarcado de Alexandria, o Patriarcado de Antioquia, o Patriarcado de Jerusal\u00e9m, o Patriarcado de Moscou, o Patriarcado da S\u00e9rvia, o Patriarcado de Rom\u00eania, o Patriarcado da Ge\u00f3rgia, a Igreja de Chipre, a Igreja da Gr\u00e9cia, a Igreja da Pol\u00f4nia, a Igreja da Alb\u00e2nia e Igreja das Rep\u00fablicas Tcheco e Eslov\u00e1quia. A Comiss\u00e3o trabalhou sob a dire\u00e7\u00e3o de seus dois co-presidentes, o cardeal Walter Kasper e o Metropolita Ioannis de P\u00e9rgamo, auxiliados por dois co-secret\u00e1rios, o Metropolita Gennadios de Sassima (Patriarcado Ecum\u00eanico de Constantinopla) e Dom Eleut\u00e9rio F. Fortino (Pontif\u00edcio Conselho para a Promo\u00e7\u00e3o da Unidade dos Crist\u00e3os). Na sess\u00e3o de abertura, no s\u00e1bado, 17 de Outubro, o Arcebispo Georgios Metropolita de Pafos, deu boas-vindas a todos e enfatizou a import\u00e2ncia da realiza\u00e7\u00e3o daquele encontro na cidade que teve o privil\u00e9gio de hospedar tr\u00eas ap\u00f3stolos: Paulo, Barnab\u00e9 e Marcos.<\/p>\n<p style=\"text-align: justify;\">No s\u00e1bado, 17 de Outubro, os membros cat\u00f3licos celebraram a Eucaristia na Igreja Cat\u00f3lico-Romana de Santa Cruz, em Nic\u00f3sia, presidida pelo Cardeal Walter Kasper, com a presen\u00e7a de membros da delega\u00e7\u00e3o ortodoxa. No domingo, 18 de Outubro, os ortodoxos celebraram a Divina Liturgia na Igreja de Phaneromeni, Nicosia, presidida por Sua Beatitude o Arcebispo Cris\u00f3stomo de Chipre, com presen\u00e7a dos membros da delega\u00e7\u00e3o Cat\u00f3lica. Posteriormente, os co-presidentes, cardeal Walter Kasper e Metropolita Jo\u00e3o de P\u00e9rgamo, juntamente com o Metropolita Gennadios de Sassima, cardeal Leonardo Sandri, Metropolita Vasilios de Constantia-Famagusta e Arcebispo Roland Minnerath, foram recebidos no Pal\u00e1cio do Planalto pelo presidente do Chipre, Sr. Dimitris Christofias. Os membros da Comiss\u00e3o visitaram o Museu Bizantino, participando depois de um almo\u00e7o oficial no Arcebispado Ortodoxo oferecido por Sua Beatitude, Arcebispo Cris\u00f3stomo de Chipre. Durante a tarde, os integrantes fizeram uma visita ao Mosteiro Metochion de Kykkos. No primeiro dia da reuni\u00e3o, como \u00e9 habitual, os membros cat\u00f3lico-romanos e ortodoxos se reuniram separadamente para coordenar seu trabalho. Na reuni\u00e3o com dos ortodoxos debateu-se, entre outros assuntos, sobre as rea\u00e7\u00f5es negativas ao Di\u00e1logo Ecum\u00eanico de certos c\u00edrculos ortodoxos, e por unanimidade decidiu-se por consider\u00e1-las totalmente infundadas e inaceit\u00e1veis, j\u00e1 que se fundam e propagam informa\u00e7\u00f5es falsas e enganosas. Todos os membros ortodoxos da Comiss\u00e3o reafirmaram a import\u00e2ncia de prosseguir com o Di\u00e1logo, e esta decis\u00e3o foi compartilhada por todas as Igrejas Ortodoxas. \u00a0A reuni\u00e3o Cat\u00f3lica tamb\u00e9m confirmou a inten\u00e7\u00e3o de prosseguir o Di\u00e1logo com confian\u00e7a rec\u00edproca, e em obedi\u00eancia \u00e0 vontade do Senhor. Tal como ficou decidido na \u00faltima sess\u00e3o plen\u00e1ria, em Ravenna, 2007, a Comiss\u00e3o estudou o tema \u00abO papel do Bispo de Roma na comunh\u00e3o da Igreja no primeiro mil\u00eanio\u00bb, com base no texto elaborado pela Comiss\u00e3o Conjunta, que se reuniu em Elounda, Creta, Gr\u00e9cia no ano passado. Durante esta reuni\u00e3o plen\u00e1ria, a Comiss\u00e3o analisou cuidadosamente e alterou partes do texto que ser\u00e1 analisado pelas Igrejas participantes at\u00e9 setembro de 2010, quando ser\u00e1 convocada uma nova reuni\u00e3o da Comiss\u00e3o Mista. \u00a0Ficou decidido que a 12\u00aa reuni\u00e3o plen\u00e1ria ser\u00e1 organizada pelo Cardeal Christofer Sch\u00f6nborn, em Viena, \u00c1ustria, 20 a 27 de Setembro de 2010. A d\u00e9cima primeira sess\u00e3o plen\u00e1ria terminou com o Of\u00edcio de V\u00e9speras na Catedral Ortodoxa de S\u00e3o Theodoros em Paphos, seguido de uma recep\u00e7\u00e3o oferecida pelo Metropolita Georgios. A reuni\u00e3o da Comiss\u00e3o Mista foi marcada, em geral, por um esp\u00edrito de amizade e colabora\u00e7\u00e3o m\u00fatuas. Os membros da Comiss\u00e3o apreciaram muito a generosa hospitalidade da Igreja de Chipre, e contam com as ora\u00e7\u00f5es de todos os fi\u00e9is para o prosseguimento do Di\u00e1logo. [Fonte <a href=\"http:\/\/www.romfea.gr\/\" target=\"_blank\" rel=\"noopener\">Romfea.gr<\/a> | Trad. Pe. Pavlos | \u00a0Foto: <a href=\"http:\/\/www.churchofcyprus.org.cy\/article.php?articleID=864\" target=\"_blank\" rel=\"noopener\">Igreja de Chipre<\/a>]<\/p>\n","protected":false},"excerpt":{"rendered":"<p>PAPHOS, Chipre, 22 de Outubro de 2009. &#8212; A d\u00e9cima primeira Reuni\u00e3o da Comiss\u00e3o Mista Internacional para o Di\u00e1logo Teol\u00f3gico entre a Igreja Ortodoxa e a Igreja Cat\u00f3lica Romana realizou-se em Paphos, Ilha de Chipre, de 16 a 23 de&#8230;<\/p>\n","protected":false},"author":1,"featured_media":0,"comment_status":"open","ping_status":"open","sticky":false,"template":"","format":"standard","meta":{"_acf_changed":false,"footnotes":""},"categories":[1],"tags":[],"class_list":["post-2707","post","type-post","status-publish","format-standard","hentry","category-news","entry","rows-excerpt"],"acf":[],"yoast_head":"<!-- This site is optimized with the Yoast SEO plugin v27.4 - https:\/\/yoast.com\/product\/yoast-seo-wordpress\/ -->\n<title>Encerrada em Paphos, Chipre, a 11\u00aa Reuni\u00e3o da Comiss\u00e3o Mista para o Di\u00e1logo Teol\u00f3gico Cat\u00f3lico-Ortodoxo | ECCLESIA NEWS<\/title>\n<meta name=\"robots\" content=\"index, follow, max-snippet:-1, max-image-preview:large, max-video-preview:-1\" \/>\n<link rel=\"canonical\" href=\"https:\/\/news.ecclesia.org.br\/?p=2707\" \/>\n<meta property=\"og:locale\" content=\"pt_BR\" \/>\n<meta property=\"og:type\" content=\"article\" \/>\n<meta property=\"og:title\" content=\"Encerrada em Paphos, Chipre, a 11\u00aa Reuni\u00e3o da Comiss\u00e3o Mista para o Di\u00e1logo Teol\u00f3gico Cat\u00f3lico-Ortodoxo | ECCLESIA NEWS\" \/>\n<meta property=\"og:description\" content=\"PAPHOS, Chipre, 22 de Outubro de 2009. &#8212; A d\u00e9cima primeira Reuni\u00e3o da Comiss\u00e3o Mista Internacional para o Di\u00e1logo Teol\u00f3gico entre a Igreja Ortodoxa e a Igreja Cat\u00f3lica Romana realizou-se em Paphos, Ilha de Chipre, de 16 a 23 de&#8230;\" \/>\n<meta property=\"og:url\" content=\"https:\/\/news.ecclesia.org.br\/?p=2707\" \/>\n<meta property=\"og:site_name\" content=\"ECCLESIA NEWS\" \/>\n<meta property=\"article:publisher\" content=\"https:\/\/www.facebook.com\/Ecclesia2025\" \/>\n<meta property=\"article:published_time\" content=\"2009-10-25T13:35:00+00:00\" \/>\n<meta property=\"article:modified_time\" content=\"2021-07-22T19:29:10+00:00\" \/>\n<meta property=\"og:image\" content=\"https:\/\/news.ecclesia.org.br\/wp-content\/uploads\/2009\/10\/003-300x178.jpg\" \/>\n<meta name=\"author\" content=\"Pe. Andr\u00e9\" \/>\n<meta name=\"twitter:card\" content=\"summary_large_image\" \/>\n<meta name=\"twitter:creator\" content=\"@EcclesiaNews\" \/>\n<meta name=\"twitter:site\" content=\"@EcclesiaNews\" \/>\n<meta name=\"twitter:label1\" content=\"Escrito por\" \/>\n\t<meta name=\"twitter:data1\" content=\"Pe. Andr\u00e9\" \/>\n\t<meta name=\"twitter:label2\" content=\"Est. tempo de leitura\" \/>\n\t<meta name=\"twitter:data2\" content=\"4 minutos\" \/>\n<script type=\"application\/ld+json\" class=\"yoast-schema-graph\">{\"@context\":\"https:\\\/\\\/schema.org\",\"@graph\":[{\"@type\":\"Article\",\"@id\":\"https:\\\/\\\/news.ecclesia.org.br\\\/?p=2707#article\",\"isPartOf\":{\"@id\":\"https:\\\/\\\/news.ecclesia.org.br\\\/?p=2707\"},\"author\":{\"name\":\"Pe. Andr\u00e9\",\"@id\":\"https:\\\/\\\/news.ecclesia.org.br\\\/#\\\/schema\\\/person\\\/6f09597f025829745ba414a569f63758\"},\"headline\":\"Encerrada em Paphos, Chipre, a 11\u00aa Reuni\u00e3o da Comiss\u00e3o Mista para o Di\u00e1logo Teol\u00f3gico Cat\u00f3lico-Ortodoxo\",\"datePublished\":\"2009-10-25T13:35:00+00:00\",\"dateModified\":\"2021-07-22T19:29:10+00:00\",\"mainEntityOfPage\":{\"@id\":\"https:\\\/\\\/news.ecclesia.org.br\\\/?p=2707\"},\"wordCount\":759,\"commentCount\":2,\"publisher\":{\"@id\":\"https:\\\/\\\/news.ecclesia.org.br\\\/#organization\"},\"image\":{\"@id\":\"https:\\\/\\\/news.ecclesia.org.br\\\/?p=2707#primaryimage\"},\"thumbnailUrl\":\"https:\\\/\\\/news.ecclesia.org.br\\\/wp-content\\\/uploads\\\/2009\\\/10\\\/003-300x178.jpg\",\"articleSection\":[\"NEWS\"],\"inLanguage\":\"pt-BR\",\"potentialAction\":[{\"@type\":\"CommentAction\",\"name\":\"Comment\",\"target\":[\"https:\\\/\\\/news.ecclesia.org.br\\\/?p=2707#respond\"]}]},{\"@type\":\"WebPage\",\"@id\":\"https:\\\/\\\/news.ecclesia.org.br\\\/?p=2707\",\"url\":\"https:\\\/\\\/news.ecclesia.org.br\\\/?p=2707\",\"name\":\"Encerrada em Paphos, Chipre, a 11\u00aa Reuni\u00e3o da Comiss\u00e3o Mista para o Di\u00e1logo Teol\u00f3gico Cat\u00f3lico-Ortodoxo | ECCLESIA NEWS\",\"isPartOf\":{\"@id\":\"https:\\\/\\\/news.ecclesia.org.br\\\/#website\"},\"primaryImageOfPage\":{\"@id\":\"https:\\\/\\\/news.ecclesia.org.br\\\/?p=2707#primaryimage\"},\"image\":{\"@id\":\"https:\\\/\\\/news.ecclesia.org.br\\\/?p=2707#primaryimage\"},\"thumbnailUrl\":\"https:\\\/\\\/news.ecclesia.org.br\\\/wp-content\\\/uploads\\\/2009\\\/10\\\/003-300x178.jpg\",\"datePublished\":\"2009-10-25T13:35:00+00:00\",\"dateModified\":\"2021-07-22T19:29:10+00:00\",\"breadcrumb\":{\"@id\":\"https:\\\/\\\/news.ecclesia.org.br\\\/?p=2707#breadcrumb\"},\"inLanguage\":\"pt-BR\",\"potentialAction\":[{\"@type\":\"ReadAction\",\"target\":[\"https:\\\/\\\/news.ecclesia.org.br\\\/?p=2707\"]}]},{\"@type\":\"ImageObject\",\"inLanguage\":\"pt-BR\",\"@id\":\"https:\\\/\\\/news.ecclesia.org.br\\\/?p=2707#primaryimage\",\"url\":\"https:\\\/\\\/news.ecclesia.org.br\\\/wp-content\\\/uploads\\\/2009\\\/10\\\/003.jpg\",\"contentUrl\":\"https:\\\/\\\/news.ecclesia.org.br\\\/wp-content\\\/uploads\\\/2009\\\/10\\\/003.jpg\",\"width\":480,\"height\":285},{\"@type\":\"BreadcrumbList\",\"@id\":\"https:\\\/\\\/news.ecclesia.org.br\\\/?p=2707#breadcrumb\",\"itemListElement\":[{\"@type\":\"ListItem\",\"position\":1,\"name\":\"In\u00edcio\",\"item\":\"https:\\\/\\\/news.ecclesia.org.br\\\/\"},{\"@type\":\"ListItem\",\"position\":2,\"name\":\"Encerrada em Paphos, Chipre, a 11\u00aa Reuni\u00e3o da Comiss\u00e3o Mista para o Di\u00e1logo Teol\u00f3gico Cat\u00f3lico-Ortodoxo\"}]},{\"@type\":\"WebSite\",\"@id\":\"https:\\\/\\\/news.ecclesia.org.br\\\/#website\",\"url\":\"https:\\\/\\\/news.ecclesia.org.br\\\/\",\"name\":\"Ecclesia Brasil\",\"description\":\"Desde 2003 onectando o Brasil ao mundo ortodoxo!\",\"publisher\":{\"@id\":\"https:\\\/\\\/news.ecclesia.org.br\\\/#organization\"},\"alternateName\":\"Ecclesia\",\"potentialAction\":[{\"@type\":\"SearchAction\",\"target\":{\"@type\":\"EntryPoint\",\"urlTemplate\":\"https:\\\/\\\/news.ecclesia.org.br\\\/?s={search_term_string}\"},\"query-input\":{\"@type\":\"PropertyValueSpecification\",\"valueRequired\":true,\"valueName\":\"search_term_string\"}}],\"inLanguage\":\"pt-BR\"},{\"@type\":\"Organization\",\"@id\":\"https:\\\/\\\/news.ecclesia.org.br\\\/#organization\",\"name\":\"Sacra Arquidiocese de Buenos Aires e Am\u00e9rica do Sul | Patriarcado Ecum\u00eanico\",\"alternateName\":\"News Ecclesia Brasil\",\"url\":\"https:\\\/\\\/news.ecclesia.org.br\\\/\",\"logo\":{\"@type\":\"ImageObject\",\"inLanguage\":\"pt-BR\",\"@id\":\"https:\\\/\\\/news.ecclesia.org.br\\\/#\\\/schema\\\/logo\\\/image\\\/\",\"url\":\"https:\\\/\\\/news.ecclesia.org.br\\\/wp-content\\\/uploads\\\/2025\\\/05\\\/ecclesia2.png\",\"contentUrl\":\"https:\\\/\\\/news.ecclesia.org.br\\\/wp-content\\\/uploads\\\/2025\\\/05\\\/ecclesia2.png\",\"width\":480,\"height\":120,\"caption\":\"Sacra Arquidiocese de Buenos Aires e Am\u00e9rica do Sul | Patriarcado Ecum\u00eanico\"},\"image\":{\"@id\":\"https:\\\/\\\/news.ecclesia.org.br\\\/#\\\/schema\\\/logo\\\/image\\\/\"},\"sameAs\":[\"https:\\\/\\\/www.facebook.com\\\/Ecclesia2025\",\"https:\\\/\\\/x.com\\\/EcclesiaNews\",\"https:\\\/\\\/br.pinterest.com\\\/ekklisia\\\/\",\"https:\\\/\\\/www.youtube.com\\\/@EcclesiaBrasil\"]},{\"@type\":\"Person\",\"@id\":\"https:\\\/\\\/news.ecclesia.org.br\\\/#\\\/schema\\\/person\\\/6f09597f025829745ba414a569f63758\",\"name\":\"Pe. Andr\u00e9\",\"image\":{\"@type\":\"ImageObject\",\"inLanguage\":\"pt-BR\",\"@id\":\"https:\\\/\\\/secure.gravatar.com\\\/avatar\\\/b4327cfa27e9799da239a26adcd534fc29cdc0c4a4a148eecbcfeb9b42c617ac?s=96&d=mm&r=g\",\"url\":\"https:\\\/\\\/secure.gravatar.com\\\/avatar\\\/b4327cfa27e9799da239a26adcd534fc29cdc0c4a4a148eecbcfeb9b42c617ac?s=96&d=mm&r=g\",\"contentUrl\":\"https:\\\/\\\/secure.gravatar.com\\\/avatar\\\/b4327cfa27e9799da239a26adcd534fc29cdc0c4a4a148eecbcfeb9b42c617ac?s=96&d=mm&r=g\",\"caption\":\"Pe. Andr\u00e9\"},\"sameAs\":[\"https:\\\/\\\/www.ecclesia.org.br\"]}]}<\/script>\n<!-- \/ Yoast SEO plugin. -->","yoast_head_json":{"title":"Encerrada em Paphos, Chipre, a 11\u00aa Reuni\u00e3o da Comiss\u00e3o Mista para o Di\u00e1logo Teol\u00f3gico Cat\u00f3lico-Ortodoxo | ECCLESIA NEWS","robots":{"index":"index","follow":"follow","max-snippet":"max-snippet:-1","max-image-preview":"max-image-preview:large","max-video-preview":"max-video-preview:-1"},"canonical":"https:\/\/news.ecclesia.org.br\/?p=2707","og_locale":"pt_BR","og_type":"article","og_title":"Encerrada em Paphos, Chipre, a 11\u00aa Reuni\u00e3o da Comiss\u00e3o Mista para o Di\u00e1logo Teol\u00f3gico Cat\u00f3lico-Ortodoxo | ECCLESIA NEWS","og_description":"PAPHOS, Chipre, 22 de Outubro de 2009. &#8212; A d\u00e9cima primeira Reuni\u00e3o da Comiss\u00e3o Mista Internacional para o Di\u00e1logo Teol\u00f3gico entre a Igreja Ortodoxa e a Igreja Cat\u00f3lica Romana realizou-se em Paphos, Ilha de Chipre, de 16 a 23 de&#8230;","og_url":"https:\/\/news.ecclesia.org.br\/?p=2707","og_site_name":"ECCLESIA NEWS","article_publisher":"https:\/\/www.facebook.com\/Ecclesia2025","article_published_time":"2009-10-25T13:35:00+00:00","article_modified_time":"2021-07-22T19:29:10+00:00","og_image":[{"url":"https:\/\/news.ecclesia.org.br\/wp-content\/uploads\/2009\/10\/003-300x178.jpg","type":"","width":"","height":""}],"author":"Pe. Andr\u00e9","twitter_card":"summary_large_image","twitter_creator":"@EcclesiaNews","twitter_site":"@EcclesiaNews","twitter_misc":{"Escrito por":"Pe. Andr\u00e9","Est. tempo de leitura":"4 minutos"},"schema":{"@context":"https:\/\/schema.org","@graph":[{"@type":"Article","@id":"https:\/\/news.ecclesia.org.br\/?p=2707#article","isPartOf":{"@id":"https:\/\/news.ecclesia.org.br\/?p=2707"},"author":{"name":"Pe. Andr\u00e9","@id":"https:\/\/news.ecclesia.org.br\/#\/schema\/person\/6f09597f025829745ba414a569f63758"},"headline":"Encerrada em Paphos, Chipre, a 11\u00aa Reuni\u00e3o da Comiss\u00e3o Mista para o Di\u00e1logo Teol\u00f3gico Cat\u00f3lico-Ortodoxo","datePublished":"2009-10-25T13:35:00+00:00","dateModified":"2021-07-22T19:29:10+00:00","mainEntityOfPage":{"@id":"https:\/\/news.ecclesia.org.br\/?p=2707"},"wordCount":759,"commentCount":2,"publisher":{"@id":"https:\/\/news.ecclesia.org.br\/#organization"},"image":{"@id":"https:\/\/news.ecclesia.org.br\/?p=2707#primaryimage"},"thumbnailUrl":"https:\/\/news.ecclesia.org.br\/wp-content\/uploads\/2009\/10\/003-300x178.jpg","articleSection":["NEWS"],"inLanguage":"pt-BR","potentialAction":[{"@type":"CommentAction","name":"Comment","target":["https:\/\/news.ecclesia.org.br\/?p=2707#respond"]}]},{"@type":"WebPage","@id":"https:\/\/news.ecclesia.org.br\/?p=2707","url":"https:\/\/news.ecclesia.org.br\/?p=2707","name":"Encerrada em Paphos, Chipre, a 11\u00aa Reuni\u00e3o da Comiss\u00e3o Mista para o Di\u00e1logo Teol\u00f3gico Cat\u00f3lico-Ortodoxo | ECCLESIA NEWS","isPartOf":{"@id":"https:\/\/news.ecclesia.org.br\/#website"},"primaryImageOfPage":{"@id":"https:\/\/news.ecclesia.org.br\/?p=2707#primaryimage"},"image":{"@id":"https:\/\/news.ecclesia.org.br\/?p=2707#primaryimage"},"thumbnailUrl":"https:\/\/news.ecclesia.org.br\/wp-content\/uploads\/2009\/10\/003-300x178.jpg","datePublished":"2009-10-25T13:35:00+00:00","dateModified":"2021-07-22T19:29:10+00:00","breadcrumb":{"@id":"https:\/\/news.ecclesia.org.br\/?p=2707#breadcrumb"},"inLanguage":"pt-BR","potentialAction":[{"@type":"ReadAction","target":["https:\/\/news.ecclesia.org.br\/?p=2707"]}]},{"@type":"ImageObject","inLanguage":"pt-BR","@id":"https:\/\/news.ecclesia.org.br\/?p=2707#primaryimage","url":"https:\/\/news.ecclesia.org.br\/wp-content\/uploads\/2009\/10\/003.jpg","contentUrl":"https:\/\/news.ecclesia.org.br\/wp-content\/uploads\/2009\/10\/003.jpg","width":480,"height":285},{"@type":"BreadcrumbList","@id":"https:\/\/news.ecclesia.org.br\/?p=2707#breadcrumb","itemListElement":[{"@type":"ListItem","position":1,"name":"In\u00edcio","item":"https:\/\/news.ecclesia.org.br\/"},{"@type":"ListItem","position":2,"name":"Encerrada em Paphos, Chipre, a 11\u00aa Reuni\u00e3o da Comiss\u00e3o Mista para o Di\u00e1logo Teol\u00f3gico Cat\u00f3lico-Ortodoxo"}]},{"@type":"WebSite","@id":"https:\/\/news.ecclesia.org.br\/#website","url":"https:\/\/news.ecclesia.org.br\/","name":"Ecclesia Brasil","description":"Desde 2003 onectando o Brasil ao mundo ortodoxo!","publisher":{"@id":"https:\/\/news.ecclesia.org.br\/#organization"},"alternateName":"Ecclesia","potentialAction":[{"@type":"SearchAction","target":{"@type":"EntryPoint","urlTemplate":"https:\/\/news.ecclesia.org.br\/?s={search_term_string}"},"query-input":{"@type":"PropertyValueSpecification","valueRequired":true,"valueName":"search_term_string"}}],"inLanguage":"pt-BR"},{"@type":"Organization","@id":"https:\/\/news.ecclesia.org.br\/#organization","name":"Sacra Arquidiocese de Buenos Aires e Am\u00e9rica do Sul | Patriarcado Ecum\u00eanico","alternateName":"News Ecclesia Brasil","url":"https:\/\/news.ecclesia.org.br\/","logo":{"@type":"ImageObject","inLanguage":"pt-BR","@id":"https:\/\/news.ecclesia.org.br\/#\/schema\/logo\/image\/","url":"https:\/\/news.ecclesia.org.br\/wp-content\/uploads\/2025\/05\/ecclesia2.png","contentUrl":"https:\/\/news.ecclesia.org.br\/wp-content\/uploads\/2025\/05\/ecclesia2.png","width":480,"height":120,"caption":"Sacra Arquidiocese de Buenos Aires e Am\u00e9rica do Sul | Patriarcado Ecum\u00eanico"},"image":{"@id":"https:\/\/news.ecclesia.org.br\/#\/schema\/logo\/image\/"},"sameAs":["https:\/\/www.facebook.com\/Ecclesia2025","https:\/\/x.com\/EcclesiaNews","https:\/\/br.pinterest.com\/ekklisia\/","https:\/\/www.youtube.com\/@EcclesiaBrasil"]},{"@type":"Person","@id":"https:\/\/news.ecclesia.org.br\/#\/schema\/person\/6f09597f025829745ba414a569f63758","name":"Pe. Andr\u00e9","image":{"@type":"ImageObject","inLanguage":"pt-BR","@id":"https:\/\/secure.gravatar.com\/avatar\/b4327cfa27e9799da239a26adcd534fc29cdc0c4a4a148eecbcfeb9b42c617ac?s=96&d=mm&r=g","url":"https:\/\/secure.gravatar.com\/avatar\/b4327cfa27e9799da239a26adcd534fc29cdc0c4a4a148eecbcfeb9b42c617ac?s=96&d=mm&r=g","contentUrl":"https:\/\/secure.gravatar.com\/avatar\/b4327cfa27e9799da239a26adcd534fc29cdc0c4a4a148eecbcfeb9b42c617ac?s=96&d=mm&r=g","caption":"Pe. Andr\u00e9"},"sameAs":["https:\/\/www.ecclesia.org.br"]}]}},"_links":{"self":[{"href":"https:\/\/news.ecclesia.org.br\/index.php?rest_route=\/wp\/v2\/posts\/2707","targetHints":{"allow":["GET"]}}],"collection":[{"href":"https:\/\/news.ecclesia.org.br\/index.php?rest_route=\/wp\/v2\/posts"}],"about":[{"href":"https:\/\/news.ecclesia.org.br\/index.php?rest_route=\/wp\/v2\/types\/post"}],"author":[{"embeddable":true,"href":"https:\/\/news.ecclesia.org.br\/index.php?rest_route=\/wp\/v2\/users\/1"}],"replies":[{"embeddable":true,"href":"https:\/\/news.ecclesia.org.br\/index.php?rest_route=%2Fwp%2Fv2%2Fcomments&post=2707"}],"version-history":[{"count":1,"href":"https:\/\/news.ecclesia.org.br\/index.php?rest_route=\/wp\/v2\/posts\/2707\/revisions"}],"predecessor-version":[{"id":38316,"href":"https:\/\/news.ecclesia.org.br\/index.php?rest_route=\/wp\/v2\/posts\/2707\/revisions\/38316"}],"wp:attachment":[{"href":"https:\/\/news.ecclesia.org.br\/index.php?rest_route=%2Fwp%2Fv2%2Fmedia&parent=2707"}],"wp:term":[{"taxonomy":"category","embeddable":true,"href":"https:\/\/news.ecclesia.org.br\/index.php?rest_route=%2Fwp%2Fv2%2Fcategories&post=2707"},{"taxonomy":"post_tag","embeddable":true,"href":"https:\/\/news.ecclesia.org.br\/index.php?rest_route=%2Fwp%2Fv2%2Ftags&post=2707"}],"curies":[{"name":"wp","href":"https:\/\/api.w.org\/{rel}","templated":true}]}}