{"id":27007,"date":"2019-09-29T18:14:58","date_gmt":"2019-09-29T18:14:58","guid":{"rendered":"https:\/\/news.ecclesia.org.br\/?p=27007"},"modified":"2021-07-27T14:43:09","modified_gmt":"2021-07-27T17:43:09","slug":"conferencia-internacional-sobre-o-legado-teologico-do-protopresbitero-georges-florovsky","status":"publish","type":"post","link":"https:\/\/news.ecclesia.org.br\/?p=27007","title":{"rendered":"Confer\u00eancia Internacional sobre \u00abO Legado Teol\u00f3gico do Protopresb\u00edtero Georges Florovsky\u00bb"},"content":{"rendered":"<p style=\"text-align: justify;\"><a href=\"https:\/\/news.ecclesia.org.br\/wp-content\/uploads\/2019\/09\/Florovsky.jpg\"><img fetchpriority=\"high\" decoding=\"async\" class=\"alignleft size-medium wp-image-27008\" src=\"https:\/\/news.ecclesia.org.br\/wp-content\/uploads\/2019\/09\/Florovsky-300x200.jpg\" alt=\"\" width=\"300\" height=\"200\" srcset=\"https:\/\/news.ecclesia.org.br\/wp-content\/uploads\/2019\/09\/Florovsky-300x200.jpg 300w, https:\/\/news.ecclesia.org.br\/wp-content\/uploads\/2019\/09\/Florovsky.jpg 768w, https:\/\/news.ecclesia.org.br\/wp-content\/uploads\/2019\/09\/Florovsky-83x55.jpg 83w, https:\/\/news.ecclesia.org.br\/wp-content\/uploads\/2019\/09\/Florovsky-60x40.jpg 60w, https:\/\/news.ecclesia.org.br\/wp-content\/uploads\/2019\/09\/Florovsky-120x80.jpg 120w\" sizes=\"(max-width: 300px) 100vw, 300px\" \/><\/a>25 de setembro de 2019 &#8212; Uma confer\u00eancia internacional sobre o \u00abO Legado Teol\u00f3gico do Protopresb\u00edtero Georges Florovsky\u00bb foi organizada por ocasi\u00e3o do 40\u00ba anivers\u00e1rio de sua morte pelo Patriarcado Ecum\u00eanico em coopera\u00e7\u00e3o com o Instituto Patriarcal de Estudos Patr\u00edsticos em Sal\u00f4nica e realizada em Istambul de 1 a 3 de setembro de 2019. S. Santidade Bartolomeu I, Patriarca Ecum\u00eanico, abriu a confer\u00eancia com um discurso introdut\u00f3rio na presen\u00e7a de hierarcas, cl\u00e9rigos e ilustres professores universit\u00e1rios participantes da confer\u00eancia, na qual enfatizou que o trabalho de Florovsky \u00e9 e continuar\u00e1 sendo inspira\u00e7\u00e3o e dire\u00e7\u00e3o do fazer teol\u00f3gico para as pr\u00f3ximas gera\u00e7\u00f5es, chamando Pe. Georges Florovsky \u00abuma figura proeminente da Igreja e da Teologia, um grande estudioso de Patr\u00edstica, professor e escritor, um renomado te\u00f3logo e, segundo seu disc\u00edpulo, o Metropolita Jo\u00e3o de P\u00e9rgamo, um mestre ecum\u00eanico.<\/p>\n<p style=\"text-align: justify;\">\u00abFoco central do pensamento e da testemunha de Florovsky foi o retorno criativo aos Padres\u00bb, disse o Patriarca, referindo-se ao envolvimento de Florovsky por mais de cinquenta anos em teologia. A palestra tamb\u00e9m se concentrou na contribui\u00e7\u00e3o de Florovsky ao di\u00e1logo inter-crist\u00e3o: \u00abO Oriente e o Ocidente fazem parte de um mundo crist\u00e3o que, segundo o plano de Deus, n\u00e3o deveria ter se dividido\u00bb. Sua Santidade citou Florovsky, que costumava dizer: &#8220;A trag\u00e9dia da divis\u00e3o \u00e9 o maior e mais cr\u00edtico problema da hist\u00f3ria crist\u00e3\u201d, antes de acrescentar: \u201cA mensagem da Ortodoxia \u00e9 verdadeira demais para permanecer \u00e0 margem do debate sobre as grandes quest\u00f5es e problemas contempor\u00e2neos. [&#8230;] Requer estudo, extenso trabalho teol\u00f3gico, uma &#8216;mente r\u00e1pida&#8217; e um &#8216;cora\u00e7\u00e3o puro&#8217; para nos revelar a riqueza da sabedoria patr\u00edstica, encontrar as respostas para muitos mal-entendidos do ensino ortodoxo que circulam dentro e fora da ortodoxia. hoje.&#8221;<\/p>\n<p style=\"text-align: justify;\">O discurso introdut\u00f3rio foi seguido pelo discurso do Metropolita de Pergamo Jo\u00e3o Zizioulas, Presidente Honor\u00e1rio da Confer\u00eancia e disc\u00edpulo do Pe. Georges Florovsky. Ele lembrou que o Protopresb\u00edtero Georges Florovsky era um te\u00f3logo e professor inovador, e foi descrito como o &#8220;l\u00edder dos Te\u00f3logos Ortodoxos&#8221; do s\u00e9culo XX. Seu apelo inspirador aos te\u00f3logos para que voltem \u00e0s fontes patr\u00edsticas e adquiram o esp\u00edrito dos Pais, bem como seu apelo \u00e0 Igreja para responder aos desafios hist\u00f3ricos e ecum\u00eanicos de nosso tempo foi um marco para a teologia ortodoxa que influenciou o pensamento crist\u00e3o at\u00e9 hoje.<\/p>\n<p style=\"text-align: justify;\">O Arcebispo J\u00f3 de Telmessos esteve entre os numerosos oradores e proferiu um artigo sobre \u201cGeorges Florovsky e o Conselho Mundial de Igrejas\u201d. Pe. George Florovsky desempenhou um papel decisivo na forma\u00e7\u00e3o do CMI, onde representou o Patriarcado Ecum\u00eanico. Ele atuou no Comit\u00ea Provis\u00f3rio do CMI de 1939 a 1948. Entre 1948 e 1961, ele foi membro do Comit\u00ea Central e do Comit\u00ea Executivo. Ele tamb\u00e9m foi membro da Comiss\u00e3o de F\u00e9 e Ordem entre 1952 e 1971.<\/p>\n<hr \/>\n<p style=\"text-align: justify;\">Fonte: News Letter da Delega\u00e7\u00e3o Permanente do Patriarcado Ecum\u00eanico no CMI<\/p>\n","protected":false},"excerpt":{"rendered":"<p>25 de setembro de 2019 &#8212; Uma confer\u00eancia internacional sobre o \u00abO Legado Teol\u00f3gico do Protopresb\u00edtero Georges Florovsky\u00bb foi organizada por ocasi\u00e3o do 40\u00ba anivers\u00e1rio de sua morte pelo Patriarcado Ecum\u00eanico em coopera\u00e7\u00e3o com o Instituto Patriarcal de Estudos Patr\u00edsticos&#8230;<\/p>\n","protected":false},"author":1,"featured_media":0,"comment_status":"open","ping_status":"open","sticky":false,"template":"","format":"standard","meta":{"_acf_changed":false,"footnotes":""},"categories":[72],"tags":[],"class_list":["post-27007","post","type-post","status-publish","format-standard","hentry","category-patriarcado-ecumenico","entry","rows-excerpt"],"acf":[],"yoast_head":"<!-- This site is optimized with the Yoast SEO plugin v27.4 - https:\/\/yoast.com\/product\/yoast-seo-wordpress\/ -->\n<title>Confer\u00eancia Internacional sobre \u00abO Legado Teol\u00f3gico do Protopresb\u00edtero Georges Florovsky\u00bb | ECCLESIA NEWS<\/title>\n<meta name=\"robots\" content=\"index, follow, max-snippet:-1, max-image-preview:large, max-video-preview:-1\" \/>\n<link rel=\"canonical\" href=\"https:\/\/news.ecclesia.org.br\/?p=27007\" \/>\n<meta property=\"og:locale\" content=\"pt_BR\" \/>\n<meta property=\"og:type\" content=\"article\" \/>\n<meta property=\"og:title\" content=\"Confer\u00eancia Internacional sobre \u00abO Legado Teol\u00f3gico do Protopresb\u00edtero Georges Florovsky\u00bb | ECCLESIA NEWS\" \/>\n<meta property=\"og:description\" content=\"25 de setembro de 2019 &#8212; Uma confer\u00eancia internacional sobre o \u00abO Legado Teol\u00f3gico do Protopresb\u00edtero Georges Florovsky\u00bb foi organizada por ocasi\u00e3o do 40\u00ba anivers\u00e1rio de sua morte pelo Patriarcado Ecum\u00eanico em coopera\u00e7\u00e3o com o Instituto Patriarcal de Estudos Patr\u00edsticos&#8230;\" \/>\n<meta property=\"og:url\" content=\"https:\/\/news.ecclesia.org.br\/?p=27007\" \/>\n<meta property=\"og:site_name\" content=\"ECCLESIA NEWS\" \/>\n<meta property=\"article:publisher\" content=\"https:\/\/www.facebook.com\/Ecclesia2025\" \/>\n<meta property=\"article:published_time\" content=\"2019-09-29T18:14:58+00:00\" \/>\n<meta property=\"article:modified_time\" content=\"2021-07-27T17:43:09+00:00\" \/>\n<meta property=\"og:image\" content=\"https:\/\/news.ecclesia.org.br\/wp-content\/uploads\/2019\/09\/Florovsky-300x200.jpg\" \/>\n<meta name=\"author\" content=\"Pe. Andr\u00e9\" \/>\n<meta name=\"twitter:card\" content=\"summary_large_image\" \/>\n<meta name=\"twitter:creator\" content=\"@EcclesiaNews\" \/>\n<meta name=\"twitter:site\" content=\"@EcclesiaNews\" \/>\n<meta name=\"twitter:label1\" content=\"Escrito por\" \/>\n\t<meta name=\"twitter:data1\" content=\"Pe. Andr\u00e9\" \/>\n\t<meta name=\"twitter:label2\" content=\"Est. tempo de leitura\" \/>\n\t<meta name=\"twitter:data2\" content=\"3 minutos\" \/>\n<script type=\"application\/ld+json\" class=\"yoast-schema-graph\">{\"@context\":\"https:\\\/\\\/schema.org\",\"@graph\":[{\"@type\":\"Article\",\"@id\":\"https:\\\/\\\/news.ecclesia.org.br\\\/?p=27007#article\",\"isPartOf\":{\"@id\":\"https:\\\/\\\/news.ecclesia.org.br\\\/?p=27007\"},\"author\":{\"name\":\"Pe. Andr\u00e9\",\"@id\":\"https:\\\/\\\/news.ecclesia.org.br\\\/#\\\/schema\\\/person\\\/6f09597f025829745ba414a569f63758\"},\"headline\":\"Confer\u00eancia Internacional sobre \u00abO Legado Teol\u00f3gico do Protopresb\u00edtero Georges Florovsky\u00bb\",\"datePublished\":\"2019-09-29T18:14:58+00:00\",\"dateModified\":\"2021-07-27T17:43:09+00:00\",\"mainEntityOfPage\":{\"@id\":\"https:\\\/\\\/news.ecclesia.org.br\\\/?p=27007\"},\"wordCount\":527,\"commentCount\":0,\"publisher\":{\"@id\":\"https:\\\/\\\/news.ecclesia.org.br\\\/#organization\"},\"image\":{\"@id\":\"https:\\\/\\\/news.ecclesia.org.br\\\/?p=27007#primaryimage\"},\"thumbnailUrl\":\"https:\\\/\\\/news.ecclesia.org.br\\\/wp-content\\\/uploads\\\/2019\\\/09\\\/Florovsky-300x200.jpg\",\"articleSection\":[\"Patriarcado Ecum\u00eanico\"],\"inLanguage\":\"pt-BR\",\"potentialAction\":[{\"@type\":\"CommentAction\",\"name\":\"Comment\",\"target\":[\"https:\\\/\\\/news.ecclesia.org.br\\\/?p=27007#respond\"]}]},{\"@type\":\"WebPage\",\"@id\":\"https:\\\/\\\/news.ecclesia.org.br\\\/?p=27007\",\"url\":\"https:\\\/\\\/news.ecclesia.org.br\\\/?p=27007\",\"name\":\"Confer\u00eancia Internacional sobre \u00abO Legado Teol\u00f3gico do Protopresb\u00edtero Georges Florovsky\u00bb | ECCLESIA NEWS\",\"isPartOf\":{\"@id\":\"https:\\\/\\\/news.ecclesia.org.br\\\/#website\"},\"primaryImageOfPage\":{\"@id\":\"https:\\\/\\\/news.ecclesia.org.br\\\/?p=27007#primaryimage\"},\"image\":{\"@id\":\"https:\\\/\\\/news.ecclesia.org.br\\\/?p=27007#primaryimage\"},\"thumbnailUrl\":\"https:\\\/\\\/news.ecclesia.org.br\\\/wp-content\\\/uploads\\\/2019\\\/09\\\/Florovsky-300x200.jpg\",\"datePublished\":\"2019-09-29T18:14:58+00:00\",\"dateModified\":\"2021-07-27T17:43:09+00:00\",\"breadcrumb\":{\"@id\":\"https:\\\/\\\/news.ecclesia.org.br\\\/?p=27007#breadcrumb\"},\"inLanguage\":\"pt-BR\",\"potentialAction\":[{\"@type\":\"ReadAction\",\"target\":[\"https:\\\/\\\/news.ecclesia.org.br\\\/?p=27007\"]}]},{\"@type\":\"ImageObject\",\"inLanguage\":\"pt-BR\",\"@id\":\"https:\\\/\\\/news.ecclesia.org.br\\\/?p=27007#primaryimage\",\"url\":\"https:\\\/\\\/news.ecclesia.org.br\\\/wp-content\\\/uploads\\\/2019\\\/09\\\/Florovsky.jpg\",\"contentUrl\":\"https:\\\/\\\/news.ecclesia.org.br\\\/wp-content\\\/uploads\\\/2019\\\/09\\\/Florovsky.jpg\",\"width\":768,\"height\":512},{\"@type\":\"BreadcrumbList\",\"@id\":\"https:\\\/\\\/news.ecclesia.org.br\\\/?p=27007#breadcrumb\",\"itemListElement\":[{\"@type\":\"ListItem\",\"position\":1,\"name\":\"In\u00edcio\",\"item\":\"https:\\\/\\\/news.ecclesia.org.br\\\/\"},{\"@type\":\"ListItem\",\"position\":2,\"name\":\"Confer\u00eancia Internacional sobre \u00abO Legado Teol\u00f3gico do Protopresb\u00edtero Georges Florovsky\u00bb\"}]},{\"@type\":\"WebSite\",\"@id\":\"https:\\\/\\\/news.ecclesia.org.br\\\/#website\",\"url\":\"https:\\\/\\\/news.ecclesia.org.br\\\/\",\"name\":\"Ecclesia Brasil\",\"description\":\"Desde 2003 onectando o Brasil ao mundo ortodoxo!\",\"publisher\":{\"@id\":\"https:\\\/\\\/news.ecclesia.org.br\\\/#organization\"},\"alternateName\":\"Ecclesia\",\"potentialAction\":[{\"@type\":\"SearchAction\",\"target\":{\"@type\":\"EntryPoint\",\"urlTemplate\":\"https:\\\/\\\/news.ecclesia.org.br\\\/?s={search_term_string}\"},\"query-input\":{\"@type\":\"PropertyValueSpecification\",\"valueRequired\":true,\"valueName\":\"search_term_string\"}}],\"inLanguage\":\"pt-BR\"},{\"@type\":\"Organization\",\"@id\":\"https:\\\/\\\/news.ecclesia.org.br\\\/#organization\",\"name\":\"Sacra Arquidiocese de Buenos Aires e Am\u00e9rica do Sul | Patriarcado Ecum\u00eanico\",\"alternateName\":\"News Ecclesia Brasil\",\"url\":\"https:\\\/\\\/news.ecclesia.org.br\\\/\",\"logo\":{\"@type\":\"ImageObject\",\"inLanguage\":\"pt-BR\",\"@id\":\"https:\\\/\\\/news.ecclesia.org.br\\\/#\\\/schema\\\/logo\\\/image\\\/\",\"url\":\"https:\\\/\\\/news.ecclesia.org.br\\\/wp-content\\\/uploads\\\/2025\\\/05\\\/ecclesia2.png\",\"contentUrl\":\"https:\\\/\\\/news.ecclesia.org.br\\\/wp-content\\\/uploads\\\/2025\\\/05\\\/ecclesia2.png\",\"width\":480,\"height\":120,\"caption\":\"Sacra Arquidiocese de Buenos Aires e Am\u00e9rica do Sul | Patriarcado Ecum\u00eanico\"},\"image\":{\"@id\":\"https:\\\/\\\/news.ecclesia.org.br\\\/#\\\/schema\\\/logo\\\/image\\\/\"},\"sameAs\":[\"https:\\\/\\\/www.facebook.com\\\/Ecclesia2025\",\"https:\\\/\\\/x.com\\\/EcclesiaNews\",\"https:\\\/\\\/br.pinterest.com\\\/ekklisia\\\/\",\"https:\\\/\\\/www.youtube.com\\\/@EcclesiaBrasil\"]},{\"@type\":\"Person\",\"@id\":\"https:\\\/\\\/news.ecclesia.org.br\\\/#\\\/schema\\\/person\\\/6f09597f025829745ba414a569f63758\",\"name\":\"Pe. Andr\u00e9\",\"image\":{\"@type\":\"ImageObject\",\"inLanguage\":\"pt-BR\",\"@id\":\"https:\\\/\\\/secure.gravatar.com\\\/avatar\\\/b4327cfa27e9799da239a26adcd534fc29cdc0c4a4a148eecbcfeb9b42c617ac?s=96&d=mm&r=g\",\"url\":\"https:\\\/\\\/secure.gravatar.com\\\/avatar\\\/b4327cfa27e9799da239a26adcd534fc29cdc0c4a4a148eecbcfeb9b42c617ac?s=96&d=mm&r=g\",\"contentUrl\":\"https:\\\/\\\/secure.gravatar.com\\\/avatar\\\/b4327cfa27e9799da239a26adcd534fc29cdc0c4a4a148eecbcfeb9b42c617ac?s=96&d=mm&r=g\",\"caption\":\"Pe. Andr\u00e9\"},\"sameAs\":[\"https:\\\/\\\/www.ecclesia.org.br\"]}]}<\/script>\n<!-- \/ Yoast SEO plugin. -->","yoast_head_json":{"title":"Confer\u00eancia Internacional sobre \u00abO Legado Teol\u00f3gico do Protopresb\u00edtero Georges Florovsky\u00bb | ECCLESIA NEWS","robots":{"index":"index","follow":"follow","max-snippet":"max-snippet:-1","max-image-preview":"max-image-preview:large","max-video-preview":"max-video-preview:-1"},"canonical":"https:\/\/news.ecclesia.org.br\/?p=27007","og_locale":"pt_BR","og_type":"article","og_title":"Confer\u00eancia Internacional sobre \u00abO Legado Teol\u00f3gico do Protopresb\u00edtero Georges Florovsky\u00bb | ECCLESIA NEWS","og_description":"25 de setembro de 2019 &#8212; Uma confer\u00eancia internacional sobre o \u00abO Legado Teol\u00f3gico do Protopresb\u00edtero Georges Florovsky\u00bb foi organizada por ocasi\u00e3o do 40\u00ba anivers\u00e1rio de sua morte pelo Patriarcado Ecum\u00eanico em coopera\u00e7\u00e3o com o Instituto Patriarcal de Estudos Patr\u00edsticos&#8230;","og_url":"https:\/\/news.ecclesia.org.br\/?p=27007","og_site_name":"ECCLESIA NEWS","article_publisher":"https:\/\/www.facebook.com\/Ecclesia2025","article_published_time":"2019-09-29T18:14:58+00:00","article_modified_time":"2021-07-27T17:43:09+00:00","og_image":[{"url":"https:\/\/news.ecclesia.org.br\/wp-content\/uploads\/2019\/09\/Florovsky-300x200.jpg","type":"","width":"","height":""}],"author":"Pe. Andr\u00e9","twitter_card":"summary_large_image","twitter_creator":"@EcclesiaNews","twitter_site":"@EcclesiaNews","twitter_misc":{"Escrito por":"Pe. Andr\u00e9","Est. tempo de leitura":"3 minutos"},"schema":{"@context":"https:\/\/schema.org","@graph":[{"@type":"Article","@id":"https:\/\/news.ecclesia.org.br\/?p=27007#article","isPartOf":{"@id":"https:\/\/news.ecclesia.org.br\/?p=27007"},"author":{"name":"Pe. Andr\u00e9","@id":"https:\/\/news.ecclesia.org.br\/#\/schema\/person\/6f09597f025829745ba414a569f63758"},"headline":"Confer\u00eancia Internacional sobre \u00abO Legado Teol\u00f3gico do Protopresb\u00edtero Georges Florovsky\u00bb","datePublished":"2019-09-29T18:14:58+00:00","dateModified":"2021-07-27T17:43:09+00:00","mainEntityOfPage":{"@id":"https:\/\/news.ecclesia.org.br\/?p=27007"},"wordCount":527,"commentCount":0,"publisher":{"@id":"https:\/\/news.ecclesia.org.br\/#organization"},"image":{"@id":"https:\/\/news.ecclesia.org.br\/?p=27007#primaryimage"},"thumbnailUrl":"https:\/\/news.ecclesia.org.br\/wp-content\/uploads\/2019\/09\/Florovsky-300x200.jpg","articleSection":["Patriarcado Ecum\u00eanico"],"inLanguage":"pt-BR","potentialAction":[{"@type":"CommentAction","name":"Comment","target":["https:\/\/news.ecclesia.org.br\/?p=27007#respond"]}]},{"@type":"WebPage","@id":"https:\/\/news.ecclesia.org.br\/?p=27007","url":"https:\/\/news.ecclesia.org.br\/?p=27007","name":"Confer\u00eancia Internacional sobre \u00abO Legado Teol\u00f3gico do Protopresb\u00edtero Georges Florovsky\u00bb | ECCLESIA NEWS","isPartOf":{"@id":"https:\/\/news.ecclesia.org.br\/#website"},"primaryImageOfPage":{"@id":"https:\/\/news.ecclesia.org.br\/?p=27007#primaryimage"},"image":{"@id":"https:\/\/news.ecclesia.org.br\/?p=27007#primaryimage"},"thumbnailUrl":"https:\/\/news.ecclesia.org.br\/wp-content\/uploads\/2019\/09\/Florovsky-300x200.jpg","datePublished":"2019-09-29T18:14:58+00:00","dateModified":"2021-07-27T17:43:09+00:00","breadcrumb":{"@id":"https:\/\/news.ecclesia.org.br\/?p=27007#breadcrumb"},"inLanguage":"pt-BR","potentialAction":[{"@type":"ReadAction","target":["https:\/\/news.ecclesia.org.br\/?p=27007"]}]},{"@type":"ImageObject","inLanguage":"pt-BR","@id":"https:\/\/news.ecclesia.org.br\/?p=27007#primaryimage","url":"https:\/\/news.ecclesia.org.br\/wp-content\/uploads\/2019\/09\/Florovsky.jpg","contentUrl":"https:\/\/news.ecclesia.org.br\/wp-content\/uploads\/2019\/09\/Florovsky.jpg","width":768,"height":512},{"@type":"BreadcrumbList","@id":"https:\/\/news.ecclesia.org.br\/?p=27007#breadcrumb","itemListElement":[{"@type":"ListItem","position":1,"name":"In\u00edcio","item":"https:\/\/news.ecclesia.org.br\/"},{"@type":"ListItem","position":2,"name":"Confer\u00eancia Internacional sobre \u00abO Legado Teol\u00f3gico do Protopresb\u00edtero Georges Florovsky\u00bb"}]},{"@type":"WebSite","@id":"https:\/\/news.ecclesia.org.br\/#website","url":"https:\/\/news.ecclesia.org.br\/","name":"Ecclesia Brasil","description":"Desde 2003 onectando o Brasil ao mundo ortodoxo!","publisher":{"@id":"https:\/\/news.ecclesia.org.br\/#organization"},"alternateName":"Ecclesia","potentialAction":[{"@type":"SearchAction","target":{"@type":"EntryPoint","urlTemplate":"https:\/\/news.ecclesia.org.br\/?s={search_term_string}"},"query-input":{"@type":"PropertyValueSpecification","valueRequired":true,"valueName":"search_term_string"}}],"inLanguage":"pt-BR"},{"@type":"Organization","@id":"https:\/\/news.ecclesia.org.br\/#organization","name":"Sacra Arquidiocese de Buenos Aires e Am\u00e9rica do Sul | Patriarcado Ecum\u00eanico","alternateName":"News Ecclesia Brasil","url":"https:\/\/news.ecclesia.org.br\/","logo":{"@type":"ImageObject","inLanguage":"pt-BR","@id":"https:\/\/news.ecclesia.org.br\/#\/schema\/logo\/image\/","url":"https:\/\/news.ecclesia.org.br\/wp-content\/uploads\/2025\/05\/ecclesia2.png","contentUrl":"https:\/\/news.ecclesia.org.br\/wp-content\/uploads\/2025\/05\/ecclesia2.png","width":480,"height":120,"caption":"Sacra Arquidiocese de Buenos Aires e Am\u00e9rica do Sul | Patriarcado Ecum\u00eanico"},"image":{"@id":"https:\/\/news.ecclesia.org.br\/#\/schema\/logo\/image\/"},"sameAs":["https:\/\/www.facebook.com\/Ecclesia2025","https:\/\/x.com\/EcclesiaNews","https:\/\/br.pinterest.com\/ekklisia\/","https:\/\/www.youtube.com\/@EcclesiaBrasil"]},{"@type":"Person","@id":"https:\/\/news.ecclesia.org.br\/#\/schema\/person\/6f09597f025829745ba414a569f63758","name":"Pe. Andr\u00e9","image":{"@type":"ImageObject","inLanguage":"pt-BR","@id":"https:\/\/secure.gravatar.com\/avatar\/b4327cfa27e9799da239a26adcd534fc29cdc0c4a4a148eecbcfeb9b42c617ac?s=96&d=mm&r=g","url":"https:\/\/secure.gravatar.com\/avatar\/b4327cfa27e9799da239a26adcd534fc29cdc0c4a4a148eecbcfeb9b42c617ac?s=96&d=mm&r=g","contentUrl":"https:\/\/secure.gravatar.com\/avatar\/b4327cfa27e9799da239a26adcd534fc29cdc0c4a4a148eecbcfeb9b42c617ac?s=96&d=mm&r=g","caption":"Pe. Andr\u00e9"},"sameAs":["https:\/\/www.ecclesia.org.br"]}]}},"_links":{"self":[{"href":"https:\/\/news.ecclesia.org.br\/index.php?rest_route=\/wp\/v2\/posts\/27007","targetHints":{"allow":["GET"]}}],"collection":[{"href":"https:\/\/news.ecclesia.org.br\/index.php?rest_route=\/wp\/v2\/posts"}],"about":[{"href":"https:\/\/news.ecclesia.org.br\/index.php?rest_route=\/wp\/v2\/types\/post"}],"author":[{"embeddable":true,"href":"https:\/\/news.ecclesia.org.br\/index.php?rest_route=\/wp\/v2\/users\/1"}],"replies":[{"embeddable":true,"href":"https:\/\/news.ecclesia.org.br\/index.php?rest_route=%2Fwp%2Fv2%2Fcomments&post=27007"}],"version-history":[{"count":1,"href":"https:\/\/news.ecclesia.org.br\/index.php?rest_route=\/wp\/v2\/posts\/27007\/revisions"}],"predecessor-version":[{"id":38576,"href":"https:\/\/news.ecclesia.org.br\/index.php?rest_route=\/wp\/v2\/posts\/27007\/revisions\/38576"}],"wp:attachment":[{"href":"https:\/\/news.ecclesia.org.br\/index.php?rest_route=%2Fwp%2Fv2%2Fmedia&parent=27007"}],"wp:term":[{"taxonomy":"category","embeddable":true,"href":"https:\/\/news.ecclesia.org.br\/index.php?rest_route=%2Fwp%2Fv2%2Fcategories&post=27007"},{"taxonomy":"post_tag","embeddable":true,"href":"https:\/\/news.ecclesia.org.br\/index.php?rest_route=%2Fwp%2Fv2%2Ftags&post=27007"}],"curies":[{"name":"wp","href":"https:\/\/api.w.org\/{rel}","templated":true}]}}