{"id":26991,"date":"2019-09-18T19:59:32","date_gmt":"2019-09-18T19:59:32","guid":{"rendered":"https:\/\/news.ecclesia.org.br\/?p=26991"},"modified":"2021-07-27T14:37:39","modified_gmt":"2021-07-27T17:37:39","slug":"patriarca-ecumenico-bartolomeu-i-encontra-se-no-vaticano-com-o-papa-francisco-de-roma","status":"publish","type":"post","link":"https:\/\/news.ecclesia.org.br\/?p=26991","title":{"rendered":"Patriarca Ecum\u00eanico Bartolomeu I encontra-se, no Vaticano, com o Papa Francisco de Roma"},"content":{"rendered":"<p><strong>Papa Francisco recebe Patriarca Ortodoxo Bartolomeu no Vaticano<\/strong><\/p>\n<figure id=\"attachment_26992\" aria-describedby=\"caption-attachment-26992\" style=\"width: 300px\" class=\"wp-caption alignleft\"><a href=\"https:\/\/news.ecclesia.org.br\/wp-content\/uploads\/2019\/09\/bartolomeu-e-francisco.jpg\"><img fetchpriority=\"high\" decoding=\"async\" class=\"size-medium wp-image-26992\" src=\"https:\/\/news.ecclesia.org.br\/wp-content\/uploads\/2019\/09\/bartolomeu-e-francisco-300x167.jpg\" alt=\"\" width=\"300\" height=\"167\" srcset=\"https:\/\/news.ecclesia.org.br\/wp-content\/uploads\/2019\/09\/bartolomeu-e-francisco-300x167.jpg 300w, https:\/\/news.ecclesia.org.br\/wp-content\/uploads\/2019\/09\/bartolomeu-e-francisco-99x55.jpg 99w, https:\/\/news.ecclesia.org.br\/wp-content\/uploads\/2019\/09\/bartolomeu-e-francisco.jpg 680w\" sizes=\"(max-width: 300px) 100vw, 300px\" \/><\/a><figcaption id=\"caption-attachment-26992\" class=\"wp-caption-text\">Patriarca Bartolomeu e Papa Francisco no Vaticano. (Cr\u00e9dito: Vatican Media)<\/figcaption><\/figure>\n<p style=\"text-align: justify;\">Vaticano, 18 Set. 19 \/ 11:00 am (ACI).- O Papa Francisco recebeu na manh\u00e3 de ontem, 17 de setembro, no Vaticano, o Patriarca Ecum\u00eanico de Constantinopla e principal figura do mundo crist\u00e3o ortodoxo, Bartolomeu I, depois de t\u00ea-lo presenteado com uma urna com as rel\u00edquias de S\u00e3o Pedro. Antes da reuni\u00e3o com o Patriarca fez uma breve sauda\u00e7\u00e3o aos purpurados membros do Conselho de Cardeais que assessora o Papa Francisco para a reforma da c\u00faria do Vaticano. No encontro, ao qual chegou a convite do secret\u00e1rio do conselho, Dom Marcello Semeraro, o Patriarca, segundo informa a Sala de Imprensa da Santa S\u00e9, \u201cdestacou o valor da sinodalidade na Igreja Ortodoxa e assegurou suas ora\u00e7\u00f5es\u201d. Ao concluir a reuni\u00e3o, o Papa Francisco e o Patriarca almo\u00e7aram juntos, acompanhados pelas respectivas delega\u00e7\u00f5es, na Casa Santa Marta.<\/p>\n<p style=\"text-align: justify;\">Em 29 de junho, o Papa Francisco presenteou uma delega\u00e7\u00e3o do Patriarcado Ecum\u00eanico de Constantinopla com uma urna com nove fragmentos de ossos do t\u00famulo de S\u00e3o Pedro, embaixo da Bas\u00edlica Vaticana, onde as rel\u00edquias do Ap\u00f3stolo s\u00e3o preservadas. Junto com a urna, o Francisco enviou a Bartolomeu uma carta explicando a raz\u00e3o do presente:<\/p>\n<blockquote>\n<p style=\"text-align: justify;\">Este gesto quer ser uma confirma\u00e7\u00e3o do caminho que nossas igrejas empreenderam para se aproximarem: um caminho que \u00e0s vezes \u00e9 exigente e dif\u00edcil, mas que vai acompanhado por sinais claros da gra\u00e7a de Deus.<\/p>\n<\/blockquote>\n<p>Agora, as rel\u00edquias de S\u00e3o Pedro ser\u00e3o veneradas junto com as do Ap\u00f3stolo Santo Andr\u00e9, irm\u00e3o de S\u00e3o Pedro, na sede do Patriarcado Ecum\u00eanico de Constantinopla, na cidade turca de Istambul.<\/p>\n<hr \/>\n<p style=\"text-align: right;\">Fonte: <a href=\"https:\/\/www.acidigital.com\/noticias\/papa-recebe-patriarca-ortodoxo-bartolomeu-no-vaticano-70739\" target=\"_blank\" rel=\"noopener noreferrer\">ACI Digital<\/a><\/p>\n<p style=\"text-align: center;\"><div id=\"galleria-26991\"><a href=\"https:\/\/news.ecclesia.org.br\/wp-content\/uploads\/2019\/09\/bartolomeu-e-francisco.jpg\"><img decoding=\"async\" title=\"bartolomeu-e-francisco\" alt=\"\" src=\"https:\/\/news.ecclesia.org.br\/wp-content\/uploads\/2019\/09\/bartolomeu-e-francisco-99x55.jpg\" data-big=\"https:\/\/news.ecclesia.org.br\/wp-content\/uploads\/2019\/09\/bartolomeu-e-francisco.jpg\"><\/a><a href=\"https:\/\/news.ecclesia.org.br\/wp-content\/uploads\/2019\/09\/006-1.jpg\"><img decoding=\"async\" title=\"006\" alt=\"\" src=\"https:\/\/news.ecclesia.org.br\/wp-content\/uploads\/2019\/09\/006-1-98x55.jpg\" data-big=\"https:\/\/news.ecclesia.org.br\/wp-content\/uploads\/2019\/09\/006-1.jpg\"><\/a><a href=\"https:\/\/news.ecclesia.org.br\/wp-content\/uploads\/2019\/09\/005-1.jpg\"><img decoding=\"async\" title=\"005\" alt=\"\" src=\"https:\/\/news.ecclesia.org.br\/wp-content\/uploads\/2019\/09\/005-1-98x55.jpg\" data-big=\"https:\/\/news.ecclesia.org.br\/wp-content\/uploads\/2019\/09\/005-1.jpg\"><\/a><a href=\"https:\/\/news.ecclesia.org.br\/wp-content\/uploads\/2019\/09\/004-1.jpg\"><img decoding=\"async\" title=\"004\" alt=\"\" src=\"https:\/\/news.ecclesia.org.br\/wp-content\/uploads\/2019\/09\/004-1-98x55.jpg\" data-big=\"https:\/\/news.ecclesia.org.br\/wp-content\/uploads\/2019\/09\/004-1.jpg\"><\/a><a href=\"https:\/\/news.ecclesia.org.br\/wp-content\/uploads\/2019\/09\/003-1.jpg\"><img decoding=\"async\" title=\"003\" alt=\"\" src=\"https:\/\/news.ecclesia.org.br\/wp-content\/uploads\/2019\/09\/003-1-98x55.jpg\" data-big=\"https:\/\/news.ecclesia.org.br\/wp-content\/uploads\/2019\/09\/003-1.jpg\"><\/a><a href=\"https:\/\/news.ecclesia.org.br\/wp-content\/uploads\/2019\/09\/002-1.jpg\"><img decoding=\"async\" title=\"002\" alt=\"\" src=\"https:\/\/news.ecclesia.org.br\/wp-content\/uploads\/2019\/09\/002-1-98x55.jpg\" data-big=\"https:\/\/news.ecclesia.org.br\/wp-content\/uploads\/2019\/09\/002-1.jpg\"><\/a><a href=\"https:\/\/news.ecclesia.org.br\/wp-content\/uploads\/2019\/09\/001-1.jpg\"><img decoding=\"async\" title=\"001\" alt=\"\" src=\"https:\/\/news.ecclesia.org.br\/wp-content\/uploads\/2019\/09\/001-1-98x55.jpg\" data-big=\"https:\/\/news.ecclesia.org.br\/wp-content\/uploads\/2019\/09\/001-1.jpg\"><\/a><\/div><\/p>\n<p><iframe title=\"In Vaticano incontro di Papa Francesco con il Patriarca Bartolomeo\" width=\"500\" height=\"281\" src=\"https:\/\/www.youtube.com\/embed\/Vu-dKLMrngU?feature=oembed\" frameborder=\"0\" allow=\"accelerometer; autoplay; clipboard-write; encrypted-media; gyroscope; picture-in-picture; web-share\" referrerpolicy=\"strict-origin-when-cross-origin\" allowfullscreen><\/iframe><\/p>\n","protected":false},"excerpt":{"rendered":"<p>Papa Francisco recebe Patriarca Ortodoxo Bartolomeu no Vaticano Vaticano, 18 Set. 19 \/ 11:00 am (ACI).- O Papa Francisco recebeu na manh\u00e3 de ontem, 17 de setembro, no Vaticano, o Patriarca Ecum\u00eanico de Constantinopla e principal figura do mundo crist\u00e3o&#8230;<\/p>\n","protected":false},"author":1,"featured_media":0,"comment_status":"open","ping_status":"open","sticky":false,"template":"","format":"standard","meta":{"_acf_changed":false,"footnotes":""},"categories":[1,72],"tags":[],"class_list":["post-26991","post","type-post","status-publish","format-standard","hentry","category-news","category-patriarcado-ecumenico","entry","rows-excerpt"],"acf":[],"yoast_head":"<!-- This site is optimized with the Yoast SEO plugin v27.4 - https:\/\/yoast.com\/product\/yoast-seo-wordpress\/ -->\n<title>Patriarca Ecum\u00eanico Bartolomeu I encontra-se, no Vaticano, com o Papa Francisco de Roma | ECCLESIA NEWS<\/title>\n<meta name=\"robots\" content=\"index, follow, max-snippet:-1, max-image-preview:large, max-video-preview:-1\" \/>\n<link rel=\"canonical\" href=\"https:\/\/news.ecclesia.org.br\/?p=26991\" \/>\n<meta property=\"og:locale\" content=\"pt_BR\" \/>\n<meta property=\"og:type\" content=\"article\" \/>\n<meta property=\"og:title\" content=\"Patriarca Ecum\u00eanico Bartolomeu I encontra-se, no Vaticano, com o Papa Francisco de Roma | ECCLESIA NEWS\" \/>\n<meta property=\"og:description\" content=\"Papa Francisco recebe Patriarca Ortodoxo Bartolomeu no Vaticano Vaticano, 18 Set. 19 \/ 11:00 am (ACI).- O Papa Francisco recebeu na manh\u00e3 de ontem, 17 de setembro, no Vaticano, o Patriarca Ecum\u00eanico de Constantinopla e principal figura do mundo crist\u00e3o&#8230;\" \/>\n<meta property=\"og:url\" content=\"https:\/\/news.ecclesia.org.br\/?p=26991\" \/>\n<meta property=\"og:site_name\" content=\"ECCLESIA NEWS\" \/>\n<meta property=\"article:publisher\" content=\"https:\/\/www.facebook.com\/Ecclesia2025\" \/>\n<meta property=\"article:published_time\" content=\"2019-09-18T19:59:32+00:00\" \/>\n<meta property=\"article:modified_time\" content=\"2021-07-27T17:37:39+00:00\" \/>\n<meta property=\"og:image\" content=\"https:\/\/news.ecclesia.org.br\/wp-content\/uploads\/2019\/09\/bartolomeu-e-francisco-300x167.jpg\" \/>\n<meta name=\"author\" content=\"Pe. Andr\u00e9\" \/>\n<meta name=\"twitter:card\" content=\"summary_large_image\" \/>\n<meta name=\"twitter:creator\" content=\"@EcclesiaNews\" \/>\n<meta name=\"twitter:site\" content=\"@EcclesiaNews\" \/>\n<meta name=\"twitter:label1\" content=\"Escrito por\" \/>\n\t<meta name=\"twitter:data1\" content=\"Pe. Andr\u00e9\" \/>\n\t<meta name=\"twitter:label2\" content=\"Est. tempo de leitura\" \/>\n\t<meta name=\"twitter:data2\" content=\"2 minutos\" \/>\n<script type=\"application\/ld+json\" class=\"yoast-schema-graph\">{\"@context\":\"https:\\\/\\\/schema.org\",\"@graph\":[{\"@type\":\"Article\",\"@id\":\"https:\\\/\\\/news.ecclesia.org.br\\\/?p=26991#article\",\"isPartOf\":{\"@id\":\"https:\\\/\\\/news.ecclesia.org.br\\\/?p=26991\"},\"author\":{\"name\":\"Pe. Andr\u00e9\",\"@id\":\"https:\\\/\\\/news.ecclesia.org.br\\\/#\\\/schema\\\/person\\\/6f09597f025829745ba414a569f63758\"},\"headline\":\"Patriarca Ecum\u00eanico Bartolomeu I encontra-se, no Vaticano, com o Papa Francisco de Roma\",\"datePublished\":\"2019-09-18T19:59:32+00:00\",\"dateModified\":\"2021-07-27T17:37:39+00:00\",\"mainEntityOfPage\":{\"@id\":\"https:\\\/\\\/news.ecclesia.org.br\\\/?p=26991\"},\"wordCount\":347,\"commentCount\":0,\"publisher\":{\"@id\":\"https:\\\/\\\/news.ecclesia.org.br\\\/#organization\"},\"image\":{\"@id\":\"https:\\\/\\\/news.ecclesia.org.br\\\/?p=26991#primaryimage\"},\"thumbnailUrl\":\"https:\\\/\\\/news.ecclesia.org.br\\\/wp-content\\\/uploads\\\/2019\\\/09\\\/bartolomeu-e-francisco-300x167.jpg\",\"articleSection\":[\"NEWS\",\"Patriarcado Ecum\u00eanico\"],\"inLanguage\":\"pt-BR\",\"potentialAction\":[{\"@type\":\"CommentAction\",\"name\":\"Comment\",\"target\":[\"https:\\\/\\\/news.ecclesia.org.br\\\/?p=26991#respond\"]}]},{\"@type\":\"WebPage\",\"@id\":\"https:\\\/\\\/news.ecclesia.org.br\\\/?p=26991\",\"url\":\"https:\\\/\\\/news.ecclesia.org.br\\\/?p=26991\",\"name\":\"Patriarca Ecum\u00eanico Bartolomeu I encontra-se, no Vaticano, com o Papa Francisco de Roma | ECCLESIA NEWS\",\"isPartOf\":{\"@id\":\"https:\\\/\\\/news.ecclesia.org.br\\\/#website\"},\"primaryImageOfPage\":{\"@id\":\"https:\\\/\\\/news.ecclesia.org.br\\\/?p=26991#primaryimage\"},\"image\":{\"@id\":\"https:\\\/\\\/news.ecclesia.org.br\\\/?p=26991#primaryimage\"},\"thumbnailUrl\":\"https:\\\/\\\/news.ecclesia.org.br\\\/wp-content\\\/uploads\\\/2019\\\/09\\\/bartolomeu-e-francisco-300x167.jpg\",\"datePublished\":\"2019-09-18T19:59:32+00:00\",\"dateModified\":\"2021-07-27T17:37:39+00:00\",\"breadcrumb\":{\"@id\":\"https:\\\/\\\/news.ecclesia.org.br\\\/?p=26991#breadcrumb\"},\"inLanguage\":\"pt-BR\",\"potentialAction\":[{\"@type\":\"ReadAction\",\"target\":[\"https:\\\/\\\/news.ecclesia.org.br\\\/?p=26991\"]}]},{\"@type\":\"ImageObject\",\"inLanguage\":\"pt-BR\",\"@id\":\"https:\\\/\\\/news.ecclesia.org.br\\\/?p=26991#primaryimage\",\"url\":\"https:\\\/\\\/news.ecclesia.org.br\\\/wp-content\\\/uploads\\\/2019\\\/09\\\/bartolomeu-e-francisco.jpg\",\"contentUrl\":\"https:\\\/\\\/news.ecclesia.org.br\\\/wp-content\\\/uploads\\\/2019\\\/09\\\/bartolomeu-e-francisco.jpg\",\"width\":680,\"height\":378,\"caption\":\"Patriarca Bartolomeu e Papa Francisco no Vaticano. (Cr\u00e9dito: Vatican Media)\"},{\"@type\":\"BreadcrumbList\",\"@id\":\"https:\\\/\\\/news.ecclesia.org.br\\\/?p=26991#breadcrumb\",\"itemListElement\":[{\"@type\":\"ListItem\",\"position\":1,\"name\":\"In\u00edcio\",\"item\":\"https:\\\/\\\/news.ecclesia.org.br\\\/\"},{\"@type\":\"ListItem\",\"position\":2,\"name\":\"Patriarca Ecum\u00eanico Bartolomeu I encontra-se, no Vaticano, com o Papa Francisco de Roma\"}]},{\"@type\":\"WebSite\",\"@id\":\"https:\\\/\\\/news.ecclesia.org.br\\\/#website\",\"url\":\"https:\\\/\\\/news.ecclesia.org.br\\\/\",\"name\":\"Ecclesia Brasil\",\"description\":\"Desde 2003 onectando o Brasil ao mundo ortodoxo!\",\"publisher\":{\"@id\":\"https:\\\/\\\/news.ecclesia.org.br\\\/#organization\"},\"alternateName\":\"Ecclesia\",\"potentialAction\":[{\"@type\":\"SearchAction\",\"target\":{\"@type\":\"EntryPoint\",\"urlTemplate\":\"https:\\\/\\\/news.ecclesia.org.br\\\/?s={search_term_string}\"},\"query-input\":{\"@type\":\"PropertyValueSpecification\",\"valueRequired\":true,\"valueName\":\"search_term_string\"}}],\"inLanguage\":\"pt-BR\"},{\"@type\":\"Organization\",\"@id\":\"https:\\\/\\\/news.ecclesia.org.br\\\/#organization\",\"name\":\"Sacra Arquidiocese de Buenos Aires e Am\u00e9rica do Sul | Patriarcado Ecum\u00eanico\",\"alternateName\":\"News Ecclesia Brasil\",\"url\":\"https:\\\/\\\/news.ecclesia.org.br\\\/\",\"logo\":{\"@type\":\"ImageObject\",\"inLanguage\":\"pt-BR\",\"@id\":\"https:\\\/\\\/news.ecclesia.org.br\\\/#\\\/schema\\\/logo\\\/image\\\/\",\"url\":\"https:\\\/\\\/news.ecclesia.org.br\\\/wp-content\\\/uploads\\\/2025\\\/05\\\/ecclesia2.png\",\"contentUrl\":\"https:\\\/\\\/news.ecclesia.org.br\\\/wp-content\\\/uploads\\\/2025\\\/05\\\/ecclesia2.png\",\"width\":480,\"height\":120,\"caption\":\"Sacra Arquidiocese de Buenos Aires e Am\u00e9rica do Sul | Patriarcado Ecum\u00eanico\"},\"image\":{\"@id\":\"https:\\\/\\\/news.ecclesia.org.br\\\/#\\\/schema\\\/logo\\\/image\\\/\"},\"sameAs\":[\"https:\\\/\\\/www.facebook.com\\\/Ecclesia2025\",\"https:\\\/\\\/x.com\\\/EcclesiaNews\",\"https:\\\/\\\/br.pinterest.com\\\/ekklisia\\\/\",\"https:\\\/\\\/www.youtube.com\\\/@EcclesiaBrasil\"]},{\"@type\":\"Person\",\"@id\":\"https:\\\/\\\/news.ecclesia.org.br\\\/#\\\/schema\\\/person\\\/6f09597f025829745ba414a569f63758\",\"name\":\"Pe. Andr\u00e9\",\"image\":{\"@type\":\"ImageObject\",\"inLanguage\":\"pt-BR\",\"@id\":\"https:\\\/\\\/secure.gravatar.com\\\/avatar\\\/b4327cfa27e9799da239a26adcd534fc29cdc0c4a4a148eecbcfeb9b42c617ac?s=96&d=mm&r=g\",\"url\":\"https:\\\/\\\/secure.gravatar.com\\\/avatar\\\/b4327cfa27e9799da239a26adcd534fc29cdc0c4a4a148eecbcfeb9b42c617ac?s=96&d=mm&r=g\",\"contentUrl\":\"https:\\\/\\\/secure.gravatar.com\\\/avatar\\\/b4327cfa27e9799da239a26adcd534fc29cdc0c4a4a148eecbcfeb9b42c617ac?s=96&d=mm&r=g\",\"caption\":\"Pe. Andr\u00e9\"},\"sameAs\":[\"https:\\\/\\\/www.ecclesia.org.br\"]}]}<\/script>\n<!-- \/ Yoast SEO plugin. -->","yoast_head_json":{"title":"Patriarca Ecum\u00eanico Bartolomeu I encontra-se, no Vaticano, com o Papa Francisco de Roma | ECCLESIA NEWS","robots":{"index":"index","follow":"follow","max-snippet":"max-snippet:-1","max-image-preview":"max-image-preview:large","max-video-preview":"max-video-preview:-1"},"canonical":"https:\/\/news.ecclesia.org.br\/?p=26991","og_locale":"pt_BR","og_type":"article","og_title":"Patriarca Ecum\u00eanico Bartolomeu I encontra-se, no Vaticano, com o Papa Francisco de Roma | ECCLESIA NEWS","og_description":"Papa Francisco recebe Patriarca Ortodoxo Bartolomeu no Vaticano Vaticano, 18 Set. 19 \/ 11:00 am (ACI).- O Papa Francisco recebeu na manh\u00e3 de ontem, 17 de setembro, no Vaticano, o Patriarca Ecum\u00eanico de Constantinopla e principal figura do mundo crist\u00e3o&#8230;","og_url":"https:\/\/news.ecclesia.org.br\/?p=26991","og_site_name":"ECCLESIA NEWS","article_publisher":"https:\/\/www.facebook.com\/Ecclesia2025","article_published_time":"2019-09-18T19:59:32+00:00","article_modified_time":"2021-07-27T17:37:39+00:00","og_image":[{"url":"https:\/\/news.ecclesia.org.br\/wp-content\/uploads\/2019\/09\/bartolomeu-e-francisco-300x167.jpg","type":"","width":"","height":""}],"author":"Pe. Andr\u00e9","twitter_card":"summary_large_image","twitter_creator":"@EcclesiaNews","twitter_site":"@EcclesiaNews","twitter_misc":{"Escrito por":"Pe. Andr\u00e9","Est. tempo de leitura":"2 minutos"},"schema":{"@context":"https:\/\/schema.org","@graph":[{"@type":"Article","@id":"https:\/\/news.ecclesia.org.br\/?p=26991#article","isPartOf":{"@id":"https:\/\/news.ecclesia.org.br\/?p=26991"},"author":{"name":"Pe. Andr\u00e9","@id":"https:\/\/news.ecclesia.org.br\/#\/schema\/person\/6f09597f025829745ba414a569f63758"},"headline":"Patriarca Ecum\u00eanico Bartolomeu I encontra-se, no Vaticano, com o Papa Francisco de Roma","datePublished":"2019-09-18T19:59:32+00:00","dateModified":"2021-07-27T17:37:39+00:00","mainEntityOfPage":{"@id":"https:\/\/news.ecclesia.org.br\/?p=26991"},"wordCount":347,"commentCount":0,"publisher":{"@id":"https:\/\/news.ecclesia.org.br\/#organization"},"image":{"@id":"https:\/\/news.ecclesia.org.br\/?p=26991#primaryimage"},"thumbnailUrl":"https:\/\/news.ecclesia.org.br\/wp-content\/uploads\/2019\/09\/bartolomeu-e-francisco-300x167.jpg","articleSection":["NEWS","Patriarcado Ecum\u00eanico"],"inLanguage":"pt-BR","potentialAction":[{"@type":"CommentAction","name":"Comment","target":["https:\/\/news.ecclesia.org.br\/?p=26991#respond"]}]},{"@type":"WebPage","@id":"https:\/\/news.ecclesia.org.br\/?p=26991","url":"https:\/\/news.ecclesia.org.br\/?p=26991","name":"Patriarca Ecum\u00eanico Bartolomeu I encontra-se, no Vaticano, com o Papa Francisco de Roma | ECCLESIA NEWS","isPartOf":{"@id":"https:\/\/news.ecclesia.org.br\/#website"},"primaryImageOfPage":{"@id":"https:\/\/news.ecclesia.org.br\/?p=26991#primaryimage"},"image":{"@id":"https:\/\/news.ecclesia.org.br\/?p=26991#primaryimage"},"thumbnailUrl":"https:\/\/news.ecclesia.org.br\/wp-content\/uploads\/2019\/09\/bartolomeu-e-francisco-300x167.jpg","datePublished":"2019-09-18T19:59:32+00:00","dateModified":"2021-07-27T17:37:39+00:00","breadcrumb":{"@id":"https:\/\/news.ecclesia.org.br\/?p=26991#breadcrumb"},"inLanguage":"pt-BR","potentialAction":[{"@type":"ReadAction","target":["https:\/\/news.ecclesia.org.br\/?p=26991"]}]},{"@type":"ImageObject","inLanguage":"pt-BR","@id":"https:\/\/news.ecclesia.org.br\/?p=26991#primaryimage","url":"https:\/\/news.ecclesia.org.br\/wp-content\/uploads\/2019\/09\/bartolomeu-e-francisco.jpg","contentUrl":"https:\/\/news.ecclesia.org.br\/wp-content\/uploads\/2019\/09\/bartolomeu-e-francisco.jpg","width":680,"height":378,"caption":"Patriarca Bartolomeu e Papa Francisco no Vaticano. (Cr\u00e9dito: Vatican Media)"},{"@type":"BreadcrumbList","@id":"https:\/\/news.ecclesia.org.br\/?p=26991#breadcrumb","itemListElement":[{"@type":"ListItem","position":1,"name":"In\u00edcio","item":"https:\/\/news.ecclesia.org.br\/"},{"@type":"ListItem","position":2,"name":"Patriarca Ecum\u00eanico Bartolomeu I encontra-se, no Vaticano, com o Papa Francisco de Roma"}]},{"@type":"WebSite","@id":"https:\/\/news.ecclesia.org.br\/#website","url":"https:\/\/news.ecclesia.org.br\/","name":"Ecclesia Brasil","description":"Desde 2003 onectando o Brasil ao mundo ortodoxo!","publisher":{"@id":"https:\/\/news.ecclesia.org.br\/#organization"},"alternateName":"Ecclesia","potentialAction":[{"@type":"SearchAction","target":{"@type":"EntryPoint","urlTemplate":"https:\/\/news.ecclesia.org.br\/?s={search_term_string}"},"query-input":{"@type":"PropertyValueSpecification","valueRequired":true,"valueName":"search_term_string"}}],"inLanguage":"pt-BR"},{"@type":"Organization","@id":"https:\/\/news.ecclesia.org.br\/#organization","name":"Sacra Arquidiocese de Buenos Aires e Am\u00e9rica do Sul | Patriarcado Ecum\u00eanico","alternateName":"News Ecclesia Brasil","url":"https:\/\/news.ecclesia.org.br\/","logo":{"@type":"ImageObject","inLanguage":"pt-BR","@id":"https:\/\/news.ecclesia.org.br\/#\/schema\/logo\/image\/","url":"https:\/\/news.ecclesia.org.br\/wp-content\/uploads\/2025\/05\/ecclesia2.png","contentUrl":"https:\/\/news.ecclesia.org.br\/wp-content\/uploads\/2025\/05\/ecclesia2.png","width":480,"height":120,"caption":"Sacra Arquidiocese de Buenos Aires e Am\u00e9rica do Sul | Patriarcado Ecum\u00eanico"},"image":{"@id":"https:\/\/news.ecclesia.org.br\/#\/schema\/logo\/image\/"},"sameAs":["https:\/\/www.facebook.com\/Ecclesia2025","https:\/\/x.com\/EcclesiaNews","https:\/\/br.pinterest.com\/ekklisia\/","https:\/\/www.youtube.com\/@EcclesiaBrasil"]},{"@type":"Person","@id":"https:\/\/news.ecclesia.org.br\/#\/schema\/person\/6f09597f025829745ba414a569f63758","name":"Pe. Andr\u00e9","image":{"@type":"ImageObject","inLanguage":"pt-BR","@id":"https:\/\/secure.gravatar.com\/avatar\/b4327cfa27e9799da239a26adcd534fc29cdc0c4a4a148eecbcfeb9b42c617ac?s=96&d=mm&r=g","url":"https:\/\/secure.gravatar.com\/avatar\/b4327cfa27e9799da239a26adcd534fc29cdc0c4a4a148eecbcfeb9b42c617ac?s=96&d=mm&r=g","contentUrl":"https:\/\/secure.gravatar.com\/avatar\/b4327cfa27e9799da239a26adcd534fc29cdc0c4a4a148eecbcfeb9b42c617ac?s=96&d=mm&r=g","caption":"Pe. Andr\u00e9"},"sameAs":["https:\/\/www.ecclesia.org.br"]}]}},"_links":{"self":[{"href":"https:\/\/news.ecclesia.org.br\/index.php?rest_route=\/wp\/v2\/posts\/26991","targetHints":{"allow":["GET"]}}],"collection":[{"href":"https:\/\/news.ecclesia.org.br\/index.php?rest_route=\/wp\/v2\/posts"}],"about":[{"href":"https:\/\/news.ecclesia.org.br\/index.php?rest_route=\/wp\/v2\/types\/post"}],"author":[{"embeddable":true,"href":"https:\/\/news.ecclesia.org.br\/index.php?rest_route=\/wp\/v2\/users\/1"}],"replies":[{"embeddable":true,"href":"https:\/\/news.ecclesia.org.br\/index.php?rest_route=%2Fwp%2Fv2%2Fcomments&post=26991"}],"version-history":[{"count":1,"href":"https:\/\/news.ecclesia.org.br\/index.php?rest_route=\/wp\/v2\/posts\/26991\/revisions"}],"predecessor-version":[{"id":38566,"href":"https:\/\/news.ecclesia.org.br\/index.php?rest_route=\/wp\/v2\/posts\/26991\/revisions\/38566"}],"wp:attachment":[{"href":"https:\/\/news.ecclesia.org.br\/index.php?rest_route=%2Fwp%2Fv2%2Fmedia&parent=26991"}],"wp:term":[{"taxonomy":"category","embeddable":true,"href":"https:\/\/news.ecclesia.org.br\/index.php?rest_route=%2Fwp%2Fv2%2Fcategories&post=26991"},{"taxonomy":"post_tag","embeddable":true,"href":"https:\/\/news.ecclesia.org.br\/index.php?rest_route=%2Fwp%2Fv2%2Ftags&post=26991"}],"curies":[{"name":"wp","href":"https:\/\/api.w.org\/{rel}","templated":true}]}}