{"id":26935,"date":"2019-08-29T14:28:14","date_gmt":"2019-08-29T14:28:14","guid":{"rendered":"https:\/\/news.ecclesia.org.br\/?p=26935"},"modified":"2021-07-27T14:36:50","modified_gmt":"2021-07-27T17:36:50","slug":"discurso-do-patriarca-bartolomeu-na-10a-assembleia-mundial-das-religioes-pela-paz","status":"publish","type":"post","link":"https:\/\/news.ecclesia.org.br\/?p=26935","title":{"rendered":"Discurso do Patriarca Bartolomeu na \u00ab10\u00aa Assembleia Mundial das Religi\u00f5es pela Paz\u00bb"},"content":{"rendered":"<blockquote>\n<p style=\"text-align: justify;\"><div id=\"galleria-26935\"><a href=\"https:\/\/news.ecclesia.org.br\/wp-content\/uploads\/2019\/08\/006.jpg\"><img decoding=\"async\" title=\"006\" alt=\"\" src=\"https:\/\/news.ecclesia.org.br\/wp-content\/uploads\/2019\/08\/006-73x55.jpg\" data-big=\"https:\/\/news.ecclesia.org.br\/wp-content\/uploads\/2019\/08\/006.jpg\"><\/a><a href=\"https:\/\/news.ecclesia.org.br\/wp-content\/uploads\/2019\/08\/001-768x1024.jpg\"><img decoding=\"async\" title=\"001\" alt=\"\" src=\"https:\/\/news.ecclesia.org.br\/wp-content\/uploads\/2019\/08\/001-41x55.jpg\" data-big=\"https:\/\/news.ecclesia.org.br\/wp-content\/uploads\/2019\/08\/001-768x1024.jpg\"><\/a><a href=\"https:\/\/news.ecclesia.org.br\/wp-content\/uploads\/2019\/08\/004-1024x768.jpg\"><img decoding=\"async\" title=\"004\" alt=\"\" src=\"https:\/\/news.ecclesia.org.br\/wp-content\/uploads\/2019\/08\/004-73x55.jpg\" data-big=\"https:\/\/news.ecclesia.org.br\/wp-content\/uploads\/2019\/08\/004-1024x768.jpg\"><\/a><a href=\"https:\/\/news.ecclesia.org.br\/wp-content\/uploads\/2019\/08\/005-1024x768.jpg\"><img decoding=\"async\" title=\"005\" alt=\"\" src=\"https:\/\/news.ecclesia.org.br\/wp-content\/uploads\/2019\/08\/005-73x55.jpg\" data-big=\"https:\/\/news.ecclesia.org.br\/wp-content\/uploads\/2019\/08\/005-1024x768.jpg\"><\/a><a href=\"https:\/\/news.ecclesia.org.br\/wp-content\/uploads\/2019\/08\/002-768x1024.jpg\"><img decoding=\"async\" title=\"002\" alt=\"\" src=\"https:\/\/news.ecclesia.org.br\/wp-content\/uploads\/2019\/08\/002-41x55.jpg\" data-big=\"https:\/\/news.ecclesia.org.br\/wp-content\/uploads\/2019\/08\/002-768x1024.jpg\"><\/a><a href=\"https:\/\/news.ecclesia.org.br\/wp-content\/uploads\/2019\/08\/003.jpg\"><img decoding=\"async\" title=\"003\" alt=\"\" src=\"https:\/\/news.ecclesia.org.br\/wp-content\/uploads\/2019\/08\/003-41x55.jpg\" data-big=\"https:\/\/news.ecclesia.org.br\/wp-content\/uploads\/2019\/08\/003.jpg\"><\/a><\/div>\u00c9 para n\u00f3s uma grande honra participar da \u00ab10\u00aa Assembleia Mundial das Religi\u00f5es pela Paz\u00bb. Hoje, entre os ilustres representantes de estados e religi\u00f5es, da grande diversidade de tradi\u00e7\u00f5es religiosas, temos o prazer de fazer as seguintes observa\u00e7\u00f5es iniciais sobre um tema t\u00e3o importante: \u00abSalvaguardando nosso futuro para todos, promover o bem-estar de todos\u00bb.<\/p>\n<p style=\"text-align: justify;\">Desde nossa elei\u00e7\u00e3o como Patriarca Ecum\u00eanico, em 1991, trabalhamos incansavelmente buscando conscientizar sobre os desafios globais urgentes, como a prote\u00e7\u00e3o ambiental, a promo\u00e7\u00e3o da paz e reconcilia\u00e7\u00e3o, a promo\u00e7\u00e3o do di\u00e1logo intercultural e inter-f\u00e9, fundamento de uma cultura de justi\u00e7a e solidariedade e resist\u00eancia a todas as tenta\u00e7\u00f5es prejudiciais \u00e0 dignidade e \u00e0 santidade do homem, ao seu direito fundamental e inalien\u00e1vel. Quase 28 anos de engajamento ativo na solu\u00e7\u00e3o desses problemas revelaram uma verdade: nada pode ser realizado se trabalharmos separadamente e independentemente. Ningu\u00e9m &#8211; nem na\u00e7\u00e3o, nem estado, nem religi\u00e3o, nem ci\u00eancia ou tecnologia &#8211; pode enfrentar sozinho os problemas atuais. N\u00f3s precisamos um do outro; precisamos de uma mobiliza\u00e7\u00e3o comum, esfor\u00e7os comuns, objetivos comuns, um esp\u00edrito comum. Nosso futuro \u00e9 comum, e o caminho para esse futuro \u00e9 um caminho comum. \u00c9 por isso que \u00abReligi\u00f5es pela Paz\u00bb \u00e9 t\u00e3o crucial, porque \u00e9 uma oportunidade \u00fanica para reunir crentes e expressar nossa preocupa\u00e7\u00e3o pelo bem comum, no centro do qual est\u00e1 o ambiente natural, atualmente amea\u00e7ado pelo que a humanidade chama de \u00abpecados modernos\u00bb.<\/p>\n<p style=\"text-align: justify;\">Hoje, no entanto, n\u00e3o \u00e9 t\u00e3o estranho quanto no passado ver uma institui\u00e7\u00e3o ou l\u00edder religioso &#8211; normalmente preocupado com valores \u00absagrados\u00bb &#8211; se envolvendo em quest\u00f5es \u00abseculares\u00bb. Afinal, o que a preocupa\u00e7\u00e3o com a paz como bem-estar compartilhado tem a ver com nossas v\u00e1rias miss\u00f5es religiosas? Continuamos a pensar, com toda a honestidade, que uma das maiores realiza\u00e7\u00f5es das \u00abReligi\u00f5es pela Paz\u00bb no mundo, desde a sua cria\u00e7\u00e3o em 1970, foi incentivar as institui\u00e7\u00f5es religiosas a estabelecer uma coopera\u00e7\u00e3o e um di\u00e1logo frut\u00edfero, sincero, com pessoas diferentes de diferentes origens &#8211; do cen\u00e1rio pol\u00edtico \u00e0 sociedade civil, de intelectuais a profissionais, te\u00f3logos a tecnocratas&#8230; O verdadeiro desafio \u00e9 que devemos nos esfor\u00e7ar para mudar nosso comportamento, reconhecer que n\u00f3s, humanos, somos a fonte do problema e nos considerar radicalmente conectados e interdependentes, n\u00e3o apenas sociologicamente, mas tamb\u00e9m socialmente, de maneira mais global. N\u00f3s somos seres relacionais. Verdade \u00e9 comunh\u00e3o, vida \u00e9 partilha, exist\u00eancia \u00e9 coexist\u00eancia, liberdade \u00e9 liberdade comum. Na tradi\u00e7\u00e3o ortodoxa, quando, durante a Divina Liturgia, o celebrante levanta o p\u00e3o e o vinho que se tornar\u00e1 o corpo e o sangue de Cristo, ele oferece esta poderosa ora\u00e7\u00e3o: \u00abO que \u00e9 teu do que \u00e9 teu, n\u00f3s te oferecemos em tudo e por tudo\u00bb. A frase \u00abem tudo e por tudo\u00bb\u00a0 significa que, n\u00e3o fosse assim, n\u00e3o poderia haver sacrif\u00edcio, nem ora\u00e7\u00e3o, nem glorifica\u00e7\u00e3o de Deus.<\/p>\n<p style=\"text-align: justify;\">Se n\u00e3o consentirmos em nos sacrificar um pouco, ent\u00e3o podemos viver nossas vidas sem sequer ter consci\u00eancia do concerto da sinfonia c\u00f3smica que se desenrola diante de nossos olhos e ouvidos, a harmonia da beleza. Nesta imensa orquestra, cada detalhe minucioso desempenha um papel cr\u00edtico; todo aspecto sem import\u00e2ncia contribui de maneira essencial para a melodia produzida. Nenhum membro pode ser removido sem que toda a sinfonia seja afetada. Nenhum ser humano, \u00e1rvore ou animal pode ser substitu\u00eddo sem que toda a imagem seja distorcida ou destru\u00edda. Quando come\u00e7aremos a perceber a m\u00fasica dessa maravilhosa harmonia, desse concerto de paz? Os m\u00edsticos de todas as tradi\u00e7\u00f5es entendiam essas verdades simples. Eles perceberam que uma pessoa de cora\u00e7\u00e3o puro, inspirada por virtudes piedosas, pode sentir um relacionamento com o resto da cria\u00e7\u00e3o. \u00c9 aqui que podemos discernir paralelos no cristianismo oriental e ocidental. Pode-se lembrar Serafim de Sarov (1754-1833) alimentando um urso na floresta do Norte; ou Francisco de Assis (1181-1226) tratando os elementos do universo como seus \u00abirm\u00e3os\u00bb e \u00abirm\u00e3s\u00bb. A mesma analogia pode ser encontrada na Confer\u00eancia de Aves do s\u00e9culo XII e na ternura de toda a natureza da poesia de Rumi (1207-1273). Esses links n\u00e3o s\u00e3o apenas emocionais; eles s\u00e3o profundamente espirituais, dando-nos um senso de continuidade e comunidade com toda a cria\u00e7\u00e3o de Deus, enquanto expressamos nossa identidade e compaix\u00e3o com o mundo inteiro. Portanto, amor a Deus, amor pelo homem e preocupa\u00e7\u00e3o pela paz e pela cria\u00e7\u00e3o n\u00e3o podem ser desconectados. Embora exista uma hierarquia de prioridades, n\u00e3o h\u00e1 distin\u00e7\u00e3o clara entre elas. A verdade \u00e9 que somos todos uma fam\u00edlia &#8211; seres humanos e todo o mundo vivo &#8211; e juntos todos olhamos para Deus, o Criador.<\/p>\n<p style=\"text-align: justify;\">Senhoras e senhores, o Santo e Grande Conc\u00edlio da Igreja Ortodoxa, reunido em Creta em junho de 2016, declarou em sua enc\u00edclica que \u00abO di\u00e1logo inter-religioso honesto contribui para o desenvolvimento da confian\u00e7a m\u00fatua e a promo\u00e7\u00e3o da paz e seguran\u00e7a. reconcilia\u00e7\u00e3o. A Igreja se esfor\u00e7a para tornar &#8216;a paz que vem do alto&#8217; mais tang\u00edvel na terra. A verdadeira paz n\u00e3o \u00e9 alcan\u00e7ada pela for\u00e7a das armas, mas apenas pelo amor que &#8216;n\u00e3o busca o seu pr\u00f3prio interesse&#8217; (1 Cor\u00edntios 13: 5). O b\u00e1lsamo da f\u00e9 deve ser usado para apaziguar e curar as feridas de outros, e n\u00e3o reacender novos fogos de \u00f3dio\u00bb (\u00a717).<\/p>\n<p style=\"text-align: justify;\">Malgrado \u00e0s cr\u00edticas \u00e0 religi\u00e3o como fonte de divis\u00e3o e fundamentalismo, n\u00e3o \u00e9 religi\u00e3o, mas a ideologia da \u00abmorte de Deus\u00bb, proclamada e celebrada por muitos em nossos dias, que marcou o s\u00e9culo XX, a era mais violenta da hist\u00f3ria da humanidade. Esta \u00e9poca testemunhou duas guerras mundiais, v\u00e1rios genoc\u00eddios, atrocidades imprevis\u00edveis, conflitos armados sangrentos, trocas populacionais, guerra fria e amea\u00e7as nucleares. A humanidade fica num impasse, desamparada e sem guia, quando \u00abDeus est\u00e1 morto\u00bb. No entanto, na B\u00edblia somos ensinados que \u00abo princ\u00edpio da sabedoria \u00e9 o temor do Senhor\u00bb (Salmo 111: 10). No entanto, como todos sabemos, o medo agora pode se tornar um instrumento de viol\u00eancia quando o radicalismo e o fundamentalismo &#8211; essas express\u00f5es de \u00abpaix\u00e3o, n\u00e3o segundo o conhecimento\u00bb (Romanos 10: 2) &#8211; t\u00eam preced\u00eancia sobre a verdadeira natureza da religi\u00e3o, que \u00e9 conectar a humanidade a Deus, guiar os homens \u00e0 verdade, criar um relacionamento frut\u00edfero entre eles, levar \u00e0 mudan\u00e7a de pensamento, ao entendimento m\u00fatuo e faz\u00ea-los viver em confian\u00e7a. Esse \u00abtemor a Deus\u00bb \u00e9 diferente daquele causado pelo extremismo. \u00c9 um momento de transforma\u00e7\u00e3o que abra\u00e7a a paz e a liberdade e cultiva a virtude e a coopera\u00e7\u00e3o. Na teologia crist\u00e3, chamamos esse momento de convers\u00e3o de cora\u00e7\u00e3o e mente que leva \u00e0 comunh\u00e3o pac\u00edfica com Deus, com o pr\u00f3ximo e com toda a cria\u00e7\u00e3o.<\/p>\n<p style=\"text-align: justify;\">Apesar da dificuldade da tarefa que temos pela frente, continuamos otimistas sobre o progresso da humanidade em dire\u00e7\u00e3o a um estado de bem-estar compartilhado. \u00c9 precisamente por isso que essa vis\u00e3o deve ser promovida al\u00e9m dos muros desta casa e al\u00e9m dos muros de nossos santu\u00e1rios e locais de culto. \u00abReligi\u00f5es pela paz\u00bb est\u00e1 no centro de iniciativas interdisciplinares e inter-religiosas, que servem como catalisador para reunir l\u00edderes religiosos, cientistas, economistas, l\u00edderes da sociedade civil, l\u00edderes governamentais e acad\u00eamicos. Neste ponto, gostar\u00edamos de reconhecer o trabalho frut\u00edfero e o compromisso de todos que conhecemos e n\u00e3o conhecemos nesta organiza\u00e7\u00e3o especial e agradecemos a eles por seu comprometimento.<\/p>\n<p style=\"text-align: justify;\">Queridos amigos, Vivemos em um mundo imperfeito e, juntos, por meio de a\u00e7\u00f5es conjuntas e iniciativas criativas, precisamos criar um mundo melhor, n\u00e3o apenas para a gera\u00e7\u00e3o atual, mas para os que est\u00e3o por vir. Nossos filhos e os filhos de nossos filhos merecem um mundo de liberdade, paz e justi\u00e7a global, generosidade e compaix\u00e3o, sem viol\u00eancia contra a natureza e nossos semelhantes. Oramos para que a renovada solidariedade e aten\u00e7\u00e3o pela qual estamos trabalhando se tornem uma sagrada obla\u00e7\u00e3o \u00abem tudo e por tudo\u00bb.<\/p>\n<p style=\"text-align: justify;\">Muito obrigado pela sua aten\u00e7\u00e3o.<\/p>\n<\/blockquote>\n<p style=\"text-align: right;\">Fontes: (texto em franc\u00eas) <a href=\"https:\/\/orthodoxie.com\/discours-liminaire-du-patriarche-bartholomee-a-la-10e-assemblee-mondiale-des-religions-pour-la-paix\/?goal=0_9357f9bbb5-953e7d6ff5-64820487&amp;mc_cid=953e7d6ff5&amp;mc_eid=337873e3c4\" target=\"_blank\" rel=\"noopener noreferrer\">Orthodoxie.com<\/a> | Fotos:\u00a0<a href=\"http:\/\/fanarion.blogspot.com\/2019\/08\/religions-for-peace.html\" target=\"_blank\" rel=\"noopener noreferrer\">\u03a6\u03c9\u03c2 \u03a6\u03b1\u03bd\u03b1\u03c1\u03af\u03bf\u03c5 <\/a><\/p>\n","protected":false},"excerpt":{"rendered":"<p>\u00c9 para n\u00f3s uma grande honra participar da \u00ab10\u00aa Assembleia Mundial das Religi\u00f5es pela Paz\u00bb. Hoje, entre os ilustres representantes de estados e religi\u00f5es, da grande diversidade de tradi\u00e7\u00f5es religiosas, temos o prazer de fazer as seguintes observa\u00e7\u00f5es iniciais sobre&#8230;<\/p>\n","protected":false},"author":1,"featured_media":0,"comment_status":"open","ping_status":"open","sticky":false,"template":"","format":"standard","meta":{"_acf_changed":false,"footnotes":""},"categories":[72],"tags":[],"class_list":["post-26935","post","type-post","status-publish","format-standard","hentry","category-patriarcado-ecumenico","entry","rows-excerpt"],"acf":[],"yoast_head":"<!-- This site is optimized with the Yoast SEO plugin v27.4 - https:\/\/yoast.com\/product\/yoast-seo-wordpress\/ -->\n<title>Discurso do Patriarca Bartolomeu na \u00ab10\u00aa Assembleia Mundial das Religi\u00f5es pela Paz\u00bb | ECCLESIA NEWS<\/title>\n<meta name=\"robots\" content=\"index, follow, max-snippet:-1, max-image-preview:large, max-video-preview:-1\" \/>\n<link rel=\"canonical\" href=\"https:\/\/news.ecclesia.org.br\/?p=26935\" \/>\n<meta property=\"og:locale\" content=\"pt_BR\" \/>\n<meta property=\"og:type\" content=\"article\" \/>\n<meta property=\"og:title\" content=\"Discurso do Patriarca Bartolomeu na \u00ab10\u00aa Assembleia Mundial das Religi\u00f5es pela Paz\u00bb | ECCLESIA NEWS\" \/>\n<meta property=\"og:description\" content=\"\u00c9 para n\u00f3s uma grande honra participar da \u00ab10\u00aa Assembleia Mundial das Religi\u00f5es pela Paz\u00bb. Hoje, entre os ilustres representantes de estados e religi\u00f5es, da grande diversidade de tradi\u00e7\u00f5es religiosas, temos o prazer de fazer as seguintes observa\u00e7\u00f5es iniciais sobre&#8230;\" \/>\n<meta property=\"og:url\" content=\"https:\/\/news.ecclesia.org.br\/?p=26935\" \/>\n<meta property=\"og:site_name\" content=\"ECCLESIA NEWS\" \/>\n<meta property=\"article:publisher\" content=\"https:\/\/www.facebook.com\/Ecclesia2025\" \/>\n<meta property=\"article:published_time\" content=\"2019-08-29T14:28:14+00:00\" \/>\n<meta property=\"article:modified_time\" content=\"2021-07-27T17:36:50+00:00\" \/>\n<meta property=\"og:image\" content=\"https:\/\/news.ecclesia.org.br\/wp-content\/uploads\/2025\/05\/ecclesia2.png\" \/>\n\t<meta property=\"og:image:width\" content=\"480\" \/>\n\t<meta property=\"og:image:height\" content=\"120\" \/>\n\t<meta property=\"og:image:type\" content=\"image\/png\" \/>\n<meta name=\"author\" content=\"Pe. Andr\u00e9\" \/>\n<meta name=\"twitter:card\" content=\"summary_large_image\" \/>\n<meta name=\"twitter:creator\" content=\"@EcclesiaNews\" \/>\n<meta name=\"twitter:site\" content=\"@EcclesiaNews\" \/>\n<meta name=\"twitter:label1\" content=\"Escrito por\" \/>\n\t<meta name=\"twitter:data1\" content=\"Pe. Andr\u00e9\" \/>\n\t<meta name=\"twitter:label2\" content=\"Est. tempo de leitura\" \/>\n\t<meta name=\"twitter:data2\" content=\"7 minutos\" \/>\n<script type=\"application\/ld+json\" class=\"yoast-schema-graph\">{\"@context\":\"https:\\\/\\\/schema.org\",\"@graph\":[{\"@type\":\"Article\",\"@id\":\"https:\\\/\\\/news.ecclesia.org.br\\\/?p=26935#article\",\"isPartOf\":{\"@id\":\"https:\\\/\\\/news.ecclesia.org.br\\\/?p=26935\"},\"author\":{\"name\":\"Pe. Andr\u00e9\",\"@id\":\"https:\\\/\\\/news.ecclesia.org.br\\\/#\\\/schema\\\/person\\\/6f09597f025829745ba414a569f63758\"},\"headline\":\"Discurso do Patriarca Bartolomeu na \u00ab10\u00aa Assembleia Mundial das Religi\u00f5es pela Paz\u00bb\",\"datePublished\":\"2019-08-29T14:28:14+00:00\",\"dateModified\":\"2021-07-27T17:36:50+00:00\",\"mainEntityOfPage\":{\"@id\":\"https:\\\/\\\/news.ecclesia.org.br\\\/?p=26935\"},\"wordCount\":1419,\"commentCount\":0,\"publisher\":{\"@id\":\"https:\\\/\\\/news.ecclesia.org.br\\\/#organization\"},\"articleSection\":[\"Patriarcado Ecum\u00eanico\"],\"inLanguage\":\"pt-BR\",\"potentialAction\":[{\"@type\":\"CommentAction\",\"name\":\"Comment\",\"target\":[\"https:\\\/\\\/news.ecclesia.org.br\\\/?p=26935#respond\"]}]},{\"@type\":\"WebPage\",\"@id\":\"https:\\\/\\\/news.ecclesia.org.br\\\/?p=26935\",\"url\":\"https:\\\/\\\/news.ecclesia.org.br\\\/?p=26935\",\"name\":\"Discurso do Patriarca Bartolomeu na \u00ab10\u00aa Assembleia Mundial das Religi\u00f5es pela Paz\u00bb | ECCLESIA NEWS\",\"isPartOf\":{\"@id\":\"https:\\\/\\\/news.ecclesia.org.br\\\/#website\"},\"datePublished\":\"2019-08-29T14:28:14+00:00\",\"dateModified\":\"2021-07-27T17:36:50+00:00\",\"breadcrumb\":{\"@id\":\"https:\\\/\\\/news.ecclesia.org.br\\\/?p=26935#breadcrumb\"},\"inLanguage\":\"pt-BR\",\"potentialAction\":[{\"@type\":\"ReadAction\",\"target\":[\"https:\\\/\\\/news.ecclesia.org.br\\\/?p=26935\"]}]},{\"@type\":\"BreadcrumbList\",\"@id\":\"https:\\\/\\\/news.ecclesia.org.br\\\/?p=26935#breadcrumb\",\"itemListElement\":[{\"@type\":\"ListItem\",\"position\":1,\"name\":\"In\u00edcio\",\"item\":\"https:\\\/\\\/news.ecclesia.org.br\\\/\"},{\"@type\":\"ListItem\",\"position\":2,\"name\":\"Discurso do Patriarca Bartolomeu na \u00ab10\u00aa Assembleia Mundial das Religi\u00f5es pela Paz\u00bb\"}]},{\"@type\":\"WebSite\",\"@id\":\"https:\\\/\\\/news.ecclesia.org.br\\\/#website\",\"url\":\"https:\\\/\\\/news.ecclesia.org.br\\\/\",\"name\":\"Ecclesia Brasil\",\"description\":\"Desde 2003 onectando o Brasil ao mundo ortodoxo!\",\"publisher\":{\"@id\":\"https:\\\/\\\/news.ecclesia.org.br\\\/#organization\"},\"alternateName\":\"Ecclesia\",\"potentialAction\":[{\"@type\":\"SearchAction\",\"target\":{\"@type\":\"EntryPoint\",\"urlTemplate\":\"https:\\\/\\\/news.ecclesia.org.br\\\/?s={search_term_string}\"},\"query-input\":{\"@type\":\"PropertyValueSpecification\",\"valueRequired\":true,\"valueName\":\"search_term_string\"}}],\"inLanguage\":\"pt-BR\"},{\"@type\":\"Organization\",\"@id\":\"https:\\\/\\\/news.ecclesia.org.br\\\/#organization\",\"name\":\"Sacra Arquidiocese de Buenos Aires e Am\u00e9rica do Sul | Patriarcado Ecum\u00eanico\",\"alternateName\":\"News Ecclesia Brasil\",\"url\":\"https:\\\/\\\/news.ecclesia.org.br\\\/\",\"logo\":{\"@type\":\"ImageObject\",\"inLanguage\":\"pt-BR\",\"@id\":\"https:\\\/\\\/news.ecclesia.org.br\\\/#\\\/schema\\\/logo\\\/image\\\/\",\"url\":\"https:\\\/\\\/news.ecclesia.org.br\\\/wp-content\\\/uploads\\\/2025\\\/05\\\/ecclesia2.png\",\"contentUrl\":\"https:\\\/\\\/news.ecclesia.org.br\\\/wp-content\\\/uploads\\\/2025\\\/05\\\/ecclesia2.png\",\"width\":480,\"height\":120,\"caption\":\"Sacra Arquidiocese de Buenos Aires e Am\u00e9rica do Sul | Patriarcado Ecum\u00eanico\"},\"image\":{\"@id\":\"https:\\\/\\\/news.ecclesia.org.br\\\/#\\\/schema\\\/logo\\\/image\\\/\"},\"sameAs\":[\"https:\\\/\\\/www.facebook.com\\\/Ecclesia2025\",\"https:\\\/\\\/x.com\\\/EcclesiaNews\",\"https:\\\/\\\/br.pinterest.com\\\/ekklisia\\\/\",\"https:\\\/\\\/www.youtube.com\\\/@EcclesiaBrasil\"]},{\"@type\":\"Person\",\"@id\":\"https:\\\/\\\/news.ecclesia.org.br\\\/#\\\/schema\\\/person\\\/6f09597f025829745ba414a569f63758\",\"name\":\"Pe. Andr\u00e9\",\"image\":{\"@type\":\"ImageObject\",\"inLanguage\":\"pt-BR\",\"@id\":\"https:\\\/\\\/secure.gravatar.com\\\/avatar\\\/b4327cfa27e9799da239a26adcd534fc29cdc0c4a4a148eecbcfeb9b42c617ac?s=96&d=mm&r=g\",\"url\":\"https:\\\/\\\/secure.gravatar.com\\\/avatar\\\/b4327cfa27e9799da239a26adcd534fc29cdc0c4a4a148eecbcfeb9b42c617ac?s=96&d=mm&r=g\",\"contentUrl\":\"https:\\\/\\\/secure.gravatar.com\\\/avatar\\\/b4327cfa27e9799da239a26adcd534fc29cdc0c4a4a148eecbcfeb9b42c617ac?s=96&d=mm&r=g\",\"caption\":\"Pe. Andr\u00e9\"},\"sameAs\":[\"https:\\\/\\\/www.ecclesia.org.br\"]}]}<\/script>\n<!-- \/ Yoast SEO plugin. -->","yoast_head_json":{"title":"Discurso do Patriarca Bartolomeu na \u00ab10\u00aa Assembleia Mundial das Religi\u00f5es pela Paz\u00bb | ECCLESIA NEWS","robots":{"index":"index","follow":"follow","max-snippet":"max-snippet:-1","max-image-preview":"max-image-preview:large","max-video-preview":"max-video-preview:-1"},"canonical":"https:\/\/news.ecclesia.org.br\/?p=26935","og_locale":"pt_BR","og_type":"article","og_title":"Discurso do Patriarca Bartolomeu na \u00ab10\u00aa Assembleia Mundial das Religi\u00f5es pela Paz\u00bb | ECCLESIA NEWS","og_description":"\u00c9 para n\u00f3s uma grande honra participar da \u00ab10\u00aa Assembleia Mundial das Religi\u00f5es pela Paz\u00bb. Hoje, entre os ilustres representantes de estados e religi\u00f5es, da grande diversidade de tradi\u00e7\u00f5es religiosas, temos o prazer de fazer as seguintes observa\u00e7\u00f5es iniciais sobre&#8230;","og_url":"https:\/\/news.ecclesia.org.br\/?p=26935","og_site_name":"ECCLESIA NEWS","article_publisher":"https:\/\/www.facebook.com\/Ecclesia2025","article_published_time":"2019-08-29T14:28:14+00:00","article_modified_time":"2021-07-27T17:36:50+00:00","og_image":[{"width":480,"height":120,"url":"https:\/\/news.ecclesia.org.br\/wp-content\/uploads\/2025\/05\/ecclesia2.png","type":"image\/png"}],"author":"Pe. Andr\u00e9","twitter_card":"summary_large_image","twitter_creator":"@EcclesiaNews","twitter_site":"@EcclesiaNews","twitter_misc":{"Escrito por":"Pe. Andr\u00e9","Est. tempo de leitura":"7 minutos"},"schema":{"@context":"https:\/\/schema.org","@graph":[{"@type":"Article","@id":"https:\/\/news.ecclesia.org.br\/?p=26935#article","isPartOf":{"@id":"https:\/\/news.ecclesia.org.br\/?p=26935"},"author":{"name":"Pe. Andr\u00e9","@id":"https:\/\/news.ecclesia.org.br\/#\/schema\/person\/6f09597f025829745ba414a569f63758"},"headline":"Discurso do Patriarca Bartolomeu na \u00ab10\u00aa Assembleia Mundial das Religi\u00f5es pela Paz\u00bb","datePublished":"2019-08-29T14:28:14+00:00","dateModified":"2021-07-27T17:36:50+00:00","mainEntityOfPage":{"@id":"https:\/\/news.ecclesia.org.br\/?p=26935"},"wordCount":1419,"commentCount":0,"publisher":{"@id":"https:\/\/news.ecclesia.org.br\/#organization"},"articleSection":["Patriarcado Ecum\u00eanico"],"inLanguage":"pt-BR","potentialAction":[{"@type":"CommentAction","name":"Comment","target":["https:\/\/news.ecclesia.org.br\/?p=26935#respond"]}]},{"@type":"WebPage","@id":"https:\/\/news.ecclesia.org.br\/?p=26935","url":"https:\/\/news.ecclesia.org.br\/?p=26935","name":"Discurso do Patriarca Bartolomeu na \u00ab10\u00aa Assembleia Mundial das Religi\u00f5es pela Paz\u00bb | ECCLESIA NEWS","isPartOf":{"@id":"https:\/\/news.ecclesia.org.br\/#website"},"datePublished":"2019-08-29T14:28:14+00:00","dateModified":"2021-07-27T17:36:50+00:00","breadcrumb":{"@id":"https:\/\/news.ecclesia.org.br\/?p=26935#breadcrumb"},"inLanguage":"pt-BR","potentialAction":[{"@type":"ReadAction","target":["https:\/\/news.ecclesia.org.br\/?p=26935"]}]},{"@type":"BreadcrumbList","@id":"https:\/\/news.ecclesia.org.br\/?p=26935#breadcrumb","itemListElement":[{"@type":"ListItem","position":1,"name":"In\u00edcio","item":"https:\/\/news.ecclesia.org.br\/"},{"@type":"ListItem","position":2,"name":"Discurso do Patriarca Bartolomeu na \u00ab10\u00aa Assembleia Mundial das Religi\u00f5es pela Paz\u00bb"}]},{"@type":"WebSite","@id":"https:\/\/news.ecclesia.org.br\/#website","url":"https:\/\/news.ecclesia.org.br\/","name":"Ecclesia Brasil","description":"Desde 2003 onectando o Brasil ao mundo ortodoxo!","publisher":{"@id":"https:\/\/news.ecclesia.org.br\/#organization"},"alternateName":"Ecclesia","potentialAction":[{"@type":"SearchAction","target":{"@type":"EntryPoint","urlTemplate":"https:\/\/news.ecclesia.org.br\/?s={search_term_string}"},"query-input":{"@type":"PropertyValueSpecification","valueRequired":true,"valueName":"search_term_string"}}],"inLanguage":"pt-BR"},{"@type":"Organization","@id":"https:\/\/news.ecclesia.org.br\/#organization","name":"Sacra Arquidiocese de Buenos Aires e Am\u00e9rica do Sul | Patriarcado Ecum\u00eanico","alternateName":"News Ecclesia Brasil","url":"https:\/\/news.ecclesia.org.br\/","logo":{"@type":"ImageObject","inLanguage":"pt-BR","@id":"https:\/\/news.ecclesia.org.br\/#\/schema\/logo\/image\/","url":"https:\/\/news.ecclesia.org.br\/wp-content\/uploads\/2025\/05\/ecclesia2.png","contentUrl":"https:\/\/news.ecclesia.org.br\/wp-content\/uploads\/2025\/05\/ecclesia2.png","width":480,"height":120,"caption":"Sacra Arquidiocese de Buenos Aires e Am\u00e9rica do Sul | Patriarcado Ecum\u00eanico"},"image":{"@id":"https:\/\/news.ecclesia.org.br\/#\/schema\/logo\/image\/"},"sameAs":["https:\/\/www.facebook.com\/Ecclesia2025","https:\/\/x.com\/EcclesiaNews","https:\/\/br.pinterest.com\/ekklisia\/","https:\/\/www.youtube.com\/@EcclesiaBrasil"]},{"@type":"Person","@id":"https:\/\/news.ecclesia.org.br\/#\/schema\/person\/6f09597f025829745ba414a569f63758","name":"Pe. Andr\u00e9","image":{"@type":"ImageObject","inLanguage":"pt-BR","@id":"https:\/\/secure.gravatar.com\/avatar\/b4327cfa27e9799da239a26adcd534fc29cdc0c4a4a148eecbcfeb9b42c617ac?s=96&d=mm&r=g","url":"https:\/\/secure.gravatar.com\/avatar\/b4327cfa27e9799da239a26adcd534fc29cdc0c4a4a148eecbcfeb9b42c617ac?s=96&d=mm&r=g","contentUrl":"https:\/\/secure.gravatar.com\/avatar\/b4327cfa27e9799da239a26adcd534fc29cdc0c4a4a148eecbcfeb9b42c617ac?s=96&d=mm&r=g","caption":"Pe. Andr\u00e9"},"sameAs":["https:\/\/www.ecclesia.org.br"]}]}},"_links":{"self":[{"href":"https:\/\/news.ecclesia.org.br\/index.php?rest_route=\/wp\/v2\/posts\/26935","targetHints":{"allow":["GET"]}}],"collection":[{"href":"https:\/\/news.ecclesia.org.br\/index.php?rest_route=\/wp\/v2\/posts"}],"about":[{"href":"https:\/\/news.ecclesia.org.br\/index.php?rest_route=\/wp\/v2\/types\/post"}],"author":[{"embeddable":true,"href":"https:\/\/news.ecclesia.org.br\/index.php?rest_route=\/wp\/v2\/users\/1"}],"replies":[{"embeddable":true,"href":"https:\/\/news.ecclesia.org.br\/index.php?rest_route=%2Fwp%2Fv2%2Fcomments&post=26935"}],"version-history":[{"count":3,"href":"https:\/\/news.ecclesia.org.br\/index.php?rest_route=\/wp\/v2\/posts\/26935\/revisions"}],"predecessor-version":[{"id":38565,"href":"https:\/\/news.ecclesia.org.br\/index.php?rest_route=\/wp\/v2\/posts\/26935\/revisions\/38565"}],"wp:attachment":[{"href":"https:\/\/news.ecclesia.org.br\/index.php?rest_route=%2Fwp%2Fv2%2Fmedia&parent=26935"}],"wp:term":[{"taxonomy":"category","embeddable":true,"href":"https:\/\/news.ecclesia.org.br\/index.php?rest_route=%2Fwp%2Fv2%2Fcategories&post=26935"},{"taxonomy":"post_tag","embeddable":true,"href":"https:\/\/news.ecclesia.org.br\/index.php?rest_route=%2Fwp%2Fv2%2Ftags&post=26935"}],"curies":[{"name":"wp","href":"https:\/\/api.w.org\/{rel}","templated":true}]}}