{"id":26929,"date":"2019-08-28T21:47:18","date_gmt":"2019-08-28T21:47:18","guid":{"rendered":"https:\/\/news.ecclesia.org.br\/?p=26929"},"modified":"2020-09-22T11:59:02","modified_gmt":"2020-09-22T14:59:02","slug":"enciclica-patriarcal-de-s-s-bartolomeu-i-patriarca-ecumenico-para-o-inicio-do-ano-novo-eclesiastico-dia-de-oracao-pela-protecao-da-criacao","status":"publish","type":"post","link":"https:\/\/news.ecclesia.org.br\/?p=26929","title":{"rendered":"ENC\u00cdCLICA PATRIARCAL de S. S. BARTOLOMEU I, Patriarca Ecum\u00eanico, para o In\u00edcio do Ano Novo Eclesi\u00e1stico \u00abDia de Ora\u00e7\u00e3o pela Prote\u00e7\u00e3o da Cria\u00e7\u00e3o\u00bb"},"content":{"rendered":"<blockquote>\n<p style=\"text-align: justify;\">Queridos irm\u00e3os Hierarcas e amados filhos no Senhor<\/p>\n<figure id=\"attachment_26931\" aria-describedby=\"caption-attachment-26931\" style=\"width: 122px\" class=\"wp-caption alignleft\"><a href=\"https:\/\/news.ecclesia.org.br\/wp-content\/uploads\/2019\/08\/patriarca-bartolomeu-2.jpg\"><img decoding=\"async\" class=\"size-medium wp-image-26931\" src=\"https:\/\/news.ecclesia.org.br\/wp-content\/uploads\/2019\/08\/patriarca-bartolomeu-2-122x300.jpg\" alt=\"\" width=\"122\" height=\"300\" srcset=\"https:\/\/news.ecclesia.org.br\/wp-content\/uploads\/2019\/08\/patriarca-bartolomeu-2-122x300.jpg 122w, https:\/\/news.ecclesia.org.br\/wp-content\/uploads\/2019\/08\/patriarca-bartolomeu-2-22x55.jpg 22w, https:\/\/news.ecclesia.org.br\/wp-content\/uploads\/2019\/08\/patriarca-bartolomeu-2.jpg 390w\" sizes=\"(max-width: 122px) 100vw, 122px\" \/><\/a><figcaption id=\"caption-attachment-26931\" class=\"wp-caption-text\">S. Santidade Bartolomeu I, Patriarca Ecum\u00eanico<\/figcaption><\/figure>\n<p style=\"text-align: justify;\"><span style=\"text-align: justify;\">Com a bondade e a gra\u00e7a do Deus todo-generoso, completa hoje o trig\u00e9simo anivers\u00e1rio desde que a Santa Grande Igreja de Cristo instituiu a festa da Indic\u00e7\u00e3o e o primeiro dia do ano eclesi\u00e1stico como o \u201cDia de Prote\u00e7\u00e3o do Meio Ambiente\u201d. Hoje nos dirigimos aos nossos fi\u00e9is ortodoxos, mas tamb\u00e9m, n\u00e3o apenas aos crist\u00e3os, ou mesmo representantes de outras religi\u00f5es, mas a todos os l\u00edderes pol\u00edticos, ambientalistas e outros cientistas, bem como intelectuais e todas as pessoas de boa vontade, buscando sua contribui\u00e7\u00e3o.<\/span><\/p>\n<p style=\"text-align: justify;\"><span style=\"text-align: justify;\">As atividades ecol\u00f3gicas do Patriarcado Ecum\u00eanico serviram de inspira\u00e7\u00e3o \u00e0 teologia para avan\u00e7ar e promover proeminentemente a verdade da antropologia e cosmologia crist\u00e3s, a cosmovis\u00e3o eucar\u00edstica e o cuidado da cria\u00e7\u00e3o, assim como o esp\u00edrito do ascetismo ortodoxo como base para compreender as causas e oferecer respostas adequadas \u00e0 crise ecol\u00f3gica. A bibliografia relacionada \u00e0 ecologia teol\u00f3gica ou teologia ecol\u00f3gica \u00e9 extensa e, no geral, constitui um admir\u00e1vel testemunho ortodoxo diante dos maiores desafios da humanidade contempor\u00e2nea e da vida na Terra. A preocupa\u00e7\u00e3o com a crise ecol\u00f3gica e com as dimens\u00f5es e consequ\u00eancias globais do pecado &#8211; dessa alienante \u201cinvers\u00e3o de valores\u201d no interior da humanidade &#8211; trouxe \u00e0 tona a conex\u00e3o entre quest\u00f5es ecol\u00f3gicas e sociais, bem como a necessidade de abord\u00e1-las em conjunto. Mobilizar for\u00e7as para a prote\u00e7\u00e3o da integridade da cria\u00e7\u00e3o e para a justi\u00e7a social s\u00e3o a\u00e7\u00f5es interconectadas e insepar\u00e1veis&#8230; (para seguir lendo baixe aqui o <a href=\"https:\/\/ecclesia.org.br\/wp-content\/uploads\/2020\/09\/2019-indiccao.pdf\" target=\"_blank\" rel=\"noopener noreferrer\">arquivo pdf<\/a>\u00a0<\/span><span style=\"text-align: justify;\">com a \u00edntegra deste documento).<\/span><\/p>\n<\/blockquote>\n","protected":false},"excerpt":{"rendered":"<p>Queridos irm\u00e3os Hierarcas e amados filhos no Senhor Com a bondade e a gra\u00e7a do Deus todo-generoso, completa hoje o trig\u00e9simo anivers\u00e1rio desde que a Santa Grande Igreja de Cristo instituiu a festa da Indic\u00e7\u00e3o e o primeiro dia do&#8230;<\/p>\n","protected":false},"author":1,"featured_media":24869,"comment_status":"open","ping_status":"open","sticky":false,"template":"","format":"standard","meta":{"_acf_changed":false,"footnotes":""},"categories":[40,1,72],"tags":[],"class_list":["post-26929","post","type-post","status-publish","format-standard","has-post-thumbnail","hentry","category-arquidiocese-de-buenos-aires-e-america-do-sul","category-news","category-patriarcado-ecumenico","entry","rows-excerpt"],"acf":[],"yoast_head":"<!-- This site is optimized with the Yoast SEO plugin v27.4 - https:\/\/yoast.com\/product\/yoast-seo-wordpress\/ -->\n<title>ENC\u00cdCLICA PATRIARCAL de S. S. BARTOLOMEU I, Patriarca Ecum\u00eanico, para o In\u00edcio do Ano Novo Eclesi\u00e1stico \u00abDia de Ora\u00e7\u00e3o pela Prote\u00e7\u00e3o da Cria\u00e7\u00e3o\u00bb | ECCLESIA NEWS<\/title>\n<meta name=\"robots\" content=\"index, follow, max-snippet:-1, max-image-preview:large, max-video-preview:-1\" \/>\n<link rel=\"canonical\" href=\"https:\/\/news.ecclesia.org.br\/?p=26929\" \/>\n<meta property=\"og:locale\" content=\"pt_BR\" \/>\n<meta property=\"og:type\" content=\"article\" \/>\n<meta property=\"og:title\" content=\"ENC\u00cdCLICA PATRIARCAL de S. S. BARTOLOMEU I, Patriarca Ecum\u00eanico, para o In\u00edcio do Ano Novo Eclesi\u00e1stico \u00abDia de Ora\u00e7\u00e3o pela Prote\u00e7\u00e3o da Cria\u00e7\u00e3o\u00bb | ECCLESIA NEWS\" \/>\n<meta property=\"og:description\" content=\"Queridos irm\u00e3os Hierarcas e amados filhos no Senhor Com a bondade e a gra\u00e7a do Deus todo-generoso, completa hoje o trig\u00e9simo anivers\u00e1rio desde que a Santa Grande Igreja de Cristo instituiu a festa da Indic\u00e7\u00e3o e o primeiro dia do&#8230;\" \/>\n<meta property=\"og:url\" content=\"https:\/\/news.ecclesia.org.br\/?p=26929\" \/>\n<meta property=\"og:site_name\" content=\"ECCLESIA NEWS\" \/>\n<meta property=\"article:publisher\" content=\"https:\/\/www.facebook.com\/Ecclesia2025\" \/>\n<meta property=\"article:published_time\" content=\"2019-08-28T21:47:18+00:00\" \/>\n<meta property=\"article:modified_time\" content=\"2020-09-22T14:59:02+00:00\" \/>\n<meta property=\"og:image\" content=\"https:\/\/news.ecclesia.org.br\/wp-content\/uploads\/2018\/02\/patriarca-bartolomeu-em\u00edmvro.jpg\" \/>\n\t<meta property=\"og:image:width\" content=\"720\" \/>\n\t<meta property=\"og:image:height\" content=\"478\" \/>\n\t<meta property=\"og:image:type\" content=\"image\/jpeg\" \/>\n<meta name=\"author\" content=\"Pe. Andr\u00e9\" \/>\n<meta name=\"twitter:card\" content=\"summary_large_image\" \/>\n<meta name=\"twitter:creator\" content=\"@EcclesiaNews\" \/>\n<meta name=\"twitter:site\" content=\"@EcclesiaNews\" \/>\n<meta name=\"twitter:label1\" content=\"Escrito por\" \/>\n\t<meta name=\"twitter:data1\" content=\"Pe. Andr\u00e9\" \/>\n\t<meta name=\"twitter:label2\" content=\"Est. tempo de leitura\" \/>\n\t<meta name=\"twitter:data2\" content=\"2 minutos\" \/>\n<script type=\"application\/ld+json\" class=\"yoast-schema-graph\">{\"@context\":\"https:\\\/\\\/schema.org\",\"@graph\":[{\"@type\":\"Article\",\"@id\":\"https:\\\/\\\/news.ecclesia.org.br\\\/?p=26929#article\",\"isPartOf\":{\"@id\":\"https:\\\/\\\/news.ecclesia.org.br\\\/?p=26929\"},\"author\":{\"name\":\"Pe. Andr\u00e9\",\"@id\":\"https:\\\/\\\/news.ecclesia.org.br\\\/#\\\/schema\\\/person\\\/6f09597f025829745ba414a569f63758\"},\"headline\":\"ENC\u00cdCLICA PATRIARCAL de S. S. BARTOLOMEU I, Patriarca Ecum\u00eanico, para o In\u00edcio do Ano Novo Eclesi\u00e1stico \u00abDia de Ora\u00e7\u00e3o pela Prote\u00e7\u00e3o da Cria\u00e7\u00e3o\u00bb\",\"datePublished\":\"2019-08-28T21:47:18+00:00\",\"dateModified\":\"2020-09-22T14:59:02+00:00\",\"mainEntityOfPage\":{\"@id\":\"https:\\\/\\\/news.ecclesia.org.br\\\/?p=26929\"},\"wordCount\":334,\"commentCount\":0,\"publisher\":{\"@id\":\"https:\\\/\\\/news.ecclesia.org.br\\\/#organization\"},\"image\":{\"@id\":\"https:\\\/\\\/news.ecclesia.org.br\\\/?p=26929#primaryimage\"},\"thumbnailUrl\":\"https:\\\/\\\/news.ecclesia.org.br\\\/wp-content\\\/uploads\\\/2018\\\/02\\\/patriarca-bartolomeu-em\u00edmvro.jpg\",\"articleSection\":[\"Arquidiocese de Buenos Aires e Am\u00e9rica do Sul\",\"NEWS\",\"Patriarcado Ecum\u00eanico\"],\"inLanguage\":\"pt-BR\",\"potentialAction\":[{\"@type\":\"CommentAction\",\"name\":\"Comment\",\"target\":[\"https:\\\/\\\/news.ecclesia.org.br\\\/?p=26929#respond\"]}]},{\"@type\":\"WebPage\",\"@id\":\"https:\\\/\\\/news.ecclesia.org.br\\\/?p=26929\",\"url\":\"https:\\\/\\\/news.ecclesia.org.br\\\/?p=26929\",\"name\":\"ENC\u00cdCLICA PATRIARCAL de S. S. BARTOLOMEU I, Patriarca Ecum\u00eanico, para o In\u00edcio do Ano Novo Eclesi\u00e1stico \u00abDia de Ora\u00e7\u00e3o pela Prote\u00e7\u00e3o da Cria\u00e7\u00e3o\u00bb | ECCLESIA NEWS\",\"isPartOf\":{\"@id\":\"https:\\\/\\\/news.ecclesia.org.br\\\/#website\"},\"primaryImageOfPage\":{\"@id\":\"https:\\\/\\\/news.ecclesia.org.br\\\/?p=26929#primaryimage\"},\"image\":{\"@id\":\"https:\\\/\\\/news.ecclesia.org.br\\\/?p=26929#primaryimage\"},\"thumbnailUrl\":\"https:\\\/\\\/news.ecclesia.org.br\\\/wp-content\\\/uploads\\\/2018\\\/02\\\/patriarca-bartolomeu-em\u00edmvro.jpg\",\"datePublished\":\"2019-08-28T21:47:18+00:00\",\"dateModified\":\"2020-09-22T14:59:02+00:00\",\"breadcrumb\":{\"@id\":\"https:\\\/\\\/news.ecclesia.org.br\\\/?p=26929#breadcrumb\"},\"inLanguage\":\"pt-BR\",\"potentialAction\":[{\"@type\":\"ReadAction\",\"target\":[\"https:\\\/\\\/news.ecclesia.org.br\\\/?p=26929\"]}]},{\"@type\":\"ImageObject\",\"inLanguage\":\"pt-BR\",\"@id\":\"https:\\\/\\\/news.ecclesia.org.br\\\/?p=26929#primaryimage\",\"url\":\"https:\\\/\\\/news.ecclesia.org.br\\\/wp-content\\\/uploads\\\/2018\\\/02\\\/patriarca-bartolomeu-em\u00edmvro.jpg\",\"contentUrl\":\"https:\\\/\\\/news.ecclesia.org.br\\\/wp-content\\\/uploads\\\/2018\\\/02\\\/patriarca-bartolomeu-em\u00edmvro.jpg\",\"width\":720,\"height\":478},{\"@type\":\"BreadcrumbList\",\"@id\":\"https:\\\/\\\/news.ecclesia.org.br\\\/?p=26929#breadcrumb\",\"itemListElement\":[{\"@type\":\"ListItem\",\"position\":1,\"name\":\"In\u00edcio\",\"item\":\"https:\\\/\\\/news.ecclesia.org.br\\\/\"},{\"@type\":\"ListItem\",\"position\":2,\"name\":\"ENC\u00cdCLICA PATRIARCAL de S. S. BARTOLOMEU I, Patriarca Ecum\u00eanico, para o In\u00edcio do Ano Novo Eclesi\u00e1stico \u00abDia de Ora\u00e7\u00e3o pela Prote\u00e7\u00e3o da Cria\u00e7\u00e3o\u00bb\"}]},{\"@type\":\"WebSite\",\"@id\":\"https:\\\/\\\/news.ecclesia.org.br\\\/#website\",\"url\":\"https:\\\/\\\/news.ecclesia.org.br\\\/\",\"name\":\"Ecclesia Brasil\",\"description\":\"Desde 2003 onectando o Brasil ao mundo ortodoxo!\",\"publisher\":{\"@id\":\"https:\\\/\\\/news.ecclesia.org.br\\\/#organization\"},\"alternateName\":\"Ecclesia\",\"potentialAction\":[{\"@type\":\"SearchAction\",\"target\":{\"@type\":\"EntryPoint\",\"urlTemplate\":\"https:\\\/\\\/news.ecclesia.org.br\\\/?s={search_term_string}\"},\"query-input\":{\"@type\":\"PropertyValueSpecification\",\"valueRequired\":true,\"valueName\":\"search_term_string\"}}],\"inLanguage\":\"pt-BR\"},{\"@type\":\"Organization\",\"@id\":\"https:\\\/\\\/news.ecclesia.org.br\\\/#organization\",\"name\":\"Sacra Arquidiocese de Buenos Aires e Am\u00e9rica do Sul | Patriarcado Ecum\u00eanico\",\"alternateName\":\"News Ecclesia Brasil\",\"url\":\"https:\\\/\\\/news.ecclesia.org.br\\\/\",\"logo\":{\"@type\":\"ImageObject\",\"inLanguage\":\"pt-BR\",\"@id\":\"https:\\\/\\\/news.ecclesia.org.br\\\/#\\\/schema\\\/logo\\\/image\\\/\",\"url\":\"https:\\\/\\\/news.ecclesia.org.br\\\/wp-content\\\/uploads\\\/2025\\\/05\\\/ecclesia2.png\",\"contentUrl\":\"https:\\\/\\\/news.ecclesia.org.br\\\/wp-content\\\/uploads\\\/2025\\\/05\\\/ecclesia2.png\",\"width\":480,\"height\":120,\"caption\":\"Sacra Arquidiocese de Buenos Aires e Am\u00e9rica do Sul | Patriarcado Ecum\u00eanico\"},\"image\":{\"@id\":\"https:\\\/\\\/news.ecclesia.org.br\\\/#\\\/schema\\\/logo\\\/image\\\/\"},\"sameAs\":[\"https:\\\/\\\/www.facebook.com\\\/Ecclesia2025\",\"https:\\\/\\\/x.com\\\/EcclesiaNews\",\"https:\\\/\\\/br.pinterest.com\\\/ekklisia\\\/\",\"https:\\\/\\\/www.youtube.com\\\/@EcclesiaBrasil\"]},{\"@type\":\"Person\",\"@id\":\"https:\\\/\\\/news.ecclesia.org.br\\\/#\\\/schema\\\/person\\\/6f09597f025829745ba414a569f63758\",\"name\":\"Pe. Andr\u00e9\",\"image\":{\"@type\":\"ImageObject\",\"inLanguage\":\"pt-BR\",\"@id\":\"https:\\\/\\\/secure.gravatar.com\\\/avatar\\\/b4327cfa27e9799da239a26adcd534fc29cdc0c4a4a148eecbcfeb9b42c617ac?s=96&d=mm&r=g\",\"url\":\"https:\\\/\\\/secure.gravatar.com\\\/avatar\\\/b4327cfa27e9799da239a26adcd534fc29cdc0c4a4a148eecbcfeb9b42c617ac?s=96&d=mm&r=g\",\"contentUrl\":\"https:\\\/\\\/secure.gravatar.com\\\/avatar\\\/b4327cfa27e9799da239a26adcd534fc29cdc0c4a4a148eecbcfeb9b42c617ac?s=96&d=mm&r=g\",\"caption\":\"Pe. Andr\u00e9\"},\"sameAs\":[\"https:\\\/\\\/www.ecclesia.org.br\"]}]}<\/script>\n<!-- \/ Yoast SEO plugin. -->","yoast_head_json":{"title":"ENC\u00cdCLICA PATRIARCAL de S. S. BARTOLOMEU I, Patriarca Ecum\u00eanico, para o In\u00edcio do Ano Novo Eclesi\u00e1stico \u00abDia de Ora\u00e7\u00e3o pela Prote\u00e7\u00e3o da Cria\u00e7\u00e3o\u00bb | ECCLESIA NEWS","robots":{"index":"index","follow":"follow","max-snippet":"max-snippet:-1","max-image-preview":"max-image-preview:large","max-video-preview":"max-video-preview:-1"},"canonical":"https:\/\/news.ecclesia.org.br\/?p=26929","og_locale":"pt_BR","og_type":"article","og_title":"ENC\u00cdCLICA PATRIARCAL de S. S. BARTOLOMEU I, Patriarca Ecum\u00eanico, para o In\u00edcio do Ano Novo Eclesi\u00e1stico \u00abDia de Ora\u00e7\u00e3o pela Prote\u00e7\u00e3o da Cria\u00e7\u00e3o\u00bb | ECCLESIA NEWS","og_description":"Queridos irm\u00e3os Hierarcas e amados filhos no Senhor Com a bondade e a gra\u00e7a do Deus todo-generoso, completa hoje o trig\u00e9simo anivers\u00e1rio desde que a Santa Grande Igreja de Cristo instituiu a festa da Indic\u00e7\u00e3o e o primeiro dia do&#8230;","og_url":"https:\/\/news.ecclesia.org.br\/?p=26929","og_site_name":"ECCLESIA NEWS","article_publisher":"https:\/\/www.facebook.com\/Ecclesia2025","article_published_time":"2019-08-28T21:47:18+00:00","article_modified_time":"2020-09-22T14:59:02+00:00","og_image":[{"width":720,"height":478,"url":"https:\/\/news.ecclesia.org.br\/wp-content\/uploads\/2018\/02\/patriarca-bartolomeu-em\u00edmvro.jpg","type":"image\/jpeg"}],"author":"Pe. Andr\u00e9","twitter_card":"summary_large_image","twitter_creator":"@EcclesiaNews","twitter_site":"@EcclesiaNews","twitter_misc":{"Escrito por":"Pe. Andr\u00e9","Est. tempo de leitura":"2 minutos"},"schema":{"@context":"https:\/\/schema.org","@graph":[{"@type":"Article","@id":"https:\/\/news.ecclesia.org.br\/?p=26929#article","isPartOf":{"@id":"https:\/\/news.ecclesia.org.br\/?p=26929"},"author":{"name":"Pe. Andr\u00e9","@id":"https:\/\/news.ecclesia.org.br\/#\/schema\/person\/6f09597f025829745ba414a569f63758"},"headline":"ENC\u00cdCLICA PATRIARCAL de S. S. BARTOLOMEU I, Patriarca Ecum\u00eanico, para o In\u00edcio do Ano Novo Eclesi\u00e1stico \u00abDia de Ora\u00e7\u00e3o pela Prote\u00e7\u00e3o da Cria\u00e7\u00e3o\u00bb","datePublished":"2019-08-28T21:47:18+00:00","dateModified":"2020-09-22T14:59:02+00:00","mainEntityOfPage":{"@id":"https:\/\/news.ecclesia.org.br\/?p=26929"},"wordCount":334,"commentCount":0,"publisher":{"@id":"https:\/\/news.ecclesia.org.br\/#organization"},"image":{"@id":"https:\/\/news.ecclesia.org.br\/?p=26929#primaryimage"},"thumbnailUrl":"https:\/\/news.ecclesia.org.br\/wp-content\/uploads\/2018\/02\/patriarca-bartolomeu-em\u00edmvro.jpg","articleSection":["Arquidiocese de Buenos Aires e Am\u00e9rica do Sul","NEWS","Patriarcado Ecum\u00eanico"],"inLanguage":"pt-BR","potentialAction":[{"@type":"CommentAction","name":"Comment","target":["https:\/\/news.ecclesia.org.br\/?p=26929#respond"]}]},{"@type":"WebPage","@id":"https:\/\/news.ecclesia.org.br\/?p=26929","url":"https:\/\/news.ecclesia.org.br\/?p=26929","name":"ENC\u00cdCLICA PATRIARCAL de S. S. BARTOLOMEU I, Patriarca Ecum\u00eanico, para o In\u00edcio do Ano Novo Eclesi\u00e1stico \u00abDia de Ora\u00e7\u00e3o pela Prote\u00e7\u00e3o da Cria\u00e7\u00e3o\u00bb | ECCLESIA NEWS","isPartOf":{"@id":"https:\/\/news.ecclesia.org.br\/#website"},"primaryImageOfPage":{"@id":"https:\/\/news.ecclesia.org.br\/?p=26929#primaryimage"},"image":{"@id":"https:\/\/news.ecclesia.org.br\/?p=26929#primaryimage"},"thumbnailUrl":"https:\/\/news.ecclesia.org.br\/wp-content\/uploads\/2018\/02\/patriarca-bartolomeu-em\u00edmvro.jpg","datePublished":"2019-08-28T21:47:18+00:00","dateModified":"2020-09-22T14:59:02+00:00","breadcrumb":{"@id":"https:\/\/news.ecclesia.org.br\/?p=26929#breadcrumb"},"inLanguage":"pt-BR","potentialAction":[{"@type":"ReadAction","target":["https:\/\/news.ecclesia.org.br\/?p=26929"]}]},{"@type":"ImageObject","inLanguage":"pt-BR","@id":"https:\/\/news.ecclesia.org.br\/?p=26929#primaryimage","url":"https:\/\/news.ecclesia.org.br\/wp-content\/uploads\/2018\/02\/patriarca-bartolomeu-em\u00edmvro.jpg","contentUrl":"https:\/\/news.ecclesia.org.br\/wp-content\/uploads\/2018\/02\/patriarca-bartolomeu-em\u00edmvro.jpg","width":720,"height":478},{"@type":"BreadcrumbList","@id":"https:\/\/news.ecclesia.org.br\/?p=26929#breadcrumb","itemListElement":[{"@type":"ListItem","position":1,"name":"In\u00edcio","item":"https:\/\/news.ecclesia.org.br\/"},{"@type":"ListItem","position":2,"name":"ENC\u00cdCLICA PATRIARCAL de S. S. BARTOLOMEU I, Patriarca Ecum\u00eanico, para o In\u00edcio do Ano Novo Eclesi\u00e1stico \u00abDia de Ora\u00e7\u00e3o pela Prote\u00e7\u00e3o da Cria\u00e7\u00e3o\u00bb"}]},{"@type":"WebSite","@id":"https:\/\/news.ecclesia.org.br\/#website","url":"https:\/\/news.ecclesia.org.br\/","name":"Ecclesia Brasil","description":"Desde 2003 onectando o Brasil ao mundo ortodoxo!","publisher":{"@id":"https:\/\/news.ecclesia.org.br\/#organization"},"alternateName":"Ecclesia","potentialAction":[{"@type":"SearchAction","target":{"@type":"EntryPoint","urlTemplate":"https:\/\/news.ecclesia.org.br\/?s={search_term_string}"},"query-input":{"@type":"PropertyValueSpecification","valueRequired":true,"valueName":"search_term_string"}}],"inLanguage":"pt-BR"},{"@type":"Organization","@id":"https:\/\/news.ecclesia.org.br\/#organization","name":"Sacra Arquidiocese de Buenos Aires e Am\u00e9rica do Sul | Patriarcado Ecum\u00eanico","alternateName":"News Ecclesia Brasil","url":"https:\/\/news.ecclesia.org.br\/","logo":{"@type":"ImageObject","inLanguage":"pt-BR","@id":"https:\/\/news.ecclesia.org.br\/#\/schema\/logo\/image\/","url":"https:\/\/news.ecclesia.org.br\/wp-content\/uploads\/2025\/05\/ecclesia2.png","contentUrl":"https:\/\/news.ecclesia.org.br\/wp-content\/uploads\/2025\/05\/ecclesia2.png","width":480,"height":120,"caption":"Sacra Arquidiocese de Buenos Aires e Am\u00e9rica do Sul | Patriarcado Ecum\u00eanico"},"image":{"@id":"https:\/\/news.ecclesia.org.br\/#\/schema\/logo\/image\/"},"sameAs":["https:\/\/www.facebook.com\/Ecclesia2025","https:\/\/x.com\/EcclesiaNews","https:\/\/br.pinterest.com\/ekklisia\/","https:\/\/www.youtube.com\/@EcclesiaBrasil"]},{"@type":"Person","@id":"https:\/\/news.ecclesia.org.br\/#\/schema\/person\/6f09597f025829745ba414a569f63758","name":"Pe. Andr\u00e9","image":{"@type":"ImageObject","inLanguage":"pt-BR","@id":"https:\/\/secure.gravatar.com\/avatar\/b4327cfa27e9799da239a26adcd534fc29cdc0c4a4a148eecbcfeb9b42c617ac?s=96&d=mm&r=g","url":"https:\/\/secure.gravatar.com\/avatar\/b4327cfa27e9799da239a26adcd534fc29cdc0c4a4a148eecbcfeb9b42c617ac?s=96&d=mm&r=g","contentUrl":"https:\/\/secure.gravatar.com\/avatar\/b4327cfa27e9799da239a26adcd534fc29cdc0c4a4a148eecbcfeb9b42c617ac?s=96&d=mm&r=g","caption":"Pe. Andr\u00e9"},"sameAs":["https:\/\/www.ecclesia.org.br"]}]}},"_links":{"self":[{"href":"https:\/\/news.ecclesia.org.br\/index.php?rest_route=\/wp\/v2\/posts\/26929","targetHints":{"allow":["GET"]}}],"collection":[{"href":"https:\/\/news.ecclesia.org.br\/index.php?rest_route=\/wp\/v2\/posts"}],"about":[{"href":"https:\/\/news.ecclesia.org.br\/index.php?rest_route=\/wp\/v2\/types\/post"}],"author":[{"embeddable":true,"href":"https:\/\/news.ecclesia.org.br\/index.php?rest_route=\/wp\/v2\/users\/1"}],"replies":[{"embeddable":true,"href":"https:\/\/news.ecclesia.org.br\/index.php?rest_route=%2Fwp%2Fv2%2Fcomments&post=26929"}],"version-history":[{"count":2,"href":"https:\/\/news.ecclesia.org.br\/index.php?rest_route=\/wp\/v2\/posts\/26929\/revisions"}],"predecessor-version":[{"id":34013,"href":"https:\/\/news.ecclesia.org.br\/index.php?rest_route=\/wp\/v2\/posts\/26929\/revisions\/34013"}],"wp:featuredmedia":[{"embeddable":true,"href":"https:\/\/news.ecclesia.org.br\/index.php?rest_route=\/wp\/v2\/media\/24869"}],"wp:attachment":[{"href":"https:\/\/news.ecclesia.org.br\/index.php?rest_route=%2Fwp%2Fv2%2Fmedia&parent=26929"}],"wp:term":[{"taxonomy":"category","embeddable":true,"href":"https:\/\/news.ecclesia.org.br\/index.php?rest_route=%2Fwp%2Fv2%2Fcategories&post=26929"},{"taxonomy":"post_tag","embeddable":true,"href":"https:\/\/news.ecclesia.org.br\/index.php?rest_route=%2Fwp%2Fv2%2Ftags&post=26929"}],"curies":[{"name":"wp","href":"https:\/\/api.w.org\/{rel}","templated":true}]}}