{"id":26925,"date":"2019-08-27T23:01:04","date_gmt":"2019-08-27T23:01:04","guid":{"rendered":"https:\/\/news.ecclesia.org.br\/?p=26925"},"modified":"2021-07-27T14:44:48","modified_gmt":"2021-07-27T17:44:48","slug":"metropolita-epifanio-de-kiev-e-toda-a-ucrania-e-indicado-para-receber-o-premio-atenagoras-de-direitos-humanos-2019","status":"publish","type":"post","link":"https:\/\/news.ecclesia.org.br\/?p=26925","title":{"rendered":"Metropolita Epif\u00e2nio de Kiev e Toda a Ucr\u00e2nia \u00e9 indicado para receber o Pr\u00eamio Aten\u00e1goras de Direitos Humanos 2019"},"content":{"rendered":"<p style=\"text-align: justify;\">O Arcebispo Elpidoforo da Am\u00e9rica, Exarca do Patriarcado Ecum\u00eanico, juntamente com o Comandante Nacional Arconte Dr. Anthony J. Limberakis, far\u00e1 a entrega do Pr\u00eamio Aten\u00e1goras de Direitos Humanos a Sua Beatitude Epif\u00e2nio, Metropolita de Kiev e Toda a Ucr\u00e2nia, em evento que ter\u00e1 lugar no Hilton Midtown de Nova Iorque, em 19 de outubro pr\u00f3ximo.<\/p>\n<p style=\"text-align: justify;\">O Metropolita tem sido um forte defensor da liberdade religiosa e um importante defensor das prerrogativas eclesi\u00e1sticas e can\u00f4nicas do Patriarcado Ecum\u00eanico.<\/p>\n<p style=\"text-align: justify;\">S. E. Arcebispo Elpidoforo, saudou a escolha:<\/p>\n<blockquote>\n<p style=\"text-align: justify;\">\u201cSua Beatitude Metropolita Epif\u00e2nio tem sido um firme defensor da liberdade religiosa do Patriarcado Ecum\u00eanico, mesmo que suas prerrogativas tenham sido contestadas e at\u00e9 mesmo rejeitadas por alguns, ou posta sob tremenda press\u00e3o por outros. Na Ucr\u00e2nia, ele j\u00e1 mostrou sabedoria salom\u00f4nica necess\u00e1ria para reunir a Igreja, retornar \u00e0 unidade eucar\u00edstica e estabelec\u00ea-la como membro integrante do grupo de igrejas ortodoxas autoc\u00e9falas em todo o mundo\u201d.<\/p>\n<\/blockquote>\n<p style=\"text-align: justify;\">Ao reconhecer o longo hist\u00f3rico de defesa do Patriarcado Ecum\u00eanico da Metropolita Epif\u00e2nio, o Comandante Nacional Limberakis observou:<\/p>\n<blockquote>\n<p style=\"text-align: justify;\">\u201cImediatamente ap\u00f3s a conclus\u00e3o bem sucedida do trabalho do S\u00ednodo Unificador que foi convocado em Kiev, em dezembro de 2018, e que escolheu o Metropolita Epif\u00e2nio como Primaz da Igreja Ortodoxa autoc\u00e9fala e rec\u00e9m-unificada na Ucr\u00e2nia, Sua Beatitude contatou o Patriarca Ecum\u00eanico, S. Santidade Bartolomeu, a fim de expressar seu respeito e pedir os bons votos e b\u00ean\u00e7\u00e3os da Igreja M\u00e3e para que seu minist\u00e9rio primacial produzisse bons frutos. Isto sintetizou a compreens\u00e3o de Sua Beatitude da posi\u00e7\u00e3o can\u00f4nica do Patriarcado Ecum\u00eanico na Igreja, e seu profundo respeito e amor por Sua Santidade\u201d.<\/p>\n<\/blockquote>\n<p style=\"text-align: justify;\">O Metropolita Epif\u00e2nio foi eleito pelos bispos das tr\u00eas Igrejas Ortodoxas divididas da Ucr\u00e2nia em um conc\u00edlio de unidade em 15 de dezembro de 2018. Em 6 de janeiro de 2019, o Patriarca Ecum\u00eanico, S. Santidade Bartolomeu I assinou o Tomos da Autocefalia para a Igreja Ortodoxa na Ucr\u00e2nia, estabelecendo formalmente a d\u00e9cima quinta igreja ortodoxa autoc\u00e9fala do mundo.<\/p>\n<p style=\"text-align: justify;\">O Pr\u00eamio Aten\u00e1goras de Direitos Humanos foi criado em 1986 pelo Conselho Nacional da Ordem de Santo Andr\u00e9 Ap\u00f3stolo, Arcontes do Patriarcado Ecum\u00eanico na Am\u00e9rica. O pr\u00eamio recebeu o nome de um dos grandes l\u00edderes da Igreja do s\u00e9culo XX, o Patriarca Ecum\u00eanico de Constantinopla, Aten\u00e1goras I, de santa mem\u00f3ria.<\/p>\n<p style=\"text-align: justify;\">O Pr\u00eamio \u00e9 concedido anualmente no Banquete Anual da Ordem para uma pessoa ou organiza\u00e7\u00e3o que tenha, de maneira consistente, dado exemplo, pela a\u00e7\u00e3o, prop\u00f3sito e dedica\u00e7\u00e3o, de sua preocupa\u00e7\u00e3o com os direitos b\u00e1sicos e a liberdade religiosa de todas as pessoas. Entre os que receberam em anos anteriores est\u00e3o: Sua Emin\u00eancia Dem\u00e9trio, ex-arcebispo da Am\u00e9rica; Sua Emin\u00eancia Iakovos, ex-arcebispo da Arquidiocese da Am\u00e9rica do Norte e do Sul; ex-presidente Jimmy Carter; o ex-presidente George W. Bush e a primeira-dama Barbara Bush; ex-vice-presidente Joseph Biden; O governador de Nova York, Andrew Cuomo; o Nobel e ex-l\u00edder sovi\u00e9tico Mikhail Gorbachev; O Nobel Elie Wiesel; e Madre Teresa de Calcut\u00e1.<\/p>\n<hr \/>\n<p style=\"text-align: right;\">Fonte:<a href=\"https:\/\/www.archons.org\/-\/2019athenagoras-recipient\" target=\"_blank\" rel=\"noopener noreferrer\">Archons.org<\/a><\/p>\n","protected":false},"excerpt":{"rendered":"<p>O Arcebispo Elpidoforo da Am\u00e9rica, Exarca do Patriarcado Ecum\u00eanico, juntamente com o Comandante Nacional Arconte Dr. Anthony J. Limberakis, far\u00e1 a entrega do Pr\u00eamio Aten\u00e1goras de Direitos Humanos a Sua Beatitude Epif\u00e2nio, Metropolita de Kiev e Toda a Ucr\u00e2nia, em&#8230;<\/p>\n","protected":false},"author":1,"featured_media":26926,"comment_status":"open","ping_status":"open","sticky":false,"template":"","format":"standard","meta":{"_acf_changed":false,"footnotes":""},"categories":[72],"tags":[],"class_list":["post-26925","post","type-post","status-publish","format-standard","has-post-thumbnail","hentry","category-patriarcado-ecumenico","entry","rows-excerpt"],"acf":[],"yoast_head":"<!-- This site is optimized with the Yoast SEO plugin v27.4 - https:\/\/yoast.com\/product\/yoast-seo-wordpress\/ -->\n<title>Metropolita Epif\u00e2nio de Kiev e Toda a Ucr\u00e2nia \u00e9 indicado para receber o Pr\u00eamio Aten\u00e1goras de Direitos Humanos 2019 | ECCLESIA NEWS<\/title>\n<meta name=\"robots\" content=\"index, follow, max-snippet:-1, max-image-preview:large, max-video-preview:-1\" \/>\n<link rel=\"canonical\" href=\"https:\/\/news.ecclesia.org.br\/?p=26925\" \/>\n<meta property=\"og:locale\" content=\"pt_BR\" \/>\n<meta property=\"og:type\" content=\"article\" \/>\n<meta property=\"og:title\" content=\"Metropolita Epif\u00e2nio de Kiev e Toda a Ucr\u00e2nia \u00e9 indicado para receber o Pr\u00eamio Aten\u00e1goras de Direitos Humanos 2019 | ECCLESIA NEWS\" \/>\n<meta property=\"og:description\" content=\"O Arcebispo Elpidoforo da Am\u00e9rica, Exarca do Patriarcado Ecum\u00eanico, juntamente com o Comandante Nacional Arconte Dr. Anthony J. Limberakis, far\u00e1 a entrega do Pr\u00eamio Aten\u00e1goras de Direitos Humanos a Sua Beatitude Epif\u00e2nio, Metropolita de Kiev e Toda a Ucr\u00e2nia, em&#8230;\" \/>\n<meta property=\"og:url\" content=\"https:\/\/news.ecclesia.org.br\/?p=26925\" \/>\n<meta property=\"og:site_name\" content=\"ECCLESIA NEWS\" \/>\n<meta property=\"article:publisher\" content=\"https:\/\/www.facebook.com\/Ecclesia2025\" \/>\n<meta property=\"article:published_time\" content=\"2019-08-27T23:01:04+00:00\" \/>\n<meta property=\"article:modified_time\" content=\"2021-07-27T17:44:48+00:00\" \/>\n<meta property=\"og:image\" content=\"https:\/\/news.ecclesia.org.br\/wp-content\/uploads\/2019\/08\/Metropolitan-Epiphanios-of-Ukraine.jpg\" \/>\n\t<meta property=\"og:image:width\" content=\"1200\" \/>\n\t<meta property=\"og:image:height\" content=\"800\" \/>\n\t<meta property=\"og:image:type\" content=\"image\/jpeg\" \/>\n<meta name=\"author\" content=\"Pe. Andr\u00e9\" \/>\n<meta name=\"twitter:card\" content=\"summary_large_image\" \/>\n<meta name=\"twitter:creator\" content=\"@EcclesiaNews\" \/>\n<meta name=\"twitter:site\" content=\"@EcclesiaNews\" \/>\n<meta name=\"twitter:label1\" content=\"Escrito por\" \/>\n\t<meta name=\"twitter:data1\" content=\"Pe. Andr\u00e9\" \/>\n\t<meta name=\"twitter:label2\" content=\"Est. tempo de leitura\" \/>\n\t<meta name=\"twitter:data2\" content=\"3 minutos\" \/>\n<script type=\"application\/ld+json\" class=\"yoast-schema-graph\">{\"@context\":\"https:\\\/\\\/schema.org\",\"@graph\":[{\"@type\":\"Article\",\"@id\":\"https:\\\/\\\/news.ecclesia.org.br\\\/?p=26925#article\",\"isPartOf\":{\"@id\":\"https:\\\/\\\/news.ecclesia.org.br\\\/?p=26925\"},\"author\":{\"name\":\"Pe. Andr\u00e9\",\"@id\":\"https:\\\/\\\/news.ecclesia.org.br\\\/#\\\/schema\\\/person\\\/6f09597f025829745ba414a569f63758\"},\"headline\":\"Metropolita Epif\u00e2nio de Kiev e Toda a Ucr\u00e2nia \u00e9 indicado para receber o Pr\u00eamio Aten\u00e1goras de Direitos Humanos 2019\",\"datePublished\":\"2019-08-27T23:01:04+00:00\",\"dateModified\":\"2021-07-27T17:44:48+00:00\",\"mainEntityOfPage\":{\"@id\":\"https:\\\/\\\/news.ecclesia.org.br\\\/?p=26925\"},\"wordCount\":565,\"commentCount\":0,\"publisher\":{\"@id\":\"https:\\\/\\\/news.ecclesia.org.br\\\/#organization\"},\"image\":{\"@id\":\"https:\\\/\\\/news.ecclesia.org.br\\\/?p=26925#primaryimage\"},\"thumbnailUrl\":\"https:\\\/\\\/news.ecclesia.org.br\\\/wp-content\\\/uploads\\\/2019\\\/08\\\/Metropolitan-Epiphanios-of-Ukraine.jpg\",\"articleSection\":[\"Patriarcado Ecum\u00eanico\"],\"inLanguage\":\"pt-BR\",\"potentialAction\":[{\"@type\":\"CommentAction\",\"name\":\"Comment\",\"target\":[\"https:\\\/\\\/news.ecclesia.org.br\\\/?p=26925#respond\"]}]},{\"@type\":\"WebPage\",\"@id\":\"https:\\\/\\\/news.ecclesia.org.br\\\/?p=26925\",\"url\":\"https:\\\/\\\/news.ecclesia.org.br\\\/?p=26925\",\"name\":\"Metropolita Epif\u00e2nio de Kiev e Toda a Ucr\u00e2nia \u00e9 indicado para receber o Pr\u00eamio Aten\u00e1goras de Direitos Humanos 2019 | ECCLESIA NEWS\",\"isPartOf\":{\"@id\":\"https:\\\/\\\/news.ecclesia.org.br\\\/#website\"},\"primaryImageOfPage\":{\"@id\":\"https:\\\/\\\/news.ecclesia.org.br\\\/?p=26925#primaryimage\"},\"image\":{\"@id\":\"https:\\\/\\\/news.ecclesia.org.br\\\/?p=26925#primaryimage\"},\"thumbnailUrl\":\"https:\\\/\\\/news.ecclesia.org.br\\\/wp-content\\\/uploads\\\/2019\\\/08\\\/Metropolitan-Epiphanios-of-Ukraine.jpg\",\"datePublished\":\"2019-08-27T23:01:04+00:00\",\"dateModified\":\"2021-07-27T17:44:48+00:00\",\"breadcrumb\":{\"@id\":\"https:\\\/\\\/news.ecclesia.org.br\\\/?p=26925#breadcrumb\"},\"inLanguage\":\"pt-BR\",\"potentialAction\":[{\"@type\":\"ReadAction\",\"target\":[\"https:\\\/\\\/news.ecclesia.org.br\\\/?p=26925\"]}]},{\"@type\":\"ImageObject\",\"inLanguage\":\"pt-BR\",\"@id\":\"https:\\\/\\\/news.ecclesia.org.br\\\/?p=26925#primaryimage\",\"url\":\"https:\\\/\\\/news.ecclesia.org.br\\\/wp-content\\\/uploads\\\/2019\\\/08\\\/Metropolitan-Epiphanios-of-Ukraine.jpg\",\"contentUrl\":\"https:\\\/\\\/news.ecclesia.org.br\\\/wp-content\\\/uploads\\\/2019\\\/08\\\/Metropolitan-Epiphanios-of-Ukraine.jpg\",\"width\":1200,\"height\":800,\"caption\":\"S. B. Epif\u00e2nio da Ucr\u00e2nia com o Patriarca Ecum\u00eanico, S. Santidade Bartolomeu I na assinatura do Tomo de Autocefalia, em 5 de janeiro de 2019, que concedeu independ\u00eancia total \u00e0 Igreja da Ucr\u00e2nia. \u00a9 Foto de M. Lazarenko\"},{\"@type\":\"BreadcrumbList\",\"@id\":\"https:\\\/\\\/news.ecclesia.org.br\\\/?p=26925#breadcrumb\",\"itemListElement\":[{\"@type\":\"ListItem\",\"position\":1,\"name\":\"In\u00edcio\",\"item\":\"https:\\\/\\\/news.ecclesia.org.br\\\/\"},{\"@type\":\"ListItem\",\"position\":2,\"name\":\"Metropolita Epif\u00e2nio de Kiev e Toda a Ucr\u00e2nia \u00e9 indicado para receber o Pr\u00eamio Aten\u00e1goras de Direitos Humanos 2019\"}]},{\"@type\":\"WebSite\",\"@id\":\"https:\\\/\\\/news.ecclesia.org.br\\\/#website\",\"url\":\"https:\\\/\\\/news.ecclesia.org.br\\\/\",\"name\":\"Ecclesia Brasil\",\"description\":\"Desde 2003 onectando o Brasil ao mundo ortodoxo!\",\"publisher\":{\"@id\":\"https:\\\/\\\/news.ecclesia.org.br\\\/#organization\"},\"alternateName\":\"Ecclesia\",\"potentialAction\":[{\"@type\":\"SearchAction\",\"target\":{\"@type\":\"EntryPoint\",\"urlTemplate\":\"https:\\\/\\\/news.ecclesia.org.br\\\/?s={search_term_string}\"},\"query-input\":{\"@type\":\"PropertyValueSpecification\",\"valueRequired\":true,\"valueName\":\"search_term_string\"}}],\"inLanguage\":\"pt-BR\"},{\"@type\":\"Organization\",\"@id\":\"https:\\\/\\\/news.ecclesia.org.br\\\/#organization\",\"name\":\"Sacra Arquidiocese de Buenos Aires e Am\u00e9rica do Sul | Patriarcado Ecum\u00eanico\",\"alternateName\":\"News Ecclesia Brasil\",\"url\":\"https:\\\/\\\/news.ecclesia.org.br\\\/\",\"logo\":{\"@type\":\"ImageObject\",\"inLanguage\":\"pt-BR\",\"@id\":\"https:\\\/\\\/news.ecclesia.org.br\\\/#\\\/schema\\\/logo\\\/image\\\/\",\"url\":\"https:\\\/\\\/news.ecclesia.org.br\\\/wp-content\\\/uploads\\\/2025\\\/05\\\/ecclesia2.png\",\"contentUrl\":\"https:\\\/\\\/news.ecclesia.org.br\\\/wp-content\\\/uploads\\\/2025\\\/05\\\/ecclesia2.png\",\"width\":480,\"height\":120,\"caption\":\"Sacra Arquidiocese de Buenos Aires e Am\u00e9rica do Sul | Patriarcado Ecum\u00eanico\"},\"image\":{\"@id\":\"https:\\\/\\\/news.ecclesia.org.br\\\/#\\\/schema\\\/logo\\\/image\\\/\"},\"sameAs\":[\"https:\\\/\\\/www.facebook.com\\\/Ecclesia2025\",\"https:\\\/\\\/x.com\\\/EcclesiaNews\",\"https:\\\/\\\/br.pinterest.com\\\/ekklisia\\\/\",\"https:\\\/\\\/www.youtube.com\\\/@EcclesiaBrasil\"]},{\"@type\":\"Person\",\"@id\":\"https:\\\/\\\/news.ecclesia.org.br\\\/#\\\/schema\\\/person\\\/6f09597f025829745ba414a569f63758\",\"name\":\"Pe. Andr\u00e9\",\"image\":{\"@type\":\"ImageObject\",\"inLanguage\":\"pt-BR\",\"@id\":\"https:\\\/\\\/secure.gravatar.com\\\/avatar\\\/b4327cfa27e9799da239a26adcd534fc29cdc0c4a4a148eecbcfeb9b42c617ac?s=96&d=mm&r=g\",\"url\":\"https:\\\/\\\/secure.gravatar.com\\\/avatar\\\/b4327cfa27e9799da239a26adcd534fc29cdc0c4a4a148eecbcfeb9b42c617ac?s=96&d=mm&r=g\",\"contentUrl\":\"https:\\\/\\\/secure.gravatar.com\\\/avatar\\\/b4327cfa27e9799da239a26adcd534fc29cdc0c4a4a148eecbcfeb9b42c617ac?s=96&d=mm&r=g\",\"caption\":\"Pe. Andr\u00e9\"},\"sameAs\":[\"https:\\\/\\\/www.ecclesia.org.br\"]}]}<\/script>\n<!-- \/ Yoast SEO plugin. -->","yoast_head_json":{"title":"Metropolita Epif\u00e2nio de Kiev e Toda a Ucr\u00e2nia \u00e9 indicado para receber o Pr\u00eamio Aten\u00e1goras de Direitos Humanos 2019 | ECCLESIA NEWS","robots":{"index":"index","follow":"follow","max-snippet":"max-snippet:-1","max-image-preview":"max-image-preview:large","max-video-preview":"max-video-preview:-1"},"canonical":"https:\/\/news.ecclesia.org.br\/?p=26925","og_locale":"pt_BR","og_type":"article","og_title":"Metropolita Epif\u00e2nio de Kiev e Toda a Ucr\u00e2nia \u00e9 indicado para receber o Pr\u00eamio Aten\u00e1goras de Direitos Humanos 2019 | ECCLESIA NEWS","og_description":"O Arcebispo Elpidoforo da Am\u00e9rica, Exarca do Patriarcado Ecum\u00eanico, juntamente com o Comandante Nacional Arconte Dr. Anthony J. Limberakis, far\u00e1 a entrega do Pr\u00eamio Aten\u00e1goras de Direitos Humanos a Sua Beatitude Epif\u00e2nio, Metropolita de Kiev e Toda a Ucr\u00e2nia, em&#8230;","og_url":"https:\/\/news.ecclesia.org.br\/?p=26925","og_site_name":"ECCLESIA NEWS","article_publisher":"https:\/\/www.facebook.com\/Ecclesia2025","article_published_time":"2019-08-27T23:01:04+00:00","article_modified_time":"2021-07-27T17:44:48+00:00","og_image":[{"width":1200,"height":800,"url":"https:\/\/news.ecclesia.org.br\/wp-content\/uploads\/2019\/08\/Metropolitan-Epiphanios-of-Ukraine.jpg","type":"image\/jpeg"}],"author":"Pe. Andr\u00e9","twitter_card":"summary_large_image","twitter_creator":"@EcclesiaNews","twitter_site":"@EcclesiaNews","twitter_misc":{"Escrito por":"Pe. Andr\u00e9","Est. tempo de leitura":"3 minutos"},"schema":{"@context":"https:\/\/schema.org","@graph":[{"@type":"Article","@id":"https:\/\/news.ecclesia.org.br\/?p=26925#article","isPartOf":{"@id":"https:\/\/news.ecclesia.org.br\/?p=26925"},"author":{"name":"Pe. Andr\u00e9","@id":"https:\/\/news.ecclesia.org.br\/#\/schema\/person\/6f09597f025829745ba414a569f63758"},"headline":"Metropolita Epif\u00e2nio de Kiev e Toda a Ucr\u00e2nia \u00e9 indicado para receber o Pr\u00eamio Aten\u00e1goras de Direitos Humanos 2019","datePublished":"2019-08-27T23:01:04+00:00","dateModified":"2021-07-27T17:44:48+00:00","mainEntityOfPage":{"@id":"https:\/\/news.ecclesia.org.br\/?p=26925"},"wordCount":565,"commentCount":0,"publisher":{"@id":"https:\/\/news.ecclesia.org.br\/#organization"},"image":{"@id":"https:\/\/news.ecclesia.org.br\/?p=26925#primaryimage"},"thumbnailUrl":"https:\/\/news.ecclesia.org.br\/wp-content\/uploads\/2019\/08\/Metropolitan-Epiphanios-of-Ukraine.jpg","articleSection":["Patriarcado Ecum\u00eanico"],"inLanguage":"pt-BR","potentialAction":[{"@type":"CommentAction","name":"Comment","target":["https:\/\/news.ecclesia.org.br\/?p=26925#respond"]}]},{"@type":"WebPage","@id":"https:\/\/news.ecclesia.org.br\/?p=26925","url":"https:\/\/news.ecclesia.org.br\/?p=26925","name":"Metropolita Epif\u00e2nio de Kiev e Toda a Ucr\u00e2nia \u00e9 indicado para receber o Pr\u00eamio Aten\u00e1goras de Direitos Humanos 2019 | ECCLESIA NEWS","isPartOf":{"@id":"https:\/\/news.ecclesia.org.br\/#website"},"primaryImageOfPage":{"@id":"https:\/\/news.ecclesia.org.br\/?p=26925#primaryimage"},"image":{"@id":"https:\/\/news.ecclesia.org.br\/?p=26925#primaryimage"},"thumbnailUrl":"https:\/\/news.ecclesia.org.br\/wp-content\/uploads\/2019\/08\/Metropolitan-Epiphanios-of-Ukraine.jpg","datePublished":"2019-08-27T23:01:04+00:00","dateModified":"2021-07-27T17:44:48+00:00","breadcrumb":{"@id":"https:\/\/news.ecclesia.org.br\/?p=26925#breadcrumb"},"inLanguage":"pt-BR","potentialAction":[{"@type":"ReadAction","target":["https:\/\/news.ecclesia.org.br\/?p=26925"]}]},{"@type":"ImageObject","inLanguage":"pt-BR","@id":"https:\/\/news.ecclesia.org.br\/?p=26925#primaryimage","url":"https:\/\/news.ecclesia.org.br\/wp-content\/uploads\/2019\/08\/Metropolitan-Epiphanios-of-Ukraine.jpg","contentUrl":"https:\/\/news.ecclesia.org.br\/wp-content\/uploads\/2019\/08\/Metropolitan-Epiphanios-of-Ukraine.jpg","width":1200,"height":800,"caption":"S. B. Epif\u00e2nio da Ucr\u00e2nia com o Patriarca Ecum\u00eanico, S. Santidade Bartolomeu I na assinatura do Tomo de Autocefalia, em 5 de janeiro de 2019, que concedeu independ\u00eancia total \u00e0 Igreja da Ucr\u00e2nia. \u00a9 Foto de M. Lazarenko"},{"@type":"BreadcrumbList","@id":"https:\/\/news.ecclesia.org.br\/?p=26925#breadcrumb","itemListElement":[{"@type":"ListItem","position":1,"name":"In\u00edcio","item":"https:\/\/news.ecclesia.org.br\/"},{"@type":"ListItem","position":2,"name":"Metropolita Epif\u00e2nio de Kiev e Toda a Ucr\u00e2nia \u00e9 indicado para receber o Pr\u00eamio Aten\u00e1goras de Direitos Humanos 2019"}]},{"@type":"WebSite","@id":"https:\/\/news.ecclesia.org.br\/#website","url":"https:\/\/news.ecclesia.org.br\/","name":"Ecclesia Brasil","description":"Desde 2003 onectando o Brasil ao mundo ortodoxo!","publisher":{"@id":"https:\/\/news.ecclesia.org.br\/#organization"},"alternateName":"Ecclesia","potentialAction":[{"@type":"SearchAction","target":{"@type":"EntryPoint","urlTemplate":"https:\/\/news.ecclesia.org.br\/?s={search_term_string}"},"query-input":{"@type":"PropertyValueSpecification","valueRequired":true,"valueName":"search_term_string"}}],"inLanguage":"pt-BR"},{"@type":"Organization","@id":"https:\/\/news.ecclesia.org.br\/#organization","name":"Sacra Arquidiocese de Buenos Aires e Am\u00e9rica do Sul | Patriarcado Ecum\u00eanico","alternateName":"News Ecclesia Brasil","url":"https:\/\/news.ecclesia.org.br\/","logo":{"@type":"ImageObject","inLanguage":"pt-BR","@id":"https:\/\/news.ecclesia.org.br\/#\/schema\/logo\/image\/","url":"https:\/\/news.ecclesia.org.br\/wp-content\/uploads\/2025\/05\/ecclesia2.png","contentUrl":"https:\/\/news.ecclesia.org.br\/wp-content\/uploads\/2025\/05\/ecclesia2.png","width":480,"height":120,"caption":"Sacra Arquidiocese de Buenos Aires e Am\u00e9rica do Sul | Patriarcado Ecum\u00eanico"},"image":{"@id":"https:\/\/news.ecclesia.org.br\/#\/schema\/logo\/image\/"},"sameAs":["https:\/\/www.facebook.com\/Ecclesia2025","https:\/\/x.com\/EcclesiaNews","https:\/\/br.pinterest.com\/ekklisia\/","https:\/\/www.youtube.com\/@EcclesiaBrasil"]},{"@type":"Person","@id":"https:\/\/news.ecclesia.org.br\/#\/schema\/person\/6f09597f025829745ba414a569f63758","name":"Pe. Andr\u00e9","image":{"@type":"ImageObject","inLanguage":"pt-BR","@id":"https:\/\/secure.gravatar.com\/avatar\/b4327cfa27e9799da239a26adcd534fc29cdc0c4a4a148eecbcfeb9b42c617ac?s=96&d=mm&r=g","url":"https:\/\/secure.gravatar.com\/avatar\/b4327cfa27e9799da239a26adcd534fc29cdc0c4a4a148eecbcfeb9b42c617ac?s=96&d=mm&r=g","contentUrl":"https:\/\/secure.gravatar.com\/avatar\/b4327cfa27e9799da239a26adcd534fc29cdc0c4a4a148eecbcfeb9b42c617ac?s=96&d=mm&r=g","caption":"Pe. Andr\u00e9"},"sameAs":["https:\/\/www.ecclesia.org.br"]}]}},"_links":{"self":[{"href":"https:\/\/news.ecclesia.org.br\/index.php?rest_route=\/wp\/v2\/posts\/26925","targetHints":{"allow":["GET"]}}],"collection":[{"href":"https:\/\/news.ecclesia.org.br\/index.php?rest_route=\/wp\/v2\/posts"}],"about":[{"href":"https:\/\/news.ecclesia.org.br\/index.php?rest_route=\/wp\/v2\/types\/post"}],"author":[{"embeddable":true,"href":"https:\/\/news.ecclesia.org.br\/index.php?rest_route=\/wp\/v2\/users\/1"}],"replies":[{"embeddable":true,"href":"https:\/\/news.ecclesia.org.br\/index.php?rest_route=%2Fwp%2Fv2%2Fcomments&post=26925"}],"version-history":[{"count":1,"href":"https:\/\/news.ecclesia.org.br\/index.php?rest_route=\/wp\/v2\/posts\/26925\/revisions"}],"predecessor-version":[{"id":38578,"href":"https:\/\/news.ecclesia.org.br\/index.php?rest_route=\/wp\/v2\/posts\/26925\/revisions\/38578"}],"wp:featuredmedia":[{"embeddable":true,"href":"https:\/\/news.ecclesia.org.br\/index.php?rest_route=\/wp\/v2\/media\/26926"}],"wp:attachment":[{"href":"https:\/\/news.ecclesia.org.br\/index.php?rest_route=%2Fwp%2Fv2%2Fmedia&parent=26925"}],"wp:term":[{"taxonomy":"category","embeddable":true,"href":"https:\/\/news.ecclesia.org.br\/index.php?rest_route=%2Fwp%2Fv2%2Fcategories&post=26925"},{"taxonomy":"post_tag","embeddable":true,"href":"https:\/\/news.ecclesia.org.br\/index.php?rest_route=%2Fwp%2Fv2%2Ftags&post=26925"}],"curies":[{"name":"wp","href":"https:\/\/api.w.org\/{rel}","templated":true}]}}