{"id":26907,"date":"2019-08-26T15:37:47","date_gmt":"2019-08-26T15:37:47","guid":{"rendered":"https:\/\/news.ecclesia.org.br\/?p=26907"},"modified":"2020-06-13T13:21:46","modified_gmt":"2020-06-13T13:21:46","slug":"%e2%9c%a0-nota-de-falecimento-%e2%9c%a0","status":"publish","type":"post","link":"https:\/\/news.ecclesia.org.br\/?p=26907","title":{"rendered":"\u2720 NOTA DE FALECIMENTO \u2720"},"content":{"rendered":"<blockquote>\n<p style=\"text-align: justify;\"><strong><em>Diz-se que \u00ablendas n\u00e3o morrem\u00bb e, com raz\u00e3o.<br \/>\nA hist\u00f3ria do Sr. Pete ser\u00e1 contada e repetida muitas vezes&#8230;<\/em><\/strong><\/p>\n<\/blockquote>\n<p style=\"text-align: justify;\">Uma nobre e preciosa alma, o Sr. Pedro C. Anton, \u00abjovem\u00bb de 94 anos, chamado carinhosamente por todos de \u00abPete\u00bb, partiu para os bra\u00e7os amorosos de nosso Eterno Pai e Senhor, Jesus Cristo no \u00faltimo dia 17 de agosto de 2019. Diz-se que \u00ablendas n\u00e3o morrem\u00bb e, com raz\u00e3o. Sua hist\u00f3ria ser\u00e1 certamente contada e repetida por gera\u00e7\u00f5es como algu\u00e9m que tocou tantas pessoas com amor e humildade. Pedro era de fato uma \u00ablenda\u00bb, apaixonado pelo<a href=\"https:\/\/pt.wikipedia.org\/wiki\/San_Antonio_Spurs\" target=\"_blank\" rel=\"noopener noreferrer\"><em> San Antonio Spurs<\/em><\/a>, funcion\u00e1rio mais antigo da NBA e, do <em>San Antonio Spurs<\/em>, desde sua inaugura\u00e7\u00e3o, h\u00e1 46 anos. Era um apaixonado pelo basquete. O <em>Spurs<\/em>* era como sua \u00abfam\u00edlia\u00bb.<\/p>\n<figure id=\"attachment_26910\" aria-describedby=\"caption-attachment-26910\" style=\"width: 263px\" class=\"wp-caption alignleft\"><a href=\"https:\/\/news.ecclesia.org.br\/wp-content\/uploads\/2019\/08\/Peter-C.-Anton.jpg\"><img fetchpriority=\"high\" decoding=\"async\" class=\"size-medium wp-image-26910\" src=\"https:\/\/news.ecclesia.org.br\/wp-content\/uploads\/2019\/08\/Peter-C.-Anton-263x300.jpg\" alt=\"\" width=\"263\" height=\"300\" srcset=\"https:\/\/news.ecclesia.org.br\/wp-content\/uploads\/2019\/08\/Peter-C.-Anton-263x300.jpg 263w, https:\/\/news.ecclesia.org.br\/wp-content\/uploads\/2019\/08\/Peter-C.-Anton-48x55.jpg 48w, https:\/\/news.ecclesia.org.br\/wp-content\/uploads\/2019\/08\/Peter-C.-Anton.jpg 280w\" sizes=\"(max-width: 263px) 100vw, 263px\" \/><\/a><figcaption id=\"caption-attachment-26910\" class=\"wp-caption-text\">Sr. Peter C. Anton<\/figcaption><\/figure>\n<p style=\"text-align: justify;\">Pete nasceu em East Chicago, Indiana, em 11 de maio de 1925. Era filho de pais imigrantes gregos, Gust e Europa Antonopoulos. Foi precedido na morte por sua esposa Angela Vamvoras Anton, 49 anos e seus irm\u00e3os, Demetrios, George, Christopher, Arist\u00f3teles e Angie. Pete deixa filhos: Sua Emin\u00eancia Arcebispo Tarasios, Metropolita de Buenos Aires Primaz e Exarca da Am\u00e9rica do Sul &#8211; Patriarcado Ecum\u00eanico; Sra. Irene F. Pavlovsky e c\u00f4njuge James Anthony de Katy, TX.; o neto Sargento Arthur Pavlovsky, da Marinha dos EUA, e sua esposa Vanessa, quatro bisnetos: Izaiha, Sophia, Aubrey e Zoey; sobrinhos, sobrinhos-netos e filhos espirituais.<\/p>\n<p style=\"text-align: justify;\">Em 1996, o Sr. Peter C. Anton foi designado Arconte da Santa e Grande Igreja de Cristo por Sua Santidade, o Patriarca Ecum\u00eanico Bartolomeu de Constantinopla, uma honra que recebeu com grande orgulho espiritual. Era tamb\u00e9m membro da AHEPA (Associa\u00e7\u00e3o Educacional e Filantr\u00f3pica Hel\u00eanica-Americana) e um fiel devoto da Igreja Ortodoxa Grega de Santa Sophia, tendo servido em seu conselho paroquial como presidente e membro.<\/p>\n<p style=\"text-align: justify;\">O vel\u00f3rio teve in\u00edcio \u00e0s 13 horas da \u00faltima ter\u00e7a-feira, 20 de agosto, no <em>Porter Loring Mortuary<\/em>. O Trisaghion foi realizado \u00e0s 19:00 de quarta-feira, 21 de agosto, na casa funer\u00e1ria. O funeral ocorreu na quinta-feira, 22 de agosto, \u00e0s 10:00 horas, na Igreja Ortodoxa Grega de Santa Sofia. Os Servi\u00e7os Funer\u00e1rios foram celebrados por Sua Emin\u00eancia Isa\u00edas, Metropolita de Denver, representando o Patriarca Ecum\u00eanico Bartolomeu, Sua Emin\u00eancia o Arcebispo Metropolitano Tarasios, numerosos cl\u00e9rigos locais e visitantes.<\/p>\n<p style=\"text-align: justify;\">Prestando \u00faltima homenagem ao Sr. Pete, conduziram a urna funer\u00e1ria para o sepultamento: Nick Anthony, Tony Kylitis, Kris Davis, Jordan Howenstine, James Anthony Pavlovsky e Dean Danas. O cortejo foi precedido pelo clero, seguido pelo ilustre funcion\u00e1rio da Marinha dos EUA, Sargent Arthur Pavlovsky. O \u00abMakaria\u00bb (\u00c1gape Funeral) foi realizado ap\u00f3s o sepultamento no Sal\u00e3o Comunit\u00e1rio de Santa Sofia. A fam\u00edlia, sensibilizada, agradece \u00e0s Rev.da Irm\u00e3 Samuela e todos aqueles que, com ela, no lar de idosos S\u00e3o Francisco, ajudaram na passagem espiritual e pac\u00edfica da alma de nosso pai para a sua nova morada, entre os santos, no Reino dos C\u00e9us.<\/p>\n<p style=\"text-align: center;\">\u0391\u0399\u03a9\u039d\u0399\u0391 \u039c\u039d\u0397\u039c\u0397!<br \/>\nQUE SUA MEM\u00d3RIA SEJA ETERNA!<\/p>\n<p style=\"text-align: center;\">* * *<\/p>\n<p style=\"text-align: center;\">Sr. Peter C. Anton<br \/>\n\u2217 11 de maio de 1925 &#8211; \u2020 17 de agosto de 2019<br \/>\nSan Antonio, Texas<\/p>\n","protected":false},"excerpt":{"rendered":"<p>Diz-se que \u00ablendas n\u00e3o morrem\u00bb e, com raz\u00e3o. A hist\u00f3ria do Sr. Pete ser\u00e1 contada e repetida muitas vezes&#8230; Uma nobre e preciosa alma, o Sr. Pedro C. Anton, \u00abjovem\u00bb de 94 anos, chamado carinhosamente por todos de \u00abPete\u00bb, partiu&#8230;<\/p>\n","protected":false},"author":1,"featured_media":0,"comment_status":"open","ping_status":"open","sticky":false,"template":"","format":"standard","meta":{"_acf_changed":false,"footnotes":""},"categories":[40],"tags":[],"class_list":["post-26907","post","type-post","status-publish","format-standard","hentry","category-arquidiocese-de-buenos-aires-e-america-do-sul","entry","rows-excerpt"],"acf":[],"yoast_head":"<!-- This site is optimized with the Yoast SEO plugin v27.4 - https:\/\/yoast.com\/product\/yoast-seo-wordpress\/ -->\n<title>\u2720 NOTA DE FALECIMENTO \u2720 | ECCLESIA NEWS<\/title>\n<meta name=\"robots\" content=\"index, follow, max-snippet:-1, max-image-preview:large, max-video-preview:-1\" \/>\n<link rel=\"canonical\" href=\"https:\/\/news.ecclesia.org.br\/?p=26907\" \/>\n<meta property=\"og:locale\" content=\"pt_BR\" \/>\n<meta property=\"og:type\" content=\"article\" \/>\n<meta property=\"og:title\" content=\"\u2720 NOTA DE FALECIMENTO \u2720 | ECCLESIA NEWS\" \/>\n<meta property=\"og:description\" content=\"Diz-se que \u00ablendas n\u00e3o morrem\u00bb e, com raz\u00e3o. A hist\u00f3ria do Sr. Pete ser\u00e1 contada e repetida muitas vezes&#8230; Uma nobre e preciosa alma, o Sr. Pedro C. Anton, \u00abjovem\u00bb de 94 anos, chamado carinhosamente por todos de \u00abPete\u00bb, partiu&#8230;\" \/>\n<meta property=\"og:url\" content=\"https:\/\/news.ecclesia.org.br\/?p=26907\" \/>\n<meta property=\"og:site_name\" content=\"ECCLESIA NEWS\" \/>\n<meta property=\"article:publisher\" content=\"https:\/\/www.facebook.com\/Ecclesia2025\" \/>\n<meta property=\"article:published_time\" content=\"2019-08-26T15:37:47+00:00\" \/>\n<meta property=\"article:modified_time\" content=\"2020-06-13T13:21:46+00:00\" \/>\n<meta property=\"og:image\" content=\"https:\/\/news.ecclesia.org.br\/wp-content\/uploads\/2019\/08\/Peter-C.-Anton-263x300.jpg\" \/>\n<meta name=\"author\" content=\"Pe. Andr\u00e9\" \/>\n<meta name=\"twitter:card\" content=\"summary_large_image\" \/>\n<meta name=\"twitter:creator\" content=\"@EcclesiaNews\" \/>\n<meta name=\"twitter:site\" content=\"@EcclesiaNews\" \/>\n<meta name=\"twitter:label1\" content=\"Escrito por\" \/>\n\t<meta name=\"twitter:data1\" content=\"Pe. Andr\u00e9\" \/>\n\t<meta name=\"twitter:label2\" content=\"Est. tempo de leitura\" \/>\n\t<meta name=\"twitter:data2\" content=\"3 minutos\" \/>\n<script type=\"application\/ld+json\" class=\"yoast-schema-graph\">{\"@context\":\"https:\\\/\\\/schema.org\",\"@graph\":[{\"@type\":\"Article\",\"@id\":\"https:\\\/\\\/news.ecclesia.org.br\\\/?p=26907#article\",\"isPartOf\":{\"@id\":\"https:\\\/\\\/news.ecclesia.org.br\\\/?p=26907\"},\"author\":{\"name\":\"Pe. Andr\u00e9\",\"@id\":\"https:\\\/\\\/news.ecclesia.org.br\\\/#\\\/schema\\\/person\\\/6f09597f025829745ba414a569f63758\"},\"headline\":\"\u2720 NOTA DE FALECIMENTO \u2720\",\"datePublished\":\"2019-08-26T15:37:47+00:00\",\"dateModified\":\"2020-06-13T13:21:46+00:00\",\"mainEntityOfPage\":{\"@id\":\"https:\\\/\\\/news.ecclesia.org.br\\\/?p=26907\"},\"wordCount\":533,\"commentCount\":0,\"publisher\":{\"@id\":\"https:\\\/\\\/news.ecclesia.org.br\\\/#organization\"},\"image\":{\"@id\":\"https:\\\/\\\/news.ecclesia.org.br\\\/?p=26907#primaryimage\"},\"thumbnailUrl\":\"https:\\\/\\\/news.ecclesia.org.br\\\/wp-content\\\/uploads\\\/2019\\\/08\\\/Peter-C.-Anton-263x300.jpg\",\"articleSection\":[\"Arquidiocese de Buenos Aires e Am\u00e9rica do Sul\"],\"inLanguage\":\"pt-BR\",\"potentialAction\":[{\"@type\":\"CommentAction\",\"name\":\"Comment\",\"target\":[\"https:\\\/\\\/news.ecclesia.org.br\\\/?p=26907#respond\"]}]},{\"@type\":\"WebPage\",\"@id\":\"https:\\\/\\\/news.ecclesia.org.br\\\/?p=26907\",\"url\":\"https:\\\/\\\/news.ecclesia.org.br\\\/?p=26907\",\"name\":\"\u2720 NOTA DE FALECIMENTO \u2720 | ECCLESIA NEWS\",\"isPartOf\":{\"@id\":\"https:\\\/\\\/news.ecclesia.org.br\\\/#website\"},\"primaryImageOfPage\":{\"@id\":\"https:\\\/\\\/news.ecclesia.org.br\\\/?p=26907#primaryimage\"},\"image\":{\"@id\":\"https:\\\/\\\/news.ecclesia.org.br\\\/?p=26907#primaryimage\"},\"thumbnailUrl\":\"https:\\\/\\\/news.ecclesia.org.br\\\/wp-content\\\/uploads\\\/2019\\\/08\\\/Peter-C.-Anton-263x300.jpg\",\"datePublished\":\"2019-08-26T15:37:47+00:00\",\"dateModified\":\"2020-06-13T13:21:46+00:00\",\"breadcrumb\":{\"@id\":\"https:\\\/\\\/news.ecclesia.org.br\\\/?p=26907#breadcrumb\"},\"inLanguage\":\"pt-BR\",\"potentialAction\":[{\"@type\":\"ReadAction\",\"target\":[\"https:\\\/\\\/news.ecclesia.org.br\\\/?p=26907\"]}]},{\"@type\":\"ImageObject\",\"inLanguage\":\"pt-BR\",\"@id\":\"https:\\\/\\\/news.ecclesia.org.br\\\/?p=26907#primaryimage\",\"url\":\"https:\\\/\\\/news.ecclesia.org.br\\\/wp-content\\\/uploads\\\/2019\\\/08\\\/Peter-C.-Anton.jpg\",\"contentUrl\":\"https:\\\/\\\/news.ecclesia.org.br\\\/wp-content\\\/uploads\\\/2019\\\/08\\\/Peter-C.-Anton.jpg\",\"width\":280,\"height\":320,\"caption\":\"Sr. Peter C. Anton\"},{\"@type\":\"BreadcrumbList\",\"@id\":\"https:\\\/\\\/news.ecclesia.org.br\\\/?p=26907#breadcrumb\",\"itemListElement\":[{\"@type\":\"ListItem\",\"position\":1,\"name\":\"In\u00edcio\",\"item\":\"https:\\\/\\\/news.ecclesia.org.br\\\/\"},{\"@type\":\"ListItem\",\"position\":2,\"name\":\"\u2720 NOTA DE FALECIMENTO \u2720\"}]},{\"@type\":\"WebSite\",\"@id\":\"https:\\\/\\\/news.ecclesia.org.br\\\/#website\",\"url\":\"https:\\\/\\\/news.ecclesia.org.br\\\/\",\"name\":\"Ecclesia Brasil\",\"description\":\"Desde 2003 onectando o Brasil ao mundo ortodoxo!\",\"publisher\":{\"@id\":\"https:\\\/\\\/news.ecclesia.org.br\\\/#organization\"},\"alternateName\":\"Ecclesia\",\"potentialAction\":[{\"@type\":\"SearchAction\",\"target\":{\"@type\":\"EntryPoint\",\"urlTemplate\":\"https:\\\/\\\/news.ecclesia.org.br\\\/?s={search_term_string}\"},\"query-input\":{\"@type\":\"PropertyValueSpecification\",\"valueRequired\":true,\"valueName\":\"search_term_string\"}}],\"inLanguage\":\"pt-BR\"},{\"@type\":\"Organization\",\"@id\":\"https:\\\/\\\/news.ecclesia.org.br\\\/#organization\",\"name\":\"Sacra Arquidiocese de Buenos Aires e Am\u00e9rica do Sul | Patriarcado Ecum\u00eanico\",\"alternateName\":\"News Ecclesia Brasil\",\"url\":\"https:\\\/\\\/news.ecclesia.org.br\\\/\",\"logo\":{\"@type\":\"ImageObject\",\"inLanguage\":\"pt-BR\",\"@id\":\"https:\\\/\\\/news.ecclesia.org.br\\\/#\\\/schema\\\/logo\\\/image\\\/\",\"url\":\"https:\\\/\\\/news.ecclesia.org.br\\\/wp-content\\\/uploads\\\/2025\\\/05\\\/ecclesia2.png\",\"contentUrl\":\"https:\\\/\\\/news.ecclesia.org.br\\\/wp-content\\\/uploads\\\/2025\\\/05\\\/ecclesia2.png\",\"width\":480,\"height\":120,\"caption\":\"Sacra Arquidiocese de Buenos Aires e Am\u00e9rica do Sul | Patriarcado Ecum\u00eanico\"},\"image\":{\"@id\":\"https:\\\/\\\/news.ecclesia.org.br\\\/#\\\/schema\\\/logo\\\/image\\\/\"},\"sameAs\":[\"https:\\\/\\\/www.facebook.com\\\/Ecclesia2025\",\"https:\\\/\\\/x.com\\\/EcclesiaNews\",\"https:\\\/\\\/br.pinterest.com\\\/ekklisia\\\/\",\"https:\\\/\\\/www.youtube.com\\\/@EcclesiaBrasil\"]},{\"@type\":\"Person\",\"@id\":\"https:\\\/\\\/news.ecclesia.org.br\\\/#\\\/schema\\\/person\\\/6f09597f025829745ba414a569f63758\",\"name\":\"Pe. Andr\u00e9\",\"image\":{\"@type\":\"ImageObject\",\"inLanguage\":\"pt-BR\",\"@id\":\"https:\\\/\\\/secure.gravatar.com\\\/avatar\\\/b4327cfa27e9799da239a26adcd534fc29cdc0c4a4a148eecbcfeb9b42c617ac?s=96&d=mm&r=g\",\"url\":\"https:\\\/\\\/secure.gravatar.com\\\/avatar\\\/b4327cfa27e9799da239a26adcd534fc29cdc0c4a4a148eecbcfeb9b42c617ac?s=96&d=mm&r=g\",\"contentUrl\":\"https:\\\/\\\/secure.gravatar.com\\\/avatar\\\/b4327cfa27e9799da239a26adcd534fc29cdc0c4a4a148eecbcfeb9b42c617ac?s=96&d=mm&r=g\",\"caption\":\"Pe. Andr\u00e9\"},\"sameAs\":[\"https:\\\/\\\/www.ecclesia.org.br\"]}]}<\/script>\n<!-- \/ Yoast SEO plugin. -->","yoast_head_json":{"title":"\u2720 NOTA DE FALECIMENTO \u2720 | ECCLESIA NEWS","robots":{"index":"index","follow":"follow","max-snippet":"max-snippet:-1","max-image-preview":"max-image-preview:large","max-video-preview":"max-video-preview:-1"},"canonical":"https:\/\/news.ecclesia.org.br\/?p=26907","og_locale":"pt_BR","og_type":"article","og_title":"\u2720 NOTA DE FALECIMENTO \u2720 | ECCLESIA NEWS","og_description":"Diz-se que \u00ablendas n\u00e3o morrem\u00bb e, com raz\u00e3o. A hist\u00f3ria do Sr. Pete ser\u00e1 contada e repetida muitas vezes&#8230; Uma nobre e preciosa alma, o Sr. Pedro C. Anton, \u00abjovem\u00bb de 94 anos, chamado carinhosamente por todos de \u00abPete\u00bb, partiu&#8230;","og_url":"https:\/\/news.ecclesia.org.br\/?p=26907","og_site_name":"ECCLESIA NEWS","article_publisher":"https:\/\/www.facebook.com\/Ecclesia2025","article_published_time":"2019-08-26T15:37:47+00:00","article_modified_time":"2020-06-13T13:21:46+00:00","og_image":[{"url":"https:\/\/news.ecclesia.org.br\/wp-content\/uploads\/2019\/08\/Peter-C.-Anton-263x300.jpg","type":"","width":"","height":""}],"author":"Pe. Andr\u00e9","twitter_card":"summary_large_image","twitter_creator":"@EcclesiaNews","twitter_site":"@EcclesiaNews","twitter_misc":{"Escrito por":"Pe. Andr\u00e9","Est. tempo de leitura":"3 minutos"},"schema":{"@context":"https:\/\/schema.org","@graph":[{"@type":"Article","@id":"https:\/\/news.ecclesia.org.br\/?p=26907#article","isPartOf":{"@id":"https:\/\/news.ecclesia.org.br\/?p=26907"},"author":{"name":"Pe. Andr\u00e9","@id":"https:\/\/news.ecclesia.org.br\/#\/schema\/person\/6f09597f025829745ba414a569f63758"},"headline":"\u2720 NOTA DE FALECIMENTO \u2720","datePublished":"2019-08-26T15:37:47+00:00","dateModified":"2020-06-13T13:21:46+00:00","mainEntityOfPage":{"@id":"https:\/\/news.ecclesia.org.br\/?p=26907"},"wordCount":533,"commentCount":0,"publisher":{"@id":"https:\/\/news.ecclesia.org.br\/#organization"},"image":{"@id":"https:\/\/news.ecclesia.org.br\/?p=26907#primaryimage"},"thumbnailUrl":"https:\/\/news.ecclesia.org.br\/wp-content\/uploads\/2019\/08\/Peter-C.-Anton-263x300.jpg","articleSection":["Arquidiocese de Buenos Aires e Am\u00e9rica do Sul"],"inLanguage":"pt-BR","potentialAction":[{"@type":"CommentAction","name":"Comment","target":["https:\/\/news.ecclesia.org.br\/?p=26907#respond"]}]},{"@type":"WebPage","@id":"https:\/\/news.ecclesia.org.br\/?p=26907","url":"https:\/\/news.ecclesia.org.br\/?p=26907","name":"\u2720 NOTA DE FALECIMENTO \u2720 | ECCLESIA NEWS","isPartOf":{"@id":"https:\/\/news.ecclesia.org.br\/#website"},"primaryImageOfPage":{"@id":"https:\/\/news.ecclesia.org.br\/?p=26907#primaryimage"},"image":{"@id":"https:\/\/news.ecclesia.org.br\/?p=26907#primaryimage"},"thumbnailUrl":"https:\/\/news.ecclesia.org.br\/wp-content\/uploads\/2019\/08\/Peter-C.-Anton-263x300.jpg","datePublished":"2019-08-26T15:37:47+00:00","dateModified":"2020-06-13T13:21:46+00:00","breadcrumb":{"@id":"https:\/\/news.ecclesia.org.br\/?p=26907#breadcrumb"},"inLanguage":"pt-BR","potentialAction":[{"@type":"ReadAction","target":["https:\/\/news.ecclesia.org.br\/?p=26907"]}]},{"@type":"ImageObject","inLanguage":"pt-BR","@id":"https:\/\/news.ecclesia.org.br\/?p=26907#primaryimage","url":"https:\/\/news.ecclesia.org.br\/wp-content\/uploads\/2019\/08\/Peter-C.-Anton.jpg","contentUrl":"https:\/\/news.ecclesia.org.br\/wp-content\/uploads\/2019\/08\/Peter-C.-Anton.jpg","width":280,"height":320,"caption":"Sr. Peter C. Anton"},{"@type":"BreadcrumbList","@id":"https:\/\/news.ecclesia.org.br\/?p=26907#breadcrumb","itemListElement":[{"@type":"ListItem","position":1,"name":"In\u00edcio","item":"https:\/\/news.ecclesia.org.br\/"},{"@type":"ListItem","position":2,"name":"\u2720 NOTA DE FALECIMENTO \u2720"}]},{"@type":"WebSite","@id":"https:\/\/news.ecclesia.org.br\/#website","url":"https:\/\/news.ecclesia.org.br\/","name":"Ecclesia Brasil","description":"Desde 2003 onectando o Brasil ao mundo ortodoxo!","publisher":{"@id":"https:\/\/news.ecclesia.org.br\/#organization"},"alternateName":"Ecclesia","potentialAction":[{"@type":"SearchAction","target":{"@type":"EntryPoint","urlTemplate":"https:\/\/news.ecclesia.org.br\/?s={search_term_string}"},"query-input":{"@type":"PropertyValueSpecification","valueRequired":true,"valueName":"search_term_string"}}],"inLanguage":"pt-BR"},{"@type":"Organization","@id":"https:\/\/news.ecclesia.org.br\/#organization","name":"Sacra Arquidiocese de Buenos Aires e Am\u00e9rica do Sul | Patriarcado Ecum\u00eanico","alternateName":"News Ecclesia Brasil","url":"https:\/\/news.ecclesia.org.br\/","logo":{"@type":"ImageObject","inLanguage":"pt-BR","@id":"https:\/\/news.ecclesia.org.br\/#\/schema\/logo\/image\/","url":"https:\/\/news.ecclesia.org.br\/wp-content\/uploads\/2025\/05\/ecclesia2.png","contentUrl":"https:\/\/news.ecclesia.org.br\/wp-content\/uploads\/2025\/05\/ecclesia2.png","width":480,"height":120,"caption":"Sacra Arquidiocese de Buenos Aires e Am\u00e9rica do Sul | Patriarcado Ecum\u00eanico"},"image":{"@id":"https:\/\/news.ecclesia.org.br\/#\/schema\/logo\/image\/"},"sameAs":["https:\/\/www.facebook.com\/Ecclesia2025","https:\/\/x.com\/EcclesiaNews","https:\/\/br.pinterest.com\/ekklisia\/","https:\/\/www.youtube.com\/@EcclesiaBrasil"]},{"@type":"Person","@id":"https:\/\/news.ecclesia.org.br\/#\/schema\/person\/6f09597f025829745ba414a569f63758","name":"Pe. Andr\u00e9","image":{"@type":"ImageObject","inLanguage":"pt-BR","@id":"https:\/\/secure.gravatar.com\/avatar\/b4327cfa27e9799da239a26adcd534fc29cdc0c4a4a148eecbcfeb9b42c617ac?s=96&d=mm&r=g","url":"https:\/\/secure.gravatar.com\/avatar\/b4327cfa27e9799da239a26adcd534fc29cdc0c4a4a148eecbcfeb9b42c617ac?s=96&d=mm&r=g","contentUrl":"https:\/\/secure.gravatar.com\/avatar\/b4327cfa27e9799da239a26adcd534fc29cdc0c4a4a148eecbcfeb9b42c617ac?s=96&d=mm&r=g","caption":"Pe. Andr\u00e9"},"sameAs":["https:\/\/www.ecclesia.org.br"]}]}},"_links":{"self":[{"href":"https:\/\/news.ecclesia.org.br\/index.php?rest_route=\/wp\/v2\/posts\/26907","targetHints":{"allow":["GET"]}}],"collection":[{"href":"https:\/\/news.ecclesia.org.br\/index.php?rest_route=\/wp\/v2\/posts"}],"about":[{"href":"https:\/\/news.ecclesia.org.br\/index.php?rest_route=\/wp\/v2\/types\/post"}],"author":[{"embeddable":true,"href":"https:\/\/news.ecclesia.org.br\/index.php?rest_route=\/wp\/v2\/users\/1"}],"replies":[{"embeddable":true,"href":"https:\/\/news.ecclesia.org.br\/index.php?rest_route=%2Fwp%2Fv2%2Fcomments&post=26907"}],"version-history":[{"count":0,"href":"https:\/\/news.ecclesia.org.br\/index.php?rest_route=\/wp\/v2\/posts\/26907\/revisions"}],"wp:attachment":[{"href":"https:\/\/news.ecclesia.org.br\/index.php?rest_route=%2Fwp%2Fv2%2Fmedia&parent=26907"}],"wp:term":[{"taxonomy":"category","embeddable":true,"href":"https:\/\/news.ecclesia.org.br\/index.php?rest_route=%2Fwp%2Fv2%2Fcategories&post=26907"},{"taxonomy":"post_tag","embeddable":true,"href":"https:\/\/news.ecclesia.org.br\/index.php?rest_route=%2Fwp%2Fv2%2Ftags&post=26907"}],"curies":[{"name":"wp","href":"https:\/\/api.w.org\/{rel}","templated":true}]}}