{"id":26905,"date":"2019-08-25T20:46:01","date_gmt":"2019-08-25T20:46:01","guid":{"rendered":"https:\/\/news.ecclesia.org.br\/?p=26905"},"modified":"2021-07-30T15:55:30","modified_gmt":"2021-07-30T18:55:30","slug":"patriarca-bartolomeu-pede-maior-consciencia-com-o-estilo-de-vida","status":"publish","type":"post","link":"https:\/\/news.ecclesia.org.br\/?p=26905","title":{"rendered":"Patriarca Bartolomeu pede maior consci\u00eancia com o estilo de vida"},"content":{"rendered":"<p style=\"text-align: justify;\">Os inc\u00eandios na Amaz\u00f4nia (Brasil), na Sib\u00e9ria e na \u00c1frica, e os efeitos do aquecimento global no \u00c1rtico e no Alasca est\u00e3o no centro do apelo do Patriarca Ecum\u00eanico de Constantinopla, Bartolomeu I, para preservar a Cria\u00e7\u00e3o: &#8220;Pedimos a todos os fi\u00e9is e a todas as pessoas de boa vontade de considerar cuidadosamente como vivemos, o que consumimos e onde est\u00e3o as nossas prioridades\u201d.<\/p>\n<p style=\"text-align: right;\">Isabella Piro, Andressa Collet<\/p>\n<p style=\"text-align: justify;\">Cidade do Vaticano\u00a0 &#8212;\u00a0\u00a0O Patriarca Ecum\u00eanico de Constantinopla, Bartolomeu I, tamb\u00e9m divulgou um apelo neste s\u00e1bado (25) pela preserva\u00e7\u00e3o da Cria\u00e7\u00e3o:<\/p>\n<blockquote>\n<p style=\"text-align: justify;\">\u201cOremos por todos aqueles que est\u00e3o amea\u00e7ados ou atingidos pelos inc\u00eandios em cada \u00e2ngulo do mundo. Pedimos a todos os fi\u00e9is e a todas as pessoas de boa vontade de considerar cuidadosamente como vivemos, o que consumimos e onde est\u00e3o as nossas prioridades. Nas \u00faltimas semanas, o nosso planeta foi testemunha de grandes inc\u00eandios selvagens em todo o mundo, das florestas pluviais da Amaz\u00f4nia e das \u00e1reas des\u00e9rticas da \u00c1frica \u00e0s regi\u00f5es geralmente cobertas de neve, como no \u00c1rtico e no Alasca, at\u00e9 em pa\u00edses distantes entre eles, como a Espanha e a Sib\u00e9ria\u201d.<\/p>\n<\/blockquote>\n<h3 style=\"text-align: justify;\">Ecossistemas do mundo est\u00e3o em risco<\/h3>\n<p style=\"text-align: justify;\">Bartolomeu I escreve que, \u201cm\u00eas ap\u00f3s m\u00eas, vivemos temperaturas recordes e ondas de calor sem precedentes com a devasta\u00e7\u00e3o de milh\u00f5es de hectares e a destrui\u00e7\u00e3o de milh\u00f5es de pessoas\u201d. E n\u00e3o s\u00f3, sublinha o Patriarca: \u201ca intensidade desses inc\u00eandios est\u00e1 progressivamente aumentando e se intensificando\u201d, o que imp\u00f5e \u201cmudan\u00e7as radicais\u201d por parte do homem. Tais inc\u00eandios, de fato, segue Bartolomeu, amea\u00e7am \u201cos ecossistemas do mundo, sempre mais vulner\u00e1veis\u201d.<\/p>\n<h3 style=\"text-align: justify;\">A import\u00e2ncia das \u00e1rvores<\/h3>\n<p style=\"text-align: justify;\">S\u00e3o as \u00e1rvores, em especial, que s\u00e3o atingidas pelas chamas: e mesmo assim, afirma o Patriarca, elas \u201cs\u00e3o vitais para a terra, para a nossa sobreviv\u00eancia e para a nossa alma\u201d, porque \u201cs\u00e3o preciosas n\u00e3o somente do ponto de vista est\u00e9tico ou comercial, mas tamb\u00e9m e sobretudo pela nossa defesa contra as mudan\u00e7as clim\u00e1ticas\u201d.<\/p>\n<p style=\"text-align: justify;\">Portanto, recomenda Bartolomeu, \u201cplantar mais \u00e1rvores \u00e9 certamente uma iniciativa louv\u00e1vel, mas cort\u00e1-las menos \u00e9 talvez a resposta mais convincente para o aquecimento global\u201d.<\/p>\n<h3 style=\"text-align: justify;\">Iniciativas ecum\u00eanicas<\/h3>\n<p style=\"text-align: justify;\">O Patriarca alerta, ent\u00e3o, para as \u201cterr\u00edveis repercuss\u00f5es\u201d provocadas por \u201cum n\u00edvel crescente de emiss\u00f5es de carbono\u201d, convidando a \u201cconsiderar a fragilidade fundamental da natureza, os recursos limitados do nosso planeta e a sacralidade \u00fanica da cria\u00e7\u00e3o\u201d. Enfim, o an\u00fancio que, em 1\u00ba de setembro \u2013 data em que ser\u00e1 celebrada, em n\u00edvel ecum\u00eanico, o 5\u00ba Dia Mundial de Ora\u00e7\u00e3o pelo Cuidado da Cria\u00e7\u00e3o (institu\u00edda pelo Papa Francisco em 10 de agosto de 2015) \u2013 ser\u00e3o apresentadas v\u00e1rias iniciativas do Patriarcado dos \u00faltimos 30 anos em favor da \u201cpreserva\u00e7\u00e3o da cria\u00e7\u00e3o de Deus\u201d.<\/p>\n<h2 style=\"text-align: justify;\">A \u00c1frica tamb\u00e9m est\u00e1 queimando<\/h2>\n<p style=\"text-align: justify;\">O mundo continua queimando: al\u00e9m da Amaz\u00f4nia, pela qual o Papa Francisco fez um apelo no Angelus deste domingo (25), nos \u00faltimos dias foram registrados quase 7 mil inc\u00eandios em Angola e mais de 3 mil na Rep\u00fablica Democr\u00e1tica do Congo, enquanto outros focos se ascendem na Z\u00e2mbia. Dados alarmantes que se somam aos mais de 5 milh\u00f5es de hectares de florestas queimados na Sib\u00e9ria no in\u00edcio de agosto e ao grav\u00edssimo inc\u00eandio registrado recentemente na regi\u00e3o de Cruz de Tejeda, nas Ilhas Can\u00e1rias. No final de julho, chamas sem precedentes foram verificadas inclusive na Groel\u00e2ndia e no Alasca.<\/p>\n<hr \/>\n<p style=\"text-align: right;\">Fonte:\u00a0<a href=\"https:\/\/www.vaticannews.va\/pt\/vaticano\/news\/2019-08\/patriarca-bartolomeu-mensagem-incendio-amazonia-siberia-africa.html\" target=\"_blank\" rel=\"noopener noreferrer\">Vatican News<\/a><\/p>\n","protected":false},"excerpt":{"rendered":"<p>Os inc\u00eandios na Amaz\u00f4nia (Brasil), na Sib\u00e9ria e na \u00c1frica, e os efeitos do aquecimento global no \u00c1rtico e no Alasca est\u00e3o no centro do apelo do Patriarca Ecum\u00eanico de Constantinopla, Bartolomeu I, para preservar a Cria\u00e7\u00e3o: &#8220;Pedimos a todos&#8230;<\/p>\n","protected":false},"author":1,"featured_media":26691,"comment_status":"open","ping_status":"open","sticky":false,"template":"","format":"standard","meta":{"_acf_changed":false,"footnotes":""},"categories":[72],"tags":[],"class_list":["post-26905","post","type-post","status-publish","format-standard","has-post-thumbnail","hentry","category-patriarcado-ecumenico","entry","rows-excerpt"],"acf":[],"yoast_head":"<!-- This site is optimized with the Yoast SEO plugin v27.4 - https:\/\/yoast.com\/product\/yoast-seo-wordpress\/ -->\n<title>Patriarca Bartolomeu pede maior consci\u00eancia com o estilo de vida | ECCLESIA NEWS<\/title>\n<meta name=\"robots\" content=\"index, follow, max-snippet:-1, max-image-preview:large, max-video-preview:-1\" \/>\n<link rel=\"canonical\" href=\"https:\/\/news.ecclesia.org.br\/?p=26905\" \/>\n<meta property=\"og:locale\" content=\"pt_BR\" \/>\n<meta property=\"og:type\" content=\"article\" \/>\n<meta property=\"og:title\" content=\"Patriarca Bartolomeu pede maior consci\u00eancia com o estilo de vida | ECCLESIA NEWS\" \/>\n<meta property=\"og:description\" content=\"Os inc\u00eandios na Amaz\u00f4nia (Brasil), na Sib\u00e9ria e na \u00c1frica, e os efeitos do aquecimento global no \u00c1rtico e no Alasca est\u00e3o no centro do apelo do Patriarca Ecum\u00eanico de Constantinopla, Bartolomeu I, para preservar a Cria\u00e7\u00e3o: &#8220;Pedimos a todos&#8230;\" \/>\n<meta property=\"og:url\" content=\"https:\/\/news.ecclesia.org.br\/?p=26905\" \/>\n<meta property=\"og:site_name\" content=\"ECCLESIA NEWS\" \/>\n<meta property=\"article:publisher\" content=\"https:\/\/www.facebook.com\/Ecclesia2025\" \/>\n<meta property=\"article:published_time\" content=\"2019-08-25T20:46:01+00:00\" \/>\n<meta property=\"article:modified_time\" content=\"2021-07-30T18:55:30+00:00\" \/>\n<meta property=\"og:image\" content=\"https:\/\/news.ecclesia.org.br\/wp-content\/uploads\/2019\/06\/patriarca-bartolomeu.jpg\" \/>\n\t<meta property=\"og:image:width\" content=\"800\" \/>\n\t<meta property=\"og:image:height\" content=\"449\" \/>\n\t<meta property=\"og:image:type\" content=\"image\/jpeg\" \/>\n<meta name=\"author\" content=\"Pe. Andr\u00e9\" \/>\n<meta name=\"twitter:card\" content=\"summary_large_image\" \/>\n<meta name=\"twitter:creator\" content=\"@EcclesiaNews\" \/>\n<meta name=\"twitter:site\" content=\"@EcclesiaNews\" \/>\n<meta name=\"twitter:label1\" content=\"Escrito por\" \/>\n\t<meta name=\"twitter:data1\" content=\"Pe. Andr\u00e9\" \/>\n\t<meta name=\"twitter:label2\" content=\"Est. tempo de leitura\" \/>\n\t<meta name=\"twitter:data2\" content=\"3 minutos\" \/>\n<script type=\"application\/ld+json\" class=\"yoast-schema-graph\">{\"@context\":\"https:\\\/\\\/schema.org\",\"@graph\":[{\"@type\":\"Article\",\"@id\":\"https:\\\/\\\/news.ecclesia.org.br\\\/?p=26905#article\",\"isPartOf\":{\"@id\":\"https:\\\/\\\/news.ecclesia.org.br\\\/?p=26905\"},\"author\":{\"name\":\"Pe. Andr\u00e9\",\"@id\":\"https:\\\/\\\/news.ecclesia.org.br\\\/#\\\/schema\\\/person\\\/6f09597f025829745ba414a569f63758\"},\"headline\":\"Patriarca Bartolomeu pede maior consci\u00eancia com o estilo de vida\",\"datePublished\":\"2019-08-25T20:46:01+00:00\",\"dateModified\":\"2021-07-30T18:55:30+00:00\",\"mainEntityOfPage\":{\"@id\":\"https:\\\/\\\/news.ecclesia.org.br\\\/?p=26905\"},\"wordCount\":624,\"commentCount\":0,\"publisher\":{\"@id\":\"https:\\\/\\\/news.ecclesia.org.br\\\/#organization\"},\"image\":{\"@id\":\"https:\\\/\\\/news.ecclesia.org.br\\\/?p=26905#primaryimage\"},\"thumbnailUrl\":\"https:\\\/\\\/news.ecclesia.org.br\\\/wp-content\\\/uploads\\\/2019\\\/06\\\/patriarca-bartolomeu.jpg\",\"articleSection\":[\"Patriarcado Ecum\u00eanico\"],\"inLanguage\":\"pt-BR\",\"potentialAction\":[{\"@type\":\"CommentAction\",\"name\":\"Comment\",\"target\":[\"https:\\\/\\\/news.ecclesia.org.br\\\/?p=26905#respond\"]}]},{\"@type\":\"WebPage\",\"@id\":\"https:\\\/\\\/news.ecclesia.org.br\\\/?p=26905\",\"url\":\"https:\\\/\\\/news.ecclesia.org.br\\\/?p=26905\",\"name\":\"Patriarca Bartolomeu pede maior consci\u00eancia com o estilo de vida | ECCLESIA NEWS\",\"isPartOf\":{\"@id\":\"https:\\\/\\\/news.ecclesia.org.br\\\/#website\"},\"primaryImageOfPage\":{\"@id\":\"https:\\\/\\\/news.ecclesia.org.br\\\/?p=26905#primaryimage\"},\"image\":{\"@id\":\"https:\\\/\\\/news.ecclesia.org.br\\\/?p=26905#primaryimage\"},\"thumbnailUrl\":\"https:\\\/\\\/news.ecclesia.org.br\\\/wp-content\\\/uploads\\\/2019\\\/06\\\/patriarca-bartolomeu.jpg\",\"datePublished\":\"2019-08-25T20:46:01+00:00\",\"dateModified\":\"2021-07-30T18:55:30+00:00\",\"breadcrumb\":{\"@id\":\"https:\\\/\\\/news.ecclesia.org.br\\\/?p=26905#breadcrumb\"},\"inLanguage\":\"pt-BR\",\"potentialAction\":[{\"@type\":\"ReadAction\",\"target\":[\"https:\\\/\\\/news.ecclesia.org.br\\\/?p=26905\"]}]},{\"@type\":\"ImageObject\",\"inLanguage\":\"pt-BR\",\"@id\":\"https:\\\/\\\/news.ecclesia.org.br\\\/?p=26905#primaryimage\",\"url\":\"https:\\\/\\\/news.ecclesia.org.br\\\/wp-content\\\/uploads\\\/2019\\\/06\\\/patriarca-bartolomeu.jpg\",\"contentUrl\":\"https:\\\/\\\/news.ecclesia.org.br\\\/wp-content\\\/uploads\\\/2019\\\/06\\\/patriarca-bartolomeu.jpg\",\"width\":800,\"height\":449,\"caption\":\"S. Santidade Bartolomeu I, Patriarca Ecum\u00eanico\"},{\"@type\":\"BreadcrumbList\",\"@id\":\"https:\\\/\\\/news.ecclesia.org.br\\\/?p=26905#breadcrumb\",\"itemListElement\":[{\"@type\":\"ListItem\",\"position\":1,\"name\":\"In\u00edcio\",\"item\":\"https:\\\/\\\/news.ecclesia.org.br\\\/\"},{\"@type\":\"ListItem\",\"position\":2,\"name\":\"Patriarca Bartolomeu pede maior consci\u00eancia com o estilo de vida\"}]},{\"@type\":\"WebSite\",\"@id\":\"https:\\\/\\\/news.ecclesia.org.br\\\/#website\",\"url\":\"https:\\\/\\\/news.ecclesia.org.br\\\/\",\"name\":\"Ecclesia Brasil\",\"description\":\"Desde 2003 onectando o Brasil ao mundo ortodoxo!\",\"publisher\":{\"@id\":\"https:\\\/\\\/news.ecclesia.org.br\\\/#organization\"},\"alternateName\":\"Ecclesia\",\"potentialAction\":[{\"@type\":\"SearchAction\",\"target\":{\"@type\":\"EntryPoint\",\"urlTemplate\":\"https:\\\/\\\/news.ecclesia.org.br\\\/?s={search_term_string}\"},\"query-input\":{\"@type\":\"PropertyValueSpecification\",\"valueRequired\":true,\"valueName\":\"search_term_string\"}}],\"inLanguage\":\"pt-BR\"},{\"@type\":\"Organization\",\"@id\":\"https:\\\/\\\/news.ecclesia.org.br\\\/#organization\",\"name\":\"Sacra Arquidiocese de Buenos Aires e Am\u00e9rica do Sul | Patriarcado Ecum\u00eanico\",\"alternateName\":\"News Ecclesia Brasil\",\"url\":\"https:\\\/\\\/news.ecclesia.org.br\\\/\",\"logo\":{\"@type\":\"ImageObject\",\"inLanguage\":\"pt-BR\",\"@id\":\"https:\\\/\\\/news.ecclesia.org.br\\\/#\\\/schema\\\/logo\\\/image\\\/\",\"url\":\"https:\\\/\\\/news.ecclesia.org.br\\\/wp-content\\\/uploads\\\/2025\\\/05\\\/ecclesia2.png\",\"contentUrl\":\"https:\\\/\\\/news.ecclesia.org.br\\\/wp-content\\\/uploads\\\/2025\\\/05\\\/ecclesia2.png\",\"width\":480,\"height\":120,\"caption\":\"Sacra Arquidiocese de Buenos Aires e Am\u00e9rica do Sul | Patriarcado Ecum\u00eanico\"},\"image\":{\"@id\":\"https:\\\/\\\/news.ecclesia.org.br\\\/#\\\/schema\\\/logo\\\/image\\\/\"},\"sameAs\":[\"https:\\\/\\\/www.facebook.com\\\/Ecclesia2025\",\"https:\\\/\\\/x.com\\\/EcclesiaNews\",\"https:\\\/\\\/br.pinterest.com\\\/ekklisia\\\/\",\"https:\\\/\\\/www.youtube.com\\\/@EcclesiaBrasil\"]},{\"@type\":\"Person\",\"@id\":\"https:\\\/\\\/news.ecclesia.org.br\\\/#\\\/schema\\\/person\\\/6f09597f025829745ba414a569f63758\",\"name\":\"Pe. Andr\u00e9\",\"image\":{\"@type\":\"ImageObject\",\"inLanguage\":\"pt-BR\",\"@id\":\"https:\\\/\\\/secure.gravatar.com\\\/avatar\\\/b4327cfa27e9799da239a26adcd534fc29cdc0c4a4a148eecbcfeb9b42c617ac?s=96&d=mm&r=g\",\"url\":\"https:\\\/\\\/secure.gravatar.com\\\/avatar\\\/b4327cfa27e9799da239a26adcd534fc29cdc0c4a4a148eecbcfeb9b42c617ac?s=96&d=mm&r=g\",\"contentUrl\":\"https:\\\/\\\/secure.gravatar.com\\\/avatar\\\/b4327cfa27e9799da239a26adcd534fc29cdc0c4a4a148eecbcfeb9b42c617ac?s=96&d=mm&r=g\",\"caption\":\"Pe. Andr\u00e9\"},\"sameAs\":[\"https:\\\/\\\/www.ecclesia.org.br\"]}]}<\/script>\n<!-- \/ Yoast SEO plugin. -->","yoast_head_json":{"title":"Patriarca Bartolomeu pede maior consci\u00eancia com o estilo de vida | ECCLESIA NEWS","robots":{"index":"index","follow":"follow","max-snippet":"max-snippet:-1","max-image-preview":"max-image-preview:large","max-video-preview":"max-video-preview:-1"},"canonical":"https:\/\/news.ecclesia.org.br\/?p=26905","og_locale":"pt_BR","og_type":"article","og_title":"Patriarca Bartolomeu pede maior consci\u00eancia com o estilo de vida | ECCLESIA NEWS","og_description":"Os inc\u00eandios na Amaz\u00f4nia (Brasil), na Sib\u00e9ria e na \u00c1frica, e os efeitos do aquecimento global no \u00c1rtico e no Alasca est\u00e3o no centro do apelo do Patriarca Ecum\u00eanico de Constantinopla, Bartolomeu I, para preservar a Cria\u00e7\u00e3o: &#8220;Pedimos a todos&#8230;","og_url":"https:\/\/news.ecclesia.org.br\/?p=26905","og_site_name":"ECCLESIA NEWS","article_publisher":"https:\/\/www.facebook.com\/Ecclesia2025","article_published_time":"2019-08-25T20:46:01+00:00","article_modified_time":"2021-07-30T18:55:30+00:00","og_image":[{"width":800,"height":449,"url":"https:\/\/news.ecclesia.org.br\/wp-content\/uploads\/2019\/06\/patriarca-bartolomeu.jpg","type":"image\/jpeg"}],"author":"Pe. Andr\u00e9","twitter_card":"summary_large_image","twitter_creator":"@EcclesiaNews","twitter_site":"@EcclesiaNews","twitter_misc":{"Escrito por":"Pe. Andr\u00e9","Est. tempo de leitura":"3 minutos"},"schema":{"@context":"https:\/\/schema.org","@graph":[{"@type":"Article","@id":"https:\/\/news.ecclesia.org.br\/?p=26905#article","isPartOf":{"@id":"https:\/\/news.ecclesia.org.br\/?p=26905"},"author":{"name":"Pe. Andr\u00e9","@id":"https:\/\/news.ecclesia.org.br\/#\/schema\/person\/6f09597f025829745ba414a569f63758"},"headline":"Patriarca Bartolomeu pede maior consci\u00eancia com o estilo de vida","datePublished":"2019-08-25T20:46:01+00:00","dateModified":"2021-07-30T18:55:30+00:00","mainEntityOfPage":{"@id":"https:\/\/news.ecclesia.org.br\/?p=26905"},"wordCount":624,"commentCount":0,"publisher":{"@id":"https:\/\/news.ecclesia.org.br\/#organization"},"image":{"@id":"https:\/\/news.ecclesia.org.br\/?p=26905#primaryimage"},"thumbnailUrl":"https:\/\/news.ecclesia.org.br\/wp-content\/uploads\/2019\/06\/patriarca-bartolomeu.jpg","articleSection":["Patriarcado Ecum\u00eanico"],"inLanguage":"pt-BR","potentialAction":[{"@type":"CommentAction","name":"Comment","target":["https:\/\/news.ecclesia.org.br\/?p=26905#respond"]}]},{"@type":"WebPage","@id":"https:\/\/news.ecclesia.org.br\/?p=26905","url":"https:\/\/news.ecclesia.org.br\/?p=26905","name":"Patriarca Bartolomeu pede maior consci\u00eancia com o estilo de vida | ECCLESIA NEWS","isPartOf":{"@id":"https:\/\/news.ecclesia.org.br\/#website"},"primaryImageOfPage":{"@id":"https:\/\/news.ecclesia.org.br\/?p=26905#primaryimage"},"image":{"@id":"https:\/\/news.ecclesia.org.br\/?p=26905#primaryimage"},"thumbnailUrl":"https:\/\/news.ecclesia.org.br\/wp-content\/uploads\/2019\/06\/patriarca-bartolomeu.jpg","datePublished":"2019-08-25T20:46:01+00:00","dateModified":"2021-07-30T18:55:30+00:00","breadcrumb":{"@id":"https:\/\/news.ecclesia.org.br\/?p=26905#breadcrumb"},"inLanguage":"pt-BR","potentialAction":[{"@type":"ReadAction","target":["https:\/\/news.ecclesia.org.br\/?p=26905"]}]},{"@type":"ImageObject","inLanguage":"pt-BR","@id":"https:\/\/news.ecclesia.org.br\/?p=26905#primaryimage","url":"https:\/\/news.ecclesia.org.br\/wp-content\/uploads\/2019\/06\/patriarca-bartolomeu.jpg","contentUrl":"https:\/\/news.ecclesia.org.br\/wp-content\/uploads\/2019\/06\/patriarca-bartolomeu.jpg","width":800,"height":449,"caption":"S. Santidade Bartolomeu I, Patriarca Ecum\u00eanico"},{"@type":"BreadcrumbList","@id":"https:\/\/news.ecclesia.org.br\/?p=26905#breadcrumb","itemListElement":[{"@type":"ListItem","position":1,"name":"In\u00edcio","item":"https:\/\/news.ecclesia.org.br\/"},{"@type":"ListItem","position":2,"name":"Patriarca Bartolomeu pede maior consci\u00eancia com o estilo de vida"}]},{"@type":"WebSite","@id":"https:\/\/news.ecclesia.org.br\/#website","url":"https:\/\/news.ecclesia.org.br\/","name":"Ecclesia Brasil","description":"Desde 2003 onectando o Brasil ao mundo ortodoxo!","publisher":{"@id":"https:\/\/news.ecclesia.org.br\/#organization"},"alternateName":"Ecclesia","potentialAction":[{"@type":"SearchAction","target":{"@type":"EntryPoint","urlTemplate":"https:\/\/news.ecclesia.org.br\/?s={search_term_string}"},"query-input":{"@type":"PropertyValueSpecification","valueRequired":true,"valueName":"search_term_string"}}],"inLanguage":"pt-BR"},{"@type":"Organization","@id":"https:\/\/news.ecclesia.org.br\/#organization","name":"Sacra Arquidiocese de Buenos Aires e Am\u00e9rica do Sul | Patriarcado Ecum\u00eanico","alternateName":"News Ecclesia Brasil","url":"https:\/\/news.ecclesia.org.br\/","logo":{"@type":"ImageObject","inLanguage":"pt-BR","@id":"https:\/\/news.ecclesia.org.br\/#\/schema\/logo\/image\/","url":"https:\/\/news.ecclesia.org.br\/wp-content\/uploads\/2025\/05\/ecclesia2.png","contentUrl":"https:\/\/news.ecclesia.org.br\/wp-content\/uploads\/2025\/05\/ecclesia2.png","width":480,"height":120,"caption":"Sacra Arquidiocese de Buenos Aires e Am\u00e9rica do Sul | Patriarcado Ecum\u00eanico"},"image":{"@id":"https:\/\/news.ecclesia.org.br\/#\/schema\/logo\/image\/"},"sameAs":["https:\/\/www.facebook.com\/Ecclesia2025","https:\/\/x.com\/EcclesiaNews","https:\/\/br.pinterest.com\/ekklisia\/","https:\/\/www.youtube.com\/@EcclesiaBrasil"]},{"@type":"Person","@id":"https:\/\/news.ecclesia.org.br\/#\/schema\/person\/6f09597f025829745ba414a569f63758","name":"Pe. Andr\u00e9","image":{"@type":"ImageObject","inLanguage":"pt-BR","@id":"https:\/\/secure.gravatar.com\/avatar\/b4327cfa27e9799da239a26adcd534fc29cdc0c4a4a148eecbcfeb9b42c617ac?s=96&d=mm&r=g","url":"https:\/\/secure.gravatar.com\/avatar\/b4327cfa27e9799da239a26adcd534fc29cdc0c4a4a148eecbcfeb9b42c617ac?s=96&d=mm&r=g","contentUrl":"https:\/\/secure.gravatar.com\/avatar\/b4327cfa27e9799da239a26adcd534fc29cdc0c4a4a148eecbcfeb9b42c617ac?s=96&d=mm&r=g","caption":"Pe. Andr\u00e9"},"sameAs":["https:\/\/www.ecclesia.org.br"]}]}},"_links":{"self":[{"href":"https:\/\/news.ecclesia.org.br\/index.php?rest_route=\/wp\/v2\/posts\/26905","targetHints":{"allow":["GET"]}}],"collection":[{"href":"https:\/\/news.ecclesia.org.br\/index.php?rest_route=\/wp\/v2\/posts"}],"about":[{"href":"https:\/\/news.ecclesia.org.br\/index.php?rest_route=\/wp\/v2\/types\/post"}],"author":[{"embeddable":true,"href":"https:\/\/news.ecclesia.org.br\/index.php?rest_route=\/wp\/v2\/users\/1"}],"replies":[{"embeddable":true,"href":"https:\/\/news.ecclesia.org.br\/index.php?rest_route=%2Fwp%2Fv2%2Fcomments&post=26905"}],"version-history":[{"count":2,"href":"https:\/\/news.ecclesia.org.br\/index.php?rest_route=\/wp\/v2\/posts\/26905\/revisions"}],"predecessor-version":[{"id":38586,"href":"https:\/\/news.ecclesia.org.br\/index.php?rest_route=\/wp\/v2\/posts\/26905\/revisions\/38586"}],"wp:featuredmedia":[{"embeddable":true,"href":"https:\/\/news.ecclesia.org.br\/index.php?rest_route=\/wp\/v2\/media\/26691"}],"wp:attachment":[{"href":"https:\/\/news.ecclesia.org.br\/index.php?rest_route=%2Fwp%2Fv2%2Fmedia&parent=26905"}],"wp:term":[{"taxonomy":"category","embeddable":true,"href":"https:\/\/news.ecclesia.org.br\/index.php?rest_route=%2Fwp%2Fv2%2Fcategories&post=26905"},{"taxonomy":"post_tag","embeddable":true,"href":"https:\/\/news.ecclesia.org.br\/index.php?rest_route=%2Fwp%2Fv2%2Ftags&post=26905"}],"curies":[{"name":"wp","href":"https:\/\/api.w.org\/{rel}","templated":true}]}}