{"id":26898,"date":"2019-08-23T14:30:56","date_gmt":"2019-08-23T14:30:56","guid":{"rendered":"https:\/\/news.ecclesia.org.br\/?p=26898"},"modified":"2021-07-30T15:56:40","modified_gmt":"2021-07-30T18:56:40","slug":"patriarca-bartolomeu-chama-seus-compatriotas-de-volta-a-turquia","status":"publish","type":"post","link":"https:\/\/news.ecclesia.org.br\/?p=26898","title":{"rendered":"Patriarca Bartolomeu chama seus compatriotas de volta \u00e0 Turquia"},"content":{"rendered":"<p style=\"text-align: justify;\"><strong>S. Santidade Bartolomeu I, Patriarca Ecum\u00eanico, chama os descendentes de ortodoxos gregos expulsos da Turquia na d\u00e9cada de 1920 para retornar \u00e0 sua antiga p\u00e1tria.<\/strong><\/p>\n<figure id=\"attachment_26899\" aria-describedby=\"caption-attachment-26899\" style=\"width: 300px\" class=\"wp-caption alignleft\"><a href=\"https:\/\/news.ecclesia.org.br\/wp-content\/uploads\/2019\/08\/patriarca-bartolomeu-1.jpg\"><img fetchpriority=\"high\" decoding=\"async\" class=\"size-medium wp-image-26899\" src=\"https:\/\/news.ecclesia.org.br\/wp-content\/uploads\/2019\/08\/patriarca-bartolomeu-1-300x184.jpg\" alt=\"\" width=\"300\" height=\"184\" srcset=\"https:\/\/news.ecclesia.org.br\/wp-content\/uploads\/2019\/08\/patriarca-bartolomeu-1-300x184.jpg 300w, https:\/\/news.ecclesia.org.br\/wp-content\/uploads\/2019\/08\/patriarca-bartolomeu-1-90x55.jpg 90w, https:\/\/news.ecclesia.org.br\/wp-content\/uploads\/2019\/08\/patriarca-bartolomeu-1-210x130.jpg 210w, https:\/\/news.ecclesia.org.br\/wp-content\/uploads\/2019\/08\/patriarca-bartolomeu-1.jpg 630w\" sizes=\"(max-width: 300px) 100vw, 300px\" \/><\/a><figcaption id=\"caption-attachment-26899\" class=\"wp-caption-text\">Patriarca Bartolomeu chama ortodoxos da Turquia \u00abde volta para casa\u00bb<\/figcaption><\/figure>\n<p style=\"text-align: justify;\">\u00abVolte para casa, para o lugar dos seus antepassados. Muitos j\u00e1 o fizeram&#8221;, disse o Patriarca em sua homilia durante a Divina Liturgia da festa da Dormi\u00e7\u00e3o da Theotokos, celebrada no \u00faltimo dia 15 de agosto, na Ilha de Dardanelos Imbros, de acordo com o servi\u00e7o especializado &#8220;Informa\u00e7\u00f5es Ecum\u00eanicas&#8221; da ag\u00eancia de not\u00edcias cat\u00f3lica alem\u00e3 (KNA). O Patriarca, de 79 anos, vem de uma aldeia na ilha de Imbros. Crist\u00e3os locais haviam sido poupados da expuls\u00e3o pelo Tratado de Lausanne de 1923, que lhes concedia autonomia administrativa e sua pr\u00f3pria for\u00e7a policial. Estas duas \u00faltimas condi\u00e7\u00f5es nunca foram cumpridas por Ancara. Em 1964, o governo turco transformou a ilha em uma &#8220;pris\u00e3o agr\u00edcola&#8221;, na qual criminosos de toda a Turquia foram transferidos e autorizados a circular livremente por l\u00e1. Seguiu-se um terror sem precedentes para a popula\u00e7\u00e3o. A maioria dos crist\u00e3os da ilha fugiu e muitos deles foram trabalhar na Alemanha. Em sua homilia, o Patriarca Bartolomeu agradeceu aos que nas &#8220;d\u00e9cadas de m\u00e1rmore&#8221; permaneceram em Imbros. Nesse meio tempo, ele tinha todas as igrejas, dois mosteiros e muitas capelas restauradas. Ele tamb\u00e9m instituiu uma escola prim\u00e1ria e uma faculdade para fam\u00edlias que retornaram \u00e0 ilha. Al\u00e9m de Imbros, o Patriarca exortou toda a di\u00e1spora greco-ortodoxa da Turquia a &#8220;n\u00e3o esquecer suas ra\u00edzes, a voltar e visitar os seus lugares de origem&#8221;. O Patriarca j\u00e1 recuperou sete dioceses desaparecidas na Tr\u00e1cia e na Turquia asi\u00e1tica, incluindo Edirne, Bursa, Izmir e Antalya, com suas igrejas, monast\u00e9rios e muitas capelas.<\/p>\n<hr \/>\n<p style=\"text-align: right;\">Fonte: <a href=\"https:\/\/www.kathpress.at\/goto\/meldung\/1796233\/bartholomaios-i.-ruft-orthodoxe-aus-der-tuerkei-zur-heimkehr\" target=\"_blank\" rel=\"noopener noreferrer\">KathPress<\/a><\/p>\n","protected":false},"excerpt":{"rendered":"<p>S. Santidade Bartolomeu I, Patriarca Ecum\u00eanico, chama os descendentes de ortodoxos gregos expulsos da Turquia na d\u00e9cada de 1920 para retornar \u00e0 sua antiga p\u00e1tria. \u00abVolte para casa, para o lugar dos seus antepassados. Muitos j\u00e1 o fizeram&#8221;, disse o&#8230;<\/p>\n","protected":false},"author":1,"featured_media":0,"comment_status":"open","ping_status":"open","sticky":false,"template":"","format":"standard","meta":{"_acf_changed":false,"footnotes":""},"categories":[1,72],"tags":[],"class_list":["post-26898","post","type-post","status-publish","format-standard","hentry","category-news","category-patriarcado-ecumenico","entry","rows-excerpt"],"acf":[],"yoast_head":"<!-- This site is optimized with the Yoast SEO plugin v27.4 - https:\/\/yoast.com\/product\/yoast-seo-wordpress\/ -->\n<title>Patriarca Bartolomeu chama seus compatriotas de volta \u00e0 Turquia | ECCLESIA NEWS<\/title>\n<meta name=\"robots\" content=\"index, follow, max-snippet:-1, max-image-preview:large, max-video-preview:-1\" \/>\n<link rel=\"canonical\" href=\"https:\/\/news.ecclesia.org.br\/?p=26898\" \/>\n<meta property=\"og:locale\" content=\"pt_BR\" \/>\n<meta property=\"og:type\" content=\"article\" \/>\n<meta property=\"og:title\" content=\"Patriarca Bartolomeu chama seus compatriotas de volta \u00e0 Turquia | ECCLESIA NEWS\" \/>\n<meta property=\"og:description\" content=\"S. Santidade Bartolomeu I, Patriarca Ecum\u00eanico, chama os descendentes de ortodoxos gregos expulsos da Turquia na d\u00e9cada de 1920 para retornar \u00e0 sua antiga p\u00e1tria. \u00abVolte para casa, para o lugar dos seus antepassados. Muitos j\u00e1 o fizeram&#8221;, disse o&#8230;\" \/>\n<meta property=\"og:url\" content=\"https:\/\/news.ecclesia.org.br\/?p=26898\" \/>\n<meta property=\"og:site_name\" content=\"ECCLESIA NEWS\" \/>\n<meta property=\"article:publisher\" content=\"https:\/\/www.facebook.com\/Ecclesia2025\" \/>\n<meta property=\"article:published_time\" content=\"2019-08-23T14:30:56+00:00\" \/>\n<meta property=\"article:modified_time\" content=\"2021-07-30T18:56:40+00:00\" \/>\n<meta property=\"og:image\" content=\"https:\/\/news.ecclesia.org.br\/wp-content\/uploads\/2019\/08\/patriarca-bartolomeu-1-300x184.jpg\" \/>\n<meta name=\"author\" content=\"Pe. Andr\u00e9\" \/>\n<meta name=\"twitter:card\" content=\"summary_large_image\" \/>\n<meta name=\"twitter:creator\" content=\"@EcclesiaNews\" \/>\n<meta name=\"twitter:site\" content=\"@EcclesiaNews\" \/>\n<meta name=\"twitter:label1\" content=\"Escrito por\" \/>\n\t<meta name=\"twitter:data1\" content=\"Pe. Andr\u00e9\" \/>\n\t<meta name=\"twitter:label2\" content=\"Est. tempo de leitura\" \/>\n\t<meta name=\"twitter:data2\" content=\"2 minutos\" \/>\n<script type=\"application\/ld+json\" class=\"yoast-schema-graph\">{\"@context\":\"https:\\\/\\\/schema.org\",\"@graph\":[{\"@type\":\"Article\",\"@id\":\"https:\\\/\\\/news.ecclesia.org.br\\\/?p=26898#article\",\"isPartOf\":{\"@id\":\"https:\\\/\\\/news.ecclesia.org.br\\\/?p=26898\"},\"author\":{\"name\":\"Pe. Andr\u00e9\",\"@id\":\"https:\\\/\\\/news.ecclesia.org.br\\\/#\\\/schema\\\/person\\\/6f09597f025829745ba414a569f63758\"},\"headline\":\"Patriarca Bartolomeu chama seus compatriotas de volta \u00e0 Turquia\",\"datePublished\":\"2019-08-23T14:30:56+00:00\",\"dateModified\":\"2021-07-30T18:56:40+00:00\",\"mainEntityOfPage\":{\"@id\":\"https:\\\/\\\/news.ecclesia.org.br\\\/?p=26898\"},\"wordCount\":324,\"commentCount\":0,\"publisher\":{\"@id\":\"https:\\\/\\\/news.ecclesia.org.br\\\/#organization\"},\"image\":{\"@id\":\"https:\\\/\\\/news.ecclesia.org.br\\\/?p=26898#primaryimage\"},\"thumbnailUrl\":\"https:\\\/\\\/news.ecclesia.org.br\\\/wp-content\\\/uploads\\\/2019\\\/08\\\/patriarca-bartolomeu-1-300x184.jpg\",\"articleSection\":[\"NEWS\",\"Patriarcado Ecum\u00eanico\"],\"inLanguage\":\"pt-BR\",\"potentialAction\":[{\"@type\":\"CommentAction\",\"name\":\"Comment\",\"target\":[\"https:\\\/\\\/news.ecclesia.org.br\\\/?p=26898#respond\"]}]},{\"@type\":\"WebPage\",\"@id\":\"https:\\\/\\\/news.ecclesia.org.br\\\/?p=26898\",\"url\":\"https:\\\/\\\/news.ecclesia.org.br\\\/?p=26898\",\"name\":\"Patriarca Bartolomeu chama seus compatriotas de volta \u00e0 Turquia | ECCLESIA NEWS\",\"isPartOf\":{\"@id\":\"https:\\\/\\\/news.ecclesia.org.br\\\/#website\"},\"primaryImageOfPage\":{\"@id\":\"https:\\\/\\\/news.ecclesia.org.br\\\/?p=26898#primaryimage\"},\"image\":{\"@id\":\"https:\\\/\\\/news.ecclesia.org.br\\\/?p=26898#primaryimage\"},\"thumbnailUrl\":\"https:\\\/\\\/news.ecclesia.org.br\\\/wp-content\\\/uploads\\\/2019\\\/08\\\/patriarca-bartolomeu-1-300x184.jpg\",\"datePublished\":\"2019-08-23T14:30:56+00:00\",\"dateModified\":\"2021-07-30T18:56:40+00:00\",\"breadcrumb\":{\"@id\":\"https:\\\/\\\/news.ecclesia.org.br\\\/?p=26898#breadcrumb\"},\"inLanguage\":\"pt-BR\",\"potentialAction\":[{\"@type\":\"ReadAction\",\"target\":[\"https:\\\/\\\/news.ecclesia.org.br\\\/?p=26898\"]}]},{\"@type\":\"ImageObject\",\"inLanguage\":\"pt-BR\",\"@id\":\"https:\\\/\\\/news.ecclesia.org.br\\\/?p=26898#primaryimage\",\"url\":\"https:\\\/\\\/news.ecclesia.org.br\\\/wp-content\\\/uploads\\\/2019\\\/08\\\/patriarca-bartolomeu-1.jpg\",\"contentUrl\":\"https:\\\/\\\/news.ecclesia.org.br\\\/wp-content\\\/uploads\\\/2019\\\/08\\\/patriarca-bartolomeu-1.jpg\",\"width\":630,\"height\":387,\"caption\":\"Patriarca Bartolomeu chama ortodoxos da Turquia \u00abde volta para casa\u00bb\"},{\"@type\":\"BreadcrumbList\",\"@id\":\"https:\\\/\\\/news.ecclesia.org.br\\\/?p=26898#breadcrumb\",\"itemListElement\":[{\"@type\":\"ListItem\",\"position\":1,\"name\":\"In\u00edcio\",\"item\":\"https:\\\/\\\/news.ecclesia.org.br\\\/\"},{\"@type\":\"ListItem\",\"position\":2,\"name\":\"Patriarca Bartolomeu chama seus compatriotas de volta \u00e0 Turquia\"}]},{\"@type\":\"WebSite\",\"@id\":\"https:\\\/\\\/news.ecclesia.org.br\\\/#website\",\"url\":\"https:\\\/\\\/news.ecclesia.org.br\\\/\",\"name\":\"Ecclesia Brasil\",\"description\":\"Desde 2003 onectando o Brasil ao mundo ortodoxo!\",\"publisher\":{\"@id\":\"https:\\\/\\\/news.ecclesia.org.br\\\/#organization\"},\"alternateName\":\"Ecclesia\",\"potentialAction\":[{\"@type\":\"SearchAction\",\"target\":{\"@type\":\"EntryPoint\",\"urlTemplate\":\"https:\\\/\\\/news.ecclesia.org.br\\\/?s={search_term_string}\"},\"query-input\":{\"@type\":\"PropertyValueSpecification\",\"valueRequired\":true,\"valueName\":\"search_term_string\"}}],\"inLanguage\":\"pt-BR\"},{\"@type\":\"Organization\",\"@id\":\"https:\\\/\\\/news.ecclesia.org.br\\\/#organization\",\"name\":\"Sacra Arquidiocese de Buenos Aires e Am\u00e9rica do Sul | Patriarcado Ecum\u00eanico\",\"alternateName\":\"News Ecclesia Brasil\",\"url\":\"https:\\\/\\\/news.ecclesia.org.br\\\/\",\"logo\":{\"@type\":\"ImageObject\",\"inLanguage\":\"pt-BR\",\"@id\":\"https:\\\/\\\/news.ecclesia.org.br\\\/#\\\/schema\\\/logo\\\/image\\\/\",\"url\":\"https:\\\/\\\/news.ecclesia.org.br\\\/wp-content\\\/uploads\\\/2025\\\/05\\\/ecclesia2.png\",\"contentUrl\":\"https:\\\/\\\/news.ecclesia.org.br\\\/wp-content\\\/uploads\\\/2025\\\/05\\\/ecclesia2.png\",\"width\":480,\"height\":120,\"caption\":\"Sacra Arquidiocese de Buenos Aires e Am\u00e9rica do Sul | Patriarcado Ecum\u00eanico\"},\"image\":{\"@id\":\"https:\\\/\\\/news.ecclesia.org.br\\\/#\\\/schema\\\/logo\\\/image\\\/\"},\"sameAs\":[\"https:\\\/\\\/www.facebook.com\\\/Ecclesia2025\",\"https:\\\/\\\/x.com\\\/EcclesiaNews\",\"https:\\\/\\\/br.pinterest.com\\\/ekklisia\\\/\",\"https:\\\/\\\/www.youtube.com\\\/@EcclesiaBrasil\"]},{\"@type\":\"Person\",\"@id\":\"https:\\\/\\\/news.ecclesia.org.br\\\/#\\\/schema\\\/person\\\/6f09597f025829745ba414a569f63758\",\"name\":\"Pe. Andr\u00e9\",\"image\":{\"@type\":\"ImageObject\",\"inLanguage\":\"pt-BR\",\"@id\":\"https:\\\/\\\/secure.gravatar.com\\\/avatar\\\/b4327cfa27e9799da239a26adcd534fc29cdc0c4a4a148eecbcfeb9b42c617ac?s=96&d=mm&r=g\",\"url\":\"https:\\\/\\\/secure.gravatar.com\\\/avatar\\\/b4327cfa27e9799da239a26adcd534fc29cdc0c4a4a148eecbcfeb9b42c617ac?s=96&d=mm&r=g\",\"contentUrl\":\"https:\\\/\\\/secure.gravatar.com\\\/avatar\\\/b4327cfa27e9799da239a26adcd534fc29cdc0c4a4a148eecbcfeb9b42c617ac?s=96&d=mm&r=g\",\"caption\":\"Pe. Andr\u00e9\"},\"sameAs\":[\"https:\\\/\\\/www.ecclesia.org.br\"]}]}<\/script>\n<!-- \/ Yoast SEO plugin. -->","yoast_head_json":{"title":"Patriarca Bartolomeu chama seus compatriotas de volta \u00e0 Turquia | ECCLESIA NEWS","robots":{"index":"index","follow":"follow","max-snippet":"max-snippet:-1","max-image-preview":"max-image-preview:large","max-video-preview":"max-video-preview:-1"},"canonical":"https:\/\/news.ecclesia.org.br\/?p=26898","og_locale":"pt_BR","og_type":"article","og_title":"Patriarca Bartolomeu chama seus compatriotas de volta \u00e0 Turquia | ECCLESIA NEWS","og_description":"S. Santidade Bartolomeu I, Patriarca Ecum\u00eanico, chama os descendentes de ortodoxos gregos expulsos da Turquia na d\u00e9cada de 1920 para retornar \u00e0 sua antiga p\u00e1tria. \u00abVolte para casa, para o lugar dos seus antepassados. Muitos j\u00e1 o fizeram&#8221;, disse o&#8230;","og_url":"https:\/\/news.ecclesia.org.br\/?p=26898","og_site_name":"ECCLESIA NEWS","article_publisher":"https:\/\/www.facebook.com\/Ecclesia2025","article_published_time":"2019-08-23T14:30:56+00:00","article_modified_time":"2021-07-30T18:56:40+00:00","og_image":[{"url":"https:\/\/news.ecclesia.org.br\/wp-content\/uploads\/2019\/08\/patriarca-bartolomeu-1-300x184.jpg","type":"","width":"","height":""}],"author":"Pe. Andr\u00e9","twitter_card":"summary_large_image","twitter_creator":"@EcclesiaNews","twitter_site":"@EcclesiaNews","twitter_misc":{"Escrito por":"Pe. Andr\u00e9","Est. tempo de leitura":"2 minutos"},"schema":{"@context":"https:\/\/schema.org","@graph":[{"@type":"Article","@id":"https:\/\/news.ecclesia.org.br\/?p=26898#article","isPartOf":{"@id":"https:\/\/news.ecclesia.org.br\/?p=26898"},"author":{"name":"Pe. Andr\u00e9","@id":"https:\/\/news.ecclesia.org.br\/#\/schema\/person\/6f09597f025829745ba414a569f63758"},"headline":"Patriarca Bartolomeu chama seus compatriotas de volta \u00e0 Turquia","datePublished":"2019-08-23T14:30:56+00:00","dateModified":"2021-07-30T18:56:40+00:00","mainEntityOfPage":{"@id":"https:\/\/news.ecclesia.org.br\/?p=26898"},"wordCount":324,"commentCount":0,"publisher":{"@id":"https:\/\/news.ecclesia.org.br\/#organization"},"image":{"@id":"https:\/\/news.ecclesia.org.br\/?p=26898#primaryimage"},"thumbnailUrl":"https:\/\/news.ecclesia.org.br\/wp-content\/uploads\/2019\/08\/patriarca-bartolomeu-1-300x184.jpg","articleSection":["NEWS","Patriarcado Ecum\u00eanico"],"inLanguage":"pt-BR","potentialAction":[{"@type":"CommentAction","name":"Comment","target":["https:\/\/news.ecclesia.org.br\/?p=26898#respond"]}]},{"@type":"WebPage","@id":"https:\/\/news.ecclesia.org.br\/?p=26898","url":"https:\/\/news.ecclesia.org.br\/?p=26898","name":"Patriarca Bartolomeu chama seus compatriotas de volta \u00e0 Turquia | ECCLESIA NEWS","isPartOf":{"@id":"https:\/\/news.ecclesia.org.br\/#website"},"primaryImageOfPage":{"@id":"https:\/\/news.ecclesia.org.br\/?p=26898#primaryimage"},"image":{"@id":"https:\/\/news.ecclesia.org.br\/?p=26898#primaryimage"},"thumbnailUrl":"https:\/\/news.ecclesia.org.br\/wp-content\/uploads\/2019\/08\/patriarca-bartolomeu-1-300x184.jpg","datePublished":"2019-08-23T14:30:56+00:00","dateModified":"2021-07-30T18:56:40+00:00","breadcrumb":{"@id":"https:\/\/news.ecclesia.org.br\/?p=26898#breadcrumb"},"inLanguage":"pt-BR","potentialAction":[{"@type":"ReadAction","target":["https:\/\/news.ecclesia.org.br\/?p=26898"]}]},{"@type":"ImageObject","inLanguage":"pt-BR","@id":"https:\/\/news.ecclesia.org.br\/?p=26898#primaryimage","url":"https:\/\/news.ecclesia.org.br\/wp-content\/uploads\/2019\/08\/patriarca-bartolomeu-1.jpg","contentUrl":"https:\/\/news.ecclesia.org.br\/wp-content\/uploads\/2019\/08\/patriarca-bartolomeu-1.jpg","width":630,"height":387,"caption":"Patriarca Bartolomeu chama ortodoxos da Turquia \u00abde volta para casa\u00bb"},{"@type":"BreadcrumbList","@id":"https:\/\/news.ecclesia.org.br\/?p=26898#breadcrumb","itemListElement":[{"@type":"ListItem","position":1,"name":"In\u00edcio","item":"https:\/\/news.ecclesia.org.br\/"},{"@type":"ListItem","position":2,"name":"Patriarca Bartolomeu chama seus compatriotas de volta \u00e0 Turquia"}]},{"@type":"WebSite","@id":"https:\/\/news.ecclesia.org.br\/#website","url":"https:\/\/news.ecclesia.org.br\/","name":"Ecclesia Brasil","description":"Desde 2003 onectando o Brasil ao mundo ortodoxo!","publisher":{"@id":"https:\/\/news.ecclesia.org.br\/#organization"},"alternateName":"Ecclesia","potentialAction":[{"@type":"SearchAction","target":{"@type":"EntryPoint","urlTemplate":"https:\/\/news.ecclesia.org.br\/?s={search_term_string}"},"query-input":{"@type":"PropertyValueSpecification","valueRequired":true,"valueName":"search_term_string"}}],"inLanguage":"pt-BR"},{"@type":"Organization","@id":"https:\/\/news.ecclesia.org.br\/#organization","name":"Sacra Arquidiocese de Buenos Aires e Am\u00e9rica do Sul | Patriarcado Ecum\u00eanico","alternateName":"News Ecclesia Brasil","url":"https:\/\/news.ecclesia.org.br\/","logo":{"@type":"ImageObject","inLanguage":"pt-BR","@id":"https:\/\/news.ecclesia.org.br\/#\/schema\/logo\/image\/","url":"https:\/\/news.ecclesia.org.br\/wp-content\/uploads\/2025\/05\/ecclesia2.png","contentUrl":"https:\/\/news.ecclesia.org.br\/wp-content\/uploads\/2025\/05\/ecclesia2.png","width":480,"height":120,"caption":"Sacra Arquidiocese de Buenos Aires e Am\u00e9rica do Sul | Patriarcado Ecum\u00eanico"},"image":{"@id":"https:\/\/news.ecclesia.org.br\/#\/schema\/logo\/image\/"},"sameAs":["https:\/\/www.facebook.com\/Ecclesia2025","https:\/\/x.com\/EcclesiaNews","https:\/\/br.pinterest.com\/ekklisia\/","https:\/\/www.youtube.com\/@EcclesiaBrasil"]},{"@type":"Person","@id":"https:\/\/news.ecclesia.org.br\/#\/schema\/person\/6f09597f025829745ba414a569f63758","name":"Pe. Andr\u00e9","image":{"@type":"ImageObject","inLanguage":"pt-BR","@id":"https:\/\/secure.gravatar.com\/avatar\/b4327cfa27e9799da239a26adcd534fc29cdc0c4a4a148eecbcfeb9b42c617ac?s=96&d=mm&r=g","url":"https:\/\/secure.gravatar.com\/avatar\/b4327cfa27e9799da239a26adcd534fc29cdc0c4a4a148eecbcfeb9b42c617ac?s=96&d=mm&r=g","contentUrl":"https:\/\/secure.gravatar.com\/avatar\/b4327cfa27e9799da239a26adcd534fc29cdc0c4a4a148eecbcfeb9b42c617ac?s=96&d=mm&r=g","caption":"Pe. Andr\u00e9"},"sameAs":["https:\/\/www.ecclesia.org.br"]}]}},"_links":{"self":[{"href":"https:\/\/news.ecclesia.org.br\/index.php?rest_route=\/wp\/v2\/posts\/26898","targetHints":{"allow":["GET"]}}],"collection":[{"href":"https:\/\/news.ecclesia.org.br\/index.php?rest_route=\/wp\/v2\/posts"}],"about":[{"href":"https:\/\/news.ecclesia.org.br\/index.php?rest_route=\/wp\/v2\/types\/post"}],"author":[{"embeddable":true,"href":"https:\/\/news.ecclesia.org.br\/index.php?rest_route=\/wp\/v2\/users\/1"}],"replies":[{"embeddable":true,"href":"https:\/\/news.ecclesia.org.br\/index.php?rest_route=%2Fwp%2Fv2%2Fcomments&post=26898"}],"version-history":[{"count":1,"href":"https:\/\/news.ecclesia.org.br\/index.php?rest_route=\/wp\/v2\/posts\/26898\/revisions"}],"predecessor-version":[{"id":38588,"href":"https:\/\/news.ecclesia.org.br\/index.php?rest_route=\/wp\/v2\/posts\/26898\/revisions\/38588"}],"wp:attachment":[{"href":"https:\/\/news.ecclesia.org.br\/index.php?rest_route=%2Fwp%2Fv2%2Fmedia&parent=26898"}],"wp:term":[{"taxonomy":"category","embeddable":true,"href":"https:\/\/news.ecclesia.org.br\/index.php?rest_route=%2Fwp%2Fv2%2Fcategories&post=26898"},{"taxonomy":"post_tag","embeddable":true,"href":"https:\/\/news.ecclesia.org.br\/index.php?rest_route=%2Fwp%2Fv2%2Ftags&post=26898"}],"curies":[{"name":"wp","href":"https:\/\/api.w.org\/{rel}","templated":true}]}}