{"id":26892,"date":"1998-08-06T18:27:39","date_gmt":"1998-08-06T18:27:39","guid":{"rendered":"https:\/\/news.ecclesia.org.br\/?p=26892"},"modified":"2021-07-18T21:54:31","modified_gmt":"2021-07-19T00:54:31","slug":"mensagem-por-ocasiao-da-festa-da-dormicao-de-nossa-senhora-de-nosso-metropolita-gennadios","status":"publish","type":"post","link":"https:\/\/news.ecclesia.org.br\/?p=26892","title":{"rendered":"Mensagem por ocasi\u00e3o da Festa da Dormi\u00e7\u00e3o de Nossa Senhora, de nosso Metropolita Gennadios"},"content":{"rendered":"<p style=\"text-align: right;\">Protocolo no. 35<\/p>\n<p style=\"text-align: left;\">6 de agosto de 1998<\/p>\n<blockquote><p>Reverend\u00edssimos Vig\u00e1rios e honor\u00e1veis Conselhos Administrativos das Igrejas e Comunidades Gregas Ortodoxas, das Ligas Filantr\u00f3picas, dos Institutos Educativos, das Juventudes e Organiza\u00e7\u00f5es da Metropolia.<\/p>\n<p>Queridos Filhos e Irm\u00e3os em Cristo:<\/p>\n<p style=\"text-align: justify;\">A gra\u00e7a e o amor de Deus nos faz dignos festejar novamente a Gr\u00e3 festa da Dormi\u00e7\u00e3o de Nossa Senhora, e com hinos e s\u00faplicas pedir o amor materno, a intermedia\u00e7\u00e3o e a prote\u00e7\u00e3o da Pur\u00edssima M\u00e3e de Deus e Nosso Salvador.<\/p>\n<p style=\"text-align: justify;\">O motivo da festa, e seguindo os Santos Padres da Igreja e especialmente S\u00e3o Jo\u00e3o Damasceno, tentaremos descrever brevemente o significado da hinologia eclesi\u00e1stica e as mensagens da Dormi\u00e7\u00e3o e Assun\u00e7\u00e3o de Nossa Senhora.<\/p>\n<p style=\"text-align: justify;\">Nossa Senhora, depois de muita ora\u00e7\u00e3o e prepara\u00e7\u00e3o dormiu e foi sepultada pelos Santos Ap\u00f3stolos que reuniram-se dos confins do mundo na aldeia de Getsemani. Dentro do t\u00famulo Ela mudou de veste. E a mudan\u00e7a que o Ap\u00f3stolo Paulo falou, &#8220;Com efeito, \u00e9 necess\u00e1rio que este ser corrupt\u00edvel revista a incorruptibilidade e que este ser mortal revista. a imortalidade&#8221;. (I Cor\u00edntios 1, 53). Esta mudan\u00e7a ocorrera a todos os crist\u00e3os no dia da ressurrei\u00e7\u00e3o comum. Em Nossa Senhora esta mudan\u00e7a foi realizada durante os tr\u00eas dias que permaneceu no t\u00famulo. Ela tirou a veste da corruptibilidade que tem cada ser humano, ou seja o corpo humano e se revestiu das vestes da incorruptibilidade.<\/p>\n<p style=\"text-align: justify;\">Mas, por que n\u00e3o permaneceu o corpo humano de Nossa Senhora at\u00e9 a ressurrei\u00e7\u00e3o comum como acontece com todos os seres humanos?<\/p>\n<p style=\"text-align: justify;\">Mas, por que perguntamos s\u00f3 sobre este caso e n\u00e3o perguntamos tamb\u00e9m como Ela dando a luz a Cristo sem a uni\u00e3o com o homem permaneceu virgem?<\/p>\n<p style=\"text-align: justify;\">Em nestas duas perguntas, e noutras mais, o pensamento humano n\u00e3o pode dar respostas, porque trata-se de mist\u00e9rios. E os mist\u00e9rios acontecem s\u00f3 quando se ultrapassa as leis naturais. &#8220;Foram vencidas as leis da natureza em Ti, \u00f3 Virgem Imaculada, destes a luz e permanecestes virgem, tua morte anuncia a vida, Tu que permaneceste virgem depois de dar a luz, e depois de sua morte, permaneceste viva&#8221;. Canta o compositor da Igreja.<\/p>\n<p style=\"text-align: justify;\">M\u00e3s poder\u00edamos propor outra pergunta: Era necess\u00e1rio que Nossa Senhora conhecesse a morte? N\u00e3o poderia Cristo leva-la\u00a0 consigo, sem ser sepultada? Nossa Senhora tinha sua origem em Ad\u00e3o e Eva, e tinha que pagar o imposto da desobedi\u00eancia, como todos os homens. Este imposto \u00e9 a morte, mas como era ao mesmo tempo a M\u00e3e de Deus Vivo, se lhe deu em seguida a vida incorrupt\u00edvel. Os corpos dos homens se consumem ap\u00f3s a morte. S\u00f3 o Corpo de Cristo Deus e Homem e da M\u00e3e de Deus Maria, n\u00e3o foram corrompidos, porque o Cristo era por natureza sem pecado, e a M\u00e3e de Deus era por gra\u00e7a sem pecado.<\/p>\n<p style=\"text-align: justify;\">A antiga Eva, foi encolhida pela morte, porque obedeceu ao diabo. A nova Eva, Nossa Senhora, n\u00e3o foi corrompida pela morte porque obedeceu nas palavras do Anjo, que lhe transmitiu a bondade do Pai. A festa da Dormi\u00e7\u00e3o de Nossa Senhora, nos traz duas mensagens:<\/p>\n<p style=\"text-align: justify;\">A Primeira mensagem nos diz:<\/p>\n<p style=\"text-align: justify;\">Diante de n\u00f3s existe a morte, mas n\u00e3o temos que ter medo. O Cristo anulou a morte tornando-a em dormi\u00e7\u00e3o, n\u00e3o choram para os mortos que viveram em Cristo, est\u00e3o dormindo corporalmente, mas espiritualmente vivem nos c\u00e9us e entre n\u00f3s.<\/p>\n<p style=\"text-align: justify;\">A Segunda mensagem nos diz:<\/p>\n<p style=\"text-align: justify;\">Que Nossa Senhora, esta perto de Deus, \u00e9 a nossa Intercessora, escuta nossas ora\u00e7\u00f5es e s\u00faplicas e intercede por n\u00f3s, esta perto de n\u00f3s como M\u00e3e adotiva, mas perto tamb\u00e9m de Cristo como M\u00e3e leg\u00edtima de Deus.<\/p>\n<p style=\"text-align: justify;\">Vamos rezar hoje, queridos, e dirigir uma ora\u00e7\u00e3o fervorosa a Ela: Nossa Doce Senhora, interceda pela paz do mundo, pela igreja, pela nossa P\u00e1tria, pelas nossas fam\u00edlias e pelos nossos filhos, e roga a Deus e seu Filho para que nos proteja de cada perigo, de enfermidades, fome, terremotos, inc\u00eandios, inunda\u00e7\u00f5es e guerras.<\/p>\n<p style=\"text-align: justify;\">Com votos Paternos e amor em Cristo,<\/p>\n<p style=\"text-align: justify;\">\u2720 Genn\u00e1dios<br \/>\nMetropolita de Buenos Aires<\/p>\n<\/blockquote>\n","protected":false},"excerpt":{"rendered":"<p>Protocolo no. 35 6 de agosto de 1998 Reverend\u00edssimos Vig\u00e1rios e honor\u00e1veis Conselhos Administrativos das Igrejas e Comunidades Gregas Ortodoxas, das Ligas Filantr\u00f3picas, dos Institutos Educativos, das Juventudes e Organiza\u00e7\u00f5es da Metropolia. Queridos Filhos e Irm\u00e3os em Cristo: A gra\u00e7a&#8230;<\/p>\n","protected":false},"author":1,"featured_media":0,"comment_status":"open","ping_status":"open","sticky":false,"template":"","format":"standard","meta":{"_acf_changed":false,"footnotes":""},"categories":[1],"tags":[],"class_list":["post-26892","post","type-post","status-publish","format-standard","hentry","category-news","entry","rows-excerpt"],"acf":[],"yoast_head":"<!-- This site is optimized with the Yoast SEO plugin v27.5 - https:\/\/yoast.com\/product\/yoast-seo-wordpress\/ -->\n<title>Mensagem por ocasi\u00e3o da Festa da Dormi\u00e7\u00e3o de Nossa Senhora, de nosso Metropolita Gennadios | ECCLESIA NEWS<\/title>\n<meta name=\"robots\" content=\"index, follow, max-snippet:-1, max-image-preview:large, max-video-preview:-1\" \/>\n<link rel=\"canonical\" href=\"https:\/\/news.ecclesia.org.br\/?p=26892\" \/>\n<meta property=\"og:locale\" content=\"pt_BR\" \/>\n<meta property=\"og:type\" content=\"article\" \/>\n<meta property=\"og:title\" content=\"Mensagem por ocasi\u00e3o da Festa da Dormi\u00e7\u00e3o de Nossa Senhora, de nosso Metropolita Gennadios | ECCLESIA NEWS\" \/>\n<meta property=\"og:description\" content=\"Protocolo no. 35 6 de agosto de 1998 Reverend\u00edssimos Vig\u00e1rios e honor\u00e1veis Conselhos Administrativos das Igrejas e Comunidades Gregas Ortodoxas, das Ligas Filantr\u00f3picas, dos Institutos Educativos, das Juventudes e Organiza\u00e7\u00f5es da Metropolia. Queridos Filhos e Irm\u00e3os em Cristo: A gra\u00e7a&#8230;\" \/>\n<meta property=\"og:url\" content=\"https:\/\/news.ecclesia.org.br\/?p=26892\" \/>\n<meta property=\"og:site_name\" content=\"ECCLESIA NEWS\" \/>\n<meta property=\"article:publisher\" content=\"https:\/\/www.facebook.com\/Ecclesia2025\" \/>\n<meta property=\"article:published_time\" content=\"1998-08-06T18:27:39+00:00\" \/>\n<meta property=\"article:modified_time\" content=\"2021-07-19T00:54:31+00:00\" \/>\n<meta property=\"og:image\" content=\"https:\/\/news.ecclesia.org.br\/wp-content\/uploads\/2025\/05\/ecclesia2.png\" \/>\n\t<meta property=\"og:image:width\" content=\"480\" \/>\n\t<meta property=\"og:image:height\" content=\"120\" \/>\n\t<meta property=\"og:image:type\" content=\"image\/png\" \/>\n<meta name=\"author\" content=\"Pe. Andr\u00e9\" \/>\n<meta name=\"twitter:card\" content=\"summary_large_image\" \/>\n<meta name=\"twitter:creator\" content=\"@EcclesiaNews\" \/>\n<meta name=\"twitter:site\" content=\"@EcclesiaNews\" \/>\n<meta name=\"twitter:label1\" content=\"Escrito por\" \/>\n\t<meta name=\"twitter:data1\" content=\"Pe. Andr\u00e9\" \/>\n\t<meta name=\"twitter:label2\" content=\"Est. tempo de leitura\" \/>\n\t<meta name=\"twitter:data2\" content=\"4 minutos\" \/>\n<script type=\"application\/ld+json\" class=\"yoast-schema-graph\">{\"@context\":\"https:\\\/\\\/schema.org\",\"@graph\":[{\"@type\":\"Article\",\"@id\":\"https:\\\/\\\/news.ecclesia.org.br\\\/?p=26892#article\",\"isPartOf\":{\"@id\":\"https:\\\/\\\/news.ecclesia.org.br\\\/?p=26892\"},\"author\":{\"name\":\"Pe. Andr\u00e9\",\"@id\":\"https:\\\/\\\/news.ecclesia.org.br\\\/#\\\/schema\\\/person\\\/6f09597f025829745ba414a569f63758\"},\"headline\":\"Mensagem por ocasi\u00e3o da Festa da Dormi\u00e7\u00e3o de Nossa Senhora, de nosso Metropolita Gennadios\",\"datePublished\":\"1998-08-06T18:27:39+00:00\",\"dateModified\":\"2021-07-19T00:54:31+00:00\",\"mainEntityOfPage\":{\"@id\":\"https:\\\/\\\/news.ecclesia.org.br\\\/?p=26892\"},\"wordCount\":739,\"commentCount\":0,\"publisher\":{\"@id\":\"https:\\\/\\\/news.ecclesia.org.br\\\/#organization\"},\"articleSection\":[\"NEWS\"],\"inLanguage\":\"pt-BR\",\"potentialAction\":[{\"@type\":\"CommentAction\",\"name\":\"Comment\",\"target\":[\"https:\\\/\\\/news.ecclesia.org.br\\\/?p=26892#respond\"]}]},{\"@type\":\"WebPage\",\"@id\":\"https:\\\/\\\/news.ecclesia.org.br\\\/?p=26892\",\"url\":\"https:\\\/\\\/news.ecclesia.org.br\\\/?p=26892\",\"name\":\"Mensagem por ocasi\u00e3o da Festa da Dormi\u00e7\u00e3o de Nossa Senhora, de nosso Metropolita Gennadios | ECCLESIA NEWS\",\"isPartOf\":{\"@id\":\"https:\\\/\\\/news.ecclesia.org.br\\\/#website\"},\"datePublished\":\"1998-08-06T18:27:39+00:00\",\"dateModified\":\"2021-07-19T00:54:31+00:00\",\"breadcrumb\":{\"@id\":\"https:\\\/\\\/news.ecclesia.org.br\\\/?p=26892#breadcrumb\"},\"inLanguage\":\"pt-BR\",\"potentialAction\":[{\"@type\":\"ReadAction\",\"target\":[\"https:\\\/\\\/news.ecclesia.org.br\\\/?p=26892\"]}]},{\"@type\":\"BreadcrumbList\",\"@id\":\"https:\\\/\\\/news.ecclesia.org.br\\\/?p=26892#breadcrumb\",\"itemListElement\":[{\"@type\":\"ListItem\",\"position\":1,\"name\":\"In\u00edcio\",\"item\":\"https:\\\/\\\/news.ecclesia.org.br\\\/\"},{\"@type\":\"ListItem\",\"position\":2,\"name\":\"Mensagem por ocasi\u00e3o da Festa da Dormi\u00e7\u00e3o de Nossa Senhora, de nosso Metropolita Gennadios\"}]},{\"@type\":\"WebSite\",\"@id\":\"https:\\\/\\\/news.ecclesia.org.br\\\/#website\",\"url\":\"https:\\\/\\\/news.ecclesia.org.br\\\/\",\"name\":\"Ecclesia Brasil\",\"description\":\"Desde 2003 onectando o Brasil ao mundo ortodoxo!\",\"publisher\":{\"@id\":\"https:\\\/\\\/news.ecclesia.org.br\\\/#organization\"},\"alternateName\":\"Ecclesia\",\"potentialAction\":[{\"@type\":\"SearchAction\",\"target\":{\"@type\":\"EntryPoint\",\"urlTemplate\":\"https:\\\/\\\/news.ecclesia.org.br\\\/?s={search_term_string}\"},\"query-input\":{\"@type\":\"PropertyValueSpecification\",\"valueRequired\":true,\"valueName\":\"search_term_string\"}}],\"inLanguage\":\"pt-BR\"},{\"@type\":\"Organization\",\"@id\":\"https:\\\/\\\/news.ecclesia.org.br\\\/#organization\",\"name\":\"Sacra Arquidiocese de Buenos Aires e Am\u00e9rica do Sul | Patriarcado Ecum\u00eanico\",\"alternateName\":\"News Ecclesia Brasil\",\"url\":\"https:\\\/\\\/news.ecclesia.org.br\\\/\",\"logo\":{\"@type\":\"ImageObject\",\"inLanguage\":\"pt-BR\",\"@id\":\"https:\\\/\\\/news.ecclesia.org.br\\\/#\\\/schema\\\/logo\\\/image\\\/\",\"url\":\"https:\\\/\\\/news.ecclesia.org.br\\\/wp-content\\\/uploads\\\/2025\\\/05\\\/ecclesia2.png\",\"contentUrl\":\"https:\\\/\\\/news.ecclesia.org.br\\\/wp-content\\\/uploads\\\/2025\\\/05\\\/ecclesia2.png\",\"width\":480,\"height\":120,\"caption\":\"Sacra Arquidiocese de Buenos Aires e Am\u00e9rica do Sul | Patriarcado Ecum\u00eanico\"},\"image\":{\"@id\":\"https:\\\/\\\/news.ecclesia.org.br\\\/#\\\/schema\\\/logo\\\/image\\\/\"},\"sameAs\":[\"https:\\\/\\\/www.facebook.com\\\/Ecclesia2025\",\"https:\\\/\\\/x.com\\\/EcclesiaNews\",\"https:\\\/\\\/br.pinterest.com\\\/ekklisia\\\/\",\"https:\\\/\\\/www.youtube.com\\\/@EcclesiaBrasil\"]},{\"@type\":\"Person\",\"@id\":\"https:\\\/\\\/news.ecclesia.org.br\\\/#\\\/schema\\\/person\\\/6f09597f025829745ba414a569f63758\",\"name\":\"Pe. Andr\u00e9\",\"image\":{\"@type\":\"ImageObject\",\"inLanguage\":\"pt-BR\",\"@id\":\"https:\\\/\\\/secure.gravatar.com\\\/avatar\\\/b4327cfa27e9799da239a26adcd534fc29cdc0c4a4a148eecbcfeb9b42c617ac?s=96&d=mm&r=g\",\"url\":\"https:\\\/\\\/secure.gravatar.com\\\/avatar\\\/b4327cfa27e9799da239a26adcd534fc29cdc0c4a4a148eecbcfeb9b42c617ac?s=96&d=mm&r=g\",\"contentUrl\":\"https:\\\/\\\/secure.gravatar.com\\\/avatar\\\/b4327cfa27e9799da239a26adcd534fc29cdc0c4a4a148eecbcfeb9b42c617ac?s=96&d=mm&r=g\",\"caption\":\"Pe. Andr\u00e9\"},\"sameAs\":[\"https:\\\/\\\/www.ecclesia.org.br\"]}]}<\/script>\n<!-- \/ Yoast SEO plugin. -->","yoast_head_json":{"title":"Mensagem por ocasi\u00e3o da Festa da Dormi\u00e7\u00e3o de Nossa Senhora, de nosso Metropolita Gennadios | ECCLESIA NEWS","robots":{"index":"index","follow":"follow","max-snippet":"max-snippet:-1","max-image-preview":"max-image-preview:large","max-video-preview":"max-video-preview:-1"},"canonical":"https:\/\/news.ecclesia.org.br\/?p=26892","og_locale":"pt_BR","og_type":"article","og_title":"Mensagem por ocasi\u00e3o da Festa da Dormi\u00e7\u00e3o de Nossa Senhora, de nosso Metropolita Gennadios | ECCLESIA NEWS","og_description":"Protocolo no. 35 6 de agosto de 1998 Reverend\u00edssimos Vig\u00e1rios e honor\u00e1veis Conselhos Administrativos das Igrejas e Comunidades Gregas Ortodoxas, das Ligas Filantr\u00f3picas, dos Institutos Educativos, das Juventudes e Organiza\u00e7\u00f5es da Metropolia. Queridos Filhos e Irm\u00e3os em Cristo: A gra\u00e7a&#8230;","og_url":"https:\/\/news.ecclesia.org.br\/?p=26892","og_site_name":"ECCLESIA NEWS","article_publisher":"https:\/\/www.facebook.com\/Ecclesia2025","article_published_time":"1998-08-06T18:27:39+00:00","article_modified_time":"2021-07-19T00:54:31+00:00","og_image":[{"width":480,"height":120,"url":"https:\/\/news.ecclesia.org.br\/wp-content\/uploads\/2025\/05\/ecclesia2.png","type":"image\/png"}],"author":"Pe. Andr\u00e9","twitter_card":"summary_large_image","twitter_creator":"@EcclesiaNews","twitter_site":"@EcclesiaNews","twitter_misc":{"Escrito por":"Pe. Andr\u00e9","Est. tempo de leitura":"4 minutos"},"schema":{"@context":"https:\/\/schema.org","@graph":[{"@type":"Article","@id":"https:\/\/news.ecclesia.org.br\/?p=26892#article","isPartOf":{"@id":"https:\/\/news.ecclesia.org.br\/?p=26892"},"author":{"name":"Pe. Andr\u00e9","@id":"https:\/\/news.ecclesia.org.br\/#\/schema\/person\/6f09597f025829745ba414a569f63758"},"headline":"Mensagem por ocasi\u00e3o da Festa da Dormi\u00e7\u00e3o de Nossa Senhora, de nosso Metropolita Gennadios","datePublished":"1998-08-06T18:27:39+00:00","dateModified":"2021-07-19T00:54:31+00:00","mainEntityOfPage":{"@id":"https:\/\/news.ecclesia.org.br\/?p=26892"},"wordCount":739,"commentCount":0,"publisher":{"@id":"https:\/\/news.ecclesia.org.br\/#organization"},"articleSection":["NEWS"],"inLanguage":"pt-BR","potentialAction":[{"@type":"CommentAction","name":"Comment","target":["https:\/\/news.ecclesia.org.br\/?p=26892#respond"]}]},{"@type":"WebPage","@id":"https:\/\/news.ecclesia.org.br\/?p=26892","url":"https:\/\/news.ecclesia.org.br\/?p=26892","name":"Mensagem por ocasi\u00e3o da Festa da Dormi\u00e7\u00e3o de Nossa Senhora, de nosso Metropolita Gennadios | ECCLESIA NEWS","isPartOf":{"@id":"https:\/\/news.ecclesia.org.br\/#website"},"datePublished":"1998-08-06T18:27:39+00:00","dateModified":"2021-07-19T00:54:31+00:00","breadcrumb":{"@id":"https:\/\/news.ecclesia.org.br\/?p=26892#breadcrumb"},"inLanguage":"pt-BR","potentialAction":[{"@type":"ReadAction","target":["https:\/\/news.ecclesia.org.br\/?p=26892"]}]},{"@type":"BreadcrumbList","@id":"https:\/\/news.ecclesia.org.br\/?p=26892#breadcrumb","itemListElement":[{"@type":"ListItem","position":1,"name":"In\u00edcio","item":"https:\/\/news.ecclesia.org.br\/"},{"@type":"ListItem","position":2,"name":"Mensagem por ocasi\u00e3o da Festa da Dormi\u00e7\u00e3o de Nossa Senhora, de nosso Metropolita Gennadios"}]},{"@type":"WebSite","@id":"https:\/\/news.ecclesia.org.br\/#website","url":"https:\/\/news.ecclesia.org.br\/","name":"Ecclesia Brasil","description":"Desde 2003 onectando o Brasil ao mundo ortodoxo!","publisher":{"@id":"https:\/\/news.ecclesia.org.br\/#organization"},"alternateName":"Ecclesia","potentialAction":[{"@type":"SearchAction","target":{"@type":"EntryPoint","urlTemplate":"https:\/\/news.ecclesia.org.br\/?s={search_term_string}"},"query-input":{"@type":"PropertyValueSpecification","valueRequired":true,"valueName":"search_term_string"}}],"inLanguage":"pt-BR"},{"@type":"Organization","@id":"https:\/\/news.ecclesia.org.br\/#organization","name":"Sacra Arquidiocese de Buenos Aires e Am\u00e9rica do Sul | Patriarcado Ecum\u00eanico","alternateName":"News Ecclesia Brasil","url":"https:\/\/news.ecclesia.org.br\/","logo":{"@type":"ImageObject","inLanguage":"pt-BR","@id":"https:\/\/news.ecclesia.org.br\/#\/schema\/logo\/image\/","url":"https:\/\/news.ecclesia.org.br\/wp-content\/uploads\/2025\/05\/ecclesia2.png","contentUrl":"https:\/\/news.ecclesia.org.br\/wp-content\/uploads\/2025\/05\/ecclesia2.png","width":480,"height":120,"caption":"Sacra Arquidiocese de Buenos Aires e Am\u00e9rica do Sul | Patriarcado Ecum\u00eanico"},"image":{"@id":"https:\/\/news.ecclesia.org.br\/#\/schema\/logo\/image\/"},"sameAs":["https:\/\/www.facebook.com\/Ecclesia2025","https:\/\/x.com\/EcclesiaNews","https:\/\/br.pinterest.com\/ekklisia\/","https:\/\/www.youtube.com\/@EcclesiaBrasil"]},{"@type":"Person","@id":"https:\/\/news.ecclesia.org.br\/#\/schema\/person\/6f09597f025829745ba414a569f63758","name":"Pe. Andr\u00e9","image":{"@type":"ImageObject","inLanguage":"pt-BR","@id":"https:\/\/secure.gravatar.com\/avatar\/b4327cfa27e9799da239a26adcd534fc29cdc0c4a4a148eecbcfeb9b42c617ac?s=96&d=mm&r=g","url":"https:\/\/secure.gravatar.com\/avatar\/b4327cfa27e9799da239a26adcd534fc29cdc0c4a4a148eecbcfeb9b42c617ac?s=96&d=mm&r=g","contentUrl":"https:\/\/secure.gravatar.com\/avatar\/b4327cfa27e9799da239a26adcd534fc29cdc0c4a4a148eecbcfeb9b42c617ac?s=96&d=mm&r=g","caption":"Pe. Andr\u00e9"},"sameAs":["https:\/\/www.ecclesia.org.br"]}]}},"_links":{"self":[{"href":"https:\/\/news.ecclesia.org.br\/index.php?rest_route=\/wp\/v2\/posts\/26892","targetHints":{"allow":["GET"]}}],"collection":[{"href":"https:\/\/news.ecclesia.org.br\/index.php?rest_route=\/wp\/v2\/posts"}],"about":[{"href":"https:\/\/news.ecclesia.org.br\/index.php?rest_route=\/wp\/v2\/types\/post"}],"author":[{"embeddable":true,"href":"https:\/\/news.ecclesia.org.br\/index.php?rest_route=\/wp\/v2\/users\/1"}],"replies":[{"embeddable":true,"href":"https:\/\/news.ecclesia.org.br\/index.php?rest_route=%2Fwp%2Fv2%2Fcomments&post=26892"}],"version-history":[{"count":1,"href":"https:\/\/news.ecclesia.org.br\/index.php?rest_route=\/wp\/v2\/posts\/26892\/revisions"}],"predecessor-version":[{"id":37472,"href":"https:\/\/news.ecclesia.org.br\/index.php?rest_route=\/wp\/v2\/posts\/26892\/revisions\/37472"}],"wp:attachment":[{"href":"https:\/\/news.ecclesia.org.br\/index.php?rest_route=%2Fwp%2Fv2%2Fmedia&parent=26892"}],"wp:term":[{"taxonomy":"category","embeddable":true,"href":"https:\/\/news.ecclesia.org.br\/index.php?rest_route=%2Fwp%2Fv2%2Fcategories&post=26892"},{"taxonomy":"post_tag","embeddable":true,"href":"https:\/\/news.ecclesia.org.br\/index.php?rest_route=%2Fwp%2Fv2%2Ftags&post=26892"}],"curies":[{"name":"wp","href":"https:\/\/api.w.org\/{rel}","templated":true}]}}